{"id":56816,"date":"2026-08-26T11:58:02","date_gmt":"2026-08-26T08:58:02","guid":{"rendered":"https:\/\/perfectvenue.es\/?p=56816"},"modified":"2026-07-28T11:58:44","modified_gmt":"2026-07-28T08:58:44","slug":"best-estates-in-mallorca","status":"publish","type":"post","link":"https:\/\/perfectvenue.es\/es\/2026\/08\/26\/best-estates-in-mallorca\/","title":{"rendered":"Descubre las 10 mejores fincas de Mallorca"},"content":{"rendered":"<p><\/p>\n<p style=\"text-align: justify;\"><span style=\"font-weight: 400;\">Hablar de las mejores fincas de Mallorca es hablar de espacios donde la tradici\u00f3n, el paisaje y la arquitectura rural se combinan para crear escenarios \u00fanicos. La isla conserva un valioso patrimonio de posesiones hist\u00f3ricas y fincas restauradas que hoy acogen bodas, celebraciones privadas y eventos exclusivos en entornos naturales privilegiados.<\/span><\/p>\n<p style=\"text-align: justify;\"><span style=\"font-weight: 400;\">Mallorca y sus fincas suponen apostar por la autenticidad y la naturaleza. Muchas de ellas se encuentran rodeadas de campos de cultivo, vi\u00f1edos o monta\u00f1as, y mantienen elementos originales como muros de piedra, patios interiores o jardines centenarios que aportan car\u00e1cter y personalidad a cada celebraci\u00f3n.<\/span><\/p>\n<p style=\"text-align: justify;\"><span style=\"font-weight: 400;\">Uno de los grandes atractivos es su versatilidad. Existen fincas pensadas para bodas \u00edntimas y otras preparadas para eventos de gran formato, siempre con la posibilidad de personalizar cada detalle y adaptarse al estilo de cada pareja o celebraci\u00f3n.<\/span><\/p>\n<p style=\"text-align: justify;\"><span style=\"font-weight: 400;\">Por todo ello, las mejores fincas de Mallorca se han convertido en una referencia dentro del sector nupcial y de eventos, no solo por su belleza, sino tambi\u00e9n por la privacidad, la exclusividad y la conexi\u00f3n con el entorno que ofrecen.<\/span><\/p>\n<p style=\"text-align: justify;\"><span style=\"font-weight: 400;\">\u00bfQuieres saber m\u00e1s sobre estos espacios en Mallorca? \u00a1Sigue leyendo!<\/span><\/p>\n<figure id=\"attachment_50721\" aria-describedby=\"caption-attachment-50721\" style=\"width: 690px\" class=\"wp-caption aligncenter\"><img loading=\"lazy\" decoding=\"async\" class=\"size-full wp-image-50721\" src=\"https:\/\/perfectvenue.es\/wp-content\/uploads\/2025\/08\/finca-binissati\u0301-finca-en-mallorca-para-bodas-6.jpg\" alt=\"\" width=\"690\" height=\"460\" srcset=\"https:\/\/perfectvenue.es\/wp-content\/uploads\/2025\/08\/finca-binissati\u0301-finca-en-mallorca-para-bodas-6.jpg?v=1755855090 690w, https:\/\/perfectvenue.es\/wp-content\/uploads\/2025\/08\/finca-binissati\u0301-finca-en-mallorca-para-bodas-6-300x200.jpg?v=1755855090 300w, https:\/\/perfectvenue.es\/wp-content\/uploads\/2025\/08\/finca-binissati\u0301-finca-en-mallorca-para-bodas-6-450x300.jpg?v=1755855090 450w, https:\/\/perfectvenue.es\/wp-content\/uploads\/2025\/08\/finca-binissati\u0301-finca-en-mallorca-para-bodas-6-600x400.jpg?v=1755855090 600w\" sizes=\"auto, (max-width: 690px) 100vw, 690px\" \/><figcaption id=\"caption-attachment-50721\" class=\"wp-caption-text\">Finca Binissat\u00ed: espacio para bodas en Mallorca<\/figcaption><\/figure>\n<h2 style=\"text-align: justify;\"><span style=\"font-weight: 400;\">Finca Binissat\u00ed, una posesi\u00f3n rural en el interior de Mallorca rodeada de calma y tradici\u00f3n<\/span><\/h2>\n<p style=\"text-align: justify;\"><a href=\"https:\/\/perfectvenue.es\/es\/listings\/venue-for-weddings-in-mallorca\/\"><span style=\"font-weight: 400;\">Finca Binissat\u00ed<\/span><\/a><span style=\"font-weight: 400;\"> es una posesi\u00f3n mallorquina situada en el interior de la isla, en un entorno agr\u00edcola que conserva la esencia rural de Mallorca. Su ubicaci\u00f3n, alejada de la costa y de los n\u00facleos tur\u00edsticos m\u00e1s concurridos, la convierte en un espacio especialmente valorado por quienes buscan tranquilidad, privacidad y un ambiente aut\u00e9ntico.<\/span><\/p>\n<p style=\"text-align: justify;\"><span style=\"font-weight: 400;\">La finca mantiene una arquitectura tradicional, con construcciones de piedra y espacios abiertos que permiten organizar celebraciones al aire libre. El entorno natural que la rodea aporta una sensaci\u00f3n de calma constante, haciendo de Binissat\u00ed un lugar adecuado para eventos que priorizan la conexi\u00f3n con el paisaje y el ritmo pausado del campo mallorqu\u00edn.\u00a0<\/span><\/p>\n<p style=\"text-align: justify;\"><span style=\"font-weight: 400;\">Adem\u00e1s, el car\u00e1cter discreto del entorno refuerza la sensaci\u00f3n de intimidad durante cualquier celebraci\u00f3n. El silencio del campo, la amplitud visual y la ausencia de est\u00edmulos externos permiten que el evento se viva de forma relajada y sin interrupciones, algo especialmente valorado en celebraciones cuidadas y personales. Todo esto la sit\u00faa como una de las mejores fincas de Mallorca.<\/span><\/p>\n<figure id=\"attachment_50717\" aria-describedby=\"caption-attachment-50717\" style=\"width: 690px\" class=\"wp-caption aligncenter\"><img loading=\"lazy\" decoding=\"async\" class=\"size-full wp-image-50717\" src=\"https:\/\/perfectvenue.es\/wp-content\/uploads\/2025\/08\/finca-binissati\u0301-finca-en-mallorca-para-bodas-2-1.png\" alt=\"\" width=\"690\" height=\"459\" srcset=\"https:\/\/perfectvenue.es\/wp-content\/uploads\/2025\/08\/finca-binissati\u0301-finca-en-mallorca-para-bodas-2-1.png?v=1755855082 690w, https:\/\/perfectvenue.es\/wp-content\/uploads\/2025\/08\/finca-binissati\u0301-finca-en-mallorca-para-bodas-2-1-300x200.png?v=1755855082 300w, https:\/\/perfectvenue.es\/wp-content\/uploads\/2025\/08\/finca-binissati\u0301-finca-en-mallorca-para-bodas-2-1-450x299.png?v=1755855082 450w, https:\/\/perfectvenue.es\/wp-content\/uploads\/2025\/08\/finca-binissati\u0301-finca-en-mallorca-para-bodas-2-1-600x399.png?v=1755855082 600w\" sizes=\"auto, (max-width: 690px) 100vw, 690px\" \/><figcaption id=\"caption-attachment-50717\" class=\"wp-caption-text\">Finca Binissat\u00ed: espacio para bodas en Mallorca<\/figcaption><\/figure>\n<h2 style=\"text-align: justify;\"><span style=\"font-weight: 400;\">Finca Son Termes, una finca hist\u00f3rica a los pies de la Serra de Tramuntana con amplios jardines<\/span><\/h2>\n<p style=\"text-align: justify;\"><span style=\"font-weight: 400;\">Finca Son Termes se sit\u00faa a los pies de la Serra de Tramuntana, en una zona marcada por la vegetaci\u00f3n mediterr\u00e1nea y el relieve monta\u00f1oso. Se trata de una finca hist\u00f3rica que destaca por su amplitud y por la presencia de jardines y espacios exteriores bien definidos.<\/span><\/p>\n<p style=\"text-align: justify;\"><span style=\"font-weight: 400;\">Su estructura permite separar distintos momentos de un evento, algo especialmente valorado en celebraciones de larga duraci\u00f3n. El entorno natural que la rodea aporta una sensaci\u00f3n de aislamiento sin perder la cercan\u00eda a Palma, lo que la convierte en una de las mejores fincas de Mallorca equilibrada entre accesibilidad y paisaje.<\/span><\/p>\n<p style=\"text-align: justify;\"><span style=\"font-weight: 400;\">Gracias a su combinaci\u00f3n de historia, entorno y versatilidad, Son Termes es considerada una de las mejores fincas de Mallorca para celebraciones que buscan elegancia y naturaleza a partes iguales.<\/span><\/p>\n<figure id=\"attachment_56817\" aria-describedby=\"caption-attachment-56817\" style=\"width: 699px\" class=\"wp-caption aligncenter\"><img loading=\"lazy\" decoding=\"async\" class=\"size-full wp-image-56817\" src=\"https:\/\/perfectvenue.es\/wp-content\/uploads\/2026\/06\/Finca-Son-Termes-Foto-via-Pinterest.jpg\" alt=\"Finca Son Termes : Foto via Pinterest\" width=\"699\" height=\"466\" srcset=\"https:\/\/perfectvenue.es\/wp-content\/uploads\/2026\/06\/Finca-Son-Termes-Foto-via-Pinterest.jpg?v=1782289153 699w, https:\/\/perfectvenue.es\/wp-content\/uploads\/2026\/06\/Finca-Son-Termes-Foto-via-Pinterest-300x200.jpg?v=1782289153 300w, https:\/\/perfectvenue.es\/wp-content\/uploads\/2026\/06\/Finca-Son-Termes-Foto-via-Pinterest-450x300.jpg?v=1782289153 450w, https:\/\/perfectvenue.es\/wp-content\/uploads\/2026\/06\/Finca-Son-Termes-Foto-via-Pinterest-600x400.jpg?v=1782289153 600w\" sizes=\"auto, (max-width: 699px) 100vw, 699px\" \/><figcaption id=\"caption-attachment-56817\" class=\"wp-caption-text\">Finca Son Termes : Foto via Pinterest<\/figcaption><\/figure>\n<h2 style=\"text-align: justify;\"><span style=\"font-weight: 400;\">Finca Son Mir, dentro de las mejores fincas de Mallorca<\/span><\/h2>\n<p style=\"text-align: justify;\"><span style=\"font-weight: 400;\">Finca Son Mir se encuentra en las inmediaciones de Palma, lo que la convierte en una opci\u00f3n interesante para quienes buscan un espacio con f\u00e1cil acceso sin renunciar al car\u00e1cter rural. La finca combina elementos tradicionales con zonas exteriores amplias, adaptadas para eventos al aire libre.<\/span><\/p>\n<p style=\"text-align: justify;\"><span style=\"font-weight: 400;\">Su entorno, m\u00e1s cercano a la ciudad que otras fincas del interior, permite una log\u00edstica c\u00f3moda manteniendo un ambiente tranquilo. Es una finca vers\u00e1til, adecuada para celebraciones que buscan sencillez, comodidad y una est\u00e9tica mallorquina reconocible.<\/span><\/p>\n<p style=\"text-align: justify;\"><span style=\"font-weight: 400;\">La cercan\u00eda urbana no resta autenticidad al espacio, sino que lo hace especialmente funcional para eventos donde la organizaci\u00f3n y el acceso son factores clave. Son Mir ofrece un equilibrio entre practicidad y entorno natural dif\u00edcil de encontrar en otros espacios.<\/span><\/p>\n<figure id=\"attachment_56818\" aria-describedby=\"caption-attachment-56818\" style=\"width: 700px\" class=\"wp-caption aligncenter\"><img loading=\"lazy\" decoding=\"async\" class=\"size-full wp-image-56818\" src=\"https:\/\/perfectvenue.es\/wp-content\/uploads\/2026\/06\/Finca-Son-Mir-Foto-via-Pinterest.jpg\" alt=\"Finca Son Mir \/ Foto via Pinterest\" width=\"700\" height=\"462\" srcset=\"https:\/\/perfectvenue.es\/wp-content\/uploads\/2026\/06\/Finca-Son-Mir-Foto-via-Pinterest.jpg?v=1782289398 700w, https:\/\/perfectvenue.es\/wp-content\/uploads\/2026\/06\/Finca-Son-Mir-Foto-via-Pinterest-300x198.jpg?v=1782289398 300w, https:\/\/perfectvenue.es\/wp-content\/uploads\/2026\/06\/Finca-Son-Mir-Foto-via-Pinterest-450x297.jpg?v=1782289398 450w, https:\/\/perfectvenue.es\/wp-content\/uploads\/2026\/06\/Finca-Son-Mir-Foto-via-Pinterest-600x396.jpg?v=1782289398 600w\" sizes=\"auto, (max-width: 700px) 100vw, 700px\" \/><figcaption id=\"caption-attachment-56818\" class=\"wp-caption-text\">Finca Son Mir \/ Foto via Pinterest<\/figcaption><\/figure>\n<h2 style=\"text-align: justify;\"><span style=\"font-weight: 400;\">Finca Son Berga, una finca rodeada de naturaleza en un entorno privilegiado de la Serra de Tramuntana<\/span><\/h2>\n<p style=\"text-align: justify;\"><span style=\"font-weight: 400;\">Finca Son Berga est\u00e1 ubicada en plena Serra de Tramuntana, una de las zonas paisaj\u00edsticas m\u00e1s emblem\u00e1ticas de la isla. Su entorno monta\u00f1oso y su aislamiento natural la convierten en una finca especialmente apreciada por quienes buscan un escenario marcado por la naturaleza.<\/span><\/p>\n<p style=\"text-align: justify;\"><span style=\"font-weight: 400;\">El paisaje que la rodea aporta una sensaci\u00f3n de retiro y desconexi\u00f3n, ideal para eventos que desean huir del ruido y el ritmo urbano. Su car\u00e1cter r\u00fastico y su integraci\u00f3n en el entorno hacen de Son Berga una finca con fuerte identidad mallorquina.<\/span><\/p>\n<p style=\"text-align: justify;\"><span style=\"font-weight: 400;\">Precisamente por su entorno privilegiado, Son Berga se encuentra entre las mejores fincas de Mallorca para celebraciones que priorizan la naturaleza y la tranquilidad absoluta.<\/span><\/p>\n<figure id=\"attachment_56819\" aria-describedby=\"caption-attachment-56819\" style=\"width: 700px\" class=\"wp-caption aligncenter\"><img loading=\"lazy\" decoding=\"async\" class=\"size-full wp-image-56819\" src=\"https:\/\/perfectvenue.es\/wp-content\/uploads\/2026\/06\/Finca-son-Berga-Foto-via-Pinterest.jpg\" alt=\"Finca son Berga \/ Foto via Pinterest\" width=\"700\" height=\"525\" srcset=\"https:\/\/perfectvenue.es\/wp-content\/uploads\/2026\/06\/Finca-son-Berga-Foto-via-Pinterest.jpg?v=1782289539 700w, https:\/\/perfectvenue.es\/wp-content\/uploads\/2026\/06\/Finca-son-Berga-Foto-via-Pinterest-300x225.jpg?v=1782289539 300w, https:\/\/perfectvenue.es\/wp-content\/uploads\/2026\/06\/Finca-son-Berga-Foto-via-Pinterest-450x338.jpg?v=1782289539 450w, https:\/\/perfectvenue.es\/wp-content\/uploads\/2026\/06\/Finca-son-Berga-Foto-via-Pinterest-600x450.jpg?v=1782289539 600w\" sizes=\"auto, (max-width: 700px) 100vw, 700px\" \/><figcaption id=\"caption-attachment-56819\" class=\"wp-caption-text\">Finca son Berga \/ Foto via Pinterest<\/figcaption><\/figure>\n<h2 style=\"text-align: justify;\"><span style=\"font-weight: 400;\">Finca Son Sampol, elegancia cl\u00e1sica y jardines cuidados en un entorno tradicional<\/span><\/h2>\n<p style=\"text-align: justify;\"><span style=\"font-weight: 400;\">Finca Son Sampol es una posesi\u00f3n de estilo tradicional dentro de las mejores fincas de Mallorca, que conserva la est\u00e9tica cl\u00e1sica de las fincas mallorquinas. Destaca por sus jardines y por una arquitectura pensada para disfrutar de los espacios exteriores.<\/span><\/p>\n<p style=\"text-align: justify;\"><span style=\"font-weight: 400;\">El entorno natural y la disposici\u00f3n de la finca permiten crear celebraciones al aire libre con una sensaci\u00f3n de orden y armon\u00eda. Es una finca que transmite equilibrio y sobriedad, adecuada para eventos que buscan una imagen elegante sin excesos.<\/span><\/p>\n<figure id=\"attachment_56820\" aria-describedby=\"caption-attachment-56820\" style=\"width: 700px\" class=\"wp-caption aligncenter\"><img loading=\"lazy\" decoding=\"async\" class=\"size-full wp-image-56820\" src=\"https:\/\/perfectvenue.es\/wp-content\/uploads\/2026\/06\/Finca-Son-Sampol-Foto-via-Pinterest.jpg\" alt=\"Finca Son Sampol \/ Foto via Pinterest\" width=\"700\" height=\"1244\" srcset=\"https:\/\/perfectvenue.es\/wp-content\/uploads\/2026\/06\/Finca-Son-Sampol-Foto-via-Pinterest.jpg?v=1782289675 700w, https:\/\/perfectvenue.es\/wp-content\/uploads\/2026\/06\/Finca-Son-Sampol-Foto-via-Pinterest-169x300.jpg?v=1782289675 169w, https:\/\/perfectvenue.es\/wp-content\/uploads\/2026\/06\/Finca-Son-Sampol-Foto-via-Pinterest-576x1024.jpg?v=1782289675 576w, https:\/\/perfectvenue.es\/wp-content\/uploads\/2026\/06\/Finca-Son-Sampol-Foto-via-Pinterest-450x800.jpg?v=1782289675 450w, https:\/\/perfectvenue.es\/wp-content\/uploads\/2026\/06\/Finca-Son-Sampol-Foto-via-Pinterest-600x1066.jpg?v=1782289675 600w\" sizes=\"auto, (max-width: 700px) 100vw, 700px\" \/><figcaption id=\"caption-attachment-56820\" class=\"wp-caption-text\">Finca Son Sampol \/ Foto via Pinterest<\/figcaption><\/figure>\n<h2 style=\"text-align: justify;\"><span style=\"font-weight: 400;\">Finca Comassema, una gran posesi\u00f3n hist\u00f3rica en un enclave monta\u00f1oso de alto valor paisaj\u00edstico<\/span><\/h2>\n<p style=\"text-align: justify;\"><span style=\"font-weight: 400;\">Finca Comassema es una de las grandes posesiones hist\u00f3ricas de Mallorca, situada en un entorno monta\u00f1oso de gran valor paisaj\u00edstico. Su tama\u00f1o y su presencia arquitect\u00f3nica la convierten en un espacio imponente, donde el paisaje tiene un papel protagonista.<\/span><\/p>\n<p style=\"text-align: justify;\"><span style=\"font-weight: 400;\">La finca conserva un car\u00e1cter se\u00f1orial que se percibe tanto en sus construcciones como en el entorno que la rodea. Es un espacio especialmente indicado para celebraciones que buscan un marco hist\u00f3rico y una fuerte conexi\u00f3n con la Mallorca m\u00e1s tradicional.<\/span><\/p>\n<figure id=\"attachment_56821\" aria-describedby=\"caption-attachment-56821\" style=\"width: 700px\" class=\"wp-caption aligncenter\"><img loading=\"lazy\" decoding=\"async\" class=\"size-full wp-image-56821\" src=\"https:\/\/perfectvenue.es\/wp-content\/uploads\/2026\/06\/Finca-Comassema-Foto-via-Pinterest.jpg\" alt=\"Finca Comassema \/ Foto via Pinterest\" width=\"700\" height=\"933\" srcset=\"https:\/\/perfectvenue.es\/wp-content\/uploads\/2026\/06\/Finca-Comassema-Foto-via-Pinterest.jpg?v=1782290031 700w, https:\/\/perfectvenue.es\/wp-content\/uploads\/2026\/06\/Finca-Comassema-Foto-via-Pinterest-225x300.jpg?v=1782290031 225w, https:\/\/perfectvenue.es\/wp-content\/uploads\/2026\/06\/Finca-Comassema-Foto-via-Pinterest-450x600.jpg?v=1782290031 450w, https:\/\/perfectvenue.es\/wp-content\/uploads\/2026\/06\/Finca-Comassema-Foto-via-Pinterest-600x800.jpg?v=1782290031 600w\" sizes=\"auto, (max-width: 700px) 100vw, 700px\" \/><figcaption id=\"caption-attachment-56821\" class=\"wp-caption-text\">Finca Comassema \/ Foto via Pinterest<\/figcaption><\/figure>\n<h2 style=\"text-align: justify;\"><span style=\"font-weight: 400;\">Finca Son Vila, una de las mejores fincas en Mallorca \u00edntima en el norte rodeada de naturaleza<\/span><\/h2>\n<p style=\"text-align: justify;\"><span style=\"font-weight: 400;\">Finca Son Vila se encuentra en el norte de la isla, en una zona marcada por la cercan\u00eda a la Serra de Tramuntana y por un entorno natural bien conservado. Se trata de una finca de dimensiones m\u00e1s reducidas, lo que favorece un ambiente \u00edntimo y exclusivo.<\/span><\/p>\n<p style=\"text-align: justify;\"><span style=\"font-weight: 400;\">Su localizaci\u00f3n y su tama\u00f1o la hacen adecuada para celebraciones privadas, donde se prioriza la cercan\u00eda entre los invitados y una experiencia m\u00e1s personalizada. El entorno aporta tranquilidad y una sensaci\u00f3n de refugio.<\/span><\/p>\n<figure id=\"attachment_56822\" aria-describedby=\"caption-attachment-56822\" style=\"width: 700px\" class=\"wp-caption aligncenter\"><img loading=\"lazy\" decoding=\"async\" class=\"size-full wp-image-56822\" src=\"https:\/\/perfectvenue.es\/wp-content\/uploads\/2026\/06\/finca-Son-Vila.png\" alt=\"finca Son Vila\" width=\"700\" height=\"672\" srcset=\"https:\/\/perfectvenue.es\/wp-content\/uploads\/2026\/06\/finca-Son-Vila.png?v=1782290673 700w, https:\/\/perfectvenue.es\/wp-content\/uploads\/2026\/06\/finca-Son-Vila-300x288.png?v=1782290673 300w, https:\/\/perfectvenue.es\/wp-content\/uploads\/2026\/06\/finca-Son-Vila-450x432.png?v=1782290673 450w, https:\/\/perfectvenue.es\/wp-content\/uploads\/2026\/06\/finca-Son-Vila-600x576.png?v=1782290673 600w\" sizes=\"auto, (max-width: 700px) 100vw, 700px\" \/><figcaption id=\"caption-attachment-56822\" class=\"wp-caption-text\">finca Son Vila<\/figcaption><\/figure>\n<h2 style=\"text-align: justify;\"><span style=\"font-weight: 400;\">Finca Son Mesquida Nou, amplitud y paisaje agr\u00edcola en el coraz\u00f3n de la isla<\/span><\/h2>\n<p style=\"text-align: justify;\"><span style=\"font-weight: 400;\">Finca Son Mesquida Nou est\u00e1 situada en el centro de Mallorca, una zona caracterizada por su paisaje agr\u00edcola y su car\u00e1cter rural. La finca ofrece espacios amplios que permiten adaptar diferentes configuraciones seg\u00fan el tipo de evento.<\/span><\/p>\n<p style=\"text-align: justify;\"><span style=\"font-weight: 400;\">Su ubicaci\u00f3n central facilita el acceso desde distintos puntos de la isla, lo que la convierte en una opci\u00f3n pr\u00e1ctica para celebraciones con invitados procedentes de diferentes zonas. El entorno transmite autenticidad y una fuerte conexi\u00f3n con el campo mallorqu\u00edn.<\/span><\/p>\n<figure id=\"attachment_56823\" aria-describedby=\"caption-attachment-56823\" style=\"width: 700px\" class=\"wp-caption aligncenter\"><img loading=\"lazy\" decoding=\"async\" class=\"size-full wp-image-56823\" src=\"https:\/\/perfectvenue.es\/wp-content\/uploads\/2026\/06\/Finca-Son-Mesquida-Nou.png\" alt=\"Finca Son Mesquida Nou\" width=\"700\" height=\"525\" srcset=\"https:\/\/perfectvenue.es\/wp-content\/uploads\/2026\/06\/Finca-Son-Mesquida-Nou.png?v=1782291357 700w, https:\/\/perfectvenue.es\/wp-content\/uploads\/2026\/06\/Finca-Son-Mesquida-Nou-300x225.png?v=1782291357 300w, https:\/\/perfectvenue.es\/wp-content\/uploads\/2026\/06\/Finca-Son-Mesquida-Nou-450x338.png?v=1782291357 450w, https:\/\/perfectvenue.es\/wp-content\/uploads\/2026\/06\/Finca-Son-Mesquida-Nou-600x450.png?v=1782291357 600w\" sizes=\"auto, (max-width: 700px) 100vw, 700px\" \/><figcaption id=\"caption-attachment-56823\" class=\"wp-caption-text\">Finca Son Mesquida Nou<\/figcaption><\/figure>\n<h2 style=\"text-align: justify;\"><span style=\"font-weight: 400;\">Finca Port Verd, una finca luminosa cerca del mar en la costa este de Mallorca<\/span><\/h2>\n<p style=\"text-align: justify;\"><span style=\"font-weight: 400;\">Finca Port Verd se localiza en la costa este de Mallorca, una zona donde el paisaje mediterr\u00e1neo adquiere un protagonismo especial. Su proximidad al mar aporta luminosidad y una atm\u00f3sfera abierta, muy valorada en eventos de estilo mediterr\u00e1neo.<\/span><\/p>\n<p style=\"text-align: justify;\"><span style=\"font-weight: 400;\">La finca combina entorno natural y cercan\u00eda a la costa, ofreciendo una experiencia que une campo y mar. Es una opci\u00f3n adecuada para celebraciones que buscan una est\u00e9tica luminosa y una relaci\u00f3n directa con el paisaje costero.<\/span><\/p>\n<figure id=\"attachment_56824\" aria-describedby=\"caption-attachment-56824\" style=\"width: 700px\" class=\"wp-caption aligncenter\"><img loading=\"lazy\" decoding=\"async\" class=\"size-full wp-image-56824\" src=\"https:\/\/perfectvenue.es\/wp-content\/uploads\/2026\/06\/Finca-Port-Verd.png\" alt=\"Finca Port Verd\" width=\"700\" height=\"631\" srcset=\"https:\/\/perfectvenue.es\/wp-content\/uploads\/2026\/06\/Finca-Port-Verd.png?v=1782291990 700w, https:\/\/perfectvenue.es\/wp-content\/uploads\/2026\/06\/Finca-Port-Verd-300x270.png?v=1782291990 300w, https:\/\/perfectvenue.es\/wp-content\/uploads\/2026\/06\/Finca-Port-Verd-450x406.png?v=1782291990 450w, https:\/\/perfectvenue.es\/wp-content\/uploads\/2026\/06\/Finca-Port-Verd-600x541.png?v=1782291990 600w\" sizes=\"auto, (max-width: 700px) 100vw, 700px\" \/><figcaption id=\"caption-attachment-56824\" class=\"wp-caption-text\">Finca Port Verd<\/figcaption><\/figure>\n<h2 style=\"text-align: justify;\"><span style=\"font-weight: 400;\">Finca Morneta, privacidad y tranquilidad en una finca tradicional rodeada de campos<\/span><\/h2>\n<p style=\"text-align: justify;\"><span style=\"font-weight: 400;\">Finca Morneta es una posesi\u00f3n tradicional rodeada de campos y naturaleza. Su entorno tranquilo y su disposici\u00f3n favorecen celebraciones discretas, alejadas de miradas externas y del ruido urbano.<\/span><\/p>\n<p style=\"text-align: justify;\"><span style=\"font-weight: 400;\">La finca conserva elementos arquitect\u00f3nicos propios de las posesiones mallorquinas, lo que aporta autenticidad al conjunto. Es un espacio adecuado para eventos que buscan sencillez, privacidad y una atm\u00f3sfera relajada.<\/span><\/p>\n<figure id=\"attachment_56825\" aria-describedby=\"caption-attachment-56825\" style=\"width: 700px\" class=\"wp-caption aligncenter\"><img loading=\"lazy\" decoding=\"async\" class=\"size-full wp-image-56825\" src=\"https:\/\/perfectvenue.es\/wp-content\/uploads\/2026\/06\/Finca-Morneta-Foto-via-Pinterest.jpg\" alt=\"Finca Morneta \/ Foto via Pinterest\" width=\"700\" height=\"1050\" srcset=\"https:\/\/perfectvenue.es\/wp-content\/uploads\/2026\/06\/Finca-Morneta-Foto-via-Pinterest.jpg?v=1782292231 700w, https:\/\/perfectvenue.es\/wp-content\/uploads\/2026\/06\/Finca-Morneta-Foto-via-Pinterest-200x300.jpg?v=1782292231 200w, https:\/\/perfectvenue.es\/wp-content\/uploads\/2026\/06\/Finca-Morneta-Foto-via-Pinterest-683x1024.jpg?v=1782292231 683w, https:\/\/perfectvenue.es\/wp-content\/uploads\/2026\/06\/Finca-Morneta-Foto-via-Pinterest-450x675.jpg?v=1782292231 450w, https:\/\/perfectvenue.es\/wp-content\/uploads\/2026\/06\/Finca-Morneta-Foto-via-Pinterest-533x800.jpg?v=1782292231 533w, https:\/\/perfectvenue.es\/wp-content\/uploads\/2026\/06\/Finca-Morneta-Foto-via-Pinterest-600x900.jpg?v=1782292231 600w\" sizes=\"auto, (max-width: 700px) 100vw, 700px\" \/><figcaption id=\"caption-attachment-56825\" class=\"wp-caption-text\">Finca Morneta \/ Foto via Pinterest<\/figcaption><\/figure>\n<h2 style=\"text-align: justify;\"><span style=\"font-weight: 400;\">\u00bfQuieres descubrir m\u00e1s a parte de las mejores fincas de Mallorca? \u00a1Sigue leyendo!<\/span><\/h2>\n<p style=\"text-align: justify;\"><span style=\"font-weight: 400;\">Si despu\u00e9s de descubrir las mejores fincas de Mallorca quieres ir un paso m\u00e1s all\u00e1 y convertir tu evento en una experiencia realmente memorable, en<\/span><a href=\"https:\/\/perfectvenue.es\/es\/\"><span style=\"font-weight: 400;\"> Perfect Venue<\/span><\/a><span style=\"font-weight: 400;\"> encontrar\u00e1s inspiraci\u00f3n y proveedores capaces de marcar la diferencia. Desde <\/span><a href=\"https:\/\/perfectvenue.es\/es\/product\/electronic-and-classical-violinist-for-weddings-and-events-2\/\"><span style=\"font-weight: 400;\">propuestas musicales como un violinista electr\u00f3nico y cl\u00e1sico para bodas y eventos en Mallorca<\/span><\/a><span style=\"font-weight: 400;\">, ideal para sorprender y emocionar, hasta opciones decorativas como el <\/span><a href=\"https:\/\/perfectvenue.es\/es\/product\/wooden-letters-in-mallorca\/\"><span style=\"font-weight: 400;\">alquiler de letras de madera en Mallorca<\/span><\/a><span style=\"font-weight: 400;\">, perfectas para todo tipo de celebraciones con personalidad propia.<\/span><\/p>\n<p style=\"text-align: justify;\"><span style=\"font-weight: 400;\">Si buscas ayuda profesional, no dudes en contar con <\/span><a href=\"https:\/\/nataliaortizevents.com\/es\/\"><span style=\"font-weight: 400;\">Natalia Ortiz<\/span><\/a><span style=\"font-weight: 400;\">, puede ayudarte a dise\u00f1ar el escenario ideal, teniendo en cuenta tus gustos y haciendo de tu velada un momento \u00fanico y especial.<\/span><\/p>\n<p style=\"text-align: justify;\"><span style=\"font-weight: 400;\">Y si buscas tendencias internacionales, no te pierdas el art\u00edculo sobre cu\u00e1les son <\/span><a href=\"https:\/\/perfectvenue.es\/es\/2019\/11\/18\/sabes-cuales-son-los-cinco-lugares-preferidos-por-los-alemanes-para-casarse-en-mallorca\/\"><span style=\"font-weight: 400;\">los cinco lugares preferidos por los alemanes para casarse en Mallorca<\/span><\/a><span style=\"font-weight: 400;\">, una gu\u00eda reveladora para entender por qu\u00e9 la isla es uno de los destinos m\u00e1s deseados de Europa. Ideas rompedoras, escenarios \u00fanicos y experiencias que elevan cualquier evento al siguiente nivel.<\/span><\/p>\n<p><\/p>\n<span class=\"tags-links\"><a href=\"https:\/\/perfectvenue.es\/es\/tag\/bodas-en-mallorca\/\" rel=\"tag\">Bodas en Mallorca<\/a><a href=\"https:\/\/perfectvenue.es\/es\/tag\/eventos-en-mallorca\/\" rel=\"tag\">Eventos en Mallorca<\/a><a href=\"https:\/\/perfectvenue.es\/es\/tag\/fincas-de-mallorca\/\" rel=\"tag\">Fincas de Mallorca<\/a><a href=\"https:\/\/perfectvenue.es\/es\/tag\/mejores-finca-de-mallorca\/\" rel=\"tag\">mejores finca de Mallorca<\/a><\/span>","protected":false},"excerpt":{"rendered":"<p>Descubre las 10 mejores fincas de Mallorca para bodas y eventos: espacios con encanto, naturaleza, privacidad y esencia mediterr\u00e1nea.<\/p>\n","protected":false},"author":48202,"featured_media":50721,"comment_status":"closed","ping_status":"open","sticky":false,"template":"","format":"standard","meta":{"footnotes":""},"categories":[3528],"tags":[9352,9353,9350,9351],"class_list":["post-56816","post","type-post","status-publish","format-standard","has-post-thumbnail","hentry","category-best-places-in-spain","tag-bodas-en-mallorca","tag-eventos-en-mallorca","tag-fincas-de-mallorca","tag-mejores-finca-de-mallorca"],"_links":{"self":[{"href":"https:\/\/perfectvenue.es\/es\/wp-json\/wp\/v2\/posts\/56816","targetHints":{"allow":["GET"]}}],"collection":[{"href":"https:\/\/perfectvenue.es\/es\/wp-json\/wp\/v2\/posts"}],"about":[{"href":"https:\/\/perfectvenue.es\/es\/wp-json\/wp\/v2\/types\/post"}],"author":[{"embeddable":true,"href":"https:\/\/perfectvenue.es\/es\/wp-json\/wp\/v2\/users\/48202"}],"replies":[{"embeddable":true,"href":"https:\/\/perfectvenue.es\/es\/wp-json\/wp\/v2\/comments?post=56816"}],"version-history":[{"count":1,"href":"https:\/\/perfectvenue.es\/es\/wp-json\/wp\/v2\/posts\/56816\/revisions"}],"predecessor-version":[{"id":57817,"href":"https:\/\/perfectvenue.es\/es\/wp-json\/wp\/v2\/posts\/56816\/revisions\/57817"}],"wp:attachment":[{"href":"https:\/\/perfectvenue.es\/es\/wp-json\/wp\/v2\/media?parent=56816"}],"wp:term":[{"taxonomy":"category","embeddable":true,"href":"https:\/\/perfectvenue.es\/es\/wp-json\/wp\/v2\/categories?post=56816"},{"taxonomy":"post_tag","embeddable":true,"href":"https:\/\/perfectvenue.es\/es\/wp-json\/wp\/v2\/tags?post=56816"}],"curies":[{"name":"wp","href":"https:\/\/api.w.org\/{rel}","templated":true}]}}