{"id":53499,"date":"2026-01-07T08:01:20","date_gmt":"2026-01-07T05:01:20","guid":{"rendered":"http:\/\/perfectvenue.es\/?p=53499"},"modified":"2025-12-30T15:01:36","modified_gmt":"2025-12-30T12:01:36","slug":"italian-wedding-in-mallorca","status":"publish","type":"post","link":"https:\/\/perfectvenue.es\/es\/2026\/01\/07\/italian-wedding-in-mallorca\/","title":{"rendered":"Boda italiana en Mallorca: inspiraci\u00f3n mediterr\u00e1nea y elegancia atemporal"},"content":{"rendered":"<p><\/p>\n<p style=\"text-align: justify;\"><span style=\"font-weight: 400;\">Mallorca tiene el don de convertir cada momento en una experiencia inolvidable. Su luz dorada, sus paisajes naturales y su inconfundible esencia mediterr\u00e1nea hacen de la isla el escenario perfecto para un shooting de boda italiana en Mallorca, donde la sofisticaci\u00f3n se encuentra con la naturalidad. Este editorial nupcial captura esa fusi\u00f3n \u00fanica entre el estilo italiano y el encanto mediterr\u00e1neo, dando lugar a una celebraci\u00f3n rom\u00e1ntica e inspiradora.<\/span><\/p>\n<p style=\"text-align: justify;\"><span style=\"font-weight: 400;\">Cada detalle de esta propuesta ha sido cuidadosamente dise\u00f1ado: desde el vestido de la novia, ligero y et\u00e9reo, hasta la decoraci\u00f3n floral de inspiraci\u00f3n silvestre, que realza la belleza del entorno sin restarle protagonismo. Los tonos llamativos, los materiales artesanales y la luz del atardecer mallorqu\u00edn aportaron calidez y coherencia visual, haciendo que cada imagen contara una historia.<\/span><\/p>\n<p style=\"text-align: justify;\"><span style=\"font-weight: 400;\">Esta boda apost\u00f3 por la sencillez sofisticada, el equilibrio y el respeto por el entorno. Desde el pasillo nupcial con elementos naturales hasta la delicada tarta de inspiraci\u00f3n mediterr\u00e1nea, todo transmit\u00eda armon\u00eda, elegancia y autenticidad.<\/span><\/p>\n<p style=\"text-align: justify;\"><span style=\"font-weight: 400;\">Por eso, esta boda al estilo italiano sirve de inspiraci\u00f3n para parejas que sue\u00f1an con una boda mediterr\u00e1nea con car\u00e1cter, donde el mar, la luz y la naturaleza se convierten en los verdaderos protagonistas de tu ceremonia.<\/span><\/p>\n<p style=\"text-align: justify;\"><span style=\"font-weight: 400;\">\u00bfQuieres descubrir todos los detalles de esta boda italiana en Mallorca? \u00a1Sigue leyendo!<\/span><\/p>\n<figure id=\"attachment_53501\" aria-describedby=\"caption-attachment-53501\" style=\"width: 700px\" class=\"wp-caption aligncenter\"><img loading=\"lazy\" decoding=\"async\" class=\"size-full wp-image-53501\" src=\"http:\/\/perfectvenue.es\/wp-content\/uploads\/2025\/12\/Boda-italiana-en-Mallorca-Foto-v\u00eda-\u00c1ngel-Fotograf-Natalia-Ortiz-Events.jpeg\" alt=\"Boda italiana en Mallorca | Foto v\u00eda \u00c1ngel Fotograf \/ Natalia Ortiz Events\" width=\"700\" height=\"467\" srcset=\"https:\/\/perfectvenue.es\/wp-content\/uploads\/2025\/12\/Boda-italiana-en-Mallorca-Foto-v\u00eda-\u00c1ngel-Fotograf-Natalia-Ortiz-Events.jpeg?v=1767007328 700w, https:\/\/perfectvenue.es\/wp-content\/uploads\/2025\/12\/Boda-italiana-en-Mallorca-Foto-v\u00eda-\u00c1ngel-Fotograf-Natalia-Ortiz-Events-300x200.jpeg?v=1767007328 300w, https:\/\/perfectvenue.es\/wp-content\/uploads\/2025\/12\/Boda-italiana-en-Mallorca-Foto-v\u00eda-\u00c1ngel-Fotograf-Natalia-Ortiz-Events-450x300.jpeg?v=1767007328 450w, https:\/\/perfectvenue.es\/wp-content\/uploads\/2025\/12\/Boda-italiana-en-Mallorca-Foto-v\u00eda-\u00c1ngel-Fotograf-Natalia-Ortiz-Events-600x400.jpeg?v=1767007328 600w\" sizes=\"auto, (max-width: 700px) 100vw, 700px\" \/><figcaption id=\"caption-attachment-53501\" class=\"wp-caption-text\">Boda italiana en Mallorca | Foto v\u00eda \u00c1ngel Fotograf \/ <a href=\"https:\/\/nataliaortizevents.com\/es\/\">Natalia Ortiz Events<\/a><\/figcaption><\/figure>\n<h2 style=\"text-align: justify;\"><a href=\"https:\/\/perfectvenue.es\/es\/listings\/wedding-villa-in-mallorca\/\"><span style=\"font-weight: 400;\">Villa Justel<\/span><\/a><span style=\"font-weight: 400;\">: una casita \u00edntima para los m\u00e1s allegados\u00a0<\/span><\/h2>\n<p style=\"text-align: justify;\"><span style=\"font-weight: 400;\">Elegir el lugar adecuado es clave para dar vida a una inspiraci\u00f3n nupcial, y en esta ocasi\u00f3n Villa Justel se convierte en el escenario perfecto para una boda italiana en Mallorca. Rodeada de naturaleza y ba\u00f1ada por la luz c\u00e1lida del Mediterr\u00e1neo, la villa rinde homenaje a la belleza de la isla y a esa elegancia relajada tan caracter\u00edstica del estilo italiano.<\/span><\/p>\n<p style=\"text-align: justify;\"><span style=\"font-weight: 400;\">Sus espacios exteriores, con vistas abiertas al paisaje mallorqu\u00edn y una arquitectura que se funde con el entorno, ofrecen un marco incomparable para este editorial. La combinaci\u00f3n de piedra natural, vegetaci\u00f3n mediterr\u00e1nea y luz dorada crea un contraste visual delicado y sofisticado, ideal para capturar la esencia de una celebraci\u00f3n \u00edntima y elegante.<\/span><\/p>\n<p style=\"text-align: justify;\"><span style=\"font-weight: 400;\">La elecci\u00f3n de Villa Justel no es casual. Su atm\u00f3sfera serena y sus rincones con encanto permiten crear im\u00e1genes llenas de armon\u00eda, naturalidad y car\u00e1cter. Cada espacio, desde las zonas ajardinadas hasta los rincones m\u00e1s \u00edntimos de la villa, aporta personalidad al shooting y refuerza el concepto, donde la conexi\u00f3n con la naturaleza es protagonista.<\/span><\/p>\n<p style=\"text-align: justify;\"><span style=\"font-weight: 400;\">En este editorial, el entorno se integra de forma org\u00e1nica con la historia de la pareja, creando una atm\u00f3sfera rom\u00e1ntica y atemporal. La brisa suave, la luz del atardecer y la calma que envuelve la villa hacen que cada fotograf\u00eda transmita autenticidad, emoci\u00f3n y ese esp\u00edritu mediterr\u00e1neo tan inspirador.<\/span><\/p>\n<figure id=\"attachment_53502\" aria-describedby=\"caption-attachment-53502\" style=\"width: 700px\" class=\"wp-caption aligncenter\"><img loading=\"lazy\" decoding=\"async\" class=\"size-full wp-image-53502\" src=\"http:\/\/perfectvenue.es\/wp-content\/uploads\/2025\/12\/Boda-italiana-en-Mallorca-Foto-v\u00eda-\u00c1ngel-Fotograf-Natalia-Ortiz-Events2.jpeg\" alt=\"Boda italiana en Mallorca | Foto v\u00eda \u00c1ngel Fotograf \/ Natalia Ortiz Events\" width=\"700\" height=\"467\" srcset=\"https:\/\/perfectvenue.es\/wp-content\/uploads\/2025\/12\/Boda-italiana-en-Mallorca-Foto-v\u00eda-\u00c1ngel-Fotograf-Natalia-Ortiz-Events2.jpeg?v=1767007432 700w, https:\/\/perfectvenue.es\/wp-content\/uploads\/2025\/12\/Boda-italiana-en-Mallorca-Foto-v\u00eda-\u00c1ngel-Fotograf-Natalia-Ortiz-Events2-300x200.jpeg?v=1767007432 300w, https:\/\/perfectvenue.es\/wp-content\/uploads\/2025\/12\/Boda-italiana-en-Mallorca-Foto-v\u00eda-\u00c1ngel-Fotograf-Natalia-Ortiz-Events2-450x300.jpeg?v=1767007432 450w, https:\/\/perfectvenue.es\/wp-content\/uploads\/2025\/12\/Boda-italiana-en-Mallorca-Foto-v\u00eda-\u00c1ngel-Fotograf-Natalia-Ortiz-Events2-600x400.jpeg?v=1767007432 600w\" sizes=\"auto, (max-width: 700px) 100vw, 700px\" \/><figcaption id=\"caption-attachment-53502\" class=\"wp-caption-text\">Boda italiana en Villa Justel | Foto v\u00eda \u00c1ngel Fotograf \/ <a href=\"https:\/\/nataliaortizevents.com\/es\/\">Natalia Ortiz Events<\/a><\/figcaption><\/figure>\n<h2 style=\"text-align: justify;\"><span style=\"font-weight: 400;\">Un look rom\u00e1ntico y sofisticado para esta boda italiana en Mallorca<\/span><\/h2>\n<p style=\"text-align: justify;\"><span style=\"font-weight: 400;\">En esta boda italiana en Mallorca, el look de la novia refleja a la perfecci\u00f3n el equilibrio entre romanticismo y sofisticaci\u00f3n, una est\u00e9tica que combina con la tradici\u00f3n italiana y se adapta con delicadeza al paisaje mallorqu\u00edn.<\/span><\/p>\n<p style=\"text-align: justify;\"><span style=\"font-weight: 400;\">El vestido, dise\u00f1ado por Anne Wolf Couture, es una pieza que destaca por su aire et\u00e9reo. Est\u00e1 compuesto por un cors\u00e9 sin mangas repleto de brillos sutiles, que aporta luminosidad y un toque de sofisticaci\u00f3n sin perder naturalidad, y una falda de tul ligera, que cae con suavidad y acompa\u00f1a cada movimiento, creando una silueta fluida y elegante.<\/span><\/p>\n<p style=\"text-align: justify;\"><span style=\"font-weight: 400;\">Cada detalle del vestido ha sido cuidadosamente pensado para resaltar la belleza natural de la novia sin eclipsar el entorno, convirti\u00e9ndose en el complemento perfecto para una celebraci\u00f3n al aire libre.<\/span><\/p>\n<p style=\"text-align: justify;\"><span style=\"font-weight: 400;\">El conjunto apuesta por una est\u00e9tica rom\u00e1ntica y atemporal, ideal para una ceremonia \u00edntima o un shooting al atardecer. Los acabados refinados, la luminosidad del cors\u00e9 y la suavidad de la falda transmiten elegancia y naturalidad.<\/span><\/p>\n<p style=\"text-align: justify;\"><span style=\"font-weight: 400;\">En este editorial, la novia brilla con un aire et\u00e9reo y sofisticado, encarnando la fusi\u00f3n perfecta entre el estilo italiano y el esp\u00edritu mediterr\u00e1neo, donde la luz, la naturaleza y el amor se convierten en los verdaderos protagonistas.<\/span><\/p>\n<figure id=\"attachment_53503\" aria-describedby=\"caption-attachment-53503\" style=\"width: 700px\" class=\"wp-caption aligncenter\"><img loading=\"lazy\" decoding=\"async\" class=\"size-full wp-image-53503\" src=\"http:\/\/perfectvenue.es\/wp-content\/uploads\/2025\/12\/Boda-italiana-en-Mallorca-Foto-v\u00eda-\u00c1ngel-Fotograf-Natalia-Ortiz-Events3.jpeg\" alt=\"Boda italiana en Mallorca | Foto v\u00eda \u00c1ngel Fotograf \/ Natalia Ortiz Events\" width=\"700\" height=\"1050\" srcset=\"https:\/\/perfectvenue.es\/wp-content\/uploads\/2025\/12\/Boda-italiana-en-Mallorca-Foto-v\u00eda-\u00c1ngel-Fotograf-Natalia-Ortiz-Events3.jpeg?v=1767007494 700w, https:\/\/perfectvenue.es\/wp-content\/uploads\/2025\/12\/Boda-italiana-en-Mallorca-Foto-v\u00eda-\u00c1ngel-Fotograf-Natalia-Ortiz-Events3-200x300.jpeg?v=1767007494 200w, https:\/\/perfectvenue.es\/wp-content\/uploads\/2025\/12\/Boda-italiana-en-Mallorca-Foto-v\u00eda-\u00c1ngel-Fotograf-Natalia-Ortiz-Events3-683x1024.jpeg?v=1767007494 683w, https:\/\/perfectvenue.es\/wp-content\/uploads\/2025\/12\/Boda-italiana-en-Mallorca-Foto-v\u00eda-\u00c1ngel-Fotograf-Natalia-Ortiz-Events3-450x675.jpeg?v=1767007494 450w, https:\/\/perfectvenue.es\/wp-content\/uploads\/2025\/12\/Boda-italiana-en-Mallorca-Foto-v\u00eda-\u00c1ngel-Fotograf-Natalia-Ortiz-Events3-533x800.jpeg?v=1767007494 533w, https:\/\/perfectvenue.es\/wp-content\/uploads\/2025\/12\/Boda-italiana-en-Mallorca-Foto-v\u00eda-\u00c1ngel-Fotograf-Natalia-Ortiz-Events3-600x900.jpeg?v=1767007494 600w\" sizes=\"auto, (max-width: 700px) 100vw, 700px\" \/><figcaption id=\"caption-attachment-53503\" class=\"wp-caption-text\">La novia con un <span style=\"font-weight: 400;\">vestido dise\u00f1ado por Anne Wolf Couture<\/span>\u00a0| Foto v\u00eda \u00c1ngel Fotograf \/ <a href=\"https:\/\/nataliaortizevents.com\/es\/\">Natalia Ortiz Events<\/a><\/figcaption><\/figure>\n<h2 style=\"text-align: justify;\"><span style=\"font-weight: 400;\">JewelPamPalma: joyas que completan la elegancia de la novia<\/span><\/h2>\n<p style=\"text-align: justify;\"><span style=\"font-weight: 400;\">Las joyas jugaron un papel fundamental para complementar la elegancia y sofisticaci\u00f3n del look de la novia. JewelPamPalma se encarg\u00f3 de aportar el toque de lujo discreto y refinado que realz\u00f3 cada detalle del estilismo en esta boda italiana en Mallorca.<\/span><\/p>\n<p style=\"text-align: justify;\"><span style=\"font-weight: 400;\">Los pendientes elegidos eran colgantes con una perla negra australiana en forma de gota, que aportaban un contraste elegante y moderno frente al look rom\u00e1ntico de la novia. A juego, el collar presentaba perlas negras m\u00e1s peque\u00f1as de forma natural, acompa\u00f1ado de un charm con una perla m\u00e1s grande colgante, creando un conjunto delicado, sofisticado y con movimiento.<\/span><\/p>\n<p style=\"text-align: justify;\"><span style=\"font-weight: 400;\">El anillo de compromiso completaba la selecci\u00f3n: un solitario de oro amarillo con un aro y arco de diamantes, aportando un brillo discreto pero impactante. Cada pieza fue cuidadosamente seleccionada para integrarse con el vestido de Anne Wolfn Couture, el peinado relajado de Susana Jim\u00e9nez Makeup Artist y el toque natural de las flores de Estudio DecoEvents Flowers Mallorca, logrando un equilibrio perfecto entre lujo, romanticismo y estilo mediterr\u00e1neo.<\/span><\/p>\n<figure id=\"attachment_53504\" aria-describedby=\"caption-attachment-53504\" style=\"width: 700px\" class=\"wp-caption aligncenter\"><img loading=\"lazy\" decoding=\"async\" class=\"size-full wp-image-53504\" src=\"http:\/\/perfectvenue.es\/wp-content\/uploads\/2025\/12\/Boda-italiana-en-Mallorca-Foto-v\u00eda-\u00c1ngel-Fotograf-Natalia-Ortiz-Events4.jpeg\" alt=\"Boda italiana en Mallorca | Foto v\u00eda \u00c1ngel Fotograf \/ Natalia Ortiz Events\" width=\"700\" height=\"467\" srcset=\"https:\/\/perfectvenue.es\/wp-content\/uploads\/2025\/12\/Boda-italiana-en-Mallorca-Foto-v\u00eda-\u00c1ngel-Fotograf-Natalia-Ortiz-Events4.jpeg?v=1767007534 700w, https:\/\/perfectvenue.es\/wp-content\/uploads\/2025\/12\/Boda-italiana-en-Mallorca-Foto-v\u00eda-\u00c1ngel-Fotograf-Natalia-Ortiz-Events4-300x200.jpeg?v=1767007534 300w, https:\/\/perfectvenue.es\/wp-content\/uploads\/2025\/12\/Boda-italiana-en-Mallorca-Foto-v\u00eda-\u00c1ngel-Fotograf-Natalia-Ortiz-Events4-450x300.jpeg?v=1767007534 450w, https:\/\/perfectvenue.es\/wp-content\/uploads\/2025\/12\/Boda-italiana-en-Mallorca-Foto-v\u00eda-\u00c1ngel-Fotograf-Natalia-Ortiz-Events4-600x400.jpeg?v=1767007534 600w\" sizes=\"auto, (max-width: 700px) 100vw, 700px\" \/><figcaption id=\"caption-attachment-53504\" class=\"wp-caption-text\"><span style=\"font-weight: 400;\">Joyas de <\/span><span style=\"font-weight: 400;\">JewelPamPalma<\/span>Boda | Foto v\u00eda \u00c1ngel Fotograf \/ <a href=\"https:\/\/nataliaortizevents.com\/es\/\">Natalia Ortiz Events<\/a><\/figcaption><\/figure>\n<h2 style=\"text-align: justify;\"><span style=\"font-weight: 400;\">Estilismo floral y deco: una puesta en escena mediterr\u00e1nea para una boda italiana en Mallorca<\/span><\/h2>\n<p style=\"text-align: justify;\"><span style=\"font-weight: 400;\">La decoraci\u00f3n floral jug\u00f3 un papel fundamental a la hora de crear una atm\u00f3sfera luminosa, fresca y mediterr\u00e1nea. El dise\u00f1o floral, realizado por Estudio DecoEvents Flowers Mallorca, apost\u00f3 por una combinaci\u00f3n equilibrada de color, naturaleza y elegancia, inspirada en los paisajes del sur de Europa y la esencia italiana.<\/span><\/p>\n<p style=\"text-align: justify;\"><span style=\"font-weight: 400;\">Las composiciones florales destacan por la mezcla de flores amarillas y flores blancas, con especial protagonismo de las rosas amarillas, que aportan calidez y vitalidad al conjunto. Estos tonos se integran de manera natural con una abundante presencia de verde, evocando jardines mediterr\u00e1neos llenos de vida y frescura. Como contrapunto crom\u00e1tico, las hortensias azules aportan profundidad y un gui\u00f1o al mar, reforzando la conexi\u00f3n con el entorno mallorqu\u00edn.<\/span><\/p>\n<p style=\"text-align: justify;\"><span style=\"font-weight: 400;\">Las mesas se visten con una decoraci\u00f3n cuidada al detalle, donde los limones se convierten en un elemento decorativo clave. Dispuestos entre los arreglos florales, aportan un aire italiano inconfundible, fresco y vibrante, recordando a las mesas al aire libre de la Toscana o la costa Amalfitana. Esta elecci\u00f3n refuerza la est\u00e9tica natural y desenfadada, sin perder sofisticaci\u00f3n.<\/span><\/p>\n<p style=\"text-align: justify;\"><span style=\"font-weight: 400;\">Cada rinc\u00f3n del espacio respira coherencia y armon\u00eda. Los arreglos florales, pensados para integrarse con el entorno, aportan movimiento, textura y color sin eclipsar la belleza del paisaje. El estilismo floral &amp; deco creado por Estudio DecoEvents Flowers Mallorca consigue as\u00ed un equilibrio perfecto entre elegancia y naturalidad.<\/span><\/p>\n<p style=\"text-align: justify;\"><span style=\"font-weight: 400;\">El resultado es una puesta en escena luminosa y alegre, donde las flores, el verde y los elementos naturales se funden para crear un ambiente acogedor, rom\u00e1ntico y atemporal. Una inspiraci\u00f3n perfecta para quienes sue\u00f1an con una boda mediterr\u00e1nea con car\u00e1cter italiano, donde cada detalle cuenta una historia de belleza, frescura y emoci\u00f3n.<\/span><\/p>\n<figure id=\"attachment_53506\" aria-describedby=\"caption-attachment-53506\" style=\"width: 700px\" class=\"wp-caption aligncenter\"><img loading=\"lazy\" decoding=\"async\" class=\"size-full wp-image-53506\" src=\"http:\/\/perfectvenue.es\/wp-content\/uploads\/2025\/12\/Boda-italiana-en-Mallorca-Foto-v\u00eda-\u00c1ngel-Fotograf-Natalia-Ortiz-Events6.jpeg\" alt=\"Boda italiana en Mallorca | Foto v\u00eda \u00c1ngel Fotograf \/ Natalia Ortiz Events\" width=\"700\" height=\"466\" srcset=\"https:\/\/perfectvenue.es\/wp-content\/uploads\/2025\/12\/Boda-italiana-en-Mallorca-Foto-v\u00eda-\u00c1ngel-Fotograf-Natalia-Ortiz-Events6.jpeg?v=1767007599 700w, https:\/\/perfectvenue.es\/wp-content\/uploads\/2025\/12\/Boda-italiana-en-Mallorca-Foto-v\u00eda-\u00c1ngel-Fotograf-Natalia-Ortiz-Events6-300x200.jpeg?v=1767007599 300w, https:\/\/perfectvenue.es\/wp-content\/uploads\/2025\/12\/Boda-italiana-en-Mallorca-Foto-v\u00eda-\u00c1ngel-Fotograf-Natalia-Ortiz-Events6-450x300.jpeg?v=1767007599 450w, https:\/\/perfectvenue.es\/wp-content\/uploads\/2025\/12\/Boda-italiana-en-Mallorca-Foto-v\u00eda-\u00c1ngel-Fotograf-Natalia-Ortiz-Events6-600x399.jpeg?v=1767007599 600w\" sizes=\"auto, (max-width: 700px) 100vw, 700px\" \/><figcaption id=\"caption-attachment-53506\" class=\"wp-caption-text\"><span style=\"font-weight: 400;\">Estilismo floral y deco por Estudio DecoEvents Flowers Mallorca<\/span>\u00a0| Foto v\u00eda \u00c1ngel Fotograf \/ <a href=\"https:\/\/nataliaortizevents.com\/es\/\">Natalia Ortiz Events<\/a><\/figcaption><\/figure>\n<h2 style=\"text-align: justify;\"><span style=\"font-weight: 400;\">Maquillaje y peinado: belleza natural para una boda italiana memorable<\/span><\/h2>\n<p style=\"text-align: justify;\"><span style=\"font-weight: 400;\">En esta boda italiana, el look de la novia se complet\u00f3 con un maquillaje y peinado que apuestan por la naturalidad, la luz y la elegancia mediterr\u00e1nea. El estilismo estuvo a cargo de Susana Jimenez Makeup Artist, maquilladora y estilista responsable de crear una imagen fresca, luminosa y perfectamente integrada con el entorno.<\/span><\/p>\n<p style=\"text-align: justify;\"><span style=\"font-weight: 400;\">El peinado se dise\u00f1\u00f3 en forma de medio recogido relajado, dejando la melena suelta para aportar movimiento y un aire desenfadado y rom\u00e1ntico. Para darle un toque especial, se a\u00f1adieron flores en la parte posterior, un detalle sutil que conecta el look con la naturaleza y refuerza la est\u00e9tica mediterr\u00e1nea de la celebraci\u00f3n.<\/span><\/p>\n<p style=\"text-align: justify;\"><span style=\"font-weight: 400;\">En cuanto al maquillaje, se opt\u00f3 por una propuesta suave pero muy favorecedora. Las sombras en tonos anaranjados aportan calidez a la mirada y armonizan con la luz dorada de Mallorca, mientras que el r\u00edmel y un eyeliner sutil definen los ojos sin restar naturalidad. Los labios en tonos rosa natural completan el look, manteniendo una imagen fresca y elegante. Todo el maquillaje destaca por su acabado luminoso, realzando la belleza natural de la novia.<\/span><\/p>\n<p style=\"text-align: justify;\"><span style=\"font-weight: 400;\">Gracias al trabajo de Susana Jim\u00e9nez Makeup Artist, el maquillaje y el peinado se convierten en un elemento clave del editorial, acompa\u00f1ando al vestido y a la decoraci\u00f3n floral con coherencia y sensibilidad.<\/span><\/p>\n<figure id=\"attachment_53508\" aria-describedby=\"caption-attachment-53508\" style=\"width: 700px\" class=\"wp-caption aligncenter\"><img loading=\"lazy\" decoding=\"async\" class=\"size-full wp-image-53508\" src=\"http:\/\/perfectvenue.es\/wp-content\/uploads\/2025\/12\/Boda-italiana-en-Mallorca-Foto-v\u00eda-\u00c1ngel-Fotograf-Natalia-Ortiz-Events8.jpeg\" alt=\"Boda italiana en Mallorca | Foto v\u00eda \u00c1ngel Fotograf \/ Natalia Ortiz Events\" width=\"700\" height=\"467\" srcset=\"https:\/\/perfectvenue.es\/wp-content\/uploads\/2025\/12\/Boda-italiana-en-Mallorca-Foto-v\u00eda-\u00c1ngel-Fotograf-Natalia-Ortiz-Events8.jpeg?v=1767007771 700w, https:\/\/perfectvenue.es\/wp-content\/uploads\/2025\/12\/Boda-italiana-en-Mallorca-Foto-v\u00eda-\u00c1ngel-Fotograf-Natalia-Ortiz-Events8-300x200.jpeg?v=1767007771 300w, https:\/\/perfectvenue.es\/wp-content\/uploads\/2025\/12\/Boda-italiana-en-Mallorca-Foto-v\u00eda-\u00c1ngel-Fotograf-Natalia-Ortiz-Events8-450x300.jpeg?v=1767007771 450w, https:\/\/perfectvenue.es\/wp-content\/uploads\/2025\/12\/Boda-italiana-en-Mallorca-Foto-v\u00eda-\u00c1ngel-Fotograf-Natalia-Ortiz-Events8-600x400.jpeg?v=1767007771 600w\" sizes=\"auto, (max-width: 700px) 100vw, 700px\" \/><figcaption id=\"caption-attachment-53508\" class=\"wp-caption-text\"><span style=\"font-weight: 400;\">Maquillaje y peinado a cargo de Susana Jimenez Makeup Artist<\/span>\u00a0| Foto v\u00eda \u00c1ngel Fotograf \/ <a href=\"https:\/\/nataliaortizevents.com\/es\/\">Natalia Ortiz Events<\/a><\/figcaption><\/figure>\n<h2 style=\"text-align: justify;\"><span style=\"font-weight: 400;\">El toque: un tocado para la novia de Pajarita Presumida<\/span><\/h2>\n<p style=\"text-align: justify;\"><span style=\"font-weight: 400;\">Para completar el look de la novia, el estilismo cont\u00f3 con un delicado tocado de Pajarita Presumida Tocados y Accesorios Handmade, que aport\u00f3 un toque rom\u00e1ntico y natural al peinado. Se trataba de unas flores colocadas detr\u00e1s del cabello, que se integraban perfectamente con el medio recogido relajado y la melena suelta, creando una armon\u00eda perfecta con la est\u00e9tica mediterr\u00e1nea y bohemia de la boda.<\/span><\/p>\n<p style=\"text-align: justify;\"><span style=\"font-weight: 400;\">Este accesorio no solo realz\u00f3 la belleza de la novia, sino que tambi\u00e9n reforz\u00f3 la conexi\u00f3n con el entorno. Por eso, cada detalle del tocado estaba pensado para transmitir frescura, elegancia y un aire rom\u00e1ntico, aportando ese peque\u00f1o gran toque de magia que hace que cada imagen del shooting luzca cuidada hasta el \u00faltimo detalle.<\/span><\/p>\n<p style=\"text-align: justify;\"><span style=\"font-weight: 400;\">El resultado fue un look equilibrado, donde el tocado de flores handmade se convirti\u00f3 en un detalle memorable, complementando la esencia mediterr\u00e1nea.<\/span><\/p>\n<h2 style=\"text-align: justify;\"><span style=\"font-weight: 400;\">La tarta nupcial: dulzura mediterr\u00e1nea para una boda italiana en Mallorca<\/span><\/h2>\n<p style=\"text-align: justify;\"><span style=\"font-weight: 400;\">La tarta nupcial fue uno de los elementos m\u00e1s delicados del shooting, gracias al trabajo artesanal de Sof\u00eda Centar, quien hizo una propuesta elegante, natural y en perfecta armon\u00eda con la est\u00e9tica mediterr\u00e1nea del editorial.<\/span><\/p>\n<p style=\"text-align: justify;\"><span style=\"font-weight: 400;\">La tarta, de dos pisos, presenta un acabado en blanco roto, una elecci\u00f3n sofisticada y atemporal que aporta luminosidad y sencillez. Sobre esta base neutra destacan sutiles detalles de flores azules, que a\u00f1aden un toque delicado y evocan el color del mar, integr\u00e1ndose de forma natural con el resto de la decoraci\u00f3n floral.<\/span><\/p>\n<p style=\"text-align: justify;\"><span style=\"font-weight: 400;\">Para completar el dise\u00f1o, se incorporaron flores naturales, hojas verdes y mitades de naranjas y limones, aportando frescura, textura y color. Estos elementos refuerzan la inspiraci\u00f3n italiana y mediterr\u00e1nea, recordando a las mesas al aire libre del sur de Europa y creando una composici\u00f3n visual tan org\u00e1nica como elegante.<\/span><\/p>\n<p style=\"text-align: justify;\"><span style=\"font-weight: 400;\">Esta tarta nupcial se integra as\u00ed de forma impecable en la narrativa de una boda italiana en Mallorca, aportando un punto final lleno de encanto, frescura y sofisticaci\u00f3n a una celebraci\u00f3n donde cada detalle cuenta.<\/span><\/p>\n<figure id=\"attachment_53507\" aria-describedby=\"caption-attachment-53507\" style=\"width: 700px\" class=\"wp-caption aligncenter\"><img loading=\"lazy\" decoding=\"async\" class=\"size-full wp-image-53507\" src=\"http:\/\/perfectvenue.es\/wp-content\/uploads\/2025\/12\/Boda-italiana-en-Mallorca-Foto-v\u00eda-\u00c1ngel-Fotograf-Natalia-Ortiz-Events7.jpeg\" alt=\"Boda italiana en Mallorca | Foto v\u00eda \u00c1ngel Fotograf \/ Natalia Ortiz Events\" width=\"700\" height=\"466\" srcset=\"https:\/\/perfectvenue.es\/wp-content\/uploads\/2025\/12\/Boda-italiana-en-Mallorca-Foto-v\u00eda-\u00c1ngel-Fotograf-Natalia-Ortiz-Events7.jpeg?v=1767007615 700w, https:\/\/perfectvenue.es\/wp-content\/uploads\/2025\/12\/Boda-italiana-en-Mallorca-Foto-v\u00eda-\u00c1ngel-Fotograf-Natalia-Ortiz-Events7-300x200.jpeg?v=1767007615 300w, https:\/\/perfectvenue.es\/wp-content\/uploads\/2025\/12\/Boda-italiana-en-Mallorca-Foto-v\u00eda-\u00c1ngel-Fotograf-Natalia-Ortiz-Events7-450x300.jpeg?v=1767007615 450w, https:\/\/perfectvenue.es\/wp-content\/uploads\/2025\/12\/Boda-italiana-en-Mallorca-Foto-v\u00eda-\u00c1ngel-Fotograf-Natalia-Ortiz-Events7-600x399.jpeg?v=1767007615 600w\" sizes=\"auto, (max-width: 700px) 100vw, 700px\" \/><figcaption id=\"caption-attachment-53507\" class=\"wp-caption-text\"><span style=\"font-weight: 400;\">Tarta nupcial<\/span>\u00a0| Foto v\u00eda \u00c1ngel Fotograf \/ <a href=\"https:\/\/nataliaortizevents.com\/es\/\">Natalia Ortiz Events<\/a><\/figcaption><\/figure>\n<h2 style=\"text-align: justify;\"><span style=\"font-weight: 400;\">Menaje Balear: la elegancia de las mesas\u00a0<\/span><\/h2>\n<p style=\"text-align: justify;\"><span style=\"font-weight: 400;\">En esta boda, cada detalle contaba, y la presentaci\u00f3n de las mesas fue fundamental para transmitir la sofisticaci\u00f3n y el estilo mediterr\u00e1neo del evento. Menaje Balear se encarg\u00f3 de dise\u00f1ar y proveer la vajilla y el menaje, creando un ambiente elegante y coherente con la est\u00e9tica general del shooting en Villa Justel.<\/span><\/p>\n<p style=\"text-align: justify;\"><span style=\"font-weight: 400;\">Cada mesa fue cuidadosamente preparada, combinando platos, cubiertos y cristaler\u00eda de alta calidad con elementos decorativos que complementaban la paleta de colores de la celebraci\u00f3n: verdes, amarillos y azules inspirados en los arreglos florales de Estudio DecoEvents Flowers Mallorca y en los limones decorativos que aportaban frescura mediterr\u00e1nea. Los centros de mesa y la disposici\u00f3n de los utensilios fueron pensados para equilibrar funcionalidad y belleza, logrando una presentaci\u00f3n que invitaba a disfrutar de la comida con estilo y confort.<\/span><\/p>\n<p style=\"text-align: justify;\"><span style=\"font-weight: 400;\">El resultado fue un conjunto armonioso donde cada detalle, desde la vajilla hasta la colocaci\u00f3n de los elementos sobre la mesa, reforzaba la atm\u00f3sfera rom\u00e1ntica y elegante de esta boda.\u00a0<\/span><\/p>\n<figure id=\"attachment_53505\" aria-describedby=\"caption-attachment-53505\" style=\"width: 700px\" class=\"wp-caption aligncenter\"><img loading=\"lazy\" decoding=\"async\" class=\"size-full wp-image-53505\" src=\"http:\/\/perfectvenue.es\/wp-content\/uploads\/2025\/12\/Boda-italiana-en-Mallorca-Foto-v\u00eda-\u00c1ngel-Fotograf-Natalia-Ortiz-Events5.jpeg\" alt=\"Boda italiana en Mallorca | Foto v\u00eda \u00c1ngel Fotograf \/ Natalia Ortiz Events\" width=\"700\" height=\"467\" srcset=\"https:\/\/perfectvenue.es\/wp-content\/uploads\/2025\/12\/Boda-italiana-en-Mallorca-Foto-v\u00eda-\u00c1ngel-Fotograf-Natalia-Ortiz-Events5.jpeg?v=1767007578 700w, https:\/\/perfectvenue.es\/wp-content\/uploads\/2025\/12\/Boda-italiana-en-Mallorca-Foto-v\u00eda-\u00c1ngel-Fotograf-Natalia-Ortiz-Events5-300x200.jpeg?v=1767007578 300w, https:\/\/perfectvenue.es\/wp-content\/uploads\/2025\/12\/Boda-italiana-en-Mallorca-Foto-v\u00eda-\u00c1ngel-Fotograf-Natalia-Ortiz-Events5-450x300.jpeg?v=1767007578 450w, https:\/\/perfectvenue.es\/wp-content\/uploads\/2025\/12\/Boda-italiana-en-Mallorca-Foto-v\u00eda-\u00c1ngel-Fotograf-Natalia-Ortiz-Events5-600x400.jpeg?v=1767007578 600w\" sizes=\"auto, (max-width: 700px) 100vw, 700px\" \/><figcaption id=\"caption-attachment-53505\" class=\"wp-caption-text\"><span style=\"font-weight: 400;\">Menaje Balear<\/span>\u00a0en Mallorca | Foto v\u00eda \u00c1ngel Fotograf \/ <a href=\"https:\/\/nataliaortizevents.com\/es\/\">Natalia Ortiz Events<\/a><\/figcaption><\/figure>\n<h2 style=\"text-align: justify;\"><span style=\"font-weight: 400;\">\u00c1ngel Fotograf: la mirada art\u00edstica detr\u00e1s de la boda italiana en Mallorca<\/span><\/h2>\n<p style=\"text-align: justify;\"><span style=\"font-weight: 400;\">La boda cont\u00f3 con la fotograf\u00eda de \u00c1ngel Fotograf, un profesional especializado en capturar la esencia de las bodas mediterr\u00e1neas con un estilo elegante y contempor\u00e1neo. Su trabajo plasm\u00f3 la luz c\u00e1lida de la isla, los paisajes naturales de Mallorca y la conexi\u00f3n \u00fanica entre los elementos del entorno y la est\u00e9tica nupcial.<\/span><\/p>\n<p style=\"text-align: justify;\"><span style=\"font-weight: 400;\">De este modo, la sensibilidad de \u00c1ngel Fotograf permiti\u00f3 inmortalizar cada instante, desde miradas llenas de complicidad hasta la elegancia natural de los novios y la magia de los detalles artesanales, como el tocado floral de Pajarita Presumida o las joyas de Jewel Pam Palma. Cada fotograf\u00eda no s\u00f3lo documenta la boda, sino que transmite la atm\u00f3sfera de amor, libertad y sofisticaci\u00f3n que Natalia Ortiz cre\u00f3 para esta boda en Mallorca.<\/span><\/p>\n<p style=\"text-align: justify;\"><span style=\"font-weight: 400;\">Por eso, gracias a su visi\u00f3n art\u00edstica, \u00c1ngel Fotograf convirti\u00f3 esta boda en Mallorca en una colecci\u00f3n visual \u00fanica, mostrando la esencia de una celebraci\u00f3n mediterr\u00e1nea, elegante y cargada de romanticismo.<\/span><\/p>\n<figure id=\"attachment_53509\" aria-describedby=\"caption-attachment-53509\" style=\"width: 700px\" class=\"wp-caption aligncenter\"><img loading=\"lazy\" decoding=\"async\" class=\"size-full wp-image-53509\" src=\"http:\/\/perfectvenue.es\/wp-content\/uploads\/2025\/12\/Boda-italiana-en-Mallorca-Foto-v\u00eda-\u00c1ngel-Fotograf-Natalia-Ortiz-Events9.jpeg\" alt=\"Boda italiana en Mallorca | Foto v\u00eda \u00c1ngel Fotograf \/ Natalia Ortiz Events\" width=\"700\" height=\"467\" srcset=\"https:\/\/perfectvenue.es\/wp-content\/uploads\/2025\/12\/Boda-italiana-en-Mallorca-Foto-v\u00eda-\u00c1ngel-Fotograf-Natalia-Ortiz-Events9.jpeg?v=1767007839 700w, https:\/\/perfectvenue.es\/wp-content\/uploads\/2025\/12\/Boda-italiana-en-Mallorca-Foto-v\u00eda-\u00c1ngel-Fotograf-Natalia-Ortiz-Events9-300x200.jpeg?v=1767007839 300w, https:\/\/perfectvenue.es\/wp-content\/uploads\/2025\/12\/Boda-italiana-en-Mallorca-Foto-v\u00eda-\u00c1ngel-Fotograf-Natalia-Ortiz-Events9-450x300.jpeg?v=1767007839 450w, https:\/\/perfectvenue.es\/wp-content\/uploads\/2025\/12\/Boda-italiana-en-Mallorca-Foto-v\u00eda-\u00c1ngel-Fotograf-Natalia-Ortiz-Events9-600x400.jpeg?v=1767007839 600w\" sizes=\"auto, (max-width: 700px) 100vw, 700px\" \/><figcaption id=\"caption-attachment-53509\" class=\"wp-caption-text\">Boda italiana en Mallorca | Foto v\u00eda \u00c1ngel Fotograf \/ <a href=\"https:\/\/nataliaortizevents.com\/es\/\">Natalia Ortiz Events<\/a><\/figcaption><\/figure>\n<h2 style=\"text-align: justify;\"><span style=\"font-weight: 400;\">Distinctive Ceremonies Mallorca: la maestra de ceremonias que marc\u00f3 la diferencia<\/span><\/h2>\n<p style=\"text-align: justify;\"><span style=\"font-weight: 400;\">En esta boda italiana en Mallorca, la ceremonia fue dirigida con elegancia y sensibilidad por Distinctive Ceremonies Mallorca, quien actu\u00f3 como maestra de ceremonias y gu\u00eda de todo el evento. Su papel fue fundamental para que cada momento fluyera con naturalidad, creando una experiencia emotiva y aut\u00e9ntica tanto para los novios como para los invitados.<\/span><\/p>\n<p style=\"text-align: justify;\"><span style=\"font-weight: 400;\">Con una voz c\u00e1lida y cercana, la maestra de ceremonias supo transmitir la historia de la pareja, guiando la celebraci\u00f3n con respeto y estilo. Su intervenci\u00f3n no solo gui\u00f3 la ceremonia, sino que aport\u00f3 un toque personal, integrando detalles rom\u00e1nticos, referencias a la cultura italiana y elementos simb\u00f3licos que reforzaban la conexi\u00f3n con Mallorca y el entorno mediterr\u00e1neo.<\/span><\/p>\n<p style=\"text-align: justify;\"><span style=\"font-weight: 400;\">Por eso, gracias a su profesionalidad, la ceremonia no solo se convirti\u00f3 en un momento memorable del d\u00eda, sino en un eje central que uni\u00f3 todos los elementos del evento: desde la decoraci\u00f3n floral hasta el vestido, el tocado y la luz natural de la isla.<\/span><\/p>\n<p style=\"text-align: justify;\"><span style=\"font-weight: 400;\">Su trabajo demuestra c\u00f3mo una maestra de ceremonias no s\u00f3lo coordina el desarrollo de la boda, sino que aporta magia, narrativa y estilo, convirtiendo la celebraci\u00f3n en una experiencia inolvidable para todos los presentes.<\/span><\/p>\n<figure id=\"attachment_53510\" aria-describedby=\"caption-attachment-53510\" style=\"width: 700px\" class=\"wp-caption aligncenter\"><img loading=\"lazy\" decoding=\"async\" class=\"size-full wp-image-53510\" src=\"http:\/\/perfectvenue.es\/wp-content\/uploads\/2025\/12\/Boda-italiana-en-Mallorca-Foto-v\u00eda-\u00c1ngel-Fotograf-Natalia-Ortiz-Events10.jpeg\" alt=\"Boda italiana en Mallorca | Foto v\u00eda \u00c1ngel Fotograf \/ Natalia Ortiz Events\" width=\"700\" height=\"467\" srcset=\"https:\/\/perfectvenue.es\/wp-content\/uploads\/2025\/12\/Boda-italiana-en-Mallorca-Foto-v\u00eda-\u00c1ngel-Fotograf-Natalia-Ortiz-Events10.jpeg?v=1767007926 700w, https:\/\/perfectvenue.es\/wp-content\/uploads\/2025\/12\/Boda-italiana-en-Mallorca-Foto-v\u00eda-\u00c1ngel-Fotograf-Natalia-Ortiz-Events10-300x200.jpeg?v=1767007926 300w, https:\/\/perfectvenue.es\/wp-content\/uploads\/2025\/12\/Boda-italiana-en-Mallorca-Foto-v\u00eda-\u00c1ngel-Fotograf-Natalia-Ortiz-Events10-450x300.jpeg?v=1767007926 450w, https:\/\/perfectvenue.es\/wp-content\/uploads\/2025\/12\/Boda-italiana-en-Mallorca-Foto-v\u00eda-\u00c1ngel-Fotograf-Natalia-Ortiz-Events10-600x400.jpeg?v=1767007926 600w\" sizes=\"auto, (max-width: 700px) 100vw, 700px\" \/><figcaption id=\"caption-attachment-53510\" class=\"wp-caption-text\"><span style=\"font-weight: 400;\">Distinctive Ceremonies Mallorca como maestra de ceremonias<\/span>\u00a0| Foto v\u00eda \u00c1ngel Fotograf \/ <a href=\"https:\/\/nataliaortizevents.com\/es\/\">Natalia Ortiz Events<\/a><\/figcaption><\/figure>\n<h2 style=\"text-align: justify;\"><a href=\"https:\/\/nataliaortizevents.com\/es\/\"><span style=\"font-weight: 400;\">Natalia Ortiz Events<\/span><\/a><span style=\"font-weight: 400;\">: la mente creativa detr\u00e1s de una boda italiana en Mallorca<\/span><\/h2>\n<p style=\"text-align: justify;\"><span style=\"font-weight: 400;\">Por \u00faltimo, y no por ello menos importante, cabe destacar la organizaci\u00f3n, coordinaci\u00f3n y visi\u00f3n creativa de este editorial, que estuvo a cargo de <\/span><a href=\"https:\/\/nataliaortizevents.com\/es\/\"><span style=\"font-weight: 400;\">Natalia Ortiz Events<\/span><\/a><span style=\"font-weight: 400;\">, decoradora, organizadora y wedding planner especializada en crear experiencias \u00fanicas y llenas de personalidad.<\/span><\/p>\n<p style=\"text-align: justify;\"><span style=\"font-weight: 400;\">Natalia Ortiz y su equipo fueron los responsables de dar forma a una propuesta coherente y cuidada, donde cada elemento encajara a la perfecci\u00f3n con la est\u00e9tica mediterr\u00e1nea e inspiraci\u00f3n italiana. Desde la elecci\u00f3n de Villa Justel como escenario, hasta la coordinaci\u00f3n de todos los proveedores, su trabajo fue clave para transformar cada espacio en un entorno elegante, natural y lleno de armon\u00eda.<\/span><\/p>\n<p style=\"text-align: justify;\"><span style=\"font-weight: 400;\">La planificaci\u00f3n minuciosa, la gesti\u00f3n de tiempos y la atenci\u00f3n al detalle se reflejan en cada rinc\u00f3n del shooting: la iluminaci\u00f3n, la disposici\u00f3n del mobiliario, la integraci\u00f3n del estilismo floral &amp; deco y la conexi\u00f3n visual entre todos los elementos. Todo responde a una misma narrativa, pensada para transmitir emoci\u00f3n, sofisticaci\u00f3n y autenticidad.<\/span><\/p>\n<p style=\"text-align: justify;\"><span style=\"font-weight: 400;\">M\u00e1s all\u00e1 de la log\u00edstica, Natalia Ortiz aport\u00f3 un enfoque art\u00edstico y personalizado, cuidando que cada detalle contara una historia y reforzara la esencia de una boda italiana en Mallorca: mediterr\u00e1nea, elegante y atemporal. Su sensibilidad creativa y su capacidad para coordinar equipos hicieron posible un resultado equilibrado y lleno de inspiraci\u00f3n.<\/span><\/p>\n<p style=\"text-align: justify;\"><span style=\"font-weight: 400;\">Gracias a su visi\u00f3n y profesionalidad, este editorial se convierte en una referencia para parejas que sue\u00f1an con una boda en Mallorca con alma italiana, donde la belleza del entorno y el dise\u00f1o se unen para crear una experiencia verdaderamente inolvidable.<\/span><\/p>\n<p style=\"text-align: justify;\"><span style=\"font-weight: 400;\">Si m\u00e1s inspiraci\u00f3n, entonces echa un vistazo al <\/span><a href=\"https:\/\/perfectvenue.es\/es\/2025\/12\/16\/wedding-photoshoot-in-ibiza\/\"><span style=\"font-weight: 400;\">shooting de boda en Ibiza<\/span><\/a><span style=\"font-weight: 400;\">, a este <\/span><a href=\"https:\/\/perfectvenue.es\/es\/2025\/12\/04\/wedding-photoshoot-in-cadiz\/\"><span style=\"font-weight: 400;\">shooting de boda en C\u00e1diz<\/span><\/a><span style=\"font-weight: 400;\">, este <\/span><a href=\"https:\/\/perfectvenue.es\/es\/2025\/05\/24\/wedding-in-mallorca-cala-rotja\/\"><span style=\"font-weight: 400;\">shooting de boda en Mallorca, en Cala Rotja<\/span><\/a><span style=\"font-weight: 400;\">, y este otro <\/span><a href=\"https:\/\/perfectvenue.es\/es\/2025\/05\/09\/wedding-in-a-palace-in-spain\/\"><span style=\"font-weight: 400;\">shooting de boda en un palacio de Espa\u00f1a<\/span><\/a><span style=\"font-weight: 400;\">. \u00a1Te encantar\u00e1!<\/span><\/p>\n<p><\/p>\n<span class=\"tags-links\"><a href=\"https:\/\/perfectvenue.es\/es\/tag\/boda-italiana-en-mallorca\/\" rel=\"tag\">Boda italiana en Mallorca<\/a><a href=\"https:\/\/perfectvenue.es\/es\/tag\/boda-italiana-en-mallorca-2026\/\" rel=\"tag\">Boda italiana en Mallorca 2026<\/a><a href=\"https:\/\/perfectvenue.es\/es\/tag\/boda-italiana-en-mallorca-elegante\/\" rel=\"tag\">Boda italiana en Mallorca elegante<\/a><\/span>","protected":false},"excerpt":{"rendered":"<p>Boda italiana en Mallorca: inspiraci\u00f3n mediterr\u00e1nea y elegancia atemporal. Descubre todos los detalles del shooting m\u00e1s rom\u00e1ntico y especial.<\/p>\n","protected":false},"author":48202,"featured_media":53501,"comment_status":"closed","ping_status":"open","sticky":false,"template":"","format":"standard","meta":{"footnotes":""},"categories":[176],"tags":[8912,8914,8913],"class_list":["post-53499","post","type-post","status-publish","format-standard","has-post-thumbnail","hentry","category-wedding","tag-boda-italiana-en-mallorca","tag-boda-italiana-en-mallorca-2026","tag-boda-italiana-en-mallorca-elegante"],"_links":{"self":[{"href":"https:\/\/perfectvenue.es\/es\/wp-json\/wp\/v2\/posts\/53499","targetHints":{"allow":["GET"]}}],"collection":[{"href":"https:\/\/perfectvenue.es\/es\/wp-json\/wp\/v2\/posts"}],"about":[{"href":"https:\/\/perfectvenue.es\/es\/wp-json\/wp\/v2\/types\/post"}],"author":[{"embeddable":true,"href":"https:\/\/perfectvenue.es\/es\/wp-json\/wp\/v2\/users\/48202"}],"replies":[{"embeddable":true,"href":"https:\/\/perfectvenue.es\/es\/wp-json\/wp\/v2\/comments?post=53499"}],"version-history":[{"count":11,"href":"https:\/\/perfectvenue.es\/es\/wp-json\/wp\/v2\/posts\/53499\/revisions"}],"predecessor-version":[{"id":53526,"href":"https:\/\/perfectvenue.es\/es\/wp-json\/wp\/v2\/posts\/53499\/revisions\/53526"}],"wp:featuredmedia":[{"embeddable":true,"href":"https:\/\/perfectvenue.es\/es\/wp-json\/wp\/v2\/media\/53501"}],"wp:attachment":[{"href":"https:\/\/perfectvenue.es\/es\/wp-json\/wp\/v2\/media?parent=53499"}],"wp:term":[{"taxonomy":"category","embeddable":true,"href":"https:\/\/perfectvenue.es\/es\/wp-json\/wp\/v2\/categories?post=53499"},{"taxonomy":"post_tag","embeddable":true,"href":"https:\/\/perfectvenue.es\/es\/wp-json\/wp\/v2\/tags?post=53499"}],"curies":[{"name":"wp","href":"https:\/\/api.w.org\/{rel}","templated":true}]}}