{"id":50699,"date":"2025-09-01T12:54:30","date_gmt":"2025-09-01T09:54:30","guid":{"rendered":"https:\/\/perfectvenue.es\/?p=50699"},"modified":"2025-09-01T12:54:30","modified_gmt":"2025-09-01T09:54:30","slug":"musical-group-for-weddings-and-events","status":"publish","type":"post","link":"https:\/\/perfectvenue.es\/es\/2025\/09\/01\/musical-group-for-weddings-and-events\/","title":{"rendered":"Entrevistamos a Cuerda y Comp\u00e1s: el grupo musical para bodas y eventos que no defrauda"},"content":{"rendered":"<p><\/p>\n<p style=\"text-align: justify;\"><span style=\"font-weight: 400;\">En la entrevista de hoy conocemos al equipo de <\/span><a href=\"https:\/\/vendors.perfectvenue.es\/es\/listings\/grupo-musical-para-bodas-y-eventos\/\"><span style=\"font-weight: 400;\">Cuerda y Comp\u00e1s<\/span><\/a><span style=\"font-weight: 400;\">, un grupo musical para bodas y eventos, cuyo prop\u00f3sito es transformar tu evento en un sue\u00f1o inolvidable.<\/span><\/p>\n<p style=\"text-align: justify;\"><span style=\"font-weight: 400;\">Para Cuerda y Comp\u00e1s, la m\u00fasica no es simple ambientaci\u00f3n, sino pasi\u00f3n, ya que corre por sus venas. Cuentan con una amplia trayectoria, y no es de extra\u00f1ar, ya que ahora se encarga la cuarta generaci\u00f3n de una familia de m\u00fasicos reconocida. Por eso, se enfocan en ofrecer un servicio elegante, personalizado y adecuado para cualquier situaci\u00f3n.<\/span><\/p>\n<p style=\"text-align: justify;\"><span style=\"font-weight: 400;\">Su sello indiscutible como grupo musical para bodas y eventos es la calidad interpretativa, as\u00ed como el trato afable y customizado, al gusto de los protagonistas. Adem\u00e1s, no importa si vienes de fuera, ya que pueden atenderte en el idioma que desees. Del mismo modo, pueden adaptar la petici\u00f3n musical que anheles, ya sea en un tono m\u00e1s solemne como con un instrumento diferente \u00a1sin compromisos!<\/span><\/p>\n<p style=\"text-align: justify;\"><span style=\"font-weight: 400;\">Por eso, si est\u00e1s buscando un grupo musical para bodas y eventos que sea profesional, amable, con buena reputaci\u00f3n e inolvidable, Cuerda y Comp\u00e1s es la opci\u00f3n que necesitas para transformar tu celebraci\u00f3n en una experiencia redonda.<\/span><\/p>\n<p style=\"text-align: justify;\"><span style=\"font-weight: 400;\">\u00bfQuieres saber m\u00e1s acerca de ellos? \u00a1Sigue leyendo!<\/span><\/p>\n<h2 style=\"text-align: justify;\"><span style=\"font-weight: 400;\">1. \u00bfCo\u0301mo nacio\u0301 Cuerda y Compa\u0301s? \u00bfFue amor \u201ca primera nota\u201d o una evolucio\u0301n natural entre mu\u0301sicos?<\/span><\/h2>\n<p style=\"text-align: justify;\"><span style=\"font-weight: 400;\">Cuerda y Compa\u0301s nacio\u0301 como una hermosa sinfoni\u0301a entre tradicio\u0301n y vocacio\u0301n. Somos la cuarta generacio\u0301n de una familia de mu\u0301sicos, asi\u0301 que podri\u0301a decirse que la mu\u0301sica corre por nuestras venas. Ma\u0301s que un flechazo, fue una evolucio\u0301n natural: crecimos entre partituras, ensayos y escenarios, y decidimos transformar ese legado en una propuesta profesional que combinara excelencia musical con emociones inolvidables.<\/span><\/p>\n<h2 style=\"text-align: justify;\"><span style=\"font-weight: 400;\">2. Cada boda es u\u0301nica, \u00bfque\u0301 es lo primero que os inspira a la hora de preparar el repertorio para una pareja?<\/span><\/h2>\n<p style=\"text-align: justify;\"><span style=\"font-weight: 400;\">Lo primero que hacemos es escuchar. Cada pareja tiene una historia, una energi\u0301a y una sensibilidad distintas. Nos inspira conocer sus gustos, su estilo y el tipo de atmo\u0301sfera que desean crear. A partir de ahi\u0301, disen\u0303amos un repertorio a medida, como un traje musical hecho a mano, que refleje su esencia y acompan\u0303e cada momento con la emocio\u0301n justa.<\/span><\/p>\n<figure id=\"attachment_50319\" aria-describedby=\"caption-attachment-50319\" style=\"width: 700px\" class=\"wp-caption aligncenter\"><img loading=\"lazy\" decoding=\"async\" class=\"size-full wp-image-50319\" src=\"https:\/\/perfectvenue.es\/wp-content\/uploads\/2025\/07\/musica-en-vivo-cuerdaycompas.jpg\" alt=\"Grupo musical para bodas y eventos \/ Foto v\u00eda Perfect Venue\" width=\"700\" height=\"457\" srcset=\"https:\/\/perfectvenue.es\/wp-content\/uploads\/2025\/07\/musica-en-vivo-cuerdaycompas.jpg?v=1753654059 700w, https:\/\/perfectvenue.es\/wp-content\/uploads\/2025\/07\/musica-en-vivo-cuerdaycompas-300x196.jpg?v=1753654059 300w, https:\/\/perfectvenue.es\/wp-content\/uploads\/2025\/07\/musica-en-vivo-cuerdaycompas-450x294.jpg?v=1753654059 450w, https:\/\/perfectvenue.es\/wp-content\/uploads\/2025\/07\/musica-en-vivo-cuerdaycompas-600x392.jpg?v=1753654059 600w\" sizes=\"auto, (max-width: 700px) 100vw, 700px\" \/><figcaption id=\"caption-attachment-50319\" class=\"wp-caption-text\">Cuerda y Comp\u00e1s \/ Foto v\u00eda <a href=\"https:\/\/perfectvenue.es\/es\/\">Perfect Venue<\/a><\/figcaption><\/figure>\n<h2 style=\"text-align: justify;\"><span style=\"font-weight: 400;\">3. \u00bfCua\u0301l ha sido la boda o evento ma\u0301s curioso o inolvidable en el que habe\u0301is tocado?<\/span><\/h2>\n<p style=\"text-align: justify;\"><span style=\"font-weight: 400;\">Una de las ma\u0301s inolvidables fue una boda en Marruecos, en un riad tradicional en el corazo\u0301n de Marrakech. La ceremonia se celebro\u0301 al aire libre, rodeada de faroles, alfombras bereberes y aromas de azahar. Nos pidieron fusionar mu\u0301sica cla\u0301sica con toques a\u0301rabes, y fue una experiencia tan intensa como ma\u0301gica. La mezcla cultural, la calidez de los invitados y la atmo\u0301sfera del lugar hicieron que fuera un evento verdaderamente u\u0301nico.<\/span><\/p>\n<h2 style=\"text-align: justify;\"><span style=\"font-weight: 400;\">4. \u00bfAlguna vez habe\u0301is tenido que improvisar en plena actuacio\u0301n? \u00a1Contadnos esa ane\u0301cdota!<\/span><\/h2>\n<p style=\"text-align: justify;\"><span style=\"font-weight: 400;\">Si\u0301, y adema\u0301s fue muy divertido. En una boda, justo cuando comenza\u0301bamos a tocar el tema de entrada de los novios, uno de los nin\u0303os del cortejo se acerco\u0301 al grupo y empezo\u0301 a \u201cdirigirnos\u201d con una ramita como si fuera una batuta. En lugar de detenernos, seguimos tocando y nos dejamos llevar por su entusiasmo. Los invitados se rieron, los novios se emocionaron, y el pequen\u0303o se convirtio\u0301 en el director ma\u0301s joven que hemos tenido. Fue un momento esponta\u0301neo que an\u0303adio\u0301 ternura y alegri\u0301a a la ceremonia.<\/span><\/p>\n<h2 style=\"text-align: justify;\"><span style=\"font-weight: 400;\">5. \u00bfQue\u0301 diferencia a Cuerda y Compa\u0301s respecto otro grupo musical para bodas y eventos?<\/span><\/h2>\n<p style=\"text-align: justify;\"><span style=\"font-weight: 400;\">Nuestra diferencia esta\u0301 en la combinacio\u0301n de tres pilares: la excelencia interpretativa, el trato humano y la versatilidad. No somos solo mu\u0301sicos, somos narradores de emociones. Nos adaptamos a cada evento con una formacio\u0301n flexible, un repertorio personalizado y una atencio\u0301n al detalle que convierte cada actuacio\u0301n en una experiencia u\u0301nica.<\/span><\/p>\n<figure id=\"attachment_50323\" aria-describedby=\"caption-attachment-50323\" style=\"width: 700px\" class=\"wp-caption aligncenter\"><img loading=\"lazy\" decoding=\"async\" class=\"size-full wp-image-50323\" src=\"https:\/\/perfectvenue.es\/wp-content\/uploads\/2025\/07\/musica-para-bodas-cuerdaycompas4.jpeg\" alt=\"Grupo musical para bodas y eventos \/ Foto v\u00eda Perfect Venue\" width=\"700\" height=\"466\" srcset=\"https:\/\/perfectvenue.es\/wp-content\/uploads\/2025\/07\/musica-para-bodas-cuerdaycompas4.jpeg?v=1753654743 700w, https:\/\/perfectvenue.es\/wp-content\/uploads\/2025\/07\/musica-para-bodas-cuerdaycompas4-300x200.jpeg?v=1753654743 300w, https:\/\/perfectvenue.es\/wp-content\/uploads\/2025\/07\/musica-para-bodas-cuerdaycompas4-450x300.jpeg?v=1753654743 450w, https:\/\/perfectvenue.es\/wp-content\/uploads\/2025\/07\/musica-para-bodas-cuerdaycompas4-600x399.jpeg?v=1753654743 600w\" sizes=\"auto, (max-width: 700px) 100vw, 700px\" \/><figcaption id=\"caption-attachment-50323\" class=\"wp-caption-text\">Cuerda y Comp\u00e1s \/ Foto v\u00eda <a href=\"https:\/\/perfectvenue.es\/es\/\">Perfect Venue<\/a><\/figcaption><\/figure>\n<h2 style=\"text-align: justify;\"><span style=\"font-weight: 400;\">6. Imaginad una boda tema\u0301tica (Star Wars, vintage, medieval&#8230;). \u00bfCua\u0301l ha sido la ma\u0301s original en la que habe\u0301is actuado?<\/span><\/h2>\n<p style=\"text-align: justify;\"><span style=\"font-weight: 400;\">\u00a1Una boda tema\u0301tica de Star Wars fue, sin duda, de las ma\u0301s originales y divertidas! El novio hizo su entrada escoltado por soldados imperiales, mientras sonaba la Marcha Imperial interpretada por nuestro cuarteto de cuerdas. Pero lo ma\u0301s sorprendente fue que todas y cada una de las canciones que interpretamos durante la ceremonia perteneci\u0301an al universo de Star Wars. Desde el tema de Leia hasta el de Yoda, cada pieza fue cuidadosamente seleccionada para acompan\u0303ar los distintos momentos del evento. Fue como vivir una boda en una galaxia muy, muy lejana.<\/span><\/p>\n<h2 style=\"text-align: justify;\"><span style=\"font-weight: 400;\">7. \u00bfQue\u0301 estilo musical os emociona ma\u0301s interpretar en directo? \u00bfY cua\u0301l os desafi\u0301a ma\u0301s como grupo musical para bodas y eventos?<\/span><\/h2>\n<p style=\"text-align: justify;\"><span style=\"font-weight: 400;\">Nos emociona especialmente la mu\u0301sica de cine, porque conecta con recuerdos y emociones profundas. Interpretar piezas como \u201cLa vida es bella\u201d o \u201cGlasgow Love Theme\u201d siempre nos pone la piel de gallina. El mayor desafi\u0301o, sin duda, es adaptar temas contempora\u0301neos a formaciones cla\u0301sicas sin perder su esencia. Pero nos encanta ese reto.<\/span><\/p>\n<h2 style=\"text-align: justify;\"><span style=\"font-weight: 400;\">8. \u00bfCua\u0301l ha sido el lugar ma\u0301s espectacular donde habe\u0301is tocado como grupo musical para bodas y eventos?<\/span><\/h2>\n<p style=\"text-align: justify;\"><span style=\"font-weight: 400;\">A lo largo de nuestra trayectoria hemos tenido el privilegio de actuar en algunas de las mejores fincas e iglesias de toda Espan\u0303a, cada una con su encanto u\u0301nico. Pero si tuvie\u0301ramos que destacar algunos lugares verdaderamente espectaculares, mencionari\u0301amos el Teatro Real de Madrid, por su historia y acu\u0301stica majestuosa; la Catedral de Toledo y la Catedral del Burgo de Osma, ambas joyas arquitecto\u0301nicas que elevan cualquier interpretacio\u0301n; y La Granja de San Ildefonso, en Segovia, donde la mu\u0301sica se funde con la belleza de sus jardines y palacios. Cada espacio nos ha ofrecido una experiencia distinta, pero todos han contribuido a hacer de la mu\u0301sica algo au\u0301n ma\u0301s ma\u0301gico.<\/span><\/p>\n<figure id=\"attachment_50701\" aria-describedby=\"caption-attachment-50701\" style=\"width: 700px\" class=\"wp-caption aligncenter\"><img loading=\"lazy\" decoding=\"async\" class=\"wp-image-50701\" title=\"Grupo musical para bodas y eventos\" src=\"https:\/\/perfectvenue.es\/wp-content\/uploads\/2025\/08\/Granja-de-San-Ildefonso-Segovia-_-Pinterest.jpg\" alt=\"Grupo musical para bodas y eventos \/ Foto v\u00eda Perfect Venue\" width=\"700\" height=\"469\" srcset=\"https:\/\/perfectvenue.es\/wp-content\/uploads\/2025\/08\/Granja-de-San-Ildefonso-Segovia-_-Pinterest.jpg?v=1755851170 699w, https:\/\/perfectvenue.es\/wp-content\/uploads\/2025\/08\/Granja-de-San-Ildefonso-Segovia-_-Pinterest-300x201.jpg?v=1755851170 300w, https:\/\/perfectvenue.es\/wp-content\/uploads\/2025\/08\/Granja-de-San-Ildefonso-Segovia-_-Pinterest-450x301.jpg?v=1755851170 450w, https:\/\/perfectvenue.es\/wp-content\/uploads\/2025\/08\/Granja-de-San-Ildefonso-Segovia-_-Pinterest-600x402.jpg?v=1755851170 600w\" sizes=\"auto, (max-width: 700px) 100vw, 700px\" \/><figcaption id=\"caption-attachment-50701\" class=\"wp-caption-text\"><span style=\"font-weight: 400;\">La Granja de San Ildefonso, Segovia<\/span> \/ Foto v\u00eda Pinterest<\/figcaption><\/figure>\n<h2 style=\"text-align: justify;\"><span style=\"font-weight: 400;\">9. Si tuvierais que elegir una cancio\u0301n para describir vuestra esencia como grupo musical para bodas y eventos, \u00bfcua\u0301l seri\u0301a y por que\u0301?<\/span><\/h2>\n<p style=\"text-align: justify;\"><span style=\"font-weight: 400;\">\u201cEl Canon de Pachelbel\u201d. Es elegante, emotivo, atemporal y tiene una estructura que se construye en armoni\u0301a, como nuestro trabajo en equipo. Adema\u0301s, es una de las piezas ma\u0301s solicitadas por nuestras parejas, lo que la convierte en parte de nuestra historia. <\/span><\/p>\n<h2 style=\"text-align: justify;\"><span style=\"font-weight: 400;\">10. \u00bfQue\u0301 es lo ma\u0301s bonito que os ha dicho una pareja despue\u0301s de tocar en su boda?<\/span><\/h2>\n<p style=\"text-align: justify;\"><span style=\"font-weight: 400;\">Una pareja nos escribio\u0301 al di\u0301a siguiente diciendo: \u201cNo sabemos co\u0301mo agradeceros lo que hicisteis ayer. La mu\u0301sica fue como un hilo invisible que unio\u0301 cada momento de nuestro di\u0301a. Nos hicisteis llorar, rei\u0301r y son\u0303ar. Fue perfecto.\u201d Ese tipo de mensajes nos llegan al alma y nos recuerdan que, ma\u0301s alla\u0301 de las notas, lo que realmente compartimos son emociones.<\/span><\/p>\n<h2 style=\"text-align: justify;\"><span style=\"font-weight: 400;\">11. \u00bfCo\u0301mo es un di\u0301a ti\u0301pico en la vida de Cuerda y Compa\u0301s cuando hay eventos?<\/span><\/h2>\n<p style=\"text-align: justify;\"><span style=\"font-weight: 400;\">Empieza con repaso de repertorio, revisio\u0301n de instrumentos y logi\u0301stica. Luego, desplazamiento al lugar del evento con tiempo de sobra para pruebas de sonido y coordinacio\u0301n con los organizadores. Una vez empieza la mu\u0301sica, todo fluye. Y al terminar, siempre hay una sensacio\u0301n de gratitud y satisfaccio\u0301n difi\u0301cil de describir.<\/span><\/p>\n<figure id=\"attachment_50322\" aria-describedby=\"caption-attachment-50322\" style=\"width: 700px\" class=\"wp-caption aligncenter\"><img loading=\"lazy\" decoding=\"async\" class=\"size-full wp-image-50322\" src=\"https:\/\/perfectvenue.es\/wp-content\/uploads\/2025\/07\/musica-para-bodas-en-vivo-cuerdaycompas2.jpeg\" alt=\"Grupo musical para bodas y eventos \/ Foto v\u00eda Perfect Venue\" width=\"700\" height=\"466\" srcset=\"https:\/\/perfectvenue.es\/wp-content\/uploads\/2025\/07\/musica-para-bodas-en-vivo-cuerdaycompas2.jpeg?v=1753654674 700w, https:\/\/perfectvenue.es\/wp-content\/uploads\/2025\/07\/musica-para-bodas-en-vivo-cuerdaycompas2-300x200.jpeg?v=1753654674 300w, https:\/\/perfectvenue.es\/wp-content\/uploads\/2025\/07\/musica-para-bodas-en-vivo-cuerdaycompas2-450x300.jpeg?v=1753654674 450w, https:\/\/perfectvenue.es\/wp-content\/uploads\/2025\/07\/musica-para-bodas-en-vivo-cuerdaycompas2-600x399.jpeg?v=1753654674 600w\" sizes=\"auto, (max-width: 700px) 100vw, 700px\" \/><figcaption id=\"caption-attachment-50322\" class=\"wp-caption-text\">Cuerda y Comp\u00e1s \/ Foto v\u00eda <a href=\"https:\/\/perfectvenue.es\/es\/\">Perfect Venue<\/a><\/figcaption><\/figure>\n<h2 style=\"text-align: justify;\"><span style=\"font-weight: 400;\">12. \u00bfTene\u0301is algu\u0301n ritual antes de salir a tocar? (\u00a1Queremos saber si hay supersticiones o mani\u0301as!)<\/span><\/h2>\n<p style=\"text-align: justify;\"><span style=\"font-weight: 400;\">La verdad es que no tenemos ningu\u0301n ritual concreto ni supersticiones. Lo que si\u0301 hacemos siempre es prepararnos con mucho mimo y concentracio\u0301n antes de cada actuacio\u0301n. Cada evento es u\u0301nico, asi\u0301 que nos enfocamos en repasar los u\u0301ltimos detalles, respirar hondo y disfrutar del privilegio de hacer mu\u0301sica en momentos tan especiales.<\/span><\/p>\n<h2 style=\"text-align: justify;\"><span style=\"font-weight: 400;\">13. \u00bfQue\u0301 consejo musical le dari\u0301ais a una pareja que esta\u0301 organizando su boda y quiere que sea inolvidable?<\/span><\/h2>\n<p style=\"text-align: justify;\"><span style=\"font-weight: 400;\">Que elijan la mu\u0301sica con el corazo\u0301n. No se trata solo de lo que esta\u0301 de moda, sino de lo que les emociona a ellos. La mu\u0301sica tiene el poder de marcar momentos para siempre, asi\u0301 que nuestro consejo es: personalizadla, vividla y dejad que hable por vosotros.<\/span><\/p>\n<figure id=\"attachment_50324\" aria-describedby=\"caption-attachment-50324\" style=\"width: 700px\" class=\"wp-caption aligncenter\"><img loading=\"lazy\" decoding=\"async\" class=\"size-full wp-image-50324\" src=\"https:\/\/perfectvenue.es\/wp-content\/uploads\/2025\/07\/musica-clasica-para-bodas-cuerdaycompas3.jpeg\" alt=\"Grupo musical para bodas y eventos \/ Foto v\u00eda Perfect Venue\" width=\"700\" height=\"525\" srcset=\"https:\/\/perfectvenue.es\/wp-content\/uploads\/2025\/07\/musica-clasica-para-bodas-cuerdaycompas3.jpeg?v=1753654871 700w, https:\/\/perfectvenue.es\/wp-content\/uploads\/2025\/07\/musica-clasica-para-bodas-cuerdaycompas3-300x225.jpeg?v=1753654871 300w, https:\/\/perfectvenue.es\/wp-content\/uploads\/2025\/07\/musica-clasica-para-bodas-cuerdaycompas3-450x338.jpeg?v=1753654871 450w, https:\/\/perfectvenue.es\/wp-content\/uploads\/2025\/07\/musica-clasica-para-bodas-cuerdaycompas3-600x450.jpeg?v=1753654871 600w\" sizes=\"auto, (max-width: 700px) 100vw, 700px\" \/><figcaption id=\"caption-attachment-50324\" class=\"wp-caption-text\">Cuerda y Comp\u00e1s \/ Foto v\u00eda <a href=\"https:\/\/perfectvenue.es\/es\/\">Perfect Venue<\/a><\/figcaption><\/figure>\n<h2 style=\"text-align: justify;\"><span style=\"font-weight: 400;\">14. Por u\u0301ltimo, si vuestro grupo fuera un co\u0301ctel, \u00bfque\u0301 ingredientes llevari\u0301a y co\u0301mo se llamari\u0301a?\u00a0<\/span><\/h2>\n<p style=\"text-align: justify;\"><span style=\"font-weight: 400;\">Se llamari\u0301a \u201cMelodi\u0301a Secreta\u201d y llevari\u0301a: una base de tradicio\u0301n familiar (como un buen licor an\u0303ejo), un toque de elegancia (champa\u0301n, por supuesto), notas de creatividad (licor de flor de sau\u0301co), y una pizca de emocio\u0301n (unas gotas de limo\u0301n). Servido en copa de cristal de Bohemia, con una dulce melodi\u0301a de fondo. <\/span><\/p>\n<p><\/p>\n<span class=\"tags-links\"><a href=\"https:\/\/perfectvenue.es\/es\/tag\/cuerda-y-compas-grupo-musical-para-bodas-y-eventos\/\" rel=\"tag\">Cuerda y Comp\u00e1s: grupo musical para bodas y eventos<\/a><a href=\"https:\/\/perfectvenue.es\/es\/tag\/cuerda-y-compas-grupo-musical-para-bodas-y-eventos-2026\/\" rel=\"tag\">Cuerda y Comp\u00e1s: grupo musical para bodas y eventos 2026<\/a><a href=\"https:\/\/perfectvenue.es\/es\/tag\/entrevista-a-cuerda-y-compas\/\" rel=\"tag\">Entrevista a Cuerda y Comp\u00e1s<\/a><\/span>","protected":false},"excerpt":{"rendered":"<p>Entrevistamos a Cuerda y Comp\u00e1s: el grupo musical para bodas y eventos que no defrauda. Destacan por su eficiencia y elegancia, generando momentos \u00fanicos.<\/p>\n","protected":false},"author":48202,"featured_media":50319,"comment_status":"closed","ping_status":"open","sticky":false,"template":"","format":"standard","meta":{"footnotes":""},"categories":[2064],"tags":[8425,8426,8424],"class_list":["post-50699","post","type-post","status-publish","format-standard","has-post-thumbnail","hentry","category-events","tag-cuerda-y-compas-grupo-musical-para-bodas-y-eventos","tag-cuerda-y-compas-grupo-musical-para-bodas-y-eventos-2026","tag-entrevista-a-cuerda-y-compas"],"_links":{"self":[{"href":"https:\/\/perfectvenue.es\/es\/wp-json\/wp\/v2\/posts\/50699","targetHints":{"allow":["GET"]}}],"collection":[{"href":"https:\/\/perfectvenue.es\/es\/wp-json\/wp\/v2\/posts"}],"about":[{"href":"https:\/\/perfectvenue.es\/es\/wp-json\/wp\/v2\/types\/post"}],"author":[{"embeddable":true,"href":"https:\/\/perfectvenue.es\/es\/wp-json\/wp\/v2\/users\/48202"}],"replies":[{"embeddable":true,"href":"https:\/\/perfectvenue.es\/es\/wp-json\/wp\/v2\/comments?post=50699"}],"version-history":[{"count":14,"href":"https:\/\/perfectvenue.es\/es\/wp-json\/wp\/v2\/posts\/50699\/revisions"}],"predecessor-version":[{"id":50848,"href":"https:\/\/perfectvenue.es\/es\/wp-json\/wp\/v2\/posts\/50699\/revisions\/50848"}],"wp:featuredmedia":[{"embeddable":true,"href":"https:\/\/perfectvenue.es\/es\/wp-json\/wp\/v2\/media\/50319"}],"wp:attachment":[{"href":"https:\/\/perfectvenue.es\/es\/wp-json\/wp\/v2\/media?parent=50699"}],"wp:term":[{"taxonomy":"category","embeddable":true,"href":"https:\/\/perfectvenue.es\/es\/wp-json\/wp\/v2\/categories?post=50699"},{"taxonomy":"post_tag","embeddable":true,"href":"https:\/\/perfectvenue.es\/es\/wp-json\/wp\/v2\/tags?post=50699"}],"curies":[{"name":"wp","href":"https:\/\/api.w.org\/{rel}","templated":true}]}}