{"id":48054,"date":"2025-05-24T08:00:06","date_gmt":"2025-05-24T05:00:06","guid":{"rendered":"https:\/\/perfectvenue.es\/?p=48054"},"modified":"2025-05-23T11:43:22","modified_gmt":"2025-05-23T08:43:22","slug":"wedding-in-mallorca-cala-rotja","status":"publish","type":"post","link":"https:\/\/perfectvenue.es\/es\/2025\/05\/24\/wedding-in-mallorca-cala-rotja\/","title":{"rendered":"Un shooting de boda en Mallorca en Cala Rotja con alma silvestre y el Mediterr\u00e1neo como escenario"},"content":{"rendered":"<p><\/p>\n<p style=\"text-align: justify;\"><span style=\"font-weight: 400;\">Mallorca tiene esa capacidad de convertir cada momento en una experiencia inolvidable. La isla, con su luz c\u00e1lida, paisajes impresionantes y su estilo de vida mediterr\u00e1neo, crea un entorno \u00fanico para celebrar el amor. Una boda en Mallorca que combina sencillez, sofisticaci\u00f3n y elegancia, donde cada detalle forma parte del evento, desde la elecci\u00f3n del lugar hasta el \u00faltimo p\u00e9talo de flor. Todo est\u00e1 pensado para ofrecer una experiencia aut\u00e9ntica, emocional y llena de belleza.<\/span><\/p>\n<p style=\"text-align: justify;\"><span style=\"font-weight: 400;\">Entre sus rincones m\u00e1s privilegiados se encuentra Cala Rotja, que destaca como un escenario de ensue\u00f1o. Sus acantilados rojizos y el azul turquesa del mar crean un entorno \u00fanico para una ceremonia \u00edntima y llena de encanto. Este rinc\u00f3n especial invita a conectar con la naturaleza.<\/span><\/p>\n<p style=\"text-align: justify;\"><span style=\"font-weight: 400;\">La celebraci\u00f3n se refleja en cada detalle, desde el vestido de la novia hasta la decoraci\u00f3n floral con un toque silvestre. La novia luci\u00f3 un vestido rom\u00e1ntico y ligero que transmit\u00eda libertad y elegancia. Los tonos suaves y los toques vibrantes en las flores complementaron perfectamente el lugar, creando un ambiente lleno de armon\u00eda y personalidad.<\/span><\/p>\n<p style=\"text-align: justify;\"><span style=\"font-weight: 400;\">Todo en esta boda en Mallorca fue cuidadosamente pensado para reflejar la belleza sencilla y aut\u00e9ntica de Cala Rotja. Desde la decoraci\u00f3n de la mesa hasta la papeler\u00eda minimalista y la elegante tarta nupcial.\u00a0<\/span><\/p>\n<p style=\"text-align: justify;\"><span style=\"font-weight: 400;\">\u00a1Toma nota de todo porque te contamos cada detalle!<\/span><\/p>\n<figure id=\"attachment_48063\" aria-describedby=\"caption-attachment-48063\" style=\"width: 700px\" class=\"wp-caption aligncenter\"><img loading=\"lazy\" decoding=\"async\" class=\"wp-image-48063 size-full\" src=\"https:\/\/perfectvenue.es\/wp-content\/uploads\/2025\/04\/Wedding-in-CalaRotja.jpg\" alt=\"Boda en Mallorca\" width=\"700\" height=\"1050\" srcset=\"https:\/\/perfectvenue.es\/wp-content\/uploads\/2025\/04\/Wedding-in-CalaRotja.jpg?v=1745405961 700w, https:\/\/perfectvenue.es\/wp-content\/uploads\/2025\/04\/Wedding-in-CalaRotja-200x300.jpg?v=1745405961 200w, https:\/\/perfectvenue.es\/wp-content\/uploads\/2025\/04\/Wedding-in-CalaRotja-683x1024.jpg?v=1745405961 683w, https:\/\/perfectvenue.es\/wp-content\/uploads\/2025\/04\/Wedding-in-CalaRotja-450x675.jpg?v=1745405961 450w, https:\/\/perfectvenue.es\/wp-content\/uploads\/2025\/04\/Wedding-in-CalaRotja-533x800.jpg?v=1745405961 533w, https:\/\/perfectvenue.es\/wp-content\/uploads\/2025\/04\/Wedding-in-CalaRotja-600x900.jpg?v=1745405961 600w\" sizes=\"auto, (max-width: 700px) 100vw, 700px\" \/><figcaption id=\"caption-attachment-48063\" class=\"wp-caption-text\">Boda silvestre en Cala Rotja | Foto v\u00eda Diego Siquieres \/ <a href=\"https:\/\/nataliaortizevents.com\/\">Natalia Ortiz Events<\/a><\/figcaption><\/figure>\n<h2 style=\"text-align: justify;\"><span style=\"font-weight: 400;\">Cala Rotja, un escenario de ensue\u00f1o para una boda en Mallorca<\/span><\/h2>\n<p style=\"text-align: justify;\"><span style=\"font-weight: 400;\">Celebrar una boda en Mallorca es una declaraci\u00f3n de intenciones: es elegir la belleza en estado puro, el ritmo del mar y la conexi\u00f3n profunda con la naturaleza. En este caso, el enclave elegido fue Cala Rotja, un rinc\u00f3n de la isla que destaca por sus espectaculares acantilados rojizos, que contrastan con el azul turquesa del mar. Su nombre, que hace referencia al color de las rocas, ya anuncia la magia del lugar. En esta cala con tanto encanto los novios se dieron el &#8220;s\u00ed, quiero&#8221; en una ceremonia \u00edntima y elegante.<\/span><\/p>\n<p style=\"text-align: justify;\"><span style=\"font-weight: 400;\">El restaurante Cala Rotja en un privilegiado rinc\u00f3n de la costa mallorquina, cuenta con unas vistas que dominan las aguas cristalinas del Mediterr\u00e1neo por lo que este enclave combina la majestuosidad del paisaje con una propuesta gastron\u00f3mica de primera calidad, centrada en los sabores aut\u00e9nticos de la cocina mediterr\u00e1nea. Adem\u00e1s para hacer la experiencia a\u00fan m\u00e1s completa cuentan con beach club, un lugar donde podr\u00e1s relajarte con las vistas que ofrece.<\/span><\/p>\n<p style=\"text-align: justify;\"><span style=\"font-weight: 400;\">El entorno natural fue mucho m\u00e1s que un simple tel\u00f3n de fondo: fue parte viva del evento, envolviendo cada instante con su energ\u00eda y autenticidad. Cala Rotja se convirti\u00f3 en el lugar perfecto para una boda que, m\u00e1s all\u00e1 de lo visual, quer\u00eda conectar con lo esencial, con lo verdadero.<\/span><\/p>\n<h2 style=\"text-align: justify;\"><span style=\"font-weight: 400;\">Un vestido rom\u00e1ntico para una boda en Mallorca de la mano de Lisa Lopez<\/span><\/h2>\n<p style=\"text-align: justify;\"><span style=\"font-weight: 400;\">Uno de los grandes protagonistas del evento fue, sin duda, el vestido de la novia. Para esta ocasi\u00f3n tan especial, la elecci\u00f3n fue un dise\u00f1o exclusivo de Lisa Lopez, una firma reconocida por su sensibilidad est\u00e9tica y su capacidad para captar la esencia de cada mujer. El vestido, confeccionado en un delicado encaje floral, destacaba por su elegancia y su car\u00e1cter ligero, ideal para una celebraci\u00f3n junto al mar.<\/span><\/p>\n<p style=\"text-align: justify;\"><span style=\"font-weight: 400;\">Con un escote en la espalda que aportaba un toque sensual y sofisticado, y unos volantes vaporosos que jugaban con el movimiento del viento, la novia irradiaba frescura, libertad y estilo. El dise\u00f1o tambi\u00e9n buscaba la comodidad, la autenticidad, y de que la novia disfrutara disfrutar de su d\u00eda sinti\u00e9ndose ella misma, sin artificios. La est\u00e9tica rom\u00e1ntica se reflejaba en cada detalle del vestido, haciendo de \u00e9l una pieza \u00fanica.<\/span><\/p>\n<figure id=\"attachment_48057\" aria-describedby=\"caption-attachment-48057\" style=\"width: 700px\" class=\"wp-caption aligncenter\"><img loading=\"lazy\" decoding=\"async\" class=\"size-full wp-image-48057\" src=\"https:\/\/perfectvenue.es\/wp-content\/uploads\/2025\/04\/Bride-with-a-wild-soul-Photo-by-Diego-Siquieres.jpg\" alt=\"Bride with a wild soul Photo by Diego Siquieres\" width=\"700\" height=\"1050\" srcset=\"https:\/\/perfectvenue.es\/wp-content\/uploads\/2025\/04\/Bride-with-a-wild-soul-Photo-by-Diego-Siquieres.jpg?v=1745405315 700w, https:\/\/perfectvenue.es\/wp-content\/uploads\/2025\/04\/Bride-with-a-wild-soul-Photo-by-Diego-Siquieres-200x300.jpg?v=1745405315 200w, https:\/\/perfectvenue.es\/wp-content\/uploads\/2025\/04\/Bride-with-a-wild-soul-Photo-by-Diego-Siquieres-683x1024.jpg?v=1745405315 683w, https:\/\/perfectvenue.es\/wp-content\/uploads\/2025\/04\/Bride-with-a-wild-soul-Photo-by-Diego-Siquieres-450x675.jpg?v=1745405315 450w, https:\/\/perfectvenue.es\/wp-content\/uploads\/2025\/04\/Bride-with-a-wild-soul-Photo-by-Diego-Siquieres-533x800.jpg?v=1745405315 533w, https:\/\/perfectvenue.es\/wp-content\/uploads\/2025\/04\/Bride-with-a-wild-soul-Photo-by-Diego-Siquieres-600x900.jpg?v=1745405315 600w\" sizes=\"auto, (max-width: 700px) 100vw, 700px\" \/><figcaption id=\"caption-attachment-48057\" class=\"wp-caption-text\">Novia con alma silvestre | Foto via Diego Siquieres \/ <a href=\"https:\/\/nataliaortizevents.com\/\">Natalia Ortiz Events<\/a><\/figcaption><\/figure>\n<h2 style=\"text-align: justify;\"><span style=\"font-weight: 400;\">Una decoraci\u00f3n floral delicada con alma silvestre<\/span><\/h2>\n<p style=\"text-align: justify;\"><span style=\"font-weight: 400;\">En una boda en Mallorca en plena naturaleza, no pod\u00edan faltar las flores, y en esta ocasi\u00f3n, cada elecci\u00f3n floral fue hecha con un gusto exquisito. El ramo de la novia apost\u00f3 por una composici\u00f3n silvestre, con eucalipto, flores en tonos empolvados y matices suaves que aportaban armon\u00eda y naturalidad al conjunto. Era un ramo que no buscaba llamar la atenci\u00f3n, sino integrarse con el look y con el paisaje.<\/span><\/p>\n<p style=\"text-align: justify;\"><span style=\"font-weight: 400;\">El detalle m\u00e1s especial fue, sin duda, el tocado de flores preservadas en tonos neutros, que aportaba una elegancia sutil y muy personal. Este accesorio, cuidadosamente elegido, reflejaba la esencia de una novia con car\u00e1cter, con estilo propio y con ganas de celebrar su amor a su manera. Un gui\u00f1o a la naturalidad, a la armon\u00eda y a la personalidad.<\/span><\/p>\n<p style=\"text-align: justify;\"><span style=\"font-weight: 400;\">Para la fiesta, la novia sorprendi\u00f3 con un cambio de look y apost\u00f3 por un segundo tocado, esta vez de flores preservadas en rojo. Un contraste vibrante que a\u00f1ad\u00eda un toque de color y frescura en esta boda en Mallorca, reflejando su lado m\u00e1s festivo, libre y apasionado.<\/span><\/p>\n<h2 style=\"text-align: justify;\"><span style=\"font-weight: 400;\">De lino y con alpargatas: as\u00ed fue el look del novio para su boda en Mallorca<\/span><\/h2>\n<p style=\"text-align: justify;\"><span style=\"font-weight: 400;\">El novio no se qued\u00f3 atr\u00e1s en cuanto a estilo y autenticidad. Para esta boda en Mallorca, opt\u00f3 por un look relajado pero con mucha presencia: un conjunto de lino blanco, ideal para una celebraci\u00f3n en la playa en pleno verano mediterr\u00e1neo. Esta elecci\u00f3n no solo fue c\u00f3moda y fresca, sino que encarnaba a la perfecci\u00f3n el esp\u00edritu libre y natural de la isla.<\/span><\/p>\n<p style=\"text-align: justify;\"><span style=\"font-weight: 400;\">Sin corbata, sin rigidez, pero con mucha elegancia, su estilismo demostr\u00f3 que menos es m\u00e1s. El lino, con su textura y su movimiento, a\u00f1ad\u00eda un toque bohemio y sofisticado al look, mientras que el blanco lo llenaba de luz. Como complemento perfecto, eligi\u00f3 unas alpargatas cl\u00e1sicas, c\u00f3modas y con esencia mediterr\u00e1nea, que aportaban un aire desenfadado y aut\u00e9ntico, ideal para caminar sobre la arena sin perder el estilo.<\/span><\/p>\n<figure id=\"attachment_48060\" aria-describedby=\"caption-attachment-48060\" style=\"width: 700px\" class=\"wp-caption aligncenter\"><img loading=\"lazy\" decoding=\"async\" class=\"size-full wp-image-48060\" src=\"https:\/\/perfectvenue.es\/wp-content\/uploads\/2025\/04\/The-grooms-relaxed-look-Photo-by-Diego-Siquieres.jpg\" alt=\"The groom's relaxed look Photo by Diego Siquieres\" width=\"700\" height=\"1050\" srcset=\"https:\/\/perfectvenue.es\/wp-content\/uploads\/2025\/04\/The-grooms-relaxed-look-Photo-by-Diego-Siquieres.jpg?v=1745405499 700w, https:\/\/perfectvenue.es\/wp-content\/uploads\/2025\/04\/The-grooms-relaxed-look-Photo-by-Diego-Siquieres-200x300.jpg?v=1745405499 200w, https:\/\/perfectvenue.es\/wp-content\/uploads\/2025\/04\/The-grooms-relaxed-look-Photo-by-Diego-Siquieres-683x1024.jpg?v=1745405499 683w, https:\/\/perfectvenue.es\/wp-content\/uploads\/2025\/04\/The-grooms-relaxed-look-Photo-by-Diego-Siquieres-450x675.jpg?v=1745405499 450w, https:\/\/perfectvenue.es\/wp-content\/uploads\/2025\/04\/The-grooms-relaxed-look-Photo-by-Diego-Siquieres-533x800.jpg?v=1745405499 533w, https:\/\/perfectvenue.es\/wp-content\/uploads\/2025\/04\/The-grooms-relaxed-look-Photo-by-Diego-Siquieres-600x900.jpg?v=1745405499 600w\" sizes=\"auto, (max-width: 700px) 100vw, 700px\" \/><figcaption id=\"caption-attachment-48060\" class=\"wp-caption-text\">El look relajado del novio | Foto via Diego Siquieres \/ <a href=\"https:\/\/nataliaortizevents.com\/\">Natalia Ortiz Events<\/a><\/figcaption><\/figure>\n<h2 style=\"text-align: justify;\"><span style=\"font-weight: 400;\">Natural y elegante: as\u00ed fue la original decoraci\u00f3n de la mesa\u00a0<\/span><\/h2>\n<p style=\"text-align: justify;\"><span style=\"font-weight: 400;\">Para esta boda en Mallorca se utiliz\u00f3 una decoraci\u00f3n floral acompa\u00f1ada de frutas. La mesa con un mantel blanco y un camino de mesa con hojas que fue el protagonista del evento.<\/span><\/p>\n<p style=\"text-align: justify;\"><span style=\"font-weight: 400;\">La cuberter\u00eda fue dorada d\u00e1ndole un toque de sofisticaci\u00f3n, los posaplatos de mimbre dieron un toque r\u00fastico mientras que la cristaler\u00eda y la vajilla eran transparentes, para no quitar protagonismo a las frutas que decoraban la mesa: limones, uva y kiwis fueron el broche final de la decoraci\u00f3n de esta rom\u00e1ntica boda en Mallorca.<\/span><\/p>\n<h2 style=\"text-align: justify;\"><span style=\"font-weight: 400;\">Una papeler\u00eda minimalista con toques silvestres<\/span><\/h2>\n<p style=\"text-align: justify;\"><span style=\"font-weight: 400;\">La papeler\u00eda de esta boda en Mallorca fue con tem\u00e1tica silvestre a la vez que minimalista. Tanto el save the date como la invitaci\u00f3n eran con papel blanco puro decorados con diferentes hojas en color verde. Para las tipograf\u00edas utilizaron dos diferentes: una m\u00e1s cl\u00e1sica y cursiva para los nombres y datos especiales y otra m\u00e1s minimalista para el resto de la informaci\u00f3n.\u00a0<\/span><\/p>\n<p style=\"text-align: justify;\"><span style=\"font-weight: 400;\">Ambas tipograf\u00edas estaban escritas en verde, en diferentes tonos para darle un toque diferente. Los sobres de las invitaciones eran a juego con el resto de la papeler\u00eda, para ello eligieron un tono verde oliva.<\/span><\/p>\n<figure id=\"attachment_48061\" aria-describedby=\"caption-attachment-48061\" style=\"width: 700px\" class=\"wp-caption aligncenter\"><img loading=\"lazy\" decoding=\"async\" class=\"size-full wp-image-48061\" src=\"https:\/\/perfectvenue.es\/wp-content\/uploads\/2025\/04\/Natural-and-elegant-wedding-stationery-Photo-by-Diego-Si-quieres.jpg\" alt=\"Natural and elegant wedding stationery Photo by Diego Si quieres\" width=\"700\" height=\"1050\" srcset=\"https:\/\/perfectvenue.es\/wp-content\/uploads\/2025\/04\/Natural-and-elegant-wedding-stationery-Photo-by-Diego-Si-quieres.jpg?v=1745405616 700w, https:\/\/perfectvenue.es\/wp-content\/uploads\/2025\/04\/Natural-and-elegant-wedding-stationery-Photo-by-Diego-Si-quieres-200x300.jpg?v=1745405616 200w, https:\/\/perfectvenue.es\/wp-content\/uploads\/2025\/04\/Natural-and-elegant-wedding-stationery-Photo-by-Diego-Si-quieres-683x1024.jpg?v=1745405616 683w, https:\/\/perfectvenue.es\/wp-content\/uploads\/2025\/04\/Natural-and-elegant-wedding-stationery-Photo-by-Diego-Si-quieres-450x675.jpg?v=1745405616 450w, https:\/\/perfectvenue.es\/wp-content\/uploads\/2025\/04\/Natural-and-elegant-wedding-stationery-Photo-by-Diego-Si-quieres-533x800.jpg?v=1745405616 533w, https:\/\/perfectvenue.es\/wp-content\/uploads\/2025\/04\/Natural-and-elegant-wedding-stationery-Photo-by-Diego-Si-quieres-600x900.jpg?v=1745405616 600w\" sizes=\"auto, (max-width: 700px) 100vw, 700px\" \/><figcaption id=\"caption-attachment-48061\" class=\"wp-caption-text\">Papeler\u00eda de boda natural y elegante | Foto via Diego Si quieres \/ <a href=\"https:\/\/nataliaortizevents.com\/\">Natalia Ortiz Events<\/a><\/figcaption><\/figure>\n<h2 style=\"text-align: justify;\"><span style=\"font-weight: 400;\">Una tarta nupcial minimalista y elegante<\/span><\/h2>\n<p style=\"text-align: justify;\"><span style=\"font-weight: 400;\">Y como broche de oro a una celebraci\u00f3n llena de belleza y sensibilidad, una <\/span><a href=\"https:\/\/perfectvenue.es\/es\/2024\/04\/10\/tendencias-en-tartas-de-boda-en-2025\/\"><span style=\"font-weight: 400;\">tarta de boda<\/span><\/a><span style=\"font-weight: 400;\"> en tendencia<\/span><span style=\"font-weight: 400;\"> se convirti\u00f3 en otro de los elementos destacados. Lejos de los dise\u00f1os recargados, esta creaci\u00f3n apost\u00f3 por la elegancia del minimalismo: dos pisos, l\u00edneas limpias, textura suave y una decoraci\u00f3n que no buscaba deslumbrar, sino emocionar.\u00a0<\/span><\/p>\n<p style=\"text-align: justify;\"><span style=\"font-weight: 400;\">Colocada en una mesa r\u00fastica frente al mar y acompa\u00f1ada de frutas, la tarta form\u00f3 parte del relato visual de esta boda tan especial. Fue el reflejo dulce de una boda en Mallorca donde cada detalle ten\u00eda sentido y donde todo flu\u00eda con la calma y la belleza de la isla.<\/span><\/p>\n<h2 style=\"text-align: justify;\"><span style=\"font-weight: 400;\">Una planificaci\u00f3n impecable gracias a Natalia Ortiz<\/span><\/h2>\n<p style=\"text-align: justify;\"><span style=\"font-weight: 400;\">Para que una boda sea realmente inolvidable, contar con la persona adecuada al frente de la organizaci\u00f3n es clave. En este caso, fue Natalia Ortiz, de <\/span><a href=\"https:\/\/nataliaortizevents.com\/es\/\"><span style=\"font-weight: 400;\">Weddings and Events by Natalia Ortiz<\/span><\/a><span style=\"font-weight: 400;\">, quien se encarg\u00f3 de dar forma y alma a este maravilloso shooting en Mallorca, y su trabajo fue simplemente impecable.<\/span><\/p>\n<p style=\"text-align: justify;\"><span style=\"font-weight: 400;\">Con una trayectoria s\u00f3lida en la organizaci\u00f3n de bodas y eventos tanto a nivel nacional como internacional, Natalia y su equipo destacan por su atenci\u00f3n al detalle, profesionalidad y sensibilidad a la hora de crear experiencias \u00fanicas. Su enfoque cercano y su capacidad para anticiparse a cada necesidad convierten su servicio en una apuesta segura para quienes desean una celebraci\u00f3n sin preocupaciones.<\/span><\/p>\n<p style=\"text-align: justify;\"><span style=\"font-weight: 400;\">Si te ha gustado esta boda en Mallorca, no te pierdas este <\/span><a href=\"https:\/\/perfectvenue.es\/es\/product\/boda-elopement-en-son-marroig\/\"><span style=\"font-weight: 400;\">paquete de boda elopement en Son Marroig, Mallorca<\/span><\/a><span style=\"font-weight: 400;\">, \u00a1donde solo tienes que clicar y hacerte ya mismo con tu pack para darte el s\u00ed quiero!<\/span><\/p>\n<p style=\"text-align: justify;\"><span style=\"font-weight: 400;\">Y si necesitas m\u00e1s inspiraci\u00f3n, no te pierdas este <\/span><a href=\"https:\/\/perfectvenue.es\/es\/2025\/02\/11\/wedding-in-mallorca\/\"><span style=\"font-weight: 400;\">Shooting de boda en un oasis de naturaleza de la Mallorca rural como escenario<\/span><\/a><span style=\"font-weight: 400;\">, \u00a1te va a encantar!<\/span><\/p>\n<p><\/p>\n<span class=\"tags-links\"><a href=\"https:\/\/perfectvenue.es\/es\/tag\/boda-en-el-mar\/\" rel=\"tag\">boda en el mar<\/a><a href=\"https:\/\/perfectvenue.es\/es\/tag\/boda-en-el-mediterraneo\/\" rel=\"tag\">Boda en el Mediterr\u00e1neo<\/a><a href=\"https:\/\/perfectvenue.es\/es\/tag\/boda-en-mallorca\/\" rel=\"tag\">boda en Mallorca<\/a><a href=\"https:\/\/perfectvenue.es\/es\/tag\/shooting-de-boda\/\" rel=\"tag\">Shooting de boda<\/a><\/span>","protected":false},"excerpt":{"rendered":"<p>Inspirado en la naturaleza y el mar, este shooting de boda en Mallorca en Cala Rotja combina un estilo silvestre con la esencia mediterr\u00e1nea.<\/p>\n","protected":false},"author":1214,"featured_media":48056,"comment_status":"closed","ping_status":"open","sticky":false,"template":"","format":"standard","meta":{"footnotes":""},"categories":[176],"tags":[505,8141,910,7846],"class_list":["post-48054","post","type-post","status-publish","format-standard","has-post-thumbnail","hentry","category-wedding","tag-boda-en-el-mar","tag-boda-en-el-mediterraneo","tag-boda-en-mallorca","tag-shooting-de-boda"],"_links":{"self":[{"href":"https:\/\/perfectvenue.es\/es\/wp-json\/wp\/v2\/posts\/48054","targetHints":{"allow":["GET"]}}],"collection":[{"href":"https:\/\/perfectvenue.es\/es\/wp-json\/wp\/v2\/posts"}],"about":[{"href":"https:\/\/perfectvenue.es\/es\/wp-json\/wp\/v2\/types\/post"}],"author":[{"embeddable":true,"href":"https:\/\/perfectvenue.es\/es\/wp-json\/wp\/v2\/users\/1214"}],"replies":[{"embeddable":true,"href":"https:\/\/perfectvenue.es\/es\/wp-json\/wp\/v2\/comments?post=48054"}],"version-history":[{"count":21,"href":"https:\/\/perfectvenue.es\/es\/wp-json\/wp\/v2\/posts\/48054\/revisions"}],"predecessor-version":[{"id":48091,"href":"https:\/\/perfectvenue.es\/es\/wp-json\/wp\/v2\/posts\/48054\/revisions\/48091"}],"wp:featuredmedia":[{"embeddable":true,"href":"https:\/\/perfectvenue.es\/es\/wp-json\/wp\/v2\/media\/48056"}],"wp:attachment":[{"href":"https:\/\/perfectvenue.es\/es\/wp-json\/wp\/v2\/media?parent=48054"}],"wp:term":[{"taxonomy":"category","embeddable":true,"href":"https:\/\/perfectvenue.es\/es\/wp-json\/wp\/v2\/categories?post=48054"},{"taxonomy":"post_tag","embeddable":true,"href":"https:\/\/perfectvenue.es\/es\/wp-json\/wp\/v2\/tags?post=48054"}],"curies":[{"name":"wp","href":"https:\/\/api.w.org\/{rel}","templated":true}]}}