{"id":47981,"date":"2025-04-16T12:02:35","date_gmt":"2025-04-16T09:02:35","guid":{"rendered":"https:\/\/perfectvenue.es\/?p=47981"},"modified":"2025-04-16T12:02:35","modified_gmt":"2025-04-16T09:02:35","slug":"bridal-hair-and-makeup","status":"publish","type":"post","link":"https:\/\/perfectvenue.es\/es\/2025\/04\/16\/bridal-hair-and-makeup\/","title":{"rendered":"Entrevista a Sther Orta, estilista de peluquer\u00eda y maquillaje para bodas con sede en las islas canarias"},"content":{"rendered":"<p><\/p>\n<p style=\"text-align: justify;\"><span style=\"font-weight: 400;\">Os presentamos a <a href=\"https:\/\/vendors.perfectvenue.es\/es\/listings\/peluqueria-y-maquillaje-para-novias\/\">Sther Orta<\/a>, una apasionada profesional especializada en peluquer\u00eda y maquillaje para bodas, que lleva m\u00e1s de tres d\u00e9cadas dedic\u00e1ndose a realzar la belleza natural de cada novia con elegancia y autenticidad. Desde los 14 a\u00f1os comenz\u00f3 su camino en el mundo de la belleza, y gracias a su dedicaci\u00f3n y constante formaci\u00f3n, ha construido una trayectoria impecable que hoy la posiciona como una experta en el sector nupcial.<\/span><\/p>\n<p style=\"text-align: justify;\"><span style=\"font-weight: 400;\">Esther no se limita a crear peinados y maquillajes bonitos; su verdadera vocaci\u00f3n es entender a cada novia, su estilo, personalidad y esencia, para dise\u00f1ar un look que la represente por completo. Adem\u00e1s de su t\u00e9cnica impecable, Esther crea un ambiente relajado y cercano en un d\u00eda tan importante. Con empat\u00eda y profesionalismo, acompa\u00f1a a cada novia desde el primer momento, transmitiendo confianza y calma.\u00a0<\/span><\/p>\n<p style=\"text-align: justify;\"><span style=\"font-weight: 400;\">Su kit de trabajo siempre incluye productos de alt\u00edsima calidad, con los que garantiza que el peinado y el maquillaje se mantengan perfectos durante toda la celebraci\u00f3n, sin importar el clima o el entorno.<\/span><\/p>\n<p style=\"text-align: justify;\"><span style=\"font-weight: 400;\">Adem\u00e1s, su trabajo en peluquer\u00eda y maquillaje para bodas va m\u00e1s all\u00e1 de lo est\u00e9tico: es una experiencia emocional y personalizada que convierte cada preparaci\u00f3n en un recuerdo inolvidable.<\/span><\/p>\n<p style=\"text-align: justify;\"><span style=\"font-weight: 400;\">Descubre a continuaci\u00f3n c\u00f3mo Esther Orta transforma la belleza en emoci\u00f3n en cada detalle de su trabajo en peluquer\u00eda y maquillaje para bodas.<\/span><\/p>\n<figure id=\"attachment_47982\" aria-describedby=\"caption-attachment-47982\" style=\"width: 700px\" class=\"wp-caption aligncenter\"><img loading=\"lazy\" decoding=\"async\" class=\"size-full wp-image-47982\" src=\"https:\/\/perfectvenue.es\/wp-content\/uploads\/2025\/04\/maquillaje-y-peluqueria-de-novia-sther-orta.jpeg\" alt=\"maquillaje y peluqueria de novia - Sther Orta\" width=\"700\" height=\"933\" srcset=\"https:\/\/perfectvenue.es\/wp-content\/uploads\/2025\/04\/maquillaje-y-peluqueria-de-novia-sther-orta.jpeg?v=1744631841 700w, https:\/\/perfectvenue.es\/wp-content\/uploads\/2025\/04\/maquillaje-y-peluqueria-de-novia-sther-orta-225x300.jpeg?v=1744631841 225w, https:\/\/perfectvenue.es\/wp-content\/uploads\/2025\/04\/maquillaje-y-peluqueria-de-novia-sther-orta-450x600.jpeg?v=1744631841 450w, https:\/\/perfectvenue.es\/wp-content\/uploads\/2025\/04\/maquillaje-y-peluqueria-de-novia-sther-orta-600x800.jpeg?v=1744631841 600w\" sizes=\"auto, (max-width: 700px) 100vw, 700px\" \/><figcaption id=\"caption-attachment-47982\" class=\"wp-caption-text\">Maquillaje y peluqueria de novia &#8211;<a href=\"https:\/\/vendors.perfectvenue.es\/es\/listings\/peluqueria-y-maquillaje-para-novias\/\"> Sther Orta<\/a><\/figcaption><\/figure>\n<h2 style=\"text-align: justify;\"><span style=\"font-weight: 400;\">Esther, cu\u00e9ntanos, \u00bfc\u00f3mo iniciaste tu carrera en el mundo del peluquer\u00eda y maquillaje para bodas?<\/span><\/h2>\n<p style=\"text-align: justify;\"><span style=\"font-weight: 400;\">Desde peque\u00f1a sent\u00ed una conexi\u00f3n muy especial con el mundo de la belleza. Empec\u00e9 ayudando en un sal\u00f3n a los 14 a\u00f1os y, desde ese momento, supe que esto era lo m\u00edo. Me form\u00e9, trabaj\u00e9 duro, y fui creciendo profesionalmente hasta convertirme en la estilista que soy hoy.<\/span><\/p>\n<h2 style=\"text-align: justify;\"><span style=\"font-weight: 400;\">Si pudieras elegir una palabra para describir tu estilo como profesional, \u00bfcu\u00e1l ser\u00eda?<\/span><\/h2>\n<p style=\"text-align: justify;\"><span style=\"font-weight: 400;\">Dir\u00eda &#8220;elegancia&#8221;. Siempre busco resaltar la belleza natural de cada persona sin disfrazarla, aportando un toque sofisticado y atemporal.<\/span><\/p>\n<h2 style=\"text-align: justify;\"><span style=\"font-weight: 400;\">36 a\u00f1os de experiencia no son pocos, \u00bfc\u00f3mo ha evolucionado tu estilo o tu enfoque hacia las novias durante todo este tiempo?<\/span><\/h2>\n<p style=\"text-align: justify;\"><span style=\"font-weight: 400;\">Much\u00edsimo. Antes el enfoque era m\u00e1s estandarizado, hoy todo es m\u00e1s personalizado. Me esfuerzo por conocer a cada novia, entender su estilo y adaptar el peinado y maquillaje a su personalidad, vestido, entorno y esencia.<\/span><\/p>\n<figure id=\"attachment_47986\" aria-describedby=\"caption-attachment-47986\" style=\"width: 700px\" class=\"wp-caption aligncenter\"><img loading=\"lazy\" decoding=\"async\" class=\"size-full wp-image-47986\" src=\"https:\/\/perfectvenue.es\/wp-content\/uploads\/2025\/04\/sther-orta-maquillaje-y-peluqueria-canarias.jpeg\" alt=\"maquillaje y peluqueria de novia - Sther Orta\" width=\"700\" height=\"933\" srcset=\"https:\/\/perfectvenue.es\/wp-content\/uploads\/2025\/04\/sther-orta-maquillaje-y-peluqueria-canarias.jpeg?v=1744631848 700w, https:\/\/perfectvenue.es\/wp-content\/uploads\/2025\/04\/sther-orta-maquillaje-y-peluqueria-canarias-225x300.jpeg?v=1744631848 225w, https:\/\/perfectvenue.es\/wp-content\/uploads\/2025\/04\/sther-orta-maquillaje-y-peluqueria-canarias-450x600.jpeg?v=1744631848 450w, https:\/\/perfectvenue.es\/wp-content\/uploads\/2025\/04\/sther-orta-maquillaje-y-peluqueria-canarias-600x800.jpeg?v=1744631848 600w\" sizes=\"auto, (max-width: 700px) 100vw, 700px\" \/><figcaption id=\"caption-attachment-47986\" class=\"wp-caption-text\">Maquillaje y peluqueria de novia &#8211;<a href=\"https:\/\/vendors.perfectvenue.es\/es\/listings\/peluqueria-y-maquillaje-para-novias\/\"> Sther Orta<\/a><\/figcaption><\/figure>\n<h2 style=\"text-align: justify;\"><span style=\"font-weight: 400;\">En tu experiencia, \u00bfqu\u00e9 es lo m\u00e1s importante para una novia cuando elige su peinado y maquillaje?<\/span><\/h2>\n<p style=\"text-align: justify;\"><span style=\"font-weight: 400;\">Sentirse ella misma. El peinado y maquillaje deben reflejar qui\u00e9n es, no disfrazarla. Tambi\u00e9n es clave que se sienta c\u00f3moda, segura y radiante.<\/span><\/p>\n<h2 style=\"text-align: justify;\"><span style=\"font-weight: 400;\">\u00bfHay alg\u00fan detalle espec\u00edfico que siempre busques resaltar en el look de cada novia?<\/span><\/h2>\n<p style=\"text-align: justify;\"><span style=\"font-weight: 400;\">S\u00ed, siempre busco destacar la mirada. Los ojos transmiten much\u00edsimo, y me encanta que brillen de emoci\u00f3n y seguridad. Tambi\u00e9n cuido mucho la piel: una piel luminosa es fundamental.<\/span><\/p>\n<h2 style=\"text-align: justify;\"><span style=\"font-weight: 400;\">\u00bfC\u00f3mo manejas los nervios o las expectativas de las novias que, por lo general, est\u00e1n algo nerviosas en su gran d\u00eda?<\/span><\/h2>\n<p style=\"text-align: justify;\"><span style=\"font-weight: 400;\">Con calma y empat\u00eda. Me gusta crear un ambiente relajado, cercano y profesional. Escucho, acompa\u00f1o, y <\/span><span style=\"font-weight: 400;\">les transmito confianza para que disfruten del momento.<\/span><\/p>\n<figure id=\"attachment_47984\" aria-describedby=\"caption-attachment-47984\" style=\"width: 700px\" class=\"wp-caption aligncenter\"><img loading=\"lazy\" decoding=\"async\" class=\"wp-image-47984 size-full\" src=\"https:\/\/perfectvenue.es\/wp-content\/uploads\/2025\/04\/sther-orta-muah-canarias.jpg\" alt=\" peluquer\u00eda y maquillaje para bodas\" width=\"700\" height=\"933\" srcset=\"https:\/\/perfectvenue.es\/wp-content\/uploads\/2025\/04\/sther-orta-muah-canarias.jpg?v=1744631844 700w, https:\/\/perfectvenue.es\/wp-content\/uploads\/2025\/04\/sther-orta-muah-canarias-225x300.jpg?v=1744631844 225w, https:\/\/perfectvenue.es\/wp-content\/uploads\/2025\/04\/sther-orta-muah-canarias-450x600.jpg?v=1744631844 450w, https:\/\/perfectvenue.es\/wp-content\/uploads\/2025\/04\/sther-orta-muah-canarias-600x800.jpg?v=1744631844 600w\" sizes=\"auto, (max-width: 700px) 100vw, 700px\" \/><figcaption id=\"caption-attachment-47984\" class=\"wp-caption-text\">Maquillaje y peluqueria de novia &#8211;<a href=\"https:\/\/vendors.perfectvenue.es\/es\/listings\/peluqueria-y-maquillaje-para-novias\/\"> Sther Orta<\/a><\/figcaption><\/figure>\n<h2 style=\"text-align: justify;\"><span style=\"font-weight: 400;\">\u00bfCu\u00e1l es el producto de maquillaje o peluquer\u00eda que jam\u00e1s falta en tu kit para novias?<\/span><\/h2>\n<p style=\"text-align: justify;\"><span style=\"font-weight: 400;\">En maquillaje, no puede faltar una buena base luminosa de larga duraci\u00f3n. Y en peluquer\u00eda, un buen spray de fijaci\u00f3n flexible que mantenga el peinado intacto pero natural. Es muy importante en peluquer\u00eda y maquillaje para bodas contar con productos de primer\u00edsima calidad.<\/span><\/p>\n<h2 style=\"text-align: justify;\"><span style=\"font-weight: 400;\">Si pudieras maquillar o peinar a una novia famosa, \u00bfqui\u00e9n ser\u00eda y por qu\u00e9?<\/span><\/h2>\n<p style=\"text-align: justify;\"><span style=\"font-weight: 400;\">Me encantar\u00eda trabajar con Pen\u00e9lope Cruz. Tiene una belleza cl\u00e1sica, elegante, y creo que podr\u00edamos hacer un look muy potente y natural al mismo tiempo.<\/span><\/p>\n<h2 style=\"text-align: justify;\"><span style=\"font-weight: 400;\">\u00bfC\u00f3mo te mantienes actualizada con las tendencias y novedades en peluquer\u00eda y maquillaje para bodas?<\/span><\/h2>\n<p style=\"text-align: justify;\"><span style=\"font-weight: 400;\">Asisto a formaciones, sigo a referentes internacionales, y estoy muy atenta a las tendencias tanto en moda como en bodas. Pero siempre filtro todo a trav\u00e9s de mi estilo y experiencia.<\/span><\/p>\n<figure id=\"attachment_47985\" aria-describedby=\"caption-attachment-47985\" style=\"width: 700px\" class=\"wp-caption aligncenter\"><img loading=\"lazy\" decoding=\"async\" class=\"size-full wp-image-47985\" src=\"https:\/\/perfectvenue.es\/wp-content\/uploads\/2025\/04\/sther-orta-maquillaje-y-pelo-novia-.jpeg\" alt=\"maquillaje y peluqueria de novia - Sther Orta\" width=\"700\" height=\"933\" srcset=\"https:\/\/perfectvenue.es\/wp-content\/uploads\/2025\/04\/sther-orta-maquillaje-y-pelo-novia-.jpeg?v=1744631846 700w, https:\/\/perfectvenue.es\/wp-content\/uploads\/2025\/04\/sther-orta-maquillaje-y-pelo-novia--225x300.jpeg?v=1744631846 225w, https:\/\/perfectvenue.es\/wp-content\/uploads\/2025\/04\/sther-orta-maquillaje-y-pelo-novia--450x600.jpeg?v=1744631846 450w, https:\/\/perfectvenue.es\/wp-content\/uploads\/2025\/04\/sther-orta-maquillaje-y-pelo-novia--600x800.jpeg?v=1744631846 600w\" sizes=\"auto, (max-width: 700px) 100vw, 700px\" \/><figcaption id=\"caption-attachment-47985\" class=\"wp-caption-text\">Maquillaje y peluqueria de novia &#8211; <a href=\"https:\/\/vendors.perfectvenue.es\/es\/listings\/peluqueria-y-maquillaje-para-novias\/\">Sther Orta<\/a><\/figcaption><\/figure>\n<h2 style=\"text-align: justify;\"><span style=\"font-weight: 400;\">Como profesional del mundo nupcial, \u00bfcu\u00e1l es tu consejo principal para una novia que est\u00e1 a punto de decir &#8220;s\u00ed, acepto&#8221;?<\/span><\/h2>\n<p style=\"text-align: justify;\"><span style=\"font-weight: 400;\">Que conf\u00ede en los profesionales que ha elegido, y que disfrute cada segundo. Es un d\u00eda irrepetible y merece vivirlo sin preocupaciones.<\/span><\/p>\n<h2 style=\"text-align: justify;\"><span style=\"font-weight: 400;\">\u00bfTienes alg\u00fan truco para hacer que el maquillaje y peinado se mantengan perfectos durante todo el d\u00eda de la boda?<\/span><\/h2>\n<p style=\"text-align: justify;\"><span style=\"font-weight: 400;\">S\u00ed, utilizo productos de alt\u00edsima calidad, y preparo muy bien la piel y el cabello. Adem\u00e1s, adapto todo al clima, tipo de piel, y estilo de la boda para asegurar la m\u00e1xima duraci\u00f3n.<\/span><\/p>\n<figure id=\"attachment_47983\" aria-describedby=\"caption-attachment-47983\" style=\"width: 700px\" class=\"wp-caption aligncenter\"><img loading=\"lazy\" decoding=\"async\" class=\"size-full wp-image-47983\" src=\"https:\/\/perfectvenue.es\/wp-content\/uploads\/2025\/04\/sther-orta-maquillaje-de-novia.jpg\" alt=\"maquillaje y peluqueria de novia - Sther Orta\" width=\"700\" height=\"1052\" srcset=\"https:\/\/perfectvenue.es\/wp-content\/uploads\/2025\/04\/sther-orta-maquillaje-de-novia.jpg?v=1744631843 700w, https:\/\/perfectvenue.es\/wp-content\/uploads\/2025\/04\/sther-orta-maquillaje-de-novia-200x300.jpg?v=1744631843 200w, https:\/\/perfectvenue.es\/wp-content\/uploads\/2025\/04\/sther-orta-maquillaje-de-novia-681x1024.jpg?v=1744631843 681w, https:\/\/perfectvenue.es\/wp-content\/uploads\/2025\/04\/sther-orta-maquillaje-de-novia-450x676.jpg?v=1744631843 450w, https:\/\/perfectvenue.es\/wp-content\/uploads\/2025\/04\/sther-orta-maquillaje-de-novia-532x800.jpg?v=1744631843 532w, https:\/\/perfectvenue.es\/wp-content\/uploads\/2025\/04\/sther-orta-maquillaje-de-novia-600x902.jpg?v=1744631843 600w\" sizes=\"auto, (max-width: 700px) 100vw, 700px\" \/><figcaption id=\"caption-attachment-47983\" class=\"wp-caption-text\">Maquillaje y peluqueria de novia &#8211; <a href=\"https:\/\/vendors.perfectvenue.es\/es\/listings\/peluqueria-y-maquillaje-para-novias\/\">Sther Orta<\/a><\/figcaption><\/figure>\n<h2 style=\"text-align: justify;\"><span style=\"font-weight: 400;\">Por \u00faltimo, \u00bfqu\u00e9 es lo que m\u00e1s te emociona de ser parte del d\u00eda m\u00e1s importante para una novia?<\/span><\/h2>\n<p style=\"text-align: justify;\"><span style=\"font-weight: 400;\">Ver su cara al mirarse al espejo. Ese instante de felicidad, emoci\u00f3n y seguridad es impagable. Saber que he <\/span><span style=\"font-weight: 400;\">aportado a ese momento tan especial me llena el alma como estilista de <\/span><span style=\"font-weight: 400;\">peluquer\u00eda y maquillaje para bodas<\/span><span style=\"font-weight: 400;\">.\u00a0<\/span><\/p>\n<p><\/p>","protected":false},"excerpt":{"rendered":"<p>Esther Orta, especialista en peluquer\u00eda y maquillaje para bodas, transforma cada look nupcial en una experiencia \u00fanica, elegante y fiel a la esencia de cada novia.<\/p>\n","protected":false},"author":48202,"featured_media":47986,"comment_status":"closed","ping_status":"open","sticky":false,"template":"","format":"standard","meta":{"footnotes":""},"categories":[176],"tags":[],"class_list":["post-47981","post","type-post","status-publish","format-standard","has-post-thumbnail","hentry","category-wedding"],"_links":{"self":[{"href":"https:\/\/perfectvenue.es\/es\/wp-json\/wp\/v2\/posts\/47981","targetHints":{"allow":["GET"]}}],"collection":[{"href":"https:\/\/perfectvenue.es\/es\/wp-json\/wp\/v2\/posts"}],"about":[{"href":"https:\/\/perfectvenue.es\/es\/wp-json\/wp\/v2\/types\/post"}],"author":[{"embeddable":true,"href":"https:\/\/perfectvenue.es\/es\/wp-json\/wp\/v2\/users\/48202"}],"replies":[{"embeddable":true,"href":"https:\/\/perfectvenue.es\/es\/wp-json\/wp\/v2\/comments?post=47981"}],"version-history":[{"count":3,"href":"https:\/\/perfectvenue.es\/es\/wp-json\/wp\/v2\/posts\/47981\/revisions"}],"predecessor-version":[{"id":47989,"href":"https:\/\/perfectvenue.es\/es\/wp-json\/wp\/v2\/posts\/47981\/revisions\/47989"}],"wp:featuredmedia":[{"embeddable":true,"href":"https:\/\/perfectvenue.es\/es\/wp-json\/wp\/v2\/media\/47986"}],"wp:attachment":[{"href":"https:\/\/perfectvenue.es\/es\/wp-json\/wp\/v2\/media?parent=47981"}],"wp:term":[{"taxonomy":"category","embeddable":true,"href":"https:\/\/perfectvenue.es\/es\/wp-json\/wp\/v2\/categories?post=47981"},{"taxonomy":"post_tag","embeddable":true,"href":"https:\/\/perfectvenue.es\/es\/wp-json\/wp\/v2\/tags?post=47981"}],"curies":[{"name":"wp","href":"https:\/\/api.w.org\/{rel}","templated":true}]}}