{"id":45894,"date":"2024-10-09T14:25:19","date_gmt":"2024-10-09T11:25:19","guid":{"rendered":"https:\/\/perfectvenue.es\/?p=45894"},"modified":"2025-05-05T12:58:15","modified_gmt":"2025-05-05T09:58:15","slug":"gypsy-wedding-themed-birthday","status":"publish","type":"post","link":"https:\/\/perfectvenue.es\/es\/2024\/10\/09\/gypsy-wedding-themed-birthday\/","title":{"rendered":"Te contamos todo del 50 cumplea\u00f1os de Paco Le\u00f3n: un cumplea\u00f1os tem\u00e1tico boda gitana"},"content":{"rendered":"<p><\/p>\n<p style=\"text-align: justify;\"><span style=\"font-weight: 400;\">\u00bfListos para sumergiros en un cumplea\u00f1os lleno de arte, tradici\u00f3n y mucha originalidad? Hoy os vamos a contar todos los detalles de la espectacular fiesta de 50 cumplea\u00f1os del actor y director Paco Le\u00f3n, <\/span><b>un evento que dej\u00f3 a todos los invitados boquiabiertos gracias a su tem\u00e1tica \u00fanica: \u00a1un cumplea\u00f1os tem\u00e1tico boda gitana!\u00a0<\/b><\/p>\n<p style=\"text-align: justify;\"><span style=\"font-weight: 400;\">El cumplea\u00f1os tem\u00e1tico boda gitana no solo celebr\u00f3 el medio siglo de vida de Paco, sino que tambi\u00e9n fue la ocasi\u00f3n perfecta para conmemorar dos momentos muy especiales: las <\/span><a href=\"https:\/\/perfectvenue.es\/2023\/03\/19\/50-years-of-marriage-golden-wedding-anniversary-ideas-and-the-best-venues-in-spain-for-the-celebration\/\"><span style=\"font-weight: 400;\">bodas de oro<\/span><\/a><span style=\"font-weight: 400;\"> de sus padres y las<\/span><a href=\"https:\/\/perfectvenue.es\/2022\/10\/23\/25-years-of-marriage-ideas-and-exclusive-venues-for-your-second-big-day\/\"><span style=\"font-weight: 400;\"> bodas de plata<\/span><\/a><span style=\"font-weight: 400;\"> de su amiga, la actriz Bel\u00e9n L\u00f3pez. Con un ambiente lleno de emoci\u00f3n, m\u00fasica flamenca, y una decoraci\u00f3n impresionante.<\/span><\/p>\n<p style=\"text-align: justify;\"><span style=\"font-weight: 400;\">Como siempre, Paco Le\u00f3n demostr\u00f3 ser un maestro en el arte de organizar eventos a lo grande. Sus cumplea\u00f1os son conocidos por su originalidad y este no fue la excepci\u00f3n. <\/span><b>Con m\u00e1s de 200 invitados, entre ellos amigos cercanos, familiares y rostros conocidos del mundo del espect\u00e1culo, la noche estuvo repleta de momentos \u00fanicos.<\/b><span style=\"font-weight: 400;\"> Desde los vibrantes trajes y maquillajes de los asistentes hasta los deslumbrantes globos plateados y dorados que decoraban la finca, cada rinc\u00f3n estaba dise\u00f1ado para sumergir a los invitados en la tem\u00e1tica gitana.<\/span><\/p>\n<p style=\"text-align: justify;\"><span style=\"font-weight: 400;\">Sin duda, la combinaci\u00f3n de tradici\u00f3n, elegancia y diversi\u00f3n hizo de este cumplea\u00f1os tem\u00e1tico boda gitana una experiencia inolvidable, llena de sorpresas y momentos emotivos. <\/span><b>Paco Le\u00f3n volvi\u00f3 a demostrar su creatividad sin l\u00edmites, haciendo que esta celebraci\u00f3n fuera un \u00e9xito total<\/b><span style=\"font-weight: 400;\">, donde el arte y la pasi\u00f3n por la vida se sintieron en cada detalle.\u00a0<\/span><\/p>\n<p style=\"text-align: justify;\"><span style=\"font-weight: 400;\">\u00a1Te contamos c\u00f3mo organizamos todo a continuaci\u00f3n!<\/span><\/p>\n<h2 style=\"text-align: justify;\"><span style=\"font-weight: 400;\">Una finca en Torrelodones para 200 invitados<\/span><\/h2>\n<p style=\"text-align: justify;\"><span style=\"font-weight: 400;\">Paco quer\u00eda una celebraci\u00f3n a lo grande, y no escatim\u00f3 en detalles para hacer de su 50 cumplea\u00f1os un evento inolvidable. La fiesta se celebr\u00f3 en una imponente finca en Torrelodones, donde acudieron cerca de 200 invitados y todos llegaron vestidos y maquillados al m\u00e1s puro estilo de una boda gitana.\u00a0<\/span><\/p>\n<p style=\"text-align: justify;\"><span style=\"font-weight: 400;\">Esta imponente propiedad, adem\u00e1s de ser amplia y acogedora, <\/span><b>contaba con una piscina que fue uno de los puntos clave de la decoraci\u00f3n, as\u00ed como un pabell\u00f3n ideal para las actuaciones flamencas que animaron la noche.<\/b><span style=\"font-weight: 400;\"> El porche, rodeado de zonas verdes, ofreci\u00f3 un ambiente relajado y encantador donde los invitados pudieron disfrutar de la celebraci\u00f3n al aire libre. La combinaci\u00f3n de la elegancia de la finca con la vibrante tem\u00e1tica de la boda gitana convirti\u00f3 este evento en un cumplea\u00f1os tem\u00e1tico boda gitana verdaderamente inolvidable.<\/span><\/p>\n<figure id=\"attachment_45902\" aria-describedby=\"caption-attachment-45902\" style=\"width: 700px\" class=\"wp-caption aligncenter\"><img loading=\"lazy\" decoding=\"async\" class=\"wp-image-45902\" src=\"https:\/\/perfectvenue.es\/wp-content\/uploads\/2024\/10\/decoration-with-silver-ballons.jpeg\" alt=\"\" width=\"700\" height=\"933\" srcset=\"https:\/\/perfectvenue.es\/wp-content\/uploads\/2024\/10\/decoration-with-silver-ballons.jpeg?v=1728465724 1536w, https:\/\/perfectvenue.es\/wp-content\/uploads\/2024\/10\/decoration-with-silver-ballons-225x300.jpeg?v=1728465724 225w, https:\/\/perfectvenue.es\/wp-content\/uploads\/2024\/10\/decoration-with-silver-ballons-768x1024.jpeg?v=1728465724 768w, https:\/\/perfectvenue.es\/wp-content\/uploads\/2024\/10\/decoration-with-silver-ballons-1152x1536.jpeg?v=1728465724 1152w, https:\/\/perfectvenue.es\/wp-content\/uploads\/2024\/10\/decoration-with-silver-ballons-450x600.jpeg?v=1728465724 450w, https:\/\/perfectvenue.es\/wp-content\/uploads\/2024\/10\/decoration-with-silver-ballons-600x800.jpeg?v=1728465724 600w\" sizes=\"auto, (max-width: 700px) 100vw, 700px\" \/><figcaption id=\"caption-attachment-45902\" class=\"wp-caption-text\">Decoraci\u00f3n plateada en la finca de Torrelodones \/ Photo via <a href=\"https:\/\/nataliaortizevents.com\/es\/\">Wedding and Events by Natalia Ortiz<\/a><\/figcaption><\/figure>\n<h2 style=\"text-align: justify;\"><span style=\"font-weight: 400;\">Invitados vestidos y maquillados como en una boda gitana<\/span><\/h2>\n<p style=\"text-align: justify;\"><span style=\"font-weight: 400;\">La clave para que una fiesta tem\u00e1tica sea un \u00e9xito total est\u00e1 en hacer que los invitados se sientan parte de la experiencia desde el primer momento. Con esto en mente, el anfitri\u00f3n se encarg\u00f3 de que cada uno de los asistentes pasaran por una sesi\u00f3n de maquillaje y peluquer\u00eda profesional, dise\u00f1ada espec\u00edficamente para mimetizarlos con la vibrante y colorida cultura gitana.\u00a0<\/span><\/p>\n<p style=\"text-align: justify;\"><b>Los looks estaban cargados de brillos, flores y peinados espectaculares, lo que a\u00f1adi\u00f3 un toque de glamour y autenticidad que reflejaba a la perfecci\u00f3n la visi\u00f3n que Paco Le\u00f3n ten\u00eda para su celebraci\u00f3n. <\/b><span style=\"font-weight: 400;\">\u00a1Fue incre\u00edble ver c\u00f3mo todos los invitados transformaron la fiesta en un aut\u00e9ntico despliegue de estilo y diversi\u00f3n!<\/span><\/p>\n<h2 style=\"text-align: justify;\"><span style=\"font-weight: 400;\">Globos plateados y dorados para una decoraci\u00f3n deslumbrante<\/span><\/h2>\n<p style=\"text-align: justify;\"><span style=\"font-weight: 400;\">La decoraci\u00f3n fue, sin lugar a dudas, uno de los grandes aciertos de este cumplea\u00f1os tem\u00e1tico boda gitana. <\/span><b>En la zona de la piscina, instalamos imponentes torres de globos plateados que crearon un efecto visual deslumbrante, aportando un toque de sofisticaci\u00f3n al evento<\/b><span style=\"font-weight: 400;\">. La luz reflejada en los globos a\u00f1adi\u00f3 un aire m\u00e1gico al ambiente.\u00a0<\/span><\/p>\n<p style=\"text-align: justify;\"><span style=\"font-weight: 400;\">Adem\u00e1s, en otro rinc\u00f3n clave de la finca, <\/span><b>montamos un photocall con globos dorados, donde los invitados no perdieron la oportunidad de hacerse fotos memorables.<\/b><span style=\"font-weight: 400;\"> Cada detalle decorativo se dise\u00f1\u00f3 para complementar la tem\u00e1tica, logrando una experiencia visual impresionante.<\/span><\/p>\n<figure id=\"attachment_45898\" aria-describedby=\"caption-attachment-45898\" style=\"width: 700px\" class=\"wp-caption aligncenter\"><img loading=\"lazy\" decoding=\"async\" class=\"wp-image-45898\" src=\"https:\/\/perfectvenue.es\/wp-content\/uploads\/2024\/10\/decoration-with-golden-balloons-scaled.jpg\" alt=\"\" width=\"700\" height=\"1050\" srcset=\"https:\/\/perfectvenue.es\/wp-content\/uploads\/2024\/10\/decoration-with-golden-balloons-scaled.jpg?v=1728465307 1707w, https:\/\/perfectvenue.es\/wp-content\/uploads\/2024\/10\/decoration-with-golden-balloons-200x300.jpg?v=1728465307 200w, https:\/\/perfectvenue.es\/wp-content\/uploads\/2024\/10\/decoration-with-golden-balloons-683x1024.jpg?v=1728465307 683w, https:\/\/perfectvenue.es\/wp-content\/uploads\/2024\/10\/decoration-with-golden-balloons-768x1152.jpg?v=1728465307 768w, https:\/\/perfectvenue.es\/wp-content\/uploads\/2024\/10\/decoration-with-golden-balloons-1024x1536.jpg?v=1728465307 1024w, https:\/\/perfectvenue.es\/wp-content\/uploads\/2024\/10\/decoration-with-golden-balloons-1365x2048.jpg?v=1728465307 1365w, https:\/\/perfectvenue.es\/wp-content\/uploads\/2024\/10\/decoration-with-golden-balloons-450x675.jpg?v=1728465307 450w, https:\/\/perfectvenue.es\/wp-content\/uploads\/2024\/10\/decoration-with-golden-balloons-533x800.jpg?v=1728465307 533w, https:\/\/perfectvenue.es\/wp-content\/uploads\/2024\/10\/decoration-with-golden-balloons-600x900.jpg?v=1728465307 600w\" sizes=\"auto, (max-width: 700px) 100vw, 700px\" \/><figcaption id=\"caption-attachment-45898\" class=\"wp-caption-text\">Decoraci\u00f3n con globos dorados \/ Photo via <a href=\"https:\/\/nataliaortizevents.com\/es\/\">Weddings and Events by Natalia Ortiz<\/a><\/figcaption><\/figure>\n<h2 style=\"text-align: justify;\"><span style=\"font-weight: 400;\">La tarta gitana: una sorpresa que dej\u00f3 a todos boquiabiertos<\/span><\/h2>\n<p style=\"text-align: justify;\"><span style=\"font-weight: 400;\">No pod\u00eda faltar una tarta que estuviera a la altura de un cumplea\u00f1os tem\u00e1tico boda gitana tan especial. En este caso, la tarta de la que nos encargamos fue un aut\u00e9ntico espect\u00e1culo visual y una divertida sorpresa para todos los presentes.\u00a0<\/span><\/p>\n<p style=\"text-align: justify;\"><b>Decorada con flores y detalles coloridos que encajaban perfectamente con la tem\u00e1tica, lo mejor estaba en su interior: \u00a1billetes que sal\u00edan sin parar cuando se tiraba de ellos!<\/b><span style=\"font-weight: 400;\"> Los invitados quedaron asombrados con esta original sorpresa, mientras que Paco Le\u00f3n, fiel a su estilo extravagante, no pod\u00eda estar m\u00e1s encantado con este toque tan divertido y \u00fanico en su celebraci\u00f3n.<\/span><\/p>\n<figure id=\"attachment_45896\" aria-describedby=\"caption-attachment-45896\" style=\"width: 700px\" class=\"wp-caption aligncenter\"><img loading=\"lazy\" decoding=\"async\" class=\"wp-image-45896\" src=\"https:\/\/perfectvenue.es\/wp-content\/uploads\/2024\/10\/gypsy-cake-Paco-Le\u00f3n-scaled.jpg\" alt=\"Tarta gitana\" width=\"700\" height=\"1050\" srcset=\"https:\/\/perfectvenue.es\/wp-content\/uploads\/2024\/10\/gypsy-cake-Paco-Le\u00f3n-scaled.jpg?v=1728465142 1707w, https:\/\/perfectvenue.es\/wp-content\/uploads\/2024\/10\/gypsy-cake-Paco-Le\u00f3n-200x300.jpg?v=1728465142 200w, https:\/\/perfectvenue.es\/wp-content\/uploads\/2024\/10\/gypsy-cake-Paco-Le\u00f3n-683x1024.jpg?v=1728465142 683w, https:\/\/perfectvenue.es\/wp-content\/uploads\/2024\/10\/gypsy-cake-Paco-Le\u00f3n-768x1152.jpg?v=1728465142 768w, https:\/\/perfectvenue.es\/wp-content\/uploads\/2024\/10\/gypsy-cake-Paco-Le\u00f3n-1024x1536.jpg?v=1728465142 1024w, https:\/\/perfectvenue.es\/wp-content\/uploads\/2024\/10\/gypsy-cake-Paco-Le\u00f3n-1365x2048.jpg?v=1728465142 1365w, https:\/\/perfectvenue.es\/wp-content\/uploads\/2024\/10\/gypsy-cake-Paco-Le\u00f3n-450x675.jpg?v=1728465142 450w, https:\/\/perfectvenue.es\/wp-content\/uploads\/2024\/10\/gypsy-cake-Paco-Le\u00f3n-533x800.jpg?v=1728465142 533w, https:\/\/perfectvenue.es\/wp-content\/uploads\/2024\/10\/gypsy-cake-Paco-Le\u00f3n-600x900.jpg?v=1728465142 600w\" sizes=\"auto, (max-width: 700px) 100vw, 700px\" \/><figcaption id=\"caption-attachment-45896\" class=\"wp-caption-text\">Tarta gitana \/ Photo via <a href=\"https:\/\/nataliaortizevents.com\/es\/\">Wedding and Events by Natalia Ortiz<\/a><\/figcaption><\/figure>\n<h2 style=\"text-align: justify;\"><span style=\"font-weight: 400;\">Un altar para las bodas de oro y plata<\/span><\/h2>\n<p style=\"text-align: justify;\"><span style=\"font-weight: 400;\">Pero esta celebraci\u00f3n no fue especial \u00fanicamente por ser el 50 cumplea\u00f1os de Paco Le\u00f3n, sino tambi\u00e9n porque organizamos un momento muy emotivo: la conmemoraci\u00f3n de las bodas de oro de sus padres y las bodas de plata de su querida amiga, la actriz Bel\u00e9n L\u00f3pez.\u00a0<\/span><\/p>\n<p style=\"text-align: justify;\"><span style=\"font-weight: 400;\">Para esta ocasi\u00f3n tan significativa, <\/span><b>preparamos un altar decorado con delicadas telas blancas y flores, <\/b><span style=\"font-weight: 400;\">creando un ambiente m\u00e1gico y cargado de simbolismo.\u00a0<\/span><\/p>\n<p style=\"text-align: justify;\"><span style=\"font-weight: 400;\">Las novias hicieron una entrada espectacular, <\/span><b>llegando al altar en una silla llevada a cuestas, un detalle peculiar y lleno de tradici\u00f3n que aport\u00f3 a\u00fan m\u00e1s autenticidad y encanto<\/b><span style=\"font-weight: 400;\"> a este inolvidable cumplea\u00f1os tem\u00e1tico boda gitana.<\/span><\/p>\n<h2 style=\"text-align: justify;\"><span style=\"font-weight: 400;\">Flamenco, baile y mucha diversi\u00f3n<\/span><\/h2>\n<p style=\"text-align: justify;\"><span style=\"font-weight: 400;\">Ninguna celebraci\u00f3n con tem\u00e1tica gitana estar\u00eda completa sin m\u00fasica y baile, y esta fiesta no fue la excepci\u00f3n. Para animar la noche, el flamenco llen\u00f3 el ambiente de pasi\u00f3n y energ\u00eda. Los invitados, completamente inmersos en la experiencia, se dejaron llevar por el ritmo de las palmas, convirtiendo la pista de baile en un verdadero festival de alegr\u00eda y movimiento.<\/span><\/p>\n<p style=\"text-align: justify;\"><b>La combinaci\u00f3n de m\u00fasica, baile y la energ\u00eda de los asistentes hizo que la celebraci\u00f3n fuera un verdadero homenaje a la cultura gitana<\/b><span style=\"font-weight: 400;\">, transformando la fiesta en una experiencia m\u00e1gica para todos.<\/span><\/p>\n<figure id=\"attachment_45903\" aria-describedby=\"caption-attachment-45903\" style=\"width: 700px\" class=\"wp-caption aligncenter\"><img loading=\"lazy\" decoding=\"async\" class=\"wp-image-45903\" src=\"https:\/\/perfectvenue.es\/wp-content\/uploads\/2024\/10\/gypsy-wedding-themed-birthday-1.jpeg\" alt=\"\" width=\"700\" height=\"922\" srcset=\"https:\/\/perfectvenue.es\/wp-content\/uploads\/2024\/10\/gypsy-wedding-themed-birthday-1.jpeg?v=1728465754 1320w, https:\/\/perfectvenue.es\/wp-content\/uploads\/2024\/10\/gypsy-wedding-themed-birthday-1-228x300.jpeg?v=1728465754 228w, https:\/\/perfectvenue.es\/wp-content\/uploads\/2024\/10\/gypsy-wedding-themed-birthday-1-778x1024.jpeg?v=1728465754 778w, https:\/\/perfectvenue.es\/wp-content\/uploads\/2024\/10\/gypsy-wedding-themed-birthday-1-768x1011.jpeg?v=1728465754 768w, https:\/\/perfectvenue.es\/wp-content\/uploads\/2024\/10\/gypsy-wedding-themed-birthday-1-1167x1536.jpeg?v=1728465754 1167w, https:\/\/perfectvenue.es\/wp-content\/uploads\/2024\/10\/gypsy-wedding-themed-birthday-1-450x593.jpeg?v=1728465754 450w, https:\/\/perfectvenue.es\/wp-content\/uploads\/2024\/10\/gypsy-wedding-themed-birthday-1-608x800.jpeg?v=1728465754 608w, https:\/\/perfectvenue.es\/wp-content\/uploads\/2024\/10\/gypsy-wedding-themed-birthday-1-600x790.jpeg?v=1728465754 600w\" sizes=\"auto, (max-width: 700px) 100vw, 700px\" \/><figcaption id=\"caption-attachment-45903\" class=\"wp-caption-text\">Mar\u00eda Le\u00f3n en el cumplea\u00f1os tem\u00e1tico boda gitana \/ Photo via Paco Le\u00f3n<\/figcaption><\/figure>\n<h2 style=\"text-align: justify;\"><span style=\"font-weight: 400;\">\u00a1Nos ponemos manos a la obra con tu cumplea\u00f1os tem\u00e1tico boda gitana!<\/span><\/h2>\n<p style=\"text-align: justify;\"><span style=\"font-weight: 400;\">\u00a1S\u00ed! Si est\u00e1s pensando en organizar una fiesta tem\u00e1tica tan original como la de Paco Le\u00f3n, <\/span><b>no dudes en contarnos tu idea, ya sea tem\u00e1tica gitana o la que t\u00fa quieras.<\/b><span style=\"font-weight: 400;\"> \u00a1Estamos listos para ayudarte a crear una celebraci\u00f3n digna de una aut\u00e9ntica estrella!<\/span><\/p>\n<p style=\"text-align: justify;\"><span style=\"font-weight: 400;\">No te pierdas c\u00f3mo fue nuestra <a href=\"https:\/\/perfectvenue.es\/2024\/09\/14\/cumpleanos-tematica-coquette\/\">organizaci\u00f3n para <\/a><\/span><span style=\"font-weight: 400;\"><a href=\"https:\/\/perfectvenue.es\/2024\/09\/14\/cumpleanos-tematica-coquette\/\">el cumplea\u00f1os de Mar Lucas con tem\u00e1tica coquette<\/a>.<\/span><span style=\"font-weight: 400;\"> Tambi\u00e9n puedes descubrir <\/span><span style=\"font-weight: 400;\">el espectacular <a href=\"https:\/\/perfectvenue.es\/2024\/05\/10\/30-cumpleanos-de-la-influencer-sandra-garal\/\">30 cumplea\u00f1os de la influencer Sandra Garal, ambientado entre flores rojas y candelabros<\/a>.\u00a0<\/span><\/p>\n<p style=\"text-align: justify;\"><span style=\"font-weight: 400;\">Y si buscas algo para los m\u00e1s peque\u00f1os, somos expertos en cumplea\u00f1os infantiles. \u00a1No te pierdas<\/span><a href=\"https:\/\/perfectvenue.es\/2024\/09\/26\/football-themed-birthday\/\"><span style=\"font-weight: 400;\"> el incre\u00edble cumplea\u00f1os de Mateo, el hijo de Ana Moya, con tem\u00e1tica de f\u00fatbol! <\/span><\/a><span style=\"font-weight: 400;\">Estamos aqu\u00ed para hacer realidad tus sue\u00f1os de fiesta, sin importar la ocasi\u00f3n. \u00a1Cont\u00e1ctanos y empecemos a planear tu celebraci\u00f3n perfecta!<\/span><\/p>\n<p><figure id=\"attachment_45900\" aria-describedby=\"caption-attachment-45900\" style=\"width: 2560px\" class=\"wp-caption aligncenter\"><img loading=\"lazy\" decoding=\"async\" class=\"size-full wp-image-45900\" src=\"https:\/\/perfectvenue.es\/wp-content\/uploads\/2024\/10\/gypsy-wedding-themed-birthday-scaled.jpg\" alt=\"gypsy wedding themed birthday Paco Le\u00f3n\" width=\"2560\" height=\"1707\" srcset=\"https:\/\/perfectvenue.es\/wp-content\/uploads\/2024\/10\/gypsy-wedding-themed-birthday-scaled.jpg?v=1728465627 2560w, https:\/\/perfectvenue.es\/wp-content\/uploads\/2024\/10\/gypsy-wedding-themed-birthday-300x200.jpg?v=1728465627 300w, https:\/\/perfectvenue.es\/wp-content\/uploads\/2024\/10\/gypsy-wedding-themed-birthday-1024x683.jpg?v=1728465627 1024w, https:\/\/perfectvenue.es\/wp-content\/uploads\/2024\/10\/gypsy-wedding-themed-birthday-768x512.jpg?v=1728465627 768w, https:\/\/perfectvenue.es\/wp-content\/uploads\/2024\/10\/gypsy-wedding-themed-birthday-1536x1024.jpg?v=1728465627 1536w, https:\/\/perfectvenue.es\/wp-content\/uploads\/2024\/10\/gypsy-wedding-themed-birthday-2048x1365.jpg?v=1728465627 2048w, https:\/\/perfectvenue.es\/wp-content\/uploads\/2024\/10\/gypsy-wedding-themed-birthday-450x300.jpg?v=1728465627 450w, https:\/\/perfectvenue.es\/wp-content\/uploads\/2024\/10\/gypsy-wedding-themed-birthday-1200x800.jpg?v=1728465627 1200w, https:\/\/perfectvenue.es\/wp-content\/uploads\/2024\/10\/gypsy-wedding-themed-birthday-600x400.jpg?v=1728465627 600w\" sizes=\"auto, (max-width: 2560px) 100vw, 2560px\" \/><figcaption id=\"caption-attachment-45900\" class=\"wp-caption-text\"><span class=\"Y2IQFc\" lang=\"es\">Equipo organizativo con Paco Le\u00f3n<\/span> \/ Photo via <a href=\"https:\/\/nataliaortizevents.com\/es\/\">Weddings and Events by Natalia Ortiz<\/a><\/figcaption><\/figure><\/p>\n<span class=\"tags-links\"><a href=\"https:\/\/perfectvenue.es\/es\/tag\/boda-gitana\/\" rel=\"tag\">boda gitana<\/a><a href=\"https:\/\/perfectvenue.es\/es\/tag\/cumpleanos-tematico\/\" rel=\"tag\">cumplea\u00f1os tem\u00e1tico<\/a><a href=\"https:\/\/perfectvenue.es\/es\/tag\/decoracion-tematica\/\" rel=\"tag\">decoraci\u00f3n tem\u00e1tica<\/a><a href=\"https:\/\/perfectvenue.es\/es\/tag\/paco-leon\/\" rel=\"tag\">Paco Le\u00f3n<\/a><a href=\"https:\/\/perfectvenue.es\/es\/tag\/tarta-gitana\/\" rel=\"tag\">tarta gitana<\/a><\/span>","protected":false},"excerpt":{"rendered":"<p>Te contamos todo sobre el 50 cumplea\u00f1os de Paco Le\u00f3n, que escogi\u00f3 un cumplea\u00f1os tem\u00e1tico boda gitana que enamor\u00f3 a los invitados.<\/p>\n","protected":false},"author":48202,"featured_media":45900,"comment_status":"closed","ping_status":"open","sticky":false,"template":"","format":"standard","meta":{"footnotes":""},"categories":[7785],"tags":[7786,4819,7788,7787,7789],"class_list":["post-45894","post","type-post","status-publish","format-standard","has-post-thumbnail","hentry","category-cumpleanos","tag-boda-gitana","tag-cumpleanos-tematico","tag-decoracion-tematica","tag-paco-leon","tag-tarta-gitana"],"_links":{"self":[{"href":"https:\/\/perfectvenue.es\/es\/wp-json\/wp\/v2\/posts\/45894","targetHints":{"allow":["GET"]}}],"collection":[{"href":"https:\/\/perfectvenue.es\/es\/wp-json\/wp\/v2\/posts"}],"about":[{"href":"https:\/\/perfectvenue.es\/es\/wp-json\/wp\/v2\/types\/post"}],"author":[{"embeddable":true,"href":"https:\/\/perfectvenue.es\/es\/wp-json\/wp\/v2\/users\/48202"}],"replies":[{"embeddable":true,"href":"https:\/\/perfectvenue.es\/es\/wp-json\/wp\/v2\/comments?post=45894"}],"version-history":[{"count":14,"href":"https:\/\/perfectvenue.es\/es\/wp-json\/wp\/v2\/posts\/45894\/revisions"}],"predecessor-version":[{"id":48166,"href":"https:\/\/perfectvenue.es\/es\/wp-json\/wp\/v2\/posts\/45894\/revisions\/48166"}],"wp:featuredmedia":[{"embeddable":true,"href":"https:\/\/perfectvenue.es\/es\/wp-json\/wp\/v2\/media\/45900"}],"wp:attachment":[{"href":"https:\/\/perfectvenue.es\/es\/wp-json\/wp\/v2\/media?parent=45894"}],"wp:term":[{"taxonomy":"category","embeddable":true,"href":"https:\/\/perfectvenue.es\/es\/wp-json\/wp\/v2\/categories?post=45894"},{"taxonomy":"post_tag","embeddable":true,"href":"https:\/\/perfectvenue.es\/es\/wp-json\/wp\/v2\/tags?post=45894"}],"curies":[{"name":"wp","href":"https:\/\/api.w.org\/{rel}","templated":true}]}}