{"id":45815,"date":"2024-10-25T11:37:41","date_gmt":"2024-10-25T08:37:41","guid":{"rendered":"http:\/\/perfectvenue.es\/?p=45815"},"modified":"2024-10-25T11:37:41","modified_gmt":"2024-10-25T08:37:41","slug":"stitch-themed-birthday","status":"publish","type":"post","link":"https:\/\/perfectvenue.es\/es\/2024\/10\/25\/stitch-themed-birthday\/","title":{"rendered":"El cumplea\u00f1os tem\u00e1tico de Stitch de Francesca, la hija de Carla Pereyra y Diego Simeone, \u00a1te lo contamos todo!"},"content":{"rendered":"<p><\/p>\n<p style=\"text-align: justify\"><span style=\"font-weight: 400\">\u00a1Hoy os traemos el cumplea\u00f1os tem\u00e1tico de Stitch que organizamos el s\u00e1bado! Celebramos el cumplea\u00f1os de Francesca, una ni\u00f1a de 8 a\u00f1os que adora a Stitch, el famoso personaje de Disney. As\u00ed que, \u00bfqu\u00e9 mejor manera de festejar su d\u00eda que con una tem\u00e1tica totalmente inspirada en este adorable extraterrestre?<\/span><\/p>\n<p style=\"text-align: justify\"><span style=\"font-weight: 400\">Francesca, la gran protagonista que celebr\u00f3 su cumplea\u00f1os, disfrut\u00f3 de una fiesta inolvidable llena de globos, dulces, juegos y una tarta espectacular. \u00a1Fue un evento que seguramente recordar\u00e1 por siempre!<\/span><\/p>\n<p style=\"text-align: justify\"><span style=\"font-weight: 400\">En este art\u00edculo te contamos todos los detalles del cumplea\u00f1os de Francesca, la hija de la modelo Carla Pereyra y el entrenador Diego Simeone, desde la decoraci\u00f3n, c\u00f3mo se lo pasaron los ni\u00f1os, hasta c\u00f3mo fue la incre\u00edble tarta&#8230;<\/span><\/p>\n<p style=\"text-align: justify\"><span style=\"font-weight: 400\">\u00a1No te pierdas ni un detalle de c\u00f3mo organizamos esta maravillosa fiesta de cumplea\u00f1os tem\u00e1tico de Stitch en su casa!<\/span><\/p>\n<figure id=\"attachment_45858\" aria-describedby=\"caption-attachment-45858\" style=\"width: 700px\" class=\"wp-caption aligncenter\"><img loading=\"lazy\" decoding=\"async\" class=\"size-full wp-image-45858\" src=\"http:\/\/perfectvenue.es\/wp-content\/uploads\/2024\/10\/diego-simeone-carla-pereyra.jpg\" alt=\"\" width=\"700\" height=\"1050\" srcset=\"https:\/\/perfectvenue.es\/wp-content\/uploads\/2024\/10\/diego-simeone-carla-pereyra.jpg?v=1728296969 700w, https:\/\/perfectvenue.es\/wp-content\/uploads\/2024\/10\/diego-simeone-carla-pereyra-200x300.jpg?v=1728296969 200w, https:\/\/perfectvenue.es\/wp-content\/uploads\/2024\/10\/diego-simeone-carla-pereyra-683x1024.jpg?v=1728296969 683w, https:\/\/perfectvenue.es\/wp-content\/uploads\/2024\/10\/diego-simeone-carla-pereyra-450x675.jpg?v=1728296969 450w, https:\/\/perfectvenue.es\/wp-content\/uploads\/2024\/10\/diego-simeone-carla-pereyra-533x800.jpg?v=1728296969 533w, https:\/\/perfectvenue.es\/wp-content\/uploads\/2024\/10\/diego-simeone-carla-pereyra-600x900.jpg?v=1728296969 600w\" sizes=\"auto, (max-width: 700px) 100vw, 700px\" \/><figcaption id=\"caption-attachment-45858\" class=\"wp-caption-text\">Cumplea\u00f1os tem\u00e1tico Stitch\u00a0\/ Photo via <a href=\"https:\/\/nataliaortizevents.com\/es\/\">Wedding and Events by Natalia Ortiz<\/a><\/figcaption><\/figure>\n<h2 style=\"text-align: justify\"><span style=\"font-weight: 400\">Francesca sopl\u00f3 las velas en el jard\u00edn de su casa<\/span><\/h2>\n<p style=\"text-align: justify\"><span style=\"font-weight: 400\">Al planificar un evento en casa, el objetivo es asegurar que todo salga a la perfecci\u00f3n y que tanto el anfitri\u00f3n como los invitados se diviertan al m\u00e1ximo. Para lograrlo, es fundamental contar con una decoraci\u00f3n atractiva y una organizaci\u00f3n cuidadosa.<\/span><\/p>\n<p style=\"text-align: justify\"><span style=\"font-weight: 400\">Por eso, Carla Pereyra y Diego Simeone decidieron confiar en nosotros para dise\u00f1ar y decorar su hogar en esta ocasi\u00f3n tan significativa. De este modo, todos los asistentes pudieron disfrutar de un d\u00eda inolvidable en la comodidad de su casa.<\/span><\/p>\n<p style=\"text-align: justify\"><span style=\"font-weight: 400\">La celebraci\u00f3n se llev\u00f3 a cabo en el encantador jard\u00edn de su residencia, un ambiente perfecto que garantiz\u00f3 la diversi\u00f3n de todos. Celebrar un cumplea\u00f1os en el hogar familiar es, sin duda, una decisi\u00f3n muy acertada.<\/span><\/p>\n<p style=\"text-align: justify\"><span style=\"font-weight: 400\">Si quieres descubrir c\u00f3mo decoramos la casa para este cumplea\u00f1os tem\u00e1tico de Stitch&#8230; \u00a1sigue leyendo!<\/span><\/p>\n<h2 style=\"text-align: justify\"><span style=\"font-weight: 400\">Globos, globos y m\u00e1s globos<\/span><\/h2>\n<p style=\"text-align: justify\"><span style=\"font-weight: 400\">Los colores y la decoraci\u00f3n son fundamentales en cualquier cumplea\u00f1os, y la tem\u00e1tica de Stitch fue un acierto total que dej\u00f3 a todos los ni\u00f1os maravillados.<\/span><\/p>\n<p style=\"text-align: justify\"><span style=\"font-weight: 400\">Francesca se qued\u00f3 asombrada al ver todo. La fiesta estaba adornada con globos en suaves tonos rosas, lilas y azules pastel, acompa\u00f1ados de estrellas y globos de diferentes tama\u00f1os, adem\u00e1s de algunos con la imagen de Stitch.<\/span><\/p>\n<p style=\"text-align: justify\"><span style=\"font-weight: 400\">Fue un aut\u00e9ntico fest\u00edn de color, realzado por un panel brillante de fondo que destacaba y a\u00f1ad\u00eda un toque de magia al cumplea\u00f1os tem\u00e1tico de Stitch.<\/span><\/p>\n<figure id=\"attachment_45821\" aria-describedby=\"caption-attachment-45821\" style=\"width: 700px\" class=\"wp-caption aligncenter\"><img loading=\"lazy\" decoding=\"async\" class=\"wp-image-45821\" src=\"http:\/\/perfectvenue.es\/wp-content\/uploads\/2024\/10\/Stitch-themed-birthday-6-scaled-e1727955314170.jpg\" alt=\"Stitch themed birthday \/ Photo via Wedding and Events by Natalia Ortiz\" width=\"700\" height=\"467\" \/><figcaption id=\"caption-attachment-45821\" class=\"wp-caption-text\">Cumplea\u00f1os tem\u00e1tico Stitch\u00a0\/ Photo via <a href=\"https:\/\/nataliaortizevents.com\/es\/\">Wedding and Events by Natalia Ortiz<\/a><\/figcaption><\/figure>\n<h2 style=\"text-align: justify\"><span style=\"font-weight: 400\">Una tarta que no pudo emocionar m\u00e1s a la cumplea\u00f1era<\/span><\/h2>\n<p style=\"text-align: justify\"><span style=\"font-weight: 400\">No puede faltar el pastel en una celebraci\u00f3n de cumplea\u00f1os! Una tarta tem\u00e1tica es esencial para cualquier fiesta. En el cumplea\u00f1os de Francesca, logramos una tarta que se ajustaba a la perfecci\u00f3n a sus gustos: un dise\u00f1o en los colores de la celebraci\u00f3n, adornada con detalles de Stitch.<\/span><\/p>\n<p style=\"text-align: justify\"><span style=\"font-weight: 400\">Esta maravillosa creaci\u00f3n no solo era visualmente atractiva, sino que tambi\u00e9n estaba exquisita. Los ni\u00f1os se emocionaron al ver la tarta, y fue el momento ideal para que Francesca soplara las velas rodeada de sus seres queridos. \u00a1Un verdadero acierto que dej\u00f3 a todos sorprendidos!<\/span><\/p>\n<p style=\"text-align: justify\"><span style=\"font-weight: 400\">La tarta de este cumplea\u00f1os tem\u00e1tico de Stitch era de fondo rosa, decorada con corazones, y ten\u00eda a Stitch en un hermoso tono azul. Contaba con dos pisos, recubierta de fondant, y una vela con el n\u00famero 8 en la cima.<\/span><\/p>\n<figure id=\"attachment_45819\" aria-describedby=\"caption-attachment-45819\" style=\"width: 700px\" class=\"wp-caption aligncenter\"><img loading=\"lazy\" decoding=\"async\" class=\"wp-image-45819\" src=\"http:\/\/perfectvenue.es\/wp-content\/uploads\/2024\/10\/Stitch-themed-birthday-4-scaled-e1727955357250.jpg\" alt=\"Stitch themed birthday \/ Photo via Wedding and Events by Natalia Ortiz\" width=\"700\" height=\"1050\" \/><figcaption id=\"caption-attachment-45819\" class=\"wp-caption-text\">Cumplea\u00f1os tem\u00e1tico Stitch\u00a0\/ Photo via <a href=\"https:\/\/nataliaortizevents.com\/es\/\">Wedding and Events by Natalia Ortiz<\/a><\/figcaption><\/figure>\n<h2 style=\"text-align: justify\"><span style=\"font-weight: 400\">El candy bar, el rinc\u00f3n favorito de los invitados<\/span><\/h2>\n<p style=\"text-align: justify\"><span style=\"font-weight: 400\">Junto con los globos y la tarta, preparamos un candy bar que fue el rinc\u00f3n favorito de los peques. Los ni\u00f1os disfrutaron de una selecci\u00f3n de chuches, caramelos que se agotaron enseguida.<\/span><\/p>\n<p style=\"text-align: justify\"><span style=\"font-weight: 400\">Cada mesa cil\u00edndrica del candy bar estaba decorada con los mismos colores de la fiesta y llena de dulces que mantuvieron a los m\u00e1s peque\u00f1os felices y activos durante toda la celebraci\u00f3n.\u00a0<\/span><\/p>\n<p style=\"text-align: justify\"><span style=\"font-weight: 400\">\u00a1Fue el lugar perfecto para que todos pudieran picar y celebrar con energ\u00eda!<\/span><\/p>\n<figure id=\"attachment_45820\" aria-describedby=\"caption-attachment-45820\" style=\"width: 700px\" class=\"wp-caption aligncenter\"><img loading=\"lazy\" decoding=\"async\" class=\"wp-image-45820\" src=\"http:\/\/perfectvenue.es\/wp-content\/uploads\/2024\/10\/Stitch-themed-birthday-5-scaled-e1727955391742.jpg\" alt=\"Stitch themed birthday \/ Photo via Wedding and Events by Natalia Ortiz\" width=\"700\" height=\"1050\" \/><figcaption id=\"caption-attachment-45820\" class=\"wp-caption-text\">Cumplea\u00f1os tem\u00e1tico Stitch\u00a0\/ Photo via <a href=\"https:\/\/nataliaortizevents.com\/es\/\">Wedding and Events by Natalia Ortiz<\/a><\/figcaption><\/figure>\n<h2 style=\"text-align: justify\"><span style=\"font-weight: 400\">Juegos y diversi\u00f3n durante toda la jornada<\/span><\/h2>\n<p style=\"text-align: justify\"><span style=\"font-weight: 400\">\u00a1Los juegos y la animaci\u00f3n son un plus en cualquier cumplea\u00f1os! En la fiesta de cumplea\u00f1os tem\u00e1tico de Stitch de Francesca, los ni\u00f1os se lo pasaron en grande. Disfrutaron de juegos en el jard\u00edn, actividades divertidas y un sinf\u00edn de risas que llenaron el ambiente.<\/span><\/p>\n<p style=\"text-align: justify\"><span style=\"font-weight: 400\">Desde carreras de sacos hasta juegos con pelotas, hubo una gran variedad de actividades que mantuvieron a todos entretenidos y activos durante todo el evento. \u00a1Sin duda, la diversi\u00f3n estuvo asegurada!<\/span><\/p>\n<p style=\"text-align: justify\"><span style=\"font-weight: 400\">Si deseas a\u00f1adir un toque de entretenimiento a tu fiesta infantil, considera<\/span><span style=\"font-weight: 400\"> incluir un <a href=\"https:\/\/perfectvenue.es\/es\/product\/a-magician-for-your-birthday-the-perfect-plan-you-need-for-a-magical-childrens-party\/\">mago<\/a><\/span><span style=\"font-weight: 400\"> o un <\/span><span style=\"font-weight: 400\">animador con<a href=\"https:\/\/perfectvenue.es\/es\/2022\/03\/21\/partiy-for-children-and-animators-dressed-as-famous-heroes\/\"> disfraz de cabezudo<\/a><\/span><span style=\"font-weight: 400\">, disponemos de m\u00e1s de 200. \u00a1Los ni\u00f1os se divertir\u00e1n much\u00edsimo!<\/span><\/p>\n<h2 style=\"text-align: justify\"><span style=\"font-weight: 400\">La organizaci\u00f3n, clave del \u00e9xito en tu evento<\/span><\/h2>\n<p style=\"text-align: justify\"><span style=\"font-weight: 400\">El equipo de organizaci\u00f3n se ocup\u00f3 de cada detalle para que la fiesta de cumplea\u00f1os de Francesca fuera realmente espectacular. Sin su dedicaci\u00f3n y profesionalismo, no habr\u00eda sido posible que todo saliera tan bien.<\/span><\/p>\n<p style=\"text-align: justify\"><span style=\"font-weight: 400\">La experiencia y el esfuerzo del equipo garantizaron que cada rinc\u00f3n del cumplea\u00f1os tem\u00e1tico de Stitch estuviera impecable y que el evento se desarrollara sin inconvenientes, creando un recuerdo inolvidable para Francesca y sus amigos.<\/span><\/p>\n<p style=\"text-align: justify\"><span style=\"font-weight: 400\">Queremos agradecer a Diego Simeone y a Carla Pereyra por confiar en nosotros para organizar el cumplea\u00f1os de su peque\u00f1a. \u00a1Quedaron encantados con el resultado!<\/span><\/p>\n<figure id=\"attachment_45816\" aria-describedby=\"caption-attachment-45816\" style=\"width: 700px\" class=\"wp-caption aligncenter\"><img loading=\"lazy\" decoding=\"async\" class=\"wp-image-45816\" src=\"http:\/\/perfectvenue.es\/wp-content\/uploads\/2024\/10\/Stitch-themed-birthday-scaled-e1727955459558.jpg\" alt=\"Stitch themed birthday \/ Photo via Wedding and Events by Natalia Ortiz\" width=\"700\" height=\"467\" \/><figcaption id=\"caption-attachment-45816\" class=\"wp-caption-text\">Equipo en el cumplea\u00f1os tem\u00e1tico Stitch \/ Photo via <a href=\"https:\/\/nataliaortizevents.com\/es\/\">Wedding and Events by Natalia Ortiz<\/a><\/figcaption><\/figure>\n<h2 style=\"text-align: justify\"><span style=\"font-weight: 400\">\u00a1Ahora te toca a ti celebrar tu cumplea\u00f1os tem\u00e1tico de Stitch!<\/span><\/h2>\n<p style=\"text-align: justify\"><span style=\"font-weight: 400\">\u00a1As\u00ed es! Solo necesitas contarnos lo que deseas para la fiesta de cumplea\u00f1os de tu peque\u00f1o.<\/span><\/p>\n<p style=\"text-align: justify\"><span style=\"font-weight: 400\">Nos pondremos manos a la obra para que tu hijo o hija y sus invitados vivan una celebraci\u00f3n inolvidable, ya sea un cumplea\u00f1os tem\u00e1tico de Stitch o de la tem\u00e1tica que tu peque quiera.<\/span><\/p>\n<p style=\"text-align: justify\"><span style=\"font-weight: 400\">No te pierdas los cumplea\u00f1os tem\u00e1ticos que hemos organizado,<\/span><span style=\"font-weight: 400\"> como el de <a href=\"http:\/\/perfectvenue.es\/2024\/09\/26\/football-themed-birthday\/\">Mateo, el hijo de Ana Moya, con tem\u00e1tica de f\u00fatbol<\/a><\/span><span style=\"font-weight: 400\">;<\/span><span style=\"font-weight: 400\"> el <a href=\"https:\/\/perfectvenue.es\/es\/2024\/07\/14\/cumpleanos-infantil-en-madrid\/\">cumplea\u00f1os de Anastasia, con tem\u00e1tica de dulces<\/a><\/span><span style=\"font-weight: 400\">; o<\/span><span style=\"font-weight: 400\"> el <a href=\"https:\/\/perfectvenue.es\/es\/2024\/04\/23\/cumpleanos-con-tematica-mikecrack\/\">cumplea\u00f1os de Sof\u00eda, con tem\u00e1tica de Mikecrack.<\/a><\/span><\/p>\n<p style=\"text-align: justify\"><span style=\"font-weight: 400\">\u00a1No esperes m\u00e1s para contactarnos!<\/span><\/p>\n<p><\/p>\n<span class=\"tags-links\"><a href=\"https:\/\/perfectvenue.es\/es\/tag\/cumpleanos-infantil\/\" rel=\"tag\">cumplea\u00f1os infantil<\/a><a href=\"https:\/\/perfectvenue.es\/es\/tag\/cumpleanos-tematico\/\" rel=\"tag\">cumplea\u00f1os tem\u00e1tico<\/a><a href=\"https:\/\/perfectvenue.es\/es\/tag\/decoracion-de-stitch-para-cumpleanos\/\" rel=\"tag\">decoraci\u00f3n de Stitch para cumplea\u00f1os<\/a><a href=\"https:\/\/perfectvenue.es\/es\/tag\/decoracion-para-cumpleanos\/\" rel=\"tag\">decoraci\u00f3n para cumplea\u00f1os<\/a><\/span>","protected":false},"excerpt":{"rendered":"<p>Celebrar tu cumplea\u00f1os tem\u00e1tico de Stitch ya es posible, y aqu\u00ed te traemos c\u00f3mo lo ha hecho la hija de Carla Pereyra y Diego Simeone<\/p>\n","protected":false},"author":48202,"featured_media":45858,"comment_status":"closed","ping_status":"open","sticky":false,"template":"","format":"standard","meta":{"footnotes":""},"categories":[2064],"tags":[4825,4819,7762,7763],"class_list":["post-45815","post","type-post","status-publish","format-standard","has-post-thumbnail","hentry","category-events","tag-cumpleanos-infantil","tag-cumpleanos-tematico","tag-decoracion-de-stitch-para-cumpleanos","tag-decoracion-para-cumpleanos"],"_links":{"self":[{"href":"https:\/\/perfectvenue.es\/es\/wp-json\/wp\/v2\/posts\/45815","targetHints":{"allow":["GET"]}}],"collection":[{"href":"https:\/\/perfectvenue.es\/es\/wp-json\/wp\/v2\/posts"}],"about":[{"href":"https:\/\/perfectvenue.es\/es\/wp-json\/wp\/v2\/types\/post"}],"author":[{"embeddable":true,"href":"https:\/\/perfectvenue.es\/es\/wp-json\/wp\/v2\/users\/48202"}],"replies":[{"embeddable":true,"href":"https:\/\/perfectvenue.es\/es\/wp-json\/wp\/v2\/comments?post=45815"}],"version-history":[{"count":10,"href":"https:\/\/perfectvenue.es\/es\/wp-json\/wp\/v2\/posts\/45815\/revisions"}],"predecessor-version":[{"id":45864,"href":"https:\/\/perfectvenue.es\/es\/wp-json\/wp\/v2\/posts\/45815\/revisions\/45864"}],"wp:featuredmedia":[{"embeddable":true,"href":"https:\/\/perfectvenue.es\/es\/wp-json\/wp\/v2\/media\/45858"}],"wp:attachment":[{"href":"https:\/\/perfectvenue.es\/es\/wp-json\/wp\/v2\/media?parent=45815"}],"wp:term":[{"taxonomy":"category","embeddable":true,"href":"https:\/\/perfectvenue.es\/es\/wp-json\/wp\/v2\/categories?post=45815"},{"taxonomy":"post_tag","embeddable":true,"href":"https:\/\/perfectvenue.es\/es\/wp-json\/wp\/v2\/tags?post=45815"}],"curies":[{"name":"wp","href":"https:\/\/api.w.org\/{rel}","templated":true}]}}