{"id":45350,"date":"2024-09-26T15:40:16","date_gmt":"2024-09-26T12:40:16","guid":{"rendered":"https:\/\/perfectvenue.es\/?p=45350"},"modified":"2024-09-26T12:27:28","modified_gmt":"2024-09-26T09:27:28","slug":"football-themed-birthday","status":"publish","type":"post","link":"https:\/\/perfectvenue.es\/es\/2024\/09\/26\/football-themed-birthday\/","title":{"rendered":"Te contamos c\u00f3mo fue el cumplea\u00f1os tem\u00e1tica f\u00fatbol de Mateo, el hijo de la influencer y modelo Ana Moya en su casa de Valencia"},"content":{"rendered":"<p><\/p>\n<p style=\"text-align: justify\"><span style=\"font-weight: 400\">\u00a1Hoy os traemos el cumplea\u00f1os que organizamos el domingo! Celebramos el cumplea\u00f1os de Mateo, un ni\u00f1o que ha sido fan\u00e1tico del f\u00fatbol desde siempre. As\u00ed que, \u00bfqu\u00e9 mejor manera de festejar su d\u00eda que con su cumplea\u00f1os con tem\u00e1tica de futbol?<\/span><\/p>\n<p style=\"text-align: justify\"><span style=\"font-weight: 400\">Mateo, el gran protagonista que celebr\u00f3 sus 8 a\u00f1os, disfrut\u00f3 de una fiesta inolvidable llena de globos, chuches, juegos y una tarta espectacular. \u00a1Fue un evento que seguro recordar\u00e1 para siempre!<\/span><\/p>\n<p style=\"text-align: justify\"><span style=\"font-weight: 400\">En este art\u00edculo te contamos todos los detalles del cumplea\u00f1os de Mateo, el hijo de la influencer y modelo Ana Moya, desde la decoraci\u00f3n, c\u00f3mo se lo pasaron los ni\u00f1os, hasta c\u00f3mo fue la incre\u00edble tarta&#8230;<\/span><\/p>\n<p style=\"text-align: justify\"><span style=\"font-weight: 400\">\u00a1No te pierdas ni un detalle de c\u00f3mo nos desplazamos hasta Valencia desde Madrid para hacer de este cumplea\u00f1os algo muy especial!<\/span><\/p>\n<figure id=\"attachment_45357\" aria-describedby=\"caption-attachment-45357\" style=\"width: 700px\" class=\"wp-caption aligncenter\"><img loading=\"lazy\" decoding=\"async\" class=\"wp-image-45357\" src=\"https:\/\/perfectvenue.es\/wp-content\/uploads\/2024\/09\/ana-moya-diego-conde-y-mateo.jpg\" alt=\"Ana Moya, Diego Conde y Mateo \/ Photo via Wedding and Events by Natalia Ortiz\" width=\"700\" height=\"1050\" srcset=\"https:\/\/perfectvenue.es\/wp-content\/uploads\/2024\/09\/ana-moya-diego-conde-y-mateo.jpg?v=1726825799 700w, https:\/\/perfectvenue.es\/wp-content\/uploads\/2024\/09\/ana-moya-diego-conde-y-mateo-200x300.jpg?v=1726825799 200w, https:\/\/perfectvenue.es\/wp-content\/uploads\/2024\/09\/ana-moya-diego-conde-y-mateo-683x1024.jpg?v=1726825799 683w, https:\/\/perfectvenue.es\/wp-content\/uploads\/2024\/09\/ana-moya-diego-conde-y-mateo-450x675.jpg?v=1726825799 450w, https:\/\/perfectvenue.es\/wp-content\/uploads\/2024\/09\/ana-moya-diego-conde-y-mateo-533x800.jpg?v=1726825799 533w, https:\/\/perfectvenue.es\/wp-content\/uploads\/2024\/09\/ana-moya-diego-conde-y-mateo-600x900.jpg?v=1726825799 600w\" sizes=\"auto, (max-width: 700px) 100vw, 700px\" \/><figcaption id=\"caption-attachment-45357\" class=\"wp-caption-text\">Ana Moya, Diego Conde y Mateo \/ Photo via <a href=\"https:\/\/nataliaortizevents.com\/es\/\">Wedding and Events by Natalia Ortiz<\/a><\/figcaption><\/figure>\n<h2 style=\"text-align: justify\"><span style=\"font-weight: 400\">Mateo sopl\u00f3 las velas en casa en su cumplea\u00f1os con tem\u00e1tica de f\u00fatbol<\/span><\/h2>\n<p style=\"text-align: justify\"><span style=\"font-weight: 400\">Cuando se organiza un evento en casa, el objetivo es que todo salga perfecto y que tanto el anfitri\u00f3n como los invitados disfruten al m\u00e1ximo. Para lograrlo, una buena decoraci\u00f3n y una organizaci\u00f3n meticulosa son clave.<\/span><\/p>\n<p style=\"text-align: justify\"><span style=\"font-weight: 400\">Por eso, Ana Moya, la madre de Mateo, no dud\u00f3 en confiar en nosotros para que nos encarg\u00e1ramos de dise\u00f1ar y decorar su casa en Valencia. As\u00ed, todos pudieron disfrutar del gran d\u00eda desde la comodidad del hogar.<\/span><\/p>\n<p style=\"text-align: justify\"><span style=\"font-weight: 400\">El evento tuvo lugar en el jard\u00edn de su preciosa casa, con piscina y c\u00e9sped, un entorno ideal que hizo que todos se lo pasaran en grande. Elegir la casa familiar para celebrar un cumplea\u00f1os es, sin duda, un acierto seguro.<\/span><\/p>\n<p style=\"text-align: justify\"><span style=\"font-weight: 400\">Si quieres saber c\u00f3mo decoramos la casa para este cumplea\u00f1os con tem\u00e1tica de f\u00fatbol\u2026 \u00a1sigue leyendo!<\/span><\/p>\n<figure id=\"attachment_45352\" aria-describedby=\"caption-attachment-45352\" style=\"width: 700px\" class=\"wp-caption aligncenter\"><img loading=\"lazy\" decoding=\"async\" class=\"wp-image-45352\" src=\"https:\/\/perfectvenue.es\/wp-content\/uploads\/2024\/09\/house-ana-moya-valencia.jpg\" alt=\"House Ana Moya, Valencia \/ Photo via Wedding and Events by Natalia Ortiz\" width=\"700\" height=\"467\" srcset=\"https:\/\/perfectvenue.es\/wp-content\/uploads\/2024\/09\/house-ana-moya-valencia.jpg?v=1726825789 700w, https:\/\/perfectvenue.es\/wp-content\/uploads\/2024\/09\/house-ana-moya-valencia-300x200.jpg?v=1726825789 300w, https:\/\/perfectvenue.es\/wp-content\/uploads\/2024\/09\/house-ana-moya-valencia-450x300.jpg?v=1726825789 450w, https:\/\/perfectvenue.es\/wp-content\/uploads\/2024\/09\/house-ana-moya-valencia-600x400.jpg?v=1726825789 600w\" sizes=\"auto, (max-width: 700px) 100vw, 700px\" \/><figcaption id=\"caption-attachment-45352\" class=\"wp-caption-text\">Casa de familiar \/ Photo via <a href=\"https:\/\/nataliaortizevents.com\/es\/\">Wedding and Events by Natalia Ortiz<\/a><\/figcaption><\/figure>\n<h2 style=\"text-align: justify\"><span style=\"font-weight: 400\">Una decoraci\u00f3n de lo m\u00e1s futbolera<\/span><\/h2>\n<p style=\"text-align: justify\"><span style=\"font-weight: 400\">Los colores y la decoraci\u00f3n son esenciales en cualquier cumplea\u00f1os, y la tem\u00e1tica de f\u00fatbol de esta fiesta fue todo un acierto que no dej\u00f3 indiferente a ninguno de los ni\u00f1os.<\/span><\/p>\n<p style=\"text-align: justify\"><span style=\"font-weight: 400\">Decoramos con papeler\u00eda tem\u00e1tica de f\u00fatbol, y, por supuesto, tambi\u00e9n hubo una gran cantidad de globos. Los globos estaban en colores verde oscuro, verde claro y blanco, y hasta incluimos globos con forma de bal\u00f3n de f\u00fatbol y con forma de camiseta de f\u00fatbol.\u00a0<\/span><\/p>\n<p style=\"text-align: justify\"><span style=\"font-weight: 400\">Cada rinc\u00f3n de la fiesta reflejaba la pasi\u00f3n por el f\u00fatbol, haciendo que la celebraci\u00f3n fuera a\u00fan m\u00e1s especial para Mateo y sus amigos. \u00a1Fue un aut\u00e9ntico fest\u00edn futbolero!<\/span><\/p>\n<figure id=\"attachment_45351\" aria-describedby=\"caption-attachment-45351\" style=\"width: 700px\" class=\"wp-caption aligncenter\"><img loading=\"lazy\" decoding=\"async\" class=\"wp-image-45351\" src=\"https:\/\/perfectvenue.es\/wp-content\/uploads\/2024\/09\/photocall-birthday-theme.jpg\" alt=\"Fotocall futbolero \/ Photo via Wedding and Events by Natalia Ortiz\" width=\"700\" height=\"467\" srcset=\"https:\/\/perfectvenue.es\/wp-content\/uploads\/2024\/09\/photocall-birthday-theme.jpg?v=1726825788 700w, https:\/\/perfectvenue.es\/wp-content\/uploads\/2024\/09\/photocall-birthday-theme-300x200.jpg?v=1726825788 300w, https:\/\/perfectvenue.es\/wp-content\/uploads\/2024\/09\/photocall-birthday-theme-450x300.jpg?v=1726825788 450w, https:\/\/perfectvenue.es\/wp-content\/uploads\/2024\/09\/photocall-birthday-theme-600x400.jpg?v=1726825788 600w\" sizes=\"auto, (max-width: 700px) 100vw, 700px\" \/><figcaption id=\"caption-attachment-45351\" class=\"wp-caption-text\">Photocall tem\u00e1tica f\u00fatbol \/ Photo via<a href=\"https:\/\/nataliaortizevents.com\/es\/\"> Wedding and Events by Natalia Ortiz<\/a><\/figcaption><\/figure>\n<h2 style=\"text-align: justify\"><span style=\"font-weight: 400\">Una tarta de lo m\u00e1s divertida<\/span><\/h2>\n<p style=\"text-align: justify\"><span style=\"font-weight: 400\">\u00a1No puede faltar el pastel en un cumplea\u00f1os! Y es que una tarta en un cumplea\u00f1os con tem\u00e1tica de futbol es fundamental en cualquier fiesta, y nosotros sabemos d\u00f3nde encontrar las mejores pasteler\u00edas. En el cumplea\u00f1os con tem\u00e1tica de futbol de Mateo, nadie se qued\u00f3 sin su trozo de tarta.<\/span><\/p>\n<p style=\"text-align: justify\"><span style=\"font-weight: 400\">Para este evento, conseguimos una tarta que se adaptaba perfectamente a los gustos de Mateo: una tarta en forma de bal\u00f3n de f\u00fatbol. Lo m\u00e1s divertido fue que, para servirla, se utiliz\u00f3 un martillo especial para romper la capa de chocolate de la tarta. \u00a1Fue un momento muy divertido tanto para Mateo como para sus amigos!<\/span><\/p>\n<p style=\"text-align: justify\"><span style=\"font-weight: 400\">Adem\u00e1s, tanto padres como adultos tambi\u00e9n pudieron disfrutar de esta deliciosa y original tarta. \u00a1Un aut\u00e9ntico acierto que sorprendi\u00f3 a todos!<\/span><\/p>\n<figure id=\"attachment_45356\" aria-describedby=\"caption-attachment-45356\" style=\"width: 700px\" class=\"wp-caption aligncenter\"><img loading=\"lazy\" decoding=\"async\" class=\"wp-image-45356\" src=\"https:\/\/perfectvenue.es\/wp-content\/uploads\/2024\/09\/birthday-cake-fotball-theme.jpg\" alt=\"Una tarta de lo mas divertida \/ Photo via Wedding and Events by Natalia Ortiz\" width=\"700\" height=\"1050\" srcset=\"https:\/\/perfectvenue.es\/wp-content\/uploads\/2024\/09\/birthday-cake-fotball-theme.jpg?v=1726825797 700w, https:\/\/perfectvenue.es\/wp-content\/uploads\/2024\/09\/birthday-cake-fotball-theme-200x300.jpg?v=1726825797 200w, https:\/\/perfectvenue.es\/wp-content\/uploads\/2024\/09\/birthday-cake-fotball-theme-683x1024.jpg?v=1726825797 683w, https:\/\/perfectvenue.es\/wp-content\/uploads\/2024\/09\/birthday-cake-fotball-theme-450x675.jpg?v=1726825797 450w, https:\/\/perfectvenue.es\/wp-content\/uploads\/2024\/09\/birthday-cake-fotball-theme-533x800.jpg?v=1726825797 533w, https:\/\/perfectvenue.es\/wp-content\/uploads\/2024\/09\/birthday-cake-fotball-theme-600x900.jpg?v=1726825797 600w\" sizes=\"auto, (max-width: 700px) 100vw, 700px\" \/><figcaption id=\"caption-attachment-45356\" class=\"wp-caption-text\">Tarta tem\u00e1tica f\u00fatbol \/ Photo via <a href=\"https:\/\/nataliaortizevents.com\/es\/\">Wedding and Events by Natalia Ortiz<\/a><\/figcaption><\/figure>\n<h2 style=\"text-align: justify\"><span style=\"font-weight: 400\">El candy bar, el rinc\u00f3n favorito de los peques<\/span><\/h2>\n<p style=\"text-align: justify\"><span style=\"font-weight: 400\">Junto con los globos, el photocall y la tarta, preparamos varios podiums para crear un candy bar que fue el rinc\u00f3n favorito de los peques. Los ni\u00f1os disfrutaron de una selecci\u00f3n de chuches y caramelos, nubes deliciosas, palomitas y mucho m\u00e1s.<\/span><\/p>\n<p style=\"text-align: justify\"><span style=\"font-weight: 400\">Cada podium estaba decorado el cumplea\u00f1os con tem\u00e1tica de futbol y lleno de dulces que hicieron las delicias de los m\u00e1s peque\u00f1os. \u00a1Fue el lugar perfecto para que todos pudieran picar y celebrar con energ\u00eda durante toda la fiesta!<\/span><\/p>\n<figure id=\"attachment_45355\" aria-describedby=\"caption-attachment-45355\" style=\"width: 700px\" class=\"wp-caption aligncenter\"><img loading=\"lazy\" decoding=\"async\" class=\"wp-image-45355\" src=\"https:\/\/perfectvenue.es\/wp-content\/uploads\/2024\/09\/candy-bar-footbal-theme.jpg\" alt=\"Candy bar \/ Photo via Wedding and Events by Natalia Ortiz\" width=\"700\" height=\"467\" srcset=\"https:\/\/perfectvenue.es\/wp-content\/uploads\/2024\/09\/candy-bar-footbal-theme.jpg?v=1726825795 700w, https:\/\/perfectvenue.es\/wp-content\/uploads\/2024\/09\/candy-bar-footbal-theme-300x200.jpg?v=1726825795 300w, https:\/\/perfectvenue.es\/wp-content\/uploads\/2024\/09\/candy-bar-footbal-theme-450x300.jpg?v=1726825795 450w, https:\/\/perfectvenue.es\/wp-content\/uploads\/2024\/09\/candy-bar-footbal-theme-600x400.jpg?v=1726825795 600w\" sizes=\"auto, (max-width: 700px) 100vw, 700px\" \/><figcaption id=\"caption-attachment-45355\" class=\"wp-caption-text\">Candy bar \/ Photo via <a href=\"https:\/\/nataliaortizevents.com\/es\/\">Wedding and Events by Natalia Ortiz<\/a><\/figcaption><\/figure>\n<h2 style=\"text-align: justify\"><span style=\"font-weight: 400\">Los juegos no faltaron<\/span><\/h2>\n<p style=\"text-align: justify\"><span style=\"font-weight: 400\">\u00a1Los juegos y los animadores son un plus en cualquier cumplea\u00f1os! En la fiesta de Mateo, los ni\u00f1os se lo pasaron en grande. Jugaron toda la tarde en la piscina y en el c\u00e9sped, con actividades como f\u00fatbol y baloncesto.<\/span><\/p>\n<p style=\"text-align: justify\"><span style=\"font-weight: 400\">Adem\u00e1s de estos juegos cl\u00e1sicos, hubo una gran variedad de actividades que mantuvieron a todos entretenidos y activos durante todo el evento. \u00a1Sin duda, la diversi\u00f3n estuvo asegurada!<\/span><\/p>\n<figure id=\"attachment_45354\" aria-describedby=\"caption-attachment-45354\" style=\"width: 700px\" class=\"wp-caption aligncenter\"><img loading=\"lazy\" decoding=\"async\" class=\"wp-image-45354\" src=\"https:\/\/perfectvenue.es\/wp-content\/uploads\/2024\/09\/children-playing-football.jpg\" alt=\"la organizacion \/ Photo via Wedding and Events by Natalia Ortiz\" width=\"700\" height=\"467\" srcset=\"https:\/\/perfectvenue.es\/wp-content\/uploads\/2024\/09\/children-playing-football.jpg?v=1726825793 700w, https:\/\/perfectvenue.es\/wp-content\/uploads\/2024\/09\/children-playing-football-300x200.jpg?v=1726825793 300w, https:\/\/perfectvenue.es\/wp-content\/uploads\/2024\/09\/children-playing-football-450x300.jpg?v=1726825793 450w, https:\/\/perfectvenue.es\/wp-content\/uploads\/2024\/09\/children-playing-football-600x400.jpg?v=1726825793 600w\" sizes=\"auto, (max-width: 700px) 100vw, 700px\" \/><figcaption id=\"caption-attachment-45354\" class=\"wp-caption-text\">Juegos durante el cumplea\u00f1os \/ Photo via <a href=\"https:\/\/nataliaortizevents.com\/es\/\">Wedding and Events by Natalia Ortiz<\/a><\/figcaption><\/figure>\n<h2 style=\"text-align: justify\"><span style=\"font-weight: 400\">La organizaci\u00f3n, sumamente importante\u00a0<\/span><\/h2>\n<p style=\"text-align: justify\"><span style=\"font-weight: 400\">Natalia Ortiz, de Weddings and Events by Natalia Ortiz, fue la encargada de organizar esta fiesta de cumplea\u00f1os tan espectacular. Sin su experiencia y dedicaci\u00f3n, no habr\u00eda sido posible que todo saliera tan bien.<\/span><\/p>\n<p style=\"text-align: justify\"><span style=\"font-weight: 400\">Natalia y su equipo se trasladaron a Valencia desde Madrid para asegurarse de que cada detalle estuviera perfecto y el evento se desarrollara sin contratiempos.<\/span><\/p>\n<figure id=\"attachment_45353\" aria-describedby=\"caption-attachment-45353\" style=\"width: 700px\" class=\"wp-caption aligncenter\"><img loading=\"lazy\" decoding=\"async\" class=\"wp-image-45353\" src=\"https:\/\/perfectvenue.es\/wp-content\/uploads\/2024\/09\/football-birthday-theme.jpg\" alt=\"Football birthday Theme \/ Photo via Wedding and Events by Natalia Ortiz\" width=\"700\" height=\"1050\" srcset=\"https:\/\/perfectvenue.es\/wp-content\/uploads\/2024\/09\/football-birthday-theme.jpg?v=1726825791 700w, https:\/\/perfectvenue.es\/wp-content\/uploads\/2024\/09\/football-birthday-theme-200x300.jpg?v=1726825791 200w, https:\/\/perfectvenue.es\/wp-content\/uploads\/2024\/09\/football-birthday-theme-683x1024.jpg?v=1726825791 683w, https:\/\/perfectvenue.es\/wp-content\/uploads\/2024\/09\/football-birthday-theme-450x675.jpg?v=1726825791 450w, https:\/\/perfectvenue.es\/wp-content\/uploads\/2024\/09\/football-birthday-theme-533x800.jpg?v=1726825791 533w, https:\/\/perfectvenue.es\/wp-content\/uploads\/2024\/09\/football-birthday-theme-600x900.jpg?v=1726825791 600w\" sizes=\"auto, (max-width: 700px) 100vw, 700px\" \/><figcaption id=\"caption-attachment-45353\" class=\"wp-caption-text\">Equipo de organizaci\u00f3n junto a la pareja \/ Photo via <a href=\"https:\/\/nataliaortizevents.com\/es\/\">Wedding and Events by Natalia Ortiz<\/a><\/figcaption><\/figure>\n<p style=\"text-align: justify\"><span style=\"font-weight: 400\">\u00a1Ahora es tu turno de celebrar un cumplea\u00f1os con tem\u00e1tica de f\u00fatbol!<\/span><\/p>\n<p style=\"text-align: justify\"><span style=\"font-weight: 400\">\u00a1S\u00ed! Solo tienes que contarnos todo lo que deseas para la fiesta de cumplea\u00f1os de tu peque\u00f1o.<\/span><\/p>\n<p style=\"text-align: justify\"><span style=\"font-weight: 400\">\u00a1Nos pondremos en marcha para que tu hijo o hija y sus invitados nunca olviden la celebraci\u00f3n!<\/span><\/p>\n<p style=\"text-align: justify\"><span style=\"font-weight: 400\">\u00a1Te esperamos!<\/span><\/p>\n<p style=\"text-align: justify\"><span style=\"font-weight: 400\">No te pierdas este <\/span><a href=\"https:\/\/perfectvenue.es\/2024\/04\/23\/cumpleanos-con-tematica-mikecrack\/\"><span style=\"font-weight: 400\">cumplea\u00f1os con tem\u00e1tica Mikecrack de Sof\u00eda<\/span><\/a><span style=\"font-weight: 400\">, el <\/span><a href=\"https:\/\/perfectvenue.es\/2024\/04\/29\/cumpleanos-de-una-nina-de-1-ano\/\"><span style=\"font-weight: 400\">cumplea\u00f1os de esta ni\u00f1a de 1 a\u00f1o<\/span><\/a><span style=\"font-weight: 400\">, o el <\/span><a href=\"https:\/\/perfectvenue.es\/2024\/07\/14\/cumpleanos-infantil-en-madrid\/\"><span style=\"font-weight: 400\">cumplea\u00f1os con tem\u00e1tica dulces de Anastasia<\/span><\/a><span style=\"font-weight: 400\">, \u00a1podemos hacer la tem\u00e1tica que quieras!<\/span><\/p>\n<p><\/p>\n<span class=\"tags-links\"><a href=\"https:\/\/perfectvenue.es\/es\/tag\/cumpleanos-con-tematica-de-futbol\/\" rel=\"tag\">cumplea\u00f1os con tem\u00e1tica de futbol<\/a><a href=\"https:\/\/perfectvenue.es\/es\/tag\/cumpleanos-para-ninos\/\" rel=\"tag\">cumplea\u00f1os para ni\u00f1os<\/a><a href=\"https:\/\/perfectvenue.es\/es\/tag\/decoracion-cumpleanos\/\" rel=\"tag\">decoraci\u00f3n cumplea\u00f1os<\/a><a href=\"https:\/\/perfectvenue.es\/es\/tag\/ideas-para-tu-cumpleeanos\/\" rel=\"tag\">ideas para tu cumpleea\u00f1os<\/a><\/span>","protected":false},"excerpt":{"rendered":"<p>\u00a1Celebrar tu cumplea\u00f1os con tem\u00e1tica de f\u00fatbol es posible!, a la mayor\u00eda de los ni\u00f1os os encanta el futbol y que mejor manera que celebrar tu cumplea\u00f1os as\u00ed<\/p>\n","protected":false},"author":48202,"featured_media":45357,"comment_status":"closed","ping_status":"open","sticky":false,"template":"","format":"standard","meta":{"footnotes":""},"categories":[2064],"tags":[7696,3666,7697,7698],"class_list":["post-45350","post","type-post","status-publish","format-standard","has-post-thumbnail","hentry","category-events","tag-cumpleanos-con-tematica-de-futbol","tag-cumpleanos-para-ninos","tag-decoracion-cumpleanos","tag-ideas-para-tu-cumpleeanos"],"_links":{"self":[{"href":"https:\/\/perfectvenue.es\/es\/wp-json\/wp\/v2\/posts\/45350","targetHints":{"allow":["GET"]}}],"collection":[{"href":"https:\/\/perfectvenue.es\/es\/wp-json\/wp\/v2\/posts"}],"about":[{"href":"https:\/\/perfectvenue.es\/es\/wp-json\/wp\/v2\/types\/post"}],"author":[{"embeddable":true,"href":"https:\/\/perfectvenue.es\/es\/wp-json\/wp\/v2\/users\/48202"}],"replies":[{"embeddable":true,"href":"https:\/\/perfectvenue.es\/es\/wp-json\/wp\/v2\/comments?post=45350"}],"version-history":[{"count":8,"href":"https:\/\/perfectvenue.es\/es\/wp-json\/wp\/v2\/posts\/45350\/revisions"}],"predecessor-version":[{"id":45405,"href":"https:\/\/perfectvenue.es\/es\/wp-json\/wp\/v2\/posts\/45350\/revisions\/45405"}],"wp:featuredmedia":[{"embeddable":true,"href":"https:\/\/perfectvenue.es\/es\/wp-json\/wp\/v2\/media\/45357"}],"wp:attachment":[{"href":"https:\/\/perfectvenue.es\/es\/wp-json\/wp\/v2\/media?parent=45350"}],"wp:term":[{"taxonomy":"category","embeddable":true,"href":"https:\/\/perfectvenue.es\/es\/wp-json\/wp\/v2\/categories?post=45350"},{"taxonomy":"post_tag","embeddable":true,"href":"https:\/\/perfectvenue.es\/es\/wp-json\/wp\/v2\/tags?post=45350"}],"curies":[{"name":"wp","href":"https:\/\/api.w.org\/{rel}","templated":true}]}}