{"id":45231,"date":"2024-09-14T09:09:04","date_gmt":"2024-09-14T06:09:04","guid":{"rendered":"http:\/\/perfectvenue.es\/?p=45231"},"modified":"2024-09-13T11:09:16","modified_gmt":"2024-09-13T08:09:16","slug":"cumpleanos-tematica-coquette","status":"publish","type":"post","link":"https:\/\/perfectvenue.es\/es\/2024\/09\/14\/cumpleanos-tematica-coquette\/","title":{"rendered":"Te contamos c\u00f3mo organizamos el 22 cumplea\u00f1os tem\u00e1tica coquette de la cantante e influencer Mar Lucas"},"content":{"rendered":"<p><\/p>\n<p style=\"text-align: justify\"><span style=\"font-weight: 400\">\u00bfListos para sumergiros en el mundo de los cumplea\u00f1os glamorosos y llenos de estilo? Hoy vamos a contaros c\u00f3mo fue la incre\u00edble fiesta de cumplea\u00f1os tem\u00e1tica coquette de Mar Lucas, la cantante e influencer que arrasa en redes.<\/span><\/p>\n<p style=\"text-align: justify\"><span style=\"font-weight: 400\">Cuando nos enteramos de que Mar quer\u00eda una celebraci\u00f3n con la tem\u00e1tica coquette, no lo dudamos y nos pusimos manos a la obra.\u00a0<\/span><\/p>\n<p style=\"text-align: justify\"><span style=\"font-weight: 400\">El rosa, ese color tan chic y encantador, se convirti\u00f3 en el protagonista absoluto del evento. Desde la decoraci\u00f3n hasta los peque\u00f1os detalles, todo estuvo pensado para capturar la esencia de esta tendencia que no deja de relucir en redes.<\/span><\/p>\n<p style=\"text-align: justify\"><span style=\"font-weight: 400\">As\u00ed que prep\u00e1rate para descubrir c\u00f3mo logramos que la fiesta cumplea\u00f1os tem\u00e1tica coquette de Mar Lucas fuera un \u00e9xito total.\u00a0<\/span><\/p>\n<p style=\"text-align: justify\"><span style=\"font-weight: 400\">\u00a1Vamos all\u00e1!<\/span><\/p>\n<figure id=\"attachment_45235\" aria-describedby=\"caption-attachment-45235\" style=\"width: 700px\" class=\"wp-caption aligncenter\"><img loading=\"lazy\" decoding=\"async\" class=\"wp-image-45235\" src=\"http:\/\/perfectvenue.es\/wp-content\/uploads\/2024\/09\/Coquette-party-Mar-Lucas-e1726134173363.jpeg\" alt=\"Coquette party Mar Lucas \/ Photo via Wedding and Events by Natalia Ortiz\" width=\"700\" height=\"864\" \/><figcaption id=\"caption-attachment-45235\" class=\"wp-caption-text\">Cumplea\u00f1os tem\u00e1tica coquette de Mar Lucas \/ Photo via @marlucas \/ <a href=\"https:\/\/nataliaortizevents.com\/es\/\">Wedding and Events by Natalia Ortiz<\/a><\/figcaption><\/figure>\n<h2 style=\"text-align: justify\"><span style=\"font-weight: 400\">Mar Lucas celebr\u00f3 su cumplea\u00f1os entre globos, lazos y flores<\/span><\/h2>\n<p style=\"text-align: justify\"><span style=\"font-weight: 400\">Sabemos que para que un evento sea memorable, la decoraci\u00f3n y la organizaci\u00f3n deben ser impecables, y en este caso no \u00edbamos a dejar nada al azar.\u00a0<\/span><\/p>\n<p style=\"text-align: justify\"><span style=\"font-weight: 400\">Cuando Mar nos dijo que quer\u00eda una tem\u00e1tica coquette, nos pusimos manos a la obra de inmediato. El rosa ser\u00eda el hilo conductor, y empezamos a buscar inspiraci\u00f3n para asegurarnos de que cada detalle encajara perfectamente. Creamos un briefing lleno de ideas creativas y, sin duda, dimos en el clavo.\u00a0<\/span><\/p>\n<p style=\"text-align: justify\"><span style=\"font-weight: 400\">As\u00ed que, si quieres saber c\u00f3mo logramos convertir el sue\u00f1o de Mar Lucas en realidad, sigue leyendo.\u00a0 \u00a1Te contamos todos los secretos detr\u00e1s de esta celebraci\u00f3n de cumplea\u00f1os tem\u00e1tica coquette tan chic y a la moda!\u00a0<\/span><\/p>\n<figure id=\"attachment_45234\" aria-describedby=\"caption-attachment-45234\" style=\"width: 700px\" class=\"wp-caption aligncenter\"><img loading=\"lazy\" decoding=\"async\" class=\"wp-image-45234\" src=\"http:\/\/perfectvenue.es\/wp-content\/uploads\/2024\/09\/Coquette-theme-birthday-Mar-Lucas-e1726134110656.jpeg\" alt=\"Coquette theme birthday Mar Lucas \/ Photo via Wedding and Events by Natalia Ortiz\" width=\"700\" height=\"896\" \/><figcaption id=\"caption-attachment-45234\" class=\"wp-caption-text\">Cumplea\u00f1os tem\u00e1tica coquette de Mar Lucas \/ Photo via @marlucas \/\u00a0 <a href=\"https:\/\/nataliaortizevents.com\/es\/\">Wedding and Events by Natalia Ortiz<\/a><\/figcaption><\/figure>\n<h2 style=\"text-align: justify\"><span style=\"font-weight: 400\">Un t\u00fanel formado por globos<\/span><\/h2>\n<p style=\"text-align: justify\"><span style=\"font-weight: 400\">En el espacio discoteca Oh My Club de Madrid, lugar en el que se celebr\u00f3 la fiesta, elaboramos un t\u00fanel monumental formado por globos rosas. Este impresionante arco de globos no solo serv\u00eda de decoraci\u00f3n, sino que tambi\u00e9n se convirti\u00f3 en el tel\u00f3n de fondo perfecto para las fotos del evento.<\/span><\/p>\n<p style=\"text-align: justify\"><span style=\"font-weight: 400\">La estructura, gigante y llamativa, dej\u00f3 a todos boquiabiertos. Mar Lucas, s\u00faper emocionada, no pod\u00eda estar m\u00e1s agradecida por tener este fabuloso t\u00fanel como parte de su celebraci\u00f3n. \u00a1Definitivamente fue uno de los puntos culminantes de la noche y el escenario ideal para capturar todos los momentos de este cumplea\u00f1os tem\u00e1tica coquette!\u00a0<\/span><\/p>\n<figure id=\"attachment_45237\" aria-describedby=\"caption-attachment-45237\" style=\"width: 700px\" class=\"wp-caption aligncenter\"><img loading=\"lazy\" decoding=\"async\" class=\"wp-image-45237\" src=\"http:\/\/perfectvenue.es\/wp-content\/uploads\/2024\/09\/Coquette-birthday-Mar-Lucas-natalia-ortiz-events-scaled-e1726134053607.jpg\" alt=\"Coquette birthday Mar Lucas \/ Photo via Wedding and Events by Natalia Ortiz\" width=\"700\" height=\"851\" \/><figcaption id=\"caption-attachment-45237\" class=\"wp-caption-text\">Cumplea\u00f1os tem\u00e1tica coquette de Mar Lucas \/ Photo via <a href=\"https:\/\/nataliaortizevents.com\/es\/\">Wedding and Events by Natalia Ortiz<\/a><\/figcaption><\/figure>\n<h2 style=\"text-align: justify\"><span style=\"font-weight: 400\">Un ramo coquette de regalo para la cumplea\u00f1era<\/span><\/h2>\n<p style=\"text-align: justify\"><span style=\"font-weight: 400\">Quer\u00edamos hacer algo realmente especial para Mar en su cumplea\u00f1os, as\u00ed que preparamos un ramo coquette que fue la guinda del pastel. Trataba de un ramo lleno de flores frescas, pero con un toque \u00fanico: \u00a1incluimos chuches y un peluche!\u00a0<\/span><\/p>\n<p style=\"text-align: justify\"><span style=\"font-weight: 400\">Este ramo no solo era un regalo, sino que tambi\u00e9n se integraba a la perfecci\u00f3n con la tem\u00e1tica coquette.\u00a0<\/span><\/p>\n<p style=\"text-align: justify\"><span style=\"font-weight: 400\">Cada elemento estaba pensado para aportar un poco m\u00e1s de encanto y diversi\u00f3n a la celebraci\u00f3n. Mar qued\u00f3 encantada con este detalle tan personalizado y divertido. \u00a1Sin duda, un gesto que hizo que su d\u00eda fuera a\u00fan m\u00e1s especial!\u00a0<\/span><\/p>\n<figure id=\"attachment_45236\" aria-describedby=\"caption-attachment-45236\" style=\"width: 700px\" class=\"wp-caption aligncenter\"><img loading=\"lazy\" decoding=\"async\" class=\"wp-image-45236\" src=\"http:\/\/perfectvenue.es\/wp-content\/uploads\/2024\/09\/Coquette-birthday-Mar-Lucas-Natalia-Ortiz-Events-25-scaled-e1726133964527.jpg\" alt=\"Coquette birthday Mar Lucas \/ Photo via Wedding and Events by Natalia Ortiz\" width=\"700\" height=\"1050\" \/><figcaption id=\"caption-attachment-45236\" class=\"wp-caption-text\">Cumplea\u00f1os tem\u00e1tica coquette de Mar Lucas \/ Photo via <a href=\"https:\/\/nataliaortizevents.com\/es\/\">Wedding and Events by Natalia Ortiz<\/a><\/figcaption><\/figure>\n<h2 style=\"text-align: justify\"><span style=\"font-weight: 400\">Cubitos de hielo con flores<\/span><\/h2>\n<p style=\"text-align: justify\"><span style=\"font-weight: 400\">Uno de los detalles m\u00e1s originales y encantadores de la fiesta fueron los cubitos de hielo con flores. Estos peque\u00f1os toques no solo a\u00f1adieron un toque elegante a la decoraci\u00f3n, sino que tambi\u00e9n sorprendieron y encantaron a todos los invitados.<\/span><\/p>\n<p style=\"text-align: justify\"><span style=\"font-weight: 400\">\u00a1Los detalles realmente marcan la diferencia y este fue uno de esos detalles que hizo que el cumplea\u00f1os tem\u00e1tica coquette estuviera a\u00fan m\u00e1s especial y personalizado!\u00a0<\/span><\/p>\n<figure id=\"attachment_45232\" aria-describedby=\"caption-attachment-45232\" style=\"width: 700px\" class=\"wp-caption aligncenter\"><img loading=\"lazy\" decoding=\"async\" class=\"wp-image-45232\" src=\"http:\/\/perfectvenue.es\/wp-content\/uploads\/2024\/09\/Ice-cubes-with-flowers-Natalia-Ortiz-Events-e1726133875562.jpeg\" alt=\"Ice cubes with flowers \/ Photo via Wedding and Events Natalia Ortiz\" width=\"700\" height=\"514\" \/><figcaption id=\"caption-attachment-45232\" class=\"wp-caption-text\">Cubitos de hielo con flores \/ Photo via <a href=\"https:\/\/nataliaortizevents.com\/es\/\">Wedding and Events Natalia Ortiz<\/a><\/figcaption><\/figure>\n<h2 style=\"text-align: justify\"><span style=\"font-weight: 400\">Copas con lazos y una tarta deliciosa\u00a0<\/span><\/h2>\n<p style=\"text-align: justify\"><span style=\"font-weight: 400\">Para darle ese toque final de elegancia a este cumplea\u00f1os tem\u00e1tica coquette, decoramos las copas con delicados lazos, que a\u00f1adieron un encanto adicional a la mesa. Estos lazos no solo decoraron las copas, sino que tambi\u00e9n hicieron que el momento del corte de la tarta fuera a\u00fan m\u00e1s original.\u00a0<\/span><\/p>\n<p style=\"text-align: justify\"><span style=\"font-weight: 400\">La tarta era una aut\u00e9ntica obra de arte. En un tono rosa, estaba adornada con lazos, flores y perlas comestibles. Sin duda, tanto las copas como la tarta fueron el toque final perfecto para una celebraci\u00f3n tan top.<\/span><\/p>\n<figure id=\"attachment_45233\" aria-describedby=\"caption-attachment-45233\" style=\"width: 700px\" class=\"wp-caption aligncenter\"><img loading=\"lazy\" decoding=\"async\" class=\"wp-image-45233\" src=\"http:\/\/perfectvenue.es\/wp-content\/uploads\/2024\/09\/Coquette-theme-cake-Mar-Lucas--e1726134238430.jpeg\" alt=\"Coquette theme cake \/ Photo via Wedding and Events by Natalia Ortiz\" width=\"700\" height=\"868\" \/><figcaption id=\"caption-attachment-45233\" class=\"wp-caption-text\">Cumplea\u00f1os tem\u00e1tica coquette de Mar Lucas \/ Photo via @marlucas \/ <a href=\"https:\/\/nataliaortizevents.com\/es\/\">Wedding and Events by Natalia Ortiz<\/a><\/figcaption><\/figure>\n<h2 style=\"text-align: justify\"><span style=\"font-weight: 400\">Recuerdos para no olvidar el gran d\u00eda de un cumplea\u00f1os tem\u00e1tica coquette<\/span><\/h2>\n<p style=\"text-align: justify\"><span style=\"font-weight: 400\">\u00a1No hay evento sin un mont\u00f3n de fotos para el recuerdo, y este no iba a ser la excepci\u00f3n! Para asegurarnos de que Mar Lucas y sus amigos tuvieran recuerdos inolvidables de su cumplea\u00f1os, contratamos un fot\u00f3grafo que se encarg\u00f3 de capturar cada sonrisa y cada momento de alegr\u00eda de la noche.<\/span><\/p>\n<p style=\"text-align: justify\"><span style=\"font-weight: 400\">Desde las caras radiantes de felicidad hasta esos momentos espont\u00e1neos y divertidos, cada foto y cada video se convirti\u00f3 en un pedacito de la celebraci\u00f3n que Mar y sus amigos podr\u00e1n recordar para siempre. \u00a1Nada como las im\u00e1genes para revivir esas ocasiones especiales una y otra vez!\u00a0<\/span><\/p>\n<h2 style=\"text-align: justify\"><span style=\"font-weight: 400\">Servicio de organizaci\u00f3n de cumplea\u00f1os sublime<\/span><\/h2>\n<p style=\"text-align: justify\"><span style=\"font-weight: 400\">Para que el cumplea\u00f1os de Mar Lucas fuera realmente sublime, nadie como las manos expertas de Natalia Ortiz, de <\/span><a href=\"https:\/\/nataliaortizevents.com\/es\/\"><span style=\"font-weight: 400\">Weddings and Events by Natalia Ortiz<\/span><\/a><span style=\"font-weight: 400\">. Ella se encarg\u00f3 de que cada detalle de la celebraci\u00f3n de cumplea\u00f1os tem\u00e1tica coquette estuviera perfecto, y el resultado fue simplemente espectacular.\u00a0<\/span><\/p>\n<p style=\"text-align: justify\"><span style=\"font-weight: 400\">Si est\u00e1s listo para organizar tu propia fiesta de ensue\u00f1o, \u00a1ahora es tu turno de brillar! Cu\u00e9ntanos todo lo que deseas para tu gran d\u00eda y nos pondremos manos a la obra para que t\u00fa y tus invitados vivan una celebraci\u00f3n inolvidable.\u00a0<\/span><\/p>\n<p style=\"text-align: justify\"><span style=\"font-weight: 400\">\u00a1Estamos ansiosos por ayudarte a organizar un cumplea\u00f1os digno de una aut\u00e9ntica celebridad!\u00a0<\/span><\/p>\n<p style=\"text-align: justify\"><span style=\"font-weight: 400\">Si quieres m\u00e1s inspiraci\u00f3n, no te pierdas c\u00f3mo fue <\/span><a href=\"http:\/\/perfectvenue.es\/2024\/05\/10\/30-cumpleanos-de-la-influencer-sandra-garal\/\"><span style=\"font-weight: 400\">el cumplea\u00f1os de la influencer Sandra Garal entre velas y flores rojas<\/span><span style=\"font-weight: 400\">, \u00a1un sue\u00f1o hecho realidad!<\/span><\/a><\/p>\n<p><\/p>\n<span class=\"tags-links\"><a href=\"https:\/\/perfectvenue.es\/es\/tag\/cumpleanos-coquette\/\" rel=\"tag\">cumplea\u00f1os coquette<\/a><a href=\"https:\/\/perfectvenue.es\/es\/tag\/cumpleanos-de-una-influencer\/\" rel=\"tag\">cumplea\u00f1os de una influencer<\/a><a href=\"https:\/\/perfectvenue.es\/es\/tag\/cumpleanos-en-una-discoteca\/\" rel=\"tag\">cumplea\u00f1os en una discoteca<\/a><a href=\"https:\/\/perfectvenue.es\/es\/tag\/cumpleanos-ideal\/\" rel=\"tag\">cumplea\u00f1os ideal<\/a><\/span>","protected":false},"excerpt":{"rendered":"<p>En este art\u00edculo te contamos c\u00f3mo organizamos el 22 cumplea\u00f1os tem\u00e1tica coquette de la cantante e influencer Mar Lucas. \u00a1No te lo pierdas!<\/p>\n","protected":false},"author":48202,"featured_media":45233,"comment_status":"closed","ping_status":"open","sticky":false,"template":"","format":"standard","meta":{"footnotes":""},"categories":[2064],"tags":[7659,7660,7661,7662],"class_list":["post-45231","post","type-post","status-publish","format-standard","has-post-thumbnail","hentry","category-events","tag-cumpleanos-coquette","tag-cumpleanos-de-una-influencer","tag-cumpleanos-en-una-discoteca","tag-cumpleanos-ideal"],"_links":{"self":[{"href":"https:\/\/perfectvenue.es\/es\/wp-json\/wp\/v2\/posts\/45231","targetHints":{"allow":["GET"]}}],"collection":[{"href":"https:\/\/perfectvenue.es\/es\/wp-json\/wp\/v2\/posts"}],"about":[{"href":"https:\/\/perfectvenue.es\/es\/wp-json\/wp\/v2\/types\/post"}],"author":[{"embeddable":true,"href":"https:\/\/perfectvenue.es\/es\/wp-json\/wp\/v2\/users\/48202"}],"replies":[{"embeddable":true,"href":"https:\/\/perfectvenue.es\/es\/wp-json\/wp\/v2\/comments?post=45231"}],"version-history":[{"count":6,"href":"https:\/\/perfectvenue.es\/es\/wp-json\/wp\/v2\/posts\/45231\/revisions"}],"predecessor-version":[{"id":45252,"href":"https:\/\/perfectvenue.es\/es\/wp-json\/wp\/v2\/posts\/45231\/revisions\/45252"}],"wp:featuredmedia":[{"embeddable":true,"href":"https:\/\/perfectvenue.es\/es\/wp-json\/wp\/v2\/media\/45233"}],"wp:attachment":[{"href":"https:\/\/perfectvenue.es\/es\/wp-json\/wp\/v2\/media?parent=45231"}],"wp:term":[{"taxonomy":"category","embeddable":true,"href":"https:\/\/perfectvenue.es\/es\/wp-json\/wp\/v2\/categories?post=45231"},{"taxonomy":"post_tag","embeddable":true,"href":"https:\/\/perfectvenue.es\/es\/wp-json\/wp\/v2\/tags?post=45231"}],"curies":[{"name":"wp","href":"https:\/\/api.w.org\/{rel}","templated":true}]}}