{"id":43400,"date":"2024-06-30T09:00:16","date_gmt":"2024-06-30T06:00:16","guid":{"rendered":"https:\/\/perfectvenue.es\/?p=43400"},"modified":"2024-07-01T10:49:46","modified_gmt":"2024-07-01T07:49:46","slug":"boda-en-gandia-influencer","status":"publish","type":"post","link":"https:\/\/perfectvenue.es\/es\/2024\/06\/30\/boda-en-gandia-influencer\/","title":{"rendered":"La boda en Gand\u00eda de Gara Sevilla, una influencer cuya boda por todo lo alto sigue dando de qu\u00e9 hablar"},"content":{"rendered":"<p><\/p>\n<p style=\"text-align: justify\"><b>Con mucha personalidad, muy loca y a tutipl\u00e9n, as\u00ed es como fue la boda en Gand\u00eda de Gara Sevilla<\/b><span style=\"font-weight: 400\">, una joven influencer y Adri\u00e1n Marco, el valenciano que conoci\u00f3 en aguas del Mediterr\u00e1neo.<\/span><\/p>\n<p style=\"text-align: justify\"><span style=\"font-weight: 400\">La boda se celebr\u00f3 el 22 de octubre de 2022, en la ciudad de Gand\u00eda, lugar que les uni\u00f3 y por el que sienten gran devoci\u00f3n. <\/span><b>\u201cNo pod\u00eda ser otro sitio que no fuera en Gand\u00eda, este lugar significa mucho para nosotros\u201d.\u00a0\u00a0<\/b><\/p>\n<p style=\"text-align: justify\"><span style=\"font-weight: 400\">Cuando ten\u00edan tomada la decisi\u00f3n de darse el \u201cs\u00ed quiero\u201d, ya ten\u00edan muchas cosas claras, que \u201ciba a ser en Gand\u00eda, que ser\u00eda en un precioso monasterio, que me se casar\u00eda en pantal\u00f3n y que las fotograf\u00edas ser\u00edan obra de Silvia S\u00e1nchez y el video de Cayuela\u201d, nos cuenta la novia.<\/span><\/p>\n<p style=\"text-align: justify\"><span style=\"font-weight: 400\">Y como nos hemos quedado alucinando despu\u00e9s de conocer esta boda en Gand\u00eda, a continuaci\u00f3n os contamos con todo lujo de detalles como fue esta boda por todo lo alto que ha dado mucho de qu\u00e9 hablar y que seguro que seguir\u00e1 haci\u00e9ndolo, porque ya<\/span><b> se ha convertido en una de las mejores bodas celebradas en la zona.<\/b><\/p>\n<p style=\"text-align: justify\"><span style=\"font-weight: 400\">\u00a1Fue de pel\u00edcula!\u00a0<\/span><\/p>\n<figure id=\"attachment_43403\" aria-describedby=\"caption-attachment-43403\" style=\"width: 700px\" class=\"wp-caption aligncenter\"><img loading=\"lazy\" decoding=\"async\" class=\"wp-image-43403\" src=\"https:\/\/perfectvenue.es\/wp-content\/uploads\/2024\/06\/GARAADRIAN-290.jpg\" alt=\"Los novios en la boda en Gand\u00eda \/ Photo v\u00eda Silvia S\u00e1nchez Fotograf\u00eda\" width=\"700\" height=\"467\" \/><figcaption id=\"caption-attachment-43403\" class=\"wp-caption-text\">Los novios en la boda en Gand\u00eda \/ Photo v\u00eda Silvia S\u00e1nchez Fotograf\u00eda<\/figcaption><\/figure>\n<h2 style=\"text-align: justify\">Una wedding planner a la altura de grandes profesionales<\/h2>\n<p style=\"text-align: justify\"><span style=\"font-weight: 400\">Un indispensable para la protagonista de hoy era organizar su propia boda en Gand\u00eda, y es que como periodista nupcial se hab\u00eda empapado de infinidad de bodas en las que hab\u00eda cogido durante a\u00f1os un sinf\u00edn de ideas. <\/span><b>\u201cOrganizar una boda no es tarea f\u00e1cil, y menos cuando eres una persona extremadamente perfeccionista y exigente\u201d, nos cuenta la novia.\u00a0<\/b><\/p>\n<p style=\"text-align: justify\"><span style=\"font-weight: 400\">Un a\u00f1o y medio fue lo que tard\u00f3 en poner a punto todos los preparativos, ya que como ella misma nos cuenta fue la encargada, con la ayuda de su pareja, de <\/span><b>\u201cbuscar a los mejores profesionales, los mejores presupuestos y de pensar en un mont\u00f3n de detalles que hicieran una boda especial y \u00fanica\u201d<\/b><\/p>\n<p style=\"text-align: justify\"><span style=\"font-weight: 400\">Sin duda, un gran trabajo de dedicaci\u00f3n y esfuerzo que dio como resultado una boda en Gand\u00eda tan espectacular como esta. Todo sali\u00f3 a la perfecci\u00f3n y tanto invitados, como curiosos, quedaron impresionados.<\/span><\/p>\n<p style=\"text-align: justify\"><span style=\"font-weight: 400\">Aun as\u00ed, Gara quiso contar con una coordinadora para el d\u00eda de su boda en Gand\u00eda y as\u00ed poder disfrutar del gran d\u00eda mientras que todo sal\u00eda tal y como ella lo hab\u00eda organizado. Para ello pens\u00f3 en<\/span><b> Lola, de One Day by Lola, que se cruz\u00f3 todo el pa\u00eds para ayudar a la que ya se ha convertido en su amiga.<\/b><\/p>\n<p style=\"text-align: justify\"><span style=\"font-weight: 400\">Para Gara, su coordinadora fue su mano derecha en todo momento, encontr\u00f3 la seguridad y la tranquilidad de saber que todo iba a salir bien, calmando nervios y estando pendiente de todo. \u201cSi me volviese a casar ser\u00eda la primera persona a la que contactar\u00eda\u201d, nos asegura la novia. Y es que logr\u00f3 que todo sucediese de manera impecable.<\/span><\/p>\n<h2 style=\"text-align: justify\">El lugar de la boda en Gand\u00eda, un monasterio en la monta\u00f1a<\/h2>\n<p style=\"text-align: justify\">El monasterio de Sant Jeroni de Cotalba era algo que ten\u00edan claro cuando sab\u00edan que se iban a casar, y no es para menos, ya que<b style=\"color: inherit;font-family: inherit;font-size: 16px\"> se encuentra en un entorno natural privilegiado y est\u00e1 declarado Bien de Inter\u00e9s Cultural.<\/b><\/p>\n<p style=\"text-align: justify\"><span style=\"font-weight: 400\">Los invitados y la pareja disfrutaron de un d\u00eda entre esculturas, obras pict\u00f3ricas, fuentes y espacios de ensue\u00f1o como el patio de los naranjos, impresionantes jardines rom\u00e1nticos con estanque y un acueducto g\u00f3tico que lo rodea, de gran patio de entrada con torre g\u00f3tica y de incre\u00edbles claustros con b\u00f3vedas de crucer\u00eda.<\/span><\/p>\n<figure id=\"attachment_43411\" aria-describedby=\"caption-attachment-43411\" style=\"width: 700px\" class=\"wp-caption aligncenter\"><img loading=\"lazy\" decoding=\"async\" class=\"wp-image-43411\" src=\"https:\/\/perfectvenue.es\/wp-content\/uploads\/2024\/06\/GARAADRIAN.jpg\" alt=\"Real Monasterio de Sant Jeroni de Cotalba \/ Real Monasterio de Sant Jeroni de Cotalba \/ Photo v\u00eda Silvia S\u00e1nchez Fotograf\u00eda\" width=\"700\" height=\"467\" \/><figcaption id=\"caption-attachment-43411\" class=\"wp-caption-text\">Real Monasterio de Sant Jeroni de Cotalba \/ Photo v\u00eda Silvia S\u00e1nchez Fotograf\u00eda<\/figcaption><\/figure>\n<h2 style=\"text-align: justify\">Una novia rebelde, diferente y con mucha personalidad<\/h2>\n<p style=\"text-align: justify\"><span style=\"font-weight: 400\">La novia siempre lo tuvo claro:<\/span><b> \u201cEl d\u00eda que me case ser\u00e1 con un traje de chaqueta blanco \u00bfQui\u00e9n dice que una novia tiene que llevar un largo y blanco vestido de princesa? Yo no soy una princesa, m\u00e1s bien la guerrera del cuento\u201d,<\/b><span style=\"font-weight: 400\"> nos contaba Gara.\u00a0<\/span><\/p>\n<p style=\"text-align: justify\"><span style=\"font-weight: 400\">Y as\u00ed fue, despu\u00e9s de buscar entre diferentes dise\u00f1adores de trajes de novia a medida y dise\u00f1ados en exclusiva, apost\u00f3 por Alma Aguilar, y juntas hicieron realidad su sue\u00f1o. \u201cDesde la primera videollamada con Alma sent\u00ed una conexi\u00f3n especial, sab\u00eda que era ella la persona id\u00f3nea y que nuestro encuentro no era casualidad\u201d afirma la novia.<\/span><\/p>\n<h3 style=\"text-align: justify\"><span style=\"font-weight: 400\">Un traje de chaqueta y corset con mucha personalidad<\/span><\/h3>\n<p style=\"text-align: justify\"><span style=\"font-weight: 400\">El traje estaba compuesto por un pantal\u00f3n de pata ancha con abertura lateral en la pierna que dejaban ver sus botines de tac\u00f3n dorados. En la parte superior dise\u00f1aron un corset ajustado que cerraba en fila de botones y cuyos tirantes estaban<\/span><b> repletos de plumas de avestruz. <\/b><span style=\"font-weight: 400\">Sobre el corset, una larga chaqueta de traje con solapas en brillo y donde los pu\u00f1os de las mangas tambi\u00e9n estaban cargados de plumas de avestruz. \u00a1Rollazo y estilazo!<\/span><\/p>\n<h3 style=\"text-align: justify\"><span style=\"font-weight: 400\">Una pamela de lo m\u00e1s glam<\/span><\/h3>\n<p style=\"text-align: justify\"><b>Amal Clooney, Miriam Giovanelli o Bianca Jagger fueron inspiraci\u00f3n a la hora de elegir su tocado.<\/b><span style=\"font-weight: 400\"> Para la confecci\u00f3n del mismo eligi\u00f3 al dise\u00f1ador Betto Garc\u00eda, al que le cont\u00f3 todos los detalles de c\u00f3mo se imaginaba en su gran d\u00eda para que lo transformara en realidad: \u201cCon una pamela repleta de plumas de avestruz y de<\/span><b> un velo de rejilla<\/b><span style=\"font-weight: 400\">\u201d,<\/span><b> el velo en tendencia en el mundo bridal.\u00a0<\/b><\/p>\n<h3 style=\"text-align: justify\"><span style=\"font-weight: 400\">Detalles que completaban el look<\/span><\/h3>\n<p style=\"text-align: justify\"><span style=\"font-weight: 400\">En cuanto al maquillaje, Gala Philippe fue la encargada de la elaboraci\u00f3n del maquillaje, <\/span><b>inspirado en uno de los looks de Gigi Hadid<\/b><span style=\"font-weight: 400\"> y en cuanto a las joyas, la influencer opt\u00f3 por diferentes piezas doradas de Mar\u00eda Dosaes y de Laety.<\/span><\/p>\n<p style=\"text-align: justify\"><span style=\"font-weight: 400\">Laety tambi\u00e9n fue la encargada de elaborar un cubreraya que Gara us\u00f3 en el banquete tras quitarse la pamela, y Nia Tocados fue la artista que cre\u00f3 una gran diadema de plumas de avestruz que la novia quer\u00eda para el momento de la fiesta.<\/span><\/p>\n<p style=\"text-align: justify\"><span style=\"font-weight: 400\">Sin duda, un look diferente pero lleno de clase y elegancia.<\/span><\/p>\n<p style=\"text-align: justify\"><span style=\"font-weight: 400\">Para la preparaci\u00f3n, Gara no quiso contar con nadie m\u00e1s que no fueran sus mejores amigos, que entre cervezas y l\u00e1grimas de emoci\u00f3n le dedicaron unas palabras.<\/span><\/p>\n<figure id=\"attachment_43402\" aria-describedby=\"caption-attachment-43402\" style=\"width: 700px\" class=\"wp-caption aligncenter\"><img loading=\"lazy\" decoding=\"async\" class=\"wp-image-43402\" src=\"https:\/\/perfectvenue.es\/wp-content\/uploads\/2024\/06\/GARAADRIAN-266.jpg\" alt=\"Gara Sevilla \/ Photo v\u00eda Silvia S\u00e1nchez Fotograf\u00eda\" width=\"700\" height=\"1050\" \/><figcaption id=\"caption-attachment-43402\" class=\"wp-caption-text\">Gara Sevilla \/ Photo v\u00eda Silvia S\u00e1nchez Fotograf\u00eda<\/figcaption><\/figure>\n<h2 style=\"text-align: justify\">La preparaci\u00f3n del novio con partida de p\u00f3ker inclu\u00edda<\/h2>\n<p style=\"text-align: justify\"><span style=\"font-weight: 400\">Para la ocasi\u00f3n, Adri\u00e1n apost\u00f3 por un dise\u00f1o de la sastrer\u00eda valenciana Martinez Mor. El traje estaba formado por<\/span><b> un pantal\u00f3n con chaqueta y chaleco, confeccionado en una tela de cuadros de tonalidad verde oscuro y detalles en azul.\u00a0<\/b><\/p>\n<p style=\"text-align: justify\"><span style=\"font-weight: 400\">Como detalle, la parte trasera del chaleco y el forro de la chaqueta estaban conformadas por una tela en tono sepia que representaba a la perfecci\u00f3n su<\/span><b> amor por el mundo de las motos <\/b><span style=\"font-weight: 400\">y lo que tanto le une a su padre, quien le acompa\u00f1\u00f3 en este momento tan especial.<\/span><\/p>\n<p style=\"text-align: justify\"><span style=\"font-weight: 400\">Tras ello, y hasta que la novia terminase su preparaci\u00f3n, el novio se hizo con<\/span><b> un cubo repleto de hielos y cervezas, y es que sus amigos ya le estaban esperando con una partida de poker a punto de comenzar.<\/b><span style=\"font-weight: 400\"> \u00bfPor qu\u00e9 no?<\/span><\/p>\n<figure id=\"attachment_43401\" aria-describedby=\"caption-attachment-43401\" style=\"width: 700px\" class=\"wp-caption aligncenter\"><img loading=\"lazy\" decoding=\"async\" class=\"wp-image-43401\" src=\"https:\/\/perfectvenue.es\/wp-content\/uploads\/2024\/06\/GARAADRIAN-160.jpg\" alt=\"Partida de p\u00f3ker \/ Photo v\u00eda Silvia S\u00e1nchez Fotograf\u00eda\" width=\"700\" height=\"467\" \/><figcaption id=\"caption-attachment-43401\" class=\"wp-caption-text\">Partida de p\u00f3ker \/ Photo v\u00eda Silvia S\u00e1nchez Fotograf\u00eda<\/figcaption><\/figure>\n<h2 style=\"text-align: justify\">Barra de limonada para la espera<\/h2>\n<p style=\"text-align: justify\"><span style=\"font-weight: 400\">Los invitados llegaron al recinto en dos autobuses que la pareja hab\u00eda preparado para que pudiesen llegar todos al recinto de manera m\u00e1s f\u00e1cil y c\u00f3moda.\u00a0<\/span><\/p>\n<p style=\"text-align: justify\"><span style=\"font-weight: 400\">Al llegar, estos pudieron disfrutar de unas limonadas refrescantes <\/span><b>para hacer la espera del comienzo de la ceremonia mucho m\u00e1s amena, <\/b><span style=\"font-weight: 400\">de esto se encarg\u00f3 la empresa de catering de El Poblet.<\/span><\/p>\n<h2 style=\"text-align: justify\">Un first look y una entrada al altar en moto<\/h2>\n<p style=\"text-align: justify\"><span style=\"font-weight: 400\">Y es que tal y como los novios cuentan,<\/span><b> \u201clas reglas y el protocolo est\u00e1n para salt\u00e1rselas, las bodas est\u00e1n cambiando, \u00bfQui\u00e9n dice que la pareja no se puede ver antes?, \u00bfPor qu\u00e9 tiene que haber padrinos o madrinas?\u201d <\/b><span style=\"font-weight: 400\">Y eso es lo que hizo la pareja, encontrarse a solas <\/span><b>al ritmo de Be My Baby, de The Ronettes<\/b><span style=\"font-weight: 400\"> antes de poner rumbo a la ceremonia.<\/span><\/p>\n<p style=\"text-align: justify\"><span style=\"font-weight: 400\">Y es que algo con lo que el novio so\u00f1aba era con llegar al altar el d\u00eda de su boda en Gand\u00eda subido en su moto, y eso es lo que hicieron,<\/span><b> llegar al ritmo de Beggin, de M\u00e5neskin, d\u00e1ndole gas a la moto y apareciendo entre una humareda de color blanco.\u00a0<\/b><\/p>\n<p style=\"text-align: justify\"><span style=\"font-weight: 400\">\u00a1Un momento que caus\u00f3 gran furor entre todos los asistentes!\u00a0<\/span><\/p>\n<figure id=\"attachment_43404\" aria-describedby=\"caption-attachment-43404\" style=\"width: 700px\" class=\"wp-caption aligncenter\"><img loading=\"lazy\" decoding=\"async\" class=\"wp-image-43404\" src=\"https:\/\/perfectvenue.es\/wp-content\/uploads\/2024\/06\/GARAADRIAN-362.jpg\" alt=\"Entrada triunfal en moto \/ Photo v\u00eda Silvia S\u00e1nchez Fotograf\u00eda\" width=\"700\" height=\"1050\" \/><figcaption id=\"caption-attachment-43404\" class=\"wp-caption-text\">Entrada triunfal en moto \/ Photo v\u00eda Silvia S\u00e1nchez Fotograf\u00eda<\/figcaption><\/figure>\n<h2 style=\"text-align: justify\">La decoraci\u00f3n de esta boda en Gand\u00eda, todo un sue\u00f1o<\/h2>\n<h3 style=\"text-align: justify\"><span style=\"font-weight: 400\">Flores en tonos anaranjados<\/span><\/h3>\n<p style=\"text-align: justify\"><span style=\"font-weight: 400\">Tanto en la ceremonia, como en el cocktail y en el banquete la <a href=\"https:\/\/perfectvenue.es\/2023\/02\/21\/flowers-at-weddings-in-2025-these-are-the-floral-decoration-trends-that-are-going-to-grab-all-the-front-pages\/\">decoraci\u00f3n floral<\/a> estaba compuesta de <\/span><b>muchas hojas verdes acompa\u00f1adas de flores en tonos anaranjados y nudes<\/b><span style=\"font-weight: 400\">, todo obra de Carla de L\u2019Arbre Flors.<\/span><\/p>\n<h3 style=\"text-align: justify\"><span style=\"font-weight: 400\">Mesas redondas y de tijera repletas de vegetaci\u00f3n<\/span><\/h3>\n<p style=\"text-align: justify\"><span style=\"font-weight: 400\">Uno de los espacios que m\u00e1s sensaci\u00f3n caus\u00f3 fue el banquete, ya que se sal\u00eda fuera de lo com\u00fan al contar con una <\/span><b>mesa presidencial en forma de U<\/b><span style=\"font-weight: 400\">, siendo las mesas largas los dos brazos de la U. Los novios estuvieron durante la cena acompa\u00f1ados de sus amigos m\u00e1s allegados.<\/span><\/p>\n<p style=\"text-align: justify\"><span style=\"font-weight: 400\">La decoraci\u00f3n de las mesas era un sue\u00f1o, y es que <\/span><b>dos maderas cruzadas en forma de tijera se encontraban en las mesas repletas de vegetaci\u00f3n<\/b><span style=\"font-weight: 400\">, estas tambi\u00e9n contaban con largos <\/span><b>caminos de mesa con flores y candelabros<\/b><span style=\"font-weight: 400\">. Por otra parte <\/span><b>las mesas redondas mezclaban manteles lisos con manteles de estampado flora<\/b><span style=\"font-weight: 400\">l <\/span><b>amarillo<\/b><span style=\"font-weight: 400\">.\u00a0<\/span><\/p>\n<p style=\"text-align: justify\"><span style=\"font-weight: 400\">Todas las mesas contaban con <\/span><b><a href=\"https:\/\/perfectvenue.es\/product\/taller-de-protocolo-en-la-mesa\/\">cuberter\u00eda dorada<\/a>,<\/b><span style=\"font-weight: 400\"> lo que dio un toque de glamour y sofisticaci\u00f3n al banquete.<\/span><\/p>\n<h3 style=\"text-align: justify\"><span style=\"font-weight: 400\">L\u00e1mparas de ara\u00f1a sobre las mesas<\/span><\/h3>\n<p style=\"text-align: justify\"><span style=\"font-weight: 400\">La iluminaci\u00f3n de Grupo Altius fue la que puso la guinda a la decoraci\u00f3n del evento, y es que <\/span><b>de todas y cada una de las mesas colgaban l\u00e1mparas de ara\u00f1a que daban al banquete calidez y estilo.\u00a0<\/b><\/p>\n<figure id=\"attachment_43405\" aria-describedby=\"caption-attachment-43405\" style=\"width: 700px\" class=\"wp-caption aligncenter\"><img loading=\"lazy\" decoding=\"async\" class=\"wp-image-43405\" src=\"https:\/\/perfectvenue.es\/wp-content\/uploads\/2024\/06\/GARAADRIAN-682.jpg\" alt=\"Banquete de la boda en Gand\u00eda \/ Photo v\u00eda Silvia S\u00e1nchez Fotograf\u00eda\" width=\"700\" height=\"1050\" \/><figcaption id=\"caption-attachment-43405\" class=\"wp-caption-text\">Banquete de la boda en Gand\u00eda \/ Photo v\u00eda Silvia S\u00e1nchez Fotograf\u00eda<\/figcaption><\/figure>\n<h2 style=\"text-align: justify\">Un seating plan bien \u201cjod\u00f3n\u201d<\/h2>\n<p style=\"text-align: justify\"><span style=\"font-weight: 400\">A ritmo del saxofonista en directo y de los novios bailando Let&#8217;s Twist Again, de Chubby Checker los invitados pudieron buscar su sitio para el banquete en lo que era un seating plan nada convencional, y es que este estaba formado por<\/span><b> fotos de todos los asistentes en las que, precisamente, no sal\u00edan con su mejor cara: fotos de la adolescencia, durmiendo, borrachos, con caras de circunstancia\u2026\u00a0\u00a0<\/b><\/p>\n<p style=\"text-align: justify\"><span style=\"font-weight: 400\">Sin duda un seating de lo m\u00e1s original e innovador. \u00a1Y solo apto para invitados de lo m\u00e1s divertidos!<\/span><\/p>\n<h2 style=\"text-align: justify\">Fuego y un catering de alta restauraci\u00f3n<\/h2>\n<p style=\"text-align: justify\"><span style=\"font-weight: 400\">En la entrada al banquete, los novios contaron con<\/span><b> fuego fr\u00edo y un mont\u00f3n de bengalas de fuego que los invitados sosten\u00edan en alto y que iluminaron los jardines a ritmo de L\u2019Altra Dimensione, de M\u00e5neskin.<\/b><\/p>\n<p style=\"text-align: justify\"><span style=\"font-weight: 400\">Adem\u00e1s, los novios ten\u00edan claro que la experiencia de su boda tambi\u00e9n ten\u00eda que ser recordada por los sabores y los aromas de un men\u00fa degustaci\u00f3n, por eso contaron con un catering de alta restauraci\u00f3n.<\/span><\/p>\n<p style=\"text-align: justify\"><span style=\"font-weight: 400\">Tom\u00e1s Arribas, mentor de Quique Dacosta es el fundador del catering de El Poblet. Su equipo llev\u00f3 a cabo el banquete de esta boda en Gand\u00eda en la que<\/span><b> ingredientes como la trufa, el foie, la galleta bretona, el boletus, el red-eye gravy de ave y el croustillant de frutos rojos eran los grandes protagonistas.<\/b><\/p>\n<h2 style=\"text-align: justify\">Una \u201cfestiboda\u201d llena de fauna<\/h2>\n<h3 style=\"text-align: justify\"><span style=\"font-weight: 400\">Pulseras al m\u00e1s puro estilo festival\u00a0<\/span><\/h3>\n<p style=\"text-align: justify\"><span style=\"font-weight: 400\">La influencer tambi\u00e9n dise\u00f1\u00f3 unas<\/span><b> pulseras de tela donde se le\u00eda \u201cWedding Festival, welcome to the jungle\u201d y las repartieron entre los invitados bajo el lema de \u201cbarra libre para toda la noche\u201d<\/b><span style=\"font-weight: 400\">. La empresa encargada de confeccionarlas fue Pulseras Express.<\/span><\/p>\n<h3 style=\"text-align: justify\"><span style=\"font-weight: 400\">Invitados camuflados bajo cabezas<\/span> <span style=\"font-weight: 400\">de<\/span> <span style=\"font-weight: 400\">animales<\/span><span style=\"font-weight: 400\">\u00a0<\/span><\/h3>\n<p style=\"text-align: justify\"><span style=\"font-weight: 400\">Tras el postre, <\/span><b>los novios eligieron aleatoriamente a un mont\u00f3n de amigos para que se colocasen una gran cabeza de animal<\/b><span style=\"font-weight: 400\">, la misi\u00f3n de estos era llevar al resto de invitados a la zona de la fiesta. <\/span><b>Al comp\u00e1s de sonidos de la selva, tambores, la canci\u00f3n \u201cWelcome To The Jungle\u201d de Guns N&#8217; Roses y con pistolas de CO2, los novios dieron el comienzo a la fiesta.<\/b><\/p>\n<p style=\"text-align: justify\"><span style=\"font-weight: 400\">Las cabezas de animales, de Ivy Paper Art, fueron recortadas, montadas y pegadas por la pareja, \u201ccon mucha paciencia\u201d.<\/span><\/p>\n<figure id=\"attachment_43406\" aria-describedby=\"caption-attachment-43406\" style=\"width: 700px\" class=\"wp-caption aligncenter\"><img loading=\"lazy\" decoding=\"async\" class=\"wp-image-43406\" src=\"https:\/\/perfectvenue.es\/wp-content\/uploads\/2024\/06\/GARAADRIAN-925.jpg\" alt=\"Invitados camuflados bajo cabezas de animales \/ Photo v\u00eda Silvia S\u00e1nchez Fotograf\u00eda\" width=\"700\" height=\"467\" \/><figcaption id=\"caption-attachment-43406\" class=\"wp-caption-text\">Invitados camuflados bajo cabezas de animales \/ Photo v\u00eda Silvia S\u00e1nchez Fotograf\u00eda<\/figcaption><\/figure>\n<h3 style=\"text-align: justify\"><span style=\"font-weight: 400\">Zancudos con fuego entre los invitados<\/span><\/h3>\n<p style=\"text-align: justify\"><span style=\"font-weight: 400\">A ritmo de temazos y mucha vegetaci\u00f3n,<\/span><b> los zancudos con fuego se mezclaron entre la gente para animar, a\u00fan m\u00e1s si cabe, todo el cotarro<\/b><span style=\"font-weight: 400\">. Los zancudos estaban a cargo de la empresa de Espectacles David.<\/span><\/p>\n<figure id=\"attachment_43408\" aria-describedby=\"caption-attachment-43408\" style=\"width: 1600px\" class=\"wp-caption aligncenter\"><img loading=\"lazy\" decoding=\"async\" class=\"size-full wp-image-43408\" src=\"https:\/\/perfectvenue.es\/wp-content\/uploads\/2024\/06\/GARAADRIAN-983.jpg\" alt=\"Zancudos con fuego \/ Photo v\u00eda Silvia S\u00e1nchez Fotograf\u00eda\" width=\"1600\" height=\"1067\" \/><figcaption id=\"caption-attachment-43408\" class=\"wp-caption-text\">Zancudos con fuego \/ Photo v\u00eda Silvia S\u00e1nchez Fotograf\u00eda<\/figcaption><\/figure>\n<h3 style=\"text-align: justify\"><span style=\"font-weight: 400\">Un toro mec\u00e1nico que desat\u00f3 unas cuantas risas<\/span><\/h3>\n<p style=\"text-align: justify\"><span style=\"font-weight: 400\">S\u00ed, a esta boda en Gand\u00eda repleta de sorpresas no le pod\u00eda faltar un toro mec\u00e1nico para que todos se lo pasaran en grande, eso s\u00ed:<\/span><b> con unas copas de m\u00e1s, alguno que otro dur\u00f3 menos de lo esperado y alg\u00fan que otro valiente se subi\u00f3 de pie<\/b><span style=\"font-weight: 400\">. Del toro se encargaba la empresa de Espect\u00e1culos Dani.<\/span><\/p>\n<p style=\"text-align: justify\"><span style=\"font-weight: 400\">Destacar que Somos Gente de Bien fueron los encargados del sonido, de la iluminaci\u00f3n de la fiesta y de las pistolas de CO2, mientras que<\/span><b> el DJ que pinch\u00f3 los mejores temazos era Michael G, \u00a1una j\u00f3ven promesa que fascin\u00f3 a todos!<\/b><\/p>\n<figure id=\"attachment_43409\" aria-describedby=\"caption-attachment-43409\" style=\"width: 700px\" class=\"wp-caption aligncenter\"><img loading=\"lazy\" decoding=\"async\" class=\"wp-image-43409\" src=\"https:\/\/perfectvenue.es\/wp-content\/uploads\/2024\/06\/GARAADRIAN-1090.jpg\" alt=\"Novios en toro mec\u00e1nico \/ Photo v\u00eda Silvia S\u00e1nchez Fotograf\u00eda\" width=\"700\" height=\"1050\" \/><figcaption id=\"caption-attachment-43409\" class=\"wp-caption-text\">Novios en toro mec\u00e1nico \/ Photo v\u00eda Silvia S\u00e1nchez Fotograf\u00eda<\/figcaption><\/figure>\n<h2 style=\"text-align: justify\">Los solteros, en b\u00fasqueda y captura<\/h2>\n<p style=\"text-align: justify\"><span style=\"font-weight: 400\">La pareja tambi\u00e9n quiso hacer de celestina en su boda, por eso en los ba\u00f1os del monasterio colocaron carteles con las fotos de los invitados que acud\u00edan solteros a la boda en Gand\u00eda. \u00a1Dicen que de una boda sale otra! As\u00ed que <\/span><b>bajo<\/b> <b>el ep\u00edgrafe de \u201cWarning, solteros en libertad&#8221;, los m\u00e1s lanzados pudieron buscar entre la multitud a la que podr\u00eda ser su media naranja.<\/b><\/p>\n<h2 style=\"text-align: justify\"><a href=\"https:\/\/perfectvenue.es\/2024\/04\/11\/ideas-de-photocall-mas-actuales-para-eventos\/\">Photocall de los que est\u00e1n en tendencia<\/a><\/h2>\n<p style=\"text-align: justify\"><span style=\"font-weight: 400\">Nada de poses con un mont\u00f3n de accesorios, ahora los photocall que est\u00e1n en tendencia son los m\u00e1s estilosos, y as\u00ed es el tipo de photocall que coloc\u00f3 la influencer en su boda en Gand\u00eda:\u00a0<\/span><\/p>\n<p style=\"text-align: justify\"><b>Un sof\u00e1 chester con mesitas, vegetaci\u00f3n y flores, un ne\u00f3n con la frase \u201cLet &#8216;s get fucking married\u201d, una reja negra que sosten\u00eda el ne\u00f3n y un mont\u00f3n de bombillas infinity que iluminaban el espacio.<\/b><\/p>\n<figure id=\"attachment_43410\" aria-describedby=\"caption-attachment-43410\" style=\"width: 700px\" class=\"wp-caption aligncenter\"><img loading=\"lazy\" decoding=\"async\" class=\"wp-image-43410\" src=\"https:\/\/perfectvenue.es\/wp-content\/uploads\/2024\/06\/GARAADRIAN-1167.jpg\" alt=\"Photocall en la boda en Gand\u00eda de Gara Seviila \/ Photo v\u00eda Silvia S\u00e1nchez Fotograf\u00eda\" width=\"700\" height=\"467\" \/><figcaption id=\"caption-attachment-43410\" class=\"wp-caption-text\">Photocall en la boda en Gand\u00eda de Gara Seviila \/ Photo v\u00eda Silvia S\u00e1nchez Fotograf\u00eda<\/figcaption><\/figure>\n<h2 style=\"text-align: justify\">Una recena que caus\u00f3 sensaci\u00f3n<\/h2>\n<p style=\"text-align: justify\"><span style=\"font-weight: 400\">Tras muchas emociones y mucho perreo, era momento de volver a llenar los est\u00f3magos, para ello la pareja cont\u00f3 para su recena con <\/span><b>una foodtruck que se encendi\u00f3 a las 3 de la ma\u00f1ana para repartir a los invitados perritos calientes con diferentes salsas, cebolla crujiente y pepinillos.<\/b><span style=\"font-weight: 400\"> La foodtruck era de Eventos Danra.<\/span><\/p>\n<p style=\"text-align: justify\"><span style=\"font-weight: 400\">Pero eso no es todo, y es que a la recena no le pod\u00eda faltar la parte dulce, as\u00ed que Gara, <\/span><b>como buena amante de los churros con chocolate, mont\u00f3 y pint\u00f3 un carrito de madera para que en el gran d\u00eda se llenase de uno de sus dulces preferidos.<\/b><span style=\"font-weight: 400\"> De ello se hizo cargo la m\u00edtica Churrer\u00eda del Puerto.<\/span><\/p>\n<p style=\"text-align: justify\"><span style=\"font-weight: 400\">Lo m\u00e1s curioso es que la influencer quiso personalizar hasta el m\u00e1s \u00faltimo detalle y tanto en los vasos del chocolate como en los envases de los perritos colocaron <\/span><b>pegatinas personalizadas con el nombre de la pareja, la fecha de la boda y una divertida cara de gorila.<\/b><\/p>\n<h2 style=\"text-align: justify\">Fotograf\u00eda documental y una emocionante pel\u00edcula<\/h2>\n<p style=\"text-align: justify\"><span style=\"font-weight: 400\">Una de las cosas que la novia ten\u00eda claro despu\u00e9s de haber trabajado como redactora nupcial, y haber visto un sinf\u00edn de reportajes a otras parejas, es que<\/span><b> Silvia S\u00e1nchez ser\u00eda la que estar\u00eda detr\u00e1s del objetivo en el d\u00eda de su boda, capturando los mejores momentos con su fotograf\u00eda documental.<\/b><\/p>\n<p style=\"text-align: justify\"><span style=\"font-weight: 400\">Por otra parte, tal y como nos cuenta Gara \u201c<\/span><b>solo Santi Cayuela pod\u00eda ser el vide\u00f3grafo<\/b><span style=\"font-weight: 400\">, segu\u00eda sus trabajos desde hace mucho tiempo y ver sus pel\u00edculas y pensar que tambi\u00e9n pod\u00eda salir en una de ellas era emocionante, y es que<\/span><b> la emoci\u00f3n rebosa en cada una de sus escenas\u201d<\/b><\/p>\n<p style=\"text-align: justify\"><span style=\"font-weight: 400\">Gara tambi\u00e9n afirmaba que \u201cal final el recuerdo que te queda de por vida son las fotos y los videos, por eso invertir en este \u00e1mbito era primordial para nosotros, porque es algo que vas a ver durante toda tu vida\u201d.<\/span><\/p>\n<p style=\"text-align: justify\"><span style=\"font-weight: 400\">Hay bodas y bodas, pero sin duda esta boda en Gand\u00eda se llev\u00f3 la palma. Dej\u00f3 sin palabras a todo el mundo y por eso<\/span><b> ya son muchos los que le han pedido que tambi\u00e9n les organice su boda<\/b><span style=\"font-weight: 400\">. \u00a1Y normal despu\u00e9s de ver este bod\u00f3n!<\/span><\/p>\n<p style=\"text-align: justify\"><span style=\"font-weight: 400\">Mientras tanto, a nosotros esto nos llena de orgullo escuchar las palabras de la novia:<\/span><b> \u201cfue gracias al blog de<a href=\"https:\/\/perfectvenue.es\/es\/\"> Perfect Venue<\/a> y a los trabajos de<a href=\"https:\/\/nataliaortizevents.com\/es\/\"> Weddings and Events by Natalia Ortiz<\/a> que yo montase esta boda, fuisteis una gran inspiraci\u00f3n\u201d.<\/b><\/p>\n<p style=\"text-align: justify\"><span style=\"font-weight: 400\">Cr\u00e9ditos: <\/span><span style=\"font-weight: 400\">WEDDING PLANNER: @garasevilla y @nataliaortizwed \/ <\/span><span style=\"font-weight: 400\">VIDE\u00d3GRAFO: @cayuelavideos \/ <\/span><span style=\"font-weight: 400\">FOT\u00d3GRAFA: @silviasanchezfotografias \/ <\/span><span style=\"font-weight: 400\">TRAJE DE NOVIA: @almaaguilarnovias \/ <\/span><span style=\"font-weight: 400\">PAMELA: @bettogarcia_ \/ <\/span><span style=\"font-weight: 400\">MUAH: @gala.philippe \/ <\/span><span style=\"font-weight: 400\">TRAJE DE NOVIO: @martinezmorsastreria \/ <\/span><span style=\"font-weight: 400\">DECORACI\u00d3N FLORAL: @larbreflors \/ <\/span><span style=\"font-weight: 400\">ESPACIO: @cotalbaeventos \/ <\/span><span style=\"font-weight: 400\">CATERING: @eventos_el_poblet \/ <\/span><span style=\"font-weight: 400\">ILUMINACI\u00d3N: @grupoaltius \/ <\/span><span style=\"font-weight: 400\">SONIDO Y FIESTA: @somosgentedebien \/ <\/span><span style=\"font-weight: 400\">TORO MEC\u00c1NICO Y FUEGO FR\u00cdO: @espectaculosdani \/ <\/span><span style=\"font-weight: 400\">ZANCUDOS CON FUEGO: Espectacles David\/ <\/span><span style=\"font-weight: 400\">FOODTRUCK DE PERRITOS CALIENTES: @eventodanra \/ <\/span><span style=\"font-weight: 400\">CHURROS CON CHOCOLATE: @churreriapuerto \/ <\/span><span style=\"font-weight: 400\">DJ: @michaelg_music \/ <\/span><span style=\"font-weight: 400\">MESAS, CUBERTER\u00cdA Y CHESTER: @alquilereskava \/ <\/span><span style=\"font-weight: 400\">COORDINADORA DEL D\u00cdA: @onedaybylola \/ <\/span><span style=\"font-weight: 400\">PULSERAS FESTIVAL: @pulserasexpress \/ <\/span><span style=\"font-weight: 400\">JOYAS: @laety.design\u00a0 @mariadosaes \/ <\/span><span style=\"font-weight: 400\">DIADEMA DE PLUMAS: @niatocados \/ <\/span><span style=\"font-weight: 400\">BUSES: @transfervlc \/ <\/span><span style=\"font-weight: 400\">CABEZAS DE ANIMALES: @ivypaperart<\/span><\/p>\n<p><\/p>\n<span class=\"tags-links\"><a href=\"https:\/\/perfectvenue.es\/es\/tag\/boda\/\" rel=\"tag\">boda<\/a><a href=\"https:\/\/perfectvenue.es\/es\/tag\/boda-en-gandia\/\" rel=\"tag\">Boda en Gand\u00eda<\/a><a href=\"https:\/\/perfectvenue.es\/es\/tag\/gara-seviila\/\" rel=\"tag\">Gara Seviila<\/a><a href=\"https:\/\/perfectvenue.es\/es\/tag\/influencer\/\" rel=\"tag\">Influencer<\/a><\/span>","protected":false},"excerpt":{"rendered":"<p>La boda en Gand\u00eda de Gara Sevilla, una influencer que ha dado de qu\u00e9 hablar con su espectacular celebraci\u00f3n por todo lo alto.<\/p>\n","protected":false},"author":48202,"featured_media":43404,"comment_status":"closed","ping_status":"open","sticky":false,"template":"","format":"standard","meta":{"footnotes":""},"categories":[176],"tags":[389,7307,7308,7309],"class_list":["post-43400","post","type-post","status-publish","format-standard","has-post-thumbnail","hentry","category-wedding","tag-boda","tag-boda-en-gandia","tag-gara-seviila","tag-influencer","post_region-gandia"],"_links":{"self":[{"href":"https:\/\/perfectvenue.es\/es\/wp-json\/wp\/v2\/posts\/43400","targetHints":{"allow":["GET"]}}],"collection":[{"href":"https:\/\/perfectvenue.es\/es\/wp-json\/wp\/v2\/posts"}],"about":[{"href":"https:\/\/perfectvenue.es\/es\/wp-json\/wp\/v2\/types\/post"}],"author":[{"embeddable":true,"href":"https:\/\/perfectvenue.es\/es\/wp-json\/wp\/v2\/users\/48202"}],"replies":[{"embeddable":true,"href":"https:\/\/perfectvenue.es\/es\/wp-json\/wp\/v2\/comments?post=43400"}],"version-history":[{"count":16,"href":"https:\/\/perfectvenue.es\/es\/wp-json\/wp\/v2\/posts\/43400\/revisions"}],"predecessor-version":[{"id":43489,"href":"https:\/\/perfectvenue.es\/es\/wp-json\/wp\/v2\/posts\/43400\/revisions\/43489"}],"wp:featuredmedia":[{"embeddable":true,"href":"https:\/\/perfectvenue.es\/es\/wp-json\/wp\/v2\/media\/43404"}],"wp:attachment":[{"href":"https:\/\/perfectvenue.es\/es\/wp-json\/wp\/v2\/media?parent=43400"}],"wp:term":[{"taxonomy":"category","embeddable":true,"href":"https:\/\/perfectvenue.es\/es\/wp-json\/wp\/v2\/categories?post=43400"},{"taxonomy":"post_tag","embeddable":true,"href":"https:\/\/perfectvenue.es\/es\/wp-json\/wp\/v2\/tags?post=43400"}],"curies":[{"name":"wp","href":"https:\/\/api.w.org\/{rel}","templated":true}]}}