{"id":43262,"date":"2024-06-18T17:48:32","date_gmt":"2024-06-18T14:48:32","guid":{"rendered":"http:\/\/perfectvenue.es\/?p=43262"},"modified":"2024-06-18T17:48:32","modified_gmt":"2024-06-18T14:48:32","slug":"evento-de-marca-nueva-coleccion","status":"publish","type":"post","link":"https:\/\/perfectvenue.es\/es\/2024\/06\/18\/evento-de-marca-nueva-coleccion\/","title":{"rendered":"As\u00ed fue el evento de marca organizado para la presentaci\u00f3n de la nueva colecci\u00f3n de KOKONOTE X CRVSH"},"content":{"rendered":"<p><\/p>\n<p style=\"text-align: justify\"><span style=\"font-weight: 400\">Nos apasionan los eventos, ya sea una <a href=\"http:\/\/perfectvenue.es\/2022\/11\/11\/elena-and-felipes-romantic-spanish-wedding-in-the-capital-of-badajoz-badajoz\/\">boda rom\u00e1ntica<\/a>, un cumplea\u00f1os, una emocionante <a href=\"http:\/\/perfectvenue.es\/2024\/06\/17\/el-dijo-que-si-en-madrid-pedida-mano\/\">pedida de mano<\/a> o un evento de marca. Por eso hoy <\/span><b>compartimos con vosotros los detalles de la presentaci\u00f3n de la nueva colecci\u00f3n de Kokonote x CRVSH.\u00a0<\/b><\/p>\n<p style=\"text-align: justify\"><span style=\"font-weight: 400\">Estas dos marcas, conocidas por su creatividad y estilo inconfundibles, se han unido para lanzar una propuesta innovadora en el mundo de la papeler\u00eda y el lifestyle y la presentaci\u00f3n de la colecci\u00f3n no nos las pod\u00edamos perder.\u00a0<\/span><\/p>\n<figure id=\"attachment_43269\" aria-describedby=\"caption-attachment-43269\" style=\"width: 700px\" class=\"wp-caption aligncenter\"><img loading=\"lazy\" decoding=\"async\" class=\"wp-image-43269\" src=\"http:\/\/perfectvenue.es\/wp-content\/uploads\/2024\/06\/BANNER-HOME_1-1.jpeg\" alt=\"Nueva colecci\u00f3n KOKONOTE X CRVSH \" width=\"700\" height=\"805\" \/><figcaption id=\"caption-attachment-43269\" class=\"wp-caption-text\">Nueva colecci\u00f3n KOKONOTE X CRVSH<\/figcaption><\/figure>\n<p style=\"text-align: justify\"><span style=\"font-weight: 400\">Adem\u00e1s de la decoraci\u00f3n, hubo momentos destacados que hicieron de esta presentaci\u00f3n una experiencia inolvidable llena de creatividad.<\/span><\/p>\n<p style=\"text-align: justify\"><span style=\"font-weight: 400\">Si te gustan los eventos que combinan estilo, creatividad y un toque de magia, <\/span><b>no te pierdas c\u00f3mo fue el evento de marca organizado para la presentaci\u00f3n de la colecci\u00f3n de Kokonote x CRVSH.<\/b><\/p>\n<p style=\"text-align: justify\"><span style=\"font-weight: 400\">\u00a1Te contamos todos los detalles para que no te pierdas nada!<\/span><\/p>\n<figure id=\"attachment_43268\" aria-describedby=\"caption-attachment-43268\" style=\"width: 700px\" class=\"wp-caption aligncenter\"><img loading=\"lazy\" decoding=\"async\" class=\"wp-image-43268\" src=\"http:\/\/perfectvenue.es\/wp-content\/uploads\/2024\/06\/DSC01262-scaled.jpg\" alt=\"Decoraci\u00f3n de evento de marca \/ Weddings and Events by Natalia Ortiz\" width=\"700\" height=\"1050\" \/><figcaption id=\"caption-attachment-43268\" class=\"wp-caption-text\">Decoraci\u00f3n de evento de marca \/ <a href=\"https:\/\/nataliaortizevents.com\/\">Weddings and Events by Natalia Ortiz<\/a><\/figcaption><\/figure>\n<h2 style=\"text-align: justify\"><span style=\"font-weight: 400\">Una terraza con vistas para la presentaci\u00f3n<\/span><\/h2>\n<p style=\"text-align: justify\"><span style=\"font-weight: 400\">Esta colecci\u00f3n c\u00e1psula se desarroll\u00f3 en un espacio \u00fanico en pleno coraz\u00f3n de Madrid. S\u00ed, <\/span><b>el evento tuvo lugar en una terraza en la que la sofisticaci\u00f3n se une con un toque de rebeld\u00eda.\u00a0<\/b><\/p>\n<p style=\"text-align: justify\"><span style=\"font-weight: 400\">Este rooftop, que parec\u00eda un oasis urbano, fue el escenario perfecto para este evento de marca, ya que contaba con sof\u00e1s que segu\u00edan la gama crom\u00e1tica de la colecci\u00f3n, integr\u00e1ndose a la perfecci\u00f3n.<\/span><\/p>\n<p style=\"text-align: justify\"><span style=\"font-weight: 400\">El espacio ofrec\u00eda c\u00f3modos sof\u00e1s y una mezcla de mesas altas y bajas, creando un ambiente ideal para que los asistentes disfrutaran de diversas actividades. Uno de los puntos destacados fue <\/span><b>un taller de bordado de fotograf\u00edas, donde los participantes pudieron dar rienda suelta a su creatividad.\u00a0<\/b><\/p>\n<p style=\"text-align: justify\"><span style=\"font-weight: 400\">Adem\u00e1s, <\/span><b>se sirvi\u00f3 comida deliciosa que complement\u00f3 la experiencia, haciendo del evento una celebraci\u00f3n inolvidable de estilo y autoexpresi\u00f3n.<\/b><\/p>\n<p style=\"text-align: justify\"><span style=\"font-weight: 400\">Si te gusta esta terraza con vistas, no te pierdas este <\/span><span style=\"font-weight: 400\">art\u00edculo de <a href=\"http:\/\/perfectvenue.es\/2023\/08\/07\/las-25-mejores-terrazas-en-madrid-para-organizar-eventos-inolvidables-y-festejar-como-si-no-hubiera-manana\/\">las 25 mejores terrazas en Madrid para organizar eventos inolvidables.\u00a0<\/a><\/span><\/p>\n<figure id=\"attachment_43266\" aria-describedby=\"caption-attachment-43266\" style=\"width: 700px\" class=\"wp-caption aligncenter\"><img loading=\"lazy\" decoding=\"async\" class=\"wp-image-43266\" src=\"http:\/\/perfectvenue.es\/wp-content\/uploads\/2024\/06\/DSC01364-scaled.jpg\" alt=\"Decoraci\u00f3n de evento de marca \/ Weddings and Events by Natalia Ortiz\" width=\"700\" height=\"467\" \/><figcaption id=\"caption-attachment-43266\" class=\"wp-caption-text\">Decoraci\u00f3n de evento de marca \/ <a href=\"https:\/\/nataliaortizevents.com\/\">Weddings and Events by Natalia Ortiz<\/a><\/figcaption><\/figure>\n<h2 style=\"text-align: justify\"><span style=\"font-weight: 400\">La decoraci\u00f3n, gran protagonista en el evento de marca<\/span><\/h2>\n<p style=\"text-align: justify\"><span style=\"font-weight: 400\">La decoraci\u00f3n, gran protagonista del evento de la marca, fue un verdadero espect\u00e1culo visual. <\/span><b>Inspirada en el emblem\u00e1tico logo en forma de coraz\u00f3n de CRVSH y sus ic\u00f3nicos colores rosa y rojo<\/b><span style=\"font-weight: 400\">, la decoraci\u00f3n se destac\u00f3 con globos, farolillos y flores en esta vibrante gama crom\u00e1tica.<\/span><\/p>\n<p style=\"text-align: justify\"><span style=\"font-weight: 400\">Las flores en tonos rosas, rojizos y anaranjados a\u00f1adieron un toque de frescura y vitalidad. Los farolillos colgaban entre las sombrillas, creando un techo encantador, mientras que los globos formaban una cascada impresionante sobre un espejo vinilado.\u00a0<\/span><\/p>\n<p style=\"text-align: justify\"><b>Cada detalle contribuy\u00f3 a crear una atm\u00f3sfera m\u00e1gica y acogedora que captur\u00f3 perfectamente la esencia de la marca.<\/b><\/p>\n<figure id=\"attachment_43264\" aria-describedby=\"caption-attachment-43264\" style=\"width: 700px\" class=\"wp-caption aligncenter\"><img loading=\"lazy\" decoding=\"async\" class=\"wp-image-43264\" src=\"http:\/\/perfectvenue.es\/wp-content\/uploads\/2024\/06\/DSC01392-scaled.jpg\" alt=\"Decoraci\u00f3n de evento de marca \/ Weddings and Events by Natalia Ortiz\" width=\"700\" height=\"467\" \/><figcaption id=\"caption-attachment-43264\" class=\"wp-caption-text\">Decoraci\u00f3n de evento de marca \/ <a href=\"https:\/\/nataliaortizevents.com\/\">Weddings and Events by Natalia Ortiz<\/a><\/figcaption><\/figure>\n<h2 style=\"text-align: justify\"><span style=\"font-weight: 400\">Servicio de organizaci\u00f3n para tu evento de marca<\/span><\/h2>\n<p style=\"text-align: justify\"><span style=\"font-weight: 400\">En <a href=\"https:\/\/nataliaortizevents.com\/\">Weddings and Events by Natalia Ortiz<\/a>, est\u00e1n siempre listos para convertir tus sue\u00f1os en realidad. No importa el tipo de evento que tengas en mente, desde un evento de marca hasta una boda de ensue\u00f1o, su equipo est\u00e1 preparado para hacerlo posible.<\/span><\/p>\n<p style=\"text-align: justify\"><span style=\"font-weight: 400\">No hay desaf\u00edo que no puedan superar ni evento que se les resista. <\/span><b>Su objetivo es asegurarse de que cada evento sea \u00fanico y refleje fielmente tus deseos y expectativas. <\/b><span style=\"font-weight: 400\">Ya que, desde el primer momento, Natalia Ortiz y su equipo trabajan estrechamente contigo para entender tu visi\u00f3n y personalizar cada aspecto del evento.\u00a0<\/span><\/p>\n<p style=\"text-align: justify\"><span style=\"font-weight: 400\">La selecci\u00f3n del lugar ideal, la decoraci\u00f3n, la coordinaci\u00f3n del catering, la m\u00fasica\u2026 se encargan de cada detalle log\u00edstico para que t\u00fa solo tengas que relajarte y disfrutar del proceso, sabiendo que tu evento est\u00e1 en manos expertas.<\/span><\/p>\n<p><figure id=\"attachment_43265\" aria-describedby=\"caption-attachment-43265\" style=\"width: 700px\" class=\"wp-caption aligncenter\"><img loading=\"lazy\" decoding=\"async\" class=\"wp-image-43265\" src=\"http:\/\/perfectvenue.es\/wp-content\/uploads\/2024\/06\/IMG_0038.jpg\" alt=\"Asistentes al evento de marca \/ Twic\" width=\"700\" height=\"1044\" \/><figcaption id=\"caption-attachment-43265\" class=\"wp-caption-text\">Asistentes al evento de marca \/ Twic<\/figcaption><\/figure><\/p>\n<span class=\"tags-links\"><a href=\"https:\/\/perfectvenue.es\/es\/tag\/evento-corporativo\/\" rel=\"tag\">evento corporativo<\/a><a href=\"https:\/\/perfectvenue.es\/es\/tag\/evento-de-marca\/\" rel=\"tag\">evento de marca<\/a><\/span>","protected":false},"excerpt":{"rendered":"<p>Te contamos c\u00f3mo fue el evento de marca organizado para la presentaci\u00f3n de la\u00a0 nueva colecci\u00f3n c\u00e1psula de KOKONOTE X CRVSH\u00a0<\/p>\n","protected":false},"author":48202,"featured_media":43267,"comment_status":"closed","ping_status":"open","sticky":false,"template":"","format":"standard","meta":{"footnotes":""},"categories":[2064],"tags":[4540,7283],"class_list":["post-43262","post","type-post","status-publish","format-standard","has-post-thumbnail","hentry","category-events","tag-evento-corporativo","tag-evento-de-marca"],"_links":{"self":[{"href":"https:\/\/perfectvenue.es\/es\/wp-json\/wp\/v2\/posts\/43262","targetHints":{"allow":["GET"]}}],"collection":[{"href":"https:\/\/perfectvenue.es\/es\/wp-json\/wp\/v2\/posts"}],"about":[{"href":"https:\/\/perfectvenue.es\/es\/wp-json\/wp\/v2\/types\/post"}],"author":[{"embeddable":true,"href":"https:\/\/perfectvenue.es\/es\/wp-json\/wp\/v2\/users\/48202"}],"replies":[{"embeddable":true,"href":"https:\/\/perfectvenue.es\/es\/wp-json\/wp\/v2\/comments?post=43262"}],"version-history":[{"count":5,"href":"https:\/\/perfectvenue.es\/es\/wp-json\/wp\/v2\/posts\/43262\/revisions"}],"predecessor-version":[{"id":43274,"href":"https:\/\/perfectvenue.es\/es\/wp-json\/wp\/v2\/posts\/43262\/revisions\/43274"}],"wp:featuredmedia":[{"embeddable":true,"href":"https:\/\/perfectvenue.es\/es\/wp-json\/wp\/v2\/media\/43267"}],"wp:attachment":[{"href":"https:\/\/perfectvenue.es\/es\/wp-json\/wp\/v2\/media?parent=43262"}],"wp:term":[{"taxonomy":"category","embeddable":true,"href":"https:\/\/perfectvenue.es\/es\/wp-json\/wp\/v2\/categories?post=43262"},{"taxonomy":"post_tag","embeddable":true,"href":"https:\/\/perfectvenue.es\/es\/wp-json\/wp\/v2\/tags?post=43262"}],"curies":[{"name":"wp","href":"https:\/\/api.w.org\/{rel}","templated":true}]}}