{"id":43092,"date":"2024-06-09T10:00:28","date_gmt":"2024-06-09T07:00:28","guid":{"rendered":"https:\/\/perfectvenue.es\/?p=43092"},"modified":"2024-06-12T14:29:42","modified_gmt":"2024-06-12T11:29:42","slug":"duo-cello-y-violin-electrico","status":"publish","type":"post","link":"https:\/\/perfectvenue.es\/es\/2024\/06\/09\/duo-cello-y-violin-electrico\/","title":{"rendered":"Conoce a Electronic Firefly, el d\u00fao de cello y viol\u00edn el\u00e9ctrico que causa furor en los eventos"},"content":{"rendered":"<p><\/p>\n<p style=\"text-align: justify\">Los instrumentos el\u00e9ctricos est\u00e1n ganando m\u00e1s terreno, y cada vez son m\u00e1s los novios que quieren romper con lo establecido y<strong> darle a su boda un toque m\u00e1s ca\u00f1ero, diferenciador pero igual de emotivo, como por ejemplo mediante un cello y un viol\u00edn el\u00e9ctrico.<\/strong><\/p>\n<p style=\"text-align: justify\">Por eso hoy os traemos a <a href=\"https:\/\/electronicfirefly.com\/\">Electronic Firefly<\/a>, un d\u00fao formado por Silvia Carbajal al viol\u00edn y Carlos P\u00e9rez-\u00cd\u00f1igo al cello que con mucha <strong>garra, fuerza y energ\u00eda as\u00ed como sensibilidad y emotividad<\/strong> ofrecen un alt\u00edsimo nivel de dominio de estos instrumentos.<\/p>\n<p style=\"text-align: justify\">Lo mejor es que tienen<strong> un repertorio extensisimo para los gustos de todo tipo de parejas y para los diferentes momentos que se viven en una boda<\/strong>. Y, <strong>como ellos mismos nos cuentan, hasta &#8220;podemos personalizar o preparar una cancio\u0301n nueva&#8221;<\/strong>. S\u00ed, has leido bien.<\/p>\n<p style=\"text-align: justify\">No te hacemos esperar m\u00e1s, conoce todo lo que hay detr\u00e1s de este d\u00fao de cello y viol\u00edn el\u00e9ctrico y enamorate tanto como nosotros de su trabajo. \u00a1Se los rifan en cada boda, y normal!<\/p>\n<p style=\"text-align: justify\">\u00a1Comenzamos!<\/p>\n<figure id=\"attachment_43096\" aria-describedby=\"caption-attachment-43096\" style=\"width: 700px\" class=\"wp-caption aligncenter\"><img loading=\"lazy\" decoding=\"async\" class=\"wp-image-43096\" src=\"https:\/\/perfectvenue.es\/wp-content\/uploads\/2024\/06\/foto-cartel-arreglada-1-1-scaled.jpg\" alt=\"Electronic Firefly instrumentos el\u00e9ctricos para bodas\" width=\"700\" height=\"525\" \/><figcaption id=\"caption-attachment-43096\" class=\"wp-caption-text\">Electronic Firefly d\u00fao cello y viol\u00edn el\u00e9ctrico<\/figcaption><\/figure>\n<h2 style=\"text-align: justify\">Silvia Carbajal al viol\u00edn el\u00e9ctrico y Carlos P\u00e9rez-\u00cd\u00f1igo al cello, ambos instrumentos el\u00e9ctricos.<span class=\"Apple-converted-space\">\u00a0 <\/span>\u00bfQu\u00e9 es lo que suscit\u00f3 vuestro inter\u00e9s y por qu\u00e9 decidisteis especializaros en ello? \u00bfEra algo que ten\u00edais claro que quer\u00edais hacer o simplemente fue algo que se cruz\u00f3 en vuestro camino?<\/h2>\n<p style=\"text-align: justify\">Silvia: En cuanto al viol\u00edn ac\u00fastico que utilizo en ceremonias, fue mi padre qui\u00e9n me inculc\u00f3 los valores la m\u00fasica y me apunt\u00f3 a mi primera escuela de m\u00fasica, es un gran amante de la m\u00fasica. En cuanto al viol\u00edn el\u00e9ctrico, es algo que tuve en mente al acabar la carrera de m\u00fasica en Oviedo. He tenido como referente a grupos como Apocal\u00edptica, Vanessa Mae o David Garret y so\u00f1aba con llenar estadios con grandes espect\u00e1culos como ellos. Tambi\u00e9n me marc\u00f3 una actuaci\u00f3n de Cirque du Soleil en la cual elevaban a un violinista el\u00e9ctrico en un trapecio y tocaba en el aire. Desde aquel momento supe que quer\u00eda hacer algo as\u00ed y no ser\u00eda feliz en una silla de una orquesta sinf\u00f3nica.<\/p>\n<p style=\"text-align: justify\">Carlos: Compartimos que la familia fue quien nos introdujo en este mundo. A m\u00ed el violonchelo me cautiv\u00f3 desde peque\u00f1o, pero no solo para interpretar m\u00fasica cl\u00e1sica, siempre supe que iba a utilizar este instrumento para tocar otros estilos.<\/p>\n<h2 style=\"text-align: justify\">Tocar un instrumento no es nada f\u00e1cil, exige mucho tiempo, aptitudes, actitud, disciplina\u2026<span class=\"Apple-converted-space\">\u00a0 <\/span>\u00bfC\u00f3mo os convert\u00eds en los profesionales que sois hoy en d\u00eda?, \u00bfCu\u00e1l ha sido vuestro \u201cgimnasio\u201d?<\/h2>\n<div class=\"page\" style=\"text-align: justify\" title=\"Page 1\">\n<div class=\"section\">\n<div class=\"layoutArea\">\n<div class=\"column\">\n<p>Silvia: Me licencie\u0301 en violi\u0301n cla\u0301sico en el conservatorio superior de Oviedo, donde adquiri\u0301 una te\u0301cnica a un nivel muy elevado del instrumento. An\u0303os ma\u0301s tarde decidi\u0301 mudarme a Madrid para formarme en otros estilos incluyendo el jazz, que te permite improvisar a un nivel muy alto. Y en definitiva con la te\u0301cnica cla\u0301sica y la improvisacio\u0301n del jazz puedes tocar cualquier estilo de mu\u0301sica porque son mucho ma\u0301s sencillos. Asi\u0301 que uniendo esto a que soy una fan fana\u0301tica del rock y la electro\u0301nica, he creado una mezcla explosiva en el escenario.<\/p>\n<p>Carlos: Yo estudie\u0301 el grado superior entre Musikene y Madrid y despue\u0301s me especialice\u0301 con un Master en interpretacio\u0301n solista. Compagine\u0301 la carrera con un grupo de hardcore metal como guitarrista, aprendiendo a producir, interpretar y grabar otros estilos.<\/p>\n<p>Ambos compartimos la opinio\u0301n de Beethoven, que un artista es 99% trabajo y 1% talento.<\/p>\n<figure id=\"attachment_43097\" aria-describedby=\"caption-attachment-43097\" style=\"width: 700px\" class=\"wp-caption aligncenter\"><img loading=\"lazy\" decoding=\"async\" class=\"wp-image-43097\" src=\"https:\/\/perfectvenue.es\/wp-content\/uploads\/2024\/06\/IMG-20200905-WA0027.jpeg\" alt=\"Electronic Firefly instrumentos el\u00e9ctricos para bodas\" width=\"700\" height=\"466\" \/><figcaption id=\"caption-attachment-43097\" class=\"wp-caption-text\">Electronic Firefly d\u00fao cello y viol\u00edn el\u00e9ctrico<\/figcaption><\/figure>\n<\/div>\n<\/div>\n<\/div>\n<\/div>\n<h2 style=\"text-align: justify\">\u00bfQu\u00e9 tipo de repertorio ofrec\u00e9is? \u00bfLa pareja puede elegir las canciones que quiera o sois vosotros los que les dais las opciones de entre todo vuestro repertorio?<span class=\"Apple-converted-space\">\u00a0<\/span><\/h2>\n<div class=\"page\" style=\"text-align: justify\" title=\"Page 1\">\n<div class=\"section\">\n<div class=\"layoutArea\">\n<div class=\"column\">\n<p>Tenemos un repertorio muy amplio y variado que incluye todos los estilos y e\u0301pocas musicales. Debido a la amplia experiencia que tenemos en el sector nupcial, tenemos repertorios recomendados para los diferentes momentos musicales de la boda (ceremonia, cocktail o fiesta), y tambie\u0301n podemos personalizar o preparar una cancio\u0301n nueva fuera de nuestro repertorio habitual para momentos muy especiales si la pareja lo desea, como puede ser la entrada de la novia o entrada al cocktail. Con el cello y el viol\u00edn el\u00e9ctrico todo es posible.<\/p>\n<\/div>\n<\/div>\n<\/div>\n<\/div>\n<h2 style=\"text-align: justify\">Cada vez son mas los novios que buscan una boda personalizada, en base a sus gustos, hobbies, etc. \u00bfC\u00f3mo hac\u00e9is para dar en el clavo con el mejor estilo musical? Tendr\u00e9is que conocerles super bien, \u00bfno?<\/h2>\n<div class=\"page\" style=\"text-align: justify\" title=\"Page 1\">\n<div class=\"section\">\n<div class=\"layoutArea\">\n<div class=\"column\">\n<p>Solemos concertar una cita bien telefo\u0301nica o videollamada con la pareja para conocerles mejor y adaptarnos al estilo musical con el que ma\u0301s se identifiquen, que nos cuent\u00e9n todos los detalles y por qu\u00e9 les gustar\u00eda contar con un cello y un viol\u00edn el\u00e9ctrico para su boda.<\/p>\n<\/div>\n<\/div>\n<\/div>\n<\/div>\n<h2 style=\"text-align: justify\">De entre las diferentes modalidades de actuaci\u00f3n que ofrec\u00e9is, \u00bfQu\u00e9 es lo que m\u00e1s contratan las parejas?<\/h2>\n<div class=\"page\" style=\"text-align: justify\" title=\"Page 1\">\n<div class=\"section\">\n<div class=\"layoutArea\">\n<div class=\"column\">\n<p>Solemos intervenir con nuestra mu\u0301sica en tres momentos : ceremonia, en la cual ensalzamos todos los momentos importantes para darle au\u0301n ma\u0301s si cabe emotividad, cocktail show, el cual amenizamos toda la duracio\u0301n del mismo con versiones de los mayores e\u0301xitos de ayer y hoy desde Lois Amrstrong o los Beatles hasta grupos ma\u0301s actuales como Amy Winehouse, Coldplay o incluso David Guetta todo ello con nuestros instrumentos ele\u0301ctricos, y por u\u0301ltimo la fiesta que nosotros llamamos party show que junto al Dj que haya nos compenetramos para hacer tres minishows y <span style=\"color: inherit;font-family: inherit\">que la barra libre se venga a su ma\u0301ximo potencial con versiones muy explosivas como por ejemplo ACDC , Avicii, o incluso remixes electro\u0301nicos de Bon Jovi o Piratas del Caribe.<\/span><\/p>\n<\/div>\n<\/div>\n<\/div>\n<\/div>\n<div class=\"page\" style=\"text-align: justify\" title=\"Page 2\">\n<div class=\"section\">\n<div class=\"layoutArea\">\n<div class=\"column\">\n<p>Las parejas suelen contratar sobretodo el pack ceremonia y cocktail show juntos, o bien la party show por separado.<\/p>\n<figure id=\"attachment_43094\" aria-describedby=\"caption-attachment-43094\" style=\"width: 700px\" class=\"wp-caption aligncenter\"><img loading=\"lazy\" decoding=\"async\" class=\"wp-image-43094\" src=\"https:\/\/perfectvenue.es\/wp-content\/uploads\/2024\/06\/UGE3989-copia-scaled.jpg\" alt=\"Electronic Firefly instrumentos el\u00e9ctricos para bodas\" width=\"700\" height=\"467\" \/><figcaption id=\"caption-attachment-43094\" class=\"wp-caption-text\">Electronic Firefly d\u00fao cello y viol\u00edn el\u00e9ctrico<\/figcaption><\/figure>\n<\/div>\n<\/div>\n<\/div>\n<\/div>\n<h2 style=\"text-align: justify\">Qu\u00e9 dir\u00edais que es lo que os diferencia, vuestro sello de identidad.<\/h2>\n<p style=\"text-align: justify\">El virtuosismo, fuerza y energ\u00eda del viol\u00edn de Silvia sumado a la presencia esc\u00e9nica, sensibilidad y emotividad del violoncello de Carlos, es muy dif\u00edcil de encontrar. Ofrecemos un alt\u00edsimo nivel de dominio del cello y del viol\u00edn el\u00e9ctrico y una est\u00e9tica cuidada al m\u00e1ximo detalle .<\/p>\n<h2 style=\"text-align: justify\">\u00bfCu\u00e1l es el tipo de actuaci\u00f3n \/ evento \/ estilo de m\u00fasica en el que os encontr\u00e9is m\u00e1s c\u00f3modos?<\/h2>\n<div class=\"page\" style=\"text-align: justify\" title=\"Page 2\">\n<div class=\"section\">\n<div class=\"layoutArea\">\n<div class=\"column\">\n<p>En cuanto a estilo de mu\u0301sica cualquiera que deje ver la capacidad interpretativa y nivel de dominio del instrumento, pero quiza\u0301s en lo que ma\u0301s nos lucimos y la gente se queda ma\u0301s impresionada son nuestras versiones de rock y electro\u0301nicas. En cuanto a tipo de actuacio\u0301n o evento no hay preferidos, simplemente que donde estemos trabajando nos traten bien haya buena onda y que la gente disfrute al ma\u0301ximo con nuestra mu\u0301sica.<\/p>\n<\/div>\n<\/div>\n<\/div>\n<\/div>\n<h2 style=\"text-align: justify\">Los novios pueden elegir incluso hasta vuestro vestuario para su boda, \u00bfCre\u00e9is que las bodas tem\u00e1ticas y\/o personalizadas est\u00e1n en auge o una moda pasajera?<\/h2>\n<div class=\"page\" style=\"text-align: justify\" title=\"Page 2\">\n<div class=\"section\">\n<div class=\"layoutArea\">\n<div class=\"column\">\n<p>Nos ha parecido brutal la idea de algunos novios de entrar en una iglesia con ACDC , y que el cura un asturiano muy moderno nos dejara hacerlo, tambie\u0301n hemos visto tatuadores que hacen minitattos a los invitados que quieran, bodas ambientadas en peli\u0301culas , ceremonias en las que toda la mu\u0301sica que hemos tocado eran canciones de Disney, etc Creemos que es un di\u0301a muy especial , y nos parece divertido que tambie\u0301n haya parejas que quieran salirse de lo \u201ctradicional\u201d y hacer algo ma\u0301s personalizado y quieran acompa\u00f1ar su gran d\u00eda de un cello y un viol\u00edn el\u00e9ctrico.<\/p>\n<figure id=\"attachment_43095\" aria-describedby=\"caption-attachment-43095\" style=\"width: 700px\" class=\"wp-caption aligncenter\"><img loading=\"lazy\" decoding=\"async\" class=\"wp-image-43095\" src=\"https:\/\/perfectvenue.es\/wp-content\/uploads\/2024\/06\/InstagramStories2.png\" alt=\"Electronic Firefly instrumentos el\u00e9ctricos para bodas\" width=\"700\" height=\"773\" \/><figcaption id=\"caption-attachment-43095\" class=\"wp-caption-text\">Electronic Firefly d\u00fao cello y viol\u00edn el\u00e9ctrico<\/figcaption><\/figure>\n<\/div>\n<\/div>\n<\/div>\n<\/div>\n<h2 style=\"text-align: justify\">Hab\u00e9is trabajado con artistas de la talla de Ara Malikian, uno de los violinistas m\u00e1s top del panorama actual, \u00bfQu\u00e9 os ha supuesto o significado para vosotros trabajar con \u00e9l?<\/h2>\n<div class=\"page\" style=\"text-align: justify\" title=\"Page 2\">\n<div class=\"section\">\n<div class=\"layoutArea\">\n<div class=\"column\">\n<p>Carlos: Estuve en una gira con Ara Malikian, tambie\u0301n hicimos varias grabaciones para televisio\u0301n y tocamos juntos en varios de sus especta\u0301culos y eventos. Fue una experiencia muy enriquecedora, es un referente mundial. Su manera de acercar la mu\u0301sica al pu\u0301blico y de mezclar la cla\u0301sica con otros estilos me abrio\u0301 mucho la mente. Tambie\u0301n trabajar con cantantes como Pasio\u0301n Vega o Pilar Jurado han sido experiencias que me han aportado muchi\u0301simo.<\/p>\n<p>Silvia: yo participe\u0301 so\u0301lo una vez en uno de sus programas de la Tv Pizzicato, pero por supuesto es todo un ejemplo a seguir y un referente en nuestro pai\u0301s. Por otro lado he grabado el violi\u0301n solista en alguno de los temas ma\u0301s conocidos de Pablo Lo\u0301pez y participado en varios conciertos con e\u0301l, y una de las cosas ma\u0301s increi\u0301bles de mi carrera musical es estar en una peluqueri\u0301a, o en un autobu\u0301s, y de repente escuchar mi violi\u0301n entre tanta gente que me rodea y saber que es parte de mi\u0301 lo que esta\u0301 sonando. Sin lugar a duda mi ma\u0301ximo logro como artista es haber trabajado en Malta con la compan\u0303i\u0301a Cirque du Soleil, uno de los mejores shows del mundo y un suen\u0303o cumplido desde pequen\u0303a como he contado anteriormente.<\/p>\n<\/div>\n<\/div>\n<\/div>\n<\/div>\n<h2 style=\"text-align: justify\">Habladnos acerca de un evento que en el que hay\u00e1is actuado y vay\u00e1is a recordar toda la vida, tanto vosotros como los asistentes del evento.<\/h2>\n<div class=\"page\" style=\"text-align: justify\" title=\"Page 2\">\n<div class=\"section\">\n<div class=\"layoutArea\">\n<div class=\"column\">\n<p>En cuanto a emotividad se refiere quiza\u0301s los momentos ma\u0301s especiales los hemos vivido tocando para las personas que ma\u0301s queremos , en bodas de familiares en las que no podemos evitar que se nos derramen la\u0301grimas de alegri\u0301a mientras tocamos, y en las que los homenajeados nunca dejan de agradecernos haber vivido esos momentos tan especiales gracias a nuestra mu\u0301sica.<\/p>\n<figure id=\"attachment_43098\" aria-describedby=\"caption-attachment-43098\" style=\"width: 700px\" class=\"wp-caption aligncenter\"><img loading=\"lazy\" decoding=\"async\" class=\"wp-image-43098\" src=\"https:\/\/perfectvenue.es\/wp-content\/uploads\/2024\/06\/IMG-20200905-WA0038.jpeg\" alt=\"Electronic Firefly d\u00fao chello y viol\u00edn el\u00e9ctrico\" width=\"700\" height=\"466\" \/><figcaption id=\"caption-attachment-43098\" class=\"wp-caption-text\">Electronic Firefly d\u00fao cello y viol\u00edn el\u00e9ctrico<\/figcaption><\/figure>\n<\/div>\n<\/div>\n<\/div>\n<\/div>\n<h2 style=\"text-align: justify\">Actualmente est\u00e1is produciendo vuestro primer trabajo discogr\u00e1fico que incluir\u00e1 temas hist\u00f3ricos del Rock as\u00ed como temas compuestos y producidos por vosotros mismos en una variante del Rock fusionado con la electr\u00f3nica. \u00bfQu\u00e9 le depara en el futuro a Electronic Firefly en cuanto a eventos se refiere? \u00bfCu\u00e1les son vuestras pr\u00f3ximas metas y retos personales?<\/h2>\n<div class=\"page\" title=\"Page 3\">\n<div class=\"section\">\n<div class=\"layoutArea\">\n<div class=\"column\">\n<p style=\"text-align: justify\">En cuanto al futuro se preve\u0301 lleno de e\u0301xitos y trabajo. Ya tenemos la agenda de 2024 muy llena y varias fechas cerradas para 2025, el tele\u0301fono no para de sonar. Nos estamos haciendo muy reconocidos en el sector de eventos en nuestro pai\u0301s, pero por otro lado tenemos entre manos un proyecto mucho ma\u0301s ambicioso. Actualmente estamos produciendo un musical que estrenaremos para finales de 2024, y para ello estamos trabajando mano a mano desde hace meses junto a Zeno\u0301n Recalde, director residente del musical El Rey Leo\u0301n, y con el gran Gaby Goldman, director de musicales muy reconocido en Argentina y Espan\u0303a. Con ello buscamos dar un salto importante en nuestras carreras ya que en la representacio\u0301n del mismo tendremos que actuar e incluso bailar , no simplemente tocar nuestro instrumento, y tambie\u0301n estrenarnos como productores de un gran especta\u0301culo. Adem\u00e1s de seguir en el podium de mejores d\u00faos con un cello y un viol\u00edn el\u00e9ctrico.<\/p>\n<\/div>\n<\/div>\n<\/div>\n<\/div>\n<p><\/p>\n<span class=\"tags-links\"><a href=\"https:\/\/perfectvenue.es\/es\/tag\/electronic-firefly\/\" rel=\"tag\">Electronic Firefly<\/a><a href=\"https:\/\/perfectvenue.es\/es\/tag\/instrumentos-electricos\/\" rel=\"tag\">instrumentos electricos<\/a><a href=\"https:\/\/perfectvenue.es\/es\/tag\/instrumentos-electricos-para-bodas\/\" rel=\"tag\">instrumentos el\u00e9ctricos para bodas<\/a><a href=\"https:\/\/perfectvenue.es\/es\/tag\/musica-en-directo\/\" rel=\"tag\">musica en directo<\/a><a href=\"https:\/\/perfectvenue.es\/es\/tag\/violin-y-cello-electrico\/\" rel=\"tag\">violin y cello electrico<\/a><\/span>","protected":false},"excerpt":{"rendered":"<p>Si est\u00e1s en b\u00fasqueda de un cello y un viol\u00edn el\u00e9ctrico, no te puedes perder esta entrevista a Electronic Firefly, un d\u00fao que causa furor.<\/p>\n","protected":false},"author":48202,"featured_media":43098,"comment_status":"closed","ping_status":"open","sticky":false,"template":"","format":"standard","meta":{"footnotes":""},"categories":[176,2064],"tags":[7260,7257,7261,7258,7259],"class_list":["post-43092","post","type-post","status-publish","format-standard","has-post-thumbnail","hentry","category-wedding","category-events","tag-electronic-firefly","tag-instrumentos-electricos","tag-instrumentos-electricos-para-bodas","tag-musica-en-directo","tag-violin-y-cello-electrico"],"_links":{"self":[{"href":"https:\/\/perfectvenue.es\/es\/wp-json\/wp\/v2\/posts\/43092","targetHints":{"allow":["GET"]}}],"collection":[{"href":"https:\/\/perfectvenue.es\/es\/wp-json\/wp\/v2\/posts"}],"about":[{"href":"https:\/\/perfectvenue.es\/es\/wp-json\/wp\/v2\/types\/post"}],"author":[{"embeddable":true,"href":"https:\/\/perfectvenue.es\/es\/wp-json\/wp\/v2\/users\/48202"}],"replies":[{"embeddable":true,"href":"https:\/\/perfectvenue.es\/es\/wp-json\/wp\/v2\/comments?post=43092"}],"version-history":[{"count":9,"href":"https:\/\/perfectvenue.es\/es\/wp-json\/wp\/v2\/posts\/43092\/revisions"}],"predecessor-version":[{"id":43168,"href":"https:\/\/perfectvenue.es\/es\/wp-json\/wp\/v2\/posts\/43092\/revisions\/43168"}],"wp:featuredmedia":[{"embeddable":true,"href":"https:\/\/perfectvenue.es\/es\/wp-json\/wp\/v2\/media\/43098"}],"wp:attachment":[{"href":"https:\/\/perfectvenue.es\/es\/wp-json\/wp\/v2\/media?parent=43092"}],"wp:term":[{"taxonomy":"category","embeddable":true,"href":"https:\/\/perfectvenue.es\/es\/wp-json\/wp\/v2\/categories?post=43092"},{"taxonomy":"post_tag","embeddable":true,"href":"https:\/\/perfectvenue.es\/es\/wp-json\/wp\/v2\/tags?post=43092"}],"curies":[{"name":"wp","href":"https:\/\/api.w.org\/{rel}","templated":true}]}}