{"id":42881,"date":"2024-05-21T17:25:27","date_gmt":"2024-05-21T14:25:27","guid":{"rendered":"https:\/\/perfectvenue.es\/?p=42881"},"modified":"2024-05-23T14:18:38","modified_gmt":"2024-05-23T11:18:38","slug":"boda-internacional-en-barcelona","status":"publish","type":"post","link":"https:\/\/perfectvenue.es\/es\/2024\/05\/21\/boda-internacional-en-barcelona\/","title":{"rendered":"La boda internacional en Barcelona de Aiden and Nicol\u00e1s, un estadounidense y un vietnamita"},"content":{"rendered":"<p><\/p>\n<p style=\"text-align: justify\"><span style=\"font-weight: 400\">Esta boda internacional en barcelona nos cuenta la historia de amor de Aiden y Nicolas, una pareja que <\/span><b>eligi\u00f3 Espa\u00f1a para darse el \u201cs\u00ed quiero\u201d<\/b><span style=\"font-weight: 400\"> \u00a1Porque las bodas de destino est\u00e1n de moda!<\/span><\/p>\n<p style=\"text-align: justify\"><span style=\"font-weight: 400\">\u00bfY por qu\u00e9 en Espa\u00f1a y en Catalu\u00f1a? Pues porque era el punto intermedio entre ambos pa\u00edses. S\u00ed, al ser uno de EEUU y otro de Vietnam, <\/span><b>Espa\u00f1a les pillaba perfecto a la hora de trasladar a los invitados <\/b><span style=\"font-weight: 400\">y hacer una boda de ensue\u00f1o, y como nuestro pa\u00eds ofrece tantas posibilidades, no lo tuvieron nada dif\u00edcil.\u00a0<\/span><\/p>\n<p style=\"text-align: justify\"><span style=\"font-weight: 400\">Lo cierto es que no buscaban en Catalu\u00f1a concretamente, ten\u00edan claro que les daba igual la parte del pa\u00eds en el que celebrar su boda siempre y cuando fuera <\/span><b>un lugar de pel\u00edcula<\/b><span style=\"font-weight: 400\">. \u00a1Y lo encontraron!\u00a0<\/span><\/p>\n<p style=\"text-align: justify\"><span style=\"font-weight: 400\">Despu\u00e9s de ense\u00f1arles un sinf\u00edn de propuestas de espacios se enamoraron de uno: El Castillo de Tamarit.<\/span><\/p>\n<h2 style=\"text-align: justify\">El castillo de Tamarit, un completo sue\u00f1o<\/h2>\n<p style=\"text-align: justify\"><span style=\"font-weight: 400\">Los novios pudieron casarse con vistas al mar y rodeados de siglos de historia en uno de los espacios m\u00e1s distinguidos de Catalu\u00f1a. <\/span><b>Este es un espacio exclusivo con vistas al Mediterr\u00e1neo, ubicado a 10 km de Tarragona y a 80 km de Barcelona.<\/b><\/p>\n<p style=\"text-align: justify\"><span style=\"font-weight: 400\">Este espacio fue comprado por un coleccionista de arte americano que llev\u00f3 a cabo una completa restauraci\u00f3n de tipo rom\u00e1ntico, uniformizando las diferentes edificaciones, pero manteniendo todos sus elementos rom\u00e1nicos y g\u00f3ticos. Desde 1988, el Castell de Tamarit est\u00e1 considerado Bien de Inter\u00e9s Cultural.<\/span><\/p>\n<p style=\"text-align: justify\"><span style=\"font-weight: 400\">Una de las caracter\u00edsticas principales de los diferentes espacios del castillo es su exquisita decoraci\u00f3n, que est\u00e1 cuidada hasta el m\u00e1ximo detalle.<\/span><b> La ornamentaci\u00f3n de los salones de banquetes perdura en la memoria de todos los invitados, as\u00ed como los jardines que est\u00e1n frente al mar, la impresionante piscina y la gran sala sumamente iluminada.<\/b><\/p>\n<figure id=\"attachment_42882\" aria-describedby=\"caption-attachment-42882\" style=\"width: 700px\" class=\"wp-caption aligncenter\"><img loading=\"lazy\" decoding=\"async\" class=\"wp-image-42882\" src=\"https:\/\/perfectvenue.es\/wp-content\/uploads\/2024\/05\/Internation-Same-Sax-wedding-Barcelona-22.jpeg\" alt=\"Boda internacional en Barcelona \/ Weddings and Events by Natalia Ortiz\" width=\"700\" height=\"1052\" srcset=\"https:\/\/perfectvenue.es\/wp-content\/uploads\/2024\/05\/Internation-Same-Sax-wedding-Barcelona-22.jpeg?v=1716300706 700w, https:\/\/perfectvenue.es\/wp-content\/uploads\/2024\/05\/Internation-Same-Sax-wedding-Barcelona-22-200x300.jpeg?v=1716300706 200w, https:\/\/perfectvenue.es\/wp-content\/uploads\/2024\/05\/Internation-Same-Sax-wedding-Barcelona-22-681x1024.jpeg?v=1716300706 681w, https:\/\/perfectvenue.es\/wp-content\/uploads\/2024\/05\/Internation-Same-Sax-wedding-Barcelona-22-450x676.jpeg?v=1716300706 450w, https:\/\/perfectvenue.es\/wp-content\/uploads\/2024\/05\/Internation-Same-Sax-wedding-Barcelona-22-532x800.jpeg?v=1716300706 532w, https:\/\/perfectvenue.es\/wp-content\/uploads\/2024\/05\/Internation-Same-Sax-wedding-Barcelona-22-600x902.jpeg?v=1716300706 600w\" sizes=\"auto, (max-width: 700px) 100vw, 700px\" \/><figcaption id=\"caption-attachment-42882\" class=\"wp-caption-text\">Boda internacional en Barcelona \/ Weddings and Events by Natalia Ortiz<\/figcaption><\/figure>\n<h2 style=\"text-align: justify\">Una ceremonia con vistas al mar<\/h2>\n<p style=\"text-align: justify\"><span style=\"font-weight: 400\">En pleno castillo, y con vistas al mar, llevamos a cabo toda la ceremonia de esta boda internacional en Barcelona, la cual estuvo repleta de flores de Bot\u00e1nica Barcelona.<\/span><\/p>\n<p style=\"text-align: justify\"><b>El altar estuvo decorado con pampas, hojas secas, flores en tonalidades naranjas, granates, ros\u00e1ceas\u2026 Una gama crom\u00e1tica que daba como resultado el color ocre.\u00a0<\/b><\/p>\n<p style=\"text-align: justify\"><span style=\"font-weight: 400\">La decoraci\u00f3n floral se situ\u00f3 delante de estructuras geometricas de color blanco, a juego con todas las sillas de los asistentes a la ceremonia.<\/span><\/p>\n<h2 style=\"text-align: justify\">Banquete rom\u00e1ntico al atardecer<\/h2>\n<p style=\"text-align: justify\"><b>El banquete de esta boda internacional en Barcelona en el Castell de Tamarit se realiz\u00f3 en la parte superior del castillo, el cual es un espacio completamente abierto. <\/b><span style=\"font-weight: 400\">\u00a1Ten\u00edan claro que ten\u00eda que ser al aire libre!<\/span><\/p>\n<p style=\"text-align: justify\"><span style=\"font-weight: 400\">El banquete lo conformaron varias <\/span><b>mesas de madera largas, sobre las que colocamos candelabros con altas velas y jarrones repletos de pampas y flores<\/b><span style=\"font-weight: 400\">, al igual que en la ceremonia. Otro detalle muy original es que los platos de este banquete eran cuadrados.\u00a0<\/span><\/p>\n<p style=\"text-align: justify\"><span style=\"font-weight: 400\">Lo mejor es que el lugar cuenta con cocina propia, que se ocupa de elaborar diversos tipos de men\u00fas adaptados a las peticiones de novios e invitados.<\/span><\/p>\n<p style=\"text-align: justify\"><span style=\"font-weight: 400\">La propuesta gastron\u00f3mica se basa en productos locales y de calidad, tomando la cocina mediterr\u00e1nea como punto de partida y apostando por la tradici\u00f3n acompa\u00f1ada de pinceladas de cocina de autor con un claro objetivo: enamorar a los invitados a trav\u00e9s del paladar.<\/span><\/p>\n<p style=\"text-align: justify\"><span style=\"font-weight: 400\">Otra cosa que tambi\u00e9n enamor\u00f3 a los invitados fue el atardecer y todas las <\/span><b>guirnaldas de luces que se encendieron sobre ellos mientras degustaban platos exquisitos.<\/b><\/p>\n<figure id=\"attachment_42884\" aria-describedby=\"caption-attachment-42884\" style=\"width: 700px\" class=\"wp-caption aligncenter\"><img loading=\"lazy\" decoding=\"async\" class=\"wp-image-42884\" src=\"https:\/\/perfectvenue.es\/wp-content\/uploads\/2024\/05\/Same-sax-wedding-barcelona-8.jpeg\" alt=\"Boda internacional en Barcelona \/ Weddings and Events by Natalia Ortiz\" width=\"700\" height=\"466\" srcset=\"https:\/\/perfectvenue.es\/wp-content\/uploads\/2024\/05\/Same-sax-wedding-barcelona-8.jpeg?v=1716300710 700w, https:\/\/perfectvenue.es\/wp-content\/uploads\/2024\/05\/Same-sax-wedding-barcelona-8-300x200.jpeg?v=1716300710 300w, https:\/\/perfectvenue.es\/wp-content\/uploads\/2024\/05\/Same-sax-wedding-barcelona-8-450x300.jpeg?v=1716300710 450w, https:\/\/perfectvenue.es\/wp-content\/uploads\/2024\/05\/Same-sax-wedding-barcelona-8-600x399.jpeg?v=1716300710 600w\" sizes=\"auto, (max-width: 700px) 100vw, 700px\" \/><figcaption id=\"caption-attachment-42884\" class=\"wp-caption-text\">Boda internacional en Barcelona \/ Weddings and Events by Natalia Ortiz<\/figcaption><\/figure>\n<h2 style=\"text-align: justify\">Un corte de tarta muy emocionante<\/h2>\n<p style=\"text-align: justify\"><span style=\"font-weight: 400\">Lleg\u00f3 uno de los momentos m\u00e1s esperados: el de cortar la tarta. Lo que nadie imaginaba es que iba a suponer un estruendo de risas y aplausos.<\/span><\/p>\n<p style=\"text-align: justify\"><span style=\"font-weight: 400\">Pusimos sobre la tarta varias bengalas de fuego fr\u00edo que nadie se esperaba, por lo que al <\/span><b>comenzar a salir fuego y chispas todos comenzaron a gritar de la emoci\u00f3n y a dar aplausos, <\/b><span style=\"font-weight: 400\">\u00a1solo hay que ver la cara de circunstancia de los novios!<\/span><\/p>\n<p style=\"text-align: justify\"><span style=\"font-weight: 400\">La deliciosa <\/span><b>tarta era de tres pisos, y tambi\u00e9n decorada en sinton\u00eda con la decoraci\u00f3n floral <\/b><span style=\"font-weight: 400\">del gran d\u00eda.<\/span><\/p>\n<figure id=\"attachment_42886\" aria-describedby=\"caption-attachment-42886\" style=\"width: 700px\" class=\"wp-caption aligncenter\"><img loading=\"lazy\" decoding=\"async\" class=\"wp-image-42886\" src=\"https:\/\/perfectvenue.es\/wp-content\/uploads\/2024\/05\/Same-sax-wedding-Tarragona-aiden-nicolas-6.jpeg\" alt=\"Boda internacional en Barcelona \/ Weddings and Events by Natalia Ortiz\" width=\"700\" height=\"1052\" srcset=\"https:\/\/perfectvenue.es\/wp-content\/uploads\/2024\/05\/Same-sax-wedding-Tarragona-aiden-nicolas-6.jpeg?v=1716300715 700w, https:\/\/perfectvenue.es\/wp-content\/uploads\/2024\/05\/Same-sax-wedding-Tarragona-aiden-nicolas-6-200x300.jpeg?v=1716300715 200w, https:\/\/perfectvenue.es\/wp-content\/uploads\/2024\/05\/Same-sax-wedding-Tarragona-aiden-nicolas-6-681x1024.jpeg?v=1716300715 681w, https:\/\/perfectvenue.es\/wp-content\/uploads\/2024\/05\/Same-sax-wedding-Tarragona-aiden-nicolas-6-450x676.jpeg?v=1716300715 450w, https:\/\/perfectvenue.es\/wp-content\/uploads\/2024\/05\/Same-sax-wedding-Tarragona-aiden-nicolas-6-532x800.jpeg?v=1716300715 532w, https:\/\/perfectvenue.es\/wp-content\/uploads\/2024\/05\/Same-sax-wedding-Tarragona-aiden-nicolas-6-600x902.jpeg?v=1716300715 600w\" sizes=\"auto, (max-width: 700px) 100vw, 700px\" \/><figcaption id=\"caption-attachment-42886\" class=\"wp-caption-text\">Boda internacional en Barcelona \/ Weddings and Events by Natalia Ortiz<\/figcaption><\/figure>\n<h2 style=\"text-align: justify\">Estilismos acordes<\/h2>\n<p style=\"text-align: justify\"><span style=\"font-weight: 400\">Para su boda internacional en Barcelona ambos novios iban vestidos muy parecidos: con un traje de chaqueta color crema\/beige, zapatos marrones, camisa blanca y un prendido a conjunto con el resto de la decoraci\u00f3n.\u00a0<\/span><\/p>\n<p style=\"text-align: justify\"><span style=\"font-weight: 400\">Como complemento <\/span><b>un novio llevaba una corbata verde menta y otro novio una pajarita del mismo tono.<\/b><\/p>\n<p style=\"text-align: justify\"><span style=\"font-weight: 400\">\u00a1Nos encantan estos looks tan arriesgados, tan frescos y que pegan tanto con el espacio y el entorno del mar Mediterr\u00e1neo!<\/span><\/p>\n<figure id=\"attachment_42885\" aria-describedby=\"caption-attachment-42885\" style=\"width: 700px\" class=\"wp-caption aligncenter\"><img loading=\"lazy\" decoding=\"async\" class=\"wp-image-42885\" src=\"https:\/\/perfectvenue.es\/wp-content\/uploads\/2024\/05\/Same-sax-wedding-barcelona-26.jpeg\" alt=\"Boda internacional en Barcelona \/ Weddings and Events by Natalia Ortiz\" width=\"700\" height=\"1052\" srcset=\"https:\/\/perfectvenue.es\/wp-content\/uploads\/2024\/05\/Same-sax-wedding-barcelona-26.jpeg?v=1716300713 700w, https:\/\/perfectvenue.es\/wp-content\/uploads\/2024\/05\/Same-sax-wedding-barcelona-26-200x300.jpeg?v=1716300713 200w, https:\/\/perfectvenue.es\/wp-content\/uploads\/2024\/05\/Same-sax-wedding-barcelona-26-681x1024.jpeg?v=1716300713 681w, https:\/\/perfectvenue.es\/wp-content\/uploads\/2024\/05\/Same-sax-wedding-barcelona-26-450x676.jpeg?v=1716300713 450w, https:\/\/perfectvenue.es\/wp-content\/uploads\/2024\/05\/Same-sax-wedding-barcelona-26-532x800.jpeg?v=1716300713 532w, https:\/\/perfectvenue.es\/wp-content\/uploads\/2024\/05\/Same-sax-wedding-barcelona-26-600x902.jpeg?v=1716300713 600w\" sizes=\"auto, (max-width: 700px) 100vw, 700px\" \/><figcaption id=\"caption-attachment-42885\" class=\"wp-caption-text\">Boda internacional en Barcelona \/ Weddings and Events by Natalia Ortiz<\/figcaption><\/figure>\n<h2 style=\"text-align: justify\">Un coche nupcial tradicional<\/h2>\n<p style=\"text-align: justify\"><span style=\"font-weight: 400\">Llegar al altar, al banquete, o moverse por el espacio puede ser en el veh\u00edculo que t\u00fa quieras. Hay parejas que optan por motos, otras por limusinas y hasta parejas que se decantan por caravanas, pero esta pareja se decant\u00f3 para su boda internacional en Barcelona por <\/span><b>un coche antiguo de color rojo brillante que sin duda caus\u00f3 furor entre todos los asistentes.<\/b><\/p>\n<h2 style=\"text-align: justify\">Los pajes tampoco faltaron en esta boda internacional en Barcelona<\/h2>\n<p style=\"text-align: justify\"><span style=\"font-weight: 400\">La ni\u00f1a familiar del novio vietnamita <\/span><b>lanz\u00f3 p\u00e9talos de rosa tras el s\u00ed quiero<\/b><span style=\"font-weight: 400\">, con una energ\u00eda arrolladora y una felicidad innata.<\/span><\/p>\n<h2 style=\"text-align: justify\">Un baile nupcial con trajes regionales<\/h2>\n<p style=\"text-align: justify\"><span style=\"font-weight: 400\">Para el primer baile la pareja luci\u00f3 unos<\/span><b> trajes t\u00edpicos de Vietnam,<\/b><span style=\"font-weight: 400\"> donde les acompa\u00f1aban unos globos iluminados al ritmo de la m\u00fasica.<\/span><\/p>\n<figure id=\"attachment_42883\" aria-describedby=\"caption-attachment-42883\" style=\"width: 700px\" class=\"wp-caption aligncenter\"><img loading=\"lazy\" decoding=\"async\" class=\"wp-image-42883\" src=\"https:\/\/perfectvenue.es\/wp-content\/uploads\/2024\/05\/Same-sax-wedding-barcelona-11.jpeg\" alt=\"Boda internacional en Barcelona \/ Weddings and Events by Natalia Ortiz\" width=\"700\" height=\"1052\" srcset=\"https:\/\/perfectvenue.es\/wp-content\/uploads\/2024\/05\/Same-sax-wedding-barcelona-11.jpeg?v=1716300709 700w, https:\/\/perfectvenue.es\/wp-content\/uploads\/2024\/05\/Same-sax-wedding-barcelona-11-200x300.jpeg?v=1716300709 200w, https:\/\/perfectvenue.es\/wp-content\/uploads\/2024\/05\/Same-sax-wedding-barcelona-11-681x1024.jpeg?v=1716300709 681w, https:\/\/perfectvenue.es\/wp-content\/uploads\/2024\/05\/Same-sax-wedding-barcelona-11-450x676.jpeg?v=1716300709 450w, https:\/\/perfectvenue.es\/wp-content\/uploads\/2024\/05\/Same-sax-wedding-barcelona-11-532x800.jpeg?v=1716300709 532w, https:\/\/perfectvenue.es\/wp-content\/uploads\/2024\/05\/Same-sax-wedding-barcelona-11-600x902.jpeg?v=1716300709 600w\" sizes=\"auto, (max-width: 700px) 100vw, 700px\" \/><figcaption id=\"caption-attachment-42883\" class=\"wp-caption-text\">Boda internacional en Barcelona \/ Weddings and Events by Natalia Ortiz<\/figcaption><\/figure>\n<h2 style=\"text-align: justify\">Fotos de pel\u00edcula y un inmejorable servicio de Wedding Planner<\/h2>\n<p style=\"text-align: justify\"><span style=\"font-weight: 400\">Dima, de Kononenko fotograf\u00eda , fue el encargado de captar con el objetivo todas las emociones.<\/span><\/p>\n<p style=\"text-align: justify\"><span style=\"font-weight: 400\">Por otra parte, <\/span><b>gracias al equipo de <a href=\"https:\/\/nataliaortizevents.com\/\">Weddings and Events by Natalia Ortiz<\/a>, esta boda result\u00f3 todo un \u00e9xito. <\/b><span style=\"font-weight: 400\">\u00a1Desde el primer d\u00eda que los novios nos contactaron ten\u00edamos claro que quer\u00edamos ser nosotros los organizadores!<\/span><\/p>\n<p style=\"text-align: justify\"><span style=\"font-weight: 400\">As\u00ed que, nos pusimos manos a la obra para hacer feliz a esta pareja en su gran d\u00eda \u00bfQu\u00e9 te parece? \u00bfTienes en mente casarte y celebrar una boda internacional en Barcelona? \u00a1Entonces cont\u00e1ctanos!<\/span><\/p>\n<p><\/p>\n<span class=\"tags-links\"><a href=\"https:\/\/perfectvenue.es\/es\/tag\/boda-en-barcelona\/\" rel=\"tag\">boda en barcelona<\/a><a href=\"https:\/\/perfectvenue.es\/es\/tag\/boda-internacional\/\" rel=\"tag\">boda internacional<\/a><a href=\"https:\/\/perfectvenue.es\/es\/tag\/boda-lgtbiq\/\" rel=\"tag\">boda lgtbiq<\/a><\/span>","protected":false},"excerpt":{"rendered":"<p>Te contamos todos los detalles de la boda internacional en Barcelona de Aiden and Nicol\u00e1s, un estadounidense y un Vietnamita que eligieron Espa\u00f1a para darse el \u201cs\u00ed quiero\u201d.<\/p>\n","protected":false},"author":48202,"featured_media":42887,"comment_status":"closed","ping_status":"open","sticky":false,"template":"","format":"standard","meta":{"footnotes":""},"categories":[176],"tags":[400,6835,7222],"class_list":["post-42881","post","type-post","status-publish","format-standard","has-post-thumbnail","hentry","category-wedding","tag-boda-en-barcelona","tag-boda-internacional","tag-boda-lgtbiq","post_region-catalonia"],"_links":{"self":[{"href":"https:\/\/perfectvenue.es\/es\/wp-json\/wp\/v2\/posts\/42881","targetHints":{"allow":["GET"]}}],"collection":[{"href":"https:\/\/perfectvenue.es\/es\/wp-json\/wp\/v2\/posts"}],"about":[{"href":"https:\/\/perfectvenue.es\/es\/wp-json\/wp\/v2\/types\/post"}],"author":[{"embeddable":true,"href":"https:\/\/perfectvenue.es\/es\/wp-json\/wp\/v2\/users\/48202"}],"replies":[{"embeddable":true,"href":"https:\/\/perfectvenue.es\/es\/wp-json\/wp\/v2\/comments?post=42881"}],"version-history":[{"count":4,"href":"https:\/\/perfectvenue.es\/es\/wp-json\/wp\/v2\/posts\/42881\/revisions"}],"predecessor-version":[{"id":42908,"href":"https:\/\/perfectvenue.es\/es\/wp-json\/wp\/v2\/posts\/42881\/revisions\/42908"}],"wp:featuredmedia":[{"embeddable":true,"href":"https:\/\/perfectvenue.es\/es\/wp-json\/wp\/v2\/media\/42887"}],"wp:attachment":[{"href":"https:\/\/perfectvenue.es\/es\/wp-json\/wp\/v2\/media?parent=42881"}],"wp:term":[{"taxonomy":"category","embeddable":true,"href":"https:\/\/perfectvenue.es\/es\/wp-json\/wp\/v2\/categories?post=42881"},{"taxonomy":"post_tag","embeddable":true,"href":"https:\/\/perfectvenue.es\/es\/wp-json\/wp\/v2\/tags?post=42881"}],"curies":[{"name":"wp","href":"https:\/\/api.w.org\/{rel}","templated":true}]}}