{"id":38581,"date":"2022-12-30T12:00:44","date_gmt":"2022-12-30T09:00:44","guid":{"rendered":"https:\/\/perfectvenue.es\/?p=38581"},"modified":"2022-12-23T22:26:11","modified_gmt":"2022-12-23T19:26:11","slug":"birthday-in-a-trendy-restaurant-in-mallorca-we-tell-you-which-the-20-best-places-are-to-blow-out-the-candles","status":"publish","type":"post","link":"https:\/\/perfectvenue.es\/es\/2022\/12\/30\/birthday-in-a-trendy-restaurant-in-mallorca-we-tell-you-which-the-20-best-places-are-to-blow-out-the-candles\/","title":{"rendered":"Cumplea\u00f1os en un restaurante de moda en Mallorca: \u00a1te contamos cu\u00e1les son los 20 mejores locales para soplar las velas!"},"content":{"rendered":"<p><\/p>\n<p style=\"text-align: justify\"><span style=\"font-weight: 400\">Mallorca ofrece una oferta gastron\u00f3mica de rechupete, es por ello que cada vez m\u00e1s personas optan por celebrar su <\/span><b>cumplea\u00f1os en un restaurante de moda en Mallorca.<\/b><\/p>\n<p style=\"text-align: justify\"><span style=\"font-weight: 400\">Y es que esta isla balear cuenta con un mont\u00f3n de restaurantes de diferentes estilos, los cuales son perfectos para celebrar el cumplea\u00f1os de tus sue\u00f1os por todo lo alto.<\/span><\/p>\n<p style=\"text-align: justify\"><span style=\"font-weight: 400\">Este a\u00f1o ha sido un triunfo para la gastronom\u00eda de Mallorca, ya que <\/span><b>se han inaugurado nuevos locales con propuestas novedosas de cocina, servicio y decoraci\u00f3n y nueve restaurantes cuentan con estrella Michel\u00edn.<\/b><span style=\"font-weight: 400\"> As\u00ed que, \u00a1sin duda sorprender\u00e1s a tus invitados cuando se vean rodeados del ambiente m\u00e1s guay de la isla!<\/span><\/p>\n<p style=\"text-align: justify\"><span style=\"font-weight: 400\">Y nosotros, para ayudarte a elegir el restaurante de la celebraci\u00f3n de tu cumplea\u00f1os, te hemos seleccionado los que est\u00e1n m\u00e1s de moda ahora en Mallorca. \u00a1Porque si est\u00e1n triunfando, por algo ser\u00e1!<\/span><\/p>\n<p style=\"text-align: justify\"><span style=\"font-weight: 400\">\u00a1Empezamos!<\/span><\/p>\n<figure id=\"attachment_23704\" aria-describedby=\"caption-attachment-23704\" style=\"width: 700px\" class=\"wp-caption aligncenter\"><img loading=\"lazy\" decoding=\"async\" class=\"wp-image-23704\" src=\"https:\/\/perfectvenue.es\/wp-content\/uploads\/2019\/11\/cala-rotja-perfect-venue7.jpg\" alt=\"Cala Rotja - Perfect Venue\" width=\"700\" height=\"467\" srcset=\"https:\/\/perfectvenue.es\/wp-content\/uploads\/2019\/11\/cala-rotja-perfect-venue7.jpg?v=1626105664 850w, https:\/\/perfectvenue.es\/wp-content\/uploads\/2019\/11\/cala-rotja-perfect-venue7-300x200.jpg?v=1626105664 300w, https:\/\/perfectvenue.es\/wp-content\/uploads\/2019\/11\/cala-rotja-perfect-venue7-768x512.jpg?v=1626105664 768w, https:\/\/perfectvenue.es\/wp-content\/uploads\/2019\/11\/cala-rotja-perfect-venue7-450x300.jpg?v=1626105664 450w, https:\/\/perfectvenue.es\/wp-content\/uploads\/2019\/11\/cala-rotja-perfect-venue7-600x400.jpg?v=1626105664 600w\" sizes=\"auto, (max-width: 700px) 100vw, 700px\" \/><figcaption id=\"caption-attachment-23704\" class=\"wp-caption-text\"><a href=\"https:\/\/perfectvenue.es\/listings\/sa-cala-rotja\/\">Sa Cala Rotja<\/a>, Mallorca<\/figcaption><\/figure>\n<h3 style=\"text-align: justify\">Sal de Coc\u00f3<\/h3>\n<p style=\"text-align: justify\"><span style=\"font-weight: 400\">Este restaurante a un lado del puerto de la Colonia de Sant Jordi fue en su d\u00eda la &#8220;cantina&#8221; de pescadores locales. En nuestros d\u00edas, constituye <\/span><b>un restaurante de alta cocina<\/b><span style=\"font-weight: 400\"> dirigido por la joven chef Marta Rosell\u00f3, que ofrece cocina mediterr\u00e1nea de mercado. Para vivir una sorpresa culinaria tras otra, prueba su <\/span><b>men\u00fa degustaci\u00f3n sorpresa del chef, art\u00edsticamente<\/b> <b>presentado<\/b><span style=\"font-weight: 400\">. \u00a1Dejar\u00e1s a tus invitados impresionados!<\/span><\/p>\n<h3 style=\"text-align: justify\">De Tokio a Lima<\/h3>\n<p style=\"text-align: justify\"><span style=\"font-weight: 400\">Esta belleza del Paseo del Borne es ideal para comer en una elegante terraza sobre la frondosa avenida forma uno de los mejores placeres de Palma. Situado dentro del hotel boutique de lujo de Ca\u2019n Alomar, la carta de De Tokio a Lima <\/span><b>fusiona influencias japonesas, peruanas y mediterr\u00e1neas<\/b><span style=\"font-weight: 400\"> hasta crear un efecto fresco, saludable y delicioso. Los postres son algo m\u00e1s p\u00edcaros, pero irresistibles. Una opci\u00f3n de ensue\u00f1o para tu cumplea\u00f1os en un restaurante de moda en Mallorca.<\/span><\/p>\n<h3 style=\"text-align: justify\">Sumaq Restaurant<\/h3>\n<p style=\"text-align: justify\"><span style=\"font-weight: 400\">Para degustar la mejor comida fusi\u00f3n peruana en Palma, ve directo hacia Sumaq. <\/span><b>Una aventura culinaria<\/b><span style=\"font-weight: 400\"> aguarda en este tesoro de Santa Catalina, cortes\u00eda de la apasionada y talentosa cocinera Irene Guti\u00e9rrez. El amor que muestra Irene por la gastronom\u00eda de su pa\u00eds se evidencia en sus sabrosos platos, como el ceviche ex\u00f3tico, el pollo crujiente o el solomillo de ternera flambeado. Se hace hincapi\u00e9 en lo fresco, saludable y delicioso, con el uso de los mejores ingredientes. \u00a1Querr\u00e9is volver!<\/span><\/p>\n<figure id=\"attachment_38588\" aria-describedby=\"caption-attachment-38588\" style=\"width: 700px\" class=\"wp-caption aligncenter\"><img loading=\"lazy\" decoding=\"async\" class=\"size-full wp-image-38588\" src=\"https:\/\/perfectvenue.es\/wp-content\/uploads\/2022\/12\/Bot\u00e0nic-Restauramte-Mallorca.jpg\" alt=\"Birthday party Mallorca - Perfect Venue\" width=\"700\" height=\"467\" srcset=\"https:\/\/perfectvenue.es\/wp-content\/uploads\/2022\/12\/Bot\u00e0nic-Restauramte-Mallorca.jpg 700w, https:\/\/perfectvenue.es\/wp-content\/uploads\/2022\/12\/Bot\u00e0nic-Restauramte-Mallorca-300x200.jpg 300w, https:\/\/perfectvenue.es\/wp-content\/uploads\/2022\/12\/Bot\u00e0nic-Restauramte-Mallorca-450x300.jpg 450w, https:\/\/perfectvenue.es\/wp-content\/uploads\/2022\/12\/Bot\u00e0nic-Restauramte-Mallorca-600x400.jpg 600w\" sizes=\"auto, (max-width: 700px) 100vw, 700px\" \/><figcaption id=\"caption-attachment-38588\" class=\"wp-caption-text\">Photo via: Restaurante Bot\u00e0nic, Mallorca<\/figcaption><\/figure>\n<h3 style=\"text-align: justify\">Bot\u00e0nic<\/h3>\n<p style=\"text-align: justify\"><span style=\"font-weight: 400\">El <\/span><b>jard\u00edn privado m\u00e1s extenso del centro de la ciudad<\/b><span style=\"font-weight: 400\"> es la rom\u00e1ntica localizaci\u00f3n de Bot\u00e0nic Restaurant. Su chef, Andr\u00e9s Ben\u00edtez, apuesta por el producto local de calidad para crear su <\/span><b>concepto de alta gastronom\u00eda saludable y honesta<\/b><span style=\"font-weight: 400\">. \u00a1No dejes de reservar en Bot\u00e0nic, donde el tiempo se detiene, para tu cumplea\u00f1os en un restaurante de moda en Mallorca!<\/span><\/p>\n<h3 style=\"text-align: justify\">Fera<\/h3>\n<p style=\"text-align: justify\"><span style=\"font-weight: 400\">No son pocos los restaurantes de cocina de fusi\u00f3n mediterr\u00e1nea-asi\u00e1tica, pero el chef Simon Petutschnig es un maestro. La ubicaci\u00f3n de Fera es un palacio renovado justo al lado de El Borne, tiene un aire exclusivo y el almuerzo en particular es sorprendentemente bueno. Recomendamos celebrar el <\/span><b>cumplea\u00f1os en su hermoso jard\u00edn, con plantas y palmeras<\/b><span style=\"font-weight: 400\"> tropicales. \u00a1<\/span><b>Este es el restaurante del a\u00f1o<\/b><span style=\"font-weight: 400\">!<\/span><\/p>\n<h3 style=\"text-align: justify\">Sumailla<\/h3>\n<p style=\"text-align: justify\"><span style=\"font-weight: 400\">Necesitar\u00e1s reservar con antelaci\u00f3n para poder celebrar tu cumplea\u00f1os en este encantador restaurante de primera l\u00ednea en el Port d\u2019Andratx, en el que <\/span><b>el sushi es su especialidad<\/b><span style=\"font-weight: 400\">. Abriendo sus puertas durante todo el d\u00eda, cuenta con un buen men\u00fa del d\u00eda para compartir y con una carta de platos. El peque\u00f1o comedor tiene una elegante decoraci\u00f3n, pero el lugar m\u00e1s demandado es la terraza, justo al borde del mar. <\/span><b>\u00bfTe imaginas tu cumplea\u00f1os en un restaurante de moda en Mallorca con vistas al mar?<\/b><\/p>\n<h3 style=\"text-align: justify\">Tast Club<\/h3>\n<p style=\"text-align: justify\"><span style=\"font-weight: 400\">Tast Club es uno de esos sitios en los que una vez dentro ya no quieres salir. Se trata de un gran para\u00edso evocador en la Calle Sant Jaume, con un estiloso bar y varios comedores, que <\/span><b>recuerda a un club exclusivo para ingleses<\/b><span style=\"font-weight: 400\">. La carta espa\u00f1ola es buena y merece la pena probarla, pero Tast <\/span><b>gana realmente su popularidad por su ambiente y decoraci\u00f3n<\/b><span style=\"font-weight: 400\">, m\u00e1s que por su comida. Su <\/span><b>ubicaci\u00f3n algo dif\u00edcil de encontrar<\/b><span style=\"font-weight: 400\"> y su discreto letrero no hacen m\u00e1s que a\u00f1adir un mayor n\u00famero de elementos a su aire de exclusividad.<\/span><\/p>\n<figure id=\"attachment_24715\" aria-describedby=\"caption-attachment-24715\" style=\"width: 700px\" class=\"wp-caption aligncenter\"><img loading=\"lazy\" decoding=\"async\" class=\"wp-image-24715\" src=\"https:\/\/perfectvenue.es\/wp-content\/uploads\/2020\/01\/caprocat-1024x683.jpg\" alt=\"Cap Rocat\" width=\"700\" height=\"467\" srcset=\"https:\/\/perfectvenue.es\/wp-content\/uploads\/2020\/01\/caprocat.jpg?v=1626105162 1024w, https:\/\/perfectvenue.es\/wp-content\/uploads\/2020\/01\/caprocat-300x200.jpg?v=1626105162 300w, https:\/\/perfectvenue.es\/wp-content\/uploads\/2020\/01\/caprocat-768x512.jpg?v=1626105162 768w, https:\/\/perfectvenue.es\/wp-content\/uploads\/2020\/01\/caprocat-450x300.jpg?v=1626105162 450w, https:\/\/perfectvenue.es\/wp-content\/uploads\/2020\/01\/caprocat-600x400.jpg?v=1626105162 600w\" sizes=\"auto, (max-width: 700px) 100vw, 700px\" \/><figcaption id=\"caption-attachment-24715\" class=\"wp-caption-text\"><a href=\"https:\/\/perfectvenue.es\/listings\/cap-rocat\/\">Cap Rocat<\/a><\/figcaption><\/figure>\n<h3 style=\"text-align: justify\">Dins<\/h3>\n<p style=\"text-align: justify\"><span style=\"font-weight: 400\">Dins es el nuevo restaurante del elegante hotel El Loren\u00e7, donde el chef Santi Taura hace exactamente lo que mejor sabe hacer: ofrecer una <\/span><b>cocina mallorquina excepcional<\/b><span style=\"font-weight: 400\">. Cada vez que Santi se pone a los fogones, a\u00f1ade un toque \u00fanico y personal que te hace sentir que est\u00e1 cocinando s\u00f3lo para ti. En Dins no es diferente, pues puedes disfrutar de <\/span><b>comida hecha por el chef m\u00e1s querido de Mallorca.<\/b><\/p>\n<h3 style=\"text-align: justify\">Trespais<\/h3>\n<p style=\"text-align: justify\"><span style=\"font-weight: 400\">Esta joya de restaurante en Puerto Andratx ha estado sirviendo a alegres comensales desde el a\u00f1o 2011, pero est\u00e1 m\u00e1s de moda que nunca. El nombre Trespais proviene de los dos pa\u00edses de procedencia del chef Domenico Curcio, medio alem\u00e1n medio italiano; y del pa\u00eds de origen de la austriaca Jenny Terler, encargada del servicio de cara al p\u00fablico. Esta interesante mezcla se encarga de asegurar una <\/span><b>acogedora hospitalidad y una deliciosa cocina durante tu celebraci\u00f3n de cumplea\u00f1os en un restaurante de moda en Mallorca.<\/b><\/p>\n<h3 style=\"text-align: justify\">Omb\u00fa<\/h3>\n<p style=\"text-align: justify\"><span style=\"font-weight: 400\">El fabuloso Omb\u00fa levanta el \u00e1nimo con su <\/span><b>fresca visi\u00f3n de las tapas mediterr\u00e1neas<\/b><span style=\"font-weight: 400\">. Situado justo al final del Borne, junto a la fuente de agua, este restaurante garantiza el \u00e9xito cuando se trata de un delicioso cumplea\u00f1os. El men\u00fa est\u00e1 pensado para compartir y hay una fant\u00e1stica carta de vinos. Si quieres un restaurante en el centro y te apetece un lugar con un giro creativo, Omb\u00fa es tu lugar de celebraci\u00f3n.<\/span><\/p>\n<h3 style=\"text-align: justify\">Restaurante Andreu Genestra<\/h3>\n<p style=\"text-align: justify\"><span style=\"font-weight: 400\">El restaurante estrella Michelin Andreu Genestra se caracteriza por una cocina tradicional e innovadora mallorquina. En este restaurante con encanto en Palma <\/span><b>podr\u00e1s disfrutar junto a tus invitados de platos elaborados con ingredientes reci\u00e9n recolectados del propio huerto del chef.<\/b><span style=\"font-weight: 400\"> \u00a1Nos encanta este local para celebrar un cumplea\u00f1os en un restaurante de moda en Mallorca!<\/span><\/p>\n<figure id=\"attachment_38589\" aria-describedby=\"caption-attachment-38589\" style=\"width: 700px\" class=\"wp-caption aligncenter\"><img loading=\"lazy\" decoding=\"async\" class=\"size-full wp-image-38589\" src=\"https:\/\/perfectvenue.es\/wp-content\/uploads\/2022\/12\/Quadrat-restaurante-Mallorca.jpg\" alt=\"Birthday party Mallorca - Perfect Venue\" width=\"700\" height=\"467\" srcset=\"https:\/\/perfectvenue.es\/wp-content\/uploads\/2022\/12\/Quadrat-restaurante-Mallorca.jpg 700w, https:\/\/perfectvenue.es\/wp-content\/uploads\/2022\/12\/Quadrat-restaurante-Mallorca-300x200.jpg 300w, https:\/\/perfectvenue.es\/wp-content\/uploads\/2022\/12\/Quadrat-restaurante-Mallorca-450x300.jpg 450w, https:\/\/perfectvenue.es\/wp-content\/uploads\/2022\/12\/Quadrat-restaurante-Mallorca-600x400.jpg 600w\" sizes=\"auto, (max-width: 700px) 100vw, 700px\" \/><figcaption id=\"caption-attachment-38589\" class=\"wp-caption-text\">Photo via: Restaurante Quadrat, Mallorca<\/figcaption><\/figure>\n<h3 style=\"text-align: justify\">Quadrat<\/h3>\n<p style=\"text-align: justify\"><span style=\"font-weight: 400\">El hotel al que pertenece es magn\u00edfico, algo que eleva las expectativas del restaurante, pero Quadrat ofrece siempre exquisita comida mediterr\u00e1nea y el mejor servicio. <\/span><b>Cenar en tu cumplea\u00f1os en el patio del jard\u00edn constituye una velada de lo m\u00e1s especial, y comer all\u00ed es un acogedor refugio del calor de las calles de Palma<\/b><span style=\"font-weight: 400\">. En el tejado, el bar\/lounge de Sant Francesc cautiva a los clientes con una combinaci\u00f3n de fascinantes sabores y espectaculares <\/span><b>puestas de sol con vistas a la ciudad.<\/b><\/p>\n<h3 style=\"text-align: justify\">Sa Barca<\/h3>\n<p style=\"text-align: justify\"><span style=\"font-weight: 400\">El Port de S\u00f3ller es la ubicaci\u00f3n de este restaurante, que ofrece excelentes vistas a lo largo del puerto en forma ovalada. Sa Barca est\u00e1 dirigido por un equipo de marido y mujer que fueron propietarios durante diez a\u00f1os de un restaurante en la isla alemana de Sylt. Se come en la atractiva terraza delantera, pero necesitar\u00e1s reservar con antelaci\u00f3n, ya que se trata de un enclave popular para cenar con <\/span><b>una puesta de sol como tel\u00f3n de fondo.<\/b><\/p>\n<h3 style=\"text-align: justify\">Adri\u00e1n Quetglas<\/h3>\n<p style=\"text-align: justify\"><span style=\"font-weight: 400\">La esencia de la experiencia de su chef, Adri\u00e1n, entre Mallorca, Londres, Par\u00eds y Mosc\u00fa, se refleja en los men\u00fas degustaci\u00f3n que ofrece este restaurante estrella Michel\u00edn. En Adri\u00e1n Quetglas, <\/span><b>tanto los men\u00fas de d\u00eda como los de noche cambian regularmente para sorprender al comensal<\/b><span style=\"font-weight: 400\">. Son demasiados los motivos para incluirlo en nuestra selecci\u00f3n de restaurantes con encanto para celebrar un cumplea\u00f1os en esta isla.<\/span><\/p>\n<h3 style=\"text-align: justify\">Aromata<\/h3>\n<p style=\"text-align: justify\"><span style=\"font-weight: 400\">Abierto en 2014, pero de moda actualmente, est\u00e1 dirigido por el chef mallorqu\u00edn con estrella Michelin, Andreu Genestra, Aromata se encuentra en el hist\u00f3rico centro Sa Nostra Cultura de Palma. Cuenta con <\/span><b>un hermoso patio del siglo XVII, que tiene grandes arcos de piedra y rezuma esa sensaci\u00f3n de estar comiendo en el Mediterr\u00e1neo<\/b><span style=\"font-weight: 400\">. Andreu Genestra es uno de los chefs m\u00e1s queridos de Mallorca, debido a su enfoque de la cocina de la tierra. \u00a1De nuestros favoritos!<\/span><\/p>\n<figure id=\"attachment_32126\" aria-describedby=\"caption-attachment-32126\" style=\"width: 683px\" class=\"wp-caption aligncenter\"><img loading=\"lazy\" decoding=\"async\" class=\"size-large wp-image-32126\" src=\"https:\/\/perfectvenue.es\/wp-content\/uploads\/2021\/06\/Mallorca-wedding-destination-683x1024.jpg\" alt=\"\" width=\"683\" height=\"1024\" srcset=\"https:\/\/perfectvenue.es\/wp-content\/uploads\/2021\/06\/Mallorca-wedding-destination-683x1024.jpg?v=1626101699 683w, https:\/\/perfectvenue.es\/wp-content\/uploads\/2021\/06\/Mallorca-wedding-destination-200x300.jpg?v=1626101699 200w, https:\/\/perfectvenue.es\/wp-content\/uploads\/2021\/06\/Mallorca-wedding-destination-450x674.jpg?v=1626101699 450w, https:\/\/perfectvenue.es\/wp-content\/uploads\/2021\/06\/Mallorca-wedding-destination-534x800.jpg?v=1626101699 534w, https:\/\/perfectvenue.es\/wp-content\/uploads\/2021\/06\/Mallorca-wedding-destination-600x899.jpg?v=1626101699 600w, https:\/\/perfectvenue.es\/wp-content\/uploads\/2021\/06\/Mallorca-wedding-destination.jpg?v=1626101699 700w\" sizes=\"auto, (max-width: 683px) 100vw, 683px\" \/><figcaption id=\"caption-attachment-32126\" class=\"wp-caption-text\">Photo via <a href=\"https:\/\/vendors.perfectvenue.es\/listings\/tanya-vasiluk\/\">Tanya Vasiluk<\/a><\/figcaption><\/figure>\n<h3 style=\"text-align: justify\">Las Terrazas de Bendinat<\/h3>\n<p style=\"text-align: justify\"><span style=\"font-weight: 400\">Este es un restaurante de hotel al fresco en un espectacular escenario en primera l\u00ednea que cautiva a los hu\u00e9spedes del hotel, los turistas y los residentes locales. <\/span><b>Famoso por sus paellas<\/b><span style=\"font-weight: 400\">, ofrece un amable servicio liderado por un encantador y sobresaliente ma\u00eetre. Por la noche, el c\u00f3digo de vestimenta para los hombres es de pantal\u00f3n largo. Sin duda, <\/span><b>un lugar de lo m\u00e1s exclusivo para celebrar tu d\u00eda.<\/b><\/p>\n<h3 style=\"text-align: justify\">A Popa<\/h3>\n<p style=\"text-align: justify\"><span style=\"font-weight: 400\">Solo a unos minutos del centro en taxi, el Hotel Nixe Palace de 5 estrellas cuenta con <\/span><b>un restaurante de temporada que es toda una experiencia<\/b><span style=\"font-weight: 400\"> si buscas crear recuerdos en un restaurante en Mallorca. A Popa Sea Club <\/span><b>se especializa en la preparaci\u00f3n de mariscos y ofrece la posibilidad de cenar frente al mar junto a tus invitados<\/b> <b>en tu d\u00eda m\u00e1s especial del a\u00f1o.<\/b><\/p>\n<h3 style=\"text-align: justify\">Restaurante Ca\u2019n Pedro<\/h3>\n<p style=\"text-align: justify\"><span style=\"font-weight: 400\">La <\/span><b>aut\u00e9ntica cocina mallorquina <\/b><span style=\"font-weight: 400\">con productos de primera calidad abala este establecimiento de G\u00e9nova con m\u00e1s de 40 a\u00f1os de historia. Carnes a la brasa, pescados frescos, postres caseros y un servicio atento y familiar. El lujo de disfrutar de la cocina de siempre es lo que le convierte en <\/span><b>uno de los restaurantes con encanto de Palma.<\/b><\/p>\n<h3 style=\"text-align: justify\">Royal Beach Gastrosenses Restaurant<\/h3>\n<p style=\"text-align: justify\"><span style=\"font-weight: 400\">Andreu Genestra es el propietario del restaurante de una estrella Michel\u00edn que lleva su nombre y del restaurante palmesano de Aromata que ha creado el concepto culinario de este estiloso restaurante de primera l\u00ednea en la Playa de Muro, propiedad de su amigo Tolo Carbonell. <\/span><b>Adem\u00e1s de la cocina creativa, el bar es conocido por tomar c\u00f3cteles y otras bebidas con tus invitados, y ofrece regularmente m\u00fasica en directo.<\/b><\/p>\n<figure id=\"attachment_22195\" aria-describedby=\"caption-attachment-22195\" style=\"width: 700px\" class=\"wp-caption aligncenter\"><img loading=\"lazy\" decoding=\"async\" class=\"wp-image-22195\" src=\"https:\/\/perfectvenue.es\/wp-content\/uploads\/2019\/06\/mallorca-Wedding-186.jpg\" alt=\"A wedding with views of the sea in Mallorca\" width=\"700\" height=\"467\" srcset=\"https:\/\/perfectvenue.es\/wp-content\/uploads\/2019\/06\/mallorca-Wedding-186.jpg?v=1626106426 850w, https:\/\/perfectvenue.es\/wp-content\/uploads\/2019\/06\/mallorca-Wedding-186-300x200.jpg?v=1626106426 300w, https:\/\/perfectvenue.es\/wp-content\/uploads\/2019\/06\/mallorca-Wedding-186-768x512.jpg?v=1626106426 768w, https:\/\/perfectvenue.es\/wp-content\/uploads\/2019\/06\/mallorca-Wedding-186-450x300.jpg?v=1626106426 450w, https:\/\/perfectvenue.es\/wp-content\/uploads\/2019\/06\/mallorca-Wedding-186-600x400.jpg?v=1626106426 600w\" sizes=\"auto, (max-width: 700px) 100vw, 700px\" \/><figcaption id=\"caption-attachment-22195\" class=\"wp-caption-text\"><a href=\"https:\/\/perfectvenue.es\/listings\/maxime-restaurant-mallorca\/\">Restaurante M\u00e1xime<\/a>, Mallorca<\/figcaption><\/figure>\n<h3 style=\"text-align: justify\">Mandala<\/h3>\n<p style=\"text-align: justify\"><span style=\"font-weight: 400\">The New York Times qued\u00f3 encantado con el peque\u00f1o restaurante de Mandala, donde se sirven <\/span><b>conmovedores platos<\/b><span style=\"font-weight: 400\">, y nosotros tambi\u00e9n. El viaje al hermoso pueblo de Orient merece verdaderamente la pena para experimentar este restaurante, que <\/span><b>cuenta con un atractivo patio para un cumplea\u00f1os al fresco<\/b><span style=\"font-weight: 400\">. \u00a1De nuestros restaurantes preferidos a la hora de celebrar un cumplea\u00f1os en un restaurante de moda en Mallorca!<\/span><\/p>\n<p style=\"text-align: justify\"><span style=\"font-weight: 400\">\u00a0<\/span><\/p>\n<p style=\"text-align: justify\"><span style=\"font-weight: 400\">Sea cual sea el lugar que elijas para celebrar tu gran d\u00eda, recuerda que <\/span><b>organizar una fiesta de cumplea\u00f1os m\u00edtica requiere de planeaci\u00f3n y bastante tiempo de anticipaci\u00f3n<\/b><span style=\"font-weight: 400\">. Por ello, cont\u00e1ctanos en <\/span><b>Perfect Venue<\/b><span style=\"font-weight: 400\"> para tener el cumplea\u00f1os m\u00e1s \u00fanico y exclusivo de todo tu c\u00edrculo social.<\/span><\/p>\n<p style=\"text-align: justify\"><span style=\"font-weight: 400\">\u00a1D\u00e9jalo todo en nuestras manos!<\/span><\/p>\n<p><\/p>\n<span class=\"tags-links\"><a href=\"https:\/\/perfectvenue.es\/es\/tag\/birthday-mallorca\/\" rel=\"tag\">Birthday Mallorca<\/a><a href=\"https:\/\/perfectvenue.es\/es\/tag\/cumpleanos-mallorca\/\" rel=\"tag\">Cumplea\u00f1os Mallorca<\/a><a href=\"https:\/\/perfectvenue.es\/es\/tag\/mallorca-eventos\/\" rel=\"tag\">Mallorca eventos<\/a><a href=\"https:\/\/perfectvenue.es\/es\/tag\/mallorca-events\/\" rel=\"tag\">Mallorca events<\/a><a href=\"https:\/\/perfectvenue.es\/es\/tag\/mejores-espacios-mallorca\/\" rel=\"tag\">mejores espacios Mallorca<\/a><a href=\"https:\/\/perfectvenue.es\/es\/tag\/venues-mallorca\/\" rel=\"tag\">venues Mallorca<\/a><a href=\"https:\/\/perfectvenue.es\/es\/tag\/%d0%b4%d0%b5%d0%bd%d1%8c-%d1%80%d0%be%d0%b6%d0%b4%d0%b5%d0%bd%d0%b8%d1%8f-%d0%bc%d0%b0%d0%b9%d0%be%d1%80%d0%ba%d0%b0\/\" rel=\"tag\">\u0414\u0435\u043d\u044c \u0440\u043e\u0436\u0434\u0435\u043d\u0438\u044f \u041c\u0430\u0439\u043e\u0440\u043a\u0430<\/a><a href=\"https:\/\/perfectvenue.es\/es\/tag\/%d0%bb%d1%83%d1%87%d1%88%d0%b8%d0%b5-%d0%b7%d0%b0%d0%b2%d0%b5%d0%b4%d0%b5%d0%bd%d0%b8%d1%8f-%d0%bc%d0%b0%d0%b9%d0%be%d1%80%d0%ba%d0%b8\/\" rel=\"tag\">\u043b\u0443\u0447\u0448\u0438\u0435 \u0437\u0430\u0432\u0435\u0434\u0435\u043d\u0438\u044f \u041c\u0430\u0439\u043e\u0440\u043a\u0438<\/a><\/span>","protected":false},"excerpt":{"rendered":"<p>Si quieres celebrar tu cumplea\u00f1os en un restaurante de moda en Mallorca, te contamos cu\u00e1les son los mejores locales en los que todos quieren celebrar su d\u00eda.<\/p>\n","protected":false},"author":26511,"featured_media":28346,"comment_status":"closed","ping_status":"open","sticky":false,"template":"","format":"standard","meta":{"footnotes":""},"categories":[3528,2064],"tags":[6218,6220,6224,6223,6066,6219,6221,6222],"class_list":["post-38581","post","type-post","status-publish","format-standard","has-post-thumbnail","hentry","category-best-places-in-spain","category-events","tag-birthday-mallorca","tag-cumpleanos-mallorca","tag-mallorca-eventos","tag-mallorca-events","tag-mejores-espacios-mallorca","tag-venues-mallorca","tag-6221","tag-6222"],"_links":{"self":[{"href":"https:\/\/perfectvenue.es\/es\/wp-json\/wp\/v2\/posts\/38581","targetHints":{"allow":["GET"]}}],"collection":[{"href":"https:\/\/perfectvenue.es\/es\/wp-json\/wp\/v2\/posts"}],"about":[{"href":"https:\/\/perfectvenue.es\/es\/wp-json\/wp\/v2\/types\/post"}],"author":[{"embeddable":true,"href":"https:\/\/perfectvenue.es\/es\/wp-json\/wp\/v2\/users\/26511"}],"replies":[{"embeddable":true,"href":"https:\/\/perfectvenue.es\/es\/wp-json\/wp\/v2\/comments?post=38581"}],"version-history":[{"count":8,"href":"https:\/\/perfectvenue.es\/es\/wp-json\/wp\/v2\/posts\/38581\/revisions"}],"predecessor-version":[{"id":38593,"href":"https:\/\/perfectvenue.es\/es\/wp-json\/wp\/v2\/posts\/38581\/revisions\/38593"}],"wp:featuredmedia":[{"embeddable":true,"href":"https:\/\/perfectvenue.es\/es\/wp-json\/wp\/v2\/media\/28346"}],"wp:attachment":[{"href":"https:\/\/perfectvenue.es\/es\/wp-json\/wp\/v2\/media?parent=38581"}],"wp:term":[{"taxonomy":"category","embeddable":true,"href":"https:\/\/perfectvenue.es\/es\/wp-json\/wp\/v2\/categories?post=38581"},{"taxonomy":"post_tag","embeddable":true,"href":"https:\/\/perfectvenue.es\/es\/wp-json\/wp\/v2\/tags?post=38581"}],"curies":[{"name":"wp","href":"https:\/\/api.w.org\/{rel}","templated":true}]}}