{"id":38115,"date":"2022-11-15T15:47:20","date_gmt":"2022-11-15T12:47:20","guid":{"rendered":"https:\/\/perfectvenue.es\/?p=38115"},"modified":"2022-11-15T17:21:18","modified_gmt":"2022-11-15T14:21:18","slug":"30-years-of-marriage-is-coming-up-the-pearl-wedding-anniversary-then-head-for-the-canary-and-balearic-islands","status":"publish","type":"post","link":"https:\/\/perfectvenue.es\/es\/2022\/11\/15\/30-years-of-marriage-is-coming-up-the-pearl-wedding-anniversary-then-head-for-the-canary-and-balearic-islands\/","title":{"rendered":"\u00bfYa llegan los 30 a\u00f1os de casados: las bodas de perla? \u00a1Pues rumbo a Canarias y Baleares!"},"content":{"rendered":"<p><\/p>\n<p style=\"text-align: justify;\"><span style=\"font-weight: 400;\">No hay secretos ni p\u00f3cimas m\u00e1gicas para que el amor dure y dure, \u00a1pero vosotros parece que ten\u00e9is la clave! Porque ya han llegado vuestros <\/span><b>30 a\u00f1os de casados: las bodas de perla<\/b><span style=\"font-weight: 400;\">. \u00a1Y todo marcha seg\u00fan lo previsto!<\/span><\/p>\n<p style=\"text-align: justify;\"><span style=\"font-weight: 400;\">No dej\u00e1is de sorprenderos, de apoyaros, de aprender juntos y de luchar cada d\u00eda por vuestro amor, \u00a1pero ahora <\/span><b>es momento de disfrutar<\/b><span style=\"font-weight: 400;\">! Porque con un d\u00eda tan importante como es vuestro aniversario, no hemos podido resistirnos, \u00a1y hemos reunido los <\/span><b>mejores espacios de los archipi\u00e9lagos espa\u00f1oles<\/b><span style=\"font-weight: 400;\"> para que celebr\u00e9is vuestro aniversario!<\/span><\/p>\n<p style=\"text-align: justify;\"><span style=\"font-weight: 400;\">\u00bfY por qu\u00e9 estas islas? Porque Espa\u00f1a puede presumir de tener estos trocitos de tierra de <\/span><b>playas paradis\u00edacas, buen clima durante todo el a\u00f1o, una riqueza natural bell\u00edsima, atractivos tur\u00edsticos\u2026<\/b><span style=\"font-weight: 400;\"> \u00a1lo tiene todo!<\/span><\/p>\n<p style=\"text-align: justify;\"><span style=\"font-weight: 400;\">\u00bfPero crees que somos capaces de hacerte elegir? \u00a1Claro que no! \u00bfPor qu\u00e9 elegir si puedes tener ambas opciones? \u00a1Nada como un <\/span><b>circuito interinsular<\/b><span style=\"font-weight: 400;\">!<\/span><\/p>\n<figure id=\"attachment_35286\" aria-describedby=\"caption-attachment-35286\" style=\"width: 700px\" class=\"wp-caption aligncenter\"><img loading=\"lazy\" decoding=\"async\" class=\"size-full wp-image-35286\" src=\"https:\/\/perfectvenue.es\/wp-content\/uploads\/2022\/06\/Sam-and-Angus\u2019-Wedding-in-Girona-in-the-middle-of-a-forest-and-next-to-a-Catalan-country-house-10.png\" alt=\"Wedding in Girona - Perfect Venue\" width=\"700\" height=\"465\" srcset=\"https:\/\/perfectvenue.es\/wp-content\/uploads\/2022\/06\/Sam-and-Angus\u2019-Wedding-in-Girona-in-the-middle-of-a-forest-and-next-to-a-Catalan-country-house-10.png 700w, https:\/\/perfectvenue.es\/wp-content\/uploads\/2022\/06\/Sam-and-Angus\u2019-Wedding-in-Girona-in-the-middle-of-a-forest-and-next-to-a-Catalan-country-house-10-300x199.png 300w, https:\/\/perfectvenue.es\/wp-content\/uploads\/2022\/06\/Sam-and-Angus\u2019-Wedding-in-Girona-in-the-middle-of-a-forest-and-next-to-a-Catalan-country-house-10-450x299.png 450w, https:\/\/perfectvenue.es\/wp-content\/uploads\/2022\/06\/Sam-and-Angus\u2019-Wedding-in-Girona-in-the-middle-of-a-forest-and-next-to-a-Catalan-country-house-10-600x399.png 600w\" sizes=\"auto, (max-width: 700px) 100vw, 700px\" \/><figcaption id=\"caption-attachment-35286\" class=\"wp-caption-text\">Photo by <a href=\"https:\/\/perfectvenue.es\/2022\/06\/19\/sam-and-angus-wedding-in-girona-in-the-middle-of-a-forest-and-next-to-a-catalan-country-house\/\">Pablo Laguia<\/a><\/figcaption><\/figure>\n<h2 style=\"text-align: justify;\">DESPEGAMOS HACIA LAS CANARIAS<\/h2>\n<h3 style=\"text-align: justify;\">En Tenerife: <a href=\"https:\/\/perfectvenue.es\/listings\/hotel-royal-garden-villas\/\">el Hotel Royal Garden Villas<\/a><\/h3>\n<p style=\"text-align: justify;\"><span style=\"font-weight: 400;\">Este lujoso hotel de la Costa de Adeje se encuentra en un ambiente privilegiado, \u00a1para que os pod\u00e1is sentir la mar de privilegiados tambi\u00e9n!<\/span><\/p>\n<p style=\"text-align: justify;\"><span style=\"font-weight: 400;\">Este espacio cuenta con <\/span><b>magn\u00edficas villas de lujo<\/b><span style=\"font-weight: 400;\">, un total de 28, que conforman el resort de cinco estrellas del sur de la isla tinerfe\u00f1a para disfrutar del <\/span><b>confort y la privacidad<\/b><span style=\"font-weight: 400;\">, pero sobre todo del relax, la paz y la tranquilidad.<\/span><\/p>\n<p style=\"text-align: justify;\"><span style=\"font-weight: 400;\">Las villas cuentan con una incre\u00edble <\/span><b>piscina y un espectacular jard\u00edn<\/b><span style=\"font-weight: 400;\">, donde cada semana se realiza una magn\u00edfica <\/span><b>cena rom\u00e1ntica<\/b><span style=\"font-weight: 400;\"> alrededor de esta, con m\u00fasica en directo y a cargo del Restaurante-Jard\u00edn y de su prestigioso <\/span><b>chef Bruno Lorenzo<\/b><span style=\"font-weight: 400;\">, el cual lleva a cabo unas obras culinarias donde se fusiona la cocina moderna con los sabores de toda la vida.<\/span><\/p>\n<p style=\"text-align: justify;\"><span style=\"font-weight: 400;\">Durante la estancia, tambi\u00e9n se podr\u00e1 disfrutar del incre\u00edble <\/span><b>servicio gourmet<\/b><span style=\"font-weight: 400;\"> para habitaciones y de un incre\u00edble desayuno buffet elaborado por un gran equipo de profesionales que estar\u00e1n disponibles en todo lo que necesit\u00e9is durante uno de vuestros aniversarios m\u00e1s especiales.<\/span><\/p>\n<figure id=\"attachment_22928\" aria-describedby=\"caption-attachment-22928\" style=\"width: 700px\" class=\"wp-caption aligncenter\"><img loading=\"lazy\" decoding=\"async\" class=\"wp-image-22928\" src=\"https:\/\/perfectvenue.es\/wp-content\/uploads\/2018\/06\/tenerife-wedding-venue-102.jpg\" alt=\"Hotel Royal Garden Villas - Perfect Venue\" width=\"700\" height=\"467\" srcset=\"https:\/\/perfectvenue.es\/wp-content\/uploads\/2018\/06\/tenerife-wedding-venue-102.jpg?v=1626105973 850w, https:\/\/perfectvenue.es\/wp-content\/uploads\/2018\/06\/tenerife-wedding-venue-102-300x200.jpg?v=1626105973 300w, https:\/\/perfectvenue.es\/wp-content\/uploads\/2018\/06\/tenerife-wedding-venue-102-768x512.jpg?v=1626105973 768w, https:\/\/perfectvenue.es\/wp-content\/uploads\/2018\/06\/tenerife-wedding-venue-102-450x300.jpg?v=1626105973 450w, https:\/\/perfectvenue.es\/wp-content\/uploads\/2018\/06\/tenerife-wedding-venue-102-600x400.jpg?v=1626105973 600w\" sizes=\"auto, (max-width: 700px) 100vw, 700px\" \/><figcaption id=\"caption-attachment-22928\" class=\"wp-caption-text\"><a href=\"https:\/\/perfectvenue.es\/listings\/hotel-royal-garden-villas\/\">Hotel Royal Garden Villas<\/a><\/figcaption><\/figure>\n<h3 style=\"text-align: justify;\">En Gran Canaria: <a href=\"https:\/\/perfectvenue.es\/listings\/hotel-salobre-resort-serenity\/\">el Salobre Hotel Resort &amp; Serenity<\/a><\/h3>\n<p style=\"text-align: justify;\"><span style=\"font-weight: 400;\">Este hotel de la campi\u00f1a del sur de Gran Canaria es un <\/span><b>resort de 5 estrellas<\/b><span style=\"font-weight: 400;\"> en el que disfrutar de una trig\u00e9sima luna de miel <\/span><b>entre la monta\u00f1a y el mar<\/b><span style=\"font-weight: 400;\">, ya que el Salobre cuenta con espectaculares vistas a ambos paisajes.<\/span><\/p>\n<p style=\"text-align: justify;\"><span style=\"font-weight: 400;\">En \u00e9l tambi\u00e9n se encuentra un <\/span><b>campo de golf y varias piscinas<\/b><span style=\"font-weight: 400;\"> de distintos niveles para pasar tiempo junto a vuestra pareja, al igual que se puede pasar la noche en una de sus habitaciones, \u00a1tiene 313 y en todas hay <\/span><b>balcones con tumbonas<\/b><span style=\"font-weight: 400;\">!<\/span><\/p>\n<p style=\"text-align: justify;\"><span style=\"font-weight: 400;\">En su espacio de 1600 metros cuadrados podr\u00e9is ir hasta la <\/span><b>gran Terraza Salobre<\/b><span style=\"font-weight: 400;\">, que se encuentra al aire libre, acristalada y con sof\u00e1s, para complacerse de unas <\/span><b>panor\u00e1micas<\/b><span style=\"font-weight: 400;\"> de ensue\u00f1o o a cualquiera de sus \u00fanicos espacios, entre los que destacan:<\/span><\/p>\n<p style=\"text-align: justify;\"><span style=\"font-weight: 400;\">El <\/span><b>Cristalarium<\/b><span style=\"font-weight: 400;\">, con unas vistas incre\u00edbles a la monta\u00f1a, el espacio <\/span><b>Sunset<\/b><span style=\"font-weight: 400;\">, situado en lo m\u00e1s alto del resort con panor\u00e1mica al oc\u00e9ano y espectaculares r\u00edos artificiales donde aprovecharse de unos rayos de sol, o la <\/span><b>Terraza Be Aloe<\/b><span style=\"font-weight: 400;\">, un sitio id\u00edlico rodeado de naturaleza y una piscina.<\/span><\/p>\n<figure id=\"attachment_21098\" aria-describedby=\"caption-attachment-21098\" style=\"width: 700px\" class=\"wp-caption aligncenter\"><img loading=\"lazy\" decoding=\"async\" class=\"wp-image-21098\" src=\"https:\/\/perfectvenue.es\/wp-content\/uploads\/2019\/04\/Salobre-Hotel-Resort-Gran-Canaria-3.jpg\" alt=\"Salobre hotel Resort Gran Canaria\" width=\"700\" height=\"467\" srcset=\"https:\/\/perfectvenue.es\/wp-content\/uploads\/2019\/04\/Salobre-Hotel-Resort-Gran-Canaria-3.jpg?v=1626107029 850w, https:\/\/perfectvenue.es\/wp-content\/uploads\/2019\/04\/Salobre-Hotel-Resort-Gran-Canaria-3-300x200.jpg?v=1626107029 300w, https:\/\/perfectvenue.es\/wp-content\/uploads\/2019\/04\/Salobre-Hotel-Resort-Gran-Canaria-3-768x512.jpg?v=1626107029 768w, https:\/\/perfectvenue.es\/wp-content\/uploads\/2019\/04\/Salobre-Hotel-Resort-Gran-Canaria-3-450x300.jpg?v=1626107029 450w, https:\/\/perfectvenue.es\/wp-content\/uploads\/2019\/04\/Salobre-Hotel-Resort-Gran-Canaria-3-600x400.jpg?v=1626107029 600w\" sizes=\"auto, (max-width: 700px) 100vw, 700px\" \/><figcaption id=\"caption-attachment-21098\" class=\"wp-caption-text\"><a href=\"https:\/\/perfectvenue.es\/listings\/hotel-salobre-resort-serenity\/\">Salobre Hotel Resort &amp; Serenity<\/a><\/figcaption><\/figure>\n<h2 style=\"text-align: justify;\">Y ATERRIZAMOS EN LAS BALEARES<\/h2>\n<h3 style=\"text-align: justify;\">En Mallorca: <a href=\"https:\/\/perfectvenue.es\/listings\/jardines-de-alfabia\/\">los Jardines de Alfabia<\/a><\/h3>\n<p style=\"text-align: justify;\"><span style=\"font-weight: 400;\">\u00bfSe os ocurre alg\u00fan sitio mejor que aterrizar entre <\/span><b>jardines tropicales, estanques con nen\u00fafares, majestuosas palmeras, pl\u00e1tanos e historia<\/b><span style=\"font-weight: 400;\">? Si la respuesta es no\u2026 \u00a1bienvenidos a los Jardines de Alfabia!<\/span><\/p>\n<p style=\"text-align: justify;\"><span style=\"font-weight: 400;\">El espacio lo conforma una <\/span><b>casa de la<\/b> <b>\u00e9poca \u00e1rabe<\/b><span style=\"font-weight: 400;\">, un <\/span><b>huerto<\/b><span style=\"font-weight: 400;\"> y un <\/span><b>espectacular jard\u00edn<\/b><span style=\"font-weight: 400;\"> con una amplia avenida de tres calzadas que las bordean <\/span><b>grandes pl\u00e1tanos<\/b><span style=\"font-weight: 400;\">, una gran <\/span><b>p\u00e9rgola del siglo XVIII <\/b><span style=\"font-weight: 400;\">y unas vistas espectaculares a la <\/span><b>sierra de Tramuntana<\/b><span style=\"font-weight: 400;\">.<\/span><\/p>\n<p style=\"text-align: justify;\"><span style=\"font-weight: 400;\">Su fachada es obra de Joan d\u2019Arag\u00f3, arquitecto y retablista, donde destaca su bonita <\/span><b>puerta chapada en bronce<\/b><span style=\"font-weight: 400;\">, dos <\/span><b>ventanas el\u00edpticas<\/b><span style=\"font-weight: 400;\"> y un <\/span><b>marco barroco<\/b><span style=\"font-weight: 400;\"> obrado en piedra rojiza del pa\u00eds, adem\u00e1s la casa cuenta con un precioso <\/span><b>artesonado<\/b><span style=\"font-weight: 400;\"> que data de 1170 hecho en madera de pino y encina.<\/span><\/p>\n<p style=\"text-align: justify;\"><span style=\"font-weight: 400;\">En la planta baja se encuentra la Sala Gran, con un arrimadillo representando im\u00e1genes de Palma y otros pueblos; la Sala de l\u2019Alcova, con paredes cubiertas de damasco amarillo, la Sala de la Cadira, con grabados, instrumentos musicales y bustos neocl\u00e1sicos, y el comedor, con arrimadillo de madera.<\/span><\/p>\n<p style=\"text-align: justify;\"><span style=\"font-weight: 400;\">Por los Jardines de Alfabia tambi\u00e9n se pueden descubrir muchas <\/span><b>referencias \u00e1rabes<\/b><span style=\"font-weight: 400;\">, como los escudos de las familias que residieron en la mism\u00edsima Alfabia, \u00a1para derrochar todo vuestro amor mientras os sent\u00eds como en otro continente!<\/span><\/p>\n<figure id=\"attachment_18596\" aria-describedby=\"caption-attachment-18596\" style=\"width: 700px\" class=\"wp-caption aligncenter\"><img loading=\"lazy\" decoding=\"async\" class=\"wp-image-18596\" src=\"https:\/\/perfectvenue.es\/wp-content\/uploads\/2018\/07\/jardines-de-alfabia-5A2200.jpg\" alt=\"Jardines de Alfabia\" width=\"700\" height=\"467\" srcset=\"https:\/\/perfectvenue.es\/wp-content\/uploads\/2018\/07\/jardines-de-alfabia-5A2200.jpg?v=1626108204 850w, https:\/\/perfectvenue.es\/wp-content\/uploads\/2018\/07\/jardines-de-alfabia-5A2200-600x400.jpg?v=1626108204 600w, https:\/\/perfectvenue.es\/wp-content\/uploads\/2018\/07\/jardines-de-alfabia-5A2200-300x200.jpg?v=1626108204 300w, https:\/\/perfectvenue.es\/wp-content\/uploads\/2018\/07\/jardines-de-alfabia-5A2200-768x512.jpg?v=1626108204 768w, https:\/\/perfectvenue.es\/wp-content\/uploads\/2018\/07\/jardines-de-alfabia-5A2200-450x300.jpg?v=1626108204 450w\" sizes=\"auto, (max-width: 700px) 100vw, 700px\" \/><figcaption id=\"caption-attachment-18596\" class=\"wp-caption-text\"><a href=\"https:\/\/perfectvenue.es\/listings\/jardines-de-alfabia\/\">Jardines de Alfabia<\/a><\/figcaption><\/figure>\n<h3 style=\"text-align: justify;\">En Mallorca: <a href=\"https:\/\/perfectvenue.es\/listings\/sa-cala-rotja\/\">Sa Cala Rotja<\/a><\/h3>\n<p style=\"text-align: justify;\"><span style=\"font-weight: 400;\">\u00a1Una de las fincas m\u00e1s perfectas para continuar con vuestro circuito! Porque, ubicado en pleno centro tur\u00edstico de Canyamel, cuenta con una <\/span><b>accesibilidad insuperable, m\u00fasica en directo y unas espl\u00e9ndidas vistas al mar.<\/b><\/p>\n<p style=\"text-align: justify;\"><span style=\"font-weight: 400;\">Esta finca del municipio de Capdepera cuenta con espacios tanto interiores como exteriores para que pase\u00e9is vuestros 30 a\u00f1os de amor por su impresionante <\/span><b>jard\u00edn<\/b><span style=\"font-weight: 400;\">, z<\/span><b>ona chill out, chiringuito en frente del mar, su elegante terraza\u2026 <\/b><span style=\"font-weight: 400;\">espacios en los que disfrutar de una apetitosa cena rom\u00e1ntica.<\/span><\/p>\n<p style=\"text-align: justify;\"><span style=\"font-weight: 400;\">Y es que gracias a la uni\u00f3n del Restaurante Sa Cala Rotja y el <\/span><b>Catering Vicky Pulgar\u00edn<\/b><span style=\"font-weight: 400;\">, la ganadora de la segunda edici\u00f3n del concurso de talentos \u201cMasterChef\u201d se pueden degustar unos <\/span><b>platos de calidad, sofisticados y de vanguardia<\/b><span style=\"font-weight: 400;\"> al aire libre, como son: el entrecot de raza, el solomillo de raza a la trufa negra fresca mallorquina el secreto ib\u00e9rico y lagarto ib\u00e9rico (la carne de moda).<\/span><\/p>\n<p style=\"text-align: justify;\"><span style=\"font-weight: 400;\">Pero, \u00bfsab\u00e9is que es lo mejor? \u00a1Que la finca se puede <\/span><b>alquilar en total exclusividad<\/b><span style=\"font-weight: 400;\">! S\u00ed, todos los espacios que la conforman, para que disfrut\u00e9is de total intimidad y exclusividad en vuestra celebraci\u00f3n. \u00a1Sin nadie que os moleste!<\/span><\/p>\n<p style=\"text-align: justify;\"><span style=\"font-weight: 400;\">\u00a1Para continuar en Mallorca por todo lo alto!<\/span><\/p>\n<figure id=\"attachment_23704\" aria-describedby=\"caption-attachment-23704\" style=\"width: 700px\" class=\"wp-caption aligncenter\"><img loading=\"lazy\" decoding=\"async\" class=\"wp-image-23704\" src=\"https:\/\/perfectvenue.es\/wp-content\/uploads\/2019\/11\/cala-rotja-perfect-venue7.jpg\" alt=\"Cala Rotja - Perfect Venue\" width=\"700\" height=\"467\" srcset=\"https:\/\/perfectvenue.es\/wp-content\/uploads\/2019\/11\/cala-rotja-perfect-venue7.jpg?v=1626105664 850w, https:\/\/perfectvenue.es\/wp-content\/uploads\/2019\/11\/cala-rotja-perfect-venue7-300x200.jpg?v=1626105664 300w, https:\/\/perfectvenue.es\/wp-content\/uploads\/2019\/11\/cala-rotja-perfect-venue7-768x512.jpg?v=1626105664 768w, https:\/\/perfectvenue.es\/wp-content\/uploads\/2019\/11\/cala-rotja-perfect-venue7-450x300.jpg?v=1626105664 450w, https:\/\/perfectvenue.es\/wp-content\/uploads\/2019\/11\/cala-rotja-perfect-venue7-600x400.jpg?v=1626105664 600w\" sizes=\"auto, (max-width: 700px) 100vw, 700px\" \/><figcaption id=\"caption-attachment-23704\" class=\"wp-caption-text\"><a href=\"https:\/\/perfectvenue.es\/listings\/sa-cala-rotja\/\">Sa Cala Rotja<\/a>, Mallorca<\/figcaption><\/figure>\n<h3 style=\"text-align: justify;\">En Ibiza: Sirenis Seaview Country Club, Ibiza<\/h3>\n<p style=\"text-align: justify;\"><span style=\"font-weight: 400;\">Seguro que no quer\u00e9is que se acabe, pero toca terminar el circuito en la preciosa isla de Ibiza, \u00a1y lo har\u00e9is por la puerta grande!<\/span><\/p>\n<p style=\"text-align: justify;\"><span style=\"font-weight: 400;\">Este hotel se encuentra <\/span><b>en primera l\u00ednea de playa<\/b><span style=\"font-weight: 400;\">, al final de la Bah\u00eda de San Antonio y cuenta con todas las comodidades que necesit\u00e1is para disfrutar de un fin de semana rom\u00e1ntico en honor a vuestros <\/span><b>30 a\u00f1os de casados: las bodas de perla.<\/b><\/p>\n<p style=\"text-align: justify;\"><span style=\"font-weight: 400;\">Adem\u00e1s, \u00bfsabes que este complejo hotelero est\u00e1 considerado como uno de los mejores de toda Ibiza?<\/span><\/p>\n<p style=\"text-align: justify;\"><span style=\"font-weight: 400;\">Este <\/span><b>apartotel de cuatro estrellas <\/b><span style=\"font-weight: 400;\">ofrece apartamentos y estudios distribuidos en diferentes edificios de baja altura y <\/span><b>estilo mediterr\u00e1neo<\/b><span style=\"font-weight: 400;\">, todos ellos completamente reformados, entre los que destacan los que cuentan con <\/span><b>acceso directo a la piscina<\/b><span style=\"font-weight: 400;\">. \u00a1Esto es exclusividad!<\/span><\/p>\n<p style=\"text-align: justify;\"><span style=\"font-weight: 400;\">El hotel ofrece un restaurante bufet con una <\/span><b>amplia oferta gastron\u00f3mica<\/b><span style=\"font-weight: 400;\">, adem\u00e1s tiene tres <\/span><b>restaurantes tem\u00e1ticos<\/b><span style=\"font-weight: 400;\"> en los que degustar comida al grill, italiana y americana, los cuales son: el SunSet Beach, el Cinecitt\u00e0 y el Big Wave.<\/span><\/p>\n<p style=\"text-align: justify;\"><span style=\"font-weight: 400;\">Este espacio tambi\u00e9n dispone de <\/span><b>diferentes actividades<\/b><span style=\"font-weight: 400;\"> en las amplias terrazas que rodean los jardines y las piscinas como pistas de tenis, gimnasio, jacuzzi\u2026<\/span><\/p>\n<figure id=\"attachment_22762\" aria-describedby=\"caption-attachment-22762\" style=\"width: 700px\" class=\"wp-caption aligncenter\"><img loading=\"lazy\" decoding=\"async\" class=\"wp-image-22762\" src=\"https:\/\/perfectvenue.es\/wp-content\/uploads\/2019\/07\/sirenis-hotel-ibiza-135.jpg\" alt=\"Sirenis hotel Ibiza - Perfect Venue\" width=\"700\" height=\"467\" srcset=\"https:\/\/perfectvenue.es\/wp-content\/uploads\/2019\/07\/sirenis-hotel-ibiza-135.jpg?v=1626106036 850w, https:\/\/perfectvenue.es\/wp-content\/uploads\/2019\/07\/sirenis-hotel-ibiza-135-300x200.jpg?v=1626106036 300w, https:\/\/perfectvenue.es\/wp-content\/uploads\/2019\/07\/sirenis-hotel-ibiza-135-768x512.jpg?v=1626106036 768w, https:\/\/perfectvenue.es\/wp-content\/uploads\/2019\/07\/sirenis-hotel-ibiza-135-450x300.jpg?v=1626106036 450w, https:\/\/perfectvenue.es\/wp-content\/uploads\/2019\/07\/sirenis-hotel-ibiza-135-600x400.jpg?v=1626106036 600w\" sizes=\"auto, (max-width: 700px) 100vw, 700px\" \/><figcaption id=\"caption-attachment-22762\" class=\"wp-caption-text\">Sirenis Hotel Ibiza. Photo via: <a href=\"https:\/\/nataliaortizevents.com\/es\/\">Weddings and Events by Natalia Ortiz<\/a><\/figcaption><\/figure>\n<p style=\"text-align: justify;\"><span style=\"font-weight: 400;\">Sabemos que ya est\u00e1is pensando en qu\u00e9 ropa meter en la maleta para vuestro viaje por los archipi\u00e9lagos espa\u00f1oles, y en <\/span><b>Perfect Venue<\/b><span style=\"font-weight: 400;\"> tambi\u00e9n sabemos que <\/span><b>estos sitios os vendr\u00e1n de perlas\u2026 \u00a1para vuestras bodas de perla!<\/b><\/p>\n<p><\/p>\n<span class=\"tags-links\"><a href=\"https:\/\/perfectvenue.es\/es\/tag\/30-anos-aniversario\/\" rel=\"tag\">30 a\u00f1os aniversario<\/a><a href=\"https:\/\/perfectvenue.es\/es\/tag\/30-years-anniversary\/\" rel=\"tag\">30 years anniversary<\/a><a href=\"https:\/\/perfectvenue.es\/es\/tag\/30-%d1%8f-%d0%b3%d0%be%d0%b4%d0%be%d0%b2%d1%89%d0%b8%d0%bd%d0%b0-%d1%81%d0%b2%d0%b0%d0%b4%d1%8c%d0%b1%d1%8b\/\" rel=\"tag\">30-\u044f \u0433\u043e\u0434\u043e\u0432\u0449\u0438\u043d\u0430 \u0441\u0432\u0430\u0434\u044c\u0431\u044b<\/a><a href=\"https:\/\/perfectvenue.es\/es\/tag\/aniversario-de-boda\/\" rel=\"tag\">aniversario de boda<\/a><a href=\"https:\/\/perfectvenue.es\/es\/tag\/boda-de-perla\/\" rel=\"tag\">Boda de perla<\/a><a href=\"https:\/\/perfectvenue.es\/es\/tag\/islas-baleares\/\" rel=\"tag\">Islas baleares<\/a><a href=\"https:\/\/perfectvenue.es\/es\/tag\/pearl-wedding\/\" rel=\"tag\">pearl wedding<\/a><a href=\"https:\/\/perfectvenue.es\/es\/tag\/wedding-anniversary\/\" rel=\"tag\">wedding anniversary<\/a><a href=\"https:\/\/perfectvenue.es\/es\/tag\/%d0%b6%d0%b5%d0%bc%d1%87%d1%83%d0%b6%d0%bd%d0%b0%d1%8f-%d1%81%d0%b2%d0%b0%d0%b4%d1%8c%d0%b1%d0%b0\/\" rel=\"tag\">\u0416\u0435\u043c\u0447\u0443\u0436\u043d\u0430\u044f \u0441\u0432\u0430\u0434\u044c\u0431\u0430<\/a><a href=\"https:\/\/perfectvenue.es\/es\/tag\/%d0%ba%d0%b0%d0%bd%d0%b0%d1%80%d1%81%d0%ba%d0%b8%d0%b5-%d0%be%d1%81%d1%82%d1%80%d0%be%d0%b2%d0%b0\/\" rel=\"tag\">\u043a\u0430\u043d\u0430\u0440\u0441\u043a\u0438\u0435 \u043e\u0441\u0442\u0440\u043e\u0432\u0430<\/a><\/span>","protected":false},"excerpt":{"rendered":"<p>Los 30 a\u00f1os de casados, las bodas de perla, son una oportunidad para disfrutar de una trig\u00e9sima luna de miel entre los mejores espacios de Espa\u00f1a: Canarias y Baleares.<\/p>\n","protected":false},"author":26511,"featured_media":27665,"comment_status":"closed","ping_status":"open","sticky":false,"template":"","format":"standard","meta":{"footnotes":""},"categories":[2064],"tags":[5989,5990,5992,5812,5988,4522,5987,5499,5991,5993],"class_list":["post-38115","post","type-post","status-publish","format-standard","has-post-thumbnail","hentry","category-events","tag-30-anos-aniversario","tag-30-years-anniversary","tag-30---","tag-aniversario-de-boda","tag-boda-de-perla","tag-islas-baleares","tag-pearl-wedding","tag-wedding-anniversary","tag-5991","tag-5993","post_region-canarias","post_region-islas-baleares"],"_links":{"self":[{"href":"https:\/\/perfectvenue.es\/es\/wp-json\/wp\/v2\/posts\/38115","targetHints":{"allow":["GET"]}}],"collection":[{"href":"https:\/\/perfectvenue.es\/es\/wp-json\/wp\/v2\/posts"}],"about":[{"href":"https:\/\/perfectvenue.es\/es\/wp-json\/wp\/v2\/types\/post"}],"author":[{"embeddable":true,"href":"https:\/\/perfectvenue.es\/es\/wp-json\/wp\/v2\/users\/26511"}],"replies":[{"embeddable":true,"href":"https:\/\/perfectvenue.es\/es\/wp-json\/wp\/v2\/comments?post=38115"}],"version-history":[{"count":5,"href":"https:\/\/perfectvenue.es\/es\/wp-json\/wp\/v2\/posts\/38115\/revisions"}],"predecessor-version":[{"id":38123,"href":"https:\/\/perfectvenue.es\/es\/wp-json\/wp\/v2\/posts\/38115\/revisions\/38123"}],"wp:featuredmedia":[{"embeddable":true,"href":"https:\/\/perfectvenue.es\/es\/wp-json\/wp\/v2\/media\/27665"}],"wp:attachment":[{"href":"https:\/\/perfectvenue.es\/es\/wp-json\/wp\/v2\/media?parent=38115"}],"wp:term":[{"taxonomy":"category","embeddable":true,"href":"https:\/\/perfectvenue.es\/es\/wp-json\/wp\/v2\/categories?post=38115"},{"taxonomy":"post_tag","embeddable":true,"href":"https:\/\/perfectvenue.es\/es\/wp-json\/wp\/v2\/tags?post=38115"}],"curies":[{"name":"wp","href":"https:\/\/api.w.org\/{rel}","templated":true}]}}