{"id":37356,"date":"2022-09-22T21:03:32","date_gmt":"2022-09-22T18:03:32","guid":{"rendered":"https:\/\/perfectvenue.es\/?p=37356"},"modified":"2022-09-22T21:03:32","modified_gmt":"2022-09-22T18:03:32","slug":"what-to-do-in-mallorca-we-answer-all-the-questions-before-you-travel-to-the-island-of-calm","status":"publish","type":"post","link":"https:\/\/perfectvenue.es\/es\/2022\/09\/22\/what-to-do-in-mallorca-we-answer-all-the-questions-before-you-travel-to-the-island-of-calm\/","title":{"rendered":"Qu\u00e9 hacer en Mallorca: te resolvemos todas las inc\u00f3gnitas antes de que pongas rumbo a la isla de la calma"},"content":{"rendered":"<p><\/p>\n<p style=\"text-align: justify\"><span style=\"font-weight: 400\">Mallorca es la isla principal y m\u00e1s grande de las Islas Baleares y una de las m\u00e1s transitadas por cantidad de turistas cada a\u00f1o gracias su gran oferta y buen clima, por lo que <\/span><b>es normal que quieras a pasar unos d\u00edas en esta isla repleta de aguas cristalinas, impresionantes cuevas, monta\u00f1as y un patrimonio cultural y natural espectacular.<\/b><\/p>\n<p style=\"text-align: justify\"><span style=\"font-weight: 400\">Estamos seguros de que tienes un mont\u00f3n de preguntas antes de poner rumbo a Mallorca, \u00a1y por eso estamos aqu\u00ed! Para resolverte todas las inc\u00f3gnitas, como: cu\u00e1l es el rinc\u00f3n m\u00e1s bonito, que no debes perderte, qu\u00e9 comprar, cu\u00e1l es el mejor momento para visitarla\u2026<\/span><\/p>\n<p style=\"text-align: justify\"><span style=\"font-family: inherit\"><span style=\"font-weight: 400\">Estamos seguros de que te enamorar\u00e1s de la isla y <\/span><b>querr\u00e1s volver<\/b><span style=\"font-weight: 400\">\u2026 \u00a1Ya no te hacemos esperar m\u00e1s, empezamos<\/span>!<\/span><\/p>\n<figure id=\"attachment_33230\" aria-describedby=\"caption-attachment-33230\" style=\"width: 700px\" class=\"wp-caption aligncenter\"><img loading=\"lazy\" decoding=\"async\" class=\"size-full wp-image-33230\" src=\"https:\/\/perfectvenue.es\/wp-content\/uploads\/2019\/07\/son-net-mallorca-1.jpg\" alt=\"\" width=\"700\" height=\"467\" srcset=\"https:\/\/perfectvenue.es\/wp-content\/uploads\/2019\/07\/son-net-mallorca-1.jpg?v=1642422755 700w, https:\/\/perfectvenue.es\/wp-content\/uploads\/2019\/07\/son-net-mallorca-1-300x200.jpg?v=1642422755 300w, https:\/\/perfectvenue.es\/wp-content\/uploads\/2019\/07\/son-net-mallorca-1-450x300.jpg?v=1642422755 450w, https:\/\/perfectvenue.es\/wp-content\/uploads\/2019\/07\/son-net-mallorca-1-600x400.jpg?v=1642422755 600w\" sizes=\"auto, (max-width: 700px) 100vw, 700px\" \/><figcaption id=\"caption-attachment-33230\" class=\"wp-caption-text\"><a href=\"https:\/\/perfectvenue.es\/listings\/gran-hotel-son-net\/\">Hotel Son Net<\/a><\/figcaption><\/figure>\n<h2 style=\"text-align: justify\">\u00bfQu\u00e9 no me debo perder de Mallorca?<\/h2>\n<p style=\"text-align: justify\"><span style=\"font-weight: 400\">Mallorca es uno de los lugares m\u00e1s tur\u00edsticos del Mediterr\u00e1neo y tiene muchas, pero que muchas cosas para ver que no te puedes perder.<\/span><\/p>\n<p style=\"text-align: justify\"><b>La sierra de la Tramuntana<\/b><span style=\"font-weight: 400\"> es uno de los tesoros ecol\u00f3gicos de Mallorca, declarada adem\u00e1s Patrimonio de la Humanidad. Olivos y algarrobos salpican los campos ocres mientras que muros de piedra seca un tipo de construcci\u00f3n muy t\u00edpico de las Baleares. \u00a1Merece la pena su visita!<\/span><\/p>\n<p style=\"text-align: justify\"><span style=\"font-weight: 400\">Mallorca tambi\u00e9n est\u00e1 repleta de infinidad de <\/span><b>cuevas y simas<\/b><span style=\"font-weight: 400\">. Muchas de ellas tan grandes y bellas que se convirtieron hace tiempo en un recurso tur\u00edstico m\u00e1s. Te sonar\u00e1n por ser la m\u00e1s famosas y por su lago subterr\u00e1neo, las cuevas del Drach, en Portocristo. Y quiz\u00e1 tambi\u00e9n las cuevas de Art\u00e1, en un acantilado de la playa de Canyamel.<\/span><\/p>\n<p style=\"text-align: justify\"><span style=\"font-weight: 400\">Uno de los lugares m\u00e1s salvajes y bellos de la isla es tambi\u00e9n <\/span><b>el cabo Formentor<\/b><span style=\"font-weight: 400\">, el cual se adentra en el Mediterr\u00e1neo como un baluarte de piedra que defendiera el extremo norte de la isla mallorquina. \u00a1Casi 170 metros de pared vertical que quitan el hipo!<\/span><\/p>\n<p style=\"text-align: justify\"><span style=\"font-weight: 400\">Si vas buscando una Mallorca natural, m\u00e1s all\u00e1 de las calas y las playas que la han hecho famosa, tienes que empezar tu visita por <\/span><b>el Pl\u00e1<\/b><span style=\"font-weight: 400\">. El Pla es la Mallorca rural de olivos, algarrobos y molinos de viento.<\/span><\/p>\n<p style=\"text-align: justify\"><span style=\"font-weight: 400\">Tampoco puedes perderte <\/span><b>el pueblo de Dei\u00e1, Cal\u00f2 des Moro, Cala Llombards, la Catedral de la Seu, el Palacio Real de la Almudaina o la Llotja<\/b><span style=\"font-family: inherit;font-size: 16px\">.\u00a0<\/span><\/p>\n<figure id=\"attachment_32108\" aria-describedby=\"caption-attachment-32108\" style=\"width: 700px\" class=\"wp-caption aligncenter\"><img loading=\"lazy\" decoding=\"async\" class=\"size-full wp-image-32108\" src=\"https:\/\/perfectvenue.es\/wp-content\/uploads\/2021\/06\/Mallorca.jpg-85.jpg\" alt=\"Islas Baleares - Perfect Venue\" width=\"700\" height=\"1050\" srcset=\"https:\/\/perfectvenue.es\/wp-content\/uploads\/2021\/06\/Mallorca.jpg-85.jpg?v=1626101711 700w, https:\/\/perfectvenue.es\/wp-content\/uploads\/2021\/06\/Mallorca.jpg-85-200x300.jpg?v=1626101711 200w, https:\/\/perfectvenue.es\/wp-content\/uploads\/2021\/06\/Mallorca.jpg-85-683x1024.jpg?v=1626101711 683w, https:\/\/perfectvenue.es\/wp-content\/uploads\/2021\/06\/Mallorca.jpg-85-450x675.jpg?v=1626101711 450w, https:\/\/perfectvenue.es\/wp-content\/uploads\/2021\/06\/Mallorca.jpg-85-533x800.jpg?v=1626101711 533w, https:\/\/perfectvenue.es\/wp-content\/uploads\/2021\/06\/Mallorca.jpg-85-600x900.jpg?v=1626101711 600w\" sizes=\"auto, (max-width: 700px) 100vw, 700px\" \/><figcaption id=\"caption-attachment-32108\" class=\"wp-caption-text\">Photo by <a href=\"https:\/\/vendors.perfectvenue.es\/listings\/tanya-vasiluk\/\">Tanya Vasiluk<\/a><\/figcaption><\/figure>\n<h2 style=\"text-align: justify\">\u00bfPor qu\u00e9 es m\u00e1s conocida Mallorca?<\/h2>\n<p style=\"text-align: justify\"><span style=\"font-weight: 400\">Las fant\u00e1sticas playas de la isla son, sin duda, una de las razones por las que Mallorca es tan popular. La isla ofrece <\/span><b>m\u00e1s de 300 playas id\u00edlicas, 63 de ellas incluso tienen acceso para discapacitados.<\/b><\/p>\n<p style=\"text-align: justify\"><span style=\"font-weight: 400\">Por lo que es m\u00e1s conocida Mallorca es porque ofrece a turistas y locales una gran variedad de playas y calas. Cala Varques, Cala Dei\u00e0, Cala Formentor, Cala Llombards o Sa Calobra, son solo algunas de las m\u00e1s conocidas y que cuentan con la espectacularidad del agua cristalina.<\/span><\/p>\n<p style=\"text-align: justify\"><span style=\"font-weight: 400\">\u00a1Todo el que viaja a Mallorca, acude, en gran parte, por sus aguas! No te pierdas este art\u00edculo donde te contamos cu\u00e1les son <\/span><b><a href=\"https:\/\/perfectvenue.es\/2020\/10\/19\/the-most-beautiful-beaches-in-mallorca\/\">las playas m\u00e1s bonitas de Mallorca<\/a>.<\/b><\/p>\n<h2 style=\"text-align: justify\">\u00bfCu\u00e1ntos d\u00edas en Mallorca son suficientes?<\/h2>\n<p style=\"text-align: justify\"><span style=\"font-weight: 400\">Aunque recomendamos pasar, al menos, 6 o 7 d\u00edas para disfrutar de la isla en toda su grandeza, <\/span><b>4 d\u00edas son suficientes para tener una primera toma de contacto con Mallorca<\/b><span style=\"font-weight: 400\">: su bonita capital, Palma de Mallorca, calas de aguas turquesas como Cal\u00f3 Des Moro, restaurantes chill-out al borde del mar como Mar y Paz, o pueblos tradicionales y mediterr\u00e1neos como Art\u00e1.<\/span><\/p>\n<p style=\"text-align: justify\"><span style=\"font-weight: 400\">\u00a1Reserva ya tu estancia en uno de <\/span><a href=\"https:\/\/perfectvenue.es\/2020\/01\/15\/the-best-luxury-hotels-to-stay-in-mallorca\/\"><b>los mejores hoteles de lujo en los que alojarse en Mallorca<\/b><\/a><span style=\"font-weight: 400\">!<\/span><\/p>\n<figure id=\"attachment_29710\" aria-describedby=\"caption-attachment-29710\" style=\"width: 700px\" class=\"wp-caption aligncenter\"><img loading=\"lazy\" decoding=\"async\" class=\"size-full wp-image-29710\" src=\"https:\/\/perfectvenue.es\/wp-content\/uploads\/2020\/12\/Cap-Rocat-Mallorca-Perfect-Venue-11.jpg\" alt=\"\" width=\"700\" height=\"467\" srcset=\"https:\/\/perfectvenue.es\/wp-content\/uploads\/2020\/12\/Cap-Rocat-Mallorca-Perfect-Venue-11.jpg?v=1626102890 700w, https:\/\/perfectvenue.es\/wp-content\/uploads\/2020\/12\/Cap-Rocat-Mallorca-Perfect-Venue-11-300x200.jpg?v=1626102890 300w, https:\/\/perfectvenue.es\/wp-content\/uploads\/2020\/12\/Cap-Rocat-Mallorca-Perfect-Venue-11-450x300.jpg?v=1626102890 450w, https:\/\/perfectvenue.es\/wp-content\/uploads\/2020\/12\/Cap-Rocat-Mallorca-Perfect-Venue-11-600x400.jpg?v=1626102890 600w\" sizes=\"auto, (max-width: 700px) 100vw, 700px\" \/><figcaption id=\"caption-attachment-29710\" class=\"wp-caption-text\"><a href=\"https:\/\/perfectvenue.es\/listings\/cap-rocat\/\">Cap Rocat<\/a><\/figcaption><\/figure>\n<h2 style=\"text-align: justify\">\u00bfCu\u00e1l es la parte m\u00e1s bonita de Mallorca?<\/h2>\n<p style=\"text-align: justify\"><b>El pueblo de Fornalutx es la parte m\u00e1s bonita de Mallorca<\/b><span style=\"font-weight: 400\"> y uno de los m\u00e1s impresionantes de Espa\u00f1a. Lo encontrar\u00e1s en plena Sierra de Tramuntana, con calles serpenteantes, estrechas escaleras de piedra y flores y macetas por doquier.<\/span><\/p>\n<p style=\"text-align: justify\"><b>En cuanto a las playas m\u00e1s bonitas, vivimos enamorados de Torrent de Pareis, Cala de Sa Calobra, Cala S&#8217;Amarador y Cal\u00f3 des Moro<\/b><span style=\"font-weight: 400\">. Pero sin duda se lleva la palma <\/span><b>Cala Mondrag\u00f3<\/b><span style=\"font-weight: 400\">, su ubicaci\u00f3n dentro del Parque natural de Mondrag\u00f3n ya le concede la insignia de oro de las calas de la isla. Un espacio natural protegido con bonitos acantilados y de extensa vegetaci\u00f3n de pinos y matorrales. \u00a1El lugar ideal para perderse en unas vacaciones!<\/span><\/p>\n<h2 style=\"text-align: justify\">\u00bfNecesitas un coche en Mallorca?<\/h2>\n<p style=\"text-align: justify\"><span style=\"font-weight: 400\">Cabe destacar la importancia de alquilar un coche para tener mayor flexibilidad, independencia y accesibilidad a zonas no tan bien comunicadas. <\/span><b>Alquilar un coche es indispensable para este viaje express.<\/b><\/p>\n<p style=\"text-align: justify\"><span style=\"font-weight: 400\">Tambi\u00e9n, si lo prefieres alquilar una moto es una buena opci\u00f3n, sobre todo si vas solo o en pareja, es una forma m\u00e1s \u00e1gil de moverse.<\/span><\/p>\n<p style=\"text-align: justify\"><span style=\"font-family: inherit;font-size: 16px\"><b>Alquilar un veh\u00edculo te da libertad de movimiento, t\u00fa marcas los tiempos y resulta m\u00e1s barato y m\u00e1s c\u00f3modo<\/b><span style=\"font-weight: 400\"> para moverse por la isla<\/span>.<\/span><\/p>\n<figure id=\"attachment_31876\" aria-describedby=\"caption-attachment-31876\" style=\"width: 700px\" class=\"wp-caption aligncenter\"><img loading=\"lazy\" decoding=\"async\" class=\"size-full wp-image-31876\" src=\"https:\/\/perfectvenue.es\/wp-content\/uploads\/2021\/05\/Mallorca.jpg-22.jpg\" alt=\"Mallorca\" width=\"700\" height=\"1049\" srcset=\"https:\/\/perfectvenue.es\/wp-content\/uploads\/2021\/05\/Mallorca.jpg-22.jpg?v=1626101808 700w, https:\/\/perfectvenue.es\/wp-content\/uploads\/2021\/05\/Mallorca.jpg-22-200x300.jpg?v=1626101808 200w, https:\/\/perfectvenue.es\/wp-content\/uploads\/2021\/05\/Mallorca.jpg-22-683x1024.jpg?v=1626101808 683w, https:\/\/perfectvenue.es\/wp-content\/uploads\/2021\/05\/Mallorca.jpg-22-450x674.jpg?v=1626101808 450w, https:\/\/perfectvenue.es\/wp-content\/uploads\/2021\/05\/Mallorca.jpg-22-534x800.jpg?v=1626101808 534w, https:\/\/perfectvenue.es\/wp-content\/uploads\/2021\/05\/Mallorca.jpg-22-600x899.jpg?v=1626101808 600w\" sizes=\"auto, (max-width: 700px) 100vw, 700px\" \/><figcaption id=\"caption-attachment-31876\" class=\"wp-caption-text\">Photo via<a href=\"https:\/\/vendors.perfectvenue.es\/listings\/tanya-vasiluk\/\"> Tanya Vasiluk<\/a><\/figcaption><\/figure>\n<h2 style=\"text-align: justify\">\u00bfQu\u00e9 debo comprar en Mallorca?<\/h2>\n<p style=\"text-align: justify\"><span style=\"font-weight: 400\">\u00bfQui\u00e9n se va de viaje y no trae la maleta cargada de recuerdos? \u00a1Nadie! Por eso apunta lo que s\u00ed o s\u00ed debes comprar en Mallorca.<\/span><\/p>\n<p style=\"text-align: justify\"><b>La ensaimada<\/b><span style=\"font-weight: 400\">, s\u00ed, es ese t\u00f3pico delicioso que tienes que comprar para que tus m\u00e1s allegados la prueben en tu regreso, \u00a1nos encanta viajar y probar los platos tradicionales! \u00bfSabes ya <\/span><a href=\"https:\/\/perfectvenue.es\/2020\/09\/02\/where-are-the-nicest-places-to-eat-in-mallorca\/\"><b>d\u00f3nde est\u00e1n los mejores sitios para comer en Mallorca<\/b><\/a><span style=\"font-weight: 400\">?<\/span><\/p>\n<p style=\"text-align: justify\"><span style=\"font-weight: 400\">Las <\/span><b>perlas<\/b><span style=\"font-weight: 400\">. El idilio de esta joya nacarada con la isla balear nace en 1902, a\u00f1o en que el ingeniero alem\u00e1n Eduard Hugo Heusch funda en Manacor su empresa \u201cMajorica\u201d, enfocada en la novedosa elaboraci\u00f3n artificial de perlas.<\/span><\/p>\n<p style=\"text-align: justify\"><b>Cer\u00e1mica mallorquina<\/b><span style=\"font-weight: 400\">, desde la antig\u00fcedad viene cultivando, en forma de tradici\u00f3n, \u201cel arte del torno\u201d con maestr\u00eda y dedicaci\u00f3n. Entre las piezas que puedes comprar destacan, por ejemplo, los \u201cgreixoneres\u201d (una cazuela de barro barnizado), las \u201cgerretas felanitxeras\u201d (unas peque\u00f1as jarras decoradas con multitud de relieves), las m\u00edticas \u201ctejas pintadas\u201d o los \u201csiurells\u201d (unos silbatos cer\u00e1micos con forma humana).<\/span><\/p>\n<p style=\"text-align: justify\"><b>Alpargatas, capazos, vestidos blancos, tela de &#8216;llengos&#8217;&#8230;<\/b><span style=\"font-weight: 400\"> si este verano no tienes planeado viajar a la isla de moda, no te quedes sin hacer &#8216;shopping&#8217; mallorqu\u00edn.<\/span><\/p>\n<h2 style=\"text-align: justify\">\u00bfCu\u00e1l es el mejor mes para visitar Mallorca?<\/h2>\n<p style=\"text-align: justify\"><span style=\"font-weight: 400\">La mejor \u00e9poca para viajar a Mallorca es en primavera, verano y las primeras semanas de oto\u00f1o. Los d\u00edas son largos, las temperaturas son c\u00e1lidas y de esta forma podr\u00e1s disfrutar de lo mejor de Mallorca: sus playas y calas de aguas cristalinas. Como te puedes imaginar, el verano en Baleares es todo un para\u00edso.<\/span><\/p>\n<p style=\"text-align: justify\"><span style=\"font-weight: 400\">Julio y agosto son los meses de temporada alta y en los que m\u00e1s turistas llegan a la isla. Por eso, en nuestra opini\u00f3n, <\/span><b>los mejores meses para viajar a Mallorca son mayo, junio, septiembre y principios de octubre.<\/b><\/p>\n<figure id=\"attachment_34688\" aria-describedby=\"caption-attachment-34688\" style=\"width: 700px\" class=\"wp-caption aligncenter\"><img loading=\"lazy\" decoding=\"async\" class=\"size-full wp-image-34688\" src=\"https:\/\/perfectvenue.es\/wp-content\/uploads\/2022\/05\/RAFARUBI-MENORCA-WEDDING-VENUE-44.jpg\" alt=\"Finca Mallorquina Rafal Rub\u00ed - PERFECT VENUE\" width=\"700\" height=\"1050\" srcset=\"https:\/\/perfectvenue.es\/wp-content\/uploads\/2022\/05\/RAFARUBI-MENORCA-WEDDING-VENUE-44.jpg?v=1653559824 700w, https:\/\/perfectvenue.es\/wp-content\/uploads\/2022\/05\/RAFARUBI-MENORCA-WEDDING-VENUE-44-200x300.jpg?v=1653559824 200w, https:\/\/perfectvenue.es\/wp-content\/uploads\/2022\/05\/RAFARUBI-MENORCA-WEDDING-VENUE-44-683x1024.jpg?v=1653559824 683w, https:\/\/perfectvenue.es\/wp-content\/uploads\/2022\/05\/RAFARUBI-MENORCA-WEDDING-VENUE-44-450x675.jpg?v=1653559824 450w, https:\/\/perfectvenue.es\/wp-content\/uploads\/2022\/05\/RAFARUBI-MENORCA-WEDDING-VENUE-44-533x800.jpg?v=1653559824 533w, https:\/\/perfectvenue.es\/wp-content\/uploads\/2022\/05\/RAFARUBI-MENORCA-WEDDING-VENUE-44-600x900.jpg?v=1653559824 600w\" sizes=\"auto, (max-width: 700px) 100vw, 700px\" \/><figcaption id=\"caption-attachment-34688\" class=\"wp-caption-text\"><a href=\"https:\/\/perfectvenue.es\/listings\/finca-menorquina-rafal-rubi\/\">Finca Mallorquina Rafal Rub\u00ed<\/a><span style=\"text-align: justify;font-family: inherit;font-size: 16px\">\u00a0<\/span><\/figcaption><\/figure>\n<h2 style=\"text-align: justify\">\u00bfQu\u00e9 es mejor Ibiza o Mallorca?<\/h2>\n<p style=\"text-align: justify\"><span style=\"font-weight: 400\">Para gustos\u2026 \u00a1los colores! Nosotros no podr\u00edamos elegir, y es que por ejemplo <\/span><b>Mallorca es much\u00edsimo m\u00e1s grande <\/b><span style=\"font-weight: 400\">y puedes encontrar zonas de monta\u00f1a que no encontrar\u00e1s en Ibiza. Lo mismo ocurre con la <\/span><b>oferta cultural<\/b><span style=\"font-weight: 400\">: es mucho m\u00e1s amplia en Mallorca.<\/span><\/p>\n<p style=\"text-align: justify\"><span style=\"font-weight: 400\">Pero lo mejor de la isla de Ibiza es su <\/span><b>peque\u00f1o tama\u00f1o<\/b><span style=\"font-weight: 400\">, por donde no te costar\u00e1 absolutamente nada desplazarte e ir de cala en cala disfrutando del mar, aunque esta isla es algo m\u00e1s cara, cuenta con una <\/span><b>oferta de ocio<\/b><span style=\"font-weight: 400\"> mayor que en Mallorca.<\/span><\/p>\n<p style=\"text-align: justify\"><span style=\"font-weight: 400\">Eso s\u00ed, en ambas islas encontrar\u00e1s playas y calas preciosas, \u00a1de las m\u00e1s bonitas de Espa\u00f1a!<\/span><\/p>\n<p style=\"text-align: justify\"><span style=\"font-weight: 400\">\u00a0<\/span><\/p>\n<p style=\"text-align: justify\"><span style=\"font-weight: 400\">Y si est\u00e1s pensando en vivir la experiencia de volver a casa prometido con tu chica, nosotros organizamos todo esto por ti. \u00bfQu\u00e9 mejor que <\/span><b>arrodillarte durante tu viaje a Mallorca<\/b><span style=\"font-weight: 400\">? No dejes a tu pareja sin <\/span><b><a href=\"https:\/\/perfectvenue.es\/product\/pack-pedida-mano-la-playa-mallorca\/\">la inolvidable experiencia de vivir una pedida de mano en Mallorca<\/a>.<\/b><\/p>\n<p><\/p>\n<span class=\"tags-links\"><a href=\"https:\/\/perfectvenue.es\/es\/tag\/mallorca-travelling\/\" rel=\"tag\">Mallorca travelling<\/a><a href=\"https:\/\/perfectvenue.es\/es\/tag\/planes-en-mallorca\/\" rel=\"tag\">planes en Mallorca<\/a><a href=\"https:\/\/perfectvenue.es\/es\/tag\/plans-in-mallorca\/\" rel=\"tag\">plans in Mallorca<\/a><a href=\"https:\/\/perfectvenue.es\/es\/tag\/viaje-islas-baleares\/\" rel=\"tag\">viaje Islas Baleares<\/a><a href=\"https:\/\/perfectvenue.es\/es\/tag\/%d0%ba%d0%b0%d0%bd%d0%b8%d0%ba%d1%83%d0%bb%d1%8b-%d0%bd%d0%b0-%d0%bc%d0%b0%d0%b9%d0%be%d1%80%d0%ba%d0%b5\/\" rel=\"tag\">\u043a\u0430\u043d\u0438\u043a\u0443\u043b\u044b \u043d\u0430 \u041c\u0430\u0439\u043e\u0440\u043a\u0435<\/a><a href=\"https:\/\/perfectvenue.es\/es\/tag\/%d1%82%d1%83%d1%80%d0%b8%d0%b7%d0%bc-%d0%bc%d0%b0%d0%b9%d0%be%d1%80%d0%ba%d0%b0\/\" rel=\"tag\">\u0442\u0443\u0440\u0438\u0437\u043c \u041c\u0430\u0439\u043e\u0440\u043a\u0430<\/a><\/span>","protected":false},"excerpt":{"rendered":"<p>Qu\u00e9 hacer en Mallorca: te resolvemos todas las inc\u00f3gnitas antes de que pongas rumbo a la isla de la calma.<\/p>\n","protected":false},"author":26511,"featured_media":31876,"comment_status":"closed","ping_status":"open","sticky":false,"template":"","format":"standard","meta":{"footnotes":""},"categories":[3528],"tags":[5712,5714,5713,5715,5716,5717],"class_list":["post-37356","post","type-post","status-publish","format-standard","has-post-thumbnail","hentry","category-best-places-in-spain","tag-mallorca-travelling","tag-planes-en-mallorca","tag-plans-in-mallorca","tag-viaje-islas-baleares","tag-5716","tag-5717"],"_links":{"self":[{"href":"https:\/\/perfectvenue.es\/es\/wp-json\/wp\/v2\/posts\/37356","targetHints":{"allow":["GET"]}}],"collection":[{"href":"https:\/\/perfectvenue.es\/es\/wp-json\/wp\/v2\/posts"}],"about":[{"href":"https:\/\/perfectvenue.es\/es\/wp-json\/wp\/v2\/types\/post"}],"author":[{"embeddable":true,"href":"https:\/\/perfectvenue.es\/es\/wp-json\/wp\/v2\/users\/26511"}],"replies":[{"embeddable":true,"href":"https:\/\/perfectvenue.es\/es\/wp-json\/wp\/v2\/comments?post=37356"}],"version-history":[{"count":2,"href":"https:\/\/perfectvenue.es\/es\/wp-json\/wp\/v2\/posts\/37356\/revisions"}],"predecessor-version":[{"id":37359,"href":"https:\/\/perfectvenue.es\/es\/wp-json\/wp\/v2\/posts\/37356\/revisions\/37359"}],"wp:featuredmedia":[{"embeddable":true,"href":"https:\/\/perfectvenue.es\/es\/wp-json\/wp\/v2\/media\/31876"}],"wp:attachment":[{"href":"https:\/\/perfectvenue.es\/es\/wp-json\/wp\/v2\/media?parent=37356"}],"wp:term":[{"taxonomy":"category","embeddable":true,"href":"https:\/\/perfectvenue.es\/es\/wp-json\/wp\/v2\/categories?post=37356"},{"taxonomy":"post_tag","embeddable":true,"href":"https:\/\/perfectvenue.es\/es\/wp-json\/wp\/v2\/tags?post=37356"}],"curies":[{"name":"wp","href":"https:\/\/api.w.org\/{rel}","templated":true}]}}