{"id":37168,"date":"2022-09-11T20:00:52","date_gmt":"2022-09-11T17:00:52","guid":{"rendered":"https:\/\/perfectvenue.es\/?p=37168"},"modified":"2022-09-11T22:35:15","modified_gmt":"2022-09-11T19:35:15","slug":"palante-como-los-de-alicante-why-you-should-get-married-in-this-province-and-the-best-venues-for-it","status":"publish","type":"post","link":"https:\/\/perfectvenue.es\/es\/2022\/09\/11\/palante-como-los-de-alicante-why-you-should-get-married-in-this-province-and-the-best-venues-for-it\/","title":{"rendered":"\u00a1Palante\u2019 como los de Alicante! Por qu\u00e9 casarse en esta provincia y los mejores espacios para ello"},"content":{"rendered":"<p><\/p>\n<p style=\"text-align: justify\"><span style=\"font-weight: 400\">\u00bfTe casas en Alicante y todav\u00eda no tienes lugar de celebraci\u00f3n o aun no te decides por la regi\u00f3n en la que casarte? \u00a1Pues tranquilos! Porque por eso te traemos este art\u00edculo, para mostrarte los <\/span><b>mejores espacios de bodas en Alicante<\/b><span style=\"font-weight: 400\"> y para dictarte todas las razones por la que casarte en el sur de la Comunidad Valenciana.<\/span><\/p>\n<p style=\"text-align: justify\"><span style=\"font-weight: 400\">Y es que, a los espacios tan m\u00e1gicos, le acompa\u00f1an unas playas de ensue\u00f1os, una gastronom\u00eda riqu\u00edsima, buen clima, vida nocturna, cultura, tradiciones y mucho m\u00e1s.<\/span><\/p>\n<p style=\"text-align: justify\"><span style=\"font-weight: 400\">As\u00ed que, si todo esto y m\u00e1s es lo que buscas para tu boda, qu\u00e9date en este art\u00edculo, porque te descubrimos un mont\u00f3n de <\/span><b>ventajas por las que casarte en Alicante<\/b><span style=\"font-weight: 400\">, \u00a1tiene todas las papeletas para ser tu lugar elegido!<\/span><\/p>\n<p style=\"text-align: justify\"><span style=\"font-weight: 400\">Por algo dicen que es <\/span><b>\u201cla millor terreta del m\u00f3n\u201d.<\/b><\/p>\n<figure id=\"attachment_23073\" aria-describedby=\"caption-attachment-23073\" style=\"width: 700px\" class=\"wp-caption aligncenter\"><img loading=\"lazy\" decoding=\"async\" class=\"wp-image-23073\" src=\"https:\/\/perfectvenue.es\/wp-content\/uploads\/2018\/03\/beach-wedding-alicante.jpg\" alt=\"Beach wedding - Perfect Venue\" width=\"700\" height=\"552\" srcset=\"https:\/\/perfectvenue.es\/wp-content\/uploads\/2018\/03\/beach-wedding-alicante.jpg?v=1626105918 850w, https:\/\/perfectvenue.es\/wp-content\/uploads\/2018\/03\/beach-wedding-alicante-300x236.jpg?v=1626105918 300w, https:\/\/perfectvenue.es\/wp-content\/uploads\/2018\/03\/beach-wedding-alicante-768x605.jpg?v=1626105918 768w, https:\/\/perfectvenue.es\/wp-content\/uploads\/2018\/03\/beach-wedding-alicante-450x355.jpg?v=1626105918 450w, https:\/\/perfectvenue.es\/wp-content\/uploads\/2018\/03\/beach-wedding-alicante-600x473.jpg?v=1626105918 600w\" sizes=\"auto, (max-width: 700px) 100vw, 700px\" \/><figcaption id=\"caption-attachment-23073\" class=\"wp-caption-text\">Photo via: <a href=\"https:\/\/nataliaortizevents.com\">Weddings and Events by Natalia Ortiz<\/a><\/figcaption><\/figure>\n<h2 style=\"text-align: justify\">Alicante lo tiene todo<\/h2>\n<p style=\"text-align: justify\"><b>Sol y mar<\/b><span style=\"font-weight: 400\">, con 330 d\u00edas de sol al a\u00f1o que ba\u00f1an las limpias playas de aguas transparentes.<\/span><\/p>\n<p style=\"text-align: justify\"><b>Comida rica, variada y barata<\/b><span style=\"font-weight: 400\">, donde destacan las tapas, la paella valenciana o el arroz a banda.<\/span><\/p>\n<p style=\"text-align: justify\"><b>La mejor iglesia ortodoxa est\u00e1 en Altea<\/b><span style=\"font-weight: 400\">, la de San Miguel Arc\u00e1ngel. (Si buscas <\/span><b>iglesias ortodoxas<\/b> <span style=\"font-weight: 400\">no te pierdas aqu\u00ed las mejores)<\/span><\/p>\n<p style=\"text-align: justify\"><b>Calas escondidas<\/b><span style=\"font-weight: 400\"> de cantos de piedras, alejadas del turismo y el urbanismo.<\/span><\/p>\n<p style=\"text-align: justify\"><b>Barrios encantadores<\/b><span style=\"font-weight: 400\">, como el de Santa Cruz, el m\u00e1s antiguo de la ciudad y precioso para pasear entre sus casas blancas.<\/span><\/p>\n<p style=\"text-align: justify\"><b>Salinas<\/b><span style=\"font-weight: 400\"> que ofrecen paisajes que parecen sacados de un cuento, como las de Santa Pola.<\/span><\/p>\n<p style=\"text-align: justify\"><b>Una vida nocturna inolvidable<\/b><span style=\"font-weight: 400\">, sus calles se llenan de fiesteros hasta altas horas de la madrugada que bailan al ritmo de m\u00fasica internacional y nacional.<\/span><\/p>\n<p style=\"text-align: justify\"><b>Uno de los castillos mejor conservados<\/b><span style=\"font-weight: 400\"> de la zona que ofrece unas vistas inmejorables al atardecer: el de Santa B\u00e1rbara.<\/span><\/p>\n<p style=\"text-align: justify\"><b>Cultura y tradiciones<\/b><span style=\"font-weight: 400\"> puramente espa\u00f1olas para disfrutar durante todo el a\u00f1o, como el Carnaval, las Hogueras de San Juan, las procesiones de Semana Santa, etc.<\/span><\/p>\n<p style=\"text-align: justify\"><b>Su isla de Tabarca<\/b><span style=\"font-weight: 400\">, con solo 30 habitantes es perfecta para evadirse del mundo y disfrutar de la esencia del Mediterr\u00e1neo.<\/span><\/p>\n<h2 style=\"text-align: justify\">Los espacios m\u00e1s singulares de bodas tambi\u00e9n est\u00e1n aqu\u00ed<\/h2>\n<h3 style=\"text-align: justify\"><a href=\"https:\/\/perfectvenue.es\/listings\/finca-torrefiel\/\">Castillo Torrefiel<\/a><\/h3>\n<p style=\"text-align: justify\"><span style=\"font-weight: 400\">Sorprended a vuestros invitados con una celebraci\u00f3n por todo lo alto en este establecimiento valenciano, situado en un entorno de excepci\u00f3n. Torrefiel es un lugar precioso, ubicado en Fontanars dels Alforins, una zona privilegiada de la provincia donde podr\u00e9is disfrutar de bellos espacios interiores e incre\u00edbles zonas al aire libre. Noble edificio propiedad de los Condes de Torrefiel, cuyo t\u00edtulo nobiliario les fue concecido a sus propietarios en 1.816 por S.M. Fernando VII. Un lugar id\u00edlico para organizar vuestra celebraci\u00f3n.<\/span><\/p>\n<figure id=\"attachment_32385\" aria-describedby=\"caption-attachment-32385\" style=\"width: 700px\" class=\"wp-caption aligncenter\"><img loading=\"lazy\" decoding=\"async\" class=\"size-full wp-image-32385\" src=\"https:\/\/perfectvenue.es\/wp-content\/uploads\/2021\/10\/Finca-Torrefiel-25.jpg\" alt=\"\" width=\"700\" height=\"525\" srcset=\"https:\/\/perfectvenue.es\/wp-content\/uploads\/2021\/10\/Finca-Torrefiel-25.jpg 700w, https:\/\/perfectvenue.es\/wp-content\/uploads\/2021\/10\/Finca-Torrefiel-25-300x225.jpg 300w, https:\/\/perfectvenue.es\/wp-content\/uploads\/2021\/10\/Finca-Torrefiel-25-450x338.jpg 450w, https:\/\/perfectvenue.es\/wp-content\/uploads\/2021\/10\/Finca-Torrefiel-25-600x450.jpg 600w\" sizes=\"auto, (max-width: 700px) 100vw, 700px\" \/><figcaption id=\"caption-attachment-32385\" class=\"wp-caption-text\"><a href=\"https:\/\/perfectvenue.es\/listings\/finca-torrefiel\/\">Finca Torrefiel<\/a><\/figcaption><\/figure>\n<h3 style=\"text-align: justify\"><a href=\"https:\/\/perfectvenue.es\/listings\/la-campaneta\/\">La Campaneta<\/a><\/h3>\n<p style=\"text-align: justify\"><span style=\"font-weight: 400\">La Campaneta es un espacio hist\u00f3rico con car\u00e1cter patrimonial que tiene su enclave en Altea. Situada sobre la calle Alicante, el antiguo Camino Real, fue construida a finales del siglo XIX, convirti\u00e9ndose en parte inherente del paisaje de la villa de Altea.<\/span><\/p>\n<figure id=\"attachment_34803\" aria-describedby=\"caption-attachment-34803\" style=\"width: 700px\" class=\"wp-caption aligncenter\"><img loading=\"lazy\" decoding=\"async\" class=\"size-full wp-image-34803\" src=\"https:\/\/perfectvenue.es\/wp-content\/uploads\/2022\/05\/wedding-venue-Valencia-La-Campaneta-14.jpg\" alt=\"La Campaneta Valencia - PERFECT VENUE\" width=\"700\" height=\"473\" srcset=\"https:\/\/perfectvenue.es\/wp-content\/uploads\/2022\/05\/wedding-venue-Valencia-La-Campaneta-14.jpg?v=1653915111 700w, https:\/\/perfectvenue.es\/wp-content\/uploads\/2022\/05\/wedding-venue-Valencia-La-Campaneta-14-300x203.jpg?v=1653915111 300w, https:\/\/perfectvenue.es\/wp-content\/uploads\/2022\/05\/wedding-venue-Valencia-La-Campaneta-14-450x304.jpg?v=1653915111 450w, https:\/\/perfectvenue.es\/wp-content\/uploads\/2022\/05\/wedding-venue-Valencia-La-Campaneta-14-600x405.jpg?v=1653915111 600w\" sizes=\"auto, (max-width: 700px) 100vw, 700px\" \/><figcaption id=\"caption-attachment-34803\" class=\"wp-caption-text\"><a href=\"https:\/\/perfectvenue.es\/listings\/la-campaneta\/\">La Campaneta<\/a><\/figcaption><\/figure>\n<h3 style=\"text-align: justify\"><a href=\"https:\/\/perfectvenue.es\/listings\/bodegas-francisco-gomez\/\">Bodegas Francisco G\u00f3mez<\/a><\/h3>\n<p style=\"text-align: justify\"><span style=\"font-weight: 400\">Bodegas Francisco G\u00f3mez es una finca para bodas en Alicante, situadas concretamente en Villena, con 3.500 hect\u00e1reas de terreno donde se cultivan vi\u00f1as y olivos siguiendo todav\u00eda el m\u00e9todo biodin\u00e1mico, es decir, respetando el sistema tradicional de siembra.<\/span><\/p>\n<figure id=\"attachment_26296\" aria-describedby=\"caption-attachment-26296\" style=\"width: 700px\" class=\"wp-caption aligncenter\"><img loading=\"lazy\" decoding=\"async\" class=\"wp-image-26296\" src=\"https:\/\/perfectvenue.es\/wp-content\/uploads\/2020\/05\/bodegas-francisco-gomez-wedding-8.jpg\" alt=\"Francisco Gomez Bodegas\" width=\"700\" height=\"466\" srcset=\"https:\/\/perfectvenue.es\/wp-content\/uploads\/2020\/05\/bodegas-francisco-gomez-wedding-8.jpg?v=1626104642 850w, https:\/\/perfectvenue.es\/wp-content\/uploads\/2020\/05\/bodegas-francisco-gomez-wedding-8-300x200.jpg?v=1626104642 300w, https:\/\/perfectvenue.es\/wp-content\/uploads\/2020\/05\/bodegas-francisco-gomez-wedding-8-768x511.jpg?v=1626104642 768w, https:\/\/perfectvenue.es\/wp-content\/uploads\/2020\/05\/bodegas-francisco-gomez-wedding-8-450x300.jpg?v=1626104642 450w, https:\/\/perfectvenue.es\/wp-content\/uploads\/2020\/05\/bodegas-francisco-gomez-wedding-8-600x400.jpg?v=1626104642 600w\" sizes=\"auto, (max-width: 700px) 100vw, 700px\" \/><figcaption id=\"caption-attachment-26296\" class=\"wp-caption-text\"><a href=\"https:\/\/perfectvenue.es\/listings\/bodegas-francisco-gomez\/\">Francisco Gomez Bodegas<\/a><\/figcaption><\/figure>\n<h3 style=\"text-align: justify\"><a href=\"https:\/\/perfectvenue.es\/listings\/farmhouse-casa-benigalip\/\">Casa Benigalip<\/a><\/h3>\n<p style=\"text-align: justify\"><span style=\"font-weight: 400\">Casa Benigalip es una antigua mas\u00eda del siglo XVIII, situada en Pego (Alicante), que ha sido restaurada cuidadosamente manteniendo todo su encanto original. Tiene sus or\u00edgenes en el Alto Imperio (siglo III d.C), cuando una villa de estilo romano ocupaba este territorio.<\/span><\/p>\n<figure id=\"attachment_21086\" aria-describedby=\"caption-attachment-21086\" style=\"width: 700px\" class=\"wp-caption aligncenter\"><img loading=\"lazy\" decoding=\"async\" class=\"wp-image-21086\" src=\"https:\/\/perfectvenue.es\/wp-content\/uploads\/2019\/04\/Casa-Benigalip-Alicante-venue-23.jpg\" alt=\"Casa Benigalip\" width=\"700\" height=\"447\" srcset=\"https:\/\/perfectvenue.es\/wp-content\/uploads\/2019\/04\/Casa-Benigalip-Alicante-venue-23.jpg?v=1626107037 850w, https:\/\/perfectvenue.es\/wp-content\/uploads\/2019\/04\/Casa-Benigalip-Alicante-venue-23-300x192.jpg?v=1626107037 300w, https:\/\/perfectvenue.es\/wp-content\/uploads\/2019\/04\/Casa-Benigalip-Alicante-venue-23-768x491.jpg?v=1626107037 768w, https:\/\/perfectvenue.es\/wp-content\/uploads\/2019\/04\/Casa-Benigalip-Alicante-venue-23-450x287.jpg?v=1626107037 450w, https:\/\/perfectvenue.es\/wp-content\/uploads\/2019\/04\/Casa-Benigalip-Alicante-venue-23-600x383.jpg?v=1626107037 600w\" sizes=\"auto, (max-width: 700px) 100vw, 700px\" \/><figcaption id=\"caption-attachment-21086\" class=\"wp-caption-text\"><a href=\"https:\/\/perfectvenue.es\/listings\/farmhouse-casa-benigalip\/\">Casa Benigalip<\/a><\/figcaption><\/figure>\n<h3 style=\"text-align: justify\"><a href=\"https:\/\/perfectvenue.es\/listings\/el-plantio-golf-resort\/\">El Plant\u00edo Golf Resort<\/a><\/h3>\n<p style=\"text-align: justify\"><span style=\"font-weight: 400\">El Plant\u00edo dispone de espacios tanto al aire libre como en cerrado, para que viv\u00e1is una boda diferente y vers\u00e1til, donde todo se adapta a vuestras propuestas. Nosotros estamos enamorados de <\/span><b>su jard\u00edn natural, un placer visual y olfativo <\/b><span style=\"font-weight: 400\">que lo convierte en el marco especial para un buen c\u00f3ctel mientras esper\u00e1is al banquete nupcial.<\/span><\/p>\n<figure id=\"attachment_30698\" aria-describedby=\"caption-attachment-30698\" style=\"width: 700px\" class=\"wp-caption aligncenter\"><img loading=\"lazy\" decoding=\"async\" class=\"size-full wp-image-30698\" src=\"https:\/\/perfectvenue.es\/wp-content\/uploads\/2021\/03\/ElPlant\u00edo-PerfectVenue-22.jpg\" alt=\"\" width=\"700\" height=\"464\" srcset=\"https:\/\/perfectvenue.es\/wp-content\/uploads\/2021\/03\/ElPlant\u00edo-PerfectVenue-22.jpg?v=1626102340 700w, https:\/\/perfectvenue.es\/wp-content\/uploads\/2021\/03\/ElPlant\u00edo-PerfectVenue-22-300x199.jpg?v=1626102340 300w, https:\/\/perfectvenue.es\/wp-content\/uploads\/2021\/03\/ElPlant\u00edo-PerfectVenue-22-450x298.jpg?v=1626102340 450w, https:\/\/perfectvenue.es\/wp-content\/uploads\/2021\/03\/ElPlant\u00edo-PerfectVenue-22-600x398.jpg?v=1626102340 600w\" sizes=\"auto, (max-width: 700px) 100vw, 700px\" \/><figcaption id=\"caption-attachment-30698\" class=\"wp-caption-text\"><a href=\"https:\/\/perfectvenue.es\/listings\/el-plantio-golf-resort\/\">El Plant\u00edo Golf Resort<\/a><\/figcaption><\/figure>\n<h3 style=\"text-align: justify\"><a href=\"https:\/\/perfectvenue.es\/listings\/hotel-servigroup-montiboli\/\">Hotel Mont\u00edboli<\/a><\/h3>\n<p style=\"text-align: justify\"><span style=\"font-weight: 400\">Sobre un acantilado que reposa sus rocosas bases sobre la espuma del mar, el Hotel Servigroup Mont\u00edboli se sit\u00faa en las alturas para admirar un oc\u00e9ano de mar, playas y jardines. <\/span><b>La ceremonia puede celebrarse tanto en el interior del hotel como en los exteriores del mismo, como en sus jardines o en la playa<\/b><span style=\"font-weight: 400\">, dependiendo del sal\u00f3n que se contrate para el banquete.<\/span><\/p>\n<figure id=\"attachment_29738\" aria-describedby=\"caption-attachment-29738\" style=\"width: 700px\" class=\"wp-caption aligncenter\"><img loading=\"lazy\" decoding=\"async\" class=\"size-full wp-image-29738\" src=\"https:\/\/perfectvenue.es\/wp-content\/uploads\/2020\/12\/Hotel-Servigroup-Montiboli-Perfect-Venue-19.jpg\" alt=\"\" width=\"700\" height=\"394\" srcset=\"https:\/\/perfectvenue.es\/wp-content\/uploads\/2020\/12\/Hotel-Servigroup-Montiboli-Perfect-Venue-19.jpg?v=1626102877 700w, https:\/\/perfectvenue.es\/wp-content\/uploads\/2020\/12\/Hotel-Servigroup-Montiboli-Perfect-Venue-19-300x169.jpg?v=1626102877 300w, https:\/\/perfectvenue.es\/wp-content\/uploads\/2020\/12\/Hotel-Servigroup-Montiboli-Perfect-Venue-19-450x253.jpg?v=1626102877 450w, https:\/\/perfectvenue.es\/wp-content\/uploads\/2020\/12\/Hotel-Servigroup-Montiboli-Perfect-Venue-19-600x338.jpg?v=1626102877 600w\" sizes=\"auto, (max-width: 700px) 100vw, 700px\" \/><figcaption id=\"caption-attachment-29738\" class=\"wp-caption-text\"><a href=\"https:\/\/perfectvenue.es\/listings\/hotel-servigroup-montiboli\/\">Hotel Servigroup Montiboli<\/a><\/figcaption><\/figure>\n<h3 style=\"text-align: justify\">Cala Cl\u00e9mence \u2013 Grupo El Alto<span style=\"font-weight: 400\">\u00a0<\/span><\/h3>\n<p style=\"text-align: justify\"><span style=\"font-weight: 400\">Este lugar de ensue\u00f1o ubicado en X\u00e0bia, es ideal para celebraciones como la vuestra. La finca cuenta con unas impresionantes vistas al mar que impresionar\u00e1 a todos vuestros invitados y que convertir\u00e1 vuestra boda en un evento \u00fanico y exclusivo que nunca olvidar\u00e9is. Cabe destacar su <\/span><b>estilo propio y \u00fanico en el que predomina la calma de la naturaleza.<\/b><\/p>\n<figure id=\"attachment_35379\" aria-describedby=\"caption-attachment-35379\" style=\"width: 707px\" class=\"wp-caption aligncenter\"><img loading=\"lazy\" decoding=\"async\" class=\"size-full wp-image-35379\" src=\"https:\/\/perfectvenue.es\/wp-content\/uploads\/2022\/05\/Cala-clemence-bodas-Javea.png\" alt=\"Cala Clemence - Bodas Javea\" width=\"707\" height=\"474\" srcset=\"https:\/\/perfectvenue.es\/wp-content\/uploads\/2022\/05\/Cala-clemence-bodas-Javea.png 707w, https:\/\/perfectvenue.es\/wp-content\/uploads\/2022\/05\/Cala-clemence-bodas-Javea-300x201.png 300w, https:\/\/perfectvenue.es\/wp-content\/uploads\/2022\/05\/Cala-clemence-bodas-Javea-450x302.png 450w, https:\/\/perfectvenue.es\/wp-content\/uploads\/2022\/05\/Cala-clemence-bodas-Javea-600x402.png 600w\" sizes=\"auto, (max-width: 707px) 100vw, 707px\" \/><figcaption id=\"caption-attachment-35379\" class=\"wp-caption-text\">Cala Clemence<\/figcaption><\/figure>\n<h3 style=\"text-align: justify\"><a href=\"https:\/\/perfectvenue.es\/2022\/08\/16\/taste-and-distinction-at-the-castell-de-barxell\/\">Castell de Barxell<\/a><\/h3>\n<p style=\"text-align: justify\"><span style=\"font-weight: 400\">Enclavado en el propio parque natural de La Font Roja, y con un tratamiento de jardiner\u00eda exquisito, las bodas en el Castell de Barxell son sin\u00f3nimo de exclusividad, ya que solo se realiza una por d\u00eda. Lo mejor es su cocina propia, a cargo <\/span><b>del chef Jon Marlop, donde cocina todo in situ y al momento, como en los restaurantes m\u00e1s selectos.<\/b><\/p>\n<figure id=\"attachment_36672\" aria-describedby=\"caption-attachment-36672\" style=\"width: 850px\" class=\"wp-caption aligncenter\"><img loading=\"lazy\" decoding=\"async\" class=\"size-full wp-image-36672\" src=\"https:\/\/perfectvenue.es\/wp-content\/uploads\/2022\/08\/Taste-and-Distinction-at-the-Castell-de-Barxell-15.jpeg\" alt=\"Wedding in Castell de Barxell - Perfect Venue\" width=\"850\" height=\"567\" srcset=\"https:\/\/perfectvenue.es\/wp-content\/uploads\/2022\/08\/Taste-and-Distinction-at-the-Castell-de-Barxell-15.jpeg 850w, https:\/\/perfectvenue.es\/wp-content\/uploads\/2022\/08\/Taste-and-Distinction-at-the-Castell-de-Barxell-15-300x200.jpeg 300w, https:\/\/perfectvenue.es\/wp-content\/uploads\/2022\/08\/Taste-and-Distinction-at-the-Castell-de-Barxell-15-768x512.jpeg 768w, https:\/\/perfectvenue.es\/wp-content\/uploads\/2022\/08\/Taste-and-Distinction-at-the-Castell-de-Barxell-15-450x300.jpeg 450w, https:\/\/perfectvenue.es\/wp-content\/uploads\/2022\/08\/Taste-and-Distinction-at-the-Castell-de-Barxell-15-600x400.jpeg 600w\" sizes=\"auto, (max-width: 850px) 100vw, 850px\" \/><figcaption id=\"caption-attachment-36672\" class=\"wp-caption-text\"><span style=\"font-weight: 400\"><a href=\"https:\/\/perfectvenue.es\/2022\/08\/16\/taste-and-distinction-at-the-castell-de-barxell\/\">Castell de Barxell<\/a>.\u00a0<\/span>Photo via: <a href=\"https:\/\/nataliaortizevents.com\">Weddings and Events by Natalia Ortiz<\/a><\/figcaption><\/figure>\n<h3 style=\"text-align: justify\">Hotel Meridional<\/h3>\n<p style=\"text-align: justify\"><b>El sonido de las olas<\/b><span style=\"font-weight: 400\"> al despertar, <\/span><b>el mar<\/b><span style=\"font-weight: 400\"> arrop\u00e1ndoos cuando cerr\u00e1is los ojos, el tacto de <\/span><b>la<\/b> <b>arena<\/b><span style=\"font-weight: 400\"> acariciando vuestros pies, <\/span><b>un jard\u00edn<\/b><span style=\"font-weight: 400\"> con un estilo elegante, los mejores <\/span><b>productos del mar y de la huerta<\/b><span style=\"font-weight: 400\">&#8230; todo esto y m\u00e1s es lo que tendr\u00e9is a la hora de celebrar vuestra boda en este fant\u00e1stico hotel.<\/span><\/p>\n<figure id=\"attachment_28953\" aria-describedby=\"caption-attachment-28953\" style=\"width: 700px\" class=\"wp-caption aligncenter\"><img loading=\"lazy\" decoding=\"async\" class=\"size-full wp-image-28953\" src=\"https:\/\/perfectvenue.es\/wp-content\/uploads\/2020\/11\/Hotel-Meridional-Perfect-Venue.png\" alt=\"\" width=\"700\" height=\"392\" srcset=\"https:\/\/perfectvenue.es\/wp-content\/uploads\/2020\/11\/Hotel-Meridional-Perfect-Venue.png?v=1626103230 700w, https:\/\/perfectvenue.es\/wp-content\/uploads\/2020\/11\/Hotel-Meridional-Perfect-Venue-300x168.png?v=1626103230 300w, https:\/\/perfectvenue.es\/wp-content\/uploads\/2020\/11\/Hotel-Meridional-Perfect-Venue-450x252.png?v=1626103230 450w, https:\/\/perfectvenue.es\/wp-content\/uploads\/2020\/11\/Hotel-Meridional-Perfect-Venue-600x336.png?v=1626103230 600w\" sizes=\"auto, (max-width: 700px) 100vw, 700px\" \/><figcaption id=\"caption-attachment-28953\" class=\"wp-caption-text\">Hotel Meridional<\/figcaption><\/figure>\n<h3 style=\"text-align: justify\"><a href=\"https:\/\/perfectvenue.es\/listings\/la-finca-resort\/\">La Finca Resort<span style=\"font-weight: 400\">\u00a0<\/span><\/a><\/h3>\n<p style=\"text-align: justify\"><span style=\"font-weight: 400\">Las estancias de la finca son ideales para enmarcar vuestra celebraci\u00f3n, como son sus <\/span><b>preciosos espacios al aire libre y sus salones interiores<\/b><span style=\"font-weight: 400\"> que acoger\u00e1n la celebraci\u00f3n con la que siempre hab\u00e9is so\u00f1ado. Un lugar lleno de encanto, donde adem\u00e1s tambi\u00e9n podr\u00e9is disfrutar de unas vistas inigualables.<\/span><\/p>\n<figure id=\"attachment_24578\" aria-describedby=\"caption-attachment-24578\" style=\"width: 700px\" class=\"wp-caption aligncenter\"><img loading=\"lazy\" decoding=\"async\" class=\"wp-image-24578\" src=\"https:\/\/perfectvenue.es\/wp-content\/uploads\/2020\/01\/la-finca-glof-resort-alicante3.jpg\" alt=\"La finca Resort - Perfect Venue\" width=\"700\" height=\"466\" srcset=\"https:\/\/perfectvenue.es\/wp-content\/uploads\/2020\/01\/la-finca-glof-resort-alicante3.jpg?v=1626105241 850w, https:\/\/perfectvenue.es\/wp-content\/uploads\/2020\/01\/la-finca-glof-resort-alicante3-300x200.jpg?v=1626105241 300w, https:\/\/perfectvenue.es\/wp-content\/uploads\/2020\/01\/la-finca-glof-resort-alicante3-768x511.jpg?v=1626105241 768w, https:\/\/perfectvenue.es\/wp-content\/uploads\/2020\/01\/la-finca-glof-resort-alicante3-450x300.jpg?v=1626105241 450w, https:\/\/perfectvenue.es\/wp-content\/uploads\/2020\/01\/la-finca-glof-resort-alicante3-600x400.jpg?v=1626105241 600w\" sizes=\"auto, (max-width: 700px) 100vw, 700px\" \/><figcaption id=\"caption-attachment-24578\" class=\"wp-caption-text\"><a href=\"https:\/\/perfectvenue.es\/listings\/la-finca-resort\/\">La Finca Resort<\/a><\/figcaption><\/figure>\n<h3 style=\"text-align: justify\">La Galer\u00eda de La Mirada<\/h3>\n<p style=\"text-align: justify\"><span style=\"font-weight: 400\">Su excelente ubicaci\u00f3n, sus inmejorables vistas y el encanto de todas sus instalaciones har\u00e1n de este enclave, el escenario perfecto para un evento tan especial como el de vuestra boda.\u00a0 Asimismo, <\/span><b>si prefer\u00eds una celebraci\u00f3n al aire libre, la podr\u00e9is organizar en una de sus terrazas con vistas al mar.<\/b><\/p>\n<figure id=\"attachment_37171\" aria-describedby=\"caption-attachment-37171\" style=\"width: 700px\" class=\"wp-caption aligncenter\"><img loading=\"lazy\" decoding=\"async\" class=\"size-full wp-image-37171\" src=\"https:\/\/perfectvenue.es\/wp-content\/uploads\/2022\/09\/La-Galer\u00eda-de-La-Mirada-.png\" alt=\"Wedding in Alicante - Perfect Venue\" width=\"700\" height=\"503\" srcset=\"https:\/\/perfectvenue.es\/wp-content\/uploads\/2022\/09\/La-Galer\u00eda-de-La-Mirada-.png 700w, https:\/\/perfectvenue.es\/wp-content\/uploads\/2022\/09\/La-Galer\u00eda-de-La-Mirada--300x216.png 300w, https:\/\/perfectvenue.es\/wp-content\/uploads\/2022\/09\/La-Galer\u00eda-de-La-Mirada--450x323.png 450w, https:\/\/perfectvenue.es\/wp-content\/uploads\/2022\/09\/La-Galer\u00eda-de-La-Mirada--600x431.png 600w\" sizes=\"auto, (max-width: 700px) 100vw, 700px\" \/><figcaption id=\"caption-attachment-37171\" class=\"wp-caption-text\">Photo via: La Galer\u00eda de La Mirada<\/figcaption><\/figure>\n<h3 style=\"text-align: justify\">Hotel Meli\u00e1 Alicante<\/h3>\n<p style=\"text-align: justify\"><span style=\"font-weight: 400\">El Hotel Meli\u00e1 Alicante tiene una inmejorable ubicaci\u00f3n junto a la Playa del Postiguet, en el centro de la ciudad de Alicante, un a\u00f1adido a su amplitud, luminosidad y <\/span><b>magn\u00edficas vistas al Mar Mediterr\u00e1neo desde sus salones<\/b><span style=\"font-weight: 400\">. Adem\u00e1s, cuenta con una amplia propuesta gastron\u00f3mica, la cual podr\u00e9is personalizar o incluso <\/span><b>crear vuestro men\u00fa desde cero.<\/b><\/p>\n<h3 style=\"text-align: justify\">Gran Hotel Sol y Mar<span style=\"font-weight: 400\">\u00a0<\/span><\/h3>\n<p style=\"text-align: justify\"><span style=\"font-weight: 400\">Este es un sofisticado y espectacular hotel que se ubica a pie de mar, por lo que disfrutar\u00e9is de unas vistas \u00fanicas a la vez que goz\u00e1is de sus playas. <\/span><b>Desde el hotel podr\u00e9is divisar el famoso Pe\u00f1\u00f3n de Ifach<\/b><span style=\"font-weight: 400\">, al que tambi\u00e9n podr\u00e9is subir para sorprenderos desde lo m\u00e1s alto de la costa alicantina y concretamente la de Calpe.<\/span><\/p>\n<h3 style=\"text-align: justify\">Casa Santonja<\/h3>\n<p style=\"text-align: justify\"><span style=\"font-weight: 400\">Casa Santonja es una mas\u00eda construida en el siglo XIX que dispone de un amplio sal\u00f3n perfecto para celebrar bodas por todo lo alto. Ubicada en la localidad alicantina de Beniarbeig, este espectacular recinto esconde <\/span><b>rincones \u00fanicos que son perfectos para que vuestra boda parezca sacada de un cuento de hadas.<\/b><\/p>\n<figure id=\"attachment_28958\" aria-describedby=\"caption-attachment-28958\" style=\"width: 700px\" class=\"wp-caption aligncenter\"><img loading=\"lazy\" decoding=\"async\" class=\"size-full wp-image-28958\" src=\"https:\/\/perfectvenue.es\/wp-content\/uploads\/2020\/11\/casa-santonja-Perfect-Venue.jpg\" alt=\"\" width=\"700\" height=\"394\" srcset=\"https:\/\/perfectvenue.es\/wp-content\/uploads\/2020\/11\/casa-santonja-Perfect-Venue.jpg?v=1626103225 700w, https:\/\/perfectvenue.es\/wp-content\/uploads\/2020\/11\/casa-santonja-Perfect-Venue-300x169.jpg?v=1626103225 300w, https:\/\/perfectvenue.es\/wp-content\/uploads\/2020\/11\/casa-santonja-Perfect-Venue-450x253.jpg?v=1626103225 450w, https:\/\/perfectvenue.es\/wp-content\/uploads\/2020\/11\/casa-santonja-Perfect-Venue-600x338.jpg?v=1626103225 600w\" sizes=\"auto, (max-width: 700px) 100vw, 700px\" \/><figcaption id=\"caption-attachment-28958\" class=\"wp-caption-text\">Casa Santonja<\/figcaption><\/figure>\n<h3 style=\"text-align: justify\">Vegabodas \u2013 Finca Villa Vera<\/h3>\n<p style=\"text-align: justify\"><span style=\"font-weight: 400\">Perfecta para disfrutar de su puesta en escena y de su gastronom\u00eda, su compromiso, sus <\/span><b>rom\u00e1nticos jardines y sus detalles exclusivos<\/b><span style=\"font-weight: 400\">. Vegabodas conforma un entorno id\u00edlico para una celebraci\u00f3n m\u00e1gica y hecha a vuestra medida, haciendo realidad vuestros sue\u00f1os, como el de <\/span><b>degustar unos platos a la vez que se vive una experiencia de sabores.<\/b><\/p>\n<figure id=\"attachment_28959\" aria-describedby=\"caption-attachment-28959\" style=\"width: 700px\" class=\"wp-caption aligncenter\"><img loading=\"lazy\" decoding=\"async\" class=\"size-full wp-image-28959\" src=\"https:\/\/perfectvenue.es\/wp-content\/uploads\/2020\/11\/Vegabodas-\u2013-Finca-Villa-Vera-Perfect-Venue.jpg\" alt=\"\" width=\"700\" height=\"467\" srcset=\"https:\/\/perfectvenue.es\/wp-content\/uploads\/2020\/11\/Vegabodas-\u2013-Finca-Villa-Vera-Perfect-Venue.jpg?v=1626103224 700w, https:\/\/perfectvenue.es\/wp-content\/uploads\/2020\/11\/Vegabodas-\u2013-Finca-Villa-Vera-Perfect-Venue-300x200.jpg?v=1626103224 300w, https:\/\/perfectvenue.es\/wp-content\/uploads\/2020\/11\/Vegabodas-\u2013-Finca-Villa-Vera-Perfect-Venue-450x300.jpg?v=1626103224 450w, https:\/\/perfectvenue.es\/wp-content\/uploads\/2020\/11\/Vegabodas-\u2013-Finca-Villa-Vera-Perfect-Venue-600x400.jpg?v=1626103224 600w\" sizes=\"auto, (max-width: 700px) 100vw, 700px\" \/><figcaption id=\"caption-attachment-28959\" class=\"wp-caption-text\">Finca Villa Vera<\/figcaption><\/figure>\n<p style=\"text-align: justify\"><span style=\"font-weight: 400\">Si quieres ver otros <\/span><a href=\"https:\/\/perfectvenue.es\/2020\/07\/27\/should-i-get-married-in-valencia-yes-and-not-only-for-its-unique-wedding-venues\/\"><b>espacios que hay alrededor de Valencia<\/b><\/a><span style=\"font-weight: 400\"> no te pierdas este art\u00edculo, \u00a1porque ya has visto que con cualquiera de estos m\u00e1gicos lugares triunfar\u00e1s a la hora de celebrar tu <\/span><b>boda en la Comunidad Valenciana!<\/b><\/p>\n<p style=\"text-align: justify\"><span style=\"font-weight: 400\">\u00bfPuede que hayamos dado con el lugar que buscas? \u00a1Cu\u00e9ntanoslo en <\/span><b>Perfect Venue<\/b><span style=\"font-weight: 400\"> para ponernos manos a la obra con la organizaci\u00f3n de tu boda en el sur de la comunidad valenciano!<\/span><\/p>\n<p><\/p>\n<span class=\"tags-links\"><a href=\"https:\/\/perfectvenue.es\/es\/tag\/boda-en-alicante\/\" rel=\"tag\">Boda en Alicante<\/a><a href=\"https:\/\/perfectvenue.es\/es\/tag\/espacio-de-boda-alicante\/\" rel=\"tag\">Espacio de Boda Alicante<\/a><a href=\"https:\/\/perfectvenue.es\/es\/tag\/espacio-exclusivo-para-boda\/\" rel=\"tag\">espacio exclusivo para boda<\/a><a href=\"https:\/\/perfectvenue.es\/es\/tag\/exclusive-venue-in-spain\/\" rel=\"tag\">exclusive venue in Spain<\/a><a href=\"https:\/\/perfectvenue.es\/es\/tag\/wedding-in-alicante\/\" rel=\"tag\">wedding in Alicante<\/a><a href=\"https:\/\/perfectvenue.es\/es\/tag\/wedding-venue-alicante\/\" rel=\"tag\">wedding venue Alicante<\/a><a href=\"https:\/\/perfectvenue.es\/es\/tag\/%d1%81%d0%b2%d0%b0%d0%b4%d0%b5%d0%b1%d0%bd%d1%8b%d0%b5-%d0%bf%d0%bb%d0%be%d1%89%d0%b0%d0%b4%d0%ba%d0%b8-%d0%b0%d0%bb%d0%b8%d0%ba%d0%b0%d0%bd%d1%82%d0%b5\/\" rel=\"tag\">\u0421\u0432\u0430\u0434\u0435\u0431\u043d\u044b\u0435 \u043f\u043b\u043e\u0449\u0430\u0434\u043a\u0438 \u0410\u043b\u0438\u043a\u0430\u043d\u0442\u0435<\/a><a href=\"https:\/\/perfectvenue.es\/es\/tag\/%d1%81%d0%b2%d0%b0%d0%b4%d1%8c%d0%b1%d0%b0-%d0%b2-%d0%b0%d0%bb%d0%b8%d0%ba%d0%b0%d0%bd%d1%82%d0%b5\/\" rel=\"tag\">\u0441\u0432\u0430\u0434\u044c\u0431\u0430 \u0432 \u0410\u043b\u0438\u043a\u0430\u043d\u0442\u0435<\/a><a href=\"https:\/\/perfectvenue.es\/es\/tag\/%d1%8d%d0%ba%d1%81%d0%ba%d0%bb%d1%8e%d0%b7%d0%b8%d0%b2%d0%bd%d0%b0%d1%8f-%d1%81%d0%b2%d0%b0%d0%b4%d0%b5%d0%b1%d0%bd%d0%b0%d1%8f-%d0%bf%d0%bb%d0%be%d1%89%d0%b0%d0%b4%d0%ba%d0%b0\/\" rel=\"tag\">\u044d\u043a\u0441\u043a\u043b\u044e\u0437\u0438\u0432\u043d\u0430\u044f \u0441\u0432\u0430\u0434\u0435\u0431\u043d\u0430\u044f \u043f\u043b\u043e\u0449\u0430\u0434\u043a\u0430<\/a><\/span>","protected":false},"excerpt":{"rendered":"<p>Los espacios de bodas en Alicante no es lo \u00fanico singular con lo que cuenta la regi\u00f3n. Descubre en este art\u00edculo todo lo que tiene para ofrecerte.<\/p>\n","protected":false},"author":26511,"featured_media":24582,"comment_status":"closed","ping_status":"open","sticky":false,"template":"","format":"standard","meta":{"footnotes":""},"categories":[176],"tags":[862,5650,5164,5653,3688,5648,5651,5515,5652],"class_list":["post-37168","post","type-post","status-publish","format-standard","has-post-thumbnail","hentry","category-wedding","tag-boda-en-alicante","tag-espacio-de-boda-alicante","tag-espacio-exclusivo-para-boda","tag-exclusive-venue-in-spain","tag-wedding-in-alicante","tag-wedding-venue-alicante","tag-5651","tag-5515","tag-5652","post_region-alicante"],"_links":{"self":[{"href":"https:\/\/perfectvenue.es\/es\/wp-json\/wp\/v2\/posts\/37168","targetHints":{"allow":["GET"]}}],"collection":[{"href":"https:\/\/perfectvenue.es\/es\/wp-json\/wp\/v2\/posts"}],"about":[{"href":"https:\/\/perfectvenue.es\/es\/wp-json\/wp\/v2\/types\/post"}],"author":[{"embeddable":true,"href":"https:\/\/perfectvenue.es\/es\/wp-json\/wp\/v2\/users\/26511"}],"replies":[{"embeddable":true,"href":"https:\/\/perfectvenue.es\/es\/wp-json\/wp\/v2\/comments?post=37168"}],"version-history":[{"count":3,"href":"https:\/\/perfectvenue.es\/es\/wp-json\/wp\/v2\/posts\/37168\/revisions"}],"predecessor-version":[{"id":37175,"href":"https:\/\/perfectvenue.es\/es\/wp-json\/wp\/v2\/posts\/37168\/revisions\/37175"}],"wp:featuredmedia":[{"embeddable":true,"href":"https:\/\/perfectvenue.es\/es\/wp-json\/wp\/v2\/media\/24582"}],"wp:attachment":[{"href":"https:\/\/perfectvenue.es\/es\/wp-json\/wp\/v2\/media?parent=37168"}],"wp:term":[{"taxonomy":"category","embeddable":true,"href":"https:\/\/perfectvenue.es\/es\/wp-json\/wp\/v2\/categories?post=37168"},{"taxonomy":"post_tag","embeddable":true,"href":"https:\/\/perfectvenue.es\/es\/wp-json\/wp\/v2\/tags?post=37168"}],"curies":[{"name":"wp","href":"https:\/\/api.w.org\/{rel}","templated":true}]}}