{"id":37121,"date":"2022-09-09T16:24:57","date_gmt":"2022-09-09T13:24:57","guid":{"rendered":"https:\/\/perfectvenue.es\/?p=37121"},"modified":"2022-09-11T08:51:44","modified_gmt":"2022-09-11T05:51:44","slug":"fain-viejo-and-its-weddings-that-have-the-whole-world-talking","status":"publish","type":"post","link":"https:\/\/perfectvenue.es\/es\/2022\/09\/09\/fain-viejo-and-its-weddings-that-have-the-whole-world-talking\/","title":{"rendered":"Fa\u00edn Viejo y sus bodas, de las que todo el mundo habla"},"content":{"rendered":"<p><\/p>\n<p style=\"text-align: justify\"><span style=\"font-weight: 400\">Se acerca el gran d\u00eda y rondan por nuestra cabeza miles de ideas de espacios para celebrar nuestra boda, porque ante todo queremos que sea <\/span><b>un lugar precioso, especial, original y memorable.<\/b><\/p>\n<p style=\"text-align: justify\"><span style=\"font-weight: 400\">Pero en el caso de esta pareja, lo tuvieron claro nada m\u00e1s conocer la hacienda de <\/span><b>Fa\u00edn Viejo<\/b><span style=\"font-weight: 400\">, de la que Cristina, la novia, qued\u00f3 completamente enamorada nada m\u00e1s conocerla.<\/span><\/p>\n<h2 style=\"text-align: justify\">El \u201cs\u00ed quiero\u201d entre historia, arte, flora y fauna<\/h2>\n<p style=\"text-align: justify\"><span style=\"font-weight: 400\">Esta hacienda se trata de un olivar de valor incalculable, totalmente restaurada y decorada con <\/span><b>obras de arte y antig\u00fcedades<\/b><span style=\"font-weight: 400\"> exclusivas, por lo que sus espacios est\u00e1n repletos de historia y ambientes selectos.<\/span><\/p>\n<p style=\"text-align: justify\"><span style=\"font-weight: 400\">En las zonas de la hacienda se pueden ver sus magn\u00edficas b\u00f3vedas, galer\u00edas,<\/span> <span style=\"font-weight: 400\">biblioteca,<\/span> <span style=\"font-weight: 400\">grandes salones,<\/span><b> molino de aceite, alberca \u00a1y hasta un manantial propio!<\/b><\/p>\n<p style=\"text-align: justify\"><span style=\"font-weight: 400\">Pero el encanto est\u00e1 en sus jardines repletos de todo tipo de \u00e1rboles, como naranjos, limoneros,<\/span> <span style=\"font-weight: 400\">olivos, almendros,<\/span><b> higueras, ciruelas y nogales<\/b><span style=\"font-weight: 400\">, por donde adem\u00e1s se pueden ver animales como gallinas, palomas,<\/span><b> ocas, pavos reales y peces de colores<\/b><span style=\"font-weight: 400\"> en los estanques de los patios.<\/span><\/p>\n<figure id=\"attachment_37144\" aria-describedby=\"caption-attachment-37144\" style=\"width: 700px\" class=\"wp-caption aligncenter\"><img loading=\"lazy\" decoding=\"async\" class=\"size-full wp-image-37144\" src=\"https:\/\/perfectvenue.es\/wp-content\/uploads\/2022\/09\/Fa\u00edn-Viejo-and-its-weddings-that-have-the-whole-world-talking-13.jpeg\" alt=\"Wedding in Andalusia - Perfect Venue\" width=\"700\" height=\"1049\" srcset=\"https:\/\/perfectvenue.es\/wp-content\/uploads\/2022\/09\/Fa\u00edn-Viejo-and-its-weddings-that-have-the-whole-world-talking-13.jpeg 700w, https:\/\/perfectvenue.es\/wp-content\/uploads\/2022\/09\/Fa\u00edn-Viejo-and-its-weddings-that-have-the-whole-world-talking-13-200x300.jpeg 200w, https:\/\/perfectvenue.es\/wp-content\/uploads\/2022\/09\/Fa\u00edn-Viejo-and-its-weddings-that-have-the-whole-world-talking-13-683x1024.jpeg 683w, https:\/\/perfectvenue.es\/wp-content\/uploads\/2022\/09\/Fa\u00edn-Viejo-and-its-weddings-that-have-the-whole-world-talking-13-450x674.jpeg 450w, https:\/\/perfectvenue.es\/wp-content\/uploads\/2022\/09\/Fa\u00edn-Viejo-and-its-weddings-that-have-the-whole-world-talking-13-534x800.jpeg 534w, https:\/\/perfectvenue.es\/wp-content\/uploads\/2022\/09\/Fa\u00edn-Viejo-and-its-weddings-that-have-the-whole-world-talking-13-600x899.jpeg 600w\" sizes=\"auto, (max-width: 700px) 100vw, 700px\" \/><figcaption id=\"caption-attachment-37144\" class=\"wp-caption-text\"><a href=\"https:\/\/perfectvenue.es\/listings\/estate-fain-viejo\/\">Fa\u00edn Viejo<\/a>. Photo via: <a href=\"https:\/\/nataliaortizevents.com\/es\/\">Weddings and Events by Natalia Ortiz<\/a><\/figcaption><\/figure>\n<figure id=\"attachment_37143\" aria-describedby=\"caption-attachment-37143\" style=\"width: 700px\" class=\"wp-caption aligncenter\"><img loading=\"lazy\" decoding=\"async\" class=\"size-full wp-image-37143\" src=\"https:\/\/perfectvenue.es\/wp-content\/uploads\/2022\/09\/Fa\u00edn-Viejo-and-its-weddings-that-have-the-whole-world-talking-7.jpeg\" alt=\"Wedding in Andalusia - Perfect Venue\" width=\"700\" height=\"467\" srcset=\"https:\/\/perfectvenue.es\/wp-content\/uploads\/2022\/09\/Fa\u00edn-Viejo-and-its-weddings-that-have-the-whole-world-talking-7.jpeg 700w, https:\/\/perfectvenue.es\/wp-content\/uploads\/2022\/09\/Fa\u00edn-Viejo-and-its-weddings-that-have-the-whole-world-talking-7-300x200.jpeg 300w, https:\/\/perfectvenue.es\/wp-content\/uploads\/2022\/09\/Fa\u00edn-Viejo-and-its-weddings-that-have-the-whole-world-talking-7-450x300.jpeg 450w, https:\/\/perfectvenue.es\/wp-content\/uploads\/2022\/09\/Fa\u00edn-Viejo-and-its-weddings-that-have-the-whole-world-talking-7-600x400.jpeg 600w\" sizes=\"auto, (max-width: 700px) 100vw, 700px\" \/><figcaption id=\"caption-attachment-37143\" class=\"wp-caption-text\">Fa\u00edn Viejo. Photo via: <a href=\"https:\/\/nataliaortizevents.com\/es\/\">Weddings and Events by Natalia Ortiz<\/a><\/figcaption><\/figure>\n<figure id=\"attachment_37136\" aria-describedby=\"caption-attachment-37136\" style=\"width: 700px\" class=\"wp-caption aligncenter\"><img loading=\"lazy\" decoding=\"async\" class=\"size-full wp-image-37136\" src=\"https:\/\/perfectvenue.es\/wp-content\/uploads\/2022\/09\/Fa\u00edn-Viejo-and-its-weddings-that-have-the-whole-world-talking-1.jpeg\" alt=\"Wedding in Andalusia - Perfect Venue\" width=\"700\" height=\"467\" srcset=\"https:\/\/perfectvenue.es\/wp-content\/uploads\/2022\/09\/Fa\u00edn-Viejo-and-its-weddings-that-have-the-whole-world-talking-1.jpeg 700w, https:\/\/perfectvenue.es\/wp-content\/uploads\/2022\/09\/Fa\u00edn-Viejo-and-its-weddings-that-have-the-whole-world-talking-1-300x200.jpeg 300w, https:\/\/perfectvenue.es\/wp-content\/uploads\/2022\/09\/Fa\u00edn-Viejo-and-its-weddings-that-have-the-whole-world-talking-1-450x300.jpeg 450w, https:\/\/perfectvenue.es\/wp-content\/uploads\/2022\/09\/Fa\u00edn-Viejo-and-its-weddings-that-have-the-whole-world-talking-1-600x400.jpeg 600w\" sizes=\"auto, (max-width: 700px) 100vw, 700px\" \/><figcaption id=\"caption-attachment-37136\" class=\"wp-caption-text\"><a href=\"https:\/\/perfectvenue.es\/listings\/estate-fain-viejo\/\">Fa\u00edn Viejo<\/a>. Photo via: <a href=\"https:\/\/nataliaortizevents.com\/es\/\">Weddings and Events by Natalia Ortiz<\/a><\/figcaption><\/figure>\n<figure id=\"attachment_37134\" aria-describedby=\"caption-attachment-37134\" style=\"width: 700px\" class=\"wp-caption aligncenter\"><img loading=\"lazy\" decoding=\"async\" class=\"size-full wp-image-37134\" src=\"https:\/\/perfectvenue.es\/wp-content\/uploads\/2022\/09\/Fa\u00edn-Viejo-and-its-weddings-that-have-the-whole-world-talking-18.jpeg\" alt=\"Wedding in Andalusia - Perfect Venue\" width=\"700\" height=\"1050\" srcset=\"https:\/\/perfectvenue.es\/wp-content\/uploads\/2022\/09\/Fa\u00edn-Viejo-and-its-weddings-that-have-the-whole-world-talking-18.jpeg 700w, https:\/\/perfectvenue.es\/wp-content\/uploads\/2022\/09\/Fa\u00edn-Viejo-and-its-weddings-that-have-the-whole-world-talking-18-200x300.jpeg 200w, https:\/\/perfectvenue.es\/wp-content\/uploads\/2022\/09\/Fa\u00edn-Viejo-and-its-weddings-that-have-the-whole-world-talking-18-683x1024.jpeg 683w, https:\/\/perfectvenue.es\/wp-content\/uploads\/2022\/09\/Fa\u00edn-Viejo-and-its-weddings-that-have-the-whole-world-talking-18-450x675.jpeg 450w, https:\/\/perfectvenue.es\/wp-content\/uploads\/2022\/09\/Fa\u00edn-Viejo-and-its-weddings-that-have-the-whole-world-talking-18-533x800.jpeg 533w, https:\/\/perfectvenue.es\/wp-content\/uploads\/2022\/09\/Fa\u00edn-Viejo-and-its-weddings-that-have-the-whole-world-talking-18-600x900.jpeg 600w\" sizes=\"auto, (max-width: 700px) 100vw, 700px\" \/><figcaption id=\"caption-attachment-37134\" class=\"wp-caption-text\"><a href=\"https:\/\/perfectvenue.es\/listings\/estate-fain-viejo\/\">Fa\u00edn Viejo<\/a>. Photo via: <a href=\"https:\/\/nataliaortizevents.com\/es\/\">Weddings and Events by Natalia Ortiz<\/a><\/figcaption><\/figure>\n<figure id=\"attachment_37146\" aria-describedby=\"caption-attachment-37146\" style=\"width: 700px\" class=\"wp-caption aligncenter\"><img loading=\"lazy\" decoding=\"async\" class=\"size-full wp-image-37146\" src=\"https:\/\/perfectvenue.es\/wp-content\/uploads\/2022\/09\/Fa\u00edn-Viejo-and-its-weddings-that-have-the-whole-world-talking-17.jpeg\" alt=\"Wedding in Andalusia - Perfect Venue\" width=\"700\" height=\"467\" srcset=\"https:\/\/perfectvenue.es\/wp-content\/uploads\/2022\/09\/Fa\u00edn-Viejo-and-its-weddings-that-have-the-whole-world-talking-17.jpeg 700w, https:\/\/perfectvenue.es\/wp-content\/uploads\/2022\/09\/Fa\u00edn-Viejo-and-its-weddings-that-have-the-whole-world-talking-17-300x200.jpeg 300w, https:\/\/perfectvenue.es\/wp-content\/uploads\/2022\/09\/Fa\u00edn-Viejo-and-its-weddings-that-have-the-whole-world-talking-17-450x300.jpeg 450w, https:\/\/perfectvenue.es\/wp-content\/uploads\/2022\/09\/Fa\u00edn-Viejo-and-its-weddings-that-have-the-whole-world-talking-17-600x400.jpeg 600w\" sizes=\"auto, (max-width: 700px) 100vw, 700px\" \/><figcaption id=\"caption-attachment-37146\" class=\"wp-caption-text\"><a href=\"https:\/\/perfectvenue.es\/listings\/estate-fain-viejo\/\">Fa\u00edn Viejo<\/a>. Photo via: <a href=\"https:\/\/nataliaortizevents.com\/es\/\">Weddings and Events by Natalia Ortiz<\/a><\/figcaption><\/figure>\n<h2 style=\"text-align: justify\">En el coraz\u00f3n de Andaluc\u00eda<\/h2>\n<p style=\"text-align: justify\"><span style=\"font-weight: 400\">Los novios se decantaron por tierras andaluzas y se trasladaron hasta <\/span><b>C\u00e1diz,<\/b><span style=\"font-weight: 400\"> concretamente hasta <\/span><b>Arcos de la Frontera<\/b><span style=\"font-weight: 400\">, para contraer matrimonio bajo su sol dorado y los aromas de las mejores tapas de toda Espa\u00f1a.<\/span><\/p>\n<figure id=\"attachment_37139\" aria-describedby=\"caption-attachment-37139\" style=\"width: 700px\" class=\"wp-caption aligncenter\"><img loading=\"lazy\" decoding=\"async\" class=\"size-full wp-image-37139\" src=\"https:\/\/perfectvenue.es\/wp-content\/uploads\/2022\/09\/Fa\u00edn-Viejo-and-its-weddings-that-have-the-whole-world-talking-11.jpeg\" alt=\"Wedding in Andalusia - Perfect Venue\" width=\"700\" height=\"467\" srcset=\"https:\/\/perfectvenue.es\/wp-content\/uploads\/2022\/09\/Fa\u00edn-Viejo-and-its-weddings-that-have-the-whole-world-talking-11.jpeg 700w, https:\/\/perfectvenue.es\/wp-content\/uploads\/2022\/09\/Fa\u00edn-Viejo-and-its-weddings-that-have-the-whole-world-talking-11-300x200.jpeg 300w, https:\/\/perfectvenue.es\/wp-content\/uploads\/2022\/09\/Fa\u00edn-Viejo-and-its-weddings-that-have-the-whole-world-talking-11-450x300.jpeg 450w, https:\/\/perfectvenue.es\/wp-content\/uploads\/2022\/09\/Fa\u00edn-Viejo-and-its-weddings-that-have-the-whole-world-talking-11-600x400.jpeg 600w\" sizes=\"auto, (max-width: 700px) 100vw, 700px\" \/><figcaption id=\"caption-attachment-37139\" class=\"wp-caption-text\"><a href=\"https:\/\/perfectvenue.es\/listings\/estate-fain-viejo\/\">Fa\u00edn Viejo<\/a>. Photo via: <a href=\"https:\/\/nataliaortizevents.com\/es\/\">Weddings and Events by Natalia Ortiz<\/a><\/figcaption><\/figure>\n<figure id=\"attachment_37127\" aria-describedby=\"caption-attachment-37127\" style=\"width: 700px\" class=\"wp-caption aligncenter\"><img loading=\"lazy\" decoding=\"async\" class=\"size-full wp-image-37127\" src=\"https:\/\/perfectvenue.es\/wp-content\/uploads\/2022\/09\/Fa\u00edn-Viejo-and-its-weddings-that-have-the-whole-world-talking-14.jpeg\" alt=\"Wedding in Andalusia - Perfect Venue\" width=\"700\" height=\"1050\" srcset=\"https:\/\/perfectvenue.es\/wp-content\/uploads\/2022\/09\/Fa\u00edn-Viejo-and-its-weddings-that-have-the-whole-world-talking-14.jpeg 700w, https:\/\/perfectvenue.es\/wp-content\/uploads\/2022\/09\/Fa\u00edn-Viejo-and-its-weddings-that-have-the-whole-world-talking-14-200x300.jpeg 200w, https:\/\/perfectvenue.es\/wp-content\/uploads\/2022\/09\/Fa\u00edn-Viejo-and-its-weddings-that-have-the-whole-world-talking-14-683x1024.jpeg 683w, https:\/\/perfectvenue.es\/wp-content\/uploads\/2022\/09\/Fa\u00edn-Viejo-and-its-weddings-that-have-the-whole-world-talking-14-450x675.jpeg 450w, https:\/\/perfectvenue.es\/wp-content\/uploads\/2022\/09\/Fa\u00edn-Viejo-and-its-weddings-that-have-the-whole-world-talking-14-533x800.jpeg 533w, https:\/\/perfectvenue.es\/wp-content\/uploads\/2022\/09\/Fa\u00edn-Viejo-and-its-weddings-that-have-the-whole-world-talking-14-600x900.jpeg 600w\" sizes=\"auto, (max-width: 700px) 100vw, 700px\" \/><figcaption id=\"caption-attachment-37127\" class=\"wp-caption-text\"><a href=\"https:\/\/perfectvenue.es\/listings\/estate-fain-viejo\/\">Fa\u00edn Viejo<\/a>. Photo via: <a href=\"https:\/\/nataliaortizevents.com\/es\/\">Weddings and Events by Natalia Ortiz<\/a><\/figcaption><\/figure>\n<figure id=\"attachment_37130\" aria-describedby=\"caption-attachment-37130\" style=\"width: 700px\" class=\"wp-caption aligncenter\"><img loading=\"lazy\" decoding=\"async\" class=\"size-full wp-image-37130\" src=\"https:\/\/perfectvenue.es\/wp-content\/uploads\/2022\/09\/Fa\u00edn-Viejo-and-its-weddings-that-have-the-whole-world-talking-6.jpeg\" alt=\"Wedding in Andalusia - Perfect Venue\" width=\"700\" height=\"1050\" srcset=\"https:\/\/perfectvenue.es\/wp-content\/uploads\/2022\/09\/Fa\u00edn-Viejo-and-its-weddings-that-have-the-whole-world-talking-6.jpeg 700w, https:\/\/perfectvenue.es\/wp-content\/uploads\/2022\/09\/Fa\u00edn-Viejo-and-its-weddings-that-have-the-whole-world-talking-6-200x300.jpeg 200w, https:\/\/perfectvenue.es\/wp-content\/uploads\/2022\/09\/Fa\u00edn-Viejo-and-its-weddings-that-have-the-whole-world-talking-6-683x1024.jpeg 683w, https:\/\/perfectvenue.es\/wp-content\/uploads\/2022\/09\/Fa\u00edn-Viejo-and-its-weddings-that-have-the-whole-world-talking-6-450x675.jpeg 450w, https:\/\/perfectvenue.es\/wp-content\/uploads\/2022\/09\/Fa\u00edn-Viejo-and-its-weddings-that-have-the-whole-world-talking-6-533x800.jpeg 533w, https:\/\/perfectvenue.es\/wp-content\/uploads\/2022\/09\/Fa\u00edn-Viejo-and-its-weddings-that-have-the-whole-world-talking-6-600x900.jpeg 600w\" sizes=\"auto, (max-width: 700px) 100vw, 700px\" \/><figcaption id=\"caption-attachment-37130\" class=\"wp-caption-text\"><a href=\"https:\/\/perfectvenue.es\/listings\/estate-fain-viejo\/\">Fa\u00edn Viejo<\/a>. Photo via: <a href=\"https:\/\/nataliaortizevents.com\/es\/\">Weddings and Events by Natalia Ortiz<\/a><\/figcaption><\/figure>\n<h2 style=\"text-align: justify\">La decoraci\u00f3n del olivar para el gran d\u00eda<\/h2>\n<p style=\"text-align: justify\"><span style=\"font-weight: 400\">La ceremonia se celebr\u00f3 en los exteriores, los cuales estuvieron decorados por una gran alfombra y una fila de sillas blancas para los invitados. Los novios estuvieron dispuestos sobre un banco de mimbre y unos cojines blancos.<\/span><\/p>\n<p style=\"text-align: justify\"><span style=\"font-weight: 400\">En el altar se pudo disfrutar de un gran ramo de flores rosas fucsias sobre un mantel de calados y de peque\u00f1os ramos de paniculatas blancas que adornaban todo el espacio.<\/span><\/p>\n<p style=\"text-align: justify\"><span style=\"font-weight: 400\">Este toque de color granate en los claveles, calas, paniculatas y hojas dentadas lo puso <\/span><b>Florenea, que<\/b> <b>hizo del<\/b> <b>olivar un completo fest\u00edn de color.<\/b><\/p>\n<figure id=\"attachment_37135\" aria-describedby=\"caption-attachment-37135\" style=\"width: 700px\" class=\"wp-caption aligncenter\"><img loading=\"lazy\" decoding=\"async\" class=\"size-full wp-image-37135\" src=\"https:\/\/perfectvenue.es\/wp-content\/uploads\/2022\/09\/Fa\u00edn-Viejo-and-its-weddings-that-have-the-whole-world-talking-21.jpeg\" alt=\"Wedding in Andalusia - Perfect Venue\" width=\"700\" height=\"1050\" srcset=\"https:\/\/perfectvenue.es\/wp-content\/uploads\/2022\/09\/Fa\u00edn-Viejo-and-its-weddings-that-have-the-whole-world-talking-21.jpeg 700w, https:\/\/perfectvenue.es\/wp-content\/uploads\/2022\/09\/Fa\u00edn-Viejo-and-its-weddings-that-have-the-whole-world-talking-21-200x300.jpeg 200w, https:\/\/perfectvenue.es\/wp-content\/uploads\/2022\/09\/Fa\u00edn-Viejo-and-its-weddings-that-have-the-whole-world-talking-21-683x1024.jpeg 683w, https:\/\/perfectvenue.es\/wp-content\/uploads\/2022\/09\/Fa\u00edn-Viejo-and-its-weddings-that-have-the-whole-world-talking-21-450x675.jpeg 450w, https:\/\/perfectvenue.es\/wp-content\/uploads\/2022\/09\/Fa\u00edn-Viejo-and-its-weddings-that-have-the-whole-world-talking-21-533x800.jpeg 533w, https:\/\/perfectvenue.es\/wp-content\/uploads\/2022\/09\/Fa\u00edn-Viejo-and-its-weddings-that-have-the-whole-world-talking-21-600x900.jpeg 600w\" sizes=\"auto, (max-width: 700px) 100vw, 700px\" \/><figcaption id=\"caption-attachment-37135\" class=\"wp-caption-text\"><a href=\"https:\/\/perfectvenue.es\/listings\/estate-fain-viejo\/\">Fa\u00edn Viejo<\/a>. Photo via: <a href=\"https:\/\/nataliaortizevents.com\/es\/\">Weddings and Events by Natalia Ortiz<\/a><\/figcaption><\/figure>\n<figure id=\"attachment_37129\" aria-describedby=\"caption-attachment-37129\" style=\"width: 700px\" class=\"wp-caption aligncenter\"><img loading=\"lazy\" decoding=\"async\" class=\"size-full wp-image-37129\" src=\"https:\/\/perfectvenue.es\/wp-content\/uploads\/2022\/09\/Fa\u00edn-Viejo-and-its-weddings-that-have-the-whole-world-talking-5.jpeg\" alt=\"Wedding in Andalusia - Perfect Venue\" width=\"700\" height=\"467\" srcset=\"https:\/\/perfectvenue.es\/wp-content\/uploads\/2022\/09\/Fa\u00edn-Viejo-and-its-weddings-that-have-the-whole-world-talking-5.jpeg 700w, https:\/\/perfectvenue.es\/wp-content\/uploads\/2022\/09\/Fa\u00edn-Viejo-and-its-weddings-that-have-the-whole-world-talking-5-300x200.jpeg 300w, https:\/\/perfectvenue.es\/wp-content\/uploads\/2022\/09\/Fa\u00edn-Viejo-and-its-weddings-that-have-the-whole-world-talking-5-450x300.jpeg 450w, https:\/\/perfectvenue.es\/wp-content\/uploads\/2022\/09\/Fa\u00edn-Viejo-and-its-weddings-that-have-the-whole-world-talking-5-600x400.jpeg 600w\" sizes=\"auto, (max-width: 700px) 100vw, 700px\" \/><figcaption id=\"caption-attachment-37129\" class=\"wp-caption-text\"><a href=\"https:\/\/perfectvenue.es\/listings\/estate-fain-viejo\/\">Fa\u00edn Viejo<\/a>. Photo via: <a href=\"https:\/\/nataliaortizevents.com\/es\/\">Weddings and Events by Natalia Ortiz<\/a><\/figcaption><\/figure>\n<h2 style=\"text-align: justify\">El banquete, tambi\u00e9n en la hacienda<\/h2>\n<p style=\"text-align: justify\"><b>Fa\u00edn Viejo cuenta con la cocina t\u00edpica de la huerta<\/b><span style=\"font-weight: 400\">, donde los novios pudieron degustar los platos que combinan verduras y legumbres como: los ajos molineros, los alcauciles rellenos, <\/span><b>el potaje de acelgas, los salpicones o las ensaladas<\/b><span style=\"font-weight: 400\"> de las que los novios no dejaron ni rastro en el plato.<\/span><\/p>\n<p style=\"text-align: justify\"><span style=\"font-weight: 400\">En el banquete, la hacienda segu\u00eda decorada con la misma l\u00ednea que el resto de los espacios, cambiando los fucsias y granates por los azules mediante platos, vasos y posa-platos de mimbre.<\/span><\/p>\n<h2 style=\"text-align: justify\">Unas vestimentas acordes al antiguo monasterio<\/h2>\n<p style=\"text-align: justify\"><span style=\"font-weight: 400\">La novia, para casarse en este entorno, eligi\u00f3 la firma nupcial de <\/span><b>Mar\u00eda Jes\u00fas Dom\u00ednguez<\/b><span style=\"font-weight: 400\">, de la que finalmente se decant\u00f3 por un vestido de princesa y escote en pico, con tul, puntillas, bordados y lentejuelas, todo acompa\u00f1ado de un elegante velo.<\/span><\/p>\n<p style=\"text-align: justify\"><span style=\"font-weight: 400\">Rosario fue la encargada del peinado, con un recogido en mo\u00f1o bajo y tocado de joya, adem\u00e1s del sencillo maquillaje.<\/span><\/p>\n<p style=\"text-align: justify\"><span style=\"font-weight: 400\">Y el novio, de la boutique <\/span><b>Como Un Se\u00f1or<\/b><span style=\"font-weight: 400\">, visti\u00f3 un traje azul marino combinado con un chaleco barroco y una joya en el centro de la corbata.<\/span><\/p>\n<figure id=\"attachment_37141\" aria-describedby=\"caption-attachment-37141\" style=\"width: 700px\" class=\"wp-caption aligncenter\"><img loading=\"lazy\" decoding=\"async\" class=\"size-full wp-image-37141\" src=\"https:\/\/perfectvenue.es\/wp-content\/uploads\/2022\/09\/Fa\u00edn-Viejo-and-its-weddings-that-have-the-whole-world-talking-20.jpeg\" alt=\"Wedding in Andalusia - Perfect Venue\" width=\"700\" height=\"1050\" srcset=\"https:\/\/perfectvenue.es\/wp-content\/uploads\/2022\/09\/Fa\u00edn-Viejo-and-its-weddings-that-have-the-whole-world-talking-20.jpeg 700w, https:\/\/perfectvenue.es\/wp-content\/uploads\/2022\/09\/Fa\u00edn-Viejo-and-its-weddings-that-have-the-whole-world-talking-20-200x300.jpeg 200w, https:\/\/perfectvenue.es\/wp-content\/uploads\/2022\/09\/Fa\u00edn-Viejo-and-its-weddings-that-have-the-whole-world-talking-20-683x1024.jpeg 683w, https:\/\/perfectvenue.es\/wp-content\/uploads\/2022\/09\/Fa\u00edn-Viejo-and-its-weddings-that-have-the-whole-world-talking-20-450x675.jpeg 450w, https:\/\/perfectvenue.es\/wp-content\/uploads\/2022\/09\/Fa\u00edn-Viejo-and-its-weddings-that-have-the-whole-world-talking-20-533x800.jpeg 533w, https:\/\/perfectvenue.es\/wp-content\/uploads\/2022\/09\/Fa\u00edn-Viejo-and-its-weddings-that-have-the-whole-world-talking-20-600x900.jpeg 600w\" sizes=\"auto, (max-width: 700px) 100vw, 700px\" \/><figcaption id=\"caption-attachment-37141\" class=\"wp-caption-text\"><a href=\"https:\/\/perfectvenue.es\/listings\/estate-fain-viejo\/\">Fa\u00edn Viejo<\/a>. Photo via: <a href=\"https:\/\/nataliaortizevents.com\/es\/\">Weddings and Events by Natalia Ortiz<\/a><\/figcaption><\/figure>\n<figure id=\"attachment_37145\" aria-describedby=\"caption-attachment-37145\" style=\"width: 700px\" class=\"wp-caption aligncenter\"><img loading=\"lazy\" decoding=\"async\" class=\"size-full wp-image-37145\" src=\"https:\/\/perfectvenue.es\/wp-content\/uploads\/2022\/09\/Fa\u00edn-Viejo-and-its-weddings-that-have-the-whole-world-talking-16.jpeg\" alt=\"Wedding in Andalusia - Perfect Venue\" width=\"700\" height=\"1050\" srcset=\"https:\/\/perfectvenue.es\/wp-content\/uploads\/2022\/09\/Fa\u00edn-Viejo-and-its-weddings-that-have-the-whole-world-talking-16.jpeg 700w, https:\/\/perfectvenue.es\/wp-content\/uploads\/2022\/09\/Fa\u00edn-Viejo-and-its-weddings-that-have-the-whole-world-talking-16-200x300.jpeg 200w, https:\/\/perfectvenue.es\/wp-content\/uploads\/2022\/09\/Fa\u00edn-Viejo-and-its-weddings-that-have-the-whole-world-talking-16-683x1024.jpeg 683w, https:\/\/perfectvenue.es\/wp-content\/uploads\/2022\/09\/Fa\u00edn-Viejo-and-its-weddings-that-have-the-whole-world-talking-16-450x675.jpeg 450w, https:\/\/perfectvenue.es\/wp-content\/uploads\/2022\/09\/Fa\u00edn-Viejo-and-its-weddings-that-have-the-whole-world-talking-16-533x800.jpeg 533w, https:\/\/perfectvenue.es\/wp-content\/uploads\/2022\/09\/Fa\u00edn-Viejo-and-its-weddings-that-have-the-whole-world-talking-16-600x900.jpeg 600w\" sizes=\"auto, (max-width: 700px) 100vw, 700px\" \/><figcaption id=\"caption-attachment-37145\" class=\"wp-caption-text\"><a href=\"https:\/\/perfectvenue.es\/listings\/estate-fain-viejo\/\">Fa\u00edn Viejo<\/a>. Photo via: <a href=\"https:\/\/nataliaortizevents.com\/es\/\">Weddings and Events by Natalia Ortiz<\/a><\/figcaption><\/figure>\n<figure id=\"attachment_37126\" aria-describedby=\"caption-attachment-37126\" style=\"width: 700px\" class=\"wp-caption aligncenter\"><img loading=\"lazy\" decoding=\"async\" class=\"size-full wp-image-37126\" src=\"https:\/\/perfectvenue.es\/wp-content\/uploads\/2022\/09\/Fa\u00edn-Viejo-and-its-weddings-that-have-the-whole-world-talking-8.jpeg\" alt=\"Wedding in Andalusia - Perfect Venue\" width=\"700\" height=\"1050\" srcset=\"https:\/\/perfectvenue.es\/wp-content\/uploads\/2022\/09\/Fa\u00edn-Viejo-and-its-weddings-that-have-the-whole-world-talking-8.jpeg 700w, https:\/\/perfectvenue.es\/wp-content\/uploads\/2022\/09\/Fa\u00edn-Viejo-and-its-weddings-that-have-the-whole-world-talking-8-200x300.jpeg 200w, https:\/\/perfectvenue.es\/wp-content\/uploads\/2022\/09\/Fa\u00edn-Viejo-and-its-weddings-that-have-the-whole-world-talking-8-683x1024.jpeg 683w, https:\/\/perfectvenue.es\/wp-content\/uploads\/2022\/09\/Fa\u00edn-Viejo-and-its-weddings-that-have-the-whole-world-talking-8-450x675.jpeg 450w, https:\/\/perfectvenue.es\/wp-content\/uploads\/2022\/09\/Fa\u00edn-Viejo-and-its-weddings-that-have-the-whole-world-talking-8-533x800.jpeg 533w, https:\/\/perfectvenue.es\/wp-content\/uploads\/2022\/09\/Fa\u00edn-Viejo-and-its-weddings-that-have-the-whole-world-talking-8-600x900.jpeg 600w\" sizes=\"auto, (max-width: 700px) 100vw, 700px\" \/><figcaption id=\"caption-attachment-37126\" class=\"wp-caption-text\"><a href=\"https:\/\/perfectvenue.es\/listings\/estate-fain-viejo\/\">Fa\u00edn Viejo<\/a>. Photo via: <a href=\"https:\/\/nataliaortizevents.com\/es\/\">Weddings and Events by Natalia Ortiz<\/a><\/figcaption><\/figure>\n<h2 style=\"text-align: justify\">Noche de bodas en Fa\u00edn Viejo<\/h2>\n<p style=\"text-align: justify\"><span style=\"font-weight: 400\">S\u00ed, en esta preciosa hacienda tambi\u00e9n puedes pasar tu noche de bodas, y eso precisamente es lo que hicieron estos novios. Porque este olivar cuenta con diez originales y lujosas <\/span><b>habitaciones<\/b> <b>en la antigua torre de vigilancia, en el molino de aceite, cerca del manantial \u00a1y hasta con chimenea y biblioteca!<\/b><span style=\"font-weight: 400\"> Esto s\u00ed que es dormir como en un cuento.<\/span><span style=\"font-weight: 400\">\u00a0<\/span><\/p>\n<p style=\"text-align: justify\"><span style=\"font-weight: 400\">La Wedding Planner de esta fant\u00e1stica boda no pod\u00eda ser otra que <\/span><b>Natalia Ortiz<\/b><span style=\"font-weight: 400\">, que, junto a Samuel y Helen, los fot\u00f3grafos, consiguieron que los novios triunfasen en el d\u00eda m\u00e1s importante de sus vidas.<\/span><\/p>\n<p style=\"text-align: justify\"><span style=\"font-weight: 400\">Si tambi\u00e9n quieres casarte en este monasterio, el cual fue en su d\u00eda una c\u00e1rcel, cuenta con nosotros en <\/span><b>Perfect Venue<\/b><span style=\"font-weight: 400\">, \u00a1porque si a los novios no se le ocurri\u00f3 un entorno mejor, a nosotros tampoco!<\/span><\/p>\n<figure id=\"attachment_37128\" aria-describedby=\"caption-attachment-37128\" style=\"width: 700px\" class=\"wp-caption aligncenter\"><img loading=\"lazy\" decoding=\"async\" class=\"size-full wp-image-37128\" src=\"https:\/\/perfectvenue.es\/wp-content\/uploads\/2022\/09\/Fa\u00edn-Viejo-and-its-weddings-that-have-the-whole-world-talking-15.jpeg\" alt=\"Wedding in Andalusia - Perfect Venue\" width=\"700\" height=\"1050\" srcset=\"https:\/\/perfectvenue.es\/wp-content\/uploads\/2022\/09\/Fa\u00edn-Viejo-and-its-weddings-that-have-the-whole-world-talking-15.jpeg 700w, https:\/\/perfectvenue.es\/wp-content\/uploads\/2022\/09\/Fa\u00edn-Viejo-and-its-weddings-that-have-the-whole-world-talking-15-200x300.jpeg 200w, https:\/\/perfectvenue.es\/wp-content\/uploads\/2022\/09\/Fa\u00edn-Viejo-and-its-weddings-that-have-the-whole-world-talking-15-683x1024.jpeg 683w, https:\/\/perfectvenue.es\/wp-content\/uploads\/2022\/09\/Fa\u00edn-Viejo-and-its-weddings-that-have-the-whole-world-talking-15-450x675.jpeg 450w, https:\/\/perfectvenue.es\/wp-content\/uploads\/2022\/09\/Fa\u00edn-Viejo-and-its-weddings-that-have-the-whole-world-talking-15-533x800.jpeg 533w, https:\/\/perfectvenue.es\/wp-content\/uploads\/2022\/09\/Fa\u00edn-Viejo-and-its-weddings-that-have-the-whole-world-talking-15-600x900.jpeg 600w\" sizes=\"auto, (max-width: 700px) 100vw, 700px\" \/><figcaption id=\"caption-attachment-37128\" class=\"wp-caption-text\"><a href=\"https:\/\/perfectvenue.es\/listings\/estate-fain-viejo\/\">Fa\u00edn Viejo<\/a>. Photo via: <a href=\"https:\/\/nataliaortizevents.com\/es\/\">Weddings and Events by Natalia Ortiz<\/a><\/figcaption><\/figure>\n<figure id=\"attachment_37138\" aria-describedby=\"caption-attachment-37138\" style=\"width: 700px\" class=\"wp-caption aligncenter\"><img loading=\"lazy\" decoding=\"async\" class=\"size-full wp-image-37138\" src=\"https:\/\/perfectvenue.es\/wp-content\/uploads\/2022\/09\/Fa\u00edn-Viejo-and-its-weddings-that-have-the-whole-world-talking-4.jpeg\" alt=\"Wedding in Andalusia - Perfect Venue\" width=\"700\" height=\"1050\" srcset=\"https:\/\/perfectvenue.es\/wp-content\/uploads\/2022\/09\/Fa\u00edn-Viejo-and-its-weddings-that-have-the-whole-world-talking-4.jpeg 700w, https:\/\/perfectvenue.es\/wp-content\/uploads\/2022\/09\/Fa\u00edn-Viejo-and-its-weddings-that-have-the-whole-world-talking-4-200x300.jpeg 200w, https:\/\/perfectvenue.es\/wp-content\/uploads\/2022\/09\/Fa\u00edn-Viejo-and-its-weddings-that-have-the-whole-world-talking-4-683x1024.jpeg 683w, https:\/\/perfectvenue.es\/wp-content\/uploads\/2022\/09\/Fa\u00edn-Viejo-and-its-weddings-that-have-the-whole-world-talking-4-450x675.jpeg 450w, https:\/\/perfectvenue.es\/wp-content\/uploads\/2022\/09\/Fa\u00edn-Viejo-and-its-weddings-that-have-the-whole-world-talking-4-533x800.jpeg 533w, https:\/\/perfectvenue.es\/wp-content\/uploads\/2022\/09\/Fa\u00edn-Viejo-and-its-weddings-that-have-the-whole-world-talking-4-600x900.jpeg 600w\" sizes=\"auto, (max-width: 700px) 100vw, 700px\" \/><figcaption id=\"caption-attachment-37138\" class=\"wp-caption-text\"><a href=\"https:\/\/perfectvenue.es\/listings\/estate-fain-viejo\/\">Fa\u00edn Viejo<\/a>. Photo via: <a href=\"https:\/\/nataliaortizevents.com\/es\/\">Weddings and Events by Natalia Ortiz<\/a><\/figcaption><\/figure>\n<h3 style=\"text-align: justify\"><span style=\"font-weight: 400\">The wedding team:<\/span><\/h3>\n<p style=\"text-align: justify\"><span style=\"font-weight: 400\">Venue: @fainviejo \/\/ Planning: <a href=\"https:\/\/nataliaortizevents.com\/es\/\">Weddings and Events by Natalia Ortiz <\/a><\/span><span style=\"font-weight: 400\">@nataliaortizwed <\/span><span style=\"font-weight: 400\">@weddinginspain \/\/ Photography: @bloomfield_wedding_photography \/\/ MUAH: @rosario_makeup \/\/ Bride dress: @vestidosmjd \/\/ Bride: @d2bcristina \/\/ Flowers: @Florenea \/\/ Groom suit: @comounsr \/\/<\/span><\/p>\n<p><\/p>\n<span class=\"tags-links\"><a href=\"https:\/\/perfectvenue.es\/es\/tag\/boda-en-andalucia\/\" rel=\"tag\">boda en Andaluc\u00eda<\/a><a href=\"https:\/\/perfectvenue.es\/es\/tag\/espacio-boda-andalucia\/\" rel=\"tag\">Espacio boda Andaluc\u00eda<\/a><a href=\"https:\/\/perfectvenue.es\/es\/tag\/wedding-in-andalusia\/\" rel=\"tag\">wedding in Andalusia<\/a><a href=\"https:\/\/perfectvenue.es\/es\/tag\/wedding-venue-andalusia\/\" rel=\"tag\">Wedding venue Andalusia<\/a><a href=\"https:\/\/perfectvenue.es\/es\/tag\/%d1%81%d0%b2%d0%b0%d0%b4%d0%b5%d0%b1%d0%bd%d1%8b%d0%b5-%d0%bf%d0%bb%d0%be%d1%89%d0%b0%d0%b4%d0%ba%d0%b8-%d0%b0%d0%bd%d0%b4%d0%b0%d0%bb%d1%83%d1%81%d0%b8%d0%b8\/\" rel=\"tag\">\u0441\u0432\u0430\u0434\u0435\u0431\u043d\u044b\u0435 \u043f\u043b\u043e\u0449\u0430\u0434\u043a\u0438 \u0410\u043d\u0434\u0430\u043b\u0443\u0441\u0438\u0438<\/a><a href=\"https:\/\/perfectvenue.es\/es\/tag\/%d1%81%d0%b2%d0%b0%d0%b4%d1%8c%d0%b1%d0%b0-%d0%b2-%d0%b0%d0%bd%d0%b4%d0%b0%d0%bb%d1%83%d1%81%d0%b8%d0%b8\/\" rel=\"tag\">\u0421\u0432\u0430\u0434\u044c\u0431\u0430 \u0432 \u0410\u043d\u0434\u0430\u043b\u0443\u0441\u0438\u0438<\/a><\/span>","protected":false},"excerpt":{"rendered":"<p>Est\u00e1s buscando espacio de boda para casarte en Andalucia? Fain Viejo puede ser la mejor opci\u00f3n para ti! \u00bfPorqu\u00e9? En este art\u00edculo te contamos todo.<\/p>\n","protected":false},"author":26511,"featured_media":37140,"comment_status":"closed","ping_status":"open","sticky":false,"template":"","format":"standard","meta":{"footnotes":""},"categories":[176],"tags":[3694,5168,3524,5167,5641,5169],"class_list":["post-37121","post","type-post","status-publish","format-standard","has-post-thumbnail","hentry","category-wedding","tag-boda-en-andalucia","tag-espacio-boda-andalucia","tag-wedding-in-andalusia","tag-wedding-venue-andalusia","tag-5641","tag-5169"],"_links":{"self":[{"href":"https:\/\/perfectvenue.es\/es\/wp-json\/wp\/v2\/posts\/37121","targetHints":{"allow":["GET"]}}],"collection":[{"href":"https:\/\/perfectvenue.es\/es\/wp-json\/wp\/v2\/posts"}],"about":[{"href":"https:\/\/perfectvenue.es\/es\/wp-json\/wp\/v2\/types\/post"}],"author":[{"embeddable":true,"href":"https:\/\/perfectvenue.es\/es\/wp-json\/wp\/v2\/users\/26511"}],"replies":[{"embeddable":true,"href":"https:\/\/perfectvenue.es\/es\/wp-json\/wp\/v2\/comments?post=37121"}],"version-history":[{"count":9,"href":"https:\/\/perfectvenue.es\/es\/wp-json\/wp\/v2\/posts\/37121\/revisions"}],"predecessor-version":[{"id":37155,"href":"https:\/\/perfectvenue.es\/es\/wp-json\/wp\/v2\/posts\/37121\/revisions\/37155"}],"wp:featuredmedia":[{"embeddable":true,"href":"https:\/\/perfectvenue.es\/es\/wp-json\/wp\/v2\/media\/37140"}],"wp:attachment":[{"href":"https:\/\/perfectvenue.es\/es\/wp-json\/wp\/v2\/media?parent=37121"}],"wp:term":[{"taxonomy":"category","embeddable":true,"href":"https:\/\/perfectvenue.es\/es\/wp-json\/wp\/v2\/categories?post=37121"},{"taxonomy":"post_tag","embeddable":true,"href":"https:\/\/perfectvenue.es\/es\/wp-json\/wp\/v2\/tags?post=37121"}],"curies":[{"name":"wp","href":"https:\/\/api.w.org\/{rel}","templated":true}]}}