{"id":36704,"date":"2022-08-18T18:00:43","date_gmt":"2022-08-18T15:00:43","guid":{"rendered":"https:\/\/perfectvenue.es\/?p=36704"},"modified":"2022-09-09T00:55:02","modified_gmt":"2022-09-08T21:55:02","slug":"wedding-photographer-in-menorca-enchanting-photographs-on-the-island-of-lighthouses-and-calmness","status":"publish","type":"post","link":"https:\/\/perfectvenue.es\/es\/2022\/08\/18\/wedding-photographer-in-menorca-enchanting-photographs-on-the-island-of-lighthouses-and-calmness\/","title":{"rendered":"Fot\u00f3grafo de bodas en Menorca: fotograf\u00edas encantadoras en la isla de los faros y la calma"},"content":{"rendered":"<p><\/p>\n<p style=\"text-align: justify\"><span style=\"font-weight: 400\">Si sue\u00f1as con encontrar al mejor <\/span><b>fot\u00f3grafo de bodas en Menorca<\/b><span style=\"font-weight: 400\">\u2026 \u00a1est\u00e1s de enhorabuena! Porque nosotros tenemos a los mejores, s\u00ed, has le\u00eddo bien. Y es que es sumamente importante que <\/span><b>en tu boda tengas a verdaderos profesionales.<\/b><\/p>\n<p style=\"text-align: justify\"><span style=\"font-weight: 400\">Nos gustan las fotograf\u00edas emocionan, que os permitir\u00e1n revivir ese gran d\u00eda una y otra vez, por eso queremos ofrecerte a nuestros profesionales, para que cada vez que ve\u00e1is las fotos del que fue uno de los d\u00edas m\u00e1s importantes de vuestra vida pens\u00e9is: \u201cTuvimos al mejor <\/span><b>fot\u00f3grafo de bodas en Menorca<\/b><span style=\"font-weight: 400\">!\u201d<\/span><\/p>\n<p style=\"text-align: justify\"><span style=\"font-weight: 400\">Por eso, en este art\u00edculo os contamos la importancia de contratar a expertos del sector y os dictamos a los mejores fot\u00f3grafos de la capital espa\u00f1ola para que, elij\u00e1is el que elij\u00e1is, acert\u00e9is.<\/span><\/p>\n<p style=\"text-align: justify\"><b>\u00a1No acabar\u00e1s este post sin tener a tu fot\u00f3grafo de bodas en Menorca<\/b><span style=\"font-weight: 400\">!<\/span><\/p>\n<figure id=\"attachment_27710\" aria-describedby=\"caption-attachment-27710\" style=\"width: 700px\" class=\"wp-caption aligncenter\"><img loading=\"lazy\" decoding=\"async\" class=\"size-full wp-image-27710\" src=\"https:\/\/perfectvenue.es\/wp-content\/uploads\/2020\/08\/Cug\u00f3-Gran-Menorca-Perfect-Venue-1.jpg\" alt=\"Cug\u00f3 Gran Menorca - Perfect Venue-1\" width=\"700\" height=\"467\" srcset=\"https:\/\/perfectvenue.es\/wp-content\/uploads\/2020\/08\/Cug\u00f3-Gran-Menorca-Perfect-Venue-1.jpg?v=1626103816 700w, https:\/\/perfectvenue.es\/wp-content\/uploads\/2020\/08\/Cug\u00f3-Gran-Menorca-Perfect-Venue-1-300x200.jpg?v=1626103816 300w, https:\/\/perfectvenue.es\/wp-content\/uploads\/2020\/08\/Cug\u00f3-Gran-Menorca-Perfect-Venue-1-450x300.jpg?v=1626103816 450w, https:\/\/perfectvenue.es\/wp-content\/uploads\/2020\/08\/Cug\u00f3-Gran-Menorca-Perfect-Venue-1-600x400.jpg?v=1626103816 600w\" sizes=\"auto, (max-width: 700px) 100vw, 700px\" \/><figcaption id=\"caption-attachment-27710\" class=\"wp-caption-text\">Cug\u00f3 Gran Menorca<\/figcaption><\/figure>\n<h2 style=\"text-align: justify\">Elegir a tu fot\u00f3grafo de la boda no es cualquier cosa<\/h2>\n<p style=\"text-align: justify\"><span style=\"font-weight: 400\">Una boda es una de las celebraciones m\u00e1s grandes de tu vida, por lo que necesitas tener a tu lado al mejor fot\u00f3grafo de bodas de todos los tiempos, y es que, <\/span><b>dentro de much\u00edsimos a\u00f1os, estas fotos har\u00e1n de recordatorio de un d\u00eda tan importante.<\/b><\/p>\n<p style=\"text-align: justify\"><span style=\"font-weight: 400\">Por eso, antes de <\/span><a href=\"https:\/\/perfectvenue.es\/2022\/07\/14\/how-to-choose-a-wedding-photographer-10-steps-to-choose-your-profesional\/\"><b>elegir al fot\u00f3grafo de tu boda<\/b><\/a><span style=\"font-weight: 400\">, hay diferentes <\/span><a href=\"https:\/\/perfectvenue.es\/2022\/07\/21\/these-are-the-20-questions-you-should-ask-wedding-photographers-to-find-the-perfect-one\/\"><b>preguntas que deber\u00edas hacer a los fot\u00f3grafos de bodas<\/b> <\/a><span style=\"font-weight: 400\">para dar con el perfecto.<\/span><\/p>\n<p style=\"text-align: justify\"><span style=\"font-weight: 400\">Y es que, \u00bfSab\u00edas que hay <\/span><a href=\"https:\/\/perfectvenue.es\/2022\/07\/29\/30-wedding-photos-that-are-a-must-have-for-your-wedding-album-pages\/\"><b>fotos que son imprescindibles en el d\u00eda de tu boda<\/b><\/a><span style=\"font-weight: 400\"> y que no pueden faltar en tu <\/span><b><a href=\"https:\/\/perfectvenue.es\/2022\/07\/25\/wedding-album-repertoire-how-many-photos-does-a-wedding-album-usually-contain-and-which-one-shall-i-choose\/\">repertorio de \u00e1lbum de bodas<\/a>?<\/b><\/p>\n<p style=\"text-align: justify\"><span style=\"font-weight: 400\">Pues ahora ya solo te queda conocer diferentes <\/span><a href=\"https:\/\/perfectvenue.es\/2022\/07\/27\/your-guide-on-how-to-pose-for-your-wedding-photos-these-are-the-13-tricks-that-really-work\/\"><b>trucos para posar en las fotos de la boda<\/b><\/a><span style=\"font-weight: 400\"> y salir espectacular.<\/span><\/p>\n<p style=\"text-align: justify\"><span style=\"font-weight: 400\">\u00a1Y recuerda <\/span><a href=\"https:\/\/perfectvenue.es\/2022\/07\/16\/how-far-in-advance-should-i-book-a-wedding-photographer\/\"><b>contratar a tu fot\u00f3grafo de boda con tiempo de antelaci\u00f3n<\/b><span style=\"font-weight: 400\">!<\/span><\/a><\/p>\n<figure id=\"attachment_26453\" aria-describedby=\"caption-attachment-26453\" style=\"width: 700px\" class=\"wp-caption aligncenter\"><img loading=\"lazy\" decoding=\"async\" class=\"wp-image-26453\" src=\"https:\/\/perfectvenue.es\/wp-content\/uploads\/2020\/06\/destination-wedding-marbella67.jpg\" alt=\"\" width=\"700\" height=\"1050\" srcset=\"https:\/\/perfectvenue.es\/wp-content\/uploads\/2020\/06\/destination-wedding-marbella67.jpg?v=1626104549 850w, https:\/\/perfectvenue.es\/wp-content\/uploads\/2020\/06\/destination-wedding-marbella67-200x300.jpg?v=1626104549 200w, https:\/\/perfectvenue.es\/wp-content\/uploads\/2020\/06\/destination-wedding-marbella67-768x1152.jpg?v=1626104549 768w, https:\/\/perfectvenue.es\/wp-content\/uploads\/2020\/06\/destination-wedding-marbella67-683x1024.jpg?v=1626104549 683w, https:\/\/perfectvenue.es\/wp-content\/uploads\/2020\/06\/destination-wedding-marbella67-450x675.jpg?v=1626104549 450w, https:\/\/perfectvenue.es\/wp-content\/uploads\/2020\/06\/destination-wedding-marbella67-533x800.jpg?v=1626104549 533w, https:\/\/perfectvenue.es\/wp-content\/uploads\/2020\/06\/destination-wedding-marbella67-600x900.jpg?v=1626104549 600w\" sizes=\"auto, (max-width: 700px) 100vw, 700px\" \/><figcaption id=\"caption-attachment-26453\" class=\"wp-caption-text\">Photo by <a href=\"https:\/\/vendors.perfectvenue.es\/es\/listings\/tanya-vasiluk\/\">Tanya Vasiluk<\/a>, Photo via: <a href=\"https:\/\/nataliaortizevents.com\/es\/\">Weddings and Events by Natalia Ortiz<\/a><\/figcaption><\/figure>\n<h2 style=\"text-align: justify\">Tus fotos de boda, en un entorno encantador<\/h2>\n<p style=\"text-align: justify\"><span style=\"font-weight: 400\">El <\/span><b>fot\u00f3grafo de bodas en Menorca<\/b><span style=\"font-weight: 400\"> lograr\u00e1 capturar vuestros momentos m\u00e1s felices. No se dejar\u00e1 ning\u00fan detalle por fotografiar y estar\u00e1 en todo momento cerca de vosotros para no perderse nada. Y, lo mejor de todo, es que <\/span><b>las im\u00e1genes tendr\u00e1n como tel\u00f3n de fondo un entorno tan encantador como es Menorca.<\/b><\/p>\n<p style=\"text-align: justify\"><span style=\"font-weight: 400\">En tus recuerdos del d\u00eda de la boda aparecer\u00e1n calas desiertas, joyas arquitect\u00f3nicas, faros, pueblitos encantadores, torres, cuevas, casas georgianas\u2026 As\u00ed como tambi\u00e9n lugares tan famosos como <\/span><b>el Faro Favaritx, las calles blancas de Binibeca, el atardecer de la Cova d\u2019en Xoroi, la preciosa Ciutadella, Punta Nati<\/b><span style=\"font-weight: 400\">\u2026 \u00a1y mucho m\u00e1s!<\/span><\/p>\n<p style=\"text-align: justify\"><span style=\"font-weight: 400\">\u00a1Porque en vuestra boda pod\u00e9is realizar sesiones de fotos por todos los rincones que quer\u00e1is! Y es que por algo contamos con un profesional.<\/span><\/p>\n<h2 style=\"text-align: justify\">El listado de los mejores fot\u00f3grafos de Menorca, lo tenemos nosotros<\/h2>\n<p style=\"text-align: justify\"><span style=\"font-weight: 400\">En esta p\u00e1gina<\/span><span style=\"font-weight: 400\"> podr\u00e1s echar un vistazo a <\/span><a href=\"https:\/\/vendors.perfectvenue.es\/es\/listing-category\/wedding-photographers\/\"><b>los mejores profesionales de la c\u00e1mara<\/b><\/a><span style=\"font-weight: 400\">, para que el <\/span><b>fot\u00f3grafo de bodas en Menorca<\/b><span style=\"font-weight: 400\"> con el que sue\u00f1as lo tengas en el d\u00eda de tu boda.<\/span><\/p>\n<p style=\"text-align: justify\"><span style=\"font-weight: 400\">En el enlace podr\u00e1s descubrir tambi\u00e9n los servicios que ofrece cada uno, los idiomas que hablan, conocerlos un poquito m\u00e1s, saber cu\u00e1l es su estilo y los <\/span><a href=\"https:\/\/perfectvenue.es\/2022\/07\/19\/photography-styles-and-wedding-photographers-find-out-the-best-choice-for-your-big-day\/\"><b>tipos de fotograf\u00eda de boda<\/b><\/a><span style=\"font-weight: 400\"> que realizan.<\/span><\/p>\n<figure id=\"attachment_35132\" aria-describedby=\"caption-attachment-35132\" style=\"width: 700px\" class=\"wp-caption aligncenter\"><img loading=\"lazy\" decoding=\"async\" class=\"size-full wp-image-35132\" src=\"https:\/\/perfectvenue.es\/wp-content\/uploads\/2022\/06\/This-is-what-it\u2019s-like-to-get-married-at-La-Fortaleza-Mallorca-one-of-the-most-exclusive-and-guarded-mansions-in-Mallorca-3.jpg\" alt=\"\" width=\"700\" height=\"1050\" srcset=\"https:\/\/perfectvenue.es\/wp-content\/uploads\/2022\/06\/This-is-what-it\u2019s-like-to-get-married-at-La-Fortaleza-Mallorca-one-of-the-most-exclusive-and-guarded-mansions-in-Mallorca-3.jpg 700w, https:\/\/perfectvenue.es\/wp-content\/uploads\/2022\/06\/This-is-what-it\u2019s-like-to-get-married-at-La-Fortaleza-Mallorca-one-of-the-most-exclusive-and-guarded-mansions-in-Mallorca-3-200x300.jpg 200w, https:\/\/perfectvenue.es\/wp-content\/uploads\/2022\/06\/This-is-what-it\u2019s-like-to-get-married-at-La-Fortaleza-Mallorca-one-of-the-most-exclusive-and-guarded-mansions-in-Mallorca-3-683x1024.jpg 683w, https:\/\/perfectvenue.es\/wp-content\/uploads\/2022\/06\/This-is-what-it\u2019s-like-to-get-married-at-La-Fortaleza-Mallorca-one-of-the-most-exclusive-and-guarded-mansions-in-Mallorca-3-450x675.jpg 450w, https:\/\/perfectvenue.es\/wp-content\/uploads\/2022\/06\/This-is-what-it\u2019s-like-to-get-married-at-La-Fortaleza-Mallorca-one-of-the-most-exclusive-and-guarded-mansions-in-Mallorca-3-533x800.jpg 533w, https:\/\/perfectvenue.es\/wp-content\/uploads\/2022\/06\/This-is-what-it\u2019s-like-to-get-married-at-La-Fortaleza-Mallorca-one-of-the-most-exclusive-and-guarded-mansions-in-Mallorca-3-600x900.jpg 600w\" sizes=\"auto, (max-width: 700px) 100vw, 700px\" \/><figcaption id=\"caption-attachment-35132\" class=\"wp-caption-text\"><a href=\"https:\/\/perfectvenue.es\/2022\/06\/12\/this-is-what-its-like-to-get-married-at-la-fortaleza-mallorca-one-of-the-most-exclusive-and-guarded-mansions-in-mallorca\/\">La Fortaleza Mallorca<\/a>. Photo by Pablo Laguia<\/figcaption><\/figure>\n<h2 style=\"text-align: justify\">Profesionales con vocaci\u00f3n y trayectoria<\/h2>\n<p style=\"text-align: justify\"><span style=\"font-weight: 400\">Solo trabajamos con verdaderos profesionales, s\u00ed, porque sabemos que un momento tan importante en vuestra vida merece obtener el mejor resultado. \u00a1No queremos luego sustos! Por ello, para nosotros es muy importante que los fot\u00f3grafos tengan <\/span><b>gran experiencia, vocaci\u00f3n, conocimientos de edici\u00f3n, equipos de buena calidad\u2026<\/b><\/p>\n<p style=\"text-align: justify\"><span style=\"font-weight: 400\">Y no podemos no hablaros de <\/span><b><a href=\"https:\/\/vendors.perfectvenue.es\/es\/listings\/tanya-vasiluk\/\">Tanya Vasiluk<\/a>, una fot\u00f3grafa de bodas <\/b><span style=\"font-weight: 400\">que se mueve por toda Espa\u00f1a y por el extranjero para capturar a los novios en el d\u00eda m\u00e1s importante de su vida. Adem\u00e1s, ofrece reportaje preboda, postboda, sesiones con beb\u00e9s, etc.<\/span><\/p>\n<p style=\"text-align: justify\"><span style=\"font-weight: 400\">Te recomendamos echarle un ojo a nuestro art\u00edculo sobre el <\/span><a href=\"https:\/\/perfectvenue.es\/2022\/07\/23\/this-is-the-average-price-of-a-good-wedding-photographer-and-all-the-extras-that-you-can-have-on-your-big-day\/\"><b>precio medio de un buen fot\u00f3grafo de bodas<\/b><\/a><span style=\"font-weight: 400\">, ya que al ser profesionales <\/span><b>siempre velan por la calidad y puedes incluir servicios extra en los que seguramente no hab\u00edas ca\u00eddo.<\/b><\/p>\n<p style=\"text-align: justify\"><span style=\"font-weight: 400\">Tambi\u00e9n puedes descubrir aqu\u00ed<\/span>\u00a0<a href=\"https:\/\/vendors.perfectvenue.es\/\"><b>m\u00e1s profesionales de bodas en Menorca<\/b><\/a><span style=\"font-weight: 400\">, todos de gran reconocimiento para que vayas a lo seguro y sepas que todo va a ser un \u00e9xito.<\/span><\/p>\n<figure id=\"attachment_32069\" aria-describedby=\"caption-attachment-32069\" style=\"width: 700px\" class=\"wp-caption aligncenter\"><img loading=\"lazy\" decoding=\"async\" class=\"size-full wp-image-32069\" src=\"https:\/\/perfectvenue.es\/wp-content\/uploads\/2021\/06\/Boda-Mallorca-152.jpg\" alt=\"\" width=\"700\" height=\"1050\" srcset=\"https:\/\/perfectvenue.es\/wp-content\/uploads\/2021\/06\/Boda-Mallorca-152.jpg?v=1626101721 700w, https:\/\/perfectvenue.es\/wp-content\/uploads\/2021\/06\/Boda-Mallorca-152-200x300.jpg?v=1626101721 200w, https:\/\/perfectvenue.es\/wp-content\/uploads\/2021\/06\/Boda-Mallorca-152-683x1024.jpg?v=1626101721 683w, https:\/\/perfectvenue.es\/wp-content\/uploads\/2021\/06\/Boda-Mallorca-152-450x675.jpg?v=1626101721 450w, https:\/\/perfectvenue.es\/wp-content\/uploads\/2021\/06\/Boda-Mallorca-152-533x800.jpg?v=1626101721 533w, https:\/\/perfectvenue.es\/wp-content\/uploads\/2021\/06\/Boda-Mallorca-152-600x900.jpg?v=1626101721 600w\" sizes=\"auto, (max-width: 700px) 100vw, 700px\" \/><figcaption id=\"caption-attachment-32069\" class=\"wp-caption-text\">Photo via: <a href=\"https:\/\/nataliaortizevents.com\/es\/\">Weddings and Events by Natalia Ortiz<\/a><\/figcaption><\/figure>\n<h2 style=\"text-align: justify\">Haremos que vuestros recuerdos sean eternos<\/h2>\n<p style=\"text-align: justify\"><span style=\"font-weight: 400\">En <strong>Perfect Venue<\/strong><\/span><span style=\"font-weight: 400\">, estaremos junto a vosotros y junto a tu <\/span><b>fot\u00f3grafo de bodas en Menorca,<\/b><span style=\"font-weight: 400\"> acompa\u00f1\u00e1ndoos de principio a fin y estando atentos en cada momento para que todo salga perfecto. \u00a1Nos implicaremos al m\u00e1ximo para que tengas las mejores fotograf\u00edas en tu boda!<\/span><\/p>\n<p style=\"text-align: justify\"><span style=\"font-weight: 400\">Estamos deseando conoceros y que nos cont\u00e9is m\u00e1s detalles de vuestra boda en Menorca, \u00a1Haremos que vuestros recuerdos sean eternos!<\/span><\/p>\n<p style=\"text-align: justify\"><span style=\"font-weight: 400\">Mientras tanto, tu puedes ir descubriendo <\/span><a href=\"https:\/\/perfectvenue.es\/2020\/08\/24\/still-do-not-know-why-you-have-to-celebrate-your-wedding-in-menorca-well-look-at-everything-this-island-has-to-offer\/\"><b>por qu\u00e9 tienes que celebrar tu boda en Menorca.<\/b><\/a><\/p>\n<h4><a href=\"https:\/\/vendors.perfectvenue.es\/es\/\">Mejores Profesionales de Bodas y Eventos En Espa\u00f1a &gt;&gt;<\/a><\/h4>\n<p><\/p>\n<span class=\"tags-links\"><a href=\"https:\/\/perfectvenue.es\/es\/tag\/boda-en-menorca\/\" rel=\"tag\">boda en Menorca<\/a><a href=\"https:\/\/perfectvenue.es\/es\/tag\/fotografo-menorca\/\" rel=\"tag\">Fot\u00f3grafo Menorca<\/a><a href=\"https:\/\/perfectvenue.es\/es\/tag\/wedding-in-menorca\/\" rel=\"tag\">wedding in Menorca<\/a><a href=\"https:\/\/perfectvenue.es\/es\/tag\/wedding-photographer-in-menorca\/\" rel=\"tag\">Wedding photographer in Menorca<\/a><a href=\"https:\/\/perfectvenue.es\/es\/tag\/%d1%81%d0%b2%d0%b0%d0%b4%d0%b5%d0%b1%d0%bd%d1%8b%d0%b9-%d1%84%d0%be%d1%82%d0%be%d0%b3%d1%80%d0%b0%d1%84-%d0%bc%d0%b5%d0%bd%d0%be%d1%80%d0%ba%d0%b0\/\" rel=\"tag\">\u0441\u0432\u0430\u0434\u0435\u0431\u043d\u044b\u0439 \u0444\u043e\u0442\u043e\u0433\u0440\u0430\u0444 \u041c\u0435\u043d\u043e\u0440\u043a\u0430<\/a><a href=\"https:\/\/perfectvenue.es\/es\/tag\/%d1%81%d0%b2%d0%b0%d0%b4%d1%8c%d0%b1%d0%b0-%d0%bd%d0%b0-%d0%bc%d0%b5%d0%bd%d0%be%d1%80%d0%ba%d0%b5\/\" rel=\"tag\">\u0441\u0432\u0430\u0434\u044c\u0431\u0430 \u043d\u0430 \u041c\u0435\u043d\u043e\u0440\u043a\u0435<\/a><\/span>","protected":false},"excerpt":{"rendered":"<p>Fot\u00f3grafo de bodas en Menorca: fotograf\u00edas encantadoras en la isla de los faros y la calma.<\/p>\n","protected":false},"author":26511,"featured_media":27710,"comment_status":"closed","ping_status":"open","sticky":false,"template":"","format":"standard","meta":{"footnotes":""},"categories":[176],"tags":[3925,5533,5532,5531,5534,5535],"class_list":["post-36704","post","type-post","status-publish","format-standard","has-post-thumbnail","hentry","category-wedding","tag-boda-en-menorca","tag-fotografo-menorca","tag-wedding-in-menorca","tag-wedding-photographer-in-menorca","tag-5534","tag-5535","post_region-menorca"],"_links":{"self":[{"href":"https:\/\/perfectvenue.es\/es\/wp-json\/wp\/v2\/posts\/36704","targetHints":{"allow":["GET"]}}],"collection":[{"href":"https:\/\/perfectvenue.es\/es\/wp-json\/wp\/v2\/posts"}],"about":[{"href":"https:\/\/perfectvenue.es\/es\/wp-json\/wp\/v2\/types\/post"}],"author":[{"embeddable":true,"href":"https:\/\/perfectvenue.es\/es\/wp-json\/wp\/v2\/users\/26511"}],"replies":[{"embeddable":true,"href":"https:\/\/perfectvenue.es\/es\/wp-json\/wp\/v2\/comments?post=36704"}],"version-history":[{"count":10,"href":"https:\/\/perfectvenue.es\/es\/wp-json\/wp\/v2\/posts\/36704\/revisions"}],"predecessor-version":[{"id":37086,"href":"https:\/\/perfectvenue.es\/es\/wp-json\/wp\/v2\/posts\/36704\/revisions\/37086"}],"wp:featuredmedia":[{"embeddable":true,"href":"https:\/\/perfectvenue.es\/es\/wp-json\/wp\/v2\/media\/27710"}],"wp:attachment":[{"href":"https:\/\/perfectvenue.es\/es\/wp-json\/wp\/v2\/media?parent=36704"}],"wp:term":[{"taxonomy":"category","embeddable":true,"href":"https:\/\/perfectvenue.es\/es\/wp-json\/wp\/v2\/categories?post=36704"},{"taxonomy":"post_tag","embeddable":true,"href":"https:\/\/perfectvenue.es\/es\/wp-json\/wp\/v2\/tags?post=36704"}],"curies":[{"name":"wp","href":"https:\/\/api.w.org\/{rel}","templated":true}]}}