{"id":35879,"date":"2022-07-10T18:00:06","date_gmt":"2022-07-10T15:00:06","guid":{"rendered":"https:\/\/perfectvenue.es\/?p=35879"},"modified":"2022-07-10T19:42:59","modified_gmt":"2022-07-10T16:42:59","slug":"aino-and-martin-a-couple-surrounded-by-nature-on-the-day-of-their-rustic-wedding-in-lavellana","status":"publish","type":"post","link":"https:\/\/perfectvenue.es\/es\/2022\/07\/10\/aino-and-martin-a-couple-surrounded-by-nature-on-the-day-of-their-rustic-wedding-in-lavellana\/","title":{"rendered":"Aino y Martin, una pareja rodeada de naturaleza en el d\u00eda de su boda r\u00fastica en L\u2019Avellana"},"content":{"rendered":"<p><\/p>\n<p style=\"text-align: justify\"><span style=\"font-weight: 400\">En el post de hoy os narramos la <\/span><b>boda r\u00fastica en L\u2019Avellana<\/b><span style=\"font-weight: 400\"> de Aino y Martin. Y es que el gran d\u00eda de esta pareja, celebrado en Tarragona, no dej\u00f3 indiferente a nadie. \u00a1Estuvo repleto de magia y romanticismo!<\/span><\/p>\n<p style=\"text-align: justify\"><span style=\"font-weight: 400\">Adem\u00e1s, el espacio que os mostramos hoy es <\/span><b>un espacio que est\u00e1 causando furor entre los novios<\/b><span style=\"font-weight: 400\"> que quieren celebrar su boda en Espa\u00f1a, posicion\u00e1ndose entre uno de los espacios preferidos por las parejas en Catalu\u00f1a.<\/span><\/p>\n<p style=\"text-align: justify\"><span style=\"font-weight: 400\">A continuaci\u00f3n, os contamos c\u00f3mo fue esta <\/span><b>boda entre maderas, puertas azules, muros blancos y piedras<\/b><span style=\"font-weight: 400\"> que, junto con las velas, las luces y los conjuntos florales hicieron del espacio todo un lugar encantador.<\/span><\/p>\n<p style=\"text-align: justify\"><span style=\"font-weight: 400\">Aunque, si hubo algo que a todos encandil\u00f3, fue el banquete y su gran cantidad de puestos de comida, \u00a1no te puedes perder nada de esta fascinante <\/span><b>boda r\u00fastica en L\u2019Avellana<\/b><span style=\"font-weight: 400\">!<\/span><\/p>\n<p style=\"text-align: justify\"><span style=\"font-weight: 400\">Estamos seguros de que querr\u00e1s una igual. \u00a1Toma nota!<\/span><\/p>\n<figure id=\"attachment_35926\" aria-describedby=\"caption-attachment-35926\" style=\"width: 700px\" class=\"wp-caption aligncenter\"><img loading=\"lazy\" decoding=\"async\" class=\"size-full wp-image-35926\" src=\"https:\/\/perfectvenue.es\/wp-content\/uploads\/2022\/07\/Aino-and-Martin-a-couple-surrounded-by-nature-on-the-day-of-their-rustic-wedding-in-L\u2019Avellana-18.jpg\" alt=\"Wedding in Tarragona - Perfect Venue\" width=\"700\" height=\"467\" srcset=\"https:\/\/perfectvenue.es\/wp-content\/uploads\/2022\/07\/Aino-and-Martin-a-couple-surrounded-by-nature-on-the-day-of-their-rustic-wedding-in-L\u2019Avellana-18.jpg 700w, https:\/\/perfectvenue.es\/wp-content\/uploads\/2022\/07\/Aino-and-Martin-a-couple-surrounded-by-nature-on-the-day-of-their-rustic-wedding-in-L\u2019Avellana-18-300x200.jpg 300w, https:\/\/perfectvenue.es\/wp-content\/uploads\/2022\/07\/Aino-and-Martin-a-couple-surrounded-by-nature-on-the-day-of-their-rustic-wedding-in-L\u2019Avellana-18-450x300.jpg 450w, https:\/\/perfectvenue.es\/wp-content\/uploads\/2022\/07\/Aino-and-Martin-a-couple-surrounded-by-nature-on-the-day-of-their-rustic-wedding-in-L\u2019Avellana-18-600x400.jpg 600w\" sizes=\"auto, (max-width: 700px) 100vw, 700px\" \/><figcaption id=\"caption-attachment-35926\" class=\"wp-caption-text\">Photo by Juanlu Rojano<\/figcaption><\/figure>\n<h2 style=\"text-align: justify\">El \u201cs\u00ed quiero\u201d en una mas\u00eda de Tarragona<\/h2>\n<p style=\"text-align: justify\"><span style=\"font-weight: 400\">L\u2019Avellana conforma un espacio id\u00edlico para cualquier boda. Esta <\/span><b>mas\u00eda de Tarragona est\u00e1 rodeada de numerosas hect\u00e1reas de avellanos y bosques.<\/b><\/p>\n<p style=\"text-align: justify\"><b>El blanco y el azul mediterr\u00e1neo dominan la fachada de esta hist\u00f3rica casa<\/b><span style=\"font-weight: 400\">, que combina en sus dependencias tradici\u00f3n y modernidad.<\/span><\/p>\n<p style=\"text-align: justify\"><span style=\"font-weight: 400\">Sus diferentes espacios y rincones son la mar de encantadores, entre los que destacan la gran plaza redonda, ubicada enfrente de la fachada principal que conserva su pavimento original, fechado en el a\u00f1o 1736 y que antiguamente era el lugar donde se recolectaba la avellana.<\/span><\/p>\n<p style=\"text-align: justify\"><span style=\"font-weight: 400\">Su preciosa plaza de 450\u202fm\u00b2 es maravillosa para celebrar <\/span><b>una boda rodeados de olivos centenarios<\/b><span style=\"font-weight: 400\"> y disfrutar de <\/span><b>una estampa de lo m\u00e1s mediterr\u00e1nea.<\/b><\/p>\n<p style=\"text-align: justify\"><span style=\"font-weight: 400\">El Jard\u00edn de la Abuela es otro de nuestros rincones favoritos de L\u2019Avellana, ya que este encantador <\/span><b>jard\u00edn privado est\u00e1 rodeado por un antiguo muro de piedra y decorado con flores y hierbas arom\u00e1ticas.<\/b><\/p>\n<p style=\"text-align: justify\"><span style=\"font-weight: 400\">Por no hablar del rinc\u00f3n que nuestra pareja tambi\u00e9n pudo disfrutar, el rinc\u00f3n de la Virgen, el cual se encuentra <\/span><b>bajo la sombra de un platanero y ofrece maravillosas vistas al bosque.<\/b><\/p>\n<p style=\"text-align: justify\"><span style=\"font-weight: 400\">\u00a1Una <\/span><b>boda r\u00fastica en L\u2019Avellana<\/b><span style=\"font-weight: 400\"> es el sue\u00f1o de cualquiera!<\/span><\/p>\n<figure id=\"attachment_35914\" aria-describedby=\"caption-attachment-35914\" style=\"width: 700px\" class=\"wp-caption aligncenter\"><img loading=\"lazy\" decoding=\"async\" class=\"size-full wp-image-35914\" src=\"https:\/\/perfectvenue.es\/wp-content\/uploads\/2022\/07\/Aino-and-Martin-a-couple-surrounded-by-nature-on-the-day-of-their-rustic-wedding-in-L\u2019Avellana-1.jpg\" alt=\"Wedding in Tarragona - Perfect Venue\" width=\"700\" height=\"467\" srcset=\"https:\/\/perfectvenue.es\/wp-content\/uploads\/2022\/07\/Aino-and-Martin-a-couple-surrounded-by-nature-on-the-day-of-their-rustic-wedding-in-L\u2019Avellana-1.jpg 700w, https:\/\/perfectvenue.es\/wp-content\/uploads\/2022\/07\/Aino-and-Martin-a-couple-surrounded-by-nature-on-the-day-of-their-rustic-wedding-in-L\u2019Avellana-1-300x200.jpg 300w, https:\/\/perfectvenue.es\/wp-content\/uploads\/2022\/07\/Aino-and-Martin-a-couple-surrounded-by-nature-on-the-day-of-their-rustic-wedding-in-L\u2019Avellana-1-450x300.jpg 450w, https:\/\/perfectvenue.es\/wp-content\/uploads\/2022\/07\/Aino-and-Martin-a-couple-surrounded-by-nature-on-the-day-of-their-rustic-wedding-in-L\u2019Avellana-1-600x400.jpg 600w\" sizes=\"auto, (max-width: 700px) 100vw, 700px\" \/><figcaption id=\"caption-attachment-35914\" class=\"wp-caption-text\">Photo by Juanlu Rojano<\/figcaption><\/figure>\n<figure id=\"attachment_35915\" aria-describedby=\"caption-attachment-35915\" style=\"width: 700px\" class=\"wp-caption aligncenter\"><img loading=\"lazy\" decoding=\"async\" class=\"size-full wp-image-35915\" src=\"https:\/\/perfectvenue.es\/wp-content\/uploads\/2022\/07\/Aino-and-Martin-a-couple-surrounded-by-nature-on-the-day-of-their-rustic-wedding-in-L\u2019Avellana-2.jpg\" alt=\"Wedding in Tarragona - Perfect Venue\" width=\"700\" height=\"494\" srcset=\"https:\/\/perfectvenue.es\/wp-content\/uploads\/2022\/07\/Aino-and-Martin-a-couple-surrounded-by-nature-on-the-day-of-their-rustic-wedding-in-L\u2019Avellana-2.jpg 700w, https:\/\/perfectvenue.es\/wp-content\/uploads\/2022\/07\/Aino-and-Martin-a-couple-surrounded-by-nature-on-the-day-of-their-rustic-wedding-in-L\u2019Avellana-2-300x212.jpg 300w, https:\/\/perfectvenue.es\/wp-content\/uploads\/2022\/07\/Aino-and-Martin-a-couple-surrounded-by-nature-on-the-day-of-their-rustic-wedding-in-L\u2019Avellana-2-450x318.jpg 450w, https:\/\/perfectvenue.es\/wp-content\/uploads\/2022\/07\/Aino-and-Martin-a-couple-surrounded-by-nature-on-the-day-of-their-rustic-wedding-in-L\u2019Avellana-2-600x423.jpg 600w\" sizes=\"auto, (max-width: 700px) 100vw, 700px\" \/><figcaption id=\"caption-attachment-35915\" class=\"wp-caption-text\">Photo by Juanlu Rojano<\/figcaption><\/figure>\n<h2 style=\"text-align: justify\">Una decoraci\u00f3n m\u00e1gica en todos los espacios<\/h2>\n<p style=\"text-align: justify\"><span style=\"font-weight: 400\">\u00a1Nos encant\u00f3 la decoraci\u00f3n tan sencilla y a la vez tan encantadora de esta boda!<\/span><\/p>\n<p style=\"text-align: justify\"><span style=\"font-weight: 400\">El altar, muy sobrio, se situaba frente al muro blanco de la casa, lo conformaban <\/span><b>varias hojas y flores y una banqueta de hierro azul con un coj\u00edn blanco y una manta granate para los novios<\/b><span style=\"font-weight: 400\">. En el espacio, se dispusieron para los invitados varios bancos de madera. \u00a1Una ceremonia al aire libre de ensue\u00f1o!<\/span><\/p>\n<p style=\"text-align: justify\"><span style=\"font-weight: 400\">Llegado el momento del c\u00f3ctel, todos pudieron disfrutar de suntuosas bebidas entre <\/span><b>barriles de vino a modo de mesa, centros florales por todos lados, taburetes, sombrillas\u2026<\/b><span style=\"font-weight: 400\"> \u00a1Un entorno perfecto para degustar de la <\/span><b>cerveza que los invitados pod\u00edan servirse ellos mismos a trav\u00e9s de grifos<\/b><span style=\"font-weight: 400\">!<\/span><\/p>\n<figure id=\"attachment_35929\" aria-describedby=\"caption-attachment-35929\" style=\"width: 700px\" class=\"wp-caption aligncenter\"><img loading=\"lazy\" decoding=\"async\" class=\"size-full wp-image-35929\" src=\"https:\/\/perfectvenue.es\/wp-content\/uploads\/2022\/07\/Aino-and-Martin-a-couple-surrounded-by-nature-on-the-day-of-their-rustic-wedding-in-L\u2019Avellana-21.jpg\" alt=\"Wedding in Tarragona - Perfect Venue\" width=\"700\" height=\"524\" srcset=\"https:\/\/perfectvenue.es\/wp-content\/uploads\/2022\/07\/Aino-and-Martin-a-couple-surrounded-by-nature-on-the-day-of-their-rustic-wedding-in-L\u2019Avellana-21.jpg 700w, https:\/\/perfectvenue.es\/wp-content\/uploads\/2022\/07\/Aino-and-Martin-a-couple-surrounded-by-nature-on-the-day-of-their-rustic-wedding-in-L\u2019Avellana-21-300x225.jpg 300w, https:\/\/perfectvenue.es\/wp-content\/uploads\/2022\/07\/Aino-and-Martin-a-couple-surrounded-by-nature-on-the-day-of-their-rustic-wedding-in-L\u2019Avellana-21-450x337.jpg 450w, https:\/\/perfectvenue.es\/wp-content\/uploads\/2022\/07\/Aino-and-Martin-a-couple-surrounded-by-nature-on-the-day-of-their-rustic-wedding-in-L\u2019Avellana-21-600x449.jpg 600w\" sizes=\"auto, (max-width: 700px) 100vw, 700px\" \/><figcaption id=\"caption-attachment-35929\" class=\"wp-caption-text\">Photo by Juanlu Rojano<\/figcaption><\/figure>\n<p style=\"text-align: justify\"><span style=\"font-weight: 400\">Para el banquete, tambi\u00e9n al exterior, se dispusieron mesas largas de madera repletas de <\/span><b>caminos de mesa de hojas verdes con flores blancas de Go Floral &amp; Violeta Gladstone<\/b><span style=\"font-weight: 400\">, servilletas marrones, platos blancos, vasos morados, copas cristal transparente, y un mont\u00f3n de <\/span><b>velas que daban luz y romanticismo junto a las guirnaldas de luces <\/b><span style=\"font-weight: 400\">que ba\u00f1aban el espacio.<\/span><\/p>\n<p style=\"text-align: justify\"><span style=\"font-weight: 400\">El ambiente de esta <\/span><b>boda r\u00fastica en L\u2019Avellana<\/b><span style=\"font-weight: 400\"> sin duda acompa\u00f1aba a degustar la gran cantidad de navajas, gambones, almejas y gambas dispuestas sobre cubos gigantes de forja, as\u00ed como la infinidad de postres en el c\u00f3rner repleto de macaroons, pastelitos, mousses, etc.<\/span><\/p>\n<figure id=\"attachment_35930\" aria-describedby=\"caption-attachment-35930\" style=\"width: 700px\" class=\"wp-caption aligncenter\"><img loading=\"lazy\" decoding=\"async\" class=\"size-full wp-image-35930\" src=\"https:\/\/perfectvenue.es\/wp-content\/uploads\/2022\/07\/Aino-and-Martin-a-couple-surrounded-by-nature-on-the-day-of-their-rustic-wedding-in-L\u2019Avellana-23.jpg\" alt=\"Wedding in Tarragona - Perfect Venue\" width=\"700\" height=\"467\" srcset=\"https:\/\/perfectvenue.es\/wp-content\/uploads\/2022\/07\/Aino-and-Martin-a-couple-surrounded-by-nature-on-the-day-of-their-rustic-wedding-in-L\u2019Avellana-23.jpg 700w, https:\/\/perfectvenue.es\/wp-content\/uploads\/2022\/07\/Aino-and-Martin-a-couple-surrounded-by-nature-on-the-day-of-their-rustic-wedding-in-L\u2019Avellana-23-300x200.jpg 300w, https:\/\/perfectvenue.es\/wp-content\/uploads\/2022\/07\/Aino-and-Martin-a-couple-surrounded-by-nature-on-the-day-of-their-rustic-wedding-in-L\u2019Avellana-23-450x300.jpg 450w, https:\/\/perfectvenue.es\/wp-content\/uploads\/2022\/07\/Aino-and-Martin-a-couple-surrounded-by-nature-on-the-day-of-their-rustic-wedding-in-L\u2019Avellana-23-600x400.jpg 600w\" sizes=\"auto, (max-width: 700px) 100vw, 700px\" \/><figcaption id=\"caption-attachment-35930\" class=\"wp-caption-text\">Photo by Juanlu Rojano<\/figcaption><\/figure>\n<figure id=\"attachment_35931\" aria-describedby=\"caption-attachment-35931\" style=\"width: 700px\" class=\"wp-caption aligncenter\"><img loading=\"lazy\" decoding=\"async\" class=\"size-full wp-image-35931\" src=\"https:\/\/perfectvenue.es\/wp-content\/uploads\/2022\/07\/Aino-and-Martin-a-couple-surrounded-by-nature-on-the-day-of-their-rustic-wedding-in-L\u2019Avellana-24.jpg\" alt=\"Wedding in Tarragona - Perfect Venue\" width=\"700\" height=\"467\" srcset=\"https:\/\/perfectvenue.es\/wp-content\/uploads\/2022\/07\/Aino-and-Martin-a-couple-surrounded-by-nature-on-the-day-of-their-rustic-wedding-in-L\u2019Avellana-24.jpg 700w, https:\/\/perfectvenue.es\/wp-content\/uploads\/2022\/07\/Aino-and-Martin-a-couple-surrounded-by-nature-on-the-day-of-their-rustic-wedding-in-L\u2019Avellana-24-300x200.jpg 300w, https:\/\/perfectvenue.es\/wp-content\/uploads\/2022\/07\/Aino-and-Martin-a-couple-surrounded-by-nature-on-the-day-of-their-rustic-wedding-in-L\u2019Avellana-24-450x300.jpg 450w, https:\/\/perfectvenue.es\/wp-content\/uploads\/2022\/07\/Aino-and-Martin-a-couple-surrounded-by-nature-on-the-day-of-their-rustic-wedding-in-L\u2019Avellana-24-600x400.jpg 600w\" sizes=\"auto, (max-width: 700px) 100vw, 700px\" \/><figcaption id=\"caption-attachment-35931\" class=\"wp-caption-text\">Photo by Juanlu Rojano<\/figcaption><\/figure>\n<figure id=\"attachment_35933\" aria-describedby=\"caption-attachment-35933\" style=\"width: 700px\" class=\"wp-caption aligncenter\"><img loading=\"lazy\" decoding=\"async\" class=\"size-full wp-image-35933\" src=\"https:\/\/perfectvenue.es\/wp-content\/uploads\/2022\/07\/Aino-and-Martin-a-couple-surrounded-by-nature-on-the-day-of-their-rustic-wedding-in-L\u2019Avellana-26.jpg\" alt=\"Wedding in Tarragona - Perfect Venue\" width=\"700\" height=\"467\" srcset=\"https:\/\/perfectvenue.es\/wp-content\/uploads\/2022\/07\/Aino-and-Martin-a-couple-surrounded-by-nature-on-the-day-of-their-rustic-wedding-in-L\u2019Avellana-26.jpg 700w, https:\/\/perfectvenue.es\/wp-content\/uploads\/2022\/07\/Aino-and-Martin-a-couple-surrounded-by-nature-on-the-day-of-their-rustic-wedding-in-L\u2019Avellana-26-300x200.jpg 300w, https:\/\/perfectvenue.es\/wp-content\/uploads\/2022\/07\/Aino-and-Martin-a-couple-surrounded-by-nature-on-the-day-of-their-rustic-wedding-in-L\u2019Avellana-26-450x300.jpg 450w, https:\/\/perfectvenue.es\/wp-content\/uploads\/2022\/07\/Aino-and-Martin-a-couple-surrounded-by-nature-on-the-day-of-their-rustic-wedding-in-L\u2019Avellana-26-600x400.jpg 600w\" sizes=\"auto, (max-width: 700px) 100vw, 700px\" \/><figcaption id=\"caption-attachment-35933\" class=\"wp-caption-text\">Photo by Juanlu Rojano<\/figcaption><\/figure>\n<figure id=\"attachment_35932\" aria-describedby=\"caption-attachment-35932\" style=\"width: 700px\" class=\"wp-caption aligncenter\"><img loading=\"lazy\" decoding=\"async\" class=\"size-full wp-image-35932\" src=\"https:\/\/perfectvenue.es\/wp-content\/uploads\/2022\/07\/Aino-and-Martin-a-couple-surrounded-by-nature-on-the-day-of-their-rustic-wedding-in-L\u2019Avellana-25.jpg\" alt=\"Wedding in Tarragona - Perfect Venue\" width=\"700\" height=\"467\" srcset=\"https:\/\/perfectvenue.es\/wp-content\/uploads\/2022\/07\/Aino-and-Martin-a-couple-surrounded-by-nature-on-the-day-of-their-rustic-wedding-in-L\u2019Avellana-25.jpg 700w, https:\/\/perfectvenue.es\/wp-content\/uploads\/2022\/07\/Aino-and-Martin-a-couple-surrounded-by-nature-on-the-day-of-their-rustic-wedding-in-L\u2019Avellana-25-300x200.jpg 300w, https:\/\/perfectvenue.es\/wp-content\/uploads\/2022\/07\/Aino-and-Martin-a-couple-surrounded-by-nature-on-the-day-of-their-rustic-wedding-in-L\u2019Avellana-25-450x300.jpg 450w, https:\/\/perfectvenue.es\/wp-content\/uploads\/2022\/07\/Aino-and-Martin-a-couple-surrounded-by-nature-on-the-day-of-their-rustic-wedding-in-L\u2019Avellana-25-600x400.jpg 600w\" sizes=\"auto, (max-width: 700px) 100vw, 700px\" \/><figcaption id=\"caption-attachment-35932\" class=\"wp-caption-text\">Photo by Juanlu Rojano<\/figcaption><\/figure>\n<figure id=\"attachment_35934\" aria-describedby=\"caption-attachment-35934\" style=\"width: 700px\" class=\"wp-caption aligncenter\"><img loading=\"lazy\" decoding=\"async\" class=\"size-full wp-image-35934\" src=\"https:\/\/perfectvenue.es\/wp-content\/uploads\/2022\/07\/Aino-and-Martin-a-couple-surrounded-by-nature-on-the-day-of-their-rustic-wedding-in-L\u2019Avellana-28.jpg\" alt=\"Wedding in Tarragona - Perfect Venue\" width=\"700\" height=\"467\" srcset=\"https:\/\/perfectvenue.es\/wp-content\/uploads\/2022\/07\/Aino-and-Martin-a-couple-surrounded-by-nature-on-the-day-of-their-rustic-wedding-in-L\u2019Avellana-28.jpg 700w, https:\/\/perfectvenue.es\/wp-content\/uploads\/2022\/07\/Aino-and-Martin-a-couple-surrounded-by-nature-on-the-day-of-their-rustic-wedding-in-L\u2019Avellana-28-300x200.jpg 300w, https:\/\/perfectvenue.es\/wp-content\/uploads\/2022\/07\/Aino-and-Martin-a-couple-surrounded-by-nature-on-the-day-of-their-rustic-wedding-in-L\u2019Avellana-28-450x300.jpg 450w, https:\/\/perfectvenue.es\/wp-content\/uploads\/2022\/07\/Aino-and-Martin-a-couple-surrounded-by-nature-on-the-day-of-their-rustic-wedding-in-L\u2019Avellana-28-600x400.jpg 600w\" sizes=\"auto, (max-width: 700px) 100vw, 700px\" \/><figcaption id=\"caption-attachment-35934\" class=\"wp-caption-text\">Photo by Juanlu Rojano<\/figcaption><\/figure>\n<figure id=\"attachment_35935\" aria-describedby=\"caption-attachment-35935\" style=\"width: 700px\" class=\"wp-caption aligncenter\"><img loading=\"lazy\" decoding=\"async\" class=\"size-full wp-image-35935\" src=\"https:\/\/perfectvenue.es\/wp-content\/uploads\/2022\/07\/Aino-and-Martin-a-couple-surrounded-by-nature-on-the-day-of-their-rustic-wedding-in-L\u2019Avellana-29.jpg\" alt=\"Wedding in Tarragona - Perfect Venue\" width=\"700\" height=\"467\" srcset=\"https:\/\/perfectvenue.es\/wp-content\/uploads\/2022\/07\/Aino-and-Martin-a-couple-surrounded-by-nature-on-the-day-of-their-rustic-wedding-in-L\u2019Avellana-29.jpg 700w, https:\/\/perfectvenue.es\/wp-content\/uploads\/2022\/07\/Aino-and-Martin-a-couple-surrounded-by-nature-on-the-day-of-their-rustic-wedding-in-L\u2019Avellana-29-300x200.jpg 300w, https:\/\/perfectvenue.es\/wp-content\/uploads\/2022\/07\/Aino-and-Martin-a-couple-surrounded-by-nature-on-the-day-of-their-rustic-wedding-in-L\u2019Avellana-29-450x300.jpg 450w, https:\/\/perfectvenue.es\/wp-content\/uploads\/2022\/07\/Aino-and-Martin-a-couple-surrounded-by-nature-on-the-day-of-their-rustic-wedding-in-L\u2019Avellana-29-600x400.jpg 600w\" sizes=\"auto, (max-width: 700px) 100vw, 700px\" \/><figcaption id=\"caption-attachment-35935\" class=\"wp-caption-text\">Photo by Juanlu Rojano<\/figcaption><\/figure>\n<h2 style=\"text-align: justify\">Una food truck sabrosa y tropical<\/h2>\n<p style=\"text-align: justify\"><b>Una llamativa food truck con un divertido estampado de flores esperaba a recibir a los invitados para que degustasen los ricos mojitos que se serv\u00edan en ella<\/b><span style=\"font-weight: 400\">. \u00a1Un detalle que encant\u00f3 a todos!<\/span><\/p>\n<p style=\"text-align: justify\"><span style=\"font-weight: 400\">No tiene por qu\u00e9 ser comida, la caravana es perfecta para colocar bebidas como batidos, vermuts, c\u00f3cteles variados, variedades de mojitos, smoothies, cubalibres\u2026 \u00a1Un drink corner \u2018como Dios manda\u2019! <b><a href=\"https:\/\/perfectvenue.es\/2021\/12\/07\/put-a-food-truck-at-your-wedding-day-heres-everything-you-need-to-know-for-hiring-a-food-truck-on-your-day\/\">\u00a1Pon una food truck en tu boda! Esto es todo lo que debes saber a la hora de contratar una food truck.<\/a> <\/b><\/span><\/p>\n<figure id=\"attachment_35928\" aria-describedby=\"caption-attachment-35928\" style=\"width: 700px\" class=\"wp-caption aligncenter\"><img loading=\"lazy\" decoding=\"async\" class=\"size-full wp-image-35928\" src=\"https:\/\/perfectvenue.es\/wp-content\/uploads\/2022\/07\/Aino-and-Martin-a-couple-surrounded-by-nature-on-the-day-of-their-rustic-wedding-in-L\u2019Avellana-20.jpg\" alt=\"Wedding in Tarragona - Perfect Venue\" width=\"700\" height=\"467\" srcset=\"https:\/\/perfectvenue.es\/wp-content\/uploads\/2022\/07\/Aino-and-Martin-a-couple-surrounded-by-nature-on-the-day-of-their-rustic-wedding-in-L\u2019Avellana-20.jpg 700w, https:\/\/perfectvenue.es\/wp-content\/uploads\/2022\/07\/Aino-and-Martin-a-couple-surrounded-by-nature-on-the-day-of-their-rustic-wedding-in-L\u2019Avellana-20-300x200.jpg 300w, https:\/\/perfectvenue.es\/wp-content\/uploads\/2022\/07\/Aino-and-Martin-a-couple-surrounded-by-nature-on-the-day-of-their-rustic-wedding-in-L\u2019Avellana-20-450x300.jpg 450w, https:\/\/perfectvenue.es\/wp-content\/uploads\/2022\/07\/Aino-and-Martin-a-couple-surrounded-by-nature-on-the-day-of-their-rustic-wedding-in-L\u2019Avellana-20-600x400.jpg 600w\" sizes=\"auto, (max-width: 700px) 100vw, 700px\" \/><figcaption id=\"caption-attachment-35928\" class=\"wp-caption-text\">Photo by Juanlu Rojano<\/figcaption><\/figure>\n<h2 style=\"text-align: justify\">Unos novios entre caballos<\/h2>\n<p style=\"text-align: justify\"><span style=\"font-weight: 400\">En la finca L\u2019Avellana, esta pareja amante de los caballos tambi\u00e9n pudo tener <\/span><b>un reportaje de boda \u00fanico con fotos en movimiento, din\u00e1micas, espont\u00e1neas y muy expresivas junto a estos elegantes animales.<\/b><\/p>\n<p style=\"text-align: justify\"><span style=\"font-weight: 400\">\u00bfSabes que los caballos son unos de los animales m\u00e1s fotog\u00e9nicos que hay y que m\u00e1s juego dan?<\/span><\/p>\n<figure id=\"attachment_35939\" aria-describedby=\"caption-attachment-35939\" style=\"width: 700px\" class=\"wp-caption aligncenter\"><img loading=\"lazy\" decoding=\"async\" class=\"size-full wp-image-35939\" src=\"https:\/\/perfectvenue.es\/wp-content\/uploads\/2022\/07\/Aino-and-Martin-a-couple-surrounded-by-nature-on-the-day-of-their-rustic-wedding-in-L\u2019Avellana-34.jpg\" alt=\"Wedding in Tarragona - Perfect Venue\" width=\"700\" height=\"467\" srcset=\"https:\/\/perfectvenue.es\/wp-content\/uploads\/2022\/07\/Aino-and-Martin-a-couple-surrounded-by-nature-on-the-day-of-their-rustic-wedding-in-L\u2019Avellana-34.jpg 700w, https:\/\/perfectvenue.es\/wp-content\/uploads\/2022\/07\/Aino-and-Martin-a-couple-surrounded-by-nature-on-the-day-of-their-rustic-wedding-in-L\u2019Avellana-34-300x200.jpg 300w, https:\/\/perfectvenue.es\/wp-content\/uploads\/2022\/07\/Aino-and-Martin-a-couple-surrounded-by-nature-on-the-day-of-their-rustic-wedding-in-L\u2019Avellana-34-450x300.jpg 450w, https:\/\/perfectvenue.es\/wp-content\/uploads\/2022\/07\/Aino-and-Martin-a-couple-surrounded-by-nature-on-the-day-of-their-rustic-wedding-in-L\u2019Avellana-34-600x400.jpg 600w\" sizes=\"auto, (max-width: 700px) 100vw, 700px\" \/><figcaption id=\"caption-attachment-35939\" class=\"wp-caption-text\">Photo by Juanlu Rojano<\/figcaption><\/figure>\n<h2 style=\"text-align: justify\"><b>Estilismos a la altura<\/b><\/h2>\n<p style=\"text-align: justify\"><span style=\"font-weight: 400\">Para su <\/span><b>boda r\u00fastica en L\u2019Avellana,<\/b><span style=\"font-weight: 400\"> la novia luci\u00f3 un <\/span><b>vestido de corte recto, repleto de tul plumeti, con la espalda al aire y con bordados florales en la parte superior del vestido<\/b><span style=\"font-weight: 400\">, \u00a1acapar\u00f3 todas las miradas! Y el novio no pudo evitar emocionarse nada m\u00e1s verla aparecer tan radiante.<\/span><\/p>\n<p style=\"text-align: justify\"><span style=\"font-weight: 400\">Como calzado opt\u00f3 por unas preciosas sandalias de tac\u00f3n blancas y para complementar el look eligi\u00f3 llevar su pelo rubio suelto con ondas y acompa\u00f1arlo con un maquillaje sencillo y natural.<\/span><\/p>\n<figure id=\"attachment_35917\" aria-describedby=\"caption-attachment-35917\" style=\"width: 700px\" class=\"wp-caption aligncenter\"><img loading=\"lazy\" decoding=\"async\" class=\"size-full wp-image-35917\" src=\"https:\/\/perfectvenue.es\/wp-content\/uploads\/2022\/07\/Aino-and-Martin-a-couple-surrounded-by-nature-on-the-day-of-their-rustic-wedding-in-L\u2019Avellana-4.jpg\" alt=\"Wedding in Tarragona - Perfect Venue\" width=\"700\" height=\"524\" srcset=\"https:\/\/perfectvenue.es\/wp-content\/uploads\/2022\/07\/Aino-and-Martin-a-couple-surrounded-by-nature-on-the-day-of-their-rustic-wedding-in-L\u2019Avellana-4.jpg 700w, https:\/\/perfectvenue.es\/wp-content\/uploads\/2022\/07\/Aino-and-Martin-a-couple-surrounded-by-nature-on-the-day-of-their-rustic-wedding-in-L\u2019Avellana-4-300x225.jpg 300w, https:\/\/perfectvenue.es\/wp-content\/uploads\/2022\/07\/Aino-and-Martin-a-couple-surrounded-by-nature-on-the-day-of-their-rustic-wedding-in-L\u2019Avellana-4-450x337.jpg 450w, https:\/\/perfectvenue.es\/wp-content\/uploads\/2022\/07\/Aino-and-Martin-a-couple-surrounded-by-nature-on-the-day-of-their-rustic-wedding-in-L\u2019Avellana-4-600x449.jpg 600w\" sizes=\"auto, (max-width: 700px) 100vw, 700px\" \/><figcaption id=\"caption-attachment-35917\" class=\"wp-caption-text\">Photo by Juanlu Rojano<\/figcaption><\/figure>\n<figure id=\"attachment_35920\" aria-describedby=\"caption-attachment-35920\" style=\"width: 700px\" class=\"wp-caption aligncenter\"><img loading=\"lazy\" decoding=\"async\" class=\"size-full wp-image-35920\" src=\"https:\/\/perfectvenue.es\/wp-content\/uploads\/2022\/07\/Aino-and-Martin-a-couple-surrounded-by-nature-on-the-day-of-their-rustic-wedding-in-L\u2019Avellana-8.jpg\" alt=\"Wedding in Tarragona - Perfect Venue\" width=\"700\" height=\"467\" srcset=\"https:\/\/perfectvenue.es\/wp-content\/uploads\/2022\/07\/Aino-and-Martin-a-couple-surrounded-by-nature-on-the-day-of-their-rustic-wedding-in-L\u2019Avellana-8.jpg 700w, https:\/\/perfectvenue.es\/wp-content\/uploads\/2022\/07\/Aino-and-Martin-a-couple-surrounded-by-nature-on-the-day-of-their-rustic-wedding-in-L\u2019Avellana-8-300x200.jpg 300w, https:\/\/perfectvenue.es\/wp-content\/uploads\/2022\/07\/Aino-and-Martin-a-couple-surrounded-by-nature-on-the-day-of-their-rustic-wedding-in-L\u2019Avellana-8-450x300.jpg 450w, https:\/\/perfectvenue.es\/wp-content\/uploads\/2022\/07\/Aino-and-Martin-a-couple-surrounded-by-nature-on-the-day-of-their-rustic-wedding-in-L\u2019Avellana-8-600x400.jpg 600w\" sizes=\"auto, (max-width: 700px) 100vw, 700px\" \/><figcaption id=\"caption-attachment-35920\" class=\"wp-caption-text\">Photo by Juanlu Rojano<\/figcaption><\/figure>\n<figure id=\"attachment_35918\" aria-describedby=\"caption-attachment-35918\" style=\"width: 700px\" class=\"wp-caption aligncenter\"><img loading=\"lazy\" decoding=\"async\" class=\"size-full wp-image-35918\" src=\"https:\/\/perfectvenue.es\/wp-content\/uploads\/2022\/07\/Aino-and-Martin-a-couple-surrounded-by-nature-on-the-day-of-their-rustic-wedding-in-L\u2019Avellana-5.jpg\" alt=\"Wedding in Tarragona - Perfect Venue\" width=\"700\" height=\"467\" srcset=\"https:\/\/perfectvenue.es\/wp-content\/uploads\/2022\/07\/Aino-and-Martin-a-couple-surrounded-by-nature-on-the-day-of-their-rustic-wedding-in-L\u2019Avellana-5.jpg 700w, https:\/\/perfectvenue.es\/wp-content\/uploads\/2022\/07\/Aino-and-Martin-a-couple-surrounded-by-nature-on-the-day-of-their-rustic-wedding-in-L\u2019Avellana-5-300x200.jpg 300w, https:\/\/perfectvenue.es\/wp-content\/uploads\/2022\/07\/Aino-and-Martin-a-couple-surrounded-by-nature-on-the-day-of-their-rustic-wedding-in-L\u2019Avellana-5-450x300.jpg 450w, https:\/\/perfectvenue.es\/wp-content\/uploads\/2022\/07\/Aino-and-Martin-a-couple-surrounded-by-nature-on-the-day-of-their-rustic-wedding-in-L\u2019Avellana-5-600x400.jpg 600w\" sizes=\"auto, (max-width: 700px) 100vw, 700px\" \/><figcaption id=\"caption-attachment-35918\" class=\"wp-caption-text\">Photo by Juanlu Rojano<\/figcaption><\/figure>\n<figure id=\"attachment_35919\" aria-describedby=\"caption-attachment-35919\" style=\"width: 700px\" class=\"wp-caption aligncenter\"><img loading=\"lazy\" decoding=\"async\" class=\"size-full wp-image-35919\" src=\"https:\/\/perfectvenue.es\/wp-content\/uploads\/2022\/07\/Aino-and-Martin-a-couple-surrounded-by-nature-on-the-day-of-their-rustic-wedding-in-L\u2019Avellana-6.jpg\" alt=\"Wedding in Tarragona - Perfect Venue\" width=\"700\" height=\"467\" srcset=\"https:\/\/perfectvenue.es\/wp-content\/uploads\/2022\/07\/Aino-and-Martin-a-couple-surrounded-by-nature-on-the-day-of-their-rustic-wedding-in-L\u2019Avellana-6.jpg 700w, https:\/\/perfectvenue.es\/wp-content\/uploads\/2022\/07\/Aino-and-Martin-a-couple-surrounded-by-nature-on-the-day-of-their-rustic-wedding-in-L\u2019Avellana-6-300x200.jpg 300w, https:\/\/perfectvenue.es\/wp-content\/uploads\/2022\/07\/Aino-and-Martin-a-couple-surrounded-by-nature-on-the-day-of-their-rustic-wedding-in-L\u2019Avellana-6-450x300.jpg 450w, https:\/\/perfectvenue.es\/wp-content\/uploads\/2022\/07\/Aino-and-Martin-a-couple-surrounded-by-nature-on-the-day-of-their-rustic-wedding-in-L\u2019Avellana-6-600x400.jpg 600w\" sizes=\"auto, (max-width: 700px) 100vw, 700px\" \/><figcaption id=\"caption-attachment-35919\" class=\"wp-caption-text\">Photo by Juanlu Rojano<\/figcaption><\/figure>\n<figure id=\"attachment_35921\" aria-describedby=\"caption-attachment-35921\" style=\"width: 700px\" class=\"wp-caption aligncenter\"><img loading=\"lazy\" decoding=\"async\" class=\"size-full wp-image-35921\" src=\"https:\/\/perfectvenue.es\/wp-content\/uploads\/2022\/07\/Aino-and-Martin-a-couple-surrounded-by-nature-on-the-day-of-their-rustic-wedding-in-L\u2019Avellana-10.jpg\" alt=\"Wedding in Tarragona - Perfect Venue\" width=\"700\" height=\"467\" srcset=\"https:\/\/perfectvenue.es\/wp-content\/uploads\/2022\/07\/Aino-and-Martin-a-couple-surrounded-by-nature-on-the-day-of-their-rustic-wedding-in-L\u2019Avellana-10.jpg 700w, https:\/\/perfectvenue.es\/wp-content\/uploads\/2022\/07\/Aino-and-Martin-a-couple-surrounded-by-nature-on-the-day-of-their-rustic-wedding-in-L\u2019Avellana-10-300x200.jpg 300w, https:\/\/perfectvenue.es\/wp-content\/uploads\/2022\/07\/Aino-and-Martin-a-couple-surrounded-by-nature-on-the-day-of-their-rustic-wedding-in-L\u2019Avellana-10-450x300.jpg 450w, https:\/\/perfectvenue.es\/wp-content\/uploads\/2022\/07\/Aino-and-Martin-a-couple-surrounded-by-nature-on-the-day-of-their-rustic-wedding-in-L\u2019Avellana-10-600x400.jpg 600w\" sizes=\"auto, (max-width: 700px) 100vw, 700px\" \/><figcaption id=\"caption-attachment-35921\" class=\"wp-caption-text\">Photo by Juanlu Rojano<\/figcaption><\/figure>\n<p style=\"text-align: justify\"><span style=\"font-weight: 400\">Por otra parte, el novio se decant\u00f3 para su gran d\u00eda por un <\/span><b>traje de chaqueta azul marino tirando a gris\u00e1ceo.<\/b><span style=\"font-weight: 400\"> Este lo conjunt\u00f3 con una camisa blanca, un pa\u00f1uelo blanco en la americana y detalles en marr\u00f3n como los botones de las mangas a juego con los zapatos Oxford de ante del mismo tono.<\/span><\/p>\n<figure id=\"attachment_35916\" aria-describedby=\"caption-attachment-35916\" style=\"width: 700px\" class=\"wp-caption aligncenter\"><img loading=\"lazy\" decoding=\"async\" class=\"size-full wp-image-35916\" src=\"https:\/\/perfectvenue.es\/wp-content\/uploads\/2022\/07\/Aino-and-Martin-a-couple-surrounded-by-nature-on-the-day-of-their-rustic-wedding-in-L\u2019Avellana-3.jpg\" alt=\"Wedding in Tarragona - Perfect Venue\" width=\"700\" height=\"524\" srcset=\"https:\/\/perfectvenue.es\/wp-content\/uploads\/2022\/07\/Aino-and-Martin-a-couple-surrounded-by-nature-on-the-day-of-their-rustic-wedding-in-L\u2019Avellana-3.jpg 700w, https:\/\/perfectvenue.es\/wp-content\/uploads\/2022\/07\/Aino-and-Martin-a-couple-surrounded-by-nature-on-the-day-of-their-rustic-wedding-in-L\u2019Avellana-3-300x225.jpg 300w, https:\/\/perfectvenue.es\/wp-content\/uploads\/2022\/07\/Aino-and-Martin-a-couple-surrounded-by-nature-on-the-day-of-their-rustic-wedding-in-L\u2019Avellana-3-450x337.jpg 450w, https:\/\/perfectvenue.es\/wp-content\/uploads\/2022\/07\/Aino-and-Martin-a-couple-surrounded-by-nature-on-the-day-of-their-rustic-wedding-in-L\u2019Avellana-3-600x449.jpg 600w\" sizes=\"auto, (max-width: 700px) 100vw, 700px\" \/><figcaption id=\"caption-attachment-35916\" class=\"wp-caption-text\">Photo by Juanlu Rojano<\/figcaption><\/figure>\n<h2 style=\"text-align: justify\">Fotograf\u00edas para revivir emociones<\/h2>\n<p style=\"text-align: justify\"><strong>J<\/strong><b>uanlu Rojano fue el encargado de la sesi\u00f3n de fotos del gran d\u00eda,<\/b><span style=\"font-weight: 400\"> consiguiendo como resultado un m\u00e1gico video y unas preciosas fotograf\u00edas narrativas y documentales.<\/span><\/p>\n<p style=\"text-align: justify\"><span style=\"font-weight: 400\">Adem\u00e1s, consigui\u00f3 captar todas las emociones y todos los detalles del d\u00eda m\u00e1s importante de la vida de Aino y Martin.<\/span><\/p>\n<figure id=\"attachment_35927\" aria-describedby=\"caption-attachment-35927\" style=\"width: 700px\" class=\"wp-caption aligncenter\"><img loading=\"lazy\" decoding=\"async\" class=\"size-full wp-image-35927\" src=\"https:\/\/perfectvenue.es\/wp-content\/uploads\/2022\/07\/Aino-and-Martin-a-couple-surrounded-by-nature-on-the-day-of-their-rustic-wedding-in-L\u2019Avellana-19.jpg\" alt=\"Wedding in Tarragona - Perfect Venue\" width=\"700\" height=\"524\" srcset=\"https:\/\/perfectvenue.es\/wp-content\/uploads\/2022\/07\/Aino-and-Martin-a-couple-surrounded-by-nature-on-the-day-of-their-rustic-wedding-in-L\u2019Avellana-19.jpg 700w, https:\/\/perfectvenue.es\/wp-content\/uploads\/2022\/07\/Aino-and-Martin-a-couple-surrounded-by-nature-on-the-day-of-their-rustic-wedding-in-L\u2019Avellana-19-300x225.jpg 300w, https:\/\/perfectvenue.es\/wp-content\/uploads\/2022\/07\/Aino-and-Martin-a-couple-surrounded-by-nature-on-the-day-of-their-rustic-wedding-in-L\u2019Avellana-19-450x337.jpg 450w, https:\/\/perfectvenue.es\/wp-content\/uploads\/2022\/07\/Aino-and-Martin-a-couple-surrounded-by-nature-on-the-day-of-their-rustic-wedding-in-L\u2019Avellana-19-600x449.jpg 600w\" sizes=\"auto, (max-width: 700px) 100vw, 700px\" \/><figcaption id=\"caption-attachment-35927\" class=\"wp-caption-text\">Photo by Juanlu Rojano<\/figcaption><\/figure>\n<figure id=\"attachment_35925\" aria-describedby=\"caption-attachment-35925\" style=\"width: 700px\" class=\"wp-caption aligncenter\"><img loading=\"lazy\" decoding=\"async\" class=\"size-full wp-image-35925\" src=\"https:\/\/perfectvenue.es\/wp-content\/uploads\/2022\/07\/Aino-and-Martin-a-couple-surrounded-by-nature-on-the-day-of-their-rustic-wedding-in-L\u2019Avellana-17.jpg\" alt=\"Wedding in Tarragona - Perfect Venue\" width=\"700\" height=\"467\" srcset=\"https:\/\/perfectvenue.es\/wp-content\/uploads\/2022\/07\/Aino-and-Martin-a-couple-surrounded-by-nature-on-the-day-of-their-rustic-wedding-in-L\u2019Avellana-17.jpg 700w, https:\/\/perfectvenue.es\/wp-content\/uploads\/2022\/07\/Aino-and-Martin-a-couple-surrounded-by-nature-on-the-day-of-their-rustic-wedding-in-L\u2019Avellana-17-300x200.jpg 300w, https:\/\/perfectvenue.es\/wp-content\/uploads\/2022\/07\/Aino-and-Martin-a-couple-surrounded-by-nature-on-the-day-of-their-rustic-wedding-in-L\u2019Avellana-17-450x300.jpg 450w, https:\/\/perfectvenue.es\/wp-content\/uploads\/2022\/07\/Aino-and-Martin-a-couple-surrounded-by-nature-on-the-day-of-their-rustic-wedding-in-L\u2019Avellana-17-600x400.jpg 600w\" sizes=\"auto, (max-width: 700px) 100vw, 700px\" \/><figcaption id=\"caption-attachment-35925\" class=\"wp-caption-text\">Photo by Juanlu Rojano<\/figcaption><\/figure>\n<figure id=\"attachment_35940\" aria-describedby=\"caption-attachment-35940\" style=\"width: 700px\" class=\"wp-caption aligncenter\"><img loading=\"lazy\" decoding=\"async\" class=\"size-full wp-image-35940\" src=\"https:\/\/perfectvenue.es\/wp-content\/uploads\/2022\/07\/Aino-and-Martin-a-couple-surrounded-by-nature-on-the-day-of-their-rustic-wedding-in-L\u2019Avellana-35.jpg\" alt=\"Wedding in Tarragona - Perfect Venue\" width=\"700\" height=\"467\" srcset=\"https:\/\/perfectvenue.es\/wp-content\/uploads\/2022\/07\/Aino-and-Martin-a-couple-surrounded-by-nature-on-the-day-of-their-rustic-wedding-in-L\u2019Avellana-35.jpg 700w, https:\/\/perfectvenue.es\/wp-content\/uploads\/2022\/07\/Aino-and-Martin-a-couple-surrounded-by-nature-on-the-day-of-their-rustic-wedding-in-L\u2019Avellana-35-300x200.jpg 300w, https:\/\/perfectvenue.es\/wp-content\/uploads\/2022\/07\/Aino-and-Martin-a-couple-surrounded-by-nature-on-the-day-of-their-rustic-wedding-in-L\u2019Avellana-35-450x300.jpg 450w, https:\/\/perfectvenue.es\/wp-content\/uploads\/2022\/07\/Aino-and-Martin-a-couple-surrounded-by-nature-on-the-day-of-their-rustic-wedding-in-L\u2019Avellana-35-600x400.jpg 600w\" sizes=\"auto, (max-width: 700px) 100vw, 700px\" \/><figcaption id=\"caption-attachment-35940\" class=\"wp-caption-text\">Photo by Juanlu Rojano<\/figcaption><\/figure>\n<figure id=\"attachment_35941\" aria-describedby=\"caption-attachment-35941\" style=\"width: 700px\" class=\"wp-caption aligncenter\"><img loading=\"lazy\" decoding=\"async\" class=\"size-full wp-image-35941\" src=\"https:\/\/perfectvenue.es\/wp-content\/uploads\/2022\/07\/Aino-and-Martin-a-couple-surrounded-by-nature-on-the-day-of-their-rustic-wedding-in-L\u2019Avellana-36.jpg\" alt=\"Wedding in Tarragona - Perfect Venue\" width=\"700\" height=\"467\" srcset=\"https:\/\/perfectvenue.es\/wp-content\/uploads\/2022\/07\/Aino-and-Martin-a-couple-surrounded-by-nature-on-the-day-of-their-rustic-wedding-in-L\u2019Avellana-36.jpg 700w, https:\/\/perfectvenue.es\/wp-content\/uploads\/2022\/07\/Aino-and-Martin-a-couple-surrounded-by-nature-on-the-day-of-their-rustic-wedding-in-L\u2019Avellana-36-300x200.jpg 300w, https:\/\/perfectvenue.es\/wp-content\/uploads\/2022\/07\/Aino-and-Martin-a-couple-surrounded-by-nature-on-the-day-of-their-rustic-wedding-in-L\u2019Avellana-36-450x300.jpg 450w, https:\/\/perfectvenue.es\/wp-content\/uploads\/2022\/07\/Aino-and-Martin-a-couple-surrounded-by-nature-on-the-day-of-their-rustic-wedding-in-L\u2019Avellana-36-600x400.jpg 600w\" sizes=\"auto, (max-width: 700px) 100vw, 700px\" \/><figcaption id=\"caption-attachment-35941\" class=\"wp-caption-text\">Photo by Juanlu Rojano<\/figcaption><\/figure>\n<p style=\"text-align: justify\"><span style=\"font-weight: 400\">Si t\u00fa tambi\u00e9n quieres una <\/span><b>boda r\u00fastica en L\u2019Avellana<\/b><span style=\"font-weight: 400\"> o en un sitio tan espectacular como este, en <\/span><b>Perfect Venue<\/b><span style=\"font-weight: 400\"> te podemos ayudar, \u00a1organizamos todo por vosotros y quedar\u00e9is m\u00e1s que encantados!<\/span><\/p>\n<p style=\"text-align: justify\"><span style=\"font-weight: 400\">Cont\u00e1ctanos, ya te estamos esperando.<\/span><\/p>\n<h3 style=\"text-align: justify\">Cr\u00e9ditos:<\/h3>\n<p style=\"text-align: justify\">Fot\u00f3grafo: <a href=\"https:\/\/juanlurojano.com\/boda-en-lavellana-aino-martin\/\">Juanlu Rojano<\/a> \/\/ Lugar: L\u2019Avellana \/\/ Flores: Go Floral &amp; Violeta Gladstone<\/p>\n<p><\/p>\n<span class=\"tags-links\"><a href=\"https:\/\/perfectvenue.es\/es\/tag\/boda-en-espana\/\" rel=\"tag\">boda en espa\u00f1a<\/a><a href=\"https:\/\/perfectvenue.es\/es\/tag\/boda-en-tarragona\/\" rel=\"tag\">boda en Tarragona<\/a><a href=\"https:\/\/perfectvenue.es\/es\/tag\/boda-estilo-rustic\/\" rel=\"tag\">boda estilo rustic<\/a><a href=\"https:\/\/perfectvenue.es\/es\/tag\/rustic-wedding-style\/\" rel=\"tag\">rustic wedding style<\/a><a href=\"https:\/\/perfectvenue.es\/es\/tag\/wedding-in-tarragona\/\" rel=\"tag\">wedding in Tarragona<\/a><a href=\"https:\/\/perfectvenue.es\/es\/tag\/%d1%81%d0%b2%d0%b0%d0%b4%d1%8c%d0%b1%d0%b0-%d1%80%d1%83%d1%81%d1%82%d0%b8%d0%ba\/\" rel=\"tag\">\u0441\u0432\u0430\u0434\u044c\u0431\u0430 \u0440\u0443\u0441\u0442\u0438\u043a<\/a><\/span>","protected":false},"excerpt":{"rendered":"<p>Aino y Martin, una pareja rodeada de naturaleza en el d\u00eda de su boda r\u00fastica en L\u2019Avellana<\/p>\n","protected":false},"author":26511,"featured_media":35925,"comment_status":"closed","ping_status":"open","sticky":false,"template":"","format":"standard","meta":{"footnotes":""},"categories":[176],"tags":[496,3752,5324,5323,3753,5277],"class_list":["post-35879","post","type-post","status-publish","format-standard","has-post-thumbnail","hentry","category-wedding","tag-boda-en-espana","tag-boda-en-tarragona","tag-boda-estilo-rustic","tag-rustic-wedding-style","tag-wedding-in-tarragona","tag-5277"],"_links":{"self":[{"href":"https:\/\/perfectvenue.es\/es\/wp-json\/wp\/v2\/posts\/35879","targetHints":{"allow":["GET"]}}],"collection":[{"href":"https:\/\/perfectvenue.es\/es\/wp-json\/wp\/v2\/posts"}],"about":[{"href":"https:\/\/perfectvenue.es\/es\/wp-json\/wp\/v2\/types\/post"}],"author":[{"embeddable":true,"href":"https:\/\/perfectvenue.es\/es\/wp-json\/wp\/v2\/users\/26511"}],"replies":[{"embeddable":true,"href":"https:\/\/perfectvenue.es\/es\/wp-json\/wp\/v2\/comments?post=35879"}],"version-history":[{"count":5,"href":"https:\/\/perfectvenue.es\/es\/wp-json\/wp\/v2\/posts\/35879\/revisions"}],"predecessor-version":[{"id":35949,"href":"https:\/\/perfectvenue.es\/es\/wp-json\/wp\/v2\/posts\/35879\/revisions\/35949"}],"wp:featuredmedia":[{"embeddable":true,"href":"https:\/\/perfectvenue.es\/es\/wp-json\/wp\/v2\/media\/35925"}],"wp:attachment":[{"href":"https:\/\/perfectvenue.es\/es\/wp-json\/wp\/v2\/media?parent=35879"}],"wp:term":[{"taxonomy":"category","embeddable":true,"href":"https:\/\/perfectvenue.es\/es\/wp-json\/wp\/v2\/categories?post=35879"},{"taxonomy":"post_tag","embeddable":true,"href":"https:\/\/perfectvenue.es\/es\/wp-json\/wp\/v2\/tags?post=35879"}],"curies":[{"name":"wp","href":"https:\/\/api.w.org\/{rel}","templated":true}]}}