{"id":35757,"date":"2022-07-04T18:00:29","date_gmt":"2022-07-04T15:00:29","guid":{"rendered":"https:\/\/perfectvenue.es\/?p=35757"},"modified":"2022-07-04T16:50:18","modified_gmt":"2022-07-04T13:50:18","slug":"a-wedding-in-monclova-castle-in-the-heart-of-the-sevillian-countryside-and-a-travel-theme","status":"publish","type":"post","link":"https:\/\/perfectvenue.es\/es\/2022\/07\/04\/a-wedding-in-monclova-castle-in-the-heart-of-the-sevillian-countryside-and-a-travel-theme\/","title":{"rendered":"Una boda en el Castillo de la Monclova, en plena campi\u00f1a sevillana y con tem\u00e1tica viajera"},"content":{"rendered":"<p><\/p>\n<p style=\"text-align: justify\"><span style=\"font-weight: 400\">Esta <\/span><b>boda en el Castillo de la Monclova<\/b><span style=\"font-weight: 400\"> fue la materializaci\u00f3n de un sue\u00f1o hecho realidad. Y Pilar y Maxime fueron la princesa y el pr\u00edncipe protagonistas de esta boda de cuento de hadas.<\/span><\/p>\n<p style=\"text-align: justify\"><span style=\"font-weight: 400\">Los novios consiguieron dar un evento preparado hasta el m\u00e1s m\u00ednimo detalle <\/span><b>inspirado en la tem\u00e1tica de los viajes<\/b><span style=\"font-weight: 400\">. \u00a1Nos encantan las bodas tem\u00e1ticas!<\/span><\/p>\n<p style=\"text-align: justify\"><span style=\"font-weight: 400\">Despu\u00e9s de conocer la boda de esta pareja, todos estar\u00e9is de acuerdo con nosotros en que esta celebraci\u00f3n fue tan especial que supera cualquier expectativa.<\/span><\/p>\n<p style=\"text-align: justify\"><span style=\"font-weight: 400\">\u00a1Coge papel y boli y toma notas para tu boda! Porque tu cuento de hadas merece un espacio tan \u00fanico como este:<\/span><\/p>\n<figure id=\"attachment_35768\" aria-describedby=\"caption-attachment-35768\" style=\"width: 700px\" class=\"wp-caption aligncenter\"><img loading=\"lazy\" decoding=\"async\" class=\"size-full wp-image-35768\" src=\"https:\/\/perfectvenue.es\/wp-content\/uploads\/2022\/07\/A-wedding-in-the-Monclova-Castle-in-the-heart-of-the-Sevillian-countryside-and-a-travel-theme-10.jpg\" alt=\"Wedding in Castillo de la Monclova - Perfect Venue\" width=\"700\" height=\"525\" srcset=\"https:\/\/perfectvenue.es\/wp-content\/uploads\/2022\/07\/A-wedding-in-the-Monclova-Castle-in-the-heart-of-the-Sevillian-countryside-and-a-travel-theme-10.jpg 700w, https:\/\/perfectvenue.es\/wp-content\/uploads\/2022\/07\/A-wedding-in-the-Monclova-Castle-in-the-heart-of-the-Sevillian-countryside-and-a-travel-theme-10-300x225.jpg 300w, https:\/\/perfectvenue.es\/wp-content\/uploads\/2022\/07\/A-wedding-in-the-Monclova-Castle-in-the-heart-of-the-Sevillian-countryside-and-a-travel-theme-10-450x338.jpg 450w, https:\/\/perfectvenue.es\/wp-content\/uploads\/2022\/07\/A-wedding-in-the-Monclova-Castle-in-the-heart-of-the-Sevillian-countryside-and-a-travel-theme-10-600x450.jpg 600w\" sizes=\"auto, (max-width: 700px) 100vw, 700px\" \/><figcaption id=\"caption-attachment-35768\" class=\"wp-caption-text\">Photo by V\u00edctor Al\u00e1ez<\/figcaption><\/figure>\n<h2 style=\"text-align: justify\">El castillo de la Monclova, el espacio elegido<\/h2>\n<p style=\"text-align: justify\"><span style=\"font-weight: 400\">Situado <\/span><b>en plena campi\u00f1a del bajo Guadalquivir, en Sevilla<\/b><span style=\"font-weight: 400\">, este castillo fue testigo de la uni\u00f3n en matrimonio de nuestros novios de hoy.<\/span><\/p>\n<p style=\"text-align: justify\"><span style=\"font-weight: 400\">La entrada de los novios al castillo la realizaron a trav\u00e9s de un p\u00f3rtico con arco de medio punto sobre columnas y escudos familiares en las enjutas, lo que dej\u00f3 a todos boquiabiertos.<\/span><\/p>\n<p style=\"text-align: justify\"><span style=\"font-weight: 400\">Desde la entrada, Pilar y Maxime pudieron acceder a un <\/span><b>gran patio porticado en tres de sus lados con arcos semicirculares sobre columnas y escudos<\/b><span style=\"font-weight: 400\"> de la Orden de la Merced en las enjutas. \u00a1No se nos ocurre un lugar m\u00e1s m\u00e1gico en el que poder festejar el gran d\u00eda!<\/span><\/p>\n<p style=\"text-align: justify\"><span style=\"font-weight: 400\">Los restos m\u00e1s antiguos que se conservan de este castillo datan del siglo XIV, siendo \u00e9stos la torre del Homenaje y tres lienzos del recinto amurallado. Tambi\u00e9n las puertas de madera son muestra de la talla del siglo XVII.<\/span><\/p>\n<figure id=\"attachment_35760\" aria-describedby=\"caption-attachment-35760\" style=\"width: 700px\" class=\"wp-caption aligncenter\"><img loading=\"lazy\" decoding=\"async\" class=\"size-full wp-image-35760\" src=\"https:\/\/perfectvenue.es\/wp-content\/uploads\/2022\/07\/A-wedding-in-the-Monclova-Castle-in-the-heart-of-the-Sevillian-countryside-and-a-travel-theme-2.jpg\" alt=\"Wedding in Castillo de la Monclova - Perfect Venue\" width=\"700\" height=\"525\" srcset=\"https:\/\/perfectvenue.es\/wp-content\/uploads\/2022\/07\/A-wedding-in-the-Monclova-Castle-in-the-heart-of-the-Sevillian-countryside-and-a-travel-theme-2.jpg 700w, https:\/\/perfectvenue.es\/wp-content\/uploads\/2022\/07\/A-wedding-in-the-Monclova-Castle-in-the-heart-of-the-Sevillian-countryside-and-a-travel-theme-2-300x225.jpg 300w, https:\/\/perfectvenue.es\/wp-content\/uploads\/2022\/07\/A-wedding-in-the-Monclova-Castle-in-the-heart-of-the-Sevillian-countryside-and-a-travel-theme-2-450x338.jpg 450w, https:\/\/perfectvenue.es\/wp-content\/uploads\/2022\/07\/A-wedding-in-the-Monclova-Castle-in-the-heart-of-the-Sevillian-countryside-and-a-travel-theme-2-600x450.jpg 600w\" sizes=\"auto, (max-width: 700px) 100vw, 700px\" \/><figcaption id=\"caption-attachment-35760\" class=\"wp-caption-text\">Photo by V\u00edctor Al\u00e1ez<\/figcaption><\/figure>\n<figure id=\"attachment_35761\" aria-describedby=\"caption-attachment-35761\" style=\"width: 700px\" class=\"wp-caption aligncenter\"><img loading=\"lazy\" decoding=\"async\" class=\"size-full wp-image-35761\" src=\"https:\/\/perfectvenue.es\/wp-content\/uploads\/2022\/07\/A-wedding-in-the-Monclova-Castle-in-the-heart-of-the-Sevillian-countryside-and-a-travel-theme-3.jpg\" alt=\"Wedding in Castillo de la Monclova - Perfect Venue\" width=\"700\" height=\"467\" srcset=\"https:\/\/perfectvenue.es\/wp-content\/uploads\/2022\/07\/A-wedding-in-the-Monclova-Castle-in-the-heart-of-the-Sevillian-countryside-and-a-travel-theme-3.jpg 700w, https:\/\/perfectvenue.es\/wp-content\/uploads\/2022\/07\/A-wedding-in-the-Monclova-Castle-in-the-heart-of-the-Sevillian-countryside-and-a-travel-theme-3-300x200.jpg 300w, https:\/\/perfectvenue.es\/wp-content\/uploads\/2022\/07\/A-wedding-in-the-Monclova-Castle-in-the-heart-of-the-Sevillian-countryside-and-a-travel-theme-3-450x300.jpg 450w, https:\/\/perfectvenue.es\/wp-content\/uploads\/2022\/07\/A-wedding-in-the-Monclova-Castle-in-the-heart-of-the-Sevillian-countryside-and-a-travel-theme-3-600x400.jpg 600w\" sizes=\"auto, (max-width: 700px) 100vw, 700px\" \/><figcaption id=\"caption-attachment-35761\" class=\"wp-caption-text\">Photo by V\u00edctor Al\u00e1ez<\/figcaption><\/figure>\n<h2 style=\"text-align: justify\">Un \u201cs\u00ed quiero\u201d repleto de emociones<\/h2>\n<p style=\"text-align: justify\"><span style=\"font-weight: 400\">Las emociones estuvieron presentes en todas partes. En primer lugar, en los discursos, expresados \u200b\u200btanto en espa\u00f1ol como en franc\u00e9s. El intercambio de votos y en cada momento sus miradas y poderosas palabras contagiaron a los invitados un puro sentimiento de alegr\u00eda.<\/span><\/p>\n<p style=\"text-align: justify\"><span style=\"font-weight: 400\">Lennon, su guap\u00edsimo perro labrador, acudi\u00f3 con ellos con una misi\u00f3n muy importante y es que precisamente <\/span><b>su mascota fue quien llev\u00f3 los anillos de la pareja<\/b><span style=\"font-weight: 400\">, depositados en un simp\u00e1tico coj\u00edn con el estampado de un mapamundi creado para esta ocasi\u00f3n.<\/span><\/p>\n<figure id=\"attachment_35764\" aria-describedby=\"caption-attachment-35764\" style=\"width: 700px\" class=\"wp-caption aligncenter\"><img loading=\"lazy\" decoding=\"async\" class=\"size-full wp-image-35764\" src=\"https:\/\/perfectvenue.es\/wp-content\/uploads\/2022\/07\/A-wedding-in-the-Monclova-Castle-in-the-heart-of-the-Sevillian-countryside-and-a-travel-theme-6.jpg\" alt=\"Wedding in Castillo de la Monclova - Perfect Venue\" width=\"700\" height=\"936\" srcset=\"https:\/\/perfectvenue.es\/wp-content\/uploads\/2022\/07\/A-wedding-in-the-Monclova-Castle-in-the-heart-of-the-Sevillian-countryside-and-a-travel-theme-6.jpg 700w, https:\/\/perfectvenue.es\/wp-content\/uploads\/2022\/07\/A-wedding-in-the-Monclova-Castle-in-the-heart-of-the-Sevillian-countryside-and-a-travel-theme-6-224x300.jpg 224w, https:\/\/perfectvenue.es\/wp-content\/uploads\/2022\/07\/A-wedding-in-the-Monclova-Castle-in-the-heart-of-the-Sevillian-countryside-and-a-travel-theme-6-450x602.jpg 450w, https:\/\/perfectvenue.es\/wp-content\/uploads\/2022\/07\/A-wedding-in-the-Monclova-Castle-in-the-heart-of-the-Sevillian-countryside-and-a-travel-theme-6-598x800.jpg 598w, https:\/\/perfectvenue.es\/wp-content\/uploads\/2022\/07\/A-wedding-in-the-Monclova-Castle-in-the-heart-of-the-Sevillian-countryside-and-a-travel-theme-6-600x802.jpg 600w\" sizes=\"auto, (max-width: 700px) 100vw, 700px\" \/><figcaption id=\"caption-attachment-35764\" class=\"wp-caption-text\">Photo by V\u00edctor Al\u00e1ez<\/figcaption><\/figure>\n<figure id=\"attachment_35766\" aria-describedby=\"caption-attachment-35766\" style=\"width: 700px\" class=\"wp-caption aligncenter\"><img loading=\"lazy\" decoding=\"async\" class=\"size-full wp-image-35766\" src=\"https:\/\/perfectvenue.es\/wp-content\/uploads\/2022\/07\/A-wedding-in-the-Monclova-Castle-in-the-heart-of-the-Sevillian-countryside-and-a-travel-theme-8.jpg\" alt=\"Wedding in Castillo de la Monclova - Perfect Venue\" width=\"700\" height=\"525\" srcset=\"https:\/\/perfectvenue.es\/wp-content\/uploads\/2022\/07\/A-wedding-in-the-Monclova-Castle-in-the-heart-of-the-Sevillian-countryside-and-a-travel-theme-8.jpg 700w, https:\/\/perfectvenue.es\/wp-content\/uploads\/2022\/07\/A-wedding-in-the-Monclova-Castle-in-the-heart-of-the-Sevillian-countryside-and-a-travel-theme-8-300x225.jpg 300w, https:\/\/perfectvenue.es\/wp-content\/uploads\/2022\/07\/A-wedding-in-the-Monclova-Castle-in-the-heart-of-the-Sevillian-countryside-and-a-travel-theme-8-450x338.jpg 450w, https:\/\/perfectvenue.es\/wp-content\/uploads\/2022\/07\/A-wedding-in-the-Monclova-Castle-in-the-heart-of-the-Sevillian-countryside-and-a-travel-theme-8-600x450.jpg 600w\" sizes=\"auto, (max-width: 700px) 100vw, 700px\" \/><figcaption id=\"caption-attachment-35766\" class=\"wp-caption-text\">Photo by V\u00edctor Al\u00e1ez<\/figcaption><\/figure>\n<figure id=\"attachment_35767\" aria-describedby=\"caption-attachment-35767\" style=\"width: 700px\" class=\"wp-caption aligncenter\"><img loading=\"lazy\" decoding=\"async\" class=\"size-full wp-image-35767\" src=\"https:\/\/perfectvenue.es\/wp-content\/uploads\/2022\/07\/A-wedding-in-the-Monclova-Castle-in-the-heart-of-the-Sevillian-countryside-and-a-travel-theme-9.jpg\" alt=\"Wedding in Castillo de la Monclova - Perfect Venue\" width=\"700\" height=\"936\" srcset=\"https:\/\/perfectvenue.es\/wp-content\/uploads\/2022\/07\/A-wedding-in-the-Monclova-Castle-in-the-heart-of-the-Sevillian-countryside-and-a-travel-theme-9.jpg 700w, https:\/\/perfectvenue.es\/wp-content\/uploads\/2022\/07\/A-wedding-in-the-Monclova-Castle-in-the-heart-of-the-Sevillian-countryside-and-a-travel-theme-9-224x300.jpg 224w, https:\/\/perfectvenue.es\/wp-content\/uploads\/2022\/07\/A-wedding-in-the-Monclova-Castle-in-the-heart-of-the-Sevillian-countryside-and-a-travel-theme-9-450x602.jpg 450w, https:\/\/perfectvenue.es\/wp-content\/uploads\/2022\/07\/A-wedding-in-the-Monclova-Castle-in-the-heart-of-the-Sevillian-countryside-and-a-travel-theme-9-598x800.jpg 598w, https:\/\/perfectvenue.es\/wp-content\/uploads\/2022\/07\/A-wedding-in-the-Monclova-Castle-in-the-heart-of-the-Sevillian-countryside-and-a-travel-theme-9-600x802.jpg 600w\" sizes=\"auto, (max-width: 700px) 100vw, 700px\" \/><figcaption id=\"caption-attachment-35767\" class=\"wp-caption-text\">Photo by V\u00edctor Al\u00e1ez<\/figcaption><\/figure>\n<h2 style=\"text-align: justify\">Decoraci\u00f3n muy viajera<\/h2>\n<p style=\"text-align: justify\"><span style=\"font-weight: 400\">A Pilar y a Maxime les apasiona viajar, es uno de sus hobbies y ten\u00edan claro que su boda ten\u00eda que estar <\/span><b>inspirada en el mundo de los viajes<\/b><span style=\"font-weight: 400\">, por eso, el tema de la boda fue este.<\/span><\/p>\n<p style=\"text-align: justify\"><span style=\"font-weight: 400\">As\u00ed, el trabajo de decoraci\u00f3n de Hello Events fue impecable al llenar los rincones del espacio con objetos decorativos como <\/span><b>mapas, maletas, postales, globos terr\u00e1queos, buzones, etc.<\/b><\/p>\n<figure id=\"attachment_35765\" aria-describedby=\"caption-attachment-35765\" style=\"width: 700px\" class=\"wp-caption aligncenter\"><img loading=\"lazy\" decoding=\"async\" class=\"size-full wp-image-35765\" src=\"https:\/\/perfectvenue.es\/wp-content\/uploads\/2022\/07\/A-wedding-in-the-Monclova-Castle-in-the-heart-of-the-Sevillian-countryside-and-a-travel-theme-7.jpg\" alt=\"Wedding in Castillo de la Monclova - Perfect Venue\" width=\"700\" height=\"525\" srcset=\"https:\/\/perfectvenue.es\/wp-content\/uploads\/2022\/07\/A-wedding-in-the-Monclova-Castle-in-the-heart-of-the-Sevillian-countryside-and-a-travel-theme-7.jpg 700w, https:\/\/perfectvenue.es\/wp-content\/uploads\/2022\/07\/A-wedding-in-the-Monclova-Castle-in-the-heart-of-the-Sevillian-countryside-and-a-travel-theme-7-300x225.jpg 300w, https:\/\/perfectvenue.es\/wp-content\/uploads\/2022\/07\/A-wedding-in-the-Monclova-Castle-in-the-heart-of-the-Sevillian-countryside-and-a-travel-theme-7-450x338.jpg 450w, https:\/\/perfectvenue.es\/wp-content\/uploads\/2022\/07\/A-wedding-in-the-Monclova-Castle-in-the-heart-of-the-Sevillian-countryside-and-a-travel-theme-7-600x450.jpg 600w\" sizes=\"auto, (max-width: 700px) 100vw, 700px\" \/><figcaption id=\"caption-attachment-35765\" class=\"wp-caption-text\">Photo by V\u00edctor Al\u00e1ez<\/figcaption><\/figure>\n<figure id=\"attachment_35763\" aria-describedby=\"caption-attachment-35763\" style=\"width: 700px\" class=\"wp-caption aligncenter\"><img loading=\"lazy\" decoding=\"async\" class=\"size-full wp-image-35763\" src=\"https:\/\/perfectvenue.es\/wp-content\/uploads\/2022\/07\/A-wedding-in-the-Monclova-Castle-in-the-heart-of-the-Sevillian-countryside-and-a-travel-theme-5.jpg\" alt=\"Wedding in Castillo de la Monclova - Perfect Venue\" width=\"700\" height=\"525\" srcset=\"https:\/\/perfectvenue.es\/wp-content\/uploads\/2022\/07\/A-wedding-in-the-Monclova-Castle-in-the-heart-of-the-Sevillian-countryside-and-a-travel-theme-5.jpg 700w, https:\/\/perfectvenue.es\/wp-content\/uploads\/2022\/07\/A-wedding-in-the-Monclova-Castle-in-the-heart-of-the-Sevillian-countryside-and-a-travel-theme-5-300x225.jpg 300w, https:\/\/perfectvenue.es\/wp-content\/uploads\/2022\/07\/A-wedding-in-the-Monclova-Castle-in-the-heart-of-the-Sevillian-countryside-and-a-travel-theme-5-450x338.jpg 450w, https:\/\/perfectvenue.es\/wp-content\/uploads\/2022\/07\/A-wedding-in-the-Monclova-Castle-in-the-heart-of-the-Sevillian-countryside-and-a-travel-theme-5-600x450.jpg 600w\" sizes=\"auto, (max-width: 700px) 100vw, 700px\" \/><figcaption id=\"caption-attachment-35763\" class=\"wp-caption-text\">Photo by V\u00edctor Al\u00e1ez<\/figcaption><\/figure>\n<figure id=\"attachment_35762\" aria-describedby=\"caption-attachment-35762\" style=\"width: 700px\" class=\"wp-caption aligncenter\"><img loading=\"lazy\" decoding=\"async\" class=\"size-full wp-image-35762\" src=\"https:\/\/perfectvenue.es\/wp-content\/uploads\/2022\/07\/A-wedding-in-the-Monclova-Castle-in-the-heart-of-the-Sevillian-countryside-and-a-travel-theme-4.jpg\" alt=\"Wedding in Castillo de la Monclova - Perfect Venue\" width=\"700\" height=\"525\" srcset=\"https:\/\/perfectvenue.es\/wp-content\/uploads\/2022\/07\/A-wedding-in-the-Monclova-Castle-in-the-heart-of-the-Sevillian-countryside-and-a-travel-theme-4.jpg 700w, https:\/\/perfectvenue.es\/wp-content\/uploads\/2022\/07\/A-wedding-in-the-Monclova-Castle-in-the-heart-of-the-Sevillian-countryside-and-a-travel-theme-4-300x225.jpg 300w, https:\/\/perfectvenue.es\/wp-content\/uploads\/2022\/07\/A-wedding-in-the-Monclova-Castle-in-the-heart-of-the-Sevillian-countryside-and-a-travel-theme-4-450x338.jpg 450w, https:\/\/perfectvenue.es\/wp-content\/uploads\/2022\/07\/A-wedding-in-the-Monclova-Castle-in-the-heart-of-the-Sevillian-countryside-and-a-travel-theme-4-600x450.jpg 600w\" sizes=\"auto, (max-width: 700px) 100vw, 700px\" \/><figcaption id=\"caption-attachment-35762\" class=\"wp-caption-text\">Photo by V\u00edctor Al\u00e1ez<\/figcaption><\/figure>\n<h2 style=\"text-align: justify\">Las flores nunca pueden faltar<\/h2>\n<p style=\"text-align: justify\"><span style=\"font-weight: 400\">La florister\u00eda Sorigarden se encarg\u00f3 de poner el toque de color mediante la decoraci\u00f3n floral, concretamente el azul, a juego con los vestidos de las damas de honor.<\/span><\/p>\n<p style=\"text-align: justify\"><span style=\"font-weight: 400\">En cestos de esparto, en cubos de metal, en regaderas, a lo largo del pasillo de la ceremonia, en los centros de mesa\u2026 \u00a1Las flores azules fueron las protagonistas de esta <\/span><b>boda en el Castillo de la Monclova<\/b><span style=\"font-weight: 400\">!<\/span><\/p>\n<figure id=\"attachment_35772\" aria-describedby=\"caption-attachment-35772\" style=\"width: 700px\" class=\"wp-caption aligncenter\"><img loading=\"lazy\" decoding=\"async\" class=\"size-full wp-image-35772\" src=\"https:\/\/perfectvenue.es\/wp-content\/uploads\/2022\/07\/A-wedding-in-the-Monclova-Castle-in-the-heart-of-the-Sevillian-countryside-and-a-travel-theme-15.jpg\" alt=\"Wedding in Castillo de la Monclova - Perfect Venue\" width=\"700\" height=\"474\" srcset=\"https:\/\/perfectvenue.es\/wp-content\/uploads\/2022\/07\/A-wedding-in-the-Monclova-Castle-in-the-heart-of-the-Sevillian-countryside-and-a-travel-theme-15.jpg 700w, https:\/\/perfectvenue.es\/wp-content\/uploads\/2022\/07\/A-wedding-in-the-Monclova-Castle-in-the-heart-of-the-Sevillian-countryside-and-a-travel-theme-15-300x203.jpg 300w, https:\/\/perfectvenue.es\/wp-content\/uploads\/2022\/07\/A-wedding-in-the-Monclova-Castle-in-the-heart-of-the-Sevillian-countryside-and-a-travel-theme-15-450x305.jpg 450w, https:\/\/perfectvenue.es\/wp-content\/uploads\/2022\/07\/A-wedding-in-the-Monclova-Castle-in-the-heart-of-the-Sevillian-countryside-and-a-travel-theme-15-600x406.jpg 600w\" sizes=\"auto, (max-width: 700px) 100vw, 700px\" \/><figcaption id=\"caption-attachment-35772\" class=\"wp-caption-text\">Photo by V\u00edctor Al\u00e1ez<\/figcaption><\/figure>\n<h2 style=\"text-align: justify\">Unos estilismos de cuento<\/h2>\n<p style=\"text-align: justify\"><span style=\"font-weight: 400\">La novia eligi\u00f3 para su boda un <\/span><b>vestido de Pronovias con mangas de tirante efecto tatoo y una espalda de corte bajo<\/b><span style=\"font-weight: 400\">, lo que configuraron un cl\u00e1sico vestido de estilo princesa con encanto fresco y juvenil. Por otra parte, el cuerpo de encaje estaba repleto de <\/span><b>flores que flotaban sobre una exuberante falda de tul.<\/b><\/p>\n<p style=\"text-align: justify\"><span style=\"font-weight: 400\">Como calzado, opt\u00f3 por unos zapatos de tac\u00f3n rosa palo con aplique de joya. Y para complementar su look opt\u00f3 por un peinado recogido completo acompa\u00f1ado de un tocado de joya de India Tiaras y Tocados, todo confeccionado de manera artesanal, con mucho mimo y 100% made in Spain.<\/span><\/p>\n<figure id=\"attachment_35773\" aria-describedby=\"caption-attachment-35773\" style=\"width: 699px\" class=\"wp-caption aligncenter\"><img loading=\"lazy\" decoding=\"async\" class=\"size-full wp-image-35773\" src=\"https:\/\/perfectvenue.es\/wp-content\/uploads\/2022\/07\/A-wedding-in-the-Monclova-Castle-in-the-heart-of-the-Sevillian-countryside-and-a-travel-theme.jpg\" alt=\"Wedding in Castillo de la Monclova - Perfect Venue\" width=\"699\" height=\"464\" srcset=\"https:\/\/perfectvenue.es\/wp-content\/uploads\/2022\/07\/A-wedding-in-the-Monclova-Castle-in-the-heart-of-the-Sevillian-countryside-and-a-travel-theme.jpg 699w, https:\/\/perfectvenue.es\/wp-content\/uploads\/2022\/07\/A-wedding-in-the-Monclova-Castle-in-the-heart-of-the-Sevillian-countryside-and-a-travel-theme-300x199.jpg 300w, https:\/\/perfectvenue.es\/wp-content\/uploads\/2022\/07\/A-wedding-in-the-Monclova-Castle-in-the-heart-of-the-Sevillian-countryside-and-a-travel-theme-450x299.jpg 450w, https:\/\/perfectvenue.es\/wp-content\/uploads\/2022\/07\/A-wedding-in-the-Monclova-Castle-in-the-heart-of-the-Sevillian-countryside-and-a-travel-theme-600x398.jpg 600w\" sizes=\"auto, (max-width: 699px) 100vw, 699px\" \/><figcaption id=\"caption-attachment-35773\" class=\"wp-caption-text\">Photo by V\u00edctor Al\u00e1ez<\/figcaption><\/figure>\n<p style=\"text-align: justify\"><span style=\"font-weight: 400\">El traje de novio era de la firma de Pepe Prieto, en color azul marino y a juego con la corbata azul marina y el chaleco de cuadros. Como accesorios eligi\u00f3 un reloj, un cintur\u00f3n y unos zapatos en color negro.<\/span><\/p>\n<figure id=\"attachment_35758\" aria-describedby=\"caption-attachment-35758\" style=\"width: 699px\" class=\"wp-caption aligncenter\"><img loading=\"lazy\" decoding=\"async\" class=\"size-full wp-image-35758\" src=\"https:\/\/perfectvenue.es\/wp-content\/uploads\/2022\/07\/A-wedding-in-the-Monclova-Castle-in-the-heart-of-the-Sevillian-countryside-and-a-travel-theme-16.jpeg\" alt=\"Wedding in Castillo de la Monclova - Perfect Venue\" width=\"699\" height=\"464\" srcset=\"https:\/\/perfectvenue.es\/wp-content\/uploads\/2022\/07\/A-wedding-in-the-Monclova-Castle-in-the-heart-of-the-Sevillian-countryside-and-a-travel-theme-16.jpeg 699w, https:\/\/perfectvenue.es\/wp-content\/uploads\/2022\/07\/A-wedding-in-the-Monclova-Castle-in-the-heart-of-the-Sevillian-countryside-and-a-travel-theme-16-300x199.jpeg 300w, https:\/\/perfectvenue.es\/wp-content\/uploads\/2022\/07\/A-wedding-in-the-Monclova-Castle-in-the-heart-of-the-Sevillian-countryside-and-a-travel-theme-16-450x299.jpeg 450w, https:\/\/perfectvenue.es\/wp-content\/uploads\/2022\/07\/A-wedding-in-the-Monclova-Castle-in-the-heart-of-the-Sevillian-countryside-and-a-travel-theme-16-600x398.jpeg 600w\" sizes=\"auto, (max-width: 699px) 100vw, 699px\" \/><figcaption id=\"caption-attachment-35758\" class=\"wp-caption-text\">Photo by V\u00edctor Al\u00e1ez<\/figcaption><\/figure>\n<h2 style=\"text-align: justify\">Una fiesta con mucha marcha<\/h2>\n<p style=\"text-align: justify\"><span style=\"font-weight: 400\">El equipo de Spirit Music fue el encargado de poner el broche de oro a esta boda en el Castillo de la Monclova, <\/span><b>combinando DJs profesionales, animadores y una buena selecci\u00f3n con la mejor m\u00fasica.<\/b><\/p>\n<p style=\"text-align: justify\"><span style=\"font-weight: 400\">\u00a1Porque no hay celebraci\u00f3n sin fiesta!<\/span><\/p>\n<h2 style=\"text-align: justify\">Fotograf\u00edas y videos de cuento de hadas<\/h2>\n<p style=\"text-align: justify\"><span style=\"font-weight: 400\">David Berbl\u00e1n fue el vide\u00f3grafo de esta boda y V\u00edctor Al\u00e1ez y Silvia fueron los encargados de la sesi\u00f3n de fotos del gran d\u00eda, consiguiendo este equipo como resultado <\/span><b>un espectacular v\u00eddeo y unas fotograf\u00edas \u00fanicas.<\/b><\/p>\n<p style=\"text-align: justify\"><span style=\"font-weight: 400\">Adem\u00e1s, consiguieron captar todas las emociones y todos los detalles del d\u00eda m\u00e1s importante de la vida de Pilar y Maxime.<\/span><\/p>\n<figure id=\"attachment_35771\" aria-describedby=\"caption-attachment-35771\" style=\"width: 700px\" class=\"wp-caption aligncenter\"><img loading=\"lazy\" decoding=\"async\" class=\"size-full wp-image-35771\" src=\"https:\/\/perfectvenue.es\/wp-content\/uploads\/2022\/07\/A-wedding-in-the-Monclova-Castle-in-the-heart-of-the-Sevillian-countryside-and-a-travel-theme-14.jpg\" alt=\"Wedding in Castillo de la Monclova - Perfect Venue\" width=\"700\" height=\"513\" srcset=\"https:\/\/perfectvenue.es\/wp-content\/uploads\/2022\/07\/A-wedding-in-the-Monclova-Castle-in-the-heart-of-the-Sevillian-countryside-and-a-travel-theme-14.jpg 700w, https:\/\/perfectvenue.es\/wp-content\/uploads\/2022\/07\/A-wedding-in-the-Monclova-Castle-in-the-heart-of-the-Sevillian-countryside-and-a-travel-theme-14-300x220.jpg 300w, https:\/\/perfectvenue.es\/wp-content\/uploads\/2022\/07\/A-wedding-in-the-Monclova-Castle-in-the-heart-of-the-Sevillian-countryside-and-a-travel-theme-14-450x330.jpg 450w, https:\/\/perfectvenue.es\/wp-content\/uploads\/2022\/07\/A-wedding-in-the-Monclova-Castle-in-the-heart-of-the-Sevillian-countryside-and-a-travel-theme-14-600x440.jpg 600w\" sizes=\"auto, (max-width: 700px) 100vw, 700px\" \/><figcaption id=\"caption-attachment-35771\" class=\"wp-caption-text\">Photo by V\u00edctor Al\u00e1ez<\/figcaption><\/figure>\n<figure id=\"attachment_35770\" aria-describedby=\"caption-attachment-35770\" style=\"width: 700px\" class=\"wp-caption aligncenter\"><img loading=\"lazy\" decoding=\"async\" class=\"size-full wp-image-35770\" src=\"https:\/\/perfectvenue.es\/wp-content\/uploads\/2022\/07\/A-wedding-in-the-Monclova-Castle-in-the-heart-of-the-Sevillian-countryside-and-a-travel-theme-12.jpg\" alt=\"Wedding in Castillo de la Monclova - Perfect Venue\" width=\"700\" height=\"525\" srcset=\"https:\/\/perfectvenue.es\/wp-content\/uploads\/2022\/07\/A-wedding-in-the-Monclova-Castle-in-the-heart-of-the-Sevillian-countryside-and-a-travel-theme-12.jpg 700w, https:\/\/perfectvenue.es\/wp-content\/uploads\/2022\/07\/A-wedding-in-the-Monclova-Castle-in-the-heart-of-the-Sevillian-countryside-and-a-travel-theme-12-300x225.jpg 300w, https:\/\/perfectvenue.es\/wp-content\/uploads\/2022\/07\/A-wedding-in-the-Monclova-Castle-in-the-heart-of-the-Sevillian-countryside-and-a-travel-theme-12-450x338.jpg 450w, https:\/\/perfectvenue.es\/wp-content\/uploads\/2022\/07\/A-wedding-in-the-Monclova-Castle-in-the-heart-of-the-Sevillian-countryside-and-a-travel-theme-12-600x450.jpg 600w\" sizes=\"auto, (max-width: 700px) 100vw, 700px\" \/><figcaption id=\"caption-attachment-35770\" class=\"wp-caption-text\">Photo by V\u00edctor Al\u00e1ez<\/figcaption><\/figure>\n<p style=\"text-align: justify\"><span style=\"font-weight: 400\">Si t\u00fa tambi\u00e9n quieres una <\/span><b>boda en el Castillo de la Monclova<\/b><span style=\"font-weight: 400\"> o una boda de cuento como esta, en <\/span><b>Perfect Venue<\/b><span style=\"font-weight: 400\"> te podemos ayudar, \u00a1organizamos todo por vosotros y quedar\u00e9is m\u00e1s que encantados!<\/span><\/p>\n<p style=\"text-align: justify\"><span style=\"font-weight: 400\">Cont\u00e1ctanos, ya te estamos esperando.<\/span><\/p>\n<h3 style=\"text-align: justify\">Cr\u00e9ditos:<\/h3>\n<p style=\"text-align: justify\">Fot\u00f3grafo: <a href=\"https:\/\/www.victoralaez.com\/castillo-de-la-monclova-wedding-photographer\/\">V\u00edctor Al\u00e1ez<\/a> \/\/ Segundo fot\u00f3grafo: Silvia \/\/ Espacio: Castillo de la Monclova \/\/ Vestido: Pronovias \/\/ Diadema: India Tiaras y Tocados \/\/ Traje: Pepe Prieto \/\/ Video: David Berbl\u00e1n \/\/ Musica y fiesta: Spirit Music \/\/ Decoraci\u00f3n: Hello Events \/\/ Flores: Sorigarden<\/p>\n<p><\/p>\n<span class=\"tags-links\"><a href=\"https:\/\/perfectvenue.es\/es\/tag\/boda-en-sevilla\/\" rel=\"tag\">boda en Sevilla<\/a><a href=\"https:\/\/perfectvenue.es\/es\/tag\/boda-tematica-espana\/\" rel=\"tag\">boda tematica Espa\u00f1a<\/a><a href=\"https:\/\/perfectvenue.es\/es\/tag\/themed-wedding-spain\/\" rel=\"tag\">themed wedding Spain<\/a><a href=\"https:\/\/perfectvenue.es\/es\/tag\/wedding-in-castile-monclova\/\" rel=\"tag\">wedding in Castile Monclova<\/a><a href=\"https:\/\/perfectvenue.es\/es\/tag\/%d1%81%d0%b2%d0%b0%d0%b4%d1%8c%d0%b1%d0%b0-%d0%b2-%d1%81%d0%b5%d0%b2%d0%b8%d0%bb%d1%8c%d0%b5\/\" rel=\"tag\">\u0421\u0432\u0430\u0434\u044c\u0431\u0430 \u0432 \u0421\u0435\u0432\u0438\u043b\u044c\u0435<\/a><a href=\"https:\/\/perfectvenue.es\/es\/tag\/%d1%82%d0%b5%d0%bc%d0%b0%d1%82%d0%b8%d1%87%d0%b5%d1%81%d0%ba%d0%b0%d1%8f-%d1%81%d0%b2%d0%b0%d0%b4%d1%8c%d0%b1%d0%b0\/\" rel=\"tag\">\u0442\u0435\u043c\u0430\u0442\u0438\u0447\u0435\u0441\u043a\u0430\u044f \u0441\u0432\u0430\u0434\u044c\u0431\u0430<\/a><\/span>","protected":false},"excerpt":{"rendered":"<p>Una boda en el Castillo de la Monclova, en plena campi\u00f1a sevillana y con tem\u00e1tica viajera.<\/p>\n","protected":false},"author":26511,"featured_media":35769,"comment_status":"closed","ping_status":"open","sticky":false,"template":"","format":"standard","meta":{"footnotes":""},"categories":[176],"tags":[1169,5298,5300,5299,3618,5131],"class_list":["post-35757","post","type-post","status-publish","format-standard","has-post-thumbnail","hentry","category-wedding","tag-boda-en-sevilla","tag-boda-tematica-espana","tag-themed-wedding-spain","tag-wedding-in-castile-monclova","tag-3618","tag-5131"],"_links":{"self":[{"href":"https:\/\/perfectvenue.es\/es\/wp-json\/wp\/v2\/posts\/35757","targetHints":{"allow":["GET"]}}],"collection":[{"href":"https:\/\/perfectvenue.es\/es\/wp-json\/wp\/v2\/posts"}],"about":[{"href":"https:\/\/perfectvenue.es\/es\/wp-json\/wp\/v2\/types\/post"}],"author":[{"embeddable":true,"href":"https:\/\/perfectvenue.es\/es\/wp-json\/wp\/v2\/users\/26511"}],"replies":[{"embeddable":true,"href":"https:\/\/perfectvenue.es\/es\/wp-json\/wp\/v2\/comments?post=35757"}],"version-history":[{"count":2,"href":"https:\/\/perfectvenue.es\/es\/wp-json\/wp\/v2\/posts\/35757\/revisions"}],"predecessor-version":[{"id":35778,"href":"https:\/\/perfectvenue.es\/es\/wp-json\/wp\/v2\/posts\/35757\/revisions\/35778"}],"wp:featuredmedia":[{"embeddable":true,"href":"https:\/\/perfectvenue.es\/es\/wp-json\/wp\/v2\/media\/35769"}],"wp:attachment":[{"href":"https:\/\/perfectvenue.es\/es\/wp-json\/wp\/v2\/media?parent=35757"}],"wp:term":[{"taxonomy":"category","embeddable":true,"href":"https:\/\/perfectvenue.es\/es\/wp-json\/wp\/v2\/categories?post=35757"},{"taxonomy":"post_tag","embeddable":true,"href":"https:\/\/perfectvenue.es\/es\/wp-json\/wp\/v2\/tags?post=35757"}],"curies":[{"name":"wp","href":"https:\/\/api.w.org\/{rel}","templated":true}]}}