{"id":35298,"date":"2022-06-26T18:00:57","date_gmt":"2022-06-26T15:00:57","guid":{"rendered":"https:\/\/perfectvenue.es\/?p=35298"},"modified":"2022-06-26T13:05:37","modified_gmt":"2022-06-26T10:05:37","slug":"the-magical-wedding-of-canadians-in-a-country-house-in-girona","status":"publish","type":"post","link":"https:\/\/perfectvenue.es\/es\/2022\/06\/26\/the-magical-wedding-of-canadians-in-a-country-house-in-girona\/","title":{"rendered":"La m\u00e1gica boda de unos canadienses en una mas\u00eda de Girona"},"content":{"rendered":"<p><\/p>\n<p style=\"text-align: justify\"><span style=\"font-weight: 400\">Catalu\u00f1a es esa provincia que tiene de todo: mar, monta\u00f1a, gastronom\u00eda, historia, cultura, arte, buen clima, infinidad de barrios\u2026 \u00a1Encontrar\u00e1s de todo en todas y en cada una de sus provincias! S\u00ed, ya sea en Girona, Tarragona, Barcelona o Lleida.<\/span><\/p>\n<p style=\"text-align: justify\"><span style=\"font-weight: 400\">Nosotros no podr\u00edamos elegir una provincia, pero esta pareja de estadounidenses que se conoci\u00f3 en Rusia s\u00ed lo hizo, eligi\u00f3 Girona para celebrar su boda, \u00a1y en una espectacular mas\u00eda!<\/span><\/p>\n<p style=\"text-align: justify\"><span style=\"font-weight: 400\">Y es que nuestros novios y sus invitados se quedaron encantados de c\u00f3mo fue el d\u00eda de la boda, \u00a1est\u00e1n enamorados de Espa\u00f1a y de Catalu\u00f1a! Por eso, quieren volver cuando sea posible para celebrar el aniversario aqu\u00ed tambi\u00e9n.<\/span><\/p>\n<p style=\"text-align: justify\"><span style=\"font-weight: 400\">\u00bfSab\u00edas que Catalu\u00f1a se ha convertido en un popular destino de bodas, tanto de nacionales como de extranjeros? \u00a1Es una apuesta segura!\u00a0<\/span><\/p>\n<p style=\"text-align: justify\"><span style=\"font-weight: 400\">Y si no que se lo digan a Carly y a Thomas, que trajeron en avi\u00f3n a todos sus invitados de Canad\u00e1, de Rusia, de parte de Europa y de Am\u00e9rica, \u00a1una aut\u00e9ntica boda internacional!<\/span><\/p>\n<p style=\"text-align: justify\"><span style=\"font-weight: 400\">Te contamos, a continuaci\u00f3n, todos los detalles.<\/span><\/p>\n<figure id=\"attachment_35511\" aria-describedby=\"caption-attachment-35511\" style=\"width: 700px\" class=\"wp-caption aligncenter\"><img loading=\"lazy\" decoding=\"async\" class=\"wp-image-35511 size-full\" src=\"https:\/\/perfectvenue.es\/wp-content\/uploads\/2022\/06\/marriage-in-Spain-63.jpg\" alt=\"Wedding in Girona - Perfect Venue\" width=\"700\" height=\"437\" srcset=\"https:\/\/perfectvenue.es\/wp-content\/uploads\/2022\/06\/marriage-in-Spain-63.jpg?v=1656063845 700w, https:\/\/perfectvenue.es\/wp-content\/uploads\/2022\/06\/marriage-in-Spain-63-300x187.jpg?v=1656063845 300w, https:\/\/perfectvenue.es\/wp-content\/uploads\/2022\/06\/marriage-in-Spain-63-450x281.jpg?v=1656063845 450w, https:\/\/perfectvenue.es\/wp-content\/uploads\/2022\/06\/marriage-in-Spain-63-600x375.jpg?v=1656063845 600w\" sizes=\"auto, (max-width: 700px) 100vw, 700px\" \/><figcaption id=\"caption-attachment-35511\" class=\"wp-caption-text\">Photo via: <a href=\"https:\/\/nataliaortizevents.com\/es\/\">Weddings and Events by Natalia Ortiz<\/a><\/figcaption><\/figure>\n<figure id=\"attachment_35500\" aria-describedby=\"caption-attachment-35500\" style=\"width: 700px\" class=\"wp-caption aligncenter\"><img loading=\"lazy\" decoding=\"async\" class=\"wp-image-35500 size-full\" src=\"https:\/\/perfectvenue.es\/wp-content\/uploads\/2022\/06\/marriage-in-Spain-49.jpg\" alt=\"Wedding in Girona - Perfect Venue\" width=\"700\" height=\"1049\" srcset=\"https:\/\/perfectvenue.es\/wp-content\/uploads\/2022\/06\/marriage-in-Spain-49.jpg?v=1656063766 700w, https:\/\/perfectvenue.es\/wp-content\/uploads\/2022\/06\/marriage-in-Spain-49-200x300.jpg?v=1656063766 200w, https:\/\/perfectvenue.es\/wp-content\/uploads\/2022\/06\/marriage-in-Spain-49-683x1024.jpg?v=1656063766 683w, https:\/\/perfectvenue.es\/wp-content\/uploads\/2022\/06\/marriage-in-Spain-49-450x674.jpg?v=1656063766 450w, https:\/\/perfectvenue.es\/wp-content\/uploads\/2022\/06\/marriage-in-Spain-49-534x800.jpg?v=1656063766 534w, https:\/\/perfectvenue.es\/wp-content\/uploads\/2022\/06\/marriage-in-Spain-49-600x899.jpg?v=1656063766 600w\" sizes=\"auto, (max-width: 700px) 100vw, 700px\" \/><figcaption id=\"caption-attachment-35500\" class=\"wp-caption-text\">Photo via: <a href=\"https:\/\/nataliaortizevents.com\/es\/\">Weddings and Events by Natalia Ortiz<\/a><\/figcaption><\/figure>\n<figure id=\"attachment_35501\" aria-describedby=\"caption-attachment-35501\" style=\"width: 700px\" class=\"wp-caption aligncenter\"><img loading=\"lazy\" decoding=\"async\" class=\"wp-image-35501 size-full\" src=\"https:\/\/perfectvenue.es\/wp-content\/uploads\/2022\/06\/marriage-in-Spain-50.jpg\" alt=\"Wedding in Girona - Perfect Venue\" width=\"700\" height=\"1049\" srcset=\"https:\/\/perfectvenue.es\/wp-content\/uploads\/2022\/06\/marriage-in-Spain-50.jpg?v=1656063769 700w, https:\/\/perfectvenue.es\/wp-content\/uploads\/2022\/06\/marriage-in-Spain-50-200x300.jpg?v=1656063769 200w, https:\/\/perfectvenue.es\/wp-content\/uploads\/2022\/06\/marriage-in-Spain-50-683x1024.jpg?v=1656063769 683w, https:\/\/perfectvenue.es\/wp-content\/uploads\/2022\/06\/marriage-in-Spain-50-450x674.jpg?v=1656063769 450w, https:\/\/perfectvenue.es\/wp-content\/uploads\/2022\/06\/marriage-in-Spain-50-534x800.jpg?v=1656063769 534w, https:\/\/perfectvenue.es\/wp-content\/uploads\/2022\/06\/marriage-in-Spain-50-600x899.jpg?v=1656063769 600w\" sizes=\"auto, (max-width: 700px) 100vw, 700px\" \/><figcaption id=\"caption-attachment-35501\" class=\"wp-caption-text\">Photo via: <a href=\"https:\/\/nataliaortizevents.com\/es\/\">Weddings and Events by Natalia Ortiz<\/a><\/figcaption><\/figure>\n<figure id=\"attachment_35506\" aria-describedby=\"caption-attachment-35506\" style=\"width: 700px\" class=\"wp-caption aligncenter\"><img loading=\"lazy\" decoding=\"async\" class=\"wp-image-35506 size-full\" src=\"https:\/\/perfectvenue.es\/wp-content\/uploads\/2022\/06\/marriage-in-Spain-56.jpg\" alt=\"Wedding in Girona - Perfect Venue\" width=\"700\" height=\"1049\" srcset=\"https:\/\/perfectvenue.es\/wp-content\/uploads\/2022\/06\/marriage-in-Spain-56.jpg?v=1656063797 700w, https:\/\/perfectvenue.es\/wp-content\/uploads\/2022\/06\/marriage-in-Spain-56-200x300.jpg?v=1656063797 200w, https:\/\/perfectvenue.es\/wp-content\/uploads\/2022\/06\/marriage-in-Spain-56-683x1024.jpg?v=1656063797 683w, https:\/\/perfectvenue.es\/wp-content\/uploads\/2022\/06\/marriage-in-Spain-56-450x674.jpg?v=1656063797 450w, https:\/\/perfectvenue.es\/wp-content\/uploads\/2022\/06\/marriage-in-Spain-56-534x800.jpg?v=1656063797 534w, https:\/\/perfectvenue.es\/wp-content\/uploads\/2022\/06\/marriage-in-Spain-56-600x899.jpg?v=1656063797 600w\" sizes=\"auto, (max-width: 700px) 100vw, 700px\" \/><figcaption id=\"caption-attachment-35506\" class=\"wp-caption-text\">Photo via: <a href=\"https:\/\/nataliaortizevents.com\/es\/\">Weddings and Events by Natalia Ortiz<\/a><\/figcaption><\/figure>\n<figure id=\"attachment_35520\" aria-describedby=\"caption-attachment-35520\" style=\"width: 700px\" class=\"wp-caption aligncenter\"><img loading=\"lazy\" decoding=\"async\" class=\"wp-image-35520 size-full\" src=\"https:\/\/perfectvenue.es\/wp-content\/uploads\/2022\/06\/marriage-in-Spain-74.jpg\" alt=\"Wedding in Girona - Perfect Venue\" width=\"700\" height=\"1049\" srcset=\"https:\/\/perfectvenue.es\/wp-content\/uploads\/2022\/06\/marriage-in-Spain-74.jpg?v=1656063897 700w, https:\/\/perfectvenue.es\/wp-content\/uploads\/2022\/06\/marriage-in-Spain-74-200x300.jpg?v=1656063897 200w, https:\/\/perfectvenue.es\/wp-content\/uploads\/2022\/06\/marriage-in-Spain-74-683x1024.jpg?v=1656063897 683w, https:\/\/perfectvenue.es\/wp-content\/uploads\/2022\/06\/marriage-in-Spain-74-450x674.jpg?v=1656063897 450w, https:\/\/perfectvenue.es\/wp-content\/uploads\/2022\/06\/marriage-in-Spain-74-534x800.jpg?v=1656063897 534w, https:\/\/perfectvenue.es\/wp-content\/uploads\/2022\/06\/marriage-in-Spain-74-600x899.jpg?v=1656063897 600w\" sizes=\"auto, (max-width: 700px) 100vw, 700px\" \/><figcaption id=\"caption-attachment-35520\" class=\"wp-caption-text\">Photo via: <a href=\"https:\/\/nataliaortizevents.com\/es\/\">Weddings and Events by Natalia Ortiz<\/a><\/figcaption><\/figure>\n<h2 style=\"text-align: justify\">El espacio, una casa catalana del siglo XVIII<\/h2>\n<p style=\"text-align: justify\"><span style=\"font-weight: 400\">La mas\u00eda en la que contrajeron matrimonio data del a\u00f1o 1282, y se encuentra ubicada en una colina a los pies del Montseny. Estos novios se dieron el \u201cs\u00ed quiero\u201d entre paredes de piedras irregulares y sillares de granito, rodeados por bosques mediterr\u00e1neos siempre verdes, entre alcornoques, pinos y matorrales, \u00a1una boda en mitad de un bosque!<\/span><\/p>\n<p style=\"text-align: justify\"><span style=\"font-weight: 400\">Se casaron por la iglesia, ya que el espacio dispone de una que fue reconstruida en 1801. Es un edificio sencillo y austero, con una nave rematada con \u00e1bside semicircular y dos capillas laterales a cada lado. Adem\u00e1s, tiene un campanario de espada\u00f1a de dos ojos. \u00a1Un escenario \u00fanico!<\/span><\/p>\n<h2 style=\"text-align: justify\">La m\u00edstica decoraci\u00f3n<\/h2>\n<p style=\"text-align: justify\"><span style=\"font-weight: 400\">En el ramo predominaron los colores granates, mostazas y blancos, as\u00ed como el verde y el marr\u00f3n de las hojas. \u00a1Al igual que el broche del novio!<\/span><\/p>\n<p style=\"text-align: justify\"><span style=\"font-weight: 400\">El banquete estuvo decorado con una serie de velas de diferentes alturas que daban misterio, magia y romanticismo al evento, y que se colocaron entre la infinidad de centros de mesa. La mesa estaba colocada en forma de U, \u00a1toda una tendencia!<\/span><\/p>\n<h2 style=\"text-align: justify\">Unos canadienses enamorados de Espa\u00f1a<\/h2>\n<p style=\"text-align: justify\"><span style=\"font-weight: 400\">Como buenos amantes de la tierra, a Carly y a Thomas no les pudo faltar en su boda un rinc\u00f3n destinado a los productos locales, como el jam\u00f3n, el queso, el chorizo o el salchich\u00f3n. \u00a1Menudo fest\u00edn!<\/span><\/p>\n<figure id=\"attachment_35515\" aria-describedby=\"caption-attachment-35515\" style=\"width: 700px\" class=\"wp-caption aligncenter\"><img loading=\"lazy\" decoding=\"async\" class=\"wp-image-35515 size-full\" src=\"https:\/\/perfectvenue.es\/wp-content\/uploads\/2022\/06\/marriage-in-Spain-67.jpg\" alt=\"Wedding in Girona - Perfect Venue\" width=\"700\" height=\"467\" srcset=\"https:\/\/perfectvenue.es\/wp-content\/uploads\/2022\/06\/marriage-in-Spain-67.jpg?v=1656063853 700w, https:\/\/perfectvenue.es\/wp-content\/uploads\/2022\/06\/marriage-in-Spain-67-300x200.jpg?v=1656063853 300w, https:\/\/perfectvenue.es\/wp-content\/uploads\/2022\/06\/marriage-in-Spain-67-450x300.jpg?v=1656063853 450w, https:\/\/perfectvenue.es\/wp-content\/uploads\/2022\/06\/marriage-in-Spain-67-600x400.jpg?v=1656063853 600w\" sizes=\"auto, (max-width: 700px) 100vw, 700px\" \/><figcaption id=\"caption-attachment-35515\" class=\"wp-caption-text\">Photo via: <a href=\"https:\/\/nataliaortizevents.com\/es\/\">Weddings and Events by Natalia Ortiz<\/a><\/figcaption><\/figure>\n<figure id=\"attachment_35517\" aria-describedby=\"caption-attachment-35517\" style=\"width: 700px\" class=\"wp-caption aligncenter\"><img loading=\"lazy\" decoding=\"async\" class=\"wp-image-35517 size-full\" src=\"https:\/\/perfectvenue.es\/wp-content\/uploads\/2022\/06\/marriage-in-Spain-69.jpg\" alt=\"Wedding in Girona - Perfect Venue\" width=\"700\" height=\"466\" srcset=\"https:\/\/perfectvenue.es\/wp-content\/uploads\/2022\/06\/marriage-in-Spain-69.jpg?v=1656063858 700w, https:\/\/perfectvenue.es\/wp-content\/uploads\/2022\/06\/marriage-in-Spain-69-300x200.jpg?v=1656063858 300w, https:\/\/perfectvenue.es\/wp-content\/uploads\/2022\/06\/marriage-in-Spain-69-450x300.jpg?v=1656063858 450w, https:\/\/perfectvenue.es\/wp-content\/uploads\/2022\/06\/marriage-in-Spain-69-600x399.jpg?v=1656063858 600w\" sizes=\"auto, (max-width: 700px) 100vw, 700px\" \/><figcaption id=\"caption-attachment-35517\" class=\"wp-caption-text\">Photo via: <a href=\"https:\/\/nataliaortizevents.com\/es\/\">Weddings and Events by Natalia Ortiz<\/a><\/figcaption><\/figure>\n<figure id=\"attachment_35518\" aria-describedby=\"caption-attachment-35518\" style=\"width: 700px\" class=\"wp-caption aligncenter\"><img loading=\"lazy\" decoding=\"async\" class=\"wp-image-35518 size-full\" src=\"https:\/\/perfectvenue.es\/wp-content\/uploads\/2022\/06\/marriage-in-Spain-70.jpg\" alt=\"Wedding in Girona - Perfect Venue\" width=\"700\" height=\"466\" srcset=\"https:\/\/perfectvenue.es\/wp-content\/uploads\/2022\/06\/marriage-in-Spain-70.jpg?v=1656063860 700w, https:\/\/perfectvenue.es\/wp-content\/uploads\/2022\/06\/marriage-in-Spain-70-300x200.jpg?v=1656063860 300w, https:\/\/perfectvenue.es\/wp-content\/uploads\/2022\/06\/marriage-in-Spain-70-450x300.jpg?v=1656063860 450w, https:\/\/perfectvenue.es\/wp-content\/uploads\/2022\/06\/marriage-in-Spain-70-600x399.jpg?v=1656063860 600w\" sizes=\"auto, (max-width: 700px) 100vw, 700px\" \/><figcaption id=\"caption-attachment-35518\" class=\"wp-caption-text\">Photo via: <a href=\"https:\/\/nataliaortizevents.com\/es\/\">Weddings and Events by Natalia Ortiz<\/a><\/figcaption><\/figure>\n<figure id=\"attachment_35523\" aria-describedby=\"caption-attachment-35523\" style=\"width: 700px\" class=\"wp-caption aligncenter\"><img loading=\"lazy\" decoding=\"async\" class=\"wp-image-35523 size-full\" src=\"https:\/\/perfectvenue.es\/wp-content\/uploads\/2022\/06\/marriage-in-Spain-77.jpg\" alt=\"Wedding in Girona - Perfect Venue\" width=\"700\" height=\"1048\" srcset=\"https:\/\/perfectvenue.es\/wp-content\/uploads\/2022\/06\/marriage-in-Spain-77.jpg?v=1656063906 700w, https:\/\/perfectvenue.es\/wp-content\/uploads\/2022\/06\/marriage-in-Spain-77-200x300.jpg?v=1656063906 200w, https:\/\/perfectvenue.es\/wp-content\/uploads\/2022\/06\/marriage-in-Spain-77-684x1024.jpg?v=1656063906 684w, https:\/\/perfectvenue.es\/wp-content\/uploads\/2022\/06\/marriage-in-Spain-77-450x674.jpg?v=1656063906 450w, https:\/\/perfectvenue.es\/wp-content\/uploads\/2022\/06\/marriage-in-Spain-77-534x800.jpg?v=1656063906 534w, https:\/\/perfectvenue.es\/wp-content\/uploads\/2022\/06\/marriage-in-Spain-77-600x898.jpg?v=1656063906 600w\" sizes=\"auto, (max-width: 700px) 100vw, 700px\" \/><figcaption id=\"caption-attachment-35523\" class=\"wp-caption-text\">Photo via: <a href=\"https:\/\/nataliaortizevents.com\/es\/\">Weddings and Events by Natalia Ortiz<\/a><\/figcaption><\/figure>\n<h2 style=\"text-align: justify\">Los estilismos m\u00e1s que acertados<\/h2>\n<p style=\"text-align: justify\"><span style=\"font-weight: 400\">La novia eligi\u00f3 para su gran d\u00eda un vestido en tono blanco nuclear, de corte en A. La parte superior estaba conformada por unos tirantes finitos, una espalda al aire, y todo repleto de bordados florales y alguna que otra transparencia, mientras que la parte inferior era sencilla y cl\u00e1sica, marcando la diferencia en la abertura lateral donde se pod\u00eda ver asomar la pierna de esta. Sofisticaci\u00f3n y seducci\u00f3n para un d\u00eda tan especial.<\/span><\/p>\n<p style=\"text-align: justify\"><span style=\"font-weight: 400\">En cuanto al peinado, Carly opt\u00f3 para su melena pelirroja un semirecogido repleto de ondas que cubri\u00f3 con un largo velo.<\/span><\/p>\n<p style=\"text-align: justify\"><span style=\"font-weight: 400\">Por otra parte, el novio se decant\u00f3 por un traje de chaqueta gris antracita formado por pantal\u00f3n, chaqueta y chaleco, que acompa\u00f1\u00f3 con una camisa blanca y una corbata verde botella.<\/span><\/p>\n<h2 style=\"text-align: justify\">Cambios de \u00faltima hora<\/h2>\n<p style=\"text-align: justify\"><span style=\"font-weight: 400\">La boda se organiz\u00f3 en un a\u00f1o, pero a lo largo de este hubo muchos cambios.<\/span><\/p>\n<p style=\"text-align: justify\"><span style=\"font-weight: 400\">En primer lugar, los novios quer\u00edan una ceremonia al aire libre y quer\u00edan contar con una decoraci\u00f3n m\u00e1s cl\u00e1sica, pero conforme avanzamos con los preparativos, los novios prefirieron sentarse en el centro y colocar a los invitados alrededor de s\u00ed mismos.<\/span><\/p>\n<p style=\"text-align: justify\"><span style=\"font-weight: 400\">\u00a1Y as\u00ed lo hicimos! Pero en zona interior, ya que el d\u00eda de la boda tuvimos que poner en marcha el Plan B ya que estaba lloviendo. \u00a1E igualmente todos quedaron maravillados y encantados!<\/span><\/p>\n<figure id=\"attachment_35489\" aria-describedby=\"caption-attachment-35489\" style=\"width: 700px\" class=\"wp-caption aligncenter\"><img loading=\"lazy\" decoding=\"async\" class=\"wp-image-35489 size-full\" src=\"https:\/\/perfectvenue.es\/wp-content\/uploads\/2022\/06\/marriage-in-Spain-34.jpg\" alt=\"Wedding in Girona - Perfect Venue\" width=\"700\" height=\"1049\" srcset=\"https:\/\/perfectvenue.es\/wp-content\/uploads\/2022\/06\/marriage-in-Spain-34.jpg?v=1656063535 700w, https:\/\/perfectvenue.es\/wp-content\/uploads\/2022\/06\/marriage-in-Spain-34-200x300.jpg?v=1656063535 200w, https:\/\/perfectvenue.es\/wp-content\/uploads\/2022\/06\/marriage-in-Spain-34-683x1024.jpg?v=1656063535 683w, https:\/\/perfectvenue.es\/wp-content\/uploads\/2022\/06\/marriage-in-Spain-34-450x674.jpg?v=1656063535 450w, https:\/\/perfectvenue.es\/wp-content\/uploads\/2022\/06\/marriage-in-Spain-34-534x800.jpg?v=1656063535 534w, https:\/\/perfectvenue.es\/wp-content\/uploads\/2022\/06\/marriage-in-Spain-34-600x899.jpg?v=1656063535 600w\" sizes=\"auto, (max-width: 700px) 100vw, 700px\" \/><figcaption id=\"caption-attachment-35489\" class=\"wp-caption-text\">Photo via: <a href=\"https:\/\/nataliaortizevents.com\/es\/\">Weddings and Events by Natalia Ortiz<\/a><\/figcaption><\/figure>\n<figure id=\"attachment_35490\" aria-describedby=\"caption-attachment-35490\" style=\"width: 700px\" class=\"wp-caption aligncenter\"><img loading=\"lazy\" decoding=\"async\" class=\"wp-image-35490 size-full\" src=\"https:\/\/perfectvenue.es\/wp-content\/uploads\/2022\/06\/marriage-in-Spain-35.jpg\" alt=\"Wedding in Girona - Perfect Venue\" width=\"700\" height=\"466\" srcset=\"https:\/\/perfectvenue.es\/wp-content\/uploads\/2022\/06\/marriage-in-Spain-35.jpg?v=1656063538 700w, https:\/\/perfectvenue.es\/wp-content\/uploads\/2022\/06\/marriage-in-Spain-35-300x200.jpg?v=1656063538 300w, https:\/\/perfectvenue.es\/wp-content\/uploads\/2022\/06\/marriage-in-Spain-35-450x300.jpg?v=1656063538 450w, https:\/\/perfectvenue.es\/wp-content\/uploads\/2022\/06\/marriage-in-Spain-35-600x399.jpg?v=1656063538 600w\" sizes=\"auto, (max-width: 700px) 100vw, 700px\" \/><figcaption id=\"caption-attachment-35490\" class=\"wp-caption-text\">Photo via: <a href=\"https:\/\/nataliaortizevents.com\/es\/\">Weddings and Events by Natalia Ortiz<\/a><\/figcaption><\/figure>\n<figure id=\"attachment_35488\" aria-describedby=\"caption-attachment-35488\" style=\"width: 700px\" class=\"wp-caption aligncenter\"><img loading=\"lazy\" decoding=\"async\" class=\"wp-image-35488 size-full\" src=\"https:\/\/perfectvenue.es\/wp-content\/uploads\/2022\/06\/marriage-in-Spain-33.jpg\" alt=\"Wedding in Girona - Perfect Venue\" width=\"700\" height=\"467\" srcset=\"https:\/\/perfectvenue.es\/wp-content\/uploads\/2022\/06\/marriage-in-Spain-33.jpg?v=1656063530 700w, https:\/\/perfectvenue.es\/wp-content\/uploads\/2022\/06\/marriage-in-Spain-33-300x200.jpg?v=1656063530 300w, https:\/\/perfectvenue.es\/wp-content\/uploads\/2022\/06\/marriage-in-Spain-33-450x300.jpg?v=1656063530 450w, https:\/\/perfectvenue.es\/wp-content\/uploads\/2022\/06\/marriage-in-Spain-33-600x400.jpg?v=1656063530 600w\" sizes=\"auto, (max-width: 700px) 100vw, 700px\" \/><figcaption id=\"caption-attachment-35488\" class=\"wp-caption-text\">Photo via: <a href=\"https:\/\/nataliaortizevents.com\/es\/\">Weddings and Events by Natalia Ortiz<\/a><\/figcaption><\/figure>\n<figure id=\"attachment_35522\" aria-describedby=\"caption-attachment-35522\" style=\"width: 700px\" class=\"wp-caption aligncenter\"><img loading=\"lazy\" decoding=\"async\" class=\"wp-image-35522 size-full\" src=\"https:\/\/perfectvenue.es\/wp-content\/uploads\/2022\/06\/marriage-in-Spain-76.jpg\" alt=\"Wedding in Girona - Perfect Venue\" width=\"700\" height=\"467\" srcset=\"https:\/\/perfectvenue.es\/wp-content\/uploads\/2022\/06\/marriage-in-Spain-76.jpg?v=1656063902 700w, https:\/\/perfectvenue.es\/wp-content\/uploads\/2022\/06\/marriage-in-Spain-76-300x200.jpg?v=1656063902 300w, https:\/\/perfectvenue.es\/wp-content\/uploads\/2022\/06\/marriage-in-Spain-76-450x300.jpg?v=1656063902 450w, https:\/\/perfectvenue.es\/wp-content\/uploads\/2022\/06\/marriage-in-Spain-76-600x400.jpg?v=1656063902 600w\" sizes=\"auto, (max-width: 700px) 100vw, 700px\" \/><figcaption id=\"caption-attachment-35522\" class=\"wp-caption-text\">Photo via: <a href=\"https:\/\/nataliaortizevents.com\/es\/\">Weddings and Events by Natalia Ortiz<\/a><\/figcaption><\/figure>\n<figure id=\"attachment_35492\" aria-describedby=\"caption-attachment-35492\" style=\"width: 700px\" class=\"wp-caption aligncenter\"><img loading=\"lazy\" decoding=\"async\" class=\"wp-image-35492 size-full\" src=\"https:\/\/perfectvenue.es\/wp-content\/uploads\/2022\/06\/marriage-in-Spain-38.jpg\" alt=\"Wedding in Girona - Perfect Venue\" width=\"700\" height=\"466\" srcset=\"https:\/\/perfectvenue.es\/wp-content\/uploads\/2022\/06\/marriage-in-Spain-38.jpg?v=1656063568 700w, https:\/\/perfectvenue.es\/wp-content\/uploads\/2022\/06\/marriage-in-Spain-38-300x200.jpg?v=1656063568 300w, https:\/\/perfectvenue.es\/wp-content\/uploads\/2022\/06\/marriage-in-Spain-38-450x300.jpg?v=1656063568 450w, https:\/\/perfectvenue.es\/wp-content\/uploads\/2022\/06\/marriage-in-Spain-38-600x399.jpg?v=1656063568 600w\" sizes=\"auto, (max-width: 700px) 100vw, 700px\" \/><figcaption id=\"caption-attachment-35492\" class=\"wp-caption-text\">Photo via: <a href=\"https:\/\/nataliaortizevents.com\/es\/\">Weddings and Events by Natalia Ortiz<\/a><\/figcaption><\/figure>\n<figure id=\"attachment_35493\" aria-describedby=\"caption-attachment-35493\" style=\"width: 700px\" class=\"wp-caption aligncenter\"><img loading=\"lazy\" decoding=\"async\" class=\"wp-image-35493 size-full\" src=\"https:\/\/perfectvenue.es\/wp-content\/uploads\/2022\/06\/marriage-in-Spain-39.jpg\" alt=\"Wedding in Girona - Perfect Venue\" width=\"700\" height=\"466\" srcset=\"https:\/\/perfectvenue.es\/wp-content\/uploads\/2022\/06\/marriage-in-Spain-39.jpg?v=1656063570 700w, https:\/\/perfectvenue.es\/wp-content\/uploads\/2022\/06\/marriage-in-Spain-39-300x200.jpg?v=1656063570 300w, https:\/\/perfectvenue.es\/wp-content\/uploads\/2022\/06\/marriage-in-Spain-39-450x300.jpg?v=1656063570 450w, https:\/\/perfectvenue.es\/wp-content\/uploads\/2022\/06\/marriage-in-Spain-39-600x399.jpg?v=1656063570 600w\" sizes=\"auto, (max-width: 700px) 100vw, 700px\" \/><figcaption id=\"caption-attachment-35493\" class=\"wp-caption-text\">Photo via: <a href=\"https:\/\/nataliaortizevents.com\/es\/\">Weddings and Events by Natalia Ortiz<\/a><\/figcaption><\/figure>\n<figure id=\"attachment_35497\" aria-describedby=\"caption-attachment-35497\" style=\"width: 700px\" class=\"wp-caption aligncenter\"><img loading=\"lazy\" decoding=\"async\" class=\"wp-image-35497 size-full\" src=\"https:\/\/perfectvenue.es\/wp-content\/uploads\/2022\/06\/marriage-in-Spain-44.jpg\" alt=\"Wedding in Girona - Perfect Venue\" width=\"700\" height=\"467\" srcset=\"https:\/\/perfectvenue.es\/wp-content\/uploads\/2022\/06\/marriage-in-Spain-44.jpg?v=1656063593 700w, https:\/\/perfectvenue.es\/wp-content\/uploads\/2022\/06\/marriage-in-Spain-44-300x200.jpg?v=1656063593 300w, https:\/\/perfectvenue.es\/wp-content\/uploads\/2022\/06\/marriage-in-Spain-44-450x300.jpg?v=1656063593 450w, https:\/\/perfectvenue.es\/wp-content\/uploads\/2022\/06\/marriage-in-Spain-44-600x400.jpg?v=1656063593 600w\" sizes=\"auto, (max-width: 700px) 100vw, 700px\" \/><figcaption id=\"caption-attachment-35497\" class=\"wp-caption-text\">Photo via: <a href=\"https:\/\/nataliaortizevents.com\/es\/\">Weddings and Events by Natalia Ortiz<\/a><\/figcaption><\/figure>\n<figure id=\"attachment_35521\" aria-describedby=\"caption-attachment-35521\" style=\"width: 700px\" class=\"wp-caption aligncenter\"><img loading=\"lazy\" decoding=\"async\" class=\"wp-image-35521 size-full\" src=\"https:\/\/perfectvenue.es\/wp-content\/uploads\/2022\/06\/marriage-in-Spain-75.jpg\" alt=\"Wedding in Girona - Perfect Venue\" width=\"700\" height=\"466\" srcset=\"https:\/\/perfectvenue.es\/wp-content\/uploads\/2022\/06\/marriage-in-Spain-75.jpg?v=1656063900 700w, https:\/\/perfectvenue.es\/wp-content\/uploads\/2022\/06\/marriage-in-Spain-75-300x200.jpg?v=1656063900 300w, https:\/\/perfectvenue.es\/wp-content\/uploads\/2022\/06\/marriage-in-Spain-75-450x300.jpg?v=1656063900 450w, https:\/\/perfectvenue.es\/wp-content\/uploads\/2022\/06\/marriage-in-Spain-75-600x399.jpg?v=1656063900 600w\" sizes=\"auto, (max-width: 700px) 100vw, 700px\" \/><figcaption id=\"caption-attachment-35521\" class=\"wp-caption-text\">Photo via: <a href=\"https:\/\/nataliaortizevents.com\/es\/\">Weddings and Events by Natalia Ortiz<\/a><\/figcaption><\/figure>\n<h2 style=\"text-align: justify\">Un d\u00eda para recordar<\/h2>\n<p style=\"text-align: justify\"><span style=\"font-weight: 400\">Gracias al equipo de <a href=\"https:\/\/nataliaortizevents.com\">Weddings and Events by Natalia Ortiz<\/a>, esta boda result\u00f3 todo un \u00e9xito. \u00a1Desde el primer d\u00eda que los novios nos contactaron ten\u00edamos claro que quer\u00edamos ser nosotros los organizadores!<\/span><\/p>\n<p style=\"text-align: justify\"><span style=\"font-weight: 400\">as\u00ed que, nos pusimos manos a la obra para hacer feliz a esta pareja de canadienses en su boda en Girona. \u00bfQu\u00e9 te parece? \u00bfTienes en mente casarte? <\/span><\/p>\n<p style=\"text-align: justify\"><span style=\"font-weight: 400\">\u00a1Entonces cont\u00e1ctanos! +34 722 476 027<\/span><\/p>\n<p><\/p>\n<span class=\"tags-links\"><a href=\"https:\/\/perfectvenue.es\/es\/tag\/boda-de-destino\/\" rel=\"tag\">boda de destino<\/a><a href=\"https:\/\/perfectvenue.es\/es\/tag\/boda-en-girona\/\" rel=\"tag\">boda en Girona<\/a><a href=\"https:\/\/perfectvenue.es\/es\/tag\/boda-en-masia-catalana\/\" rel=\"tag\">boda en mas\u00eda catalana<\/a><a href=\"https:\/\/perfectvenue.es\/es\/tag\/wedding-ideas\/\" rel=\"tag\">wedding ideas<\/a><a href=\"https:\/\/perfectvenue.es\/es\/tag\/wedding-in-caralunia\/\" rel=\"tag\">Wedding in caralunia<\/a><a href=\"https:\/\/perfectvenue.es\/es\/tag\/%d1%81%d0%b2%d0%b0%d0%b4%d1%8c%d0%b1%d0%b0-%d0%b2-%d0%ba%d0%b0%d1%82%d0%b0%d0%bb%d0%be%d0%bd%d0%b8%d0%b8\/\" rel=\"tag\">\u0441\u0432\u0430\u0434\u044c\u0431\u0430 \u0432 \u041a\u0430\u0442\u0430\u043b\u043e\u043d\u0438\u0438<\/a><a href=\"https:\/\/perfectvenue.es\/es\/tag\/%d1%81%d0%b2%d0%b0%d0%b4%d1%8c%d0%b1%d0%b0-%d0%b7%d0%b0-%d0%b3%d1%80%d0%b0%d0%bd%d0%b8%d1%86%d0%b5%d0%b9\/\" rel=\"tag\">\u0441\u0432\u0430\u0434\u044c\u0431\u0430 \u0437\u0430 \u0433\u0440\u0430\u043d\u0438\u0446\u0435\u0439<\/a><\/span>","protected":false},"excerpt":{"rendered":"<p>No te pierdas esta boda de unos canadienses en una mas\u00eda de Girona, una casa catalana sumergida en un frondoso bosque verde.<\/p>\n","protected":false},"author":26511,"featured_media":35520,"comment_status":"closed","ping_status":"open","sticky":false,"template":"","format":"standard","meta":{"footnotes":""},"categories":[176],"tags":[1970,977,5253,1395,5219,1615,1679],"class_list":["post-35298","post","type-post","status-publish","format-standard","has-post-thumbnail","hentry","category-wedding","tag-boda-de-destino","tag-boda-en-girona","tag-boda-en-masia-catalana","tag-wedding-ideas","tag-wedding-in-caralunia","tag-1615","tag-1679"],"_links":{"self":[{"href":"https:\/\/perfectvenue.es\/es\/wp-json\/wp\/v2\/posts\/35298","targetHints":{"allow":["GET"]}}],"collection":[{"href":"https:\/\/perfectvenue.es\/es\/wp-json\/wp\/v2\/posts"}],"about":[{"href":"https:\/\/perfectvenue.es\/es\/wp-json\/wp\/v2\/types\/post"}],"author":[{"embeddable":true,"href":"https:\/\/perfectvenue.es\/es\/wp-json\/wp\/v2\/users\/26511"}],"replies":[{"embeddable":true,"href":"https:\/\/perfectvenue.es\/es\/wp-json\/wp\/v2\/comments?post=35298"}],"version-history":[{"count":12,"href":"https:\/\/perfectvenue.es\/es\/wp-json\/wp\/v2\/posts\/35298\/revisions"}],"predecessor-version":[{"id":35615,"href":"https:\/\/perfectvenue.es\/es\/wp-json\/wp\/v2\/posts\/35298\/revisions\/35615"}],"wp:featuredmedia":[{"embeddable":true,"href":"https:\/\/perfectvenue.es\/es\/wp-json\/wp\/v2\/media\/35520"}],"wp:attachment":[{"href":"https:\/\/perfectvenue.es\/es\/wp-json\/wp\/v2\/media?parent=35298"}],"wp:term":[{"taxonomy":"category","embeddable":true,"href":"https:\/\/perfectvenue.es\/es\/wp-json\/wp\/v2\/categories?post=35298"},{"taxonomy":"post_tag","embeddable":true,"href":"https:\/\/perfectvenue.es\/es\/wp-json\/wp\/v2\/tags?post=35298"}],"curies":[{"name":"wp","href":"https:\/\/api.w.org\/{rel}","templated":true}]}}