{"id":35250,"date":"2022-06-18T18:00:13","date_gmt":"2022-06-18T15:00:13","guid":{"rendered":"https:\/\/perfectvenue.es\/?p=35250"},"modified":"2022-06-27T02:35:47","modified_gmt":"2022-06-26T23:35:47","slug":"wedding-venues-in-girona-to-surprise-everyone-on-the-most-important-day-of-your-life","status":"publish","type":"post","link":"https:\/\/perfectvenue.es\/es\/2022\/06\/18\/wedding-venues-in-girona-to-surprise-everyone-on-the-most-important-day-of-your-life\/","title":{"rendered":"Espacios de boda en Girona para sorprender a todos en el d\u00eda m\u00e1s importante de tu vida"},"content":{"rendered":"<p><\/p>\n<p style=\"text-align: justify\"><span style=\"font-weight: 400\">Si tu pareja y t\u00fa est\u00e1is tan enamorados de Catalu\u00f1a como nosotros, y concretamente de Girona, o a\u00fan no sab\u00e9is por qu\u00e9 deber\u00edais de casaros en la regi\u00f3n gerundense, est\u00e1is de enhorabuena porque hab\u00e9is llegado al sitio correcto. A continuaci\u00f3n, encontrar\u00e9is los mejores <\/span><b>espacios de boda en Girona<\/b><span style=\"font-weight: 400\">.<\/span><\/p>\n<p style=\"text-align: justify\"><b>Hoteles exclusivos, mas\u00edas catalanas, espacios al borde del mar, en plena naturaleza<\/b><span style=\"font-weight: 400\">\u2026 \u00a1no sabr\u00e1s por qu\u00e9 espacio de todos decantarse! Y ya te adelantamos que todos tienen algo en com\u00fan: son \u00fanicos y exclusivos.<\/span><\/p>\n<p style=\"text-align: justify\"><span style=\"font-weight: 400\">Y es que Catalu\u00f1a, y particularmente Girona, ofrece espacios para bodas sorprendentes y \u00fanicos, \u00a1Nosotros no podr\u00edamos elegir uno solo! Y es que <\/span><b>en todos y cada una de ellos se respira un encanto diferente.<\/b><\/p>\n<p style=\"text-align: justify\"><span style=\"font-weight: 400\">\u00a1Es momento de que conozcas los <\/span><b>espacios de boda en Girona<\/b><span style=\"font-weight: 400\"> con los sorprender\u00e1s a todos en el d\u00eda m\u00e1s importante de tu vida!<\/span><\/p>\n<h2 style=\"text-align: justify\">Pero antes\u2026 \u00bfPor qu\u00e9 elegir Girona para mi boda?<\/h2>\n<p style=\"text-align: justify\"><span style=\"font-weight: 400\">Por su localizaci\u00f3n, y es que <\/span><b>Girona est\u00e1 tan cerca de Barcelona<\/b><span style=\"font-weight: 400\"> (1:20 hora de distancia), que si te casas en Girona no debes dejar de pasar por la gran ciudad de Gaud\u00ed. \u00a1Aprovechar para conocer esta bella e hist\u00f3rica ciudad durante la estancia de tu boda!<\/span><\/p>\n<p style=\"text-align: justify\"><span style=\"font-weight: 400\">Por sus sabores, podr\u00edamos decir que toda ciudad de Espa\u00f1a tiene algo propio que hace su gastronom\u00eda un motivo para montar un buen banquete nupcial y degustar los productos m\u00e1s caracter\u00edsticos. Girona no se queda atr\u00e1s en este punto y a la <\/span><b>hora de elegir tu men\u00fa de boda no sabr\u00e1s bien si decidirte por un men\u00fa catal\u00e1n, de autor, mediterr\u00e1neo, de mercado, de fusi\u00f3n\u2026<\/b><\/p>\n<p style=\"text-align: justify\"><span style=\"font-weight: 400\">Por su tranquilidad, y es que casarse en Girona es sentirse acogido por una paz envolvente. Se puede estar en el coraz\u00f3n de la ciudad sin sentirse alterado por <\/span><b>ruidos de ning\u00fan tipo<\/b><span style=\"font-weight: 400\"> y lograr desconectarse sintiendo la presencia de la historia en cada rinc\u00f3n.<\/span><\/p>\n<p style=\"text-align: justify\"><span style=\"font-weight: 400\">Por <\/span><b>su historia, su calidez y su naturaleza<\/b><span style=\"font-weight: 400\">. Nada mejor que dejarse llevar por las calles para apreciar con los cinco sentidos todo lo que late en Girona. Se puede comenzar por recorrer la zona norte y embarcarse en una caminata arqueol\u00f3gica en la que se va sumando el casco antiguo, las iglesias, la Catedral, los museos y el Barrio Jud\u00edo.<\/span><\/p>\n<p style=\"text-align: justify\"><span style=\"font-weight: 400\">Por sus preciosas playas, y es que casarse en Girona implica disfrutar de lugares como Tossa del Mar, pues sus playas son tan lindas y amplias que hasta los lugare\u00f1os se desviven por disfrutarlas. El pueblo tiene su casco antiguo amurallado con callecitas adoquinadas t\u00edpicas que bien vale la pena recorrer. Tamariu, Aiguafreda, Sa Tuna, Pals y Begur son otras <\/span><b>playas hermosas en las que darse el \u201cs\u00ed quiero\u201d.<\/b><\/p>\n<p style=\"text-align: justify\"><span style=\"font-weight: 400\">Por sus ba\u00f1os \u00e1rabes, inspirado por los ba\u00f1os romanos, los Ba\u00f1os \u00c1rabes de Girona fueron construidos durante el siglo XII. Tienen un estilo romano mezclado con influencias \u00e1rabes y son <\/span><b>una aut\u00e9ntica joya de influencias mixtas.<\/b><\/p>\n<p style=\"text-align: justify\"><span style=\"font-weight: 400\">Con estos escenarios, \u00bfQu\u00e9 pareja no iba a querer buscar <\/span><b>espacios de boda en Girona<\/b><span style=\"font-weight: 400\">?<\/span><\/p>\n<h2 style=\"text-align: justify\">Espacios para una boda \u00edntima en Girona<\/h2>\n<p style=\"text-align: justify\"><span style=\"font-weight: 400\">Cada vez son m\u00e1s los novios prefieren evitar las bodas tradicionales y formales y contar s\u00f3lo con la gente m\u00e1s importante para la pareja y as\u00ed <\/span><b>compartir este momento tan \u00fanico de una manera m\u00e1s \u00edntima y acogedora.<\/b><\/p>\n<p style=\"text-align: justify\"><span style=\"font-weight: 400\">La boda supone un coste mucho m\u00e1s econ\u00f3mico, ya que al contar con menos invitados pod\u00e9is invertir el dinero que supondr\u00eda una boda llena de comensales en <\/span><b>un espacio para boda \u00edntima en Girona<\/b><span style=\"font-weight: 400\">, por ejemplo:<\/span><\/p>\n<h3>1. Can Gat Vell<\/h3>\n<p style=\"text-align: justify\"><span style=\"font-weight: 400\">\u00bfOs gustar\u00eda organizar una rom\u00e1ntica boda campestre en una de las zonas m\u00e1s bonitas del municipio de Llampaies, en la provincia de Girona? Entonces ten\u00e9is que acudir a visitar la mas\u00eda para bodas \u00edntimas de Can Gat Vell. Os encantar\u00e1. Si ten\u00e9is pensado <\/span><b>una boda \u00edntima de hasta 35 personas<\/b><span style=\"font-weight: 400\"> Can Gat Vell es el sitio ideal.<\/span><\/p>\n<p style=\"text-align: justify\"><span style=\"font-weight: 400\">Can Gat Vell est\u00e1 <\/span><b>rodeada de zonas verdes y rincones con encanto<\/b><span style=\"font-weight: 400\"> ideales para organizar cada momento del d\u00eda de vuestra boda, tambi\u00e9n dispone de un precioso patio y unas instalaciones interiores que os enamorar\u00e1n en cuanto las ve\u00e1is.<\/span><\/p>\n<figure id=\"attachment_35256\" aria-describedby=\"caption-attachment-35256\" style=\"width: 700px\" class=\"wp-caption aligncenter\"><img loading=\"lazy\" decoding=\"async\" class=\"size-full wp-image-35256\" src=\"https:\/\/perfectvenue.es\/wp-content\/uploads\/2022\/06\/Can-Gat-Vell-1.jpg\" alt=\"\" width=\"700\" height=\"467\" srcset=\"https:\/\/perfectvenue.es\/wp-content\/uploads\/2022\/06\/Can-Gat-Vell-1.jpg 700w, https:\/\/perfectvenue.es\/wp-content\/uploads\/2022\/06\/Can-Gat-Vell-1-300x200.jpg 300w, https:\/\/perfectvenue.es\/wp-content\/uploads\/2022\/06\/Can-Gat-Vell-1-450x300.jpg 450w, https:\/\/perfectvenue.es\/wp-content\/uploads\/2022\/06\/Can-Gat-Vell-1-600x400.jpg 600w\" sizes=\"auto, (max-width: 700px) 100vw, 700px\" \/><figcaption id=\"caption-attachment-35256\" class=\"wp-caption-text\">Can Gat Vell. Photo via: Can Gat Vell<\/figcaption><\/figure>\n<h3>2. El Puig<\/h3>\n<p style=\"text-align: justify\"><span style=\"font-weight: 400\">\u00bfQu\u00e9 os parecer\u00eda daros el <\/span><b>&#8220;s\u00ed quiero&#8221; bajo el atardecer y rodeados de unas vistas impresionantes<\/b><span style=\"font-weight: 400\">? en la mas\u00eda rural de El Puig encontrar\u00e9is un lugar espectacular donde celebrar vuestra boda rodeados de vuestros mejores amigos y familiares.<\/span><\/p>\n<p style=\"text-align: justify\"><span style=\"font-weight: 400\">La finca de El Puig se encuentra situada en el municipio de Castellar de la monta\u00f1a, en la provincia de Girona y gracias a su ubicaci\u00f3n, las vistas de esta espectacular mas\u00eda ser\u00e1n su mayor atractivo.<\/span><\/p>\n<p style=\"text-align: justify\"><span style=\"font-weight: 400\">En El Puig dispondr\u00e1s de multitud de espacios donde organizar cada momento estelar del d\u00eda de vuestra boda como la <\/span><b>zona de la piscina, el amplio jard\u00edn, las zonas de terraza de estilo chill out<\/b><span style=\"font-weight: 400\"> tanto exterior como interior y su sala interior de estilo r\u00fastico.<\/span><\/p>\n<figure id=\"attachment_35258\" aria-describedby=\"caption-attachment-35258\" style=\"width: 700px\" class=\"wp-caption aligncenter\"><img loading=\"lazy\" decoding=\"async\" class=\"size-full wp-image-35258\" src=\"https:\/\/perfectvenue.es\/wp-content\/uploads\/2022\/06\/El-Puig.jpg\" alt=\"\" width=\"700\" height=\"467\" srcset=\"https:\/\/perfectvenue.es\/wp-content\/uploads\/2022\/06\/El-Puig.jpg 700w, https:\/\/perfectvenue.es\/wp-content\/uploads\/2022\/06\/El-Puig-300x200.jpg 300w, https:\/\/perfectvenue.es\/wp-content\/uploads\/2022\/06\/El-Puig-450x300.jpg 450w, https:\/\/perfectvenue.es\/wp-content\/uploads\/2022\/06\/El-Puig-600x400.jpg 600w\" sizes=\"auto, (max-width: 700px) 100vw, 700px\" \/><figcaption id=\"caption-attachment-35258\" class=\"wp-caption-text\">El Puig. Photo via: El Puig<\/figcaption><\/figure>\n<h2 style=\"text-align: justify\">Espacios hist\u00f3ricos para una boda en Girona<\/h2>\n<p style=\"text-align: justify\"><span style=\"font-weight: 400\">Si quer\u00e9is formar parte de la historia de excepcionales lugares, lo vuestro es daros el \u201cs\u00ed quiero\u201d en un espacio hist\u00f3rico.<\/span><\/p>\n<p style=\"text-align: justify\"><span style=\"font-weight: 400\">En Girona encontrar\u00e1s edificios hist\u00f3ricos de una belleza sin igual y arquitectura envidiable. Son una opci\u00f3n diferente que puede resultar el m\u00e1s grande de los tesoros celebrar en alguno de estos sitios ya que <\/span><b>en ellos se alberga historia, cultura, arte y misterio.<\/b><\/p>\n<p style=\"text-align: justify\"><span style=\"font-weight: 400\">Si quieres organizar tu boda en un recinto hist\u00f3rico, vivir\u00e1s una experiencia inolvidable mientras contribuyes a la conservaci\u00f3n del patrimonio de Girona.<\/span><\/p>\n<h3>1. Cortal Gran<\/h3>\n<p style=\"text-align: justify\"><span style=\"font-weight: 400\">Cortal Gran es un <\/span><b>castillo fortificado del S.XV<\/b><span style=\"font-weight: 400\">, ubicado en Sant Pere Pescador que fue construido por la familia Caramany y rehabilitado en 1999 por su actual propietario que crea un espacio exclusivo donde organizar todo tipo de eventos.<\/span><\/p>\n<p style=\"text-align: justify\"><span style=\"font-weight: 400\">Dispone de un <\/span><b>jard\u00edn de 16.000 metros cuadrados<\/b><span style=\"font-weight: 400\"> con varios rincones que invitan a recuperar el contacto con la naturaleza. La finca est\u00e1 totalmente aislada y rodeada <\/span><b>de 125 hect\u00e1reas de campos de manzanos<\/b><span style=\"font-weight: 400\"> que le aportan gran privacidad y exclusividad.<\/span><\/p>\n<p style=\"text-align: justify\"><span style=\"font-weight: 400\">En Cortal Gran encontrar\u00e1s diferentes espacios para celebrar todos los momentos de la boda y un plan B en caso de que el d\u00eda no acompa\u00f1e.<\/span><\/p>\n<figure id=\"attachment_18416\" aria-describedby=\"caption-attachment-18416\" style=\"width: 700px\" class=\"wp-caption aligncenter\"><img loading=\"lazy\" decoding=\"async\" class=\"wp-image-18416\" src=\"https:\/\/perfectvenue.es\/wp-content\/uploads\/2018\/06\/Cortal-Gran-38.jpg\" alt=\"Cortal Gran\" width=\"700\" height=\"467\" srcset=\"https:\/\/perfectvenue.es\/wp-content\/uploads\/2018\/06\/Cortal-Gran-38.jpg?v=1626108253 850w, https:\/\/perfectvenue.es\/wp-content\/uploads\/2018\/06\/Cortal-Gran-38-600x400.jpg?v=1626108253 600w, https:\/\/perfectvenue.es\/wp-content\/uploads\/2018\/06\/Cortal-Gran-38-300x200.jpg?v=1626108253 300w, https:\/\/perfectvenue.es\/wp-content\/uploads\/2018\/06\/Cortal-Gran-38-768x512.jpg?v=1626108253 768w, https:\/\/perfectvenue.es\/wp-content\/uploads\/2018\/06\/Cortal-Gran-38-450x300.jpg?v=1626108253 450w\" sizes=\"auto, (max-width: 700px) 100vw, 700px\" \/><figcaption id=\"caption-attachment-18416\" class=\"wp-caption-text\"><a href=\"https:\/\/perfectvenue.es\/listings\/cortal-gran\/\">Cortal Gran<\/a><\/figcaption><\/figure>\n<h3>2. Mas Torroella<\/h3>\n<p style=\"text-align: justify\"><span style=\"font-weight: 400\">Mas Torroella es una mas\u00eda del siglo XIV situada majestuosamente en <\/span><b>140 hect\u00e1reas de praderas, colinas cubiertas de pinos y bosques densos de roble de corcho<\/b><span style=\"font-weight: 400\">. Dispone de una ubicaci\u00f3n privilegiada y \u00fanica que ofrece la paz y tranquilidad de un entorno muy rural a tan s\u00f3lo 10 minutos en coche de algunas de las m\u00e1s bellas e intactas playas catalanas.<\/span><\/p>\n<p style=\"text-align: justify\"><span style=\"font-weight: 400\">Restaurada con un excelente gusto para conseguir conservar gran parte de su car\u00e1cter original: <\/span><b>paredes de piedra y techos abovedados se combinan para crear un ambiente de elegancia r\u00fastica que se complementa con una perfecta mezcla de tejidos tradicionales y mobiliario contempor\u00e1neo<\/b><span style=\"font-weight: 400\">.<\/span><\/p>\n<p style=\"text-align: justify\"><span style=\"font-weight: 400\">Es ideal si quer\u00e9is pasar los d\u00edas de vuestra boda rodeados de vuestra gente en un lugar tranquilo, en mitad del campo y muy cerquita del mar.<\/span><\/p>\n<figure id=\"attachment_16585\" aria-describedby=\"caption-attachment-16585\" style=\"width: 700px\" class=\"wp-caption aligncenter\"><img loading=\"lazy\" decoding=\"async\" class=\"wp-image-16585\" src=\"https:\/\/perfectvenue.es\/wp-content\/uploads\/2018\/03\/mas-torroella-1.jpg\" alt=\"Mas Torroella\" width=\"700\" height=\"466\" srcset=\"https:\/\/perfectvenue.es\/wp-content\/uploads\/2018\/03\/mas-torroella-1.jpg?v=1626109107 850w, https:\/\/perfectvenue.es\/wp-content\/uploads\/2018\/03\/mas-torroella-1-600x400.jpg?v=1626109107 600w, https:\/\/perfectvenue.es\/wp-content\/uploads\/2018\/03\/mas-torroella-1-300x200.jpg?v=1626109107 300w, https:\/\/perfectvenue.es\/wp-content\/uploads\/2018\/03\/mas-torroella-1-768x511.jpg?v=1626109107 768w, https:\/\/perfectvenue.es\/wp-content\/uploads\/2018\/03\/mas-torroella-1-450x300.jpg?v=1626109107 450w\" sizes=\"auto, (max-width: 700px) 100vw, 700px\" \/><figcaption id=\"caption-attachment-16585\" class=\"wp-caption-text\">Mas Torroella. Photo via: Mas Torroella<\/figcaption><\/figure>\n<h2 style=\"text-align: justify\">Espacios con encanto para una boda en Girona<\/h2>\n<p style=\"text-align: justify\"><span style=\"font-weight: 400\">Muchos son los novios que para el d\u00eda de su boda buscan una localizaci\u00f3n especial, con un encanto \u00fanico que marque la diferencia en su gran d\u00eda.<\/span><\/p>\n<p style=\"text-align: justify\"><span style=\"font-weight: 400\">Hoteles de lujo, mas\u00edas catalanas, fincas rurales, fortalezas, espacios cl\u00e1sicos y se\u00f1oriales. Son lugares sorprendentes, originales y con mucha personalidad para <\/span><b>celebrar una boda con encanto en Girona.<\/b><\/p>\n<p style=\"text-align: justify\"><span style=\"font-weight: 400\">\u00a1Y lo mejor es que en la regi\u00f3n catalana hay un sinf\u00edn de estos para una boda de pel\u00edcula!<\/span><\/p>\n<h3>1. Jardins de L&#8217;Empord\u00e0<\/h3>\n<p style=\"text-align: justify\"><span style=\"font-weight: 400\">En Jard\u00edns de L\u2019Empodr\u00e1 encontrar\u00e9is un lugar singular donde podr\u00e9is celebrar vuestro gran d\u00eda en un <\/span><b>aut\u00e9ntico jard\u00edn bot\u00e1nico<\/b><span style=\"font-weight: 400\">. En sus jardines se pueden celebrar ceremonias o incluso un banquete al aire libre.<\/span><\/p>\n<p style=\"text-align: justify\"><span style=\"font-weight: 400\">Su sal\u00f3n tiene una capacidad m\u00e1xima para unas 300 personas. <\/span><b>El sal\u00f3n es un antiguo invernadero,<\/b><span style=\"font-weight: 400\"> ahora totalmente reformado. Gracias a su situaci\u00f3n, en pleno valle a los pies de las Gavarras en Girona, <\/span><b>la finca est\u00e1 rodeada de vi\u00f1edos<\/b><span style=\"font-weight: 400\"> y podr\u00e9is disfrutar de una deliciosa gastronom\u00eda maridada por el vino elaborado de forma completamente artesanal en sus propias instalaciones.<\/span><\/p>\n<figure id=\"attachment_35262\" aria-describedby=\"caption-attachment-35262\" style=\"width: 700px\" class=\"wp-caption aligncenter\"><img loading=\"lazy\" decoding=\"async\" class=\"size-full wp-image-35262\" src=\"https:\/\/perfectvenue.es\/wp-content\/uploads\/2022\/06\/Jardins-de-LEmpord\u00e0.jpg\" alt=\"Jardins de L'Empord\u00e0 (Girona)\" width=\"700\" height=\"368\" srcset=\"https:\/\/perfectvenue.es\/wp-content\/uploads\/2022\/06\/Jardins-de-LEmpord\u00e0.jpg 700w, https:\/\/perfectvenue.es\/wp-content\/uploads\/2022\/06\/Jardins-de-LEmpord\u00e0-300x158.jpg 300w, https:\/\/perfectvenue.es\/wp-content\/uploads\/2022\/06\/Jardins-de-LEmpord\u00e0-450x237.jpg 450w, https:\/\/perfectvenue.es\/wp-content\/uploads\/2022\/06\/Jardins-de-LEmpord\u00e0-600x315.jpg 600w\" sizes=\"auto, (max-width: 700px) 100vw, 700px\" \/><figcaption id=\"caption-attachment-35262\" class=\"wp-caption-text\">Jardins de L&#8217;Empord\u00e0. Photo via: Jardins de L&#8217;Empord\u00e0<\/figcaption><\/figure>\n<h3><b><\/b>2.\u00a0Exus Natur<\/h3>\n<p style=\"text-align: justify\"><b>Rodeado de \u00e1rboles, flores y mucha luz<\/b><span style=\"font-weight: 400\">, Exus Natur es el lugar perfecto para los que quieran disfrutar de un paisaje inigualable rodeados de naturaleza. Cuentan con una amplia zona ajardinada con piscina que dotan a este espacio de un singular encanto para celebrar bodas al aire libre.<\/span><\/p>\n<p style=\"text-align: justify\"><span style=\"font-weight: 400\">Cuenta con una <\/span><b>arquitectura rural con una belleza incomparable y su amplio jard\u00edn<\/b><span style=\"font-weight: 400\"> es perfecto para celebrar un d\u00eda tan especial rodeados de naturaleza. Cuentan con zona de baile para la fiesta, adem\u00e1s de parking para que los invitados no tengan que preocuparse de nada.<\/span><\/p>\n<p style=\"text-align: justify\"><span style=\"font-weight: 400\">En la segunda planta de la mas\u00eda cuentan con un total de 15 habitaciones totalmente equipadas para que tanto vosotros, como familiares y amigos pod\u00e1is pasar ah\u00ed la noche y disfrutar de la fiesta hasta el final. Cuentan con habitaciones est\u00e1ndar, dobles y dobles superiores con opci\u00f3n de una o dos camas.<\/span><\/p>\n<figure id=\"attachment_35259\" aria-describedby=\"caption-attachment-35259\" style=\"width: 700px\" class=\"wp-caption aligncenter\"><img loading=\"lazy\" decoding=\"async\" class=\"size-full wp-image-35259\" src=\"https:\/\/perfectvenue.es\/wp-content\/uploads\/2022\/06\/Exus-Natur.png\" alt=\"\" width=\"700\" height=\"574\" srcset=\"https:\/\/perfectvenue.es\/wp-content\/uploads\/2022\/06\/Exus-Natur.png 700w, https:\/\/perfectvenue.es\/wp-content\/uploads\/2022\/06\/Exus-Natur-300x246.png 300w, https:\/\/perfectvenue.es\/wp-content\/uploads\/2022\/06\/Exus-Natur-450x369.png 450w, https:\/\/perfectvenue.es\/wp-content\/uploads\/2022\/06\/Exus-Natur-600x492.png 600w\" sizes=\"auto, (max-width: 700px) 100vw, 700px\" \/><figcaption id=\"caption-attachment-35259\" class=\"wp-caption-text\">Exus Natur. Photo via: Exus Natur<\/figcaption><\/figure>\n<h2 style=\"text-align: justify\">Espacios con vistas al mar para una boda en Girona<\/h2>\n<p style=\"text-align: justify\"><span style=\"font-weight: 400\">Todos hemos so\u00f1ado alguna vez con realizar un evento en la playa \u00a1y es muy dif\u00edcil despu\u00e9s de ello cambiar de opini\u00f3n! Y es que el mar ofrece unas espectaculares <\/span><b>vistas al mar relajantes<\/b><span style=\"font-weight: 400\"> (\u00a1y nunca mejor dicho!)<\/span><\/p>\n<p style=\"text-align: justify\"><span style=\"font-weight: 400\">En la costa catalana encontrar\u00e1s una gran variedad de lugares rom\u00e1nticos y bonitos en los que celebrar tu boda, \u00a1eso s\u00ed, siempre con vistas al mar! Porque hay cosas de las que no podemos prescindir a la hora de buscar <\/span><b>espacios de boda en Girona.<\/b><\/p>\n<h3>1. El Far de Sant Sebasti\u00e0<\/h3>\n<p style=\"text-align: justify\"><span style=\"font-weight: 400\">Este Hotel Restaurante podr\u00e9is encontrarlo situado sobre un acantilado y rodeado de calas en el conjunto arquitect\u00f3nico de San Sebasti\u00e1n de la Guarda, Llafranc, Palafrugell, un bonito lugar donde dar comienzo a vuestra historia, tiene <\/span><b>espectaculares vistas al mar y a las playas de Tamariu, Llafranc y Calella de Palafrugell<\/b><span style=\"font-weight: 400\"> de las que podr\u00e9is disfrutar al mismo tiempo que os relaj\u00e1is.<\/span><\/p>\n<p style=\"text-align: justify\"><span style=\"font-weight: 400\">Os ofrece espacios e instalaciones acogedoras con una esencia y un car\u00e1cter \u00fanicos de la Costa Brava, como el Restaurante el Far, la Terraza Mirador, Sala de Reuniones y Banquetes\u2026<\/span><\/p>\n<p style=\"text-align: justify\"><span style=\"font-weight: 400\">Adem\u00e1s, dispone de nueve <\/span><b>habitaciones exclusivas, decoradas con un toque marinero<\/b><span style=\"font-weight: 400\">, en cualquiera de ellas podr\u00e9is pasar una maravillosa noche de bodas. Las instalaciones de las que dispondr\u00e1s son amplias con vistas naturales realmente bellas con las que pasareis una grand\u00edsima estancia.<\/span><\/p>\n<p style=\"text-align: justify\"><span style=\"font-weight: 400\">Degustamos un exquisito <\/span><b>men\u00fa de tradici\u00f3n marinera basada en productos frescos de la Costa Brava<\/b><span style=\"font-weight: 400\"> que mantienen una muy buena relaci\u00f3n calidad precio con la que vosotros y vuestros invitados disfrutar\u00e9is, destacando los deliciosos arroces, pescados, mariscos, carnes y verduras.<\/span><\/p>\n<figure id=\"attachment_35257\" aria-describedby=\"caption-attachment-35257\" style=\"width: 700px\" class=\"wp-caption aligncenter\"><img loading=\"lazy\" decoding=\"async\" class=\"size-full wp-image-35257\" src=\"https:\/\/perfectvenue.es\/wp-content\/uploads\/2022\/06\/El-Far-de-Sant-Sebasti\u00e0.png\" alt=\"\" width=\"700\" height=\"471\" srcset=\"https:\/\/perfectvenue.es\/wp-content\/uploads\/2022\/06\/El-Far-de-Sant-Sebasti\u00e0.png 700w, https:\/\/perfectvenue.es\/wp-content\/uploads\/2022\/06\/El-Far-de-Sant-Sebasti\u00e0-300x202.png 300w, https:\/\/perfectvenue.es\/wp-content\/uploads\/2022\/06\/El-Far-de-Sant-Sebasti\u00e0-450x303.png 450w, https:\/\/perfectvenue.es\/wp-content\/uploads\/2022\/06\/El-Far-de-Sant-Sebasti\u00e0-600x404.png 600w\" sizes=\"auto, (max-width: 700px) 100vw, 700px\" \/><figcaption id=\"caption-attachment-35257\" class=\"wp-caption-text\">El Far de Sant Sebasti\u00e0. Photo via: El Far de Sant Sebasti\u00e0<\/figcaption><\/figure>\n<h3>2. Cala Gran<\/h3>\n<p style=\"text-align: justify\"><span style=\"font-weight: 400\">Cala Gran es un espacio exclusivo de la Costa Brava situado frente al mar, entre los encantadores pueblos costeros de Tossa y Lloret de Mar.<\/span><\/p>\n<p style=\"text-align: justify\"><span style=\"font-weight: 400\">Este hermoso paraje est\u00e1 formado por distintas <\/span><b>terrazas naturales<\/b><span style=\"font-weight: 400\">. Los invitados van a acceder por el nivel superior, desde donde tendr\u00e1n una visi\u00f3n privilegiada del escenario del enlace. Una tarima va a conduciros hasta el espacio donde va a celebrarse la ceremonia, situado en el nivel intermedio. Desde aqu\u00ed, los invitados van a presenciar <\/span><b>el \u201cs\u00ed, quiero\u201d con el Mediterr\u00e1neo como tel\u00f3n de fondo.<\/b><\/p>\n<p style=\"text-align: justify\"><span style=\"font-weight: 400\">La amplia terraza inferior es el espacio reservado para el c\u00f3ctel. Es un sitio con muchas posibilidades para la personalizaci\u00f3n seg\u00fan el estilo de boda, donde los invitados disfrutar\u00e1n del aperitivo mientras se relacionan en torno a las mesas y los jardines.<\/span><\/p>\n<figure id=\"attachment_35255\" aria-describedby=\"caption-attachment-35255\" style=\"width: 700px\" class=\"wp-caption aligncenter\"><img loading=\"lazy\" decoding=\"async\" class=\"wp-image-35255 size-full\" src=\"https:\/\/perfectvenue.es\/wp-content\/uploads\/2022\/06\/Cala-Gran.jpeg\" alt=\"\" width=\"700\" height=\"467\" srcset=\"https:\/\/perfectvenue.es\/wp-content\/uploads\/2022\/06\/Cala-Gran.jpeg 700w, https:\/\/perfectvenue.es\/wp-content\/uploads\/2022\/06\/Cala-Gran-300x200.jpeg 300w, https:\/\/perfectvenue.es\/wp-content\/uploads\/2022\/06\/Cala-Gran-450x300.jpeg 450w, https:\/\/perfectvenue.es\/wp-content\/uploads\/2022\/06\/Cala-Gran-600x400.jpeg 600w\" sizes=\"auto, (max-width: 700px) 100vw, 700px\" \/><figcaption id=\"caption-attachment-35255\" class=\"wp-caption-text\">Cala Gran. Photo via: Cala Gran<\/figcaption><\/figure>\n<p style=\"text-align: justify\"><span style=\"font-weight: 400\">Ya sabemos que decidirte por un espacio no es nada f\u00e1cil, pero te lo queremos facilitar un poco cont\u00e1ndote c\u00f3mo fue l<\/span>a <b><a href=\"https:\/\/perfectvenue.es\/2022\/06\/19\/sam-and-angus-wedding-in-girona-in-the-middle-of-a-forest-and-next-to-a-catalan-country-house\/\">boda en Girona de Sam y Angus en mitad de un bosque y junto a una mas\u00eda catalana<\/a><\/b><span style=\"font-weight: 400\"> y tambi\u00e9n c\u00f3mo fue l<\/span>a <b><a href=\"https:\/\/perfectvenue.es\/2022\/06\/26\/the-magical-wedding-of-canadians-in-a-country-house-in-girona\/\">m\u00e1gica boda de unos canadienses en una mas\u00eda de Girona.<\/a><\/b><\/p>\n<p style=\"text-align: justify\"><span style=\"font-weight: 400\">\u00a1Porque cada vez son m\u00e1s los novios que quieren darse el \u201cs\u00ed quiero\u201d en un espacio t\u00edpico catal\u00e1n como es una mas\u00eda!<\/span><\/p>\n<p style=\"text-align: justify\"><span style=\"font-weight: 400\">\u00a0<\/span><\/p>\n<p style=\"text-align: justify\"><span style=\"font-weight: 400\">Sea cual sea la provincia que elijas de toda Espa\u00f1a, en <\/span><b>Perfect Venue<\/b><span style=\"font-weight: 400\"> estaremos encantados de aconsejarte y ayudarte con la b\u00fasqueda de <\/span><b>espacios de boda en Girona <\/b><span style=\"font-weight: 400\">y en cualquier parte del pa\u00eds.<\/span><\/p>\n<p style=\"text-align: justify\"><span style=\"font-weight: 400\">\u00a1Solo ll\u00e1manos y nos ponemos manos a la obra con todos tus preparativos!<\/span><\/p>\n<p><\/p>\n<span class=\"tags-links\"><a href=\"https:\/\/perfectvenue.es\/es\/tag\/boda-en-cataluna\/\" rel=\"tag\">Boda en Catalu\u00f1a<\/a><a href=\"https:\/\/perfectvenue.es\/es\/tag\/boda-en-girona\/\" rel=\"tag\">boda en Girona<\/a><a href=\"https:\/\/perfectvenue.es\/es\/tag\/espacio-de-boda-cataluna\/\" rel=\"tag\">espacio de boda Catalu\u00f1a<\/a><a href=\"https:\/\/perfectvenue.es\/es\/tag\/wedding-in-catalunia\/\" rel=\"tag\">Wedding in Catalunia<\/a><a href=\"https:\/\/perfectvenue.es\/es\/tag\/wedding-in-girona\/\" rel=\"tag\">wedding in girona<\/a><a href=\"https:\/\/perfectvenue.es\/es\/tag\/wedding-venue-girona\/\" rel=\"tag\">wedding venue Girona<\/a><a href=\"https:\/\/perfectvenue.es\/es\/tag\/%d1%81%d0%b2%d0%b0%d0%b4%d1%8c%d0%b1%d0%b0-%d0%b2-%d0%b6%d0%b8%d1%80%d0%be%d0%bd%d0%b5\/\" rel=\"tag\">\u0441\u0432\u0430\u0434\u044c\u0431\u0430 \u0432 \u0416\u0438\u0440\u043e\u043d\u0435<\/a><\/span>","protected":false},"excerpt":{"rendered":"<p>Te contamos cu\u00e1les son los mejores espacios de boda en Girona con los que sorprender a tus invitados en tu gran d\u00eda.<\/p>\n","protected":false},"author":26511,"featured_media":21379,"comment_status":"closed","ping_status":"open","sticky":false,"template":"","format":"standard","meta":{"footnotes":""},"categories":[3528,176],"tags":[759,977,5214,5174,976,5213,5212],"class_list":["post-35250","post","type-post","status-publish","format-standard","has-post-thumbnail","hentry","category-best-places-in-spain","category-wedding","tag-boda-en-cataluna","tag-boda-en-girona","tag-espacio-de-boda-cataluna","tag-wedding-in-catalunia","tag-wedding-in-girona","tag-wedding-venue-girona","tag-5212","post_region-catalonia"],"_links":{"self":[{"href":"https:\/\/perfectvenue.es\/es\/wp-json\/wp\/v2\/posts\/35250","targetHints":{"allow":["GET"]}}],"collection":[{"href":"https:\/\/perfectvenue.es\/es\/wp-json\/wp\/v2\/posts"}],"about":[{"href":"https:\/\/perfectvenue.es\/es\/wp-json\/wp\/v2\/types\/post"}],"author":[{"embeddable":true,"href":"https:\/\/perfectvenue.es\/es\/wp-json\/wp\/v2\/users\/26511"}],"replies":[{"embeddable":true,"href":"https:\/\/perfectvenue.es\/es\/wp-json\/wp\/v2\/comments?post=35250"}],"version-history":[{"count":18,"href":"https:\/\/perfectvenue.es\/es\/wp-json\/wp\/v2\/posts\/35250\/revisions"}],"predecessor-version":[{"id":35619,"href":"https:\/\/perfectvenue.es\/es\/wp-json\/wp\/v2\/posts\/35250\/revisions\/35619"}],"wp:featuredmedia":[{"embeddable":true,"href":"https:\/\/perfectvenue.es\/es\/wp-json\/wp\/v2\/media\/21379"}],"wp:attachment":[{"href":"https:\/\/perfectvenue.es\/es\/wp-json\/wp\/v2\/media?parent=35250"}],"wp:term":[{"taxonomy":"category","embeddable":true,"href":"https:\/\/perfectvenue.es\/es\/wp-json\/wp\/v2\/categories?post=35250"},{"taxonomy":"post_tag","embeddable":true,"href":"https:\/\/perfectvenue.es\/es\/wp-json\/wp\/v2\/tags?post=35250"}],"curies":[{"name":"wp","href":"https:\/\/api.w.org\/{rel}","templated":true}]}}