{"id":35247,"date":"2022-06-17T16:53:59","date_gmt":"2022-06-17T13:53:59","guid":{"rendered":"https:\/\/perfectvenue.es\/?p=35247"},"modified":"2023-09-28T17:01:50","modified_gmt":"2023-09-28T14:01:50","slug":"la-boda-chenoa-miguel-una-boda-marcada-secretismo-vestidazo-firma-espanola","status":"publish","type":"post","link":"https:\/\/perfectvenue.es\/es\/2022\/06\/17\/la-boda-chenoa-miguel-una-boda-marcada-secretismo-vestidazo-firma-espanola\/","title":{"rendered":"La boda de Chenoa y Miguel, una boda marcada por el secretismo y con un vestidazo de firma espa\u00f1ola"},"content":{"rendered":"<p><\/p>\n<p style=\"text-align: justify;\"><span style=\"font-weight: 400;\">Las bodas de los famosos siempre causan sensaci\u00f3n. Y la <\/span><b>boda de Chenoa y Miguel<\/b><span style=\"font-weight: 400;\"> es una de ellas.<\/span><\/p>\n<p style=\"text-align: justify;\"><span style=\"font-weight: 400;\">Fue <\/span><b>en Roma, en el Jard\u00edn de los Naranjos, cerca de la cerradura a trav\u00e9s de la que se ve el Vaticano, donde el m\u00e9dico le pidi\u00f3 matrimonio a Chenoa<\/b><span style=\"font-weight: 400;\"> y, tras dos a\u00f1os de espera debido al coronavirus, ha llegado el d\u00eda: la cantante y el m\u00e9dico ur\u00f3logo se dan el \u201cs\u00ed quiero\u201d.<\/span><\/p>\n<p style=\"text-align: justify;\"><span style=\"font-weight: 400;\">En un principio, la boda se iba a celebrar el 14 de junio de 2020 en Madrid coincidiendo con el cumplea\u00f1os de Miguel, pero <\/span><b>la pandemia hizo que tuvieran que retrasarla<\/b><span style=\"font-weight: 400;\"> al a\u00f1o siguiente y, finalmente a no ha podido ser hasta este viernes cuando la pareja ha podido celebrar la boda, adem\u00e1s han cambiado hasta de ubicaci\u00f3n.<\/span><\/p>\n<p style=\"text-align: justify;\"><span style=\"font-weight: 400;\">La ceremonia es por lo civil y tiene lugar en una finca en el interior de Mallorca, la tierra en la que Laura creci\u00f3 y donde siempre vuelve para desconectar.<\/span><\/p>\n<p style=\"text-align: justify;\"><span style=\"font-weight: 400;\">\u00a1Sabemos que la pareja se ha decantado por <\/span><b>una boda con toques r\u00fasticos<\/b><span style=\"font-weight: 400;\">, en un lugar marcado por la historia, la ic\u00f3nica naturaleza de Mallorca y la privacidad!<\/span><\/p>\n<p style=\"text-align: justify;\"><span style=\"font-weight: 400;\">Y sabemos muchas cosas m\u00e1s de la <\/span><b>boda de Chenoa y Miguel<\/b><span style=\"font-weight: 400;\">, as\u00ed que no te pierdas, a continuaci\u00f3n, todo lo que ya se sabe de esta boda de la que todo el mundo est\u00e1 hablando.<\/span><\/p>\n<figure id=\"attachment_35251\" aria-describedby=\"caption-attachment-35251\" style=\"width: 700px\" class=\"wp-caption aligncenter\"><img loading=\"lazy\" decoding=\"async\" class=\"wp-image-35251\" src=\"https:\/\/perfectvenue.es\/wp-content\/uploads\/2022\/06\/chenoa-boda.jpg\" alt=\"\" width=\"700\" height=\"467\" srcset=\"https:\/\/perfectvenue.es\/wp-content\/uploads\/2022\/06\/chenoa-boda.jpg 850w, https:\/\/perfectvenue.es\/wp-content\/uploads\/2022\/06\/chenoa-boda-300x200.jpg 300w, https:\/\/perfectvenue.es\/wp-content\/uploads\/2022\/06\/chenoa-boda-768x512.jpg 768w, https:\/\/perfectvenue.es\/wp-content\/uploads\/2022\/06\/chenoa-boda-450x300.jpg 450w, https:\/\/perfectvenue.es\/wp-content\/uploads\/2022\/06\/chenoa-boda-600x400.jpg 600w\" sizes=\"auto, (max-width: 700px) 100vw, 700px\" \/><figcaption id=\"caption-attachment-35251\" class=\"wp-caption-text\">Photo via luciasecasa.com<\/figcaption><\/figure>\n<h2 style=\"text-align: justify;\">La boda de Chenoa y Miguel &#8211; una boda con contrato de confidencialidad<\/h2>\n<p style=\"text-align: justify;\"><span style=\"font-weight: 400;\">Hay mucho secretismo en torno a este enlace, del que se sabe que <\/span><b>la pareja ha vendido la exclusiva<\/b><span style=\"font-weight: 400;\">. Por eso, lo han celebrado en jueves: para facilitarle a la revista la publicaci\u00f3n, edici\u00f3n, etc. de la revista, cuya exclusiva saldr\u00e1 publicada el mi\u00e9rcoles que viene.<\/span><\/p>\n<p style=\"text-align: justify;\"><span style=\"font-weight: 400;\">Chenoa siempre quiso que su boda con Miguel S\u00e1nchez Encinas fuese familiar e \u00edntima y por eso la pareja <\/span><b>ha hecho firmar a sus invitados un contrato de confidencialidad<\/b><span style=\"font-weight: 400;\"> por el que no podr\u00e1n desvelar detalles de lo que suceda el d\u00eda del enlace.<\/span><\/p>\n<p style=\"text-align: justify;\"><span style=\"font-weight: 400;\">Adem\u00e1s, <\/span><b>los invitados han tenido que dejar los m\u00f3viles fuera del recinto<\/b><span style=\"font-weight: 400;\"> para que estos no puedan filtrar ninguna imagen y romper de esa manera la exclusiva que tiene cerrada la pareja con la revista \u00a1Hola!<\/span><\/p>\n<p style=\"text-align: justify;\"><span style=\"font-weight: 400;\">Y no solo los invitados, para la <\/span><b>boda de Chenoa y Miguel<\/b> <b>tambi\u00e9n los proveedores y organizadores han tenido que firmar un contrato de confidencialidad<\/b><span style=\"font-weight: 400;\">, a los que se les ha pedido m\u00e1xima discreci\u00f3n para evitar que trascienda detalles del enlace.<\/span><\/p>\n<h2 style=\"text-align: justify;\">La boda de Chenoa y Miguel. Un enclave de ensue\u00f1o y con historia<\/h2>\n<p style=\"text-align: justify;\"><span style=\"font-weight: 400;\">El lugar en el que la pareja ha decidido darse el \u201cs\u00ed quiero\u201d es <\/span><b>la finca Comassema<\/b><span style=\"font-weight: 400;\">, en el valle de Orient, cerca de Bunyola, al oeste de la isla y rodeada de espectaculares paisajes del coraz\u00f3n de la Serra de Tramuntana, patrimonio de la Humanidad de la UNESCO.<\/span><\/p>\n<p style=\"text-align: justify;\"><span style=\"font-weight: 400;\">La finca solo permite la celebraci\u00f3n de un evento al d\u00eda, por lo que los invitados de Chenoa y Miguel <\/span><b>tendr\u00e1n un uso exclusivo de las instalaciones<\/b><span style=\"font-weight: 400;\">.<\/span><\/p>\n<p style=\"text-align: justify;\"><span style=\"font-weight: 400;\">El coste de las instalaciones es medio-alto, con un precio por comensal que rondaba en 2019 los 120 \u20ac, con barra libre incluida en el men\u00fa. El m\u00ednimo de invitados para hacer la contrataci\u00f3n es de 100 y el m\u00e1ximo, de 400.<\/span><\/p>\n<p style=\"text-align: justify;\"><span style=\"font-weight: 400;\">Cabe destacar que tanto Chenoa como su pareja, siempre han explicado que quer\u00edan hacer una boda con sus m\u00e1s allegados y parece que as\u00ed es, ya que <\/span><b>el enlace cuenta con apenas cien invitados.<\/b><\/p>\n<p style=\"text-align: justify;\"><span style=\"font-weight: 400;\">El enclave cuenta con siglos de historia. Las primeras referencias datan de la \u00e9poca de la conquista de Jaume I, en 1229, por ello la fachada tiene aspecto de fortaleza y de casa feudal.<\/span><\/p>\n<p style=\"text-align: justify;\"><span style=\"font-weight: 400;\">Gran parte de la planta baja es un largo comedor, distribuido en seis salas, conectadas por un seguido de arcos de medio punto. En cada una de las estancias, a lo largo de 38 metros, se ubican mesas redondas, ataviadas con manteler\u00eda y cuberter\u00eda blanca.<\/span><\/p>\n<p style=\"text-align: justify;\"><span style=\"font-weight: 400;\">En los pisos superiores se encuentra una suite, decorada en tonos blancos, iluminaci\u00f3n c\u00e1lida y mobiliario de madera, con una cama de matrimonio vestida con dosel, tambi\u00e9n blanco, como elemento principal.<\/span><\/p>\n<p style=\"text-align: justify;\"><span style=\"font-weight: 400;\">El exterior de la finca es tremendamente impresionante, ya que <\/span><b>se encuentran zonas ajardinadas y un patio empedrado t\u00edpico de las casas se\u00f1oriales mallorquinas, con vistas al valle<\/b><span style=\"font-weight: 400;\">, donde se suelen llevar a cabo las ceremonias.<\/span><\/p>\n<p style=\"text-align: justify;\"><span style=\"font-weight: 400;\">\u00a1Tendremos que esperar para saber los diferentes espacios en los que la pareja vivi\u00f3 su gran d\u00eda!<\/span><\/p>\n<h2 style=\"text-align: justify;\">La boda de Chenoa y Miguel. Un vestido de novia a la altura<\/h2>\n<p style=\"text-align: justify;\"><span style=\"font-weight: 400;\">El dise\u00f1ador elegido para crear su <a href=\"https:\/\/perfectvenue.es\/2023\/03\/09\/weve-got-them-these-will-be-the-trends-for-wedding-looks-in-2024\/\">vestido de novia<\/a> desde el primer momento fue <\/span><b>Hannibal Laguna<\/b><span style=\"font-weight: 400;\">. \u201cEl traje va a ense\u00f1ar eso: la fragilidad que nadie ve, la parte m\u00e1s dulce y tranquila de m\u00ed\u201d, aseguraba Chenoa hace un tiempo.<\/span><\/p>\n<p style=\"text-align: justify;\"><span style=\"font-weight: 400;\">\u00a1Nos morimos de ganas de ver el dise\u00f1o! \u00bfHabr\u00e1 cambio de vestuario?<\/span><\/p>\n<h2 style=\"text-align: justify;\">Una banda sonora de pel\u00edcula<\/h2>\n<p style=\"text-align: justify;\"><span style=\"font-weight: 400;\">Como dato curioso, mencionar que \u200b\u200b<\/span><b>la cantante hace su entrada al altar con la canci\u00f3n She de Elvis Costello de fondo<\/b><span style=\"font-weight: 400;\">, un tema muy especial para la pareja que forma parte de la banda sonora de la pel\u00edcula Notting Hill, protagonizada por Hugh Grant y Julia Roberts.<\/span><\/p>\n<h2 style=\"text-align: justify;\">La boda de Chenoa y Miguel. La pol\u00e9mica est\u00e1 servida<\/h2>\n<p style=\"text-align: justify;\"><span style=\"font-weight: 400;\">S\u00ed, la pol\u00e9mica ha estado servida en la <\/span><b>boda de Chenoa y Miguel<\/b><span style=\"font-weight: 400;\"> a causa de <\/span><b>no invitar a muchos de sus compa\u00f1eros de Operaci\u00f3n Triunfo.<\/b><\/p>\n<p style=\"text-align: justify;\"><span style=\"font-weight: 400;\">Una de las primeras en confirmar que no iba a estar en la boda de su amiga fue Rosa L\u00f3pez. \u201cPreguntadle a ella, creo que va a hacer algo muy chiquitino\u201d, dec\u00eda sin darle demasiada importancia, aunque hace dos a\u00f1os, la propia Rosa dijo estar emocionada ante la boda de su amiga y hasta le pidi\u00f3 que le lanzara el ramo de novia.<\/span><\/p>\n<p style=\"text-align: justify;\"><span style=\"font-weight: 400;\">Tampoco asisten al enlace David Bisbal, ni Bustamante, ni Manu Tenorio. Este \u00faltimo admiti\u00f3 que hace tiempo que no habla con Chenoa, al igual que Nuria Ferg\u00f3, algo que a muchos ha sorprendido.<\/span><\/p>\n<p style=\"text-align: justify;\"><span style=\"font-weight: 400;\">En cambio, <\/span><b>las que s\u00ed pueden disfrutar del evento son Natalia, que ser\u00e1 testigo de la novia, Gisela y Geno, <\/b><span style=\"font-weight: 400;\">que hace unos d\u00edas confirmaba su presencia en una conexi\u00f3n con S\u00e1lvame.<\/span><\/p>\n<p style=\"text-align: justify;\"><span style=\"font-weight: 400;\">Ante esta pol\u00e9mica, <\/span><b>Chenoa ha querido explicar que m\u00e1s adelante organizar\u00e1 una cena con los ex-triunfitos<\/b><span style=\"font-weight: 400;\"> en la que \u201cse celebrar\u00e1 igual, comprar\u00e9 otra tarta de boda y no pasa nada, lo pasaremos genial\u201d.<\/span><\/p>\n<p style=\"text-align: justify;\"><span style=\"font-weight: 400;\">\u00a0<\/span><\/p>\n<p style=\"text-align: justify;\"><span style=\"font-weight: 400;\">Eso s\u00ed, nosotros tenemos que decir que amamos todo tipo de bodas, sean como sean, \u00a1y m\u00e1s si la <a href=\"https:\/\/perfectvenue.es\/2022\/07\/30\/wedding-planner-in-mallorca-perfect-wedding-organisation-on-the-balearics-islands\/\">boda es en Mallorca<\/a>!<\/span><\/p>\n<p style=\"text-align: justify;\"><span style=\"font-weight: 400;\">En <\/span><b>Perfect Venue<\/b><span style=\"font-weight: 400;\"> no hay nada que nos haga m\u00e1s felices que ver a las parejas jur\u00e1ndose amor eterno en el altar.<\/span><\/p>\n<p style=\"text-align: justify;\"><span style=\"font-weight: 400;\">\u00a1Que vivan los novios!<\/span><\/p>\n<h4><a href=\"https:\/\/vendors.perfectvenue.es\/es\/\">MEJORES PROFESIONALES DE BODAS Y EVENTOS EN mallorca &gt;&gt;<\/a><\/h4>\n<p><\/p>\n<span class=\"tags-links\"><a href=\"https:\/\/perfectvenue.es\/es\/tag\/boda-chenoa-y-miguel\/\" rel=\"tag\">boda Chenoa y Miguel<\/a><a href=\"https:\/\/perfectvenue.es\/es\/tag\/boda-famosos\/\" rel=\"tag\">boda famosos<\/a><a href=\"https:\/\/perfectvenue.es\/es\/tag\/tendencias\/\" rel=\"tag\">tendencias<\/a><\/span>","protected":false},"excerpt":{"rendered":"<p>Las bodas de los famosos siempre causan sensaci\u00f3n. Y la boda de Chenoa y Miguel es una de ellas.<\/p>\n","protected":false},"author":1,"featured_media":35251,"comment_status":"closed","ping_status":"open","sticky":false,"template":"","format":"standard","meta":{"footnotes":""},"categories":[176],"tags":[5211,6713,4723],"class_list":["post-35247","post","type-post","status-publish","format-standard","has-post-thumbnail","hentry","category-wedding","tag-boda-chenoa-y-miguel","tag-boda-famosos","tag-tendencias","post_region-islas-baleares"],"_links":{"self":[{"href":"https:\/\/perfectvenue.es\/es\/wp-json\/wp\/v2\/posts\/35247","targetHints":{"allow":["GET"]}}],"collection":[{"href":"https:\/\/perfectvenue.es\/es\/wp-json\/wp\/v2\/posts"}],"about":[{"href":"https:\/\/perfectvenue.es\/es\/wp-json\/wp\/v2\/types\/post"}],"author":[{"embeddable":true,"href":"https:\/\/perfectvenue.es\/es\/wp-json\/wp\/v2\/users\/1"}],"replies":[{"embeddable":true,"href":"https:\/\/perfectvenue.es\/es\/wp-json\/wp\/v2\/comments?post=35247"}],"version-history":[{"count":3,"href":"https:\/\/perfectvenue.es\/es\/wp-json\/wp\/v2\/posts\/35247\/revisions"}],"predecessor-version":[{"id":40695,"href":"https:\/\/perfectvenue.es\/es\/wp-json\/wp\/v2\/posts\/35247\/revisions\/40695"}],"wp:featuredmedia":[{"embeddable":true,"href":"https:\/\/perfectvenue.es\/es\/wp-json\/wp\/v2\/media\/35251"}],"wp:attachment":[{"href":"https:\/\/perfectvenue.es\/es\/wp-json\/wp\/v2\/media?parent=35247"}],"wp:term":[{"taxonomy":"category","embeddable":true,"href":"https:\/\/perfectvenue.es\/es\/wp-json\/wp\/v2\/categories?post=35247"},{"taxonomy":"post_tag","embeddable":true,"href":"https:\/\/perfectvenue.es\/es\/wp-json\/wp\/v2\/tags?post=35247"}],"curies":[{"name":"wp","href":"https:\/\/api.w.org\/{rel}","templated":true}]}}