{"id":35203,"date":"2022-06-15T18:00:04","date_gmt":"2022-06-15T15:00:04","guid":{"rendered":"https:\/\/perfectvenue.es\/?p=35203"},"modified":"2022-06-20T14:13:58","modified_gmt":"2022-06-20T11:13:58","slug":"an-emotional-proposal-at-the-top-of-the-castle-of-santa-barbara-in-alicante","status":"publish","type":"post","link":"https:\/\/perfectvenue.es\/es\/2022\/06\/15\/an-emotional-proposal-at-the-top-of-the-castle-of-santa-barbara-in-alicante\/","title":{"rendered":"Una emotiva pedida de mano en lo alto del Castillo de Santa B\u00e1rbara, en Alicante"},"content":{"rendered":"<p><\/p>\n<p style=\"text-align: justify;\"><span style=\"font-weight: 400;\">Seguro que conoces a alguien que ha so\u00f1ado con vivir el m\u00e1gico momento de que se arrodillen ante ella, \u00a1si es que acaso no eres t\u00fa! Y es que esta es una escena que nadie quiere perderse a lo largo de su vida.<\/span><\/p>\n<p style=\"text-align: justify;\"><span style=\"font-weight: 400;\">A pesar de ser una tradici\u00f3n antigua, que a alguien le pidan matrimonio no nos deja de sorprender, y es que este momento es la mar de especial rom\u00e1ntico\u2026 \u00a1y m\u00e1s si la<\/span><b> pedida de mano es en Alicante<\/b><span style=\"font-weight: 400;\">!<\/span><\/p>\n<p style=\"text-align: justify;\"><span style=\"font-weight: 400;\">S\u00ed, no es la primera boda que hacemos con el <\/span><b>Castillo de Santa B\u00e1rbara de Alicante<\/b><span style=\"font-weight: 400;\"> como tel\u00f3n de fondo, y es que este destino se est\u00e1 volviendo muy popular para realizar pedidas de mano, \u00a1y no es para menos!<\/span><\/p>\n<p style=\"text-align: justify;\"><span style=\"font-weight: 400;\">El clima, las aguas, la luz que desprende, las incre\u00edbles vistas y la bah\u00eda de Alicante, todo hace que en la ciudad se respire <\/span><b>amor y romanticismo por todos los rincones.<\/b><\/p>\n<p style=\"text-align: justify;\"><span style=\"font-weight: 400;\">\u00a1Amamos esta pedida de mano que vivimos! Y te contamos todo acerca de ella a continuaci\u00f3n.<\/span><\/p>\n<figure id=\"attachment_35215\" aria-describedby=\"caption-attachment-35215\" style=\"width: 700px\" class=\"wp-caption aligncenter\"><img loading=\"lazy\" decoding=\"async\" class=\"size-full wp-image-35215\" src=\"https:\/\/perfectvenue.es\/wp-content\/uploads\/2022\/06\/An-emotional-proposal-at-the-top-of-the-Castle-of-Santa-B\u00e1rbara-in-Alicante-5.jpeg\" alt=\"\" width=\"700\" height=\"467\" srcset=\"https:\/\/perfectvenue.es\/wp-content\/uploads\/2022\/06\/An-emotional-proposal-at-the-top-of-the-Castle-of-Santa-B\u00e1rbara-in-Alicante-5.jpeg 700w, https:\/\/perfectvenue.es\/wp-content\/uploads\/2022\/06\/An-emotional-proposal-at-the-top-of-the-Castle-of-Santa-B\u00e1rbara-in-Alicante-5-300x200.jpeg 300w, https:\/\/perfectvenue.es\/wp-content\/uploads\/2022\/06\/An-emotional-proposal-at-the-top-of-the-Castle-of-Santa-B\u00e1rbara-in-Alicante-5-450x300.jpeg 450w, https:\/\/perfectvenue.es\/wp-content\/uploads\/2022\/06\/An-emotional-proposal-at-the-top-of-the-Castle-of-Santa-B\u00e1rbara-in-Alicante-5-600x400.jpeg 600w\" sizes=\"auto, (max-width: 700px) 100vw, 700px\" \/><figcaption id=\"caption-attachment-35215\" class=\"wp-caption-text\">Photo via: <a href=\"https:\/\/nataliaortizevents.com\/es\/\">Weddings and events by Natalia Ortiz<\/a><\/figcaption><\/figure>\n<h2 style=\"text-align: justify;\">Una pedida de mano durante las vacaciones<\/h2>\n<p style=\"text-align: justify;\"><span style=\"font-weight: 400;\">Si alguna vez te preguntas si podemos organizar una pedida de mano en un tiempo r\u00e9cord, ya te adelantamos que s\u00ed. \u00a1Y si no preg\u00fantale a vuestro novio de hoy, al que <\/span><b>le organizamos todo 3 d\u00edas antes de volver de sus vacaciones<\/b><span style=\"font-weight: 400;\">!<\/span><\/p>\n<p style=\"text-align: justify;\"><span style=\"font-weight: 400;\">S\u00ed, como lo lees, esta <\/span><b>pareja de belgas vino de vacaciones a Alicante y, el chico estaba tan emocionado y enamorado, que no quer\u00eda volver a casa sin haberle pedido matrimonio a su chica.<\/b><\/p>\n<p style=\"text-align: justify;\"><span style=\"font-weight: 400;\">Todo el equipo de <\/span><b>Weddings and Events by Natalia Ortiz<\/b><span style=\"font-weight: 400;\"> nos pusimos manos a la obra para que saliese perfecto \u00edntegramente y la novia no sospechara nada, \u00a1y as\u00ed fue!<\/span><\/p>\n<p style=\"text-align: justify;\"><span style=\"font-weight: 400;\">En poco tiempo organizamos todo, pero, como siempre\u2026 \u00a1todo sali\u00f3 a pedir de boca!<\/span><\/p>\n<figure id=\"attachment_35208\" aria-describedby=\"caption-attachment-35208\" style=\"width: 700px\" class=\"wp-caption aligncenter\"><img loading=\"lazy\" decoding=\"async\" class=\"size-full wp-image-35208\" src=\"https:\/\/perfectvenue.es\/wp-content\/uploads\/2022\/06\/An-emotional-proposal-at-the-top-of-the-Castle-of-Santa-B\u00e1rbara-in-Alicante-10.jpeg\" alt=\"\" width=\"700\" height=\"467\" srcset=\"https:\/\/perfectvenue.es\/wp-content\/uploads\/2022\/06\/An-emotional-proposal-at-the-top-of-the-Castle-of-Santa-B\u00e1rbara-in-Alicante-10.jpeg 700w, https:\/\/perfectvenue.es\/wp-content\/uploads\/2022\/06\/An-emotional-proposal-at-the-top-of-the-Castle-of-Santa-B\u00e1rbara-in-Alicante-10-300x200.jpeg 300w, https:\/\/perfectvenue.es\/wp-content\/uploads\/2022\/06\/An-emotional-proposal-at-the-top-of-the-Castle-of-Santa-B\u00e1rbara-in-Alicante-10-450x300.jpeg 450w, https:\/\/perfectvenue.es\/wp-content\/uploads\/2022\/06\/An-emotional-proposal-at-the-top-of-the-Castle-of-Santa-B\u00e1rbara-in-Alicante-10-600x400.jpeg 600w\" sizes=\"auto, (max-width: 700px) 100vw, 700px\" \/><figcaption id=\"caption-attachment-35208\" class=\"wp-caption-text\">Photo via: <a href=\"https:\/\/nataliaortizevents.com\/es\/\">Weddings and events by Natalia Ortiz<\/a><\/figcaption><\/figure>\n<h2 style=\"text-align: justify;\">El Castillo de Santa B\u00e1rbara fue testigo<\/h2>\n<p style=\"text-align: justify;\"><span style=\"font-weight: 400;\">Sobre el monte Benacantil, en Alicante, nos encontramos con el Castillo de Santa B\u00e1rbara que, con unas maravillosas vistas, fue donde el novio le pidi\u00f3 matrimonio a su chica.<\/span><\/p>\n<p style=\"text-align: justify;\"><span style=\"font-weight: 400;\">\u00a1Nada m\u00e1s y nada menos que a 166 metros de altitud! \u00bfSab\u00edas que este espacio es <\/span><b>una de las fortalezas medievales m\u00e1s grandes de Espa\u00f1a<\/b><span style=\"font-weight: 400;\">?<\/span><\/p>\n<p style=\"text-align: justify;\"><span style=\"font-weight: 400;\">\u00a1Lo que m\u00e1s enamor\u00f3 a los novios fueron las vistas! Y es que, \u00a1desde el punto elegido, los novios pudieron divisar toda la bah\u00eda de Alicante!<\/span><\/p>\n<p style=\"text-align: justify;\"><b>El mar Mediterr\u00e1neo siempre es un acierto para cualquier acontecimiento.<\/b><\/p>\n<figure id=\"attachment_35217\" aria-describedby=\"caption-attachment-35217\" style=\"width: 700px\" class=\"wp-caption aligncenter\"><img loading=\"lazy\" decoding=\"async\" class=\"size-full wp-image-35217\" src=\"https:\/\/perfectvenue.es\/wp-content\/uploads\/2022\/06\/An-emotional-proposal-at-the-top-of-the-Castle-of-Santa-B\u00e1rbara-in-Alicante-150.jpeg\" alt=\"\" width=\"700\" height=\"1050\" srcset=\"https:\/\/perfectvenue.es\/wp-content\/uploads\/2022\/06\/An-emotional-proposal-at-the-top-of-the-Castle-of-Santa-B\u00e1rbara-in-Alicante-150.jpeg 700w, https:\/\/perfectvenue.es\/wp-content\/uploads\/2022\/06\/An-emotional-proposal-at-the-top-of-the-Castle-of-Santa-B\u00e1rbara-in-Alicante-150-200x300.jpeg 200w, https:\/\/perfectvenue.es\/wp-content\/uploads\/2022\/06\/An-emotional-proposal-at-the-top-of-the-Castle-of-Santa-B\u00e1rbara-in-Alicante-150-683x1024.jpeg 683w, https:\/\/perfectvenue.es\/wp-content\/uploads\/2022\/06\/An-emotional-proposal-at-the-top-of-the-Castle-of-Santa-B\u00e1rbara-in-Alicante-150-450x675.jpeg 450w, https:\/\/perfectvenue.es\/wp-content\/uploads\/2022\/06\/An-emotional-proposal-at-the-top-of-the-Castle-of-Santa-B\u00e1rbara-in-Alicante-150-533x800.jpeg 533w, https:\/\/perfectvenue.es\/wp-content\/uploads\/2022\/06\/An-emotional-proposal-at-the-top-of-the-Castle-of-Santa-B\u00e1rbara-in-Alicante-150-600x900.jpeg 600w\" sizes=\"auto, (max-width: 700px) 100vw, 700px\" \/><figcaption id=\"caption-attachment-35217\" class=\"wp-caption-text\">Photo via: <a href=\"https:\/\/nataliaortizevents.com\/es\/\">Weddings and events by Natalia Ortiz<\/a><\/figcaption><\/figure>\n<h2 style=\"text-align: justify;\">Un rotundo \u201cs\u00ed\u201d durante el atardecer<\/h2>\n<p style=\"text-align: justify;\"><span style=\"font-weight: 400;\">Fue tras la ca\u00edda del sol, y en la hora m\u00e1s m\u00e1gica del d\u00eda, cuando el novio se arrodill\u00f3 ante la novia y sac\u00f3 el precioso anillo en una de las torretas del castillo, concretamente <\/span><b>en la Garita de la Campana<\/b><span style=\"font-weight: 400;\">.<\/span><\/p>\n<p style=\"text-align: justify;\"><span style=\"font-weight: 400;\">Al ver a su chico arrodillado y el precioso anillo, la novia no dud\u00f3 ni un segundo en soltar un \u201cs\u00ed\u201d. Autom\u00e1ticamente se enfundaron en un largo abrazo seguido de un beso que acab\u00f3 con la novia en volandas, \u00a1emoci\u00f3n y romanticismo por todos lados!<\/span><\/p>\n<p style=\"text-align: justify;\"><span style=\"font-weight: 400;\">La joya constaba de un <\/span><b>anillo solitario de oro dorado repleto de peque\u00f1os diamantes en el que resaltaba un diamante en forma de l\u00e1grima verde<\/b><span style=\"font-weight: 400;\">. \u00a1Un anillo para lucirlo \u201cpor todo lo alto\u201d!<\/span><\/p>\n<figure id=\"attachment_35211\" aria-describedby=\"caption-attachment-35211\" style=\"width: 700px\" class=\"wp-caption aligncenter\"><img loading=\"lazy\" decoding=\"async\" class=\"size-full wp-image-35211\" src=\"https:\/\/perfectvenue.es\/wp-content\/uploads\/2022\/06\/An-emotional-proposal-at-the-top-of-the-Castle-of-Santa-B\u00e1rbara-in-Alicante-13.jpeg\" alt=\"\" width=\"700\" height=\"467\" srcset=\"https:\/\/perfectvenue.es\/wp-content\/uploads\/2022\/06\/An-emotional-proposal-at-the-top-of-the-Castle-of-Santa-B\u00e1rbara-in-Alicante-13.jpeg 700w, https:\/\/perfectvenue.es\/wp-content\/uploads\/2022\/06\/An-emotional-proposal-at-the-top-of-the-Castle-of-Santa-B\u00e1rbara-in-Alicante-13-300x200.jpeg 300w, https:\/\/perfectvenue.es\/wp-content\/uploads\/2022\/06\/An-emotional-proposal-at-the-top-of-the-Castle-of-Santa-B\u00e1rbara-in-Alicante-13-450x300.jpeg 450w, https:\/\/perfectvenue.es\/wp-content\/uploads\/2022\/06\/An-emotional-proposal-at-the-top-of-the-Castle-of-Santa-B\u00e1rbara-in-Alicante-13-600x400.jpeg 600w\" sizes=\"auto, (max-width: 700px) 100vw, 700px\" \/><figcaption id=\"caption-attachment-35211\" class=\"wp-caption-text\">Photo via: <a href=\"https:\/\/nataliaortizevents.com\/es\/\">Weddings and events by Natalia Ortiz<\/a><\/figcaption><\/figure>\n<figure id=\"attachment_35209\" aria-describedby=\"caption-attachment-35209\" style=\"width: 700px\" class=\"wp-caption aligncenter\"><img loading=\"lazy\" decoding=\"async\" class=\"size-full wp-image-35209\" src=\"https:\/\/perfectvenue.es\/wp-content\/uploads\/2022\/06\/An-emotional-proposal-at-the-top-of-the-Castle-of-Santa-B\u00e1rbara-in-Alicante-9.jpeg\" alt=\"\" width=\"700\" height=\"467\" srcset=\"https:\/\/perfectvenue.es\/wp-content\/uploads\/2022\/06\/An-emotional-proposal-at-the-top-of-the-Castle-of-Santa-B\u00e1rbara-in-Alicante-9.jpeg 700w, https:\/\/perfectvenue.es\/wp-content\/uploads\/2022\/06\/An-emotional-proposal-at-the-top-of-the-Castle-of-Santa-B\u00e1rbara-in-Alicante-9-300x200.jpeg 300w, https:\/\/perfectvenue.es\/wp-content\/uploads\/2022\/06\/An-emotional-proposal-at-the-top-of-the-Castle-of-Santa-B\u00e1rbara-in-Alicante-9-450x300.jpeg 450w, https:\/\/perfectvenue.es\/wp-content\/uploads\/2022\/06\/An-emotional-proposal-at-the-top-of-the-Castle-of-Santa-B\u00e1rbara-in-Alicante-9-600x400.jpeg 600w\" sizes=\"auto, (max-width: 700px) 100vw, 700px\" \/><figcaption id=\"caption-attachment-35209\" class=\"wp-caption-text\">Photo via: <a href=\"https:\/\/nataliaortizevents.com\/es\/\">Weddings and events by Natalia Ortiz<\/a><\/figcaption><\/figure>\n<figure id=\"attachment_35210\" aria-describedby=\"caption-attachment-35210\" style=\"width: 700px\" class=\"wp-caption aligncenter\"><img loading=\"lazy\" decoding=\"async\" class=\"size-full wp-image-35210\" src=\"https:\/\/perfectvenue.es\/wp-content\/uploads\/2022\/06\/An-emotional-proposal-at-the-top-of-the-Castle-of-Santa-B\u00e1rbara-in-Alicante-11.jpeg\" alt=\"\" width=\"700\" height=\"467\" srcset=\"https:\/\/perfectvenue.es\/wp-content\/uploads\/2022\/06\/An-emotional-proposal-at-the-top-of-the-Castle-of-Santa-B\u00e1rbara-in-Alicante-11.jpeg 700w, https:\/\/perfectvenue.es\/wp-content\/uploads\/2022\/06\/An-emotional-proposal-at-the-top-of-the-Castle-of-Santa-B\u00e1rbara-in-Alicante-11-300x200.jpeg 300w, https:\/\/perfectvenue.es\/wp-content\/uploads\/2022\/06\/An-emotional-proposal-at-the-top-of-the-Castle-of-Santa-B\u00e1rbara-in-Alicante-11-450x300.jpeg 450w, https:\/\/perfectvenue.es\/wp-content\/uploads\/2022\/06\/An-emotional-proposal-at-the-top-of-the-Castle-of-Santa-B\u00e1rbara-in-Alicante-11-600x400.jpeg 600w\" sizes=\"auto, (max-width: 700px) 100vw, 700px\" \/><figcaption id=\"caption-attachment-35210\" class=\"wp-caption-text\">Photo via: <a href=\"https:\/\/nataliaortizevents.com\/es\/\">Weddings and events by Natalia Ortiz<\/a><\/figcaption><\/figure>\n<figure id=\"attachment_35212\" aria-describedby=\"caption-attachment-35212\" style=\"width: 700px\" class=\"wp-caption aligncenter\"><img loading=\"lazy\" decoding=\"async\" class=\"size-full wp-image-35212\" src=\"https:\/\/perfectvenue.es\/wp-content\/uploads\/2022\/06\/An-emotional-proposal-at-the-top-of-the-Castle-of-Santa-B\u00e1rbara-in-Alicante-14.jpeg\" alt=\"\" width=\"700\" height=\"467\" srcset=\"https:\/\/perfectvenue.es\/wp-content\/uploads\/2022\/06\/An-emotional-proposal-at-the-top-of-the-Castle-of-Santa-B\u00e1rbara-in-Alicante-14.jpeg 700w, https:\/\/perfectvenue.es\/wp-content\/uploads\/2022\/06\/An-emotional-proposal-at-the-top-of-the-Castle-of-Santa-B\u00e1rbara-in-Alicante-14-300x200.jpeg 300w, https:\/\/perfectvenue.es\/wp-content\/uploads\/2022\/06\/An-emotional-proposal-at-the-top-of-the-Castle-of-Santa-B\u00e1rbara-in-Alicante-14-450x300.jpeg 450w, https:\/\/perfectvenue.es\/wp-content\/uploads\/2022\/06\/An-emotional-proposal-at-the-top-of-the-Castle-of-Santa-B\u00e1rbara-in-Alicante-14-600x400.jpeg 600w\" sizes=\"auto, (max-width: 700px) 100vw, 700px\" \/><figcaption id=\"caption-attachment-35212\" class=\"wp-caption-text\">Photo via: <a href=\"https:\/\/nataliaortizevents.com\/es\/\">Weddings and events by Natalia Ortiz<\/a><\/figcaption><\/figure>\n<h2 style=\"text-align: justify;\">El viol\u00edn, el encargado de avivar las emociones<\/h2>\n<p style=\"text-align: justify;\"><span style=\"font-weight: 400;\">\u00bfQu\u00e9 es un momento especial sin m\u00fasica? \u00a1Nada! Por eso, nos encargamos de contar con un <\/span><b>viol\u00edn que se encargase de amenizar una velada tan especial e importante<\/b><span style=\"font-weight: 400;\"> como esta, \u00a1no se nos escapa ning\u00fan detalle!<\/span><\/p>\n<p style=\"text-align: justify;\"><span style=\"font-weight: 400;\">Y es que, como todos sabemos, no hay nada mejor que la m\u00fasica para avivar las emociones y hacer de los momentos algo \u00fanico, memorable y significativo.<\/span><\/p>\n<figure id=\"attachment_35216\" aria-describedby=\"caption-attachment-35216\" style=\"width: 700px\" class=\"wp-caption aligncenter\"><img loading=\"lazy\" decoding=\"async\" class=\"size-full wp-image-35216\" src=\"https:\/\/perfectvenue.es\/wp-content\/uploads\/2022\/06\/An-emotional-proposal-at-the-top-of-the-Castle-of-Santa-B\u00e1rbara-in-Alicante-120.jpeg\" alt=\"\" width=\"700\" height=\"467\" srcset=\"https:\/\/perfectvenue.es\/wp-content\/uploads\/2022\/06\/An-emotional-proposal-at-the-top-of-the-Castle-of-Santa-B\u00e1rbara-in-Alicante-120.jpeg 700w, https:\/\/perfectvenue.es\/wp-content\/uploads\/2022\/06\/An-emotional-proposal-at-the-top-of-the-Castle-of-Santa-B\u00e1rbara-in-Alicante-120-300x200.jpeg 300w, https:\/\/perfectvenue.es\/wp-content\/uploads\/2022\/06\/An-emotional-proposal-at-the-top-of-the-Castle-of-Santa-B\u00e1rbara-in-Alicante-120-450x300.jpeg 450w, https:\/\/perfectvenue.es\/wp-content\/uploads\/2022\/06\/An-emotional-proposal-at-the-top-of-the-Castle-of-Santa-B\u00e1rbara-in-Alicante-120-600x400.jpeg 600w\" sizes=\"auto, (max-width: 700px) 100vw, 700px\" \/><figcaption id=\"caption-attachment-35216\" class=\"wp-caption-text\">Photo via: <a href=\"https:\/\/nataliaortizevents.com\/es\/\">Weddings and events by Natalia Ortiz<\/a><\/figcaption><\/figure>\n<h2 style=\"text-align: justify;\">Un ramo con las flores preferidas de la novia<\/h2>\n<p style=\"text-align: justify;\"><span style=\"font-weight: 400;\">El novio tan enamorado quiso obsequiar a su novia con un ramo de flores antes de sacar el anillo. Este <\/span><b>nos dio el chivatazo de cu\u00e1les eran las flores preferidas de la novia<\/b><span style=\"font-weight: 400;\"> y fuimos directos a hacernos con un ramo que le encantase.<\/span><\/p>\n<p style=\"text-align: justify;\"><span style=\"font-weight: 400;\">Configuramos un ramo de ensue\u00f1o que hizo que la novia no lo olvidase jam\u00e1s, compuesto por <\/span><b>rosas rojas y rosas, margaritas, bolas de Billy amarillas, flores blancas, azules y muchas hojas verdes.<\/b><\/p>\n<figure id=\"attachment_35218\" aria-describedby=\"caption-attachment-35218\" style=\"width: 700px\" class=\"wp-caption aligncenter\"><img loading=\"lazy\" decoding=\"async\" class=\"size-full wp-image-35218\" src=\"https:\/\/perfectvenue.es\/wp-content\/uploads\/2022\/06\/An-emotional-proposal-at-the-top-of-the-Castle-of-Santa-B\u00e1rbara-in-Alicante-2.jpeg\" alt=\"\" width=\"700\" height=\"1050\" srcset=\"https:\/\/perfectvenue.es\/wp-content\/uploads\/2022\/06\/An-emotional-proposal-at-the-top-of-the-Castle-of-Santa-B\u00e1rbara-in-Alicante-2.jpeg 700w, https:\/\/perfectvenue.es\/wp-content\/uploads\/2022\/06\/An-emotional-proposal-at-the-top-of-the-Castle-of-Santa-B\u00e1rbara-in-Alicante-2-200x300.jpeg 200w, https:\/\/perfectvenue.es\/wp-content\/uploads\/2022\/06\/An-emotional-proposal-at-the-top-of-the-Castle-of-Santa-B\u00e1rbara-in-Alicante-2-683x1024.jpeg 683w, https:\/\/perfectvenue.es\/wp-content\/uploads\/2022\/06\/An-emotional-proposal-at-the-top-of-the-Castle-of-Santa-B\u00e1rbara-in-Alicante-2-450x675.jpeg 450w, https:\/\/perfectvenue.es\/wp-content\/uploads\/2022\/06\/An-emotional-proposal-at-the-top-of-the-Castle-of-Santa-B\u00e1rbara-in-Alicante-2-533x800.jpeg 533w, https:\/\/perfectvenue.es\/wp-content\/uploads\/2022\/06\/An-emotional-proposal-at-the-top-of-the-Castle-of-Santa-B\u00e1rbara-in-Alicante-2-600x900.jpeg 600w\" sizes=\"auto, (max-width: 700px) 100vw, 700px\" \/><figcaption id=\"caption-attachment-35218\" class=\"wp-caption-text\">Photo via: <a href=\"https:\/\/nataliaortizevents.com\/es\/\">Weddings and events by Natalia Ortiz<\/a><\/figcaption><\/figure>\n<h2 style=\"text-align: justify;\">Estilismos c\u00f3modos y elegantes para el gran momento<\/h2>\n<p style=\"text-align: justify;\"><span style=\"font-weight: 400;\">En esta pedida de mano tan rom\u00e1ntica, la novia luci\u00f3 un <\/span><b>vestido midi en color rojo de punto, que acompa\u00f1\u00f3 con una chaqueta de cuero negra<\/b><span style=\"font-weight: 400;\">. Para el calzado opt\u00f3 por unas deportivas blancas, \u00a1muy c\u00f3moda para pisar los adoquines del castillo!\u00a0 Y, para el pelo, un recogido con un sencillo mo\u00f1o bajo.<\/span><\/p>\n<p style=\"text-align: justify;\"><span style=\"font-weight: 400;\">Por otra parte, el novio visti\u00f3 cl\u00e1sico, sencillo y elegante, optando para el m\u00e1gico momento una <\/span><b>camisa de rayas azules y blancas, un pantal\u00f3n beige<\/b><span style=\"font-weight: 400;\"> y unas c\u00f3modas deportivas de vestir.<\/span><\/p>\n<figure id=\"attachment_35207\" aria-describedby=\"caption-attachment-35207\" style=\"width: 700px\" class=\"wp-caption aligncenter\"><img loading=\"lazy\" decoding=\"async\" class=\"size-full wp-image-35207\" src=\"https:\/\/perfectvenue.es\/wp-content\/uploads\/2022\/06\/An-emotional-proposal-at-the-top-of-the-Castle-of-Santa-B\u00e1rbara-in-Alicante-6.jpeg\" alt=\"\" width=\"700\" height=\"1050\" srcset=\"https:\/\/perfectvenue.es\/wp-content\/uploads\/2022\/06\/An-emotional-proposal-at-the-top-of-the-Castle-of-Santa-B\u00e1rbara-in-Alicante-6.jpeg 700w, https:\/\/perfectvenue.es\/wp-content\/uploads\/2022\/06\/An-emotional-proposal-at-the-top-of-the-Castle-of-Santa-B\u00e1rbara-in-Alicante-6-200x300.jpeg 200w, https:\/\/perfectvenue.es\/wp-content\/uploads\/2022\/06\/An-emotional-proposal-at-the-top-of-the-Castle-of-Santa-B\u00e1rbara-in-Alicante-6-683x1024.jpeg 683w, https:\/\/perfectvenue.es\/wp-content\/uploads\/2022\/06\/An-emotional-proposal-at-the-top-of-the-Castle-of-Santa-B\u00e1rbara-in-Alicante-6-450x675.jpeg 450w, https:\/\/perfectvenue.es\/wp-content\/uploads\/2022\/06\/An-emotional-proposal-at-the-top-of-the-Castle-of-Santa-B\u00e1rbara-in-Alicante-6-533x800.jpeg 533w, https:\/\/perfectvenue.es\/wp-content\/uploads\/2022\/06\/An-emotional-proposal-at-the-top-of-the-Castle-of-Santa-B\u00e1rbara-in-Alicante-6-600x900.jpeg 600w\" sizes=\"auto, (max-width: 700px) 100vw, 700px\" \/><figcaption id=\"caption-attachment-35207\" class=\"wp-caption-text\">Photo via: <a href=\"https:\/\/nataliaortizevents.com\/es\/\">Weddings and events by Natalia Ortiz<\/a><\/figcaption><\/figure>\n<h2 style=\"text-align: justify;\">Una organizaci\u00f3n excepcional<\/h2>\n<p style=\"text-align: justify;\"><span style=\"font-weight: 400;\">\u00a1Que viva el amor y las pedidas de mano tan bonitas! Y es que el resultado no pod\u00eda ser otro si la Wedding Planner encargada de organizar esta pedida fue la gran Natalia Ort\u00edz.<\/span><\/p>\n<p style=\"text-align: justify;\"><span style=\"font-weight: 400;\">Y es que en <\/span><a href=\"https:\/\/nataliaortizevents.com\/es\/\"><b>Weddings and Events by Natalia Ortiz<\/b><\/a><span style=\"font-weight: 400;\"> siempre estamos dispuestos a organizar tu pedida para que esa escena de tu vida permanezca en vuestra memoria para siempre. \u00a1Dejamos lo que estemos haciendo para ponernos con tus preparativos! Y m\u00e1s si nos lo pides tambi\u00e9n el d\u00eda de antes\u2026<\/span><\/p>\n<p style=\"text-align: justify;\"><span style=\"font-weight: 400;\">\u00a0<\/span><\/p>\n<p style=\"text-align: justify;\"><span style=\"font-weight: 400;\">Si quieres a\u00fan m\u00e1s inspiraci\u00f3n para tu pedida, no te pierdas todas estas <\/span><a href=\"https:\/\/perfectvenue.es\/2018\/07\/16\/romantic-ideas-for-proposal-in-spain\/\"><b>ideas para una rom\u00e1ntica\u00a0<\/b><b>pedida de mano en Espa\u00f1a<\/b><\/a><span style=\"font-weight: 400;\">, a nosotros nos encantan una <\/span><a href=\"https:\/\/perfectvenue.es\/product\/pedida-de-mano-en-el-parque-del-retiro-de-madrid\/\"><b>pedida de mano en el Parque del Retiro<\/b><\/a><span style=\"font-weight: 400;\">, <\/span><b>Tenerife<\/b><span style=\"font-weight: 400;\">, o en una <\/span><b>noche de invierno.<\/b><\/p>\n<p><\/p>\n<span class=\"tags-links\"><a href=\"https:\/\/perfectvenue.es\/es\/tag\/marriage-proposal-in-alicante\/\" rel=\"tag\">marriage proposal in Alicante<\/a><a href=\"https:\/\/perfectvenue.es\/es\/tag\/pedida-de-mano\/\" rel=\"tag\">pedida de mano<\/a><a href=\"https:\/\/perfectvenue.es\/es\/tag\/pedida-de-mano-en-alicante\/\" rel=\"tag\">Pedida de mano en Alicante<\/a><a href=\"https:\/\/perfectvenue.es\/es\/tag\/pedida-de-mano-en-castillo\/\" rel=\"tag\">pedida de mano en castillo<\/a><a href=\"https:\/\/perfectvenue.es\/es\/tag\/proposal-in-castle\/\" rel=\"tag\">proposal in castle<\/a><a href=\"https:\/\/perfectvenue.es\/es\/tag\/romantic-proposal\/\" rel=\"tag\">romantic proposal<\/a><a href=\"https:\/\/perfectvenue.es\/es\/tag\/%d0%bf%d1%80%d0%b5%d0%b4%d0%bb%d0%be%d0%b6%d0%b5%d0%bd%d0%b8%d0%b5-%d0%b2-%d0%b0%d0%bb%d0%b8%d0%ba%d0%b0%d0%bd%d1%82%d0%b5\/\" rel=\"tag\">\u043f\u0440\u0435\u0434\u043b\u043e\u0436\u0435\u043d\u0438\u0435 \u0432 \u0410\u043b\u0438\u043a\u0430\u043d\u0442\u0435<\/a><a href=\"https:\/\/perfectvenue.es\/es\/tag\/%d0%bf%d1%80%d0%b5%d0%b4%d0%bb%d0%be%d0%b6%d0%b5%d0%bd%d0%b8%d0%b5-%d0%b2-%d0%b8%d1%81%d0%bf%d0%b0%d0%bd%d0%b8%d0%b8\/\" rel=\"tag\">\u043f\u0440\u0435\u0434\u043b\u043e\u0436\u0435\u043d\u0438\u0435 \u0432 \u0418\u0441\u043f\u0430\u043d\u0438\u0438<\/a><\/span>","protected":false},"excerpt":{"rendered":"<p>Si deseas organizar una pedida de mano en Alicante vas a acertar, y m\u00e1s si es en el Castillo de Santa B\u00e1rbara.<\/p>\n","protected":false},"author":26511,"featured_media":35215,"comment_status":"closed","ping_status":"open","sticky":false,"template":"","format":"standard","meta":{"footnotes":""},"categories":[2064],"tags":[5203,782,5202,5206,5205,4748,5204,5096],"class_list":["post-35203","post","type-post","status-publish","format-standard","has-post-thumbnail","hentry","category-events","tag-marriage-proposal-in-alicante","tag-pedida-de-mano","tag-pedida-de-mano-en-alicante","tag-pedida-de-mano-en-castillo","tag-proposal-in-castle","tag-romantic-proposal","tag-5204","tag-5096"],"_links":{"self":[{"href":"https:\/\/perfectvenue.es\/es\/wp-json\/wp\/v2\/posts\/35203","targetHints":{"allow":["GET"]}}],"collection":[{"href":"https:\/\/perfectvenue.es\/es\/wp-json\/wp\/v2\/posts"}],"about":[{"href":"https:\/\/perfectvenue.es\/es\/wp-json\/wp\/v2\/types\/post"}],"author":[{"embeddable":true,"href":"https:\/\/perfectvenue.es\/es\/wp-json\/wp\/v2\/users\/26511"}],"replies":[{"embeddable":true,"href":"https:\/\/perfectvenue.es\/es\/wp-json\/wp\/v2\/comments?post=35203"}],"version-history":[{"count":8,"href":"https:\/\/perfectvenue.es\/es\/wp-json\/wp\/v2\/posts\/35203\/revisions"}],"predecessor-version":[{"id":35368,"href":"https:\/\/perfectvenue.es\/es\/wp-json\/wp\/v2\/posts\/35203\/revisions\/35368"}],"wp:featuredmedia":[{"embeddable":true,"href":"https:\/\/perfectvenue.es\/es\/wp-json\/wp\/v2\/media\/35215"}],"wp:attachment":[{"href":"https:\/\/perfectvenue.es\/es\/wp-json\/wp\/v2\/media?parent=35203"}],"wp:term":[{"taxonomy":"category","embeddable":true,"href":"https:\/\/perfectvenue.es\/es\/wp-json\/wp\/v2\/categories?post=35203"},{"taxonomy":"post_tag","embeddable":true,"href":"https:\/\/perfectvenue.es\/es\/wp-json\/wp\/v2\/tags?post=35203"}],"curies":[{"name":"wp","href":"https:\/\/api.w.org\/{rel}","templated":true}]}}