{"id":35197,"date":"2022-06-14T18:00:41","date_gmt":"2022-06-14T15:00:41","guid":{"rendered":"https:\/\/perfectvenue.es\/?p=35197"},"modified":"2022-06-16T16:48:52","modified_gmt":"2022-06-16T13:48:52","slug":"villas-in-spains-autonomous-communities-to-celebrate-your-wedding-in-the-most-exclusive-way","status":"publish","type":"post","link":"https:\/\/perfectvenue.es\/es\/2022\/06\/14\/villas-in-spains-autonomous-communities-to-celebrate-your-wedding-in-the-most-exclusive-way\/","title":{"rendered":"Villas en las Comunidades Aut\u00f3nomas de Espa\u00f1a para celebrar tu boda de la manera m\u00e1s exclusiva"},"content":{"rendered":"<p><\/p>\n<p style=\"text-align: justify\"><span style=\"font-weight: 400\">Espa\u00f1a engancha a todos aquellos que la visitan, no solo para realizar turismo sino tambi\u00e9n para celebrar eventos exclusivos, y es que en Espa\u00f1a hay cantidad de villas \u00fanicas para celebrar tu boda de la manera m\u00e1s glamourosa.<\/span><\/p>\n<p style=\"text-align: justify\"><span style=\"font-weight: 400\">\u00a1Por algo Espa\u00f1a es el pa\u00eds preferido para celebrar eventos! Y por eso estamos aqu\u00ed, para ayudarte a dar con la villa de tus sue\u00f1os a la hora de celebrar tu boda, \u00a1y lo hemos organizado por las comunidades aut\u00f3nomas que tiene Espa\u00f1a y alfab\u00e9ticamente para hacerte mucho m\u00e1s f\u00e1cil la b\u00fasqueda.<\/span><\/p>\n<p style=\"text-align: justify\"><span style=\"font-weight: 400\">Nos encantan las villas, y es que tienen una gran ventaja: si vienes de fuera, te resultar\u00e1 mucho m\u00e1s f\u00e1cil a ti a todos tus invitados, ya que las villas cuentan con alojamiento para poder descansar despu\u00e9s de la boda sin tener que desplazarse. \u00a1Todo un lujo! Eso s\u00ed, lo recomendable son para bodas peque\u00f1as.<\/span><\/p>\n<p style=\"text-align: justify\"><span style=\"font-weight: 400\">\u00a1Te contamos nuestras favoritas a continuaci\u00f3n! As\u00ed que, qu\u00e9date en este art\u00edculo y cu\u00e9ntanos al final con que villas de entre todas las regiones de este pa\u00eds rodeado de agua te quedas.<\/span><\/p>\n<h2 style=\"text-align: justify\">Villas en Andaluc\u00eda para celebrar tu boda<\/h2>\n<h3 style=\"text-align: justify\">Hacienda de Or\u00e1n<\/h3>\n<p style=\"text-align: justify\"><span style=\"font-weight: 400\">Esta espectacular hacienda olivarera situada en la bella campi\u00f1a sevillana, muy cerca de la ciudad de Sevilla. Consta de 8000 metros construidos y una finca de 180 hect\u00e1reas para albergar bodas \u00fanicas.<\/span><\/p>\n<p style=\"text-align: justify\"><span style=\"font-weight: 400\">Podr\u00e9is organizar la ceremonia de vuestros sue\u00f1os en su jard\u00edn y celebrar un banquete en uno de sus majestuosos salones. Adem\u00e1s, cuentan con un hotel rural llamado \u201cLa Casa del Se\u00f1or\u00edo\u201d, para alojar a tus invitados el d\u00eda de la boda o el d\u00eda anterior. Dispone tambi\u00e9n de 2 suites para vuestra noche de boda. \u00a1Qu\u00e9 lujo!<\/span><\/p>\n<figure id=\"attachment_17468\" aria-describedby=\"caption-attachment-17468\" style=\"width: 700px\" class=\"wp-caption aligncenter\"><img loading=\"lazy\" decoding=\"async\" class=\"wp-image-17468\" src=\"https:\/\/perfectvenue.es\/wp-content\/uploads\/2018\/04\/estate-oran-14-1.jpg\" alt=\"Estate Oran\" width=\"700\" height=\"467\" srcset=\"https:\/\/perfectvenue.es\/wp-content\/uploads\/2018\/04\/estate-oran-14-1.jpg?v=1626108656 850w, https:\/\/perfectvenue.es\/wp-content\/uploads\/2018\/04\/estate-oran-14-1-600x400.jpg?v=1626108656 600w, https:\/\/perfectvenue.es\/wp-content\/uploads\/2018\/04\/estate-oran-14-1-300x200.jpg?v=1626108656 300w, https:\/\/perfectvenue.es\/wp-content\/uploads\/2018\/04\/estate-oran-14-1-768x512.jpg?v=1626108656 768w, https:\/\/perfectvenue.es\/wp-content\/uploads\/2018\/04\/estate-oran-14-1-450x300.jpg?v=1626108656 450w\" sizes=\"auto, (max-width: 700px) 100vw, 700px\" \/><figcaption id=\"caption-attachment-17468\" class=\"wp-caption-text\"><a href=\"https:\/\/perfectvenue.es\/listings\/estate-oran\/\">Hacienda de Or\u00e1n<\/a><\/figcaption><\/figure>\n<h2 style=\"text-align: justify\">Arag\u00f3n<\/h2>\n<p style=\"text-align: justify\"><span style=\"font-weight: 400\">Formada por las provincias de Huesca, Teruel y Zaragoza, limita al norte con Francia, y lo conforman diferentes tipos de flora y fauna, climas, paisajes, ecosistemas\u2026 que dejan sin palabras a todo aquel que visita esta comunidad.<\/span><\/p>\n<p style=\"text-align: justify\"><span style=\"font-weight: 400\">Arag\u00f3n aporta espacios des\u00e9rticos donde el silencio, la calma y la tranquilidad son perfectos para tu boda, \u00a1solo tienes que dar con tu mejor villa! Y despu\u00e9s, ya podr\u00e1s disfrutar de unos bailes y cantos populares como es la famosa jota.<\/span><\/p>\n<h2 style=\"text-align: justify\">Villas en Asturias para celebrar tu boda<\/h2>\n<p style=\"text-align: justify\"><span style=\"font-weight: 400\">Una zona ba\u00f1ada por las aguas del mar Cant\u00e1brico, que limita al oeste con Galicia, al sur con Castilla y Le\u00f3n y al este con Cantabria, se encuentra en una posici\u00f3n perfecta para tu boda, \u00a1adem\u00e1s cuenta con m\u00e1s de 200 playas en la costa mejor conservada de Espa\u00f1a!<\/span><\/p>\n<p style=\"text-align: justify\"><span style=\"font-weight: 400\">Una oportunidad perfecta para adentrarte a las profundidades de las cuevas y conocer el lugar en el que se maduran los quesos como el cabrales o el gamon\u00e9u o degustar una sidra bien escanciada. En Asturias encontrar\u00e1s casi una veintena de villas de pescadores, cascos antiguos, cocina marinera, acantilados y la mejor de las vistas al mar. \u00bfQui\u00e9n no iba a querer casarse en este entorno?<\/span><\/p>\n<h2 style=\"text-align: justify\">Villas en Canarias para celebrar tu boda<\/h2>\n<h3 style=\"text-align: justify\">Royal Garden Villas<\/h3>\n<p style=\"text-align: justify\"><span style=\"font-weight: 400\">Este espacio es \u00fanico para bodas, se ubica en la isla canaria de Tenerife y se encuentra en un ambiente privilegiado, la costa de Adeje, al sur de la isla.<\/span><\/p>\n<p style=\"text-align: justify\"><span style=\"font-weight: 400\">En \u00e9l se puede gozar de la exclusividad, el confort y la privacidad en toda la cantidad de espacios con los que cuenta, tanto los exteriores como los interiores, para que recuerdes siempre este d\u00eda como el m\u00e1s id\u00edlico de tu vida.<\/span><\/p>\n<figure id=\"attachment_22355\" aria-describedby=\"caption-attachment-22355\" style=\"width: 700px\" class=\"wp-caption aligncenter\"><img loading=\"lazy\" decoding=\"async\" class=\"wp-image-22355\" src=\"https:\/\/perfectvenue.es\/wp-content\/uploads\/2018\/06\/77-Royal-Garden-Villas.jpg\" alt=\"Royal Garden Villas Boutique Hotel - Perfect Venue\" width=\"700\" height=\"384\" srcset=\"https:\/\/perfectvenue.es\/wp-content\/uploads\/2018\/06\/77-Royal-Garden-Villas.jpg?v=1626106272 850w, https:\/\/perfectvenue.es\/wp-content\/uploads\/2018\/06\/77-Royal-Garden-Villas-300x164.jpg?v=1626106272 300w, https:\/\/perfectvenue.es\/wp-content\/uploads\/2018\/06\/77-Royal-Garden-Villas-768x421.jpg?v=1626106272 768w, https:\/\/perfectvenue.es\/wp-content\/uploads\/2018\/06\/77-Royal-Garden-Villas-450x247.jpg?v=1626106272 450w, https:\/\/perfectvenue.es\/wp-content\/uploads\/2018\/06\/77-Royal-Garden-Villas-600x329.jpg?v=1626106272 600w\" sizes=\"auto, (max-width: 700px) 100vw, 700px\" \/><figcaption id=\"caption-attachment-22355\" class=\"wp-caption-text\"><a href=\"https:\/\/perfectvenue.es\/listings\/hotel-royal-garden-villas\/\">Royal Garden Villas<\/a><\/figcaption><\/figure>\n<h2 style=\"text-align: justify\">Villas en Cantabria para celebrar tu boda<\/h2>\n<p style=\"text-align: justify\"><span style=\"font-weight: 400\">Situada en una hermosa bah\u00eda, con numerosas diferencias climatol\u00f3gicas, faun\u00edsticas y de vegetaci\u00f3n propias, este territorio que es refugio de osos y lobos conforman la zona m\u00e1s fascinante para dar con el espacio de tu boda que buscas.<\/span><\/p>\n<p style=\"text-align: justify\"><span style=\"font-weight: 400\">Sus fiestas tradicionales, su artesan\u00eda y su gastronom\u00eda son otro de los atractivos que hacen a esta regi\u00f3n merecedora de tu celebraci\u00f3n, \u00a1tus invitados y t\u00fa estar\u00e9is rodeados de costa, pueblos pesqueros, playas y peque\u00f1as calas!<\/span><\/p>\n<h2 style=\"text-align: justify\">Villas en Castilla y Le\u00f3n para celebrar tu boda<\/h2>\n<p style=\"text-align: justify\"><span style=\"font-weight: 400\">\u00c1vila, Burgos, Le\u00f3n, Palencia, Salamanca, Segovia, Soria, Valladolid y Zamora son las provincias de esta comunidad aut\u00f3noma entre las que encontrar\u00e1s infinidad de espacios nupciales. Ocasi\u00f3n id\u00f3nea para tambi\u00e9n recorrer sus ciudades y pueblos llenos de gran patrimonio, y es que Castilla y Le\u00f3n, adem\u00e1s de incre\u00edbles monumentos, tambi\u00e9n nos presenta un paisaje con una naturaleza pr\u00e1cticamente virgen.<\/span><\/p>\n<p style=\"text-align: justify\"><span style=\"font-weight: 400\">Aparte de un rico y variado folclore, muy desconocido para el gran p\u00fablico y de ra\u00edces muy arcaicas, tambi\u00e9n encontramos carnes selectas y exquisitas legumbres, \u00a1para que no te despidas de tu boda con el est\u00f3mago vac\u00edo!<\/span><\/p>\n<h2 style=\"text-align: justify\">Villas en Castilla-La Mancha para celebrar tu boda<\/h2>\n<p style=\"text-align: justify\"><span style=\"font-weight: 400\">Con las provincias de Albacete, Ciudad Real, Cuenca, Guadalajara y Toledo, Castilla-La Mancha es tierra de numerosos espacios de inter\u00e9s, donde se alberga tres parques nacionales y zonas en las que habitan especies como el ciervo, el zorro, el lince, el \u00e1guila real.<\/span><\/p>\n<p style=\"text-align: justify\"><span style=\"font-weight: 400\">Con lluvias escasas y una gastronom\u00eda tradicional de lo m\u00e1s rica y recia, que hace que todos los invitados de las bodas enloquezcan con tradicionales guisos, carnes de caza, quesos, postres y vinos de la regi\u00f3n. \u00a1Para chuparse los dedos en el banquete!<\/span><\/p>\n<h2 style=\"text-align: justify\">Villas en Catalu\u00f1a para celebrar tu boda<\/h2>\n<h3 style=\"text-align: justify\">Villa Can Par\u00e9s<\/h3>\n<p style=\"text-align: justify\"><span style=\"font-weight: 400\">Esta antigua casa se\u00f1orial que a\u00fan conserva los elementos originales de la \u00e9poca est\u00e1 rodeada de los vi\u00f1edos en los que los monjes plantaban sus uvas en pleno siglo XV. Este espacio es perfecto para una boda ya que alberga una acogedora biblioteca, un jard\u00edn de m\u00e1s de 20.000 m\u00b2 entre los que se encuentran estanques, huerto, patios, fuente, barbacoa y una piscina rodeada de c\u00e9sped, hamacas y sombrillas. \u00a1Para las bodas m\u00e1s exclusivas!<\/span><\/p>\n<figure id=\"attachment_28156\" aria-describedby=\"caption-attachment-28156\" style=\"width: 700px\" class=\"wp-caption aligncenter\"><img loading=\"lazy\" decoding=\"async\" class=\"size-full wp-image-28156\" src=\"https:\/\/perfectvenue.es\/wp-content\/uploads\/2020\/10\/villa-can-par\u00e9s.jpg\" alt=\"\" width=\"700\" height=\"473\" srcset=\"https:\/\/perfectvenue.es\/wp-content\/uploads\/2020\/10\/villa-can-par\u00e9s.jpg?v=1626103639 700w, https:\/\/perfectvenue.es\/wp-content\/uploads\/2020\/10\/villa-can-par\u00e9s-300x203.jpg?v=1626103639 300w, https:\/\/perfectvenue.es\/wp-content\/uploads\/2020\/10\/villa-can-par\u00e9s-450x304.jpg?v=1626103639 450w, https:\/\/perfectvenue.es\/wp-content\/uploads\/2020\/10\/villa-can-par\u00e9s-600x405.jpg?v=1626103639 600w\" sizes=\"auto, (max-width: 700px) 100vw, 700px\" \/><figcaption id=\"caption-attachment-28156\" class=\"wp-caption-text\"><a href=\"https:\/\/perfectvenue.es\/listings\/villa-can-pares\/\">Villa Can Par\u00e9s<\/a><\/figcaption><\/figure>\n<h3 style=\"text-align: justify\">Villa Catalina<\/h3>\n<p style=\"text-align: justify\"><span style=\"font-weight: 400\">Es hoy en d\u00eda una villa lujosa y moderna gracias a que, hace a\u00f1os, Servais y Helena la adquirieran y la restauraran para convertirla en un espl\u00e9ndido lugar para contar con todas las comodidades en el d\u00eda de tu boda.<\/span><\/p>\n<p style=\"text-align: justify\"><span style=\"font-weight: 400\">La finca est\u00e1 ubicada en un precioso valle y cuenta con 400 hect\u00e1reas aisladas, lo que hace que disfrutes de la m\u00e1xima intimidad. Se encuentra perfectamente ubicada, a tan s\u00f3lo 5 minutos de Sitges y a 30 minutos de Barcelona.<\/span><\/p>\n<figure id=\"attachment_13545\" aria-describedby=\"caption-attachment-13545\" style=\"width: 700px\" class=\"wp-caption aligncenter\"><img loading=\"lazy\" decoding=\"async\" class=\"wp-image-13545\" src=\"https:\/\/perfectvenue.es\/wp-content\/uploads\/2017\/06\/pv-villa-catalina.jpg\" alt=\"Venue in spain\" width=\"700\" height=\"519\" srcset=\"https:\/\/perfectvenue.es\/wp-content\/uploads\/2017\/06\/pv-villa-catalina.jpg?v=1626111045 840w, https:\/\/perfectvenue.es\/wp-content\/uploads\/2017\/06\/pv-villa-catalina-600x445.jpg?v=1626111045 600w, https:\/\/perfectvenue.es\/wp-content\/uploads\/2017\/06\/pv-villa-catalina-300x223.jpg?v=1626111045 300w, https:\/\/perfectvenue.es\/wp-content\/uploads\/2017\/06\/pv-villa-catalina-768x570.jpg?v=1626111045 768w, https:\/\/perfectvenue.es\/wp-content\/uploads\/2017\/06\/pv-villa-catalina-450x334.jpg?v=1626111045 450w\" sizes=\"auto, (max-width: 700px) 100vw, 700px\" \/><figcaption id=\"caption-attachment-13545\" class=\"wp-caption-text\">Photo via: Villa Catalina<\/figcaption><\/figure>\n<h3 style=\"text-align: justify\">Mas\u00eda Victoria<\/h3>\n<p style=\"text-align: justify\"><span style=\"font-weight: 400\">Esta es una aut\u00e9ntica casa espa\u00f1ola del siglo XV reformada por sus due\u00f1os para convertirla en una preciosa mas\u00eda de 14 habitaciones cuidada al detalle. Esta se encuentra en Sant Pere de Ribes, un bonito pueblo de la comarca del Garraf, en Barcelona, donde podr\u00e9is encontrar todo tipo de tiendas, bancos y restaurantes.<\/span><\/p>\n<p style=\"text-align: justify\"><span style=\"font-weight: 400\">Con una capacidad de hasta 70 invitados, Mas\u00eda Victoria cuenta con una exquisita decoraci\u00f3n, donde destacan los preciosos techos de madera, la bodega, el amplio jard\u00edn, la gran piscina infinity y la incre\u00edble vegetaci\u00f3n que rodea a la casa. \u00a1Nos encantan las bodas en este entorno!<\/span><\/p>\n<figure id=\"attachment_16147\" aria-describedby=\"caption-attachment-16147\" style=\"width: 700px\" class=\"wp-caption aligncenter\"><img loading=\"lazy\" decoding=\"async\" class=\"wp-image-16147\" src=\"https:\/\/perfectvenue.es\/wp-content\/uploads\/2018\/02\/masia-victoria-11.jpg\" alt=\"Masia Victoria\" width=\"700\" height=\"467\" srcset=\"https:\/\/perfectvenue.es\/wp-content\/uploads\/2018\/02\/masia-victoria-11.jpg?v=1626109311 850w, https:\/\/perfectvenue.es\/wp-content\/uploads\/2018\/02\/masia-victoria-11-600x400.jpg?v=1626109311 600w, https:\/\/perfectvenue.es\/wp-content\/uploads\/2018\/02\/masia-victoria-11-300x200.jpg?v=1626109311 300w, https:\/\/perfectvenue.es\/wp-content\/uploads\/2018\/02\/masia-victoria-11-768x512.jpg?v=1626109311 768w, https:\/\/perfectvenue.es\/wp-content\/uploads\/2018\/02\/masia-victoria-11-450x300.jpg?v=1626109311 450w\" sizes=\"auto, (max-width: 700px) 100vw, 700px\" \/><figcaption id=\"caption-attachment-16147\" class=\"wp-caption-text\">Photo via: Mas\u00eda Victoria<\/figcaption><\/figure>\n<h3 style=\"text-align: justify\">Vila D\u2019Argen\u00e7ola<\/h3>\n<p style=\"text-align: justify\"><span style=\"font-weight: 400\">La Vila d\u2019Argen\u00e7ola se trata de una finca agr\u00edcola y forestal de bosque mediterr\u00e1neo, que cuenta con una mas\u00eda se\u00f1orial de grandes dimensiones, resultado de sucesivas ampliaciones desde su construcci\u00f3n original probablemente de finales del s. X, realizadas las m\u00e1s importantes en los siglos XVIII y XX.<\/span><\/p>\n<p style=\"text-align: justify\"><span style=\"font-weight: 400\">La casa principal, reformada a principios del siglo XX, es una mas\u00eda modernista y llena de historia que incluye vidrieras de talleres catalanes, peculiares vidrieras alemanas, balconadas y ventanales con arcos de variadas formas y otros ornamentos modernistas en los tejados.<\/span><\/p>\n<figure id=\"attachment_30959\" aria-describedby=\"caption-attachment-30959\" style=\"width: 700px\" class=\"wp-caption aligncenter\"><img loading=\"lazy\" decoding=\"async\" class=\"wp-image-30959\" src=\"https:\/\/perfectvenue.es\/wp-content\/uploads\/2021\/04\/laviladargencola.jpg\" alt=\"La Vila d'Argen\u00e7ola - Perfect Venue\" width=\"700\" height=\"394\" srcset=\"https:\/\/perfectvenue.es\/wp-content\/uploads\/2021\/04\/laviladargencola.jpg?v=1626102168 1080w, https:\/\/perfectvenue.es\/wp-content\/uploads\/2021\/04\/laviladargencola-300x169.jpg?v=1626102168 300w, https:\/\/perfectvenue.es\/wp-content\/uploads\/2021\/04\/laviladargencola-1024x576.jpg?v=1626102168 1024w, https:\/\/perfectvenue.es\/wp-content\/uploads\/2021\/04\/laviladargencola-768x432.jpg?v=1626102168 768w, https:\/\/perfectvenue.es\/wp-content\/uploads\/2021\/04\/laviladargencola-450x253.jpg?v=1626102168 450w, https:\/\/perfectvenue.es\/wp-content\/uploads\/2021\/04\/laviladargencola-600x338.jpg?v=1626102168 600w\" sizes=\"auto, (max-width: 700px) 100vw, 700px\" \/><figcaption id=\"caption-attachment-30959\" class=\"wp-caption-text\"><a href=\"https:\/\/perfectvenue.es\/listings\/la-vila-dargencola\/\">La Vila d&#8217;Argen\u00e7ola<\/a><\/figcaption><\/figure>\n<h3 style=\"text-align: justify\">Almiral de la Font<\/h3>\n<p style=\"text-align: justify\"><span style=\"font-weight: 400\">Esta casa catalana que se encuentra a 2 km de la ciudad de Sant Pere de Ribes, provincia de Barcelona, est\u00e1 rodeada de preciosos \u00e1rboles como olivos, nogales y almendros. Almiral de Font cuenta con terrenos donde se cultivan uvas para cavas tan prestigiosos como el de Freixenet o Codorn\u00edu, as\u00ed que ya sabes que en tu boda no va a faltar esta bebida tan codiciada.<\/span><\/p>\n<p style=\"text-align: justify\"><span style=\"font-weight: 400\">Adem\u00e1s, es un lugar perfecto para acoger bodas que duran varios d\u00edas, ya que resulta muy c\u00f3modo para los novios e invitados poder alojarse en esta mas\u00eda durante el tiempo que duran las celebraciones, ya que cuenta con 13 exclusivas habitaciones con todas las comodidades.<\/span><\/p>\n<figure id=\"attachment_17328\" aria-describedby=\"caption-attachment-17328\" style=\"width: 700px\" class=\"wp-caption aligncenter\"><img loading=\"lazy\" decoding=\"async\" class=\"wp-image-17328\" src=\"https:\/\/perfectvenue.es\/wp-content\/uploads\/2018\/04\/almiral-de-la-font.jpg\" alt=\"Almiral de la Font - Perfect Venue\" width=\"700\" height=\"479\" srcset=\"https:\/\/perfectvenue.es\/wp-content\/uploads\/2018\/04\/almiral-de-la-font.jpg?v=1626108689 850w, https:\/\/perfectvenue.es\/wp-content\/uploads\/2018\/04\/almiral-de-la-font-600x411.jpg?v=1626108689 600w, https:\/\/perfectvenue.es\/wp-content\/uploads\/2018\/04\/almiral-de-la-font-300x205.jpg?v=1626108689 300w, https:\/\/perfectvenue.es\/wp-content\/uploads\/2018\/04\/almiral-de-la-font-768x526.jpg?v=1626108689 768w, https:\/\/perfectvenue.es\/wp-content\/uploads\/2018\/04\/almiral-de-la-font-450x308.jpg?v=1626108689 450w\" sizes=\"auto, (max-width: 700px) 100vw, 700px\" \/><figcaption id=\"caption-attachment-17328\" class=\"wp-caption-text\">Photo via Almiral de la Font<\/figcaption><\/figure>\n<h2 style=\"text-align: justify\">Villas en Comunidad de Madrid para celebrar tu boda<\/h2>\n<p style=\"text-align: justify\"><span style=\"font-weight: 400\">Adem\u00e1s de ser la capital de Espa\u00f1a, es tambi\u00e9n una comunidad aut\u00f3noma que consta de una sola provincia. En ella encontramos lugares de gran atracci\u00f3n tur\u00edstica como Alcal\u00e1 de Henares, Aranjuez, San Lorenzo del Escorial y Chinch\u00f3n, \u00a1perfectos para que encuentres tu lugar de boda so\u00f1ado!<\/span><\/p>\n<p style=\"text-align: justify\"><span style=\"font-weight: 400\">Lugar donde degustar\u00e1s los platos t\u00edpicamente madrile\u00f1os como el cocido o los callos, las carnes de cordero y la ternera del norte. La capital se caracteriza por una vida cultural plena y muy activa, con bibliotecas, universidades, museos, exposiciones y toda clase de actos culturales, \u00a1porque celebrar tu boda no est\u00e1 re\u00f1ido con la diversi\u00f3n!<\/span><\/p>\n<h2 style=\"text-align: justify\">Villas en Comunitat Valenciana para celebrar tu boda<\/h2>\n<h3 style=\"text-align: justify\">Villa Delia<\/h3>\n<p style=\"text-align: justify\"><span style=\"font-weight: 400\">Esta preciosa finca repleta de vegetaci\u00f3n, jardines, bosques, una gruta y estanques tiene una capacidad para m\u00e1s de 500 invitados.<\/span><\/p>\n<p style=\"text-align: justify\"><span style=\"font-weight: 400\">Se encuentra al lado de Valencia, a tan solo 6 kil\u00f3metros del centro de la ciudad. De estilo neog\u00f3tico y construida en 1829 conserva, a pesar de su reforma, los elementos arquitect\u00f3nicos barrocos.<\/span><\/p>\n<p style=\"text-align: justify\"><span style=\"font-weight: 400\">Su espacio acristalado y su amplia zona ajardinada son de gran reclamo e ideal para celebrar tu boda, situado cerca del estanque para las ceremonias m\u00e1s primaverales.<\/span><\/p>\n<figure id=\"attachment_22996\" aria-describedby=\"caption-attachment-22996\" style=\"width: 850px\" class=\"wp-caption aligncenter\"><img loading=\"lazy\" decoding=\"async\" class=\"size-full wp-image-22996\" src=\"https:\/\/perfectvenue.es\/wp-content\/uploads\/2019\/08\/villa-delia-perfect-venue.jpg\" alt=\"Villa Delia - Perfect Venue\" width=\"850\" height=\"566\" srcset=\"https:\/\/perfectvenue.es\/wp-content\/uploads\/2019\/08\/villa-delia-perfect-venue.jpg?v=1626105931 850w, https:\/\/perfectvenue.es\/wp-content\/uploads\/2019\/08\/villa-delia-perfect-venue-300x200.jpg?v=1626105931 300w, https:\/\/perfectvenue.es\/wp-content\/uploads\/2019\/08\/villa-delia-perfect-venue-768x511.jpg?v=1626105931 768w, https:\/\/perfectvenue.es\/wp-content\/uploads\/2019\/08\/villa-delia-perfect-venue-450x300.jpg?v=1626105931 450w, https:\/\/perfectvenue.es\/wp-content\/uploads\/2019\/08\/villa-delia-perfect-venue-600x400.jpg?v=1626105931 600w\" sizes=\"auto, (max-width: 850px) 100vw, 850px\" \/><figcaption id=\"caption-attachment-22996\" class=\"wp-caption-text\"><a href=\"https:\/\/perfectvenue.es\/listings\/villa-delia\/\">Villa Delia<\/a><\/figcaption><\/figure>\n<h3 style=\"text-align: justify\">Villa Marivila<\/h3>\n<p style=\"text-align: justify\"><span style=\"font-weight: 400\">Villa Marivila tiene las mejores vistas al mar que jam\u00e1s podr\u00e1s imaginar. La sala de estar principal est\u00e1 en el primer piso en lugar de estar en la planta baja, donde puedes tener mejor visi\u00f3n del mar en la terraza o en la azotea.<\/span><\/p>\n<p style=\"text-align: justify\"><span style=\"font-weight: 400\">Cerca hay una playa de arena dorada, la playa Arenal, donde puedes disfrutar de la brisa del mar mientras das el \u201cs\u00ed quiero\u201d en la playa. S\u00ed, puedes celebrar tu ceremonia en la playa cercana, y tener posteriormente una \u00edntima recepci\u00f3n gourmet en la villa con un servicio de contrataci\u00f3n de un chef privado.<\/span><\/p>\n<figure id=\"attachment_27276\" aria-describedby=\"caption-attachment-27276\" style=\"width: 700px\" class=\"wp-caption aligncenter\"><img loading=\"lazy\" decoding=\"async\" class=\"wp-image-27276\" src=\"https:\/\/perfectvenue.es\/wp-content\/uploads\/2020\/07\/costa-blanca-villa-marivila6.jpg\" alt=\"\" width=\"700\" height=\"353\" srcset=\"https:\/\/perfectvenue.es\/wp-content\/uploads\/2020\/07\/costa-blanca-villa-marivila6.jpg?v=1626104032 850w, https:\/\/perfectvenue.es\/wp-content\/uploads\/2020\/07\/costa-blanca-villa-marivila6-300x151.jpg?v=1626104032 300w, https:\/\/perfectvenue.es\/wp-content\/uploads\/2020\/07\/costa-blanca-villa-marivila6-768x388.jpg?v=1626104032 768w, https:\/\/perfectvenue.es\/wp-content\/uploads\/2020\/07\/costa-blanca-villa-marivila6-450x227.jpg?v=1626104032 450w, https:\/\/perfectvenue.es\/wp-content\/uploads\/2020\/07\/costa-blanca-villa-marivila6-600x303.jpg?v=1626104032 600w\" sizes=\"auto, (max-width: 700px) 100vw, 700px\" \/><figcaption id=\"caption-attachment-27276\" class=\"wp-caption-text\"><a href=\"https:\/\/perfectvenue.es\/listings\/villa-marivila-calpe\/\">Villa Marivila<\/a><\/figcaption><\/figure>\n<h2 style=\"text-align: justify\">Villas en Extremadura para celebrar tu boda<\/h2>\n<p style=\"text-align: justify\"><span style=\"font-weight: 400\">Extremadura la conforman las provincias de Badajoz y C\u00e1ceres, con una variedad y contraste de sus tierras inaudita. Esta regi\u00f3n tiene un impresionante paisaje de serran\u00edas, desfiladeros, vegetaci\u00f3n y abundante de agua, y que, a d\u00eda de hoy, mantiene sus tradiciones y costumbres<\/span><\/p>\n<p style=\"text-align: justify\"><span style=\"font-weight: 400\">En su artesan\u00eda destacan el trabajo de metales de Guadalupe, la cer\u00e1mica y los bordados, y entre sus ciudades m\u00e1s importantes destaca M\u00e9rida, \u00a1para casarte en una localidad declarada como Patrimonio de la Humanidad!<\/span><\/p>\n<h2 style=\"text-align: justify\">Villas en Galicia para celebrar tu boda<\/h2>\n<p style=\"text-align: justify\"><span style=\"font-weight: 400\">A Coru\u00f1a, Lugo, Ourense y Pontevedra son sus provincias, y es que Galicia es tan gloria por sus maravillosos paisajes verdes y el plateado del mar, como por sus exuberantes edificaciones, que van desde las pintorescas viviendas tradicionales hasta las m\u00e1s importantes joyas monumentales.<\/span><\/p>\n<p style=\"text-align: justify\"><span style=\"font-weight: 400\">Cuenta con magn\u00edficas playas, pueblos pesqueros y acantilados impresionantes, es decir: una naturaleza inmensa e impresionante. La gastronom\u00eda gallega est\u00e1 marcada por su car\u00e1cter mar\u00edtimo, por lo que encontraremos los m\u00e1s sabrosos mariscos y pescados preparados tradicionalmente. \u00bfA qu\u00e9 esperas para degustar en la boda junto a tus asistentes un pulpo a la gallega?<\/span><\/p>\n<h2 style=\"text-align: justify\">Villas en Illes Balears para celebrar tu boda<\/h2>\n<h3 style=\"text-align: justify\">Villa Son Doblons<\/h3>\n<p style=\"text-align: justify\"><span style=\"font-weight: 400\">Una parcela de 130 hect\u00e1reas 2000 metros cuadrados construidos, los cuales disponen de variedad de terrazas, salones y espacios muy amplios y polivalentes que permiten crear un ambiente variado en la misma localizaci\u00f3n para bodas de alto nivel.<\/span><\/p>\n<p style=\"text-align: justify\"><span style=\"font-weight: 400\">Un entorno sin igual, lejos del bullicio de las urbes, enmarcado en la naturaleza y la buena conservaci\u00f3n del medio ambiente, esta villa se convierte en un espacio id\u00edlico para tu evento de empresa.<\/span><\/p>\n<p style=\"text-align: justify\"><span style=\"font-weight: 400\">La Villa Son Doblons ofrece un servicio profesional y exclusivo cuidando al m\u00e1ximo detalle la decoraci\u00f3n, la organizaci\u00f3n, los caterings, la coordinaci\u00f3n de los d\u00edas y hasta hay posibilidad de alojamiento.<\/span><\/p>\n<figure id=\"attachment_17653\" aria-describedby=\"caption-attachment-17653\" style=\"width: 700px\" class=\"wp-caption aligncenter\"><img loading=\"lazy\" decoding=\"async\" class=\"wp-image-17653\" src=\"https:\/\/perfectvenue.es\/wp-content\/uploads\/2018\/04\/villa-son-doblons-28.jpg\" alt=\"Villa Son Doblons\" width=\"700\" height=\"466\" srcset=\"https:\/\/perfectvenue.es\/wp-content\/uploads\/2018\/04\/villa-son-doblons-28.jpg?v=1626108517 850w, https:\/\/perfectvenue.es\/wp-content\/uploads\/2018\/04\/villa-son-doblons-28-600x400.jpg?v=1626108517 600w, https:\/\/perfectvenue.es\/wp-content\/uploads\/2018\/04\/villa-son-doblons-28-300x200.jpg?v=1626108517 300w, https:\/\/perfectvenue.es\/wp-content\/uploads\/2018\/04\/villa-son-doblons-28-768x511.jpg?v=1626108517 768w, https:\/\/perfectvenue.es\/wp-content\/uploads\/2018\/04\/villa-son-doblons-28-450x300.jpg?v=1626108517 450w\" sizes=\"auto, (max-width: 700px) 100vw, 700px\" \/><figcaption id=\"caption-attachment-17653\" class=\"wp-caption-text\"><a href=\"https:\/\/perfectvenue.es\/listings\/villa-son-doblons\/\">Villa Son Doblons<\/a><\/figcaption><\/figure>\n<h3 style=\"text-align: justify\">Casa Manuel Formentera<\/h3>\n<p style=\"text-align: justify\"><span style=\"font-weight: 400\">Casa Manuel es una casa t\u00edpica de la isla de Formentera, en un lugar muy tranquilo, en medio del campo en el que se respira una incre\u00edble paz. La casa cuenta con 15.000 m2 y parte de su encanto radica en que est\u00e1 rodeada de porches, espacios perfectos para buscar la sombra en verano y disfrutar de un rato agradable.<\/span><\/p>\n<p style=\"text-align: justify\"><span style=\"font-weight: 400\">En el porche podr\u00e9is disfrutar de una velada muy agradable, alejados del ruido de la ciudad y en un entorno inigualable.<\/span><\/p>\n<figure id=\"attachment_15501\" aria-describedby=\"caption-attachment-15501\" style=\"width: 700px\" class=\"wp-caption aligncenter\"><img loading=\"lazy\" decoding=\"async\" class=\"wp-image-15501\" src=\"https:\/\/perfectvenue.es\/wp-content\/uploads\/2018\/02\/casa-manuel-formentera-14.jpg\" alt=\"Casa Manuel Formentera\" width=\"700\" height=\"466\" srcset=\"https:\/\/perfectvenue.es\/wp-content\/uploads\/2018\/02\/casa-manuel-formentera-14.jpg?v=1626109798 800w, https:\/\/perfectvenue.es\/wp-content\/uploads\/2018\/02\/casa-manuel-formentera-14-600x399.jpg?v=1626109798 600w, https:\/\/perfectvenue.es\/wp-content\/uploads\/2018\/02\/casa-manuel-formentera-14-300x200.jpg?v=1626109798 300w, https:\/\/perfectvenue.es\/wp-content\/uploads\/2018\/02\/casa-manuel-formentera-14-768x511.jpg?v=1626109798 768w, https:\/\/perfectvenue.es\/wp-content\/uploads\/2018\/02\/casa-manuel-formentera-14-450x299.jpg?v=1626109798 450w\" sizes=\"auto, (max-width: 700px) 100vw, 700px\" \/><figcaption id=\"caption-attachment-15501\" class=\"wp-caption-text\"><a href=\"https:\/\/perfectvenue.es\/listings\/casa-manuel\/\">Casa Manuel Formentera<\/a><\/figcaption><\/figure>\n<h2 style=\"text-align: justify\">La Rioja<\/h2>\n<p style=\"text-align: justify\"><span style=\"font-weight: 400\">La Rioja, cuya capital es Logro\u00f1o, es la m\u00e1s peque\u00f1a comunidad de Espa\u00f1a, pero a pesar de sus reducidas dimensiones ofrece una aventajada variedad de atractivos, como paisajes, flora y fauna, una interesante arquitectura serrana y famosas grutas en forma de viviendas excavadas en la roca.<\/span><\/p>\n<p style=\"text-align: justify\"><span style=\"font-weight: 400\">Pero su \u00e9xito reside en que los vinos de La Rioja tienen patrimonio gastron\u00f3mico, con una denominaci\u00f3n de Origen de siete variedades: cuatro en tintos y tres en blancos, porque, \u00bfalguien concibe una boda sin brindar con unas copas de vinos de \u00e9lite?<\/span><\/p>\n<h2 style=\"text-align: justify\">Villas en Murcia para celebrar tu boda<\/h2>\n<p style=\"text-align: justify\"><span style=\"font-weight: 400\">La regi\u00f3n de Murcia es conocida por sus bellas playas y sus espacios naturales que no podr\u00edan diferenciarse de un desierto, adem\u00e1s, en Murcia se encuentran frondosas huertas, lo que provocan una gastronom\u00eda popular muy variada y equilibrada, donde destacan los guisos, las ensaladas, los asados y los arroces.<\/span><\/p>\n<p style=\"text-align: justify\"><span style=\"font-weight: 400\">Pero esto no es todo, porque el folclore combina manifestaciones religiosas de larga tradici\u00f3n con festejos mundanos. Su Festival de Folclore Mediterr\u00e1neo en la primera quincena de septiembre o la Semana Santa de Murcia son algunas de las fiestas dignas de presenciar durante la celebraci\u00f3n de boda en Murcia.<\/span><\/p>\n<h2 style=\"text-align: justify\">Villas en Navarra para celebrar tu boda<\/h2>\n<p style=\"text-align: justify\"><span style=\"font-weight: 400\">Con su capital, Pamplona, en Navarra se pueden encontrar dos influencias clim\u00e1ticas: la oce\u00e1nica, con abundantes lluvias, y la mediterr\u00e1nea, con veranos secos y calurosos. Con una situaci\u00f3n privilegiada al estar en la frontera con Francia, Castilla, Arag\u00f3n y el Pa\u00eds Vasco.<\/span><\/p>\n<p style=\"text-align: justify\"><span style=\"font-weight: 400\">La artesan\u00eda y el folclore de Navarra tambi\u00e9n es muy rico, como los San Fermines, la festividad conocida internacionalmente que se desarrolla en la capital del 6 al 14 de julio. Su gastronom\u00eda est\u00e1 basada en productos muy naturales elaborados a la m\u00e1s tradicional usanza para que te enamores de Navarra no solo por sus espacios, sino tambi\u00e9n por sus sabores.<\/span><\/p>\n<h2 style=\"text-align: justify\">Villas en Pa\u00eds Vasco para celebrar tu boda<\/h2>\n<p style=\"text-align: justify\"><span style=\"font-weight: 400\">Esta zona est\u00e1 constituida por tres provincias: \u00c1lava, cuya capital es Vitoria-Gasteiz, Guip\u00fazcoa cuya capital es San Sebasti\u00e1n \/ Donostia, y Vizcaya, cuya capital es Bilbao. El Pa\u00eds Vasco goza de r\u00edos, cortos y bravos, con frecuentes cascadas cerca de su nacimiento, que hacen los matices de verdes tan inveros\u00edmiles<\/span><\/p>\n<p style=\"text-align: justify\"><span style=\"font-weight: 400\">Con una lengua propia, el euskera, deportes conocidos, como el juego de Pelota Vasca y una cocina c\u00e9lebre, de las de m\u00e1s reputaci\u00f3n en la pen\u00ednsula, el Pa\u00eds Vasco consigue que todo aquel que escoja su espacio de boda en esta regi\u00f3n quiera volver cuanto antes<\/span><\/p>\n<p style=\"text-align: justify\">\n<p style=\"text-align: justify\"><span style=\"font-weight: 400\">Ahora seguro que tienes mucho m\u00e1s claro cu\u00e1l es la regi\u00f3n perfecta para la celebraci\u00f3n de tu boda en una villa de las que tiene Espa\u00f1a, \u00a1o quiz\u00e1 no sepas decantarse entre varias opciones!<\/span><\/p>\n<p style=\"text-align: justify\"><span style=\"font-weight: 400\">En <\/span><b>Perfect Venue<\/b><span style=\"font-weight: 400\"> te ayudamos a decantarse por la opci\u00f3n final, \u00a1cont\u00e1ctanos! Estaremos encantados de ayudarte.<\/span><\/p>\n<p><\/p>\n<span class=\"tags-links\"><a href=\"https:\/\/perfectvenue.es\/es\/tag\/boda-en-villa\/\" rel=\"tag\">boda en villa<\/a><a href=\"https:\/\/perfectvenue.es\/es\/tag\/espacio-para-boda\/\" rel=\"tag\">espacio para boda<\/a><a href=\"https:\/\/perfectvenue.es\/es\/tag\/wedding-in-villa-2022\/\" rel=\"tag\">Wedding in villa 2022<\/a><a href=\"https:\/\/perfectvenue.es\/es\/tag\/wedding-venue-2022\/\" rel=\"tag\">wedding venue 2022<\/a><a href=\"https:\/\/perfectvenue.es\/es\/tag\/%d1%81%d0%b2%d0%b0%d0%b4%d0%b5%d0%b1%d0%bd%d0%b0%d1%8f-%d0%bf%d0%bb%d0%be%d1%89%d0%b0%d0%b4%d0%ba%d0%b0-2022\/\" rel=\"tag\">\u0421\u0432\u0430\u0434\u0435\u0431\u043d\u0430\u044f \u043f\u043b\u043e\u0449\u0430\u0434\u043a\u0430 2022<\/a><a href=\"https:\/\/perfectvenue.es\/es\/tag\/%d1%81%d0%b2%d0%b0%d0%b4%d1%8c%d0%b1%d0%b0-%d0%bd%d0%b0-%d0%b2%d0%b8%d0%bb%d0%bb%d0%b5\/\" rel=\"tag\">\u0441\u0432\u0430\u0434\u044c\u0431\u0430 \u043d\u0430 \u0432\u0438\u043b\u043b\u0435<\/a><\/span>","protected":false},"excerpt":{"rendered":"<p>\u00bfBuscas villas para tu boda en Espa\u00f1a? En este art\u00edculo encontrar\u00e1s las mejores, organizadas por comunidades aut\u00f3nomas para facilitarte la b\u00fasqueda.<\/p>\n","protected":false},"author":26511,"featured_media":22996,"comment_status":"closed","ping_status":"open","sticky":false,"template":"","format":"standard","meta":{"footnotes":""},"categories":[3528],"tags":[5190,5201,5200,5149,5148,1505],"class_list":["post-35197","post","type-post","status-publish","format-standard","has-post-thumbnail","hentry","category-best-places-in-spain","tag-boda-en-villa","tag-espacio-para-boda","tag-wedding-in-villa-2022","tag-wedding-venue-2022","tag---2022","tag-1505"],"_links":{"self":[{"href":"https:\/\/perfectvenue.es\/es\/wp-json\/wp\/v2\/posts\/35197","targetHints":{"allow":["GET"]}}],"collection":[{"href":"https:\/\/perfectvenue.es\/es\/wp-json\/wp\/v2\/posts"}],"about":[{"href":"https:\/\/perfectvenue.es\/es\/wp-json\/wp\/v2\/types\/post"}],"author":[{"embeddable":true,"href":"https:\/\/perfectvenue.es\/es\/wp-json\/wp\/v2\/users\/26511"}],"replies":[{"embeddable":true,"href":"https:\/\/perfectvenue.es\/es\/wp-json\/wp\/v2\/comments?post=35197"}],"version-history":[{"count":4,"href":"https:\/\/perfectvenue.es\/es\/wp-json\/wp\/v2\/posts\/35197\/revisions"}],"predecessor-version":[{"id":35206,"href":"https:\/\/perfectvenue.es\/es\/wp-json\/wp\/v2\/posts\/35197\/revisions\/35206"}],"wp:featuredmedia":[{"embeddable":true,"href":"https:\/\/perfectvenue.es\/es\/wp-json\/wp\/v2\/media\/22996"}],"wp:attachment":[{"href":"https:\/\/perfectvenue.es\/es\/wp-json\/wp\/v2\/media?parent=35197"}],"wp:term":[{"taxonomy":"category","embeddable":true,"href":"https:\/\/perfectvenue.es\/es\/wp-json\/wp\/v2\/categories?post=35197"},{"taxonomy":"post_tag","embeddable":true,"href":"https:\/\/perfectvenue.es\/es\/wp-json\/wp\/v2\/tags?post=35197"}],"curies":[{"name":"wp","href":"https:\/\/api.w.org\/{rel}","templated":true}]}}