{"id":34469,"date":"2022-05-13T19:58:21","date_gmt":"2022-05-13T16:58:21","guid":{"rendered":"https:\/\/perfectvenue.es\/?p=34469"},"modified":"2022-05-19T19:24:34","modified_gmt":"2022-05-19T16:24:34","slug":"brihuegas-lavender-fields-in-flower-a-unique-setting-that-cant-be-missed","status":"publish","type":"post","link":"https:\/\/perfectvenue.es\/es\/2022\/05\/13\/brihuegas-lavender-fields-in-flower-a-unique-setting-that-cant-be-missed\/","title":{"rendered":"Los campos de lavanda en flor de Brihuega, un escenario \u00fanico que no te puedes perder"},"content":{"rendered":"<p><\/p>\n<p style=\"text-align: justify;\"><span style=\"font-weight: 400;\">Seguro que has o\u00eddo hablar de la bella estampa de los tulipanes de Holanda, los almendros en flor de Jap\u00f3n, los cerezos del Valle del Jerte, y en Brihuega, Guadalajara, \u00a1los campos de lavanda en flor!<\/span><\/p>\n<p style=\"text-align: justify;\"><span style=\"font-weight: 400;\">\u00bfSab\u00edas que Guadalajara es uno de los grandes productores mundiales de la esencia de lavanda?<\/span><\/p>\n<p style=\"text-align: justify;\"><span style=\"font-weight: 400;\">Por eso mismo te traemos este art\u00edculo, para decirte qu\u00e9 es la lavanda, d\u00f3nde poder verla en flor, la mejor \u00e9poca para ello, \u00a1y la de actividades que puedes realizar en este precioso entorno!<\/span><\/p>\n<p style=\"text-align: justify;\"><span style=\"font-weight: 400;\">\u00a1Sigue leyendo y no te pierdas nada!<\/span><\/p>\n<figure id=\"attachment_32151\" aria-describedby=\"caption-attachment-32151\" style=\"width: 700px\" class=\"wp-caption aligncenter\"><img loading=\"lazy\" decoding=\"async\" class=\"wp-image-32151\" src=\"https:\/\/perfectvenue.es\/wp-content\/uploads\/2021\/06\/R1-05182-0045.jpg\" alt=\"\" width=\"700\" height=\"933\" srcset=\"https:\/\/perfectvenue.es\/wp-content\/uploads\/2021\/06\/R1-05182-0045.jpg?v=1626101689 600w, https:\/\/perfectvenue.es\/wp-content\/uploads\/2021\/06\/R1-05182-0045-225x300.jpg?v=1626101689 225w, https:\/\/perfectvenue.es\/wp-content\/uploads\/2021\/06\/R1-05182-0045-450x600.jpg?v=1626101689 450w\" sizes=\"auto, (max-width: 700px) 100vw, 700px\" \/><figcaption id=\"caption-attachment-32151\" class=\"wp-caption-text\">Photo via: <a href=\"https:\/\/nataliaortizevents.com\/es\/\">Weddings and Events by Natalia Ortiz<\/a><\/figcaption><\/figure>\n<h2 style=\"text-align: justify;\">Antes de nada, \u00bfQu\u00e9 es la lavanda?<\/h2>\n<p style=\"text-align: justify;\"><span style=\"font-weight: 400;\">La lavanda es un arbusto arom\u00e1tico de color lila azulado y que tiene una forma similar a la espiga. Esta flor desprende una esencia arom\u00e1tica que se utiliza para producir perfumes, desodorantes, suavizantes, colonias\u2026 \u00a1Su aroma es encantador!<\/span><\/p>\n<h2 style=\"text-align: justify;\">\u00bfD\u00f3nde se pueden ver los campos de lavanda?<\/h2>\n<p style=\"text-align: justify;\"><span style=\"font-weight: 400;\">\u00a1Pues muy cerca de Madrid! A tan solo 100 kil\u00f3metros de la capital, en la provincia de Guadalajara, concretamente en el municipio de Brihuega, cada a\u00f1o puedes ver inmensos campos de lavanda en flor. \u00a1En menos de hora y media de Madrid te sumerges en este paisaje!<\/span><\/p>\n<h2 style=\"text-align: justify;\">Pero, \u00bfC\u00f3mo lleg\u00f3 la lavanda a Brihuega?<\/h2>\n<p style=\"text-align: justify;\"><span style=\"font-weight: 400;\">Nada m\u00e1s y nada menos que desde Francia, sucedi\u00f3 hace unos 30 a\u00f1os, cuando un agricultor del lugar conoci\u00f3 los campos de lavanda que se encontraban en la Provenza francesa, cosa que le hizo querer tambi\u00e9n esta producci\u00f3n en su tierra.<\/span><\/p>\n<p style=\"text-align: justify;\"><span style=\"font-weight: 400;\">Desde ese momento, en el municipio se encuentran m\u00e1s de mil hect\u00e1reas de lavanda, donde adem\u00e1s se tratan y se producen perfumes.<\/span><\/p>\n<figure id=\"attachment_32156\" aria-describedby=\"caption-attachment-32156\" style=\"width: 700px\" class=\"wp-caption aligncenter\"><img loading=\"lazy\" decoding=\"async\" class=\"wp-image-32156\" src=\"https:\/\/perfectvenue.es\/wp-content\/uploads\/2021\/06\/Svadba-v-lavandovij-poliaj.jpg\" alt=\"\u0424\u041e\u0422\u041e\u0422\u0423\u0420 \u041d\u0410 \u041b\u0410\u0412\u0410\u041d\u0414\u041e\u0412\u042b\u0415 \u041f\u041e\u041b\u042f\" width=\"700\" height=\"504\" srcset=\"https:\/\/perfectvenue.es\/wp-content\/uploads\/2021\/06\/Svadba-v-lavandovij-poliaj.jpg?v=1626101685 600w, https:\/\/perfectvenue.es\/wp-content\/uploads\/2021\/06\/Svadba-v-lavandovij-poliaj-300x216.jpg?v=1626101685 300w, https:\/\/perfectvenue.es\/wp-content\/uploads\/2021\/06\/Svadba-v-lavandovij-poliaj-450x324.jpg?v=1626101685 450w\" sizes=\"auto, (max-width: 700px) 100vw, 700px\" \/><figcaption id=\"caption-attachment-32156\" class=\"wp-caption-text\">Photo via <a href=\"https:\/\/nataliaortizevents.com\/es\/\">Weddings and Events by Natalia Ortiz<\/a><\/figcaption><\/figure>\n<h2 style=\"text-align: justify;\">Y, \u00bfCu\u00e1l es la mejor \u00e9poca para verlos?<\/h2>\n<p style=\"text-align: justify;\"><span style=\"font-weight: 400;\">La mejor fecha para ver los campos de lavanda en flor es el mes de julio. Es el inicio del verano cuando los campos comienzan a florecer y en julio es cuando est\u00e1n en su m\u00e1ximo esplendor.<\/span><\/p>\n<p style=\"text-align: justify;\"><span style=\"font-weight: 400;\">Cabe destacar que la fecha suele depender tambi\u00e9n del clima que haga durante el invierno y la primavera.<\/span><\/p>\n<h2 style=\"text-align: justify;\">Un picnic no tampoco puede faltar<\/h2>\n<p style=\"text-align: justify;\"><span style=\"font-weight: 400;\">Para acompa\u00f1ar a este m\u00e1gico momento, nada como un picnic para abrir el paladar, \u00a1y no te preocupes de nada porque nosotros nos encargamos de organizar todo! T\u00fa solo tienes que disfrutar, sentarte en la manta y probar la rica degustaci\u00f3n que preparamos para un picnic inolvidable.\u00a0<\/span><\/p>\n<p style=\"text-align: justify;\"><span style=\"font-weight: 400;\">Imag\u00ednate caminando por el campo de lavanda con una copa de vino blanco o de champ\u00e1n en la mano mientras el atardecer sucede y respiras el agradable aroma.<\/span><\/p>\n<figure id=\"attachment_32154\" aria-describedby=\"caption-attachment-32154\" style=\"width: 700px\" class=\"wp-caption aligncenter\"><img loading=\"lazy\" decoding=\"async\" class=\"wp-image-32154\" src=\"https:\/\/perfectvenue.es\/wp-content\/uploads\/2021\/06\/R1-05183-0006.jpg\" alt=\"\" width=\"700\" height=\"933\" srcset=\"https:\/\/perfectvenue.es\/wp-content\/uploads\/2021\/06\/R1-05183-0006.jpg?v=1626101686 600w, https:\/\/perfectvenue.es\/wp-content\/uploads\/2021\/06\/R1-05183-0006-225x300.jpg?v=1626101686 225w, https:\/\/perfectvenue.es\/wp-content\/uploads\/2021\/06\/R1-05183-0006-450x600.jpg?v=1626101686 450w\" sizes=\"auto, (max-width: 700px) 100vw, 700px\" \/><figcaption id=\"caption-attachment-32154\" class=\"wp-caption-text\">Photo via: <a href=\"https:\/\/nataliaortizevents.com\/es\/\">Weddings and Events by Natalia Ortiz<\/a><\/figcaption><\/figure>\n<h2 style=\"text-align: justify;\">Aprovecha para una sesi\u00f3n de fotos sinigual<\/h2>\n<p style=\"text-align: justify;\"><span style=\"font-weight: 400;\">Te proponemos que aproveches este marco incomparable para realizar una<a href=\"https:\/\/perfectvenue.es\/es\/product\/\u0444\u043e\u0442\u043e\u0442\u0443\u0440-\u043d\u0430-\u043b\u0430\u0432\u0430\u043d\u0434\u043e\u0432\u044b\u0435-\u043f\u043e\u043b\u044f\/\"> actividad tan divertida con nosotros como es una sesi\u00f3n de fotos con una fot\u00f3grafa profesional<\/a>. Es un marco ideal para una sesi\u00f3n de fotos en familia o en pareja en la que pasar\u00e9is un rato estupendo rodeados de naturaleza.\u00a0<\/span><\/p>\n<p style=\"text-align: justify;\"><span style=\"font-weight: 400;\">\u00a1Tus fotos parecer\u00e1n un aut\u00e9ntico cuadro! Y lo mejor es que nosotros nos encargamos de todos los detalles, decoraci\u00f3n y dem\u00e1s para que no te falte de nada.<\/span><\/p>\n<h2 style=\"text-align: justify;\">El mejor estilismo para adentrarte en los campos de lavanda<\/h2>\n<p style=\"text-align: justify;\"><span style=\"font-weight: 400;\">La forma de vestir es de suma importancia siempre que vamos a tomarnos una sesi\u00f3n fotogr\u00e1fica, as\u00ed que, para que no le des muchas vueltas a la cabeza, te aconsejamos lucir un conjunto en tonos blancos, \u00a1para que destaques sobre el color violeta! Y con el pelo suelto y un maquillaje natural estar\u00e1s estupenda. Adem\u00e1s, ponemos a vuestra disposici\u00f3n a unos profesionales que hagan todo esto por vosotros.<\/span><\/p>\n<p style=\"text-align: justify;\"><span style=\"font-weight: 400;\">Tu eliges cuando quieres la sesi\u00f3n de fotos, \u00bfal atardecer o al amanecer? \u00a1Los colores a esa hora son los mejores!<\/span><\/p>\n<figure id=\"attachment_34478\" aria-describedby=\"caption-attachment-34478\" style=\"width: 700px\" class=\"wp-caption aligncenter\"><img loading=\"lazy\" decoding=\"async\" class=\"size-full wp-image-34478\" src=\"https:\/\/perfectvenue.es\/wp-content\/uploads\/2022\/05\/Brihuega-lavanda.jpg\" alt=\"\" width=\"700\" height=\"511\" srcset=\"https:\/\/perfectvenue.es\/wp-content\/uploads\/2022\/05\/Brihuega-lavanda.jpg?v=1652459671 700w, https:\/\/perfectvenue.es\/wp-content\/uploads\/2022\/05\/Brihuega-lavanda-300x219.jpg?v=1652459671 300w, https:\/\/perfectvenue.es\/wp-content\/uploads\/2022\/05\/Brihuega-lavanda-450x329.jpg?v=1652459671 450w, https:\/\/perfectvenue.es\/wp-content\/uploads\/2022\/05\/Brihuega-lavanda-600x438.jpg?v=1652459671 600w\" sizes=\"auto, (max-width: 700px) 100vw, 700px\" \/><figcaption id=\"caption-attachment-34478\" class=\"wp-caption-text\">abc.es<\/figcaption><\/figure>\n<h2 style=\"text-align: justify;\">El mes de la lavanda tambi\u00e9n tiene actividades<\/h2>\n<p style=\"text-align: justify;\"><span style=\"font-weight: 400;\">S\u00ed, como lo lees, en Brihuega cada a\u00f1o se programan actividades con motivo de la lavanda en flor, que se celebran en los mism\u00edsimos campos al aire libre, \u00bfQu\u00e9 de qu\u00e9 actividades estamos hablando?<\/span><\/p>\n<p style=\"text-align: justify;\"><span style=\"font-weight: 400;\">Pues de vuelos en globo, vuelos en parapente aerod\u00fao y sky aventura, exposiciones de pintura, observaciones y tours estelares, talleres de acuarela, presentaciones de libros, conciertos y visitas guiadas. (Los horarios de las visitas de los campos de lavanda de Brihuega son hasta el 30 de julio, de viernes a domingo, a las 19:00 y a las 20:30. \u00a1Hasta hay visitas guiadas nocturnas!<\/span><\/p>\n<p style=\"text-align: justify;\"><span style=\"font-weight: 400;\">Adem\u00e1s, aqu\u00ed te dejamos el enlace de la programaci\u00f3n para que no te pierdas nada, <a href=\"http:\/\/brihuega.es\/images\/BRIHUEGA%20PROGRAMA%20REDES%20LAVANDA%202021.pdf\">\u00a1haz clic en el enlace! <\/a><\/span><\/p>\n<p><\/p>\n<span class=\"tags-links\"><a href=\"https:\/\/perfectvenue.es\/es\/tag\/best-places-in-spain\/\" rel=\"tag\">best places in Spain<\/a><a href=\"https:\/\/perfectvenue.es\/es\/tag\/brihuega-tourism\/\" rel=\"tag\">Brihuega tourism<\/a><a href=\"https:\/\/perfectvenue.es\/es\/tag\/campos-de-lavanda-brihuega\/\" rel=\"tag\">campos de lavanda Brihuega<\/a><a href=\"https:\/\/perfectvenue.es\/es\/tag\/campos-de-lavanda-en-espana\/\" rel=\"tag\">campos de lavanda en Espa\u00f1a<\/a><a href=\"https:\/\/perfectvenue.es\/es\/tag\/lavande-fields-in-spain\/\" rel=\"tag\">lavande fields in Spain<\/a><a href=\"https:\/\/perfectvenue.es\/es\/tag\/turismo-brihuega\/\" rel=\"tag\">turismo Brihuega<\/a><a href=\"https:\/\/perfectvenue.es\/es\/tag\/%d0%bb%d0%b0%d0%b2%d0%b0%d0%bd%d0%b4%d0%be%d0%b2%d1%8b%d0%b5-%d0%bf%d0%be%d0%bb%d1%8f-%d0%b1%d1%80%d0%b8%d1%83%d1%8d%d0%b3%d0%b0\/\" rel=\"tag\">\u041b\u0430\u0432\u0430\u043d\u0434\u043e\u0432\u044b\u0435 \u043f\u043e\u043b\u044f \u0411\u0440\u0438\u0443\u044d\u0433\u0430<\/a><a href=\"https:\/\/perfectvenue.es\/es\/tag\/%d0%bb%d0%b0%d0%b2%d0%b0%d0%bd%d0%b4%d0%be%d0%b2%d1%8b%d0%b5-%d0%bf%d0%be%d0%bb%d1%8f-%d0%b8%d1%81%d0%bf%d0%b0%d0%bd%d0%b8%d1%8f\/\" rel=\"tag\">\u041b\u0430\u0432\u0430\u043d\u0434\u043e\u0432\u044b\u0435 \u043f\u043e\u043b\u044f \u0418\u0441\u043f\u0430\u043d\u0438\u044f<\/a><\/span>","protected":false},"excerpt":{"rendered":"<p>Los campos de lavanda en flor son unos de los escenarios m\u00e1s m\u00e1gicos que ocurren en Brihuega, no te pierdas las actividades que realizan.<\/p>\n","protected":false},"author":26511,"featured_media":34478,"comment_status":"closed","ping_status":"open","sticky":false,"template":"","format":"standard","meta":{"footnotes":""},"categories":[3528],"tags":[5049,5051,5052,5053,5050,5054,5056,5055],"class_list":["post-34469","post","type-post","status-publish","format-standard","has-post-thumbnail","hentry","category-best-places-in-spain","tag-best-places-in-spain","tag-brihuega-tourism","tag-campos-de-lavanda-brihuega","tag-campos-de-lavanda-en-espana","tag-lavande-fields-in-spain","tag-turismo-brihuega","tag-5056","tag-5055","post_region-5057"],"_links":{"self":[{"href":"https:\/\/perfectvenue.es\/es\/wp-json\/wp\/v2\/posts\/34469","targetHints":{"allow":["GET"]}}],"collection":[{"href":"https:\/\/perfectvenue.es\/es\/wp-json\/wp\/v2\/posts"}],"about":[{"href":"https:\/\/perfectvenue.es\/es\/wp-json\/wp\/v2\/types\/post"}],"author":[{"embeddable":true,"href":"https:\/\/perfectvenue.es\/es\/wp-json\/wp\/v2\/users\/26511"}],"replies":[{"embeddable":true,"href":"https:\/\/perfectvenue.es\/es\/wp-json\/wp\/v2\/comments?post=34469"}],"version-history":[{"count":11,"href":"https:\/\/perfectvenue.es\/es\/wp-json\/wp\/v2\/posts\/34469\/revisions"}],"predecessor-version":[{"id":34517,"href":"https:\/\/perfectvenue.es\/es\/wp-json\/wp\/v2\/posts\/34469\/revisions\/34517"}],"wp:featuredmedia":[{"embeddable":true,"href":"https:\/\/perfectvenue.es\/es\/wp-json\/wp\/v2\/media\/34478"}],"wp:attachment":[{"href":"https:\/\/perfectvenue.es\/es\/wp-json\/wp\/v2\/media?parent=34469"}],"wp:term":[{"taxonomy":"category","embeddable":true,"href":"https:\/\/perfectvenue.es\/es\/wp-json\/wp\/v2\/categories?post=34469"},{"taxonomy":"post_tag","embeddable":true,"href":"https:\/\/perfectvenue.es\/es\/wp-json\/wp\/v2\/tags?post=34469"}],"curies":[{"name":"wp","href":"https:\/\/api.w.org\/{rel}","templated":true}]}}