{"id":31219,"date":"2021-05-18T17:16:50","date_gmt":"2021-05-18T14:16:50","guid":{"rendered":"https:\/\/perfectvenue.es\/?p=31219"},"modified":"2022-01-25T13:00:31","modified_gmt":"2022-01-25T10:00:31","slug":"la-terrazas-mas-famosas-de-madrid","status":"publish","type":"post","link":"https:\/\/perfectvenue.es\/es\/2021\/05\/18\/la-terrazas-mas-famosas-de-madrid\/","title":{"rendered":"Las terrazas m\u00e1s famosas de Madrid"},"content":{"rendered":"<p><\/p>\n<p style=\"text-align: justify;\"><span style=\"font-weight: 400;\">La primavera ya est\u00e1 aqu\u00ed y la mejor forma de aprovecharla es yendo a tomar un c\u00f3ctel o una cerveza a una terraza con vistas a Madrid. <\/span><span style=\"font-weight: 400;\">Madrid cuenta con un gran n\u00famero de terrazas, por lo que no tiene nada que envidiar a otras ciudades. <\/span><span style=\"font-weight: 400;\">Subir a una azotea y disfrutar del sol es una gran idea, no solo porque est\u00e9n de moda gracias a los neoyorquinos, sino tambi\u00e9n porque en estos tiempos los lugares al aire libre son los m\u00e1s solicitados. Es una buena forma de poder estar con amigos en un espacio abierto y adem\u00e1s disfrutar de unas maravillosas vistas. Aqu\u00ed te contamos cu\u00e1les son las terrazas m\u00e1s famosas de la capital.<\/span><\/p>\n<h3>Terraza The Principal (Marqu\u00e9s de Valdeiglesias, 1)<\/h3>\n<figure id=\"attachment_31246\" aria-describedby=\"caption-attachment-31246\" style=\"width: 700px\" class=\"wp-caption aligncenter\"><img loading=\"lazy\" decoding=\"async\" class=\"size-full wp-image-31246\" src=\"https:\/\/perfectvenue.es\/wp-content\/uploads\/2021\/04\/theprincipalmadridhotel.jpg\" alt=\"\" width=\"700\" height=\"525\" srcset=\"https:\/\/perfectvenue.es\/wp-content\/uploads\/2021\/04\/theprincipalmadridhotel.jpg?v=1626102067 700w, https:\/\/perfectvenue.es\/wp-content\/uploads\/2021\/04\/theprincipalmadridhotel-300x225.jpg?v=1626102067 300w, https:\/\/perfectvenue.es\/wp-content\/uploads\/2021\/04\/theprincipalmadridhotel-450x338.jpg?v=1626102067 450w, https:\/\/perfectvenue.es\/wp-content\/uploads\/2021\/04\/theprincipalmadridhotel-600x450.jpg?v=1626102067 600w\" sizes=\"auto, (max-width: 700px) 100vw, 700px\" \/><figcaption id=\"caption-attachment-31246\" class=\"wp-caption-text\">Photo via Terraza The Principal<\/figcaption><\/figure>\n<p style=\"text-align: justify;\"><span style=\"font-weight: 400;\">Esta es una terraza moderna dentro de un hotel cl\u00e1sico. Cuenta con tumbonas para que puedas tomarte un c\u00f3ctel o un champagne mientras disfrutas de sus vistas a Gran V\u00eda y al Edificio Metr\u00f3polis. Sin duda una experiencia con clase.<\/span><\/p>\n<h3>El Viajero (Plaza de la Cebada, 11)<\/h3>\n<figure id=\"attachment_31247\" aria-describedby=\"caption-attachment-31247\" style=\"width: 700px\" class=\"wp-caption aligncenter\"><img loading=\"lazy\" decoding=\"async\" class=\"size-full wp-image-31247\" src=\"https:\/\/perfectvenue.es\/wp-content\/uploads\/2021\/04\/minube.jpg\" alt=\"\" width=\"700\" height=\"525\" srcset=\"https:\/\/perfectvenue.es\/wp-content\/uploads\/2021\/04\/minube.jpg?v=1626102066 700w, https:\/\/perfectvenue.es\/wp-content\/uploads\/2021\/04\/minube-300x225.jpg?v=1626102066 300w, https:\/\/perfectvenue.es\/wp-content\/uploads\/2021\/04\/minube-450x338.jpg?v=1626102066 450w, https:\/\/perfectvenue.es\/wp-content\/uploads\/2021\/04\/minube-600x450.jpg?v=1626102066 600w\" sizes=\"auto, (max-width: 700px) 100vw, 700px\" \/><figcaption id=\"caption-attachment-31247\" class=\"wp-caption-text\">Photo via El Viajero<\/figcaption><\/figure>\n<p style=\"text-align: justify;\"><span style=\"font-weight: 400;\">Este rooftop es tan famoso que los fines de semana es dif\u00edcil llegar y conseguir mesa, pero esperar sin duda merece la pena. Tomarte uno de sus famosos mojitos mientras observas la Real bas\u00edlica de San Francisco el Grande no tiene precio.<\/span><\/p>\n<h3>Palacio Cibeles (Plaza de la Cibeles, 128014)<\/h3>\n<figure id=\"attachment_31764\" aria-describedby=\"caption-attachment-31764\" style=\"width: 700px\" class=\"wp-caption aligncenter\"><img loading=\"lazy\" decoding=\"async\" class=\"size-full wp-image-31764\" src=\"https:\/\/perfectvenue.es\/wp-content\/uploads\/2021\/05\/terrazas-madrid.jpg\" alt=\"terrazas m\u00e1s famosas de Madrid\" width=\"700\" height=\"344\" srcset=\"https:\/\/perfectvenue.es\/wp-content\/uploads\/2021\/05\/terrazas-madrid.jpg?v=1626101842 700w, https:\/\/perfectvenue.es\/wp-content\/uploads\/2021\/05\/terrazas-madrid-300x147.jpg?v=1626101842 300w, https:\/\/perfectvenue.es\/wp-content\/uploads\/2021\/05\/terrazas-madrid-450x221.jpg?v=1626101842 450w, https:\/\/perfectvenue.es\/wp-content\/uploads\/2021\/05\/terrazas-madrid-600x295.jpg?v=1626101842 600w\" sizes=\"auto, (max-width: 700px) 100vw, 700px\" \/><figcaption id=\"caption-attachment-31764\" class=\"wp-caption-text\">Photo Via: perfectvenue.es<\/figcaption><\/figure>\n<p style=\"text-align: justify;\"><span style=\"font-weight: 400;\">El Palacio de Cibeles, construido en 1909, es uno de los edificios m\u00e1s emblem\u00e1ticos de Madrid. Cuenta con un dise\u00f1o vanguardista. <\/span><span style=\"font-weight: 400;\">En la sexta planta del <\/span><a href=\"https:\/\/perfectvenue.es\/es\/listings\/palacio-de-cibeles\/\"><span style=\"font-weight: 400;\">Palacio de Cibeles<\/span><\/a><span style=\"font-weight: 400;\">, actual sede del Ayuntamiento de Madrid, se encuentra la terraza Cibeles en la que poder disfrutar de unas vistas inmejorables de la Plaza de Cibeles, la calle Alcal\u00e1, el Paseo de Recoletos y el Paseo del Prado, as\u00ed como del skyline madrile\u00f1o.<\/span><\/p>\n<h3>Hotel Urban (Carrera de S. Jer\u00f3nimo, 34, 28014 Madrid)<\/h3>\n<figure id=\"attachment_31753\" aria-describedby=\"caption-attachment-31753\" style=\"width: 700px\" class=\"wp-caption aligncenter\"><img loading=\"lazy\" decoding=\"async\" class=\"size-full wp-image-31753\" src=\"https:\/\/perfectvenue.es\/wp-content\/uploads\/2021\/04\/terrazas-madrid-3.jpg\" alt=\"Terrazas m\u00e1s famosas de Madrid\" width=\"700\" height=\"481\" srcset=\"https:\/\/perfectvenue.es\/wp-content\/uploads\/2021\/04\/terrazas-madrid-3.jpg?v=1626101843 700w, https:\/\/perfectvenue.es\/wp-content\/uploads\/2021\/04\/terrazas-madrid-3-300x206.jpg?v=1626101843 300w, https:\/\/perfectvenue.es\/wp-content\/uploads\/2021\/04\/terrazas-madrid-3-450x309.jpg?v=1626101843 450w, https:\/\/perfectvenue.es\/wp-content\/uploads\/2021\/04\/terrazas-madrid-3-600x412.jpg?v=1626101843 600w\" sizes=\"auto, (max-width: 700px) 100vw, 700px\" \/><figcaption id=\"caption-attachment-31753\" class=\"wp-caption-text\">Photo Via: hotelurban.com<\/figcaption><\/figure>\n<p style=\"text-align: justify;\"><span style=\"font-weight: 400;\">El <a href=\"https:\/\/perfectvenue.es\/es\/listings\/hotel-urban-5gl-madrid\/\">Hotel Urban<\/a> 5*GL es un icono de modernidad, vanguardia, gastronom\u00eda y lujo. Encanto y glamour se combinan, dando vida a un entorno exclusivo en el centro de la capital espa\u00f1ola.<\/span><\/p>\n<p style=\"text-align: justify;\"><span style=\"font-weight: 400;\">El hotel est\u00e1 situado en el centro financiero, pol\u00edtico, cultural y comercial de la ciudad. Su propuesta gastron\u00f3mica y la perfecta combinaci\u00f3n entre arquitectura y dise\u00f1o lo convierten en un hotel \u00fanico en pleno coraz\u00f3n de Madrid.<\/span><\/p>\n<h3 style=\"text-align: justify;\">Palacio de los Duques (Cuesta de Sto. Domingo, 5, 28013 Madrid)<\/h3>\n<figure id=\"attachment_31754\" aria-describedby=\"caption-attachment-31754\" style=\"width: 700px\" class=\"wp-caption aligncenter\"><img loading=\"lazy\" decoding=\"async\" class=\"size-full wp-image-31754\" src=\"https:\/\/perfectvenue.es\/wp-content\/uploads\/2021\/04\/terrazas-madrid-2.jpg\" alt=\"Terrazas m\u00e1s famosas de Madrid\" width=\"700\" height=\"466\" srcset=\"https:\/\/perfectvenue.es\/wp-content\/uploads\/2021\/04\/terrazas-madrid-2.jpg?v=1626101843 700w, https:\/\/perfectvenue.es\/wp-content\/uploads\/2021\/04\/terrazas-madrid-2-300x200.jpg?v=1626101843 300w, https:\/\/perfectvenue.es\/wp-content\/uploads\/2021\/04\/terrazas-madrid-2-450x300.jpg?v=1626101843 450w, https:\/\/perfectvenue.es\/wp-content\/uploads\/2021\/04\/terrazas-madrid-2-600x399.jpg?v=1626101843 600w\" sizes=\"auto, (max-width: 700px) 100vw, 700px\" \/><figcaption id=\"caption-attachment-31754\" class=\"wp-caption-text\">Photo Via: perfectvenue.es<\/figcaption><\/figure>\n<p style=\"text-align: justify;\"><span style=\"font-weight: 400;\">El <\/span><a href=\"https:\/\/perfectvenue.es\/es\/listings\/gran-melia-palacio-de-los-duques\/\">Gran Meli\u00e1 Palacio de los Duques<\/a><span style=\"font-weight: 400;\"> es un precioso hotel, antiguo palacio de los Duques de Granada de Ega construido en el siglo XIX, del que se ha mantenido su estructura original y estilo cl\u00e1sico y se\u00f1orial<\/span><span style=\"font-weight: 400;\">.\u00a0<\/span><\/p>\n<p style=\"text-align: justify;\"><span style=\"font-weight: 400;\">Este hotel en Madrid de cinco estrellas dispone de un gran abanico de propuestas gastron\u00f3micas con tres restaurantes en su interior: Restaurante Dos Cielos, Montmartre y Coroa Royal Gallery &amp; Garden.<\/span><\/p>\n<h3>W XYZ Bar (Jacometrezo, 4)<\/h3>\n<figure id=\"attachment_31221\" aria-describedby=\"caption-attachment-31221\" style=\"width: 700px\" class=\"wp-caption aligncenter\"><img loading=\"lazy\" decoding=\"async\" class=\"size-full wp-image-31221\" src=\"https:\/\/perfectvenue.es\/wp-content\/uploads\/2021\/04\/wxyz_hotel.jpg\" alt=\"\" width=\"700\" height=\"497\" srcset=\"https:\/\/perfectvenue.es\/wp-content\/uploads\/2021\/04\/wxyz_hotel.jpg?v=1626102083 700w, https:\/\/perfectvenue.es\/wp-content\/uploads\/2021\/04\/wxyz_hotel-300x213.jpg?v=1626102083 300w, https:\/\/perfectvenue.es\/wp-content\/uploads\/2021\/04\/wxyz_hotel-450x320.jpg?v=1626102083 450w, https:\/\/perfectvenue.es\/wp-content\/uploads\/2021\/04\/wxyz_hotel-600x426.jpg?v=1626102083 600w\" sizes=\"auto, (max-width: 700px) 100vw, 700px\" \/><figcaption id=\"caption-attachment-31221\" class=\"wp-caption-text\">Photo via wxyzmadrid.com<\/figcaption><\/figure>\n<p style=\"text-align: justify;\"><span style=\"font-weight: 400;\">En mitad de la Gran V\u00eda se encuentra este rooftop que pertenece al hotel Aloft Madrid. Una tranquila terraza a la altura de Callao con unas vistas incre\u00edbles del Palacio Real y del Madrid de los Austrias.<\/span><\/p>\n<p style=\"text-align: justify;\"><span style=\"font-weight: 400;\">Esta terraza es ideal para relajarse y desconectar tomando uno de sus famosos c\u00f3cteles o picando algo de su carta gastron\u00f3mica. Est\u00e1 abierta por la tarde de viernes a domingo y d\u00edas festivos.<\/span><\/p>\n<h3>Dani (Sevilla, 3)<\/h3>\n<figure id=\"attachment_31226\" aria-describedby=\"caption-attachment-31226\" style=\"width: 700px\" class=\"wp-caption aligncenter\"><img loading=\"lazy\" decoding=\"async\" class=\"size-full wp-image-31226\" src=\"https:\/\/perfectvenue.es\/wp-content\/uploads\/2021\/04\/four_seasons_madrid.jpg\" alt=\"\" width=\"700\" height=\"393\" srcset=\"https:\/\/perfectvenue.es\/wp-content\/uploads\/2021\/04\/four_seasons_madrid.jpg?v=1626102079 700w, https:\/\/perfectvenue.es\/wp-content\/uploads\/2021\/04\/four_seasons_madrid-300x168.jpg?v=1626102079 300w, https:\/\/perfectvenue.es\/wp-content\/uploads\/2021\/04\/four_seasons_madrid-450x253.jpg?v=1626102079 450w, https:\/\/perfectvenue.es\/wp-content\/uploads\/2021\/04\/four_seasons_madrid-600x337.jpg?v=1626102079 600w\" sizes=\"auto, (max-width: 700px) 100vw, 700px\" \/><figcaption id=\"caption-attachment-31226\" class=\"wp-caption-text\">Photo via Four Seasons Hotel Madrid y Dani Brasserie<\/figcaption><\/figure>\n<p style=\"text-align: justify;\"><span style=\"font-weight: 400;\">Posiblemente una de las mejores terrazas de Madrid. Pertenece al reci\u00e9n inaugurado hotel de lujo Four Seasons, muy cerca de la Puerta del Sol, es decir, en pleno centro de Madrid. Abre desde el mediod\u00eda hasta medianoche y se accede independientemente a ella desde la calle Sevilla.<\/span><\/p>\n<p style=\"text-align: justify;\"><span style=\"font-weight: 400;\">Esta terraza no es s\u00f3lo famosa por sus vistas o su localizaci\u00f3n, sino porque cuenta con uno de los chefs de estrella Michelin m\u00e1s importantes de nuestro pa\u00eds, Dani Garc\u00eda. Aqu\u00ed nos ofrece una gran variedad gastron\u00f3mica con gui\u00f1os a su tierra y propuestas casuales para todos los p\u00fablicos.<\/span><\/p>\n<p style=\"text-align: justify;\"><span style=\"font-weight: 400;\">Estos lujosos platos los podemos acompa\u00f1ar de unos c\u00f3cteles de igual calibre. De ello se encarga el experto Luca Anastasio, un mix\u00f3logo de gran renombre.<\/span><\/p>\n<h3>Picos Pardos Sky Lounge (Vel\u00e1zquez, 62)<span style=\"font-weight: 400;\">\u00a0<\/span><\/h3>\n<figure id=\"attachment_31229\" aria-describedby=\"caption-attachment-31229\" style=\"width: 700px\" class=\"wp-caption aligncenter\"><img loading=\"lazy\" decoding=\"async\" class=\"size-full wp-image-31229\" src=\"https:\/\/perfectvenue.es\/wp-content\/uploads\/2021\/04\/madrid_diferente.jpg\" alt=\"\" width=\"700\" height=\"423\" srcset=\"https:\/\/perfectvenue.es\/wp-content\/uploads\/2021\/04\/madrid_diferente.jpg?v=1626102077 700w, https:\/\/perfectvenue.es\/wp-content\/uploads\/2021\/04\/madrid_diferente-300x181.jpg?v=1626102077 300w, https:\/\/perfectvenue.es\/wp-content\/uploads\/2021\/04\/madrid_diferente-450x272.jpg?v=1626102077 450w, https:\/\/perfectvenue.es\/wp-content\/uploads\/2021\/04\/madrid_diferente-600x363.jpg?v=1626102077 600w\" sizes=\"auto, (max-width: 700px) 100vw, 700px\" \/><figcaption id=\"caption-attachment-31229\" class=\"wp-caption-text\">Photo via Picos Pardos Sky Lounge<\/figcaption><\/figure>\n<p style=\"text-align: justify;\"><span style=\"font-weight: 400;\">En el Barrio de Salamanca se encuentra esta tranquila y lujosa terraza. Podr\u00e1s disfrutar de una gran carta gastron\u00f3mica creada por Mart\u00edn Berasategui y una gran variedad de c\u00f3cteles mientras te relajas en una cama o en la piscina rodeados de vegetaci\u00f3n ex\u00f3tica.<\/span><\/p>\n<h3>Ginkgo Restaurante &amp; Sky Bar (Plaza de Espa\u00f1a, 3)<\/h3>\n<figure id=\"attachment_31231\" aria-describedby=\"caption-attachment-31231\" style=\"width: 700px\" class=\"wp-caption aligncenter\"><img loading=\"lazy\" decoding=\"async\" class=\"size-full wp-image-31231\" src=\"https:\/\/perfectvenue.es\/wp-content\/uploads\/2021\/04\/viajar_elperiodico.jpg\" alt=\"\" width=\"700\" height=\"466\" srcset=\"https:\/\/perfectvenue.es\/wp-content\/uploads\/2021\/04\/viajar_elperiodico.jpg?v=1626102076 700w, https:\/\/perfectvenue.es\/wp-content\/uploads\/2021\/04\/viajar_elperiodico-300x200.jpg?v=1626102076 300w, https:\/\/perfectvenue.es\/wp-content\/uploads\/2021\/04\/viajar_elperiodico-450x300.jpg?v=1626102076 450w, https:\/\/perfectvenue.es\/wp-content\/uploads\/2021\/04\/viajar_elperiodico-600x399.jpg?v=1626102076 600w\" sizes=\"auto, (max-width: 700px) 100vw, 700px\" \/><figcaption id=\"caption-attachment-31231\" class=\"wp-caption-text\">Photo via Ginkgo Restaurante &amp; Sky Bar<\/figcaption><\/figure>\n<p style=\"text-align: justify;\"><span style=\"font-weight: 400;\">Quiz\u00e1 la mejor terraza para ver como se pone el sol por detr\u00e1s del Palacio Real. Hablamos de Ginkgo, que pertenece al hotel VP Plaza Espa\u00f1a Design, un rooftop repartido en varios espacios y cubierta por cristaleras para poder subir en cualquier \u00e9poca del a\u00f1o. Su inspiraci\u00f3n es japonesa y vintage. Sus vistas de 360\u00ba y su piscina exterior con cascada incluida har\u00e1 que quieras pasar ah\u00ed el d\u00eda entero.<\/span><\/p>\n<p style=\"text-align: justify;\"><span style=\"font-weight: 400;\">Abre todos los d\u00edas desde el mediod\u00eda hasta la noche, se puede comer o cenar, ya que cuenta con una carta que mezcla la comida mediterr\u00e1nea con la asi\u00e1tica, pero es recomendable reservar antes de ir.<\/span><\/p>\n<h3>Picalagartos Sky Bar (Gran V\u00eda, 21)<\/h3>\n<figure id=\"attachment_31232\" aria-describedby=\"caption-attachment-31232\" style=\"width: 700px\" class=\"wp-caption aligncenter\"><img loading=\"lazy\" decoding=\"async\" class=\"size-full wp-image-31232\" src=\"https:\/\/perfectvenue.es\/wp-content\/uploads\/2021\/04\/madridplanes.jpg\" alt=\"\" width=\"700\" height=\"466\" srcset=\"https:\/\/perfectvenue.es\/wp-content\/uploads\/2021\/04\/madridplanes.jpg?v=1626102075 700w, https:\/\/perfectvenue.es\/wp-content\/uploads\/2021\/04\/madridplanes-300x200.jpg?v=1626102075 300w, https:\/\/perfectvenue.es\/wp-content\/uploads\/2021\/04\/madridplanes-450x300.jpg?v=1626102075 450w, https:\/\/perfectvenue.es\/wp-content\/uploads\/2021\/04\/madridplanes-600x399.jpg?v=1626102075 600w\" sizes=\"auto, (max-width: 700px) 100vw, 700px\" \/><figcaption id=\"caption-attachment-31232\" class=\"wp-caption-text\">Photo via Picalagartos Sky Bar<\/figcaption><\/figure>\n<p style=\"text-align: justify;\"><span style=\"font-weight: 400;\">Esta terraza situada en plena Gran V\u00eda, es una de las terrazas con mejores vistas a esta emblem\u00e1tica calle, adem\u00e1s tiene un estilo moderno clasicista que te transportar\u00e1 a los a\u00f1os 50.<\/span><\/p>\n<p style=\"text-align: justify;\"><span style=\"font-weight: 400;\">Este lugar ofrece, entre la octava y la novena planta del hotel, diferentes alternativas, desde un brunch a media ma\u00f1ana, una comida creativa a manos del chef Manuel Berganza, y hasta cenar despu\u00e9s de contemplar la puesta de sol.<\/span><\/p>\n<h3>Azotea del C\u00edrculo de Bellas Artes (Marqu\u00e9s de Casa Riera, 2)<\/h3>\n<figure id=\"attachment_31235\" aria-describedby=\"caption-attachment-31235\" style=\"width: 700px\" class=\"wp-caption aligncenter\"><img loading=\"lazy\" decoding=\"async\" class=\"size-full wp-image-31235\" src=\"https:\/\/perfectvenue.es\/wp-content\/uploads\/2021\/04\/circulodebellasartes.jpg\" alt=\"\" width=\"700\" height=\"468\" srcset=\"https:\/\/perfectvenue.es\/wp-content\/uploads\/2021\/04\/circulodebellasartes.jpg?v=1626102074 700w, https:\/\/perfectvenue.es\/wp-content\/uploads\/2021\/04\/circulodebellasartes-300x201.jpg?v=1626102074 300w, https:\/\/perfectvenue.es\/wp-content\/uploads\/2021\/04\/circulodebellasartes-450x301.jpg?v=1626102074 450w, https:\/\/perfectvenue.es\/wp-content\/uploads\/2021\/04\/circulodebellasartes-600x401.jpg?v=1626102074 600w\" sizes=\"auto, (max-width: 700px) 100vw, 700px\" \/><figcaption id=\"caption-attachment-31235\" class=\"wp-caption-text\">Photo via Azotea del C\u00edrculo de Bellas Artes<\/figcaption><\/figure>\n<p style=\"text-align: justify;\"><span style=\"font-weight: 400;\">Puede que pienses que este lugar es un poco t\u00edpico, pero las vistas de 360\u00ba a 56 metros de altura son impresionantes y adem\u00e1s cuenta con un punto a favor en estos tiempos: es una de las terrazas m\u00e1s amplias de Madrid.\u00a0<\/span><\/p>\n<p style=\"text-align: justify;\"><span style=\"font-weight: 400;\">Abre desde el brunch hasta la cena, y cuenta con una carta dise\u00f1ada por el chef espa\u00f1ol m\u00e1s joven en conseguir una estrella Michelin, Manuel Berganza, chef ejecutivo de Azotea Grupo, y tambi\u00e9n dise\u00f1ador de la carta de la azotea de Picalagartos.<\/span><\/p>\n<h3>The Hat Madrid (Imperial, 9)<\/h3>\n<figure id=\"attachment_31239\" aria-describedby=\"caption-attachment-31239\" style=\"width: 700px\" class=\"wp-caption aligncenter\"><img loading=\"lazy\" decoding=\"async\" class=\"size-full wp-image-31239\" src=\"https:\/\/perfectvenue.es\/wp-content\/uploads\/2021\/04\/timeout.png\" alt=\"\" width=\"700\" height=\"524\" srcset=\"https:\/\/perfectvenue.es\/wp-content\/uploads\/2021\/04\/timeout.png?v=1626102073 700w, https:\/\/perfectvenue.es\/wp-content\/uploads\/2021\/04\/timeout-300x225.png?v=1626102073 300w, https:\/\/perfectvenue.es\/wp-content\/uploads\/2021\/04\/timeout-450x337.png?v=1626102073 450w, https:\/\/perfectvenue.es\/wp-content\/uploads\/2021\/04\/timeout-600x449.png?v=1626102073 600w\" sizes=\"auto, (max-width: 700px) 100vw, 700px\" \/><figcaption id=\"caption-attachment-31239\" class=\"wp-caption-text\">Photo via The Hat Madrid<\/figcaption><\/figure>\n<p style=\"text-align: justify;\"><span style=\"font-weight: 400;\">Muy cerca de la Plaza Mayor y sobre un palacete del siglo XIX, se encuentra esta terraza m\u00e1s informal. Desde aqu\u00ed las vistas ser\u00e1n diferentes a los otros rooftops, pero sin duda tienen el mismo encanto. Abre todo el d\u00eda pero nuestra recomendaci\u00f3n es ir al atardecer para poder ver los tejados de la Latina y la c\u00fapula de la Colegiata de San Isidro en su momento m\u00e1s bonito.<\/span><\/p>\n<p style=\"text-align: justify;\"><span style=\"font-weight: 400;\">En este rooftop podr\u00e1s disfrutar desde entrantes originales hasta los postres m\u00e1s dulces, todo ello acompa\u00f1ado de un buen c\u00f3ctel, por supuesto.<\/span><\/p>\n<h3>Terraza NH Collection Casa Suecia (Marqu\u00e9s de Casa Riera, 4)<\/h3>\n<figure id=\"attachment_31241\" aria-describedby=\"caption-attachment-31241\" style=\"width: 700px\" class=\"wp-caption aligncenter\"><img loading=\"lazy\" decoding=\"async\" class=\"size-full wp-image-31241\" src=\"https:\/\/perfectvenue.es\/wp-content\/uploads\/2021\/04\/privateaser.jpg\" alt=\"\" width=\"700\" height=\"350\" srcset=\"https:\/\/perfectvenue.es\/wp-content\/uploads\/2021\/04\/privateaser.jpg?v=1626102071 700w, https:\/\/perfectvenue.es\/wp-content\/uploads\/2021\/04\/privateaser-300x150.jpg?v=1626102071 300w, https:\/\/perfectvenue.es\/wp-content\/uploads\/2021\/04\/privateaser-450x225.jpg?v=1626102071 450w, https:\/\/perfectvenue.es\/wp-content\/uploads\/2021\/04\/privateaser-600x300.jpg?v=1626102071 600w\" sizes=\"auto, (max-width: 700px) 100vw, 700px\" \/><figcaption id=\"caption-attachment-31241\" class=\"wp-caption-text\">Photo via Terraza NH Collection Casa Suecia<\/figcaption><\/figure>\n<p style=\"text-align: justify;\"><span style=\"font-weight: 400;\">Esta terraza puede que tenga similitud con la del C\u00edrculo de Bellas Artes, pero esta es mucho menos concurrida. Cuenta con unas vistas al Retiro y a Cibeles de 360\u00ba y dos niveles. Es perfecta si lo que buscas es tomarte un buen c\u00f3ctel, ya que son su especialidad. Pero no solo eso, tambi\u00e9n puedes tomar brunch y cuando hace buen tiempo cuentan con DJ\u00b4s para darle ritmo a la noche.<\/span><\/p>\n<h3>\u00c1tico 11 (Gran V\u00eda, 11)<\/h3>\n<figure id=\"attachment_31242\" aria-describedby=\"caption-attachment-31242\" style=\"width: 700px\" class=\"wp-caption aligncenter\"><img loading=\"lazy\" decoding=\"async\" class=\"size-full wp-image-31242\" src=\"https:\/\/perfectvenue.es\/wp-content\/uploads\/2021\/04\/fleetpeople.jpg\" alt=\"\" width=\"700\" height=\"413\" srcset=\"https:\/\/perfectvenue.es\/wp-content\/uploads\/2021\/04\/fleetpeople.jpg?v=1626102070 700w, https:\/\/perfectvenue.es\/wp-content\/uploads\/2021\/04\/fleetpeople-300x177.jpg?v=1626102070 300w, https:\/\/perfectvenue.es\/wp-content\/uploads\/2021\/04\/fleetpeople-450x266.jpg?v=1626102070 450w, https:\/\/perfectvenue.es\/wp-content\/uploads\/2021\/04\/fleetpeople-600x354.jpg?v=1626102070 600w\" sizes=\"auto, (max-width: 700px) 100vw, 700px\" \/><figcaption id=\"caption-attachment-31242\" class=\"wp-caption-text\">Photo via \u00c1tico 11<\/figcaption><\/figure>\n<p style=\"text-align: justify;\"><span style=\"font-weight: 400;\">Situada en el barrio de las letras, esta terraza destaca por su decoraci\u00f3n con plantas por todo su espacio, que hacen que desconectes de la rutina. Es el lugar perfecto para disfrutar de un c\u00f3ctel o una copa al atardecer.<\/span><\/p>\n<h3>Do\u00f1aluz (Montera, 10)<\/h3>\n<figure id=\"attachment_31243\" aria-describedby=\"caption-attachment-31243\" style=\"width: 700px\" class=\"wp-caption aligncenter\"><img loading=\"lazy\" decoding=\"async\" class=\"size-full wp-image-31243\" src=\"https:\/\/perfectvenue.es\/wp-content\/uploads\/2021\/04\/eltenedor.jpg\" alt=\"\" width=\"700\" height=\"393\" srcset=\"https:\/\/perfectvenue.es\/wp-content\/uploads\/2021\/04\/eltenedor.jpg?v=1626102069 700w, https:\/\/perfectvenue.es\/wp-content\/uploads\/2021\/04\/eltenedor-300x168.jpg?v=1626102069 300w, https:\/\/perfectvenue.es\/wp-content\/uploads\/2021\/04\/eltenedor-450x253.jpg?v=1626102069 450w, https:\/\/perfectvenue.es\/wp-content\/uploads\/2021\/04\/eltenedor-600x337.jpg?v=1626102069 600w\" sizes=\"auto, (max-width: 700px) 100vw, 700px\" \/><figcaption id=\"caption-attachment-31243\" class=\"wp-caption-text\">Photo via Do\u00f1aluz<\/figcaption><\/figure>\n<p style=\"text-align: justify;\"><span style=\"font-weight: 400;\">Una de las terrazas m\u00e1s demandadas, ya que combina buena comida, una fant\u00e1stica selecci\u00f3n de vinos y c\u00f3cteles con unas vistas maravillosas de la Puerta del Sol.\u00a0 Se encuentra en el B&amp;B Hotel Madrid Centro Puerta del Sol.<\/span><\/p>\n<h3>Aduana (Hermosilla, 2)<\/h3>\n<figure id=\"attachment_31244\" aria-describedby=\"caption-attachment-31244\" style=\"width: 700px\" class=\"wp-caption aligncenter\"><img loading=\"lazy\" decoding=\"async\" class=\"size-full wp-image-31244\" src=\"https:\/\/perfectvenue.es\/wp-content\/uploads\/2021\/04\/privateaser1.jpg\" alt=\"\" width=\"700\" height=\"363\" srcset=\"https:\/\/perfectvenue.es\/wp-content\/uploads\/2021\/04\/privateaser1.jpg?v=1626102068 700w, https:\/\/perfectvenue.es\/wp-content\/uploads\/2021\/04\/privateaser1-300x156.jpg?v=1626102068 300w, https:\/\/perfectvenue.es\/wp-content\/uploads\/2021\/04\/privateaser1-450x233.jpg?v=1626102068 450w, https:\/\/perfectvenue.es\/wp-content\/uploads\/2021\/04\/privateaser1-600x311.jpg?v=1626102068 600w\" sizes=\"auto, (max-width: 700px) 100vw, 700px\" \/><figcaption id=\"caption-attachment-31244\" class=\"wp-caption-text\">Photo via Aduana<\/figcaption><\/figure>\n<p style=\"text-align: justify;\"><span style=\"font-weight: 400;\">Este tiene una localizaci\u00f3n especial, se encuentra en la Plaza de Col\u00f3n, en la s\u00e9ptima planta del Hotel F\u00e9nix Gran Meli\u00e1. Su especialidad es la cocina mediterr\u00e1nea pero con un toque diferente.<\/span><\/p>\n<h3>La Terraza del Florida Retiro (Paseo Rep\u00fablica de Panam\u00e1, 1)<\/h3>\n<figure id=\"attachment_31245\" aria-describedby=\"caption-attachment-31245\" style=\"width: 700px\" class=\"wp-caption aligncenter\"><img loading=\"lazy\" decoding=\"async\" class=\"size-full wp-image-31245\" src=\"https:\/\/perfectvenue.es\/wp-content\/uploads\/2021\/04\/magazinespain.jpg\" alt=\"\" width=\"700\" height=\"284\" srcset=\"https:\/\/perfectvenue.es\/wp-content\/uploads\/2021\/04\/magazinespain.jpg?v=1626102068 700w, https:\/\/perfectvenue.es\/wp-content\/uploads\/2021\/04\/magazinespain-300x122.jpg?v=1626102068 300w, https:\/\/perfectvenue.es\/wp-content\/uploads\/2021\/04\/magazinespain-450x183.jpg?v=1626102068 450w, https:\/\/perfectvenue.es\/wp-content\/uploads\/2021\/04\/magazinespain-600x243.jpg?v=1626102068 600w\" sizes=\"auto, (max-width: 700px) 100vw, 700px\" \/><figcaption id=\"caption-attachment-31245\" class=\"wp-caption-text\">Photo via La Terraza del Florida Retiro<\/figcaption><\/figure>\n<p style=\"text-align: justify;\"><span style=\"font-weight: 400;\">Esta terraza no te sorprender\u00e1 por sus vistas de la ciudad ni por su altura, pero sin duda tiene una localizaci\u00f3n muy especial. Se encuentra en mitad de El Retiro, por lo que est\u00e1 rodeada de \u00e1rboles y naturaleza. Tambi\u00e9n destaca por sus buen\u00edsimas copas y c\u00f3cteles.<\/span><\/p>\n<p><\/p>\n<span class=\"tags-links\"><a href=\"https:\/\/perfectvenue.es\/es\/tag\/best-rooftops\/\" rel=\"tag\">best rooftops<\/a><a href=\"https:\/\/perfectvenue.es\/es\/tag\/best-rooftops-madrid\/\" rel=\"tag\">best rooftops Madrid<\/a><a href=\"https:\/\/perfectvenue.es\/es\/tag\/madrid-turismo\/\" rel=\"tag\">Madrid Turismo<\/a><a href=\"https:\/\/perfectvenue.es\/es\/tag\/mejores-terrazas\/\" rel=\"tag\">Mejores terrazas<\/a><a href=\"https:\/\/perfectvenue.es\/es\/tag\/mejores-terrazas-madrid\/\" rel=\"tag\">Mejores terrazas Madrid<\/a><a href=\"https:\/\/perfectvenue.es\/es\/tag\/perfect-plan\/\" rel=\"tag\">perfect plan<\/a><a href=\"https:\/\/perfectvenue.es\/es\/tag\/plan-perfecto\/\" rel=\"tag\">Plan perfecto<\/a><a href=\"https:\/\/perfectvenue.es\/es\/tag\/%d0%bc%d0%b0%d0%b4%d1%80%d0%b8%d0%b4\/\" rel=\"tag\">\u041c\u0430\u0434\u0440\u0438\u0434<\/a><\/span>","protected":false},"excerpt":{"rendered":"<p>Las terrazas m\u00e1s famosas de Madrid, donde se localizan y lo que ofrecen.<\/p>\n","protected":false},"author":26511,"featured_media":31246,"comment_status":"open","ping_status":"open","sticky":false,"template":"","format":"standard","meta":{"footnotes":""},"categories":[3528],"tags":[4470,4471,4300,4466,4467,4202,4468,3951],"class_list":["post-31219","post","type-post","status-publish","format-standard","has-post-thumbnail","hentry","category-best-places-in-spain","tag-best-rooftops","tag-best-rooftops-madrid","tag-madrid-turismo","tag-mejores-terrazas","tag-mejores-terrazas-madrid","tag-perfect-plan","tag-plan-perfecto","tag-3951","post_region-3952"],"_links":{"self":[{"href":"https:\/\/perfectvenue.es\/es\/wp-json\/wp\/v2\/posts\/31219","targetHints":{"allow":["GET"]}}],"collection":[{"href":"https:\/\/perfectvenue.es\/es\/wp-json\/wp\/v2\/posts"}],"about":[{"href":"https:\/\/perfectvenue.es\/es\/wp-json\/wp\/v2\/types\/post"}],"author":[{"embeddable":true,"href":"https:\/\/perfectvenue.es\/es\/wp-json\/wp\/v2\/users\/26511"}],"replies":[{"embeddable":true,"href":"https:\/\/perfectvenue.es\/es\/wp-json\/wp\/v2\/comments?post=31219"}],"version-history":[{"count":15,"href":"https:\/\/perfectvenue.es\/es\/wp-json\/wp\/v2\/posts\/31219\/revisions"}],"predecessor-version":[{"id":33341,"href":"https:\/\/perfectvenue.es\/es\/wp-json\/wp\/v2\/posts\/31219\/revisions\/33341"}],"wp:featuredmedia":[{"embeddable":true,"href":"https:\/\/perfectvenue.es\/es\/wp-json\/wp\/v2\/media\/31246"}],"wp:attachment":[{"href":"https:\/\/perfectvenue.es\/es\/wp-json\/wp\/v2\/media?parent=31219"}],"wp:term":[{"taxonomy":"category","embeddable":true,"href":"https:\/\/perfectvenue.es\/es\/wp-json\/wp\/v2\/categories?post=31219"},{"taxonomy":"post_tag","embeddable":true,"href":"https:\/\/perfectvenue.es\/es\/wp-json\/wp\/v2\/tags?post=31219"}],"curies":[{"name":"wp","href":"https:\/\/api.w.org\/{rel}","templated":true}]}}