{"id":30253,"date":"2021-02-24T14:09:20","date_gmt":"2021-02-24T11:09:20","guid":{"rendered":"https:\/\/perfectvenue.es\/?p=30253"},"modified":"2021-03-04T16:01:06","modified_gmt":"2021-03-04T13:01:06","slug":"florists-and-wedding-flowers-in-times-of-covid-19","status":"publish","type":"post","link":"https:\/\/perfectvenue.es\/es\/2021\/02\/24\/florists-and-wedding-flowers-in-times-of-covid-19\/","title":{"rendered":"Florister\u00edas y flores nupciales en tiempos de Covid-19"},"content":{"rendered":"<p><\/p>\n<p style=\"text-align: justify;\"><span style=\"font-weight: 400;\">Si ya est\u00e1s empezando con los preparativos de tu boda, <\/span><b>innegablemente una de las primeras cosas en la que habr\u00e1s pensado es en las flores que adornaran tu espacio, en tu ramo, etc.<\/b><\/p>\n<p style=\"text-align: justify;\"><span style=\"font-weight: 400;\">Pero tambi\u00e9n estamos seguros de que, aparte de buscar inspiraci\u00f3n por todas partes para conseguir el ambiente floral con el que siempre has so\u00f1ado, tambi\u00e9n tienes un mont\u00f3n de dudas sobre <\/span><b>los efectos que ha provocado el Covid en las bodas y en el sector de las flores.<\/b><\/p>\n<p style=\"text-align: justify;\"><span style=\"font-weight: 400;\">Pero, como en Perfect Venue siempre os queremos ayudar con todo lo necesario para que vuestra boda sea como siempre la so\u00f1asteis y dej\u00e9is de un lado el miedo y la incertidumbre que provoca la situaci\u00f3n del Covid\u2026 \u00a1<\/span><b>Hemos contactado con tres grandes profesionales del sector y les hemos preguntado las dudas que m\u00e1s interesan a las novias y a los novios actualmente<\/b><span style=\"font-weight: 400;\">!<\/span><\/p>\n<p style=\"text-align: justify;\"><span style=\"font-weight: 400;\">Los profesionales, a los que admiramos por su trabajo y capacidad para crear ramos de flores, centros de mesa, etc. que <\/span><b>nos cuentan todo sobre flores para bodas <\/b><span style=\"font-weight: 400;\">son: A flor de\u2026, Flores para Venus, <\/span><span style=\"font-weight: 400;\">Ohanami Flor y De Blanco y Menta.<\/span><\/p>\n<p style=\"text-align: justify;\"><span style=\"font-weight: 400;\">\u00a1No os lo pod\u00e9is perder! Porque te quedar\u00e1s mucho m\u00e1s tranquila y confiaras en que <\/span><b>dar con la decoraci\u00f3n floral de tu boda en tiempos de Covid no tiene por qu\u00e9 preocuparte.<\/b><\/p>\n<figure id=\"attachment_24532\" aria-describedby=\"caption-attachment-24532\" style=\"width: 700px\" class=\"wp-caption aligncenter\"><img loading=\"lazy\" decoding=\"async\" class=\"wp-image-24532\" src=\"https:\/\/perfectvenue.es\/wp-content\/uploads\/2019\/08\/palacio-tondon.jpg\" alt=\"Palacio Tondon - Perfect Venue\" width=\"700\" height=\"466\" srcset=\"https:\/\/perfectvenue.es\/wp-content\/uploads\/2019\/08\/palacio-tondon.jpg?v=1626105249 850w, https:\/\/perfectvenue.es\/wp-content\/uploads\/2019\/08\/palacio-tondon-300x200.jpg?v=1626105249 300w, https:\/\/perfectvenue.es\/wp-content\/uploads\/2019\/08\/palacio-tondon-768x511.jpg?v=1626105249 768w, https:\/\/perfectvenue.es\/wp-content\/uploads\/2019\/08\/palacio-tondon-450x300.jpg?v=1626105249 450w, https:\/\/perfectvenue.es\/wp-content\/uploads\/2019\/08\/palacio-tondon-600x400.jpg?v=1626105249 600w\" sizes=\"auto, (max-width: 700px) 100vw, 700px\" \/><figcaption id=\"caption-attachment-24532\" class=\"wp-caption-text\">Photo via Flores para Venus<\/figcaption><\/figure>\n<ol>\n<li>\n<h3 style=\"text-align: justify;\"><b> En medio de esta pandemia, \u00bfc\u00f3mo se encuentra actualmente la empresa?<\/b><\/h3>\n<\/li>\n<\/ol>\n<p style=\"text-align: justify;\"><b>A flor de&#8230;<\/b><span style=\"font-weight: 400;\">: <\/span><i><span style=\"font-weight: 400;\">Actualmente la empresa se encuentra totalmente parada ya que somos taller\/florister\u00eda especializado en eventos MICE, seminarios, bodas, comuniones, etc. y no florister\u00eda al uso con tienda f\u00edsica.<\/span><\/i><\/p>\n<p style=\"text-align: justify;\"><b>Flores para Venus<\/b><span style=\"font-weight: 400;\">: <\/span><i><span style=\"font-weight: 400;\">Nuestra empresa est\u00e1 sufriendo una constante renovaci\u00f3n adapt\u00e1ndonos a la situaci\u00f3n actual, en un principio flores para Venus nace como un taller floral. Ahora mismo tenemos un punto de flor diaria, com\u00fanmente conocido como florister\u00eda.<\/span><\/i><\/p>\n<p style=\"text-align: justify;\"><b>Flores de la vida: <\/b><i><span style=\"font-weight: 400;\">Yo estoy con ganas y con ilusi\u00f3n de que 2021 traiga la normalidad al sector, despu\u00e9s de todo un a\u00f1o sin poder hacer decoraciones de eventos y bodas, estamos con muchas ganas de poder retomar todos los encargos y proyectos que est\u00e1n en pausa.\u00a0<\/span><\/i><\/p>\n<p><b>De Blanco y Menta: <\/b><i><span style=\"font-weight: 400;\">Creo que como a todos nuestros compa\u00f1eros del sector, nos ha tocado un a\u00f1o duro, ya que no hemos podido celebrar todas las bodas que ten\u00edamos contratadas ni cerrar nuevas bodas. Pero a la vez, ha sido un a\u00f1o que nos ha permitido reinventarnos en muchos sentidos: nos hemos digitalizado mucho m\u00e1s, hemos abierto nuevas v\u00edas de emprendimiento y estamos ofreciendo a nuestros novios un mayor servicio y asesor\u00eda para que puedan tener la boda que sue\u00f1an.<\/span><\/i><\/p>\n<figure id=\"attachment_30279\" aria-describedby=\"caption-attachment-30279\" style=\"width: 700px\" class=\"wp-caption aligncenter\"><img loading=\"lazy\" decoding=\"async\" class=\"wp-image-30279 size-full\" src=\"https:\/\/perfectvenue.es\/wp-content\/uploads\/2021\/02\/a-flor-de-6.jpg\" alt=\"\" width=\"700\" height=\"1050\" srcset=\"https:\/\/perfectvenue.es\/wp-content\/uploads\/2021\/02\/a-flor-de-6.jpg?v=1626102636 700w, https:\/\/perfectvenue.es\/wp-content\/uploads\/2021\/02\/a-flor-de-6-200x300.jpg?v=1626102636 200w, https:\/\/perfectvenue.es\/wp-content\/uploads\/2021\/02\/a-flor-de-6-683x1024.jpg?v=1626102636 683w, https:\/\/perfectvenue.es\/wp-content\/uploads\/2021\/02\/a-flor-de-6-450x675.jpg?v=1626102636 450w, https:\/\/perfectvenue.es\/wp-content\/uploads\/2021\/02\/a-flor-de-6-533x800.jpg?v=1626102636 533w, https:\/\/perfectvenue.es\/wp-content\/uploads\/2021\/02\/a-flor-de-6-600x900.jpg?v=1626102636 600w\" sizes=\"auto, (max-width: 700px) 100vw, 700px\" \/><figcaption id=\"caption-attachment-30279\" class=\"wp-caption-text\">Photo v\u00eda A flor de&#8230;<\/figcaption><\/figure>\n<h3><b>2. <\/b><b>\u00bfC\u00f3mo se ha adaptado la florister\u00eda a la nueva normalidad?<\/b><\/h3>\n<p style=\"text-align: justify;\"><b>A flor de&#8230;:<\/b> <i><span style=\"font-weight: 400;\">Desde el principio hemos seguido atendiendo nuestros futuros clientes v\u00eda telem\u00e1tica, (mail, mensajer\u00eda, reuni\u00f3n v\u00eda Skype\u2026). Cuando se pudo recibir a los clientes f\u00edsicamente en reuniones, hemos adaptado nuestra oficina con todas las medidas sanitarias necesarias, con mascarilla obligatoria. Mientras, hemos reforzado nuestra tienda online para seguir ofreciendo a\u00fan m\u00e1s repartos de centros, ramos y regalos a domicilio o con recogida en nuestro taller.<\/span><\/i><\/p>\n<p><b>Flores para Venus<\/b><span style=\"font-weight: 400;\">: <\/span><i><span style=\"font-weight: 400;\">Intentamos conocer muy bien las necesidades de nuestros clientes, depende de la temporada tenemos plantas y flores diferentes.<\/span><\/i><\/p>\n<p><b>Flores de la vida: <\/b><i><span style=\"font-weight: 400;\">El d\u00eda a d\u00eda en el taller es pr\u00e1cticamente igual, a parte de las medidas de higiene, el resto sigue igual. Si que han aumentado los encargos por tel\u00e9fono con env\u00edo a domicilio y a disminuido el p\u00fablico que viene en persona a la tienda. Tambi\u00e9n hay personas que se han dado cuenta de lo importante que es tener plantas y flores en casa despu\u00e9s de los meses que estuvimos encerrados\u2026<\/span><\/i><\/p>\n<p><b>De Blanco y Menta: <\/b><i><span style=\"font-weight: 400;\">En nuestro trabajo adem\u00e1s de trabajar la decoraci\u00f3n floral, realizamos una decoraci\u00f3n integral de toda la boda. Ahora mismo, cu\u00e1ndo unos novios nos contactan, hablamos con ellos y les ofrecemos poder vernos por videollamada y as\u00ed presentarles nuestro dossier, resolver dudas y conocernos m\u00e1s. No siempre es f\u00e1cil quedar en persona con muchos novios, pero ahora para todos es m\u00e1s f\u00e1cil y sencillo, la comunicaci\u00f3n online. Y as\u00ed no perdemos la cercan\u00eda con nuestros clientes y podemos vernos.<\/span><\/i><\/p>\n<h3><b>3. <\/b><b>\u00bfCu\u00e1nto os ha afectado la pandemia a nivel empresarial?<\/b><\/h3>\n<p style=\"text-align: justify;\"><b>A flor de&#8230;:<\/b> <i><span style=\"font-weight: 400;\">Nos ha afectado y mucho&#8230; Toda la plantilla est\u00e1 en ERTE y no sabemos a\u00fan cu\u00e1ndo podremos retomar la actividad. Ahora mismo me he quedado yo solo con gerente para poder atender a nuestros clientes y adem\u00e1s el mantenimiento de nuestras instalaciones. Y todo eso sin recursos, que es lo m\u00e1s duro. Hemos recurrido a un pr\u00e9stamo ICO para no quedarnos sin liquidez, ya que nuestra facturaci\u00f3n ha bajado cerca de un 82% en el ejercicio 2020. Hay que contar que en nuestro caso dependemos directamente de la Hosteler\u00eda, sector muy afectado por esa crisis. Una incertidumbre total econ\u00f3micamente y una ansiedad a veces dif\u00edcil de llevar.<\/span><\/i><\/p>\n<p><b>Flores para Venus<\/b><span style=\"font-weight: 400;\">: <\/span><i><span style=\"font-weight: 400;\">Para nuestra empresa el 90% eran las bodas y eventos, al suspenderse la mayor\u00eda de los eventos. Cambiamos radicalmente la filosof\u00eda creando nuestro taller en una preciosa tienda.<\/span><\/i><\/p>\n<p><b>Flores de la vida: <\/b><i><span style=\"font-weight: 400;\">En nuestro caso hemos podido aguantar gracias a ahorros personales y ayudas, al ser una empresa peque\u00f1a hemos podido reducir gastos al m\u00ednimo todo este a\u00f1o y eso nos ha salvado.\u00a0\u00a0<\/span><\/i><\/p>\n<p><b>De Blanco y Menta: <\/b><i><span style=\"font-weight: 400;\">Ten\u00edamos novios con familiares y amigos que ven\u00edan del extranjero para el gran d\u00eda. En esos casos hemos tenido cancelaciones o aplazamientos sin fecha pr\u00f3xima de retomarlo. Entendemos que hay situaciones de fuerza mayor, que muy a pesar de nuestros novios, les ha cambiado totalmente los planes que ten\u00edan. Otras de nuestras bodas han cambiado de fecha para el 2021 y 2022. Afortunadamente\u00a0 algunas, si se han podido celebrar y ha sido una alegr\u00eda inmensa para nuestros novios y para nosotros por poder ayudarles.<\/span><\/i><\/p>\n<figure id=\"attachment_30557\" aria-describedby=\"caption-attachment-30557\" style=\"width: 700px\" class=\"wp-caption aligncenter\"><img loading=\"lazy\" decoding=\"async\" class=\"wp-image-30557 size-full\" src=\"https:\/\/perfectvenue.es\/wp-content\/uploads\/2021\/02\/Flores-de-la-vida.jpg\" alt=\"\" width=\"700\" height=\"467\" srcset=\"https:\/\/perfectvenue.es\/wp-content\/uploads\/2021\/02\/Flores-de-la-vida.jpg?v=1626102431 700w, https:\/\/perfectvenue.es\/wp-content\/uploads\/2021\/02\/Flores-de-la-vida-300x200.jpg?v=1626102431 300w, https:\/\/perfectvenue.es\/wp-content\/uploads\/2021\/02\/Flores-de-la-vida-450x300.jpg?v=1626102431 450w, https:\/\/perfectvenue.es\/wp-content\/uploads\/2021\/02\/Flores-de-la-vida-600x400.jpg?v=1626102431 600w\" sizes=\"auto, (max-width: 700px) 100vw, 700px\" \/><figcaption id=\"caption-attachment-30557\" class=\"wp-caption-text\">Photo via Flores de la vida<\/figcaption><\/figure>\n<h3><b>4. <\/b><b>\u00bfHab\u00e9is dise\u00f1ado nuevos ramos o mantendr\u00e9is las creaciones de esta temporada?<\/b><\/h3>\n<p><b>A flor de&#8230;:<\/b> <i><span style=\"font-weight: 400;\">Si, hemos dise\u00f1ado nuevos ramos y tendencias en el sector de las bodas, ya que es un sector que se mueve constantemente. Hemos aprovechado para realizar nuevas sesiones fotogr\u00e1ficas, shootings de inspiraci\u00f3n y cursos online para no perder el ritmo tremendo que hab\u00edamos conseguido tener antes de la pandemia.<\/span><\/i><\/p>\n<p><b>Flores para Venus<\/b><span style=\"font-weight: 400;\">: <\/span><i><span style=\"font-weight: 400;\">Todas las semanas tenemos un ramo de la semana diferente por solo 5,90\u20ac para que todos nuestros clientes puedan tener flor fresca de diario.<\/span><\/i><\/p>\n<p><b>Flores de la vida: <\/b><i><span style=\"font-weight: 400;\">Cada ramo o decoraci\u00f3n que hago es un nuevo dise\u00f1o, mi cat\u00e1logo\u00a0 est\u00e1 en cont\u00ednuo proceso de cambio.<\/span><\/i><\/p>\n<p><b>De Blanco y Menta: <\/b><i><span style=\"font-weight: 400;\">Si, estamos dise\u00f1ando nuevos ramos de novia. Hemos colaborado en diferentes editoriales este a\u00f1o que nos han permitido crear nuevos modelos, con diferentes materiales, tanto en flor fresca como en flor preservada. Estamos encantados de poder seguir inspirando a todas las novias que est\u00e1n buscando su ramo de novia.<\/span><\/i><\/p>\n<figure id=\"attachment_30258\" aria-describedby=\"caption-attachment-30258\" style=\"width: 700px\" class=\"wp-caption aligncenter\"><img loading=\"lazy\" decoding=\"async\" class=\"wp-image-30258 size-full\" src=\"https:\/\/perfectvenue.es\/wp-content\/uploads\/2021\/02\/a-flor-de-5.jpg\" alt=\"\" width=\"700\" height=\"700\" srcset=\"https:\/\/perfectvenue.es\/wp-content\/uploads\/2021\/02\/a-flor-de-5.jpg?v=1626102643 700w, https:\/\/perfectvenue.es\/wp-content\/uploads\/2021\/02\/a-flor-de-5-300x300.jpg?v=1626102643 300w, https:\/\/perfectvenue.es\/wp-content\/uploads\/2021\/02\/a-flor-de-5-150x150.jpg?v=1626102643 150w, https:\/\/perfectvenue.es\/wp-content\/uploads\/2021\/02\/a-flor-de-5-450x450.jpg?v=1626102643 450w, https:\/\/perfectvenue.es\/wp-content\/uploads\/2021\/02\/a-flor-de-5-600x600.jpg?v=1626102643 600w, https:\/\/perfectvenue.es\/wp-content\/uploads\/2021\/02\/a-flor-de-5-100x100.jpg?v=1626102643 100w\" sizes=\"auto, (max-width: 700px) 100vw, 700px\" \/><figcaption id=\"caption-attachment-30258\" class=\"wp-caption-text\">Photo via A flor de&#8230;<\/figcaption><\/figure>\n<h3><b>5. <\/b><b>En auge del comercio online, \u00bfcabe la posibilidad de que vend\u00e1is ramos online?<\/b><\/h3>\n<p style=\"text-align: justify;\"><b>A flor de&#8230;:<\/b> <i><span style=\"font-weight: 400;\">\u00a1S\u00ed por supuesto! Ya lo est\u00e1bamos haciendo antes y hemos seguido haci\u00e9ndolo. Con env\u00edos locales y nacionales.<\/span><\/i><\/p>\n<p style=\"text-align: justify;\"><b>Flores para Venus<\/b><span style=\"font-weight: 400;\">: <\/span><i><span style=\"font-weight: 400;\">Estam<\/span><\/i><i style=\"color: inherit; font-family: inherit; font-size: inherit;\">os valorando la posibilidad de crear una tienda online, pero es algo que necesita tiempo y es lo que nunca tenemos. Pero es una asignatura pendiente que sabemos que es indispensable ahora mismo.<\/i><\/p>\n<p style=\"text-align: justify;\"><b>Flores de la vida: <\/b><i style=\"color: inherit; font-family: inherit; font-size: inherit;\">Yo vendo Joyas Vegetales en mi tienda online, pendientes y pulseras artesanales de hojas y flores naturales. Tambi\u00e9n cuadros vegetales, &#8220;jardines preservados&#8221; y algunos ramilletes, todo con flores y verdes liofilizados. Con estos productos el comercio online funciona muy bien. Lo que no veo funcional es para ramos de flores frescas, porque es algo que tienes que hacer en le momento, yo prefiero que los clientes me llamen por tel\u00e9fono, como toda la vida, hablar, que te cuenten que les gusta, para qui\u00e9n es, etc., haces un dise\u00f1o adaptado a ellos con las flores m\u00e1s bonitas que hay ese d\u00eda y se lo llevamos a donde nos pidan. Es m\u00e1s r\u00e1pido y c\u00f3modo que hacer una compra online, y el ramo va a ser mucho m\u00e1s fresco, bonito y original.<\/i><\/p>\n<p style=\"text-align: justify;\"><b>De Blanco y Menta: <\/b><i><span style=\"font-weight: 400;\">S\u00ed, a ra\u00edz de la pandemia nos hemos abierto al mercado on line, gracias a los dise\u00f1os en flor preservada que estamos creando. Actualmente hacemos env\u00edos a toda la pen\u00ednsula. Adem\u00e1s, estamos creando nuevos dise\u00f1os en flor preservada como centros de mesa, art\u00edculos decorativos para el hogar o regalos originales para que los novios entreguen regalos originales a familia o mejores amigos. Estamos trabajando en muchas ideas y creaciones originales para enviar a toda Espa\u00f1a.<\/span><\/i><\/p>\n<figure id=\"attachment_30259\" aria-describedby=\"caption-attachment-30259\" style=\"width: 700px\" class=\"wp-caption aligncenter\"><img loading=\"lazy\" decoding=\"async\" class=\"wp-image-30259 size-full\" src=\"https:\/\/perfectvenue.es\/wp-content\/uploads\/2021\/02\/de-blanco-y-menta-1.jpg\" alt=\"\" width=\"700\" height=\"1046\" srcset=\"https:\/\/perfectvenue.es\/wp-content\/uploads\/2021\/02\/de-blanco-y-menta-1.jpg?v=1626102642 700w, https:\/\/perfectvenue.es\/wp-content\/uploads\/2021\/02\/de-blanco-y-menta-1-201x300.jpg?v=1626102642 201w, https:\/\/perfectvenue.es\/wp-content\/uploads\/2021\/02\/de-blanco-y-menta-1-685x1024.jpg?v=1626102642 685w, https:\/\/perfectvenue.es\/wp-content\/uploads\/2021\/02\/de-blanco-y-menta-1-450x672.jpg?v=1626102642 450w, https:\/\/perfectvenue.es\/wp-content\/uploads\/2021\/02\/de-blanco-y-menta-1-535x800.jpg?v=1626102642 535w, https:\/\/perfectvenue.es\/wp-content\/uploads\/2021\/02\/de-blanco-y-menta-1-600x897.jpg?v=1626102642 600w\" sizes=\"auto, (max-width: 700px) 100vw, 700px\" \/><figcaption id=\"caption-attachment-30259\" class=\"wp-caption-text\">Photo via Blanco y Menta<\/figcaption><\/figure>\n<h3>6. <b>Debido a la crisis que ha desencadenado la pandemia, \u00bfhab\u00e9is puesto alg\u00fan tipo de descuentos?<\/b><\/h3>\n<p style=\"text-align: justify;\"><b>A flor de&#8230;:<\/b> <i><span style=\"font-weight: 400;\">Si, en ciertas fechas y \u00e9pocas del a\u00f1o hemos creado sistemas de descuentos, concursos, ventajas varias en nuestros packs de bodas, por ejemplo.<\/span><\/i><\/p>\n<p style=\"text-align: justify;\"><b>Flores para Venus<\/b><span style=\"font-weight: 400;\">: <\/span><i><span style=\"font-weight: 400;\">No tenemos ning\u00fan tipo de descuento, pero si tengo que reconocer que en los trabajos que realizamos aumentamos la pasi\u00f3n y el esfuerzo para tener siempre un perfecto acabado.<\/span><\/i><\/p>\n<p style=\"text-align: justify;\"><b>Flores de la vida: <\/b><i><span style=\"font-weight: 400;\">No, no tenemos pol\u00edtica de descuentos. Si que tenemos detalles con los clientes habituales que nos han apoyado todo este tiempo. Las flores frescas\u00a0 son un producto vivo y con la bajada del consumo el precio de las flores en origen ha subido ligeramente. Todo el sector est\u00e1 esforz\u00e1ndose para poder seguir en activo y mantener la calidad y los precios como antes de la pandemia.<\/span><\/i><\/p>\n<p style=\"text-align: justify;\"><b>De Blanco y Menta: <\/b><i><span style=\"font-weight: 400;\">Si, as\u00ed es. En plena pandemia quer\u00edamos poner un granito de arena para agradecer a todos los profesionales que tuvieron que seguir trabajando. Para aquellas novias, regalamos un tocado a juego de flor preservada si nos encargaban su ramo de novia. A partir de ah\u00ed, y debido a la buena aceptaci\u00f3n que tuvo la promoci\u00f3n, quisimos seguir animando a m\u00e1s novias que estaban perdiendo la ilusi\u00f3n por los preparativos de su boda. Por eso, hemos realizado sorteos y promociones diferentes, con dise\u00f1os que pod\u00edamos enviar a toda la pen\u00ednsula. Esto nos ha permitido conocer a muchas novias, muchas historias y sobre todo, animar a muchas de ellas a trav\u00e9s de nuestras flores.<\/span><\/i><\/p>\n<h3><b>7. <\/b><b>\u00bfQu\u00e9 os ha parecido lo m\u00e1s dif\u00edcil de llevar en la pandemia?<\/b><\/h3>\n<p style=\"text-align: justify;\"><b>A flor de&#8230;:<\/b> <i><span style=\"font-weight: 400;\">Muchas cosas, pero sobre todo el \u201ctetris\u201d al que nos hemos enfrentado para poder aplazar m\u00e1s de 70 bodas del a\u00f1o 2020 al a\u00f1o que viene&#8230; Se cruzan 2 temporadas en 1 para el a\u00f1o 2021 y algunos meses ya est\u00e1n m\u00e1s que completos. Pero tengo que decir que tengo la suerte de tener clientes de 10, comprensibles, \u00a1y que nos apoyan mucho!<\/span><\/i><\/p>\n<p style=\"text-align: justify;\"><b>Flores para Venus<\/b><span style=\"font-weight: 400;\">: <\/span><i><span style=\"font-weight: 400;\">Lo m\u00e1s dif\u00edcil de llevar es la ausencia de clientes.<\/span><\/i><\/p>\n<p style=\"text-align: justify;\"><b>Flores de la vida: <\/b><i><span style=\"font-weight: 400;\">Tener que cancelar o aplazar las decoraciones para bodas y eventos que ten\u00edamos programadas en 2020.<\/span><\/i><\/p>\n<p style=\"text-align: justify;\"><b>De Blanco y Menta: <\/b><i><span style=\"font-weight: 400;\">Nos encanta ayudar a nuestros novios a celebrar uno de los momentos m\u00e1s bonitos de sus vidas. Por eso, en el \u00e1rea profesional, lo m\u00e1s dif\u00edcil creemos que ha sido ver la incertidumbre de muchas de nuestras novias, al no saber si podr\u00edan celebrar o no su boda.<\/span><\/i><\/p>\n<figure id=\"attachment_30256\" aria-describedby=\"caption-attachment-30256\" style=\"width: 700px\" class=\"wp-caption aligncenter\"><img loading=\"lazy\" decoding=\"async\" class=\"wp-image-30256 size-full\" src=\"https:\/\/perfectvenue.es\/wp-content\/uploads\/2021\/02\/a-flor-de-3.jpg\" alt=\"\" width=\"700\" height=\"700\" srcset=\"https:\/\/perfectvenue.es\/wp-content\/uploads\/2021\/02\/a-flor-de-3.jpg?v=1626102644 700w, https:\/\/perfectvenue.es\/wp-content\/uploads\/2021\/02\/a-flor-de-3-300x300.jpg?v=1626102644 300w, https:\/\/perfectvenue.es\/wp-content\/uploads\/2021\/02\/a-flor-de-3-150x150.jpg?v=1626102644 150w, https:\/\/perfectvenue.es\/wp-content\/uploads\/2021\/02\/a-flor-de-3-450x450.jpg?v=1626102644 450w, https:\/\/perfectvenue.es\/wp-content\/uploads\/2021\/02\/a-flor-de-3-600x600.jpg?v=1626102644 600w, https:\/\/perfectvenue.es\/wp-content\/uploads\/2021\/02\/a-flor-de-3-100x100.jpg?v=1626102644 100w\" sizes=\"auto, (max-width: 700px) 100vw, 700px\" \/><figcaption id=\"caption-attachment-30256\" class=\"wp-caption-text\">Photo via A flor de&#8230;<\/figcaption><\/figure>\n<h3><b>8. <\/b><b>\u00bfC\u00f3mo ves el futuro de la florister\u00eda dentro de unos meses?<\/b><\/h3>\n<p style=\"text-align: justify;\"><b>A flor de&#8230;:<\/b> <i><span style=\"font-weight: 400;\">Dentro de unos meses, esperamos que con la llegada de las vacunas podremos empezar a trabajar a partir de la primavera 2021&#8230; De momento por nuestra parte tenemos las agendas vac\u00edas de eventos hasta abril de 2021. Eso quiere decir que tendremos que aguantar unos 4 meses m\u00e1s en esta situaci\u00f3n. De momento.<\/span><\/i><\/p>\n<p style=\"text-align: justify;\"><b>Flores para Venus<\/b><span style=\"font-weight: 400;\">: <\/span><i><span style=\"font-weight: 400;\">La florister\u00eda tradicional como muchos sectores tendr\u00e1 que arrimar el hombro y adaptarse a los nuevos tiempos. Como todos.<\/span><\/i><\/p>\n<p style=\"text-align: justify;\"><b>Flores de la vida: <\/b><i><span style=\"font-weight: 400;\">Espero que vaya mejorando y volviendo a la normalidad en cuanto a las grandes celebraciones. Las flores son fundamentales en los momentos m\u00e1s emotivos de la vida y tambi\u00e9n en las despedidas. Las personas necesitamos poder celebrar y ritualizar los eventos importantes de nuestras vidas y las flores siempre estar\u00e1n ah\u00ed para acompa\u00f1arnos.<\/span><\/i><\/p>\n<p style=\"text-align: justify;\"><b>De Blanco y Menta: <\/b><i><span style=\"font-weight: 400;\">El mundo de la decoraci\u00f3n, sobre todo decoraci\u00f3n floral, es precioso. Creemos que nos hace falta a todos seguir celebrando la vida y el amor. A pesar de todo lo dif\u00edcil que han sido estos meses, a todos nos hace falta eso m\u00e1s que nunca. Por eso creemos y esperamos que todo mejore y podamos volver a decorar bodas y eventos bonitos, volver a ilusionarnos y a volver a pensar en todo lo bueno que viene por delante.<\/span><\/i><\/p>\n<h3><b>9. <\/b><b>\u00bfQu\u00e9 les dir\u00edas a los novios que quieren empezar a pensar en las flores de su boda?<\/b><\/h3>\n<p style=\"text-align: justify;\"><b>A flor de&#8230;:<\/b><span style=\"font-weight: 400;\">\u00a0 <\/span><i><span style=\"font-weight: 400;\">Que no se lo piensen mucho si tienen clara la selecci\u00f3n de proveedores imprescindibles para su boda. Como lo comentaba anteriormente, el a\u00f1o que viene se cruzan 2 temporadas en 1. Muchas agendas 2021 est\u00e1n completas tanto para Wedding Planners, fincas, fot\u00f3grafos, catering, etc. y se han adelantado las ventas del 2022, y en sector floral y decoraci\u00f3n es de verdad poco com\u00fan abrir las agendas a casi 2 a\u00f1os vista. Ahora que tenemos tiempo durante los meses de invierno m\u00e1s tranquilos, es el momento de mirar y comparar. Todos confiamos en que pronto llegar\u00e1n las vacunas, los tratamientos y que aprenderemos a convivir con las pandemias igual que hasta ahora lo hemos conseguido con muchas m\u00e1s crisis. \u00a1No teng\u00e1is miedo, todos tenemos ganas de celebrar!<\/span><\/i><\/p>\n<p style=\"text-align: justify;\"><b>Flores para Venus<\/b><span style=\"font-weight: 400;\">: <\/span><i><span style=\"font-weight: 400;\">A todas mis parejas intento transmitir tranquilidad y que una vez tengamos claro que se puede celebrar su evento, nos ponemos a trabajar en \u00e9l y con toda nuestra pasi\u00f3n.<\/span><\/i><\/p>\n<p style=\"text-align: justify;\"><b>Flores de la vida: <\/b><i><span style=\"font-weight: 400;\">Les dir\u00eda que empiecen cuanto antes porque hay mucho que pensar y luego todo se acelera y se junta en el \u00faltimo mes. El resultado final es much\u00edsimo mejor cuando hacemos un dise\u00f1o con tiempo, desde el principio del proyecto y en coordinaci\u00f3n con el resto de proveedores, decoraci\u00f3n, etc.. Cuando dejan las flores para el final es m\u00e1s dif\u00edcil hacer algo especial y coordinado. Adem\u00e1s, hay fechas que ya tenemos reservadas desde un a\u00f1o antes, la reserva de fecha y el presupuesto cuanto m\u00e1s antelaci\u00f3n tenga mejor.\u00a0<\/span><\/i><\/p>\n<p style=\"text-align: justify;\"><b>De Blanco y Menta: <\/b><i><span style=\"font-weight: 400;\">Les dir\u00eda que es el momento perfecto. M\u00e1s que nunca las bodas que vienen ser\u00e1n incre\u00edbles. Para ellos, sus familias y amigos, ser\u00e1 un momento para reencontrarse y volver a estar juntos y felices. Y las flores son el elemento perfecto para hacer que esos momentos sean espectaculares e inolvidables. Nos encantar\u00e1 ayudarlos y asesorarlos para que su decoraci\u00f3n sea \u00fanica y todos la\u00a0 disfruten.<\/span><\/i><\/p>\n<figure id=\"attachment_30261\" aria-describedby=\"caption-attachment-30261\" style=\"width: 700px\" class=\"wp-caption aligncenter\"><img loading=\"lazy\" decoding=\"async\" class=\"wp-image-30261 size-full\" src=\"https:\/\/perfectvenue.es\/wp-content\/uploads\/2021\/02\/de-blanco-y-menta-3.jpg\" alt=\"\" width=\"700\" height=\"1050\" srcset=\"https:\/\/perfectvenue.es\/wp-content\/uploads\/2021\/02\/de-blanco-y-menta-3.jpg?v=1626102640 700w, https:\/\/perfectvenue.es\/wp-content\/uploads\/2021\/02\/de-blanco-y-menta-3-200x300.jpg?v=1626102640 200w, https:\/\/perfectvenue.es\/wp-content\/uploads\/2021\/02\/de-blanco-y-menta-3-683x1024.jpg?v=1626102640 683w, https:\/\/perfectvenue.es\/wp-content\/uploads\/2021\/02\/de-blanco-y-menta-3-450x675.jpg?v=1626102640 450w, https:\/\/perfectvenue.es\/wp-content\/uploads\/2021\/02\/de-blanco-y-menta-3-533x800.jpg?v=1626102640 533w, https:\/\/perfectvenue.es\/wp-content\/uploads\/2021\/02\/de-blanco-y-menta-3-600x900.jpg?v=1626102640 600w\" sizes=\"auto, (max-width: 700px) 100vw, 700px\" \/><figcaption id=\"caption-attachment-30261\" class=\"wp-caption-text\">Photo via Blanco y Menta<\/figcaption><\/figure>\n<p style=\"text-align: justify;\"><span style=\"font-weight: 400;\">\u00a1Muchas gracias a las florister\u00edas <strong><a href=\"https:\/\/www.aflorde.com\/\">A flor de\u2026<\/a>,<a href=\"http:\/\/www.floresparavenus.com\/\">Flores para Venus<\/a>, <a href=\"https:\/\/lasfloresdelavida.com\/\"><b>Flores de la vida<\/b><\/a><\/strong><\/span><strong>\u00a0y <a href=\"https:\/\/deblancoymenta.es\/\">De Blanco y Menta<\/a><\/strong><span style=\"font-weight: 400;\"> por vuestro tiempo y disposici\u00f3n!<\/span><\/p>\n<p style=\"text-align: justify;\"><span style=\"font-weight: 400;\">Y t\u00fa no dudes en acudir a <\/span><b>Perfect Venue<\/b><span style=\"font-weight: 400;\"> para empezar con los preparativos de tu boda, ponernos en contacto con cualquiera de estos profesionales y dar cuanto antes con la decoraci\u00f3n floral que va m\u00e1s con vuestro.<\/span><\/p>\n<p style=\"text-align: justify;\"><span style=\"font-weight: 400;\">\u00a1Te esperamos!<\/span><\/p>\n<p><\/p>\n<span class=\"tags-links\"><a href=\"https:\/\/perfectvenue.es\/es\/tag\/bodas-covid-19\/\" rel=\"tag\">bodas COVID-19<\/a><a href=\"https:\/\/perfectvenue.es\/es\/tag\/covid-19\/\" rel=\"tag\">COVID-19<\/a><a href=\"https:\/\/perfectvenue.es\/es\/tag\/flores-de-boda-en-tiempos-de-pandemia\/\" rel=\"tag\">flores de boda en tiempos de pandemia<\/a><a href=\"https:\/\/perfectvenue.es\/es\/tag\/flores-en-covid-19\/\" rel=\"tag\">flores en Covid-19<\/a><a href=\"https:\/\/perfectvenue.es\/es\/tag\/flowers-in-covid-19\/\" rel=\"tag\">Flowers in Covid-19<\/a><a href=\"https:\/\/perfectvenue.es\/es\/tag\/wedding-flowers\/\" rel=\"tag\">wedding flowers<\/a><\/span>","protected":false},"excerpt":{"rendered":"<p>Si est\u00e1s buscando la decoraci\u00f3n floral de tu boda y tienes dudas sobre los efectos que ha provocado el Covid en las bodas, no puedes perderte esta entrevista.<\/p>\n","protected":false},"author":26511,"featured_media":30260,"comment_status":"open","ping_status":"open","sticky":false,"template":"","format":"standard","meta":{"footnotes":""},"categories":[176],"tags":[2183,1986,4108,4109,4110,1014],"class_list":["post-30253","post","type-post","status-publish","format-standard","has-post-thumbnail","hentry","category-wedding","tag-bodas-covid-19","tag-covid-19","tag-flores-de-boda-en-tiempos-de-pandemia","tag-flores-en-covid-19","tag-flowers-in-covid-19","tag-wedding-flowers"],"_links":{"self":[{"href":"https:\/\/perfectvenue.es\/es\/wp-json\/wp\/v2\/posts\/30253","targetHints":{"allow":["GET"]}}],"collection":[{"href":"https:\/\/perfectvenue.es\/es\/wp-json\/wp\/v2\/posts"}],"about":[{"href":"https:\/\/perfectvenue.es\/es\/wp-json\/wp\/v2\/types\/post"}],"author":[{"embeddable":true,"href":"https:\/\/perfectvenue.es\/es\/wp-json\/wp\/v2\/users\/26511"}],"replies":[{"embeddable":true,"href":"https:\/\/perfectvenue.es\/es\/wp-json\/wp\/v2\/comments?post=30253"}],"version-history":[{"count":14,"href":"https:\/\/perfectvenue.es\/es\/wp-json\/wp\/v2\/posts\/30253\/revisions"}],"predecessor-version":[{"id":30598,"href":"https:\/\/perfectvenue.es\/es\/wp-json\/wp\/v2\/posts\/30253\/revisions\/30598"}],"wp:featuredmedia":[{"embeddable":true,"href":"https:\/\/perfectvenue.es\/es\/wp-json\/wp\/v2\/media\/30260"}],"wp:attachment":[{"href":"https:\/\/perfectvenue.es\/es\/wp-json\/wp\/v2\/media?parent=30253"}],"wp:term":[{"taxonomy":"category","embeddable":true,"href":"https:\/\/perfectvenue.es\/es\/wp-json\/wp\/v2\/categories?post=30253"},{"taxonomy":"post_tag","embeddable":true,"href":"https:\/\/perfectvenue.es\/es\/wp-json\/wp\/v2\/tags?post=30253"}],"curies":[{"name":"wp","href":"https:\/\/api.w.org\/{rel}","templated":true}]}}