{"id":28754,"date":"2020-12-04T19:53:41","date_gmt":"2020-12-04T16:53:41","guid":{"rendered":"https:\/\/perfectvenue.es\/?p=28754"},"modified":"2020-12-30T16:31:22","modified_gmt":"2020-12-30T13:31:22","slug":"christmas-photo-shoot-this-is-everything-that-you-must-know-about-it","status":"publish","type":"post","link":"https:\/\/perfectvenue.es\/es\/2020\/12\/04\/christmas-photo-shoot-this-is-everything-that-you-must-know-about-it\/","title":{"rendered":"Sesi\u00f3n de fotos navide\u00f1a: esto es todo lo que debes saber acerca de ella"},"content":{"rendered":"<p><\/p>\n<p style=\"text-align: justify;\"><span style=\"font-weight: 400;\">\u00a1C\u00f3mo nos gusta la Navidad! Una de las \u00e9pocas m\u00e1s m\u00e1gicas del a\u00f1o que se llena de una decoraci\u00f3n muy especial como adornos brillantes, \u00e1rboles con bolas, luces que dan a\u00fan m\u00e1s magia\u2026 Al ser un momento tan \u00fanico, merece la pena plasmarlo, \u00bfc\u00f3mo? \u00a1mediante una <\/span><a href=\"https:\/\/perfectvenue.es\/listings\/sesiones-navidad\"><b>sesi\u00f3n de fotos navide\u00f1a<\/b><\/a><span style=\"font-weight: 400;\">!<\/span><\/p>\n<p style=\"text-align: justify;\"><span style=\"font-weight: 400;\">Y, \u00bfpara qu\u00e9? Las fotos de Navidad no son solo para plasmarlas para el recuerdo, sino que pueden servir para un mont\u00f3n de cosas m\u00e1s que en este art\u00edculo descubrir\u00e1s.<\/span><\/p>\n<p style=\"text-align: justify;\"><span style=\"font-weight: 400;\">A continuaci\u00f3n, <\/span><b>sabr\u00e1s por qu\u00e9 es importante hacerla y recibir\u00e1s consejos como cu\u00e1l es el mejor momento para llevarla a cabo, las mejores prendas para lucir en la sesi\u00f3n, los tipos de fotos que pueden hacerse, etc<\/b><span style=\"font-weight: 400;\">.<\/span><\/p>\n<p style=\"text-align: justify;\"><span style=\"font-weight: 400;\">\u00a1Pon el broche a este a\u00f1o tan at\u00edpico que hemos vivido con una sesi\u00f3n de fotos navide\u00f1a! Porque ahora, m\u00e1s que nunca, <\/span><b>es momento de demostrar amor y cari\u00f1o<\/b><span style=\"font-weight: 400;\">, aunque sea a trav\u00e9s de una fotograf\u00eda.<\/span><\/p>\n<p style=\"text-align: justify;\"><span style=\"font-weight: 400;\">\u00bfEmpezamos?<\/span><\/p>\n<div id='gallery-4' class='gallery galleryid-28754 gallery-columns-2 gallery-size-full'><figure class='gallery-item'>\n\t\t\t<div class='gallery-icon portrait'>\n\t\t\t\t<img loading=\"lazy\" decoding=\"async\" width=\"487\" height=\"551\" src=\"https:\/\/perfectvenue.es\/wp-content\/uploads\/2020\/11\/sesiones-naviden\u0303as-2020.png?v=1626103326\" class=\"attachment-full size-full\" alt=\"\" aria-describedby=\"gallery-4-28742\" srcset=\"https:\/\/perfectvenue.es\/wp-content\/uploads\/2020\/11\/sesiones-naviden\u0303as-2020.png?v=1626103326 487w, https:\/\/perfectvenue.es\/wp-content\/uploads\/2020\/11\/sesiones-naviden\u0303as-2020-265x300.png?v=1626103326 265w, https:\/\/perfectvenue.es\/wp-content\/uploads\/2020\/11\/sesiones-naviden\u0303as-2020-450x509.png?v=1626103326 450w\" sizes=\"auto, (max-width: 487px) 100vw, 487px\" \/>\n\t\t\t<\/div>\n\t\t\t\t<figcaption class='wp-caption-text gallery-caption' id='gallery-4-28742'>\n\t\t\t\tPhoto by Tanya Vasiluk\n\t\t\t\t<\/figcaption><\/figure><figure class='gallery-item'>\n\t\t\t<div class='gallery-icon portrait'>\n\t\t\t\t<img loading=\"lazy\" decoding=\"async\" width=\"455\" height=\"557\" src=\"https:\/\/perfectvenue.es\/wp-content\/uploads\/2020\/11\/Sesiones-naviden\u0303as-2020-las-rozas.png?v=1626103325\" class=\"attachment-full size-full\" alt=\"\" aria-describedby=\"gallery-4-28743\" srcset=\"https:\/\/perfectvenue.es\/wp-content\/uploads\/2020\/11\/Sesiones-naviden\u0303as-2020-las-rozas.png?v=1626103325 455w, https:\/\/perfectvenue.es\/wp-content\/uploads\/2020\/11\/Sesiones-naviden\u0303as-2020-las-rozas-245x300.png?v=1626103325 245w, https:\/\/perfectvenue.es\/wp-content\/uploads\/2020\/11\/Sesiones-naviden\u0303as-2020-las-rozas-450x551.png?v=1626103325 450w\" sizes=\"auto, (max-width: 455px) 100vw, 455px\" \/>\n\t\t\t<\/div>\n\t\t\t\t<figcaption class='wp-caption-text gallery-caption' id='gallery-4-28743'>\n\t\t\t\tPhoto by Tanya Vasiluk\n\t\t\t\t<\/figcaption><\/figure>\n\t\t<\/div>\n\n<h3 style=\"text-align: justify;\"><b>\u00bfPor qu\u00e9 es recomendable hacer una sesi\u00f3n de fotos navide\u00f1a?<\/b><\/h3>\n<p style=\"text-align: justify;\"><span style=\"font-weight: 400;\">Realizar este tipo de sesiones es una de las grandes ideas de la navidad, \u00a1por muchas razones!<\/span><\/p>\n<p style=\"text-align: justify;\"><span style=\"font-weight: 400;\">Por ejemplo, <\/span><b>para plasmarlas para el recuerdo<\/b><span style=\"font-weight: 400;\">. Es una \u00e9poca tan m\u00e1gica y entra\u00f1able que no podemos olvidarla.<\/span><\/p>\n<p style=\"text-align: justify;\"><span style=\"font-weight: 400;\">Tambi\u00e9n es porque <\/span><b>a los familiares, y principalmente a los abuelos, les encantar\u00e1 recibir unas fotos navide\u00f1as<\/b><span style=\"font-weight: 400;\"> de sus nietos, ver lo grandes que est\u00e1n y de la manera tan adorable que posan entre objetos navide\u00f1os. Un detalle muy especial.<\/span><\/p>\n<p style=\"text-align: justify;\"><span style=\"font-weight: 400;\">Adem\u00e1s, el hecho de hacer una sesi\u00f3n de fotos navide\u00f1a, es <\/span><b>una oportunidad genial para pasar tiempo en familia<\/b><span style=\"font-weight: 400;\">, divertirse y re\u00edrse sin parar con una experiencia como esta.<\/span><\/p>\n<div id='gallery-5' class='gallery galleryid-28754 gallery-columns-2 gallery-size-full'><figure class='gallery-item'>\n\t\t\t<div class='gallery-icon landscape'>\n\t\t\t\t<img loading=\"lazy\" decoding=\"async\" width=\"451\" height=\"392\" src=\"https:\/\/perfectvenue.es\/wp-content\/uploads\/2020\/11\/Captura-de-pantalla-2020-11-03-a-las-13.01.45.png?v=1626103322\" class=\"attachment-full size-full\" alt=\"\" aria-describedby=\"gallery-5-28745\" srcset=\"https:\/\/perfectvenue.es\/wp-content\/uploads\/2020\/11\/Captura-de-pantalla-2020-11-03-a-las-13.01.45.png?v=1626103322 451w, https:\/\/perfectvenue.es\/wp-content\/uploads\/2020\/11\/Captura-de-pantalla-2020-11-03-a-las-13.01.45-300x261.png?v=1626103322 300w\" sizes=\"auto, (max-width: 451px) 100vw, 451px\" \/>\n\t\t\t<\/div>\n\t\t\t\t<figcaption class='wp-caption-text gallery-caption' id='gallery-5-28745'>\n\t\t\t\tPhoto by Tanya Vasiluk\n\t\t\t\t<\/figcaption><\/figure><figure class='gallery-item'>\n\t\t\t<div class='gallery-icon landscape'>\n\t\t\t\t<img loading=\"lazy\" decoding=\"async\" width=\"551\" height=\"396\" src=\"https:\/\/perfectvenue.es\/wp-content\/uploads\/2020\/11\/sesiones-naviden\u0303as-madrid-2020.png?v=1626103323\" class=\"attachment-full size-full\" alt=\"\" aria-describedby=\"gallery-5-28744\" srcset=\"https:\/\/perfectvenue.es\/wp-content\/uploads\/2020\/11\/sesiones-naviden\u0303as-madrid-2020.png?v=1626103323 551w, https:\/\/perfectvenue.es\/wp-content\/uploads\/2020\/11\/sesiones-naviden\u0303as-madrid-2020-300x216.png?v=1626103323 300w, https:\/\/perfectvenue.es\/wp-content\/uploads\/2020\/11\/sesiones-naviden\u0303as-madrid-2020-450x323.png?v=1626103323 450w\" sizes=\"auto, (max-width: 551px) 100vw, 551px\" \/>\n\t\t\t<\/div>\n\t\t\t\t<figcaption class='wp-caption-text gallery-caption' id='gallery-5-28744'>\n\t\t\t\tPhoto by Tanya Vasiluk\n\t\t\t\t<\/figcaption><\/figure>\n\t\t<\/div>\n\n<h3 style=\"text-align: justify;\"><b>Y, \u00bfcu\u00e1ndo es el mejor momento para hacerla?<\/b><\/h3>\n<p style=\"text-align: justify;\"><span style=\"font-weight: 400;\">\u00a1Que no te pille el toro! Lo mejor es hacerlo con antelaci\u00f3n como, por ejemplo, <\/span><b>cuando ya asoma noviembre.<\/b><\/p>\n<p style=\"text-align: justify;\"><span style=\"font-weight: 400;\">\u00a1Y es que <\/span><b>tiene que dar tiempo a preparar las postales y enviarlas <\/b><span style=\"font-weight: 400;\">para que lleguen a tiempo a todos los familiares y amigos!<\/span><\/p>\n<h3 style=\"text-align: justify;\"><b>Pero, \u00bfcu\u00e1l es la ropa m\u00e1s aconsejable para lucir en las fotos?<\/b><\/h3>\n<p style=\"text-align: justify;\"><span style=\"font-weight: 400;\">Cualquiera que siga <\/span><b>la paleta de colores navide\u00f1a, entre la que destacan los verdes, rojos, blancos, vainillas, dorados, plateados, marrones\u2026<\/b><span style=\"font-weight: 400;\"> todos aquellos que recuerden a la calidez del hogar, a los cuentos, a la nieve, a la magia\u2026<\/span><\/p>\n<p style=\"text-align: justify;\"><span style=\"font-weight: 400;\">\u00a1Y no tienen porqu\u00e9 ser colores lisos! Sino que pueden ser estampados. Un tejido navide\u00f1o por excelencia es el <\/span><b>estampado de cuadros escoceses.<\/b><\/p>\n<p style=\"text-align: justify;\"><span style=\"font-weight: 400;\">Para ellos, opta por <\/span><b>camisas con tirantes, boinas y sombreros, pa\u00f1uelos para el cuello, chaleco y pantalones remangados<\/b><span style=\"font-weight: 400;\">, \u00a1todo muy invernal!<\/span><\/p>\n<p style=\"text-align: justify;\"><span style=\"font-weight: 400;\">Para ellas, acertar\u00e1s con <\/span><b>vestidos de gasa, medias nude, accesorios para el pelo, jers\u00e9is con faldas, capas como Mam\u00e1 Noel<\/b><span style=\"font-weight: 400;\">\u2026<\/span><\/p>\n<p style=\"text-align: justify;\"><span style=\"font-weight: 400;\">Y si son beb\u00e9s, con un <\/span><b>disfraz de Pap\u00e1 Noel o hasta vestidos de duendes o elfos<\/b><span style=\"font-weight: 400;\"> conseguir\u00e9is unas fotos muy divertidas.<\/span><\/p>\n<p style=\"text-align: justify;\"><span style=\"font-weight: 400;\">Por otra parte, si las fotos os las hac\u00e9is en familia, pod\u00e9is <\/span><b>ir a juego con unos divertidos jers\u00e9is navide\u00f1os<\/b><span style=\"font-weight: 400;\">, con estampados como renos, mu\u00f1ecos de nieve, bolas de navidad, \u00e1rboles\u2026 y <\/span><b>accesorios como gorros de punto<\/b><span style=\"font-weight: 400;\">. \u00a1Ver\u00e1s que resultado tan gracioso!<\/span><\/p>\n<figure id=\"attachment_28762\" aria-describedby=\"caption-attachment-28762\" style=\"width: 700px\" class=\"wp-caption aligncenter\"><img loading=\"lazy\" decoding=\"async\" class=\"size-full wp-image-28762\" src=\"https:\/\/perfectvenue.es\/wp-content\/uploads\/2020\/11\/IMG_7242-scaled-e1604502867340.jpg\" alt=\"\" width=\"700\" height=\"467\" \/><figcaption id=\"caption-attachment-28762\" class=\"wp-caption-text\">Photo by Tanya Vasiluk<\/figcaption><\/figure>\n<h3 style=\"text-align: justify;\"><b>\u00bfQu\u00e9 tipo de fotos navide\u00f1as podr\u00edan hacerse?<\/b><\/h3>\n<p style=\"text-align: justify;\"><b>Podr\u00edan hacerse en familia<\/b><span style=\"font-weight: 400;\">, como saliendo los ni\u00f1os con los padres o con otros familiares, como son los abuelos, primos, etc.<\/span><\/p>\n<p style=\"text-align: justify;\"><span style=\"font-weight: 400;\">\u00a1Hasta las fotos pueden salir muy originales si pap\u00e1 decide vestirse de Pap\u00e1 Noel y aparecer posando con un saco repleto de regalos! Y, <\/span><b>si ten\u00e9is mascota<\/b><span style=\"font-weight: 400;\">, \u00a1que salga tambi\u00e9n con alg\u00fan accesorio navide\u00f1o!<\/span><\/p>\n<p style=\"text-align: justify;\"><span style=\"font-weight: 400;\">Tambi\u00e9n pueden <\/span><b>salir solo los ni\u00f1os<\/b><span style=\"font-weight: 400;\">, \u00e9l o ella \u00fanicamente si no tiene hermanos o si, por el contrario, los tiene, pueden posar juntos.\u00a0\u00a0<\/span><\/p>\n<p style=\"text-align: justify;\"><span style=\"font-weight: 400;\">Como ves, hay un sinf\u00edn de ideas, como salir en la sesi\u00f3n de fotos de manera familiar <\/span><b>mientras se preparan las decoraciones navide\u00f1as, mientras los ni\u00f1os escriben las cartas a Pap\u00e1 Noel, bajo el \u00e1rbol, junto a la chimenea, o hasta en la cama con pijamas navide\u00f1os.<\/b><\/p>\n<div id='gallery-6' class='gallery galleryid-28754 gallery-columns-2 gallery-size-full'><figure class='gallery-item'>\n\t\t\t<div class='gallery-icon portrait'>\n\t\t\t\t<img loading=\"lazy\" decoding=\"async\" width=\"429\" height=\"587\" src=\"https:\/\/perfectvenue.es\/wp-content\/uploads\/2020\/11\/navidad-sesion-de-fotos.png?v=1626103317\" class=\"attachment-full size-full\" alt=\"\" aria-describedby=\"gallery-6-28764\" srcset=\"https:\/\/perfectvenue.es\/wp-content\/uploads\/2020\/11\/navidad-sesion-de-fotos.png?v=1626103317 429w, https:\/\/perfectvenue.es\/wp-content\/uploads\/2020\/11\/navidad-sesion-de-fotos-219x300.png?v=1626103317 219w\" sizes=\"auto, (max-width: 429px) 100vw, 429px\" \/>\n\t\t\t<\/div>\n\t\t\t\t<figcaption class='wp-caption-text gallery-caption' id='gallery-6-28764'>\n\t\t\t\tPhoto by Tanya Vasiluk\n\t\t\t\t<\/figcaption><\/figure><figure class='gallery-item'>\n\t\t\t<div class='gallery-icon portrait'>\n\t\t\t\t<img loading=\"lazy\" decoding=\"async\" width=\"431\" height=\"585\" src=\"https:\/\/perfectvenue.es\/wp-content\/uploads\/2020\/11\/navidad-2020.png?v=1626103316\" class=\"attachment-full size-full\" alt=\"\" aria-describedby=\"gallery-6-28765\" srcset=\"https:\/\/perfectvenue.es\/wp-content\/uploads\/2020\/11\/navidad-2020.png?v=1626103316 431w, https:\/\/perfectvenue.es\/wp-content\/uploads\/2020\/11\/navidad-2020-221x300.png?v=1626103316 221w\" sizes=\"auto, (max-width: 431px) 100vw, 431px\" \/>\n\t\t\t<\/div>\n\t\t\t\t<figcaption class='wp-caption-text gallery-caption' id='gallery-6-28765'>\n\t\t\t\tPhoto by Tanya Vasiluk\n\t\t\t\t<\/figcaption><\/figure>\n\t\t<\/div>\n\n<h3 style=\"text-align: justify;\"><b>\u00bfSabes todo lo que puedes hacer con las fotos de la sesi\u00f3n?<\/b><\/h3>\n<p style=\"text-align: justify;\"><span style=\"font-weight: 400;\">\u00a1Much\u00edsimas cosas! As\u00ed que, ap\u00fantalas todas.<\/span><\/p>\n<p style=\"text-align: justify;\"><span style=\"font-weight: 400;\">En primer lugar, <\/span><b>para mandar postales a todos tus familiares<\/b><span style=\"font-weight: 400;\"> felicitando las navidades, a todo aquel que la reciba le har\u00e1 especial ilusi\u00f3n ver el detallazo tan bonito que hab\u00e9is tenido con ellos.<\/span><\/p>\n<p style=\"text-align: justify;\"><span style=\"font-weight: 400;\">Tambi\u00e9n, puedes aprovechar estas fotograf\u00edas <\/span><b>para<\/b> <b>subirlas a las redes sociales y felicitar a tus amigos y conocidos.<\/b><\/p>\n<p style=\"text-align: justify;\"><span style=\"font-weight: 400;\">\u00dasalas tambi\u00e9n <\/span><b>para adornar la casa<\/b><span style=\"font-weight: 400;\"> en estos tiempos tan entra\u00f1ables, y as\u00ed todo el que vaya a degustar unos bombones pueda ver vuestras divertidas fotos.<\/span><\/p>\n<p style=\"text-align: justify;\"><span style=\"font-weight: 400;\">Hasta puedes usarlas <\/span><b>para regalarlas estas navidades<\/b><span style=\"font-weight: 400;\">, \u00bfc\u00f3mo? creando un \u00e1lbum con las fotos que hay\u00e1is hecho. \u00a1Una gran idea y muy original!\u00a0<\/span><\/p>\n<figure id=\"attachment_28766\" aria-describedby=\"caption-attachment-28766\" style=\"width: 557px\" class=\"wp-caption aligncenter\"><img loading=\"lazy\" decoding=\"async\" class=\"size-full wp-image-28766\" src=\"https:\/\/perfectvenue.es\/wp-content\/uploads\/2020\/11\/navidad-fotos-2020.png\" alt=\"\" width=\"557\" height=\"395\" srcset=\"https:\/\/perfectvenue.es\/wp-content\/uploads\/2020\/11\/navidad-fotos-2020.png?v=1626103315 557w, https:\/\/perfectvenue.es\/wp-content\/uploads\/2020\/11\/navidad-fotos-2020-300x213.png?v=1626103315 300w, https:\/\/perfectvenue.es\/wp-content\/uploads\/2020\/11\/navidad-fotos-2020-450x319.png?v=1626103315 450w\" sizes=\"auto, (max-width: 557px) 100vw, 557px\" \/><figcaption id=\"caption-attachment-28766\" class=\"wp-caption-text\">Photo by Tanya Vasiluk<\/figcaption><\/figure>\n<h3 style=\"text-align: justify;\"><b>Vive la experiencia de una sesi\u00f3n de fotos con una fot\u00f3grafa profesional<\/b><\/h3>\n<p style=\"text-align: justify;\"><span style=\"font-weight: 400;\">S\u00ed, esta experiencia existe, y la tenemos en Perfect Venue, \u00a1y claro que tienes que vivirla!<\/span><\/p>\n<p style=\"text-align: justify;\"><b>Una sesi\u00f3n de fotos es una experiencia de lo m\u00e1s creativa<\/b><span style=\"font-weight: 400;\">, y m\u00e1s si es con <\/span><b>Tanya Vasiliuk<\/b><span style=\"font-weight: 400;\">, una fot\u00f3grafa profesional que no se dejar\u00e1 nada por capturar.<\/span><\/p>\n<p style=\"text-align: justify;\"><span style=\"font-weight: 400;\">As\u00ed que, si quieres realizar la <\/span><b>sesi\u00f3n de fotos navide\u00f1a que hemos preparado con la gran Tanya<\/b><span style=\"font-weight: 400;\">, \u00a1est\u00e1s de enhorabuena! Porque estas sesiones van a estar disponibles desde el 12 de noviembre al 5 de diciembre.<\/span><\/p>\n<p style=\"text-align: justify;\"><span style=\"font-weight: 400;\">T\u00fa eliges qu\u00e9 llevar, qui\u00e9nes quer\u00e9is salir\u2026 \u00a1todo lo que quieras! Solo h\u00e1blalo con Tanya y cu\u00e9ntale que es lo que mejor encaja con vosotros.<\/span><\/p>\n<figure id=\"attachment_28768\" aria-describedby=\"caption-attachment-28768\" style=\"width: 550px\" class=\"wp-caption aligncenter\"><img loading=\"lazy\" decoding=\"async\" class=\"size-full wp-image-28768\" src=\"https:\/\/perfectvenue.es\/wp-content\/uploads\/2020\/11\/Sesion-de-fotos-navide\u00f1a.png\" alt=\"\" width=\"550\" height=\"400\" srcset=\"https:\/\/perfectvenue.es\/wp-content\/uploads\/2020\/11\/Sesion-de-fotos-navide\u00f1a.png?v=1626103314 550w, https:\/\/perfectvenue.es\/wp-content\/uploads\/2020\/11\/Sesion-de-fotos-navide\u00f1a-300x218.png?v=1626103314 300w, https:\/\/perfectvenue.es\/wp-content\/uploads\/2020\/11\/Sesion-de-fotos-navide\u00f1a-450x327.png?v=1626103314 450w\" sizes=\"auto, (max-width: 550px) 100vw, 550px\" \/><figcaption id=\"caption-attachment-28768\" class=\"wp-caption-text\">Photo by Tanya Vasiluk<\/figcaption><\/figure>\n<p style=\"text-align: justify;\"><span style=\"font-weight: 400;\">La sesi\u00f3n de fotos navide\u00f1a <\/span><b>podr\u00eda hacerse en un estudio profesional con toda la decoraci\u00f3n de la que disponen o, en tiempos de pandemia, contratar a un fot\u00f3grafo y que vaya a casa<\/b><span style=\"font-weight: 400;\">. \u00a1S\u00ed, es posible!<\/span><\/p>\n<p style=\"text-align: justify;\"><span style=\"font-weight: 400;\">Recuerda que <\/span><b>en Perfect Venue Manager te organizamos todo<\/b><span style=\"font-weight: 400;\"> para que vivas unas navidades un tanto diferentes a causa de esta pandemia, pero sin perder la magia.<\/span><\/p>\n<p style=\"text-align: justify;\"><span style=\"font-weight: 400;\">Visita <\/span><b>nuestra web<\/b><span style=\"font-weight: 400;\">, conoce a <\/span><b>nuestros profesionales<\/b><span style=\"font-weight: 400;\"> y d\u00e9jalo todo en nuestras manos.<\/span><\/p>\n<p style=\"text-align: justify;\"><span style=\"font-weight: 400;\">\u00a1En Perfect Venue nos encanta tanto la navidad que hasta organizamos <\/span><a href=\"https:\/\/perfectvenue.es\/2019\/12\/24\/how-to-make-your-wedding-as-christmasy-as-possible\/\"><b>bodas lo m\u00e1s navide\u00f1as posibles<\/b><\/a><span style=\"font-weight: 400;\">!<\/span><\/p>\n<p style=\"text-align: center;\"><a href=\"https:\/\/perfectvenue.es\/es\/listings\/sesiones-navidad\/\">&gt;&gt; RESERVA YA TU SESI\u00d3N DE FOTOS NAVIDE\u00d1A HACIENDO CLIC AQU\u00cd &lt;&lt;\u00a0<\/a><\/p>\n<p><\/p>\n<span class=\"tags-links\"><a href=\"https:\/\/perfectvenue.es\/es\/tag\/christmas-2020\/\" rel=\"tag\">Christmas 2020<\/a><a href=\"https:\/\/perfectvenue.es\/es\/tag\/christmas-2020-photo-shoot\/\" rel=\"tag\">Christmas 2020 photo shoot<\/a><a href=\"https:\/\/perfectvenue.es\/es\/tag\/christmas-photo-shoot\/\" rel=\"tag\">Christmas photo shoot<\/a><a href=\"https:\/\/perfectvenue.es\/es\/tag\/navidad-2020\/\" rel=\"tag\">Navidad 2020<\/a><a href=\"https:\/\/perfectvenue.es\/es\/tag\/sesion-de-fotos-navidena\/\" rel=\"tag\">Sesi\u00f3n de fotos navide\u00f1a<\/a><a href=\"https:\/\/perfectvenue.es\/es\/tag\/sesion-de-fotos-navidena-2020\/\" rel=\"tag\">Sesi\u00f3n de fotos navide\u00f1a 2020<\/a><\/span>","protected":false},"excerpt":{"rendered":"<p>Al ser un momento tan \u00fanico, merece la pena plasmarlo, \u00bfc\u00f3mo? \u00a1mediante una sesi\u00f3n de fotos navide\u00f1a!<\/p>\n","protected":false},"author":26511,"featured_media":28768,"comment_status":"open","ping_status":"open","sticky":false,"template":"","format":"standard","meta":{"footnotes":""},"categories":[2064],"tags":[3582,3583,3581,3585,3584,3586],"class_list":["post-28754","post","type-post","status-publish","format-standard","has-post-thumbnail","hentry","category-events","tag-christmas-2020","tag-christmas-2020-photo-shoot","tag-christmas-photo-shoot","tag-navidad-2020","tag-sesion-de-fotos-navidena","tag-sesion-de-fotos-navidena-2020","post_region-comunidad-de-madrid"],"_links":{"self":[{"href":"https:\/\/perfectvenue.es\/es\/wp-json\/wp\/v2\/posts\/28754","targetHints":{"allow":["GET"]}}],"collection":[{"href":"https:\/\/perfectvenue.es\/es\/wp-json\/wp\/v2\/posts"}],"about":[{"href":"https:\/\/perfectvenue.es\/es\/wp-json\/wp\/v2\/types\/post"}],"author":[{"embeddable":true,"href":"https:\/\/perfectvenue.es\/es\/wp-json\/wp\/v2\/users\/26511"}],"replies":[{"embeddable":true,"href":"https:\/\/perfectvenue.es\/es\/wp-json\/wp\/v2\/comments?post=28754"}],"version-history":[{"count":2,"href":"https:\/\/perfectvenue.es\/es\/wp-json\/wp\/v2\/posts\/28754\/revisions"}],"predecessor-version":[{"id":29850,"href":"https:\/\/perfectvenue.es\/es\/wp-json\/wp\/v2\/posts\/28754\/revisions\/29850"}],"wp:featuredmedia":[{"embeddable":true,"href":"https:\/\/perfectvenue.es\/es\/wp-json\/wp\/v2\/media\/28768"}],"wp:attachment":[{"href":"https:\/\/perfectvenue.es\/es\/wp-json\/wp\/v2\/media?parent=28754"}],"wp:term":[{"taxonomy":"category","embeddable":true,"href":"https:\/\/perfectvenue.es\/es\/wp-json\/wp\/v2\/categories?post=28754"},{"taxonomy":"post_tag","embeddable":true,"href":"https:\/\/perfectvenue.es\/es\/wp-json\/wp\/v2\/tags?post=28754"}],"curies":[{"name":"wp","href":"https:\/\/api.w.org\/{rel}","templated":true}]}}