{"id":28441,"date":"2020-10-19T16:29:38","date_gmt":"2020-10-19T13:29:38","guid":{"rendered":"https:\/\/perfectvenue.es\/?p=28441"},"modified":"2021-01-30T15:01:06","modified_gmt":"2021-01-30T12:01:06","slug":"the-most-beautiful-beaches-in-mallorca","status":"publish","type":"post","link":"https:\/\/perfectvenue.es\/es\/2020\/10\/19\/the-most-beautiful-beaches-in-mallorca\/","title":{"rendered":"Las playas m\u00e1s bonitas de Mallorca"},"content":{"rendered":"<p><\/p>\n<div dir=\"auto\">Mallorca es una isla \u00fanica con sus aguas azules cristalinas y su arena dorada \u00a1perfecta para cualquiera que busque unas vacaciones soleadas!<\/div>\n<div dir=\"auto\"><\/div>\n<div dir=\"auto\">\u00a1En <strong>Perfect Venue Manager<\/strong> hemos recopilado una lista de algunas de las <strong>mejores playas de Mallorca<\/strong> para ayudarte a encontrar tu <strong>localizaci\u00f3n perfecta<\/strong>!<\/div>\n<div dir=\"auto\"><\/div>\n<div dir=\"auto\">Cuando pensamos en Mallorca geogr\u00e1ficamente, <strong>el norte y el sur suelen tener las playas m\u00e1s grandes<\/strong> debido a la anchura de la isla, mientras que <strong>el este suele tener peque\u00f1as calas secretas<\/strong> y el oeste zonas monta\u00f1osas. Por lo tanto las mejores zonas donde buscar son norte, sur y este.<\/div>\n<h2 style=\"text-align: justify;\"><strong>Las mejores playas en Mallorca:<\/strong><strong>\u00a0<\/strong><\/h2>\n<h3 style=\"text-align: justify;\"><strong>Playa Portals Nous<\/strong><\/h3>\n<figure id=\"attachment_28442\" aria-describedby=\"caption-attachment-28442\" style=\"width: 700px\" class=\"wp-caption aligncenter\"><img loading=\"lazy\" decoding=\"async\" class=\"wp-image-28442 size-full\" src=\"https:\/\/perfectvenue.es\/wp-content\/uploads\/2020\/10\/Portals-Nous-Beach_opt.jpg\" alt=\"\" width=\"700\" height=\"370\" srcset=\"https:\/\/perfectvenue.es\/wp-content\/uploads\/2020\/10\/Portals-Nous-Beach_opt.jpg?v=1626103514 700w, https:\/\/perfectvenue.es\/wp-content\/uploads\/2020\/10\/Portals-Nous-Beach_opt-300x159.jpg?v=1626103514 300w, https:\/\/perfectvenue.es\/wp-content\/uploads\/2020\/10\/Portals-Nous-Beach_opt-450x238.jpg?v=1626103514 450w, https:\/\/perfectvenue.es\/wp-content\/uploads\/2020\/10\/Portals-Nous-Beach_opt-600x317.jpg?v=1626103514 600w\" sizes=\"auto, (max-width: 700px) 100vw, 700px\" \/><figcaption id=\"caption-attachment-28442\" class=\"wp-caption-text\">Photo via abc Mallorca<\/figcaption><\/figure>\n<p style=\"text-align: justify;\">Cerca del puerto deportivo de Puerto Portals, se encuentra la <strong>playa Portals Nous<\/strong>. La zona de la bah\u00eda tiene <strong>aguas cristalinas<\/strong> y es el <strong>sitio perfecto para nadar<\/strong>. Adem\u00e1s hay bastantes opciones para participar en <strong>deportes acu\u00e1ticos<\/strong>, desde alquilar pedales y aprender a remar hasta incluso probar la moto acu\u00e1tica en el puerto deportivo<\/p>\n<h3 style=\"text-align: justify;\"><strong>Cala Formentor <\/strong><\/h3>\n<figure id=\"attachment_28443\" aria-describedby=\"caption-attachment-28443\" style=\"width: 700px\" class=\"wp-caption aligncenter\"><img loading=\"lazy\" decoding=\"async\" class=\"wp-image-28443 size-full\" src=\"https:\/\/perfectvenue.es\/wp-content\/uploads\/2020\/10\/cala-formentor_opt.jpg\" alt=\"\" width=\"700\" height=\"395\" srcset=\"https:\/\/perfectvenue.es\/wp-content\/uploads\/2020\/10\/cala-formentor_opt.jpg?v=1626103514 700w, https:\/\/perfectvenue.es\/wp-content\/uploads\/2020\/10\/cala-formentor_opt-300x169.jpg?v=1626103514 300w, https:\/\/perfectvenue.es\/wp-content\/uploads\/2020\/10\/cala-formentor_opt-450x254.jpg?v=1626103514 450w, https:\/\/perfectvenue.es\/wp-content\/uploads\/2020\/10\/cala-formentor_opt-600x339.jpg?v=1626103514 600w\" sizes=\"auto, (max-width: 700px) 100vw, 700px\" \/><figcaption id=\"caption-attachment-28443\" class=\"wp-caption-text\">Photo via Mallorqueando<\/figcaption><\/figure>\n<p style=\"text-align: justify;\">Si viajas hacia el<strong> norte<\/strong> de Mallorca, encontrar\u00e1s la playa <strong>Cala Formentor, <\/strong>una de las m\u00e1s famosas en Mallorca, con <strong>1km de arena<\/strong>. La localizaci\u00f3n de esta playa es incre\u00edble, rodeada de plantas y desde la playa, \u00a1incluso puedes ver la<strong> bah\u00eda Pollen\u00e7a<\/strong>! Lo \u00fanico realmente negativo es que es bastante estrecha, por lo que no es la ideal para que los ni\u00f1os jueguen y disfruten al m\u00e1ximo su tiempo en la playa.<\/p>\n<h3 style=\"text-align: justify;\"><strong>Playa Camp de Mar<\/strong><\/h3>\n<figure id=\"attachment_28444\" aria-describedby=\"caption-attachment-28444\" style=\"width: 700px\" class=\"wp-caption aligncenter\"><img loading=\"lazy\" decoding=\"async\" class=\"wp-image-28444 size-full\" src=\"https:\/\/perfectvenue.es\/wp-content\/uploads\/2020\/10\/camp-de-mar-mallorca_opt.jpg\" alt=\"\" width=\"700\" height=\"306\" srcset=\"https:\/\/perfectvenue.es\/wp-content\/uploads\/2020\/10\/camp-de-mar-mallorca_opt.jpg?v=1626103513 700w, https:\/\/perfectvenue.es\/wp-content\/uploads\/2020\/10\/camp-de-mar-mallorca_opt-300x131.jpg?v=1626103513 300w, https:\/\/perfectvenue.es\/wp-content\/uploads\/2020\/10\/camp-de-mar-mallorca_opt-450x197.jpg?v=1626103513 450w, https:\/\/perfectvenue.es\/wp-content\/uploads\/2020\/10\/camp-de-mar-mallorca_opt-600x262.jpg?v=1626103513 600w\" sizes=\"auto, (max-width: 700px) 100vw, 700px\" \/><figcaption id=\"caption-attachment-28444\" class=\"wp-caption-text\">Photo via Mallorca.com<\/figcaption><\/figure>\n<p style=\"text-align: justify;\">Situada cerca de Andratx, se encuentra la p<strong>laya Camp de Mar<\/strong>, una playa con una <strong>bonita arena dorada y aguas brillantes<\/strong>. Si quieres hacer algo a\u00fan m\u00e1s especial, entonces incluso puedes cenar en el restaurante al final del puente en el mar.<\/p>\n<h2 style=\"text-align: justify;\"><strong>Playas menos ocupadas en Mallorca<\/strong><\/h2>\n<p style=\"text-align: justify;\">Aunque las mejores playas son bonitas, tambi\u00e9n son las m\u00e1s llenas. Mallorca tiene muchas playas bonitas que est\u00e1n escondidas, en paz \u00a1y son un <strong>verdadero tesoro<\/strong>!<\/p>\n<h3 style=\"text-align: justify;\"><strong>Cala\u00a0<\/strong>Dei\u00e0<\/h3>\n<figure id=\"attachment_28445\" aria-describedby=\"caption-attachment-28445\" style=\"width: 700px\" class=\"wp-caption aligncenter\"><img loading=\"lazy\" decoding=\"async\" class=\"wp-image-28445 size-full\" src=\"https:\/\/perfectvenue.es\/wp-content\/uploads\/2020\/10\/cala-deia_opt.jpg\" alt=\"\" width=\"700\" height=\"370\" srcset=\"https:\/\/perfectvenue.es\/wp-content\/uploads\/2020\/10\/cala-deia_opt.jpg?v=1626103512 700w, https:\/\/perfectvenue.es\/wp-content\/uploads\/2020\/10\/cala-deia_opt-300x159.jpg?v=1626103512 300w, https:\/\/perfectvenue.es\/wp-content\/uploads\/2020\/10\/cala-deia_opt-450x238.jpg?v=1626103512 450w, https:\/\/perfectvenue.es\/wp-content\/uploads\/2020\/10\/cala-deia_opt-600x317.jpg?v=1626103512 600w\" sizes=\"auto, (max-width: 700px) 100vw, 700px\" \/><figcaption id=\"caption-attachment-28445\" class=\"wp-caption-text\">Photo via abc Mallorca<\/figcaption><\/figure>\n<p style=\"text-align: justify;\"><strong>Cala Dei\u00e0<\/strong>, una peque\u00f1a cala que se encuentra en la costa oeste de Mallorca y tiene <strong>dos restaurantes de pescado<\/strong>. Es una cala muy famosa para la gente famosa que se hospeda cerca \u00a1y un bonito ambiente que disfrutar!<\/p>\n<h3 style=\"text-align: justify;\"><strong>Cala Varques<\/strong><\/h3>\n<figure id=\"attachment_28446\" aria-describedby=\"caption-attachment-28446\" style=\"width: 700px\" class=\"wp-caption aligncenter\"><img loading=\"lazy\" decoding=\"async\" class=\"wp-image-28446 size-full\" src=\"https:\/\/perfectvenue.es\/wp-content\/uploads\/2020\/10\/cala-varques-beach_opt.jpg\" alt=\"\" width=\"700\" height=\"373\" srcset=\"https:\/\/perfectvenue.es\/wp-content\/uploads\/2020\/10\/cala-varques-beach_opt.jpg?v=1626103511 700w, https:\/\/perfectvenue.es\/wp-content\/uploads\/2020\/10\/cala-varques-beach_opt-300x160.jpg?v=1626103511 300w, https:\/\/perfectvenue.es\/wp-content\/uploads\/2020\/10\/cala-varques-beach_opt-450x240.jpg?v=1626103511 450w, https:\/\/perfectvenue.es\/wp-content\/uploads\/2020\/10\/cala-varques-beach_opt-600x320.jpg?v=1626103511 600w\" sizes=\"auto, (max-width: 700px) 100vw, 700px\" \/><figcaption id=\"caption-attachment-28446\" class=\"wp-caption-text\">Photo via abc Mallorca<\/figcaption><\/figure>\n<p style=\"text-align: justify;\"><strong>Cala Varques<\/strong> es una <strong>playa natural<\/strong>, una de las muchas encontradas en la <strong>costa este de Mallorca<\/strong>. Si est\u00e1s buscando algo escondido, natural y privado \u00a1esto es un aut\u00e9ntico tesoro! La cala est\u00e1 lejos de los hoteles y a 20 minutos de la carretera m\u00e1s cercana.<\/p>\n<h3 style=\"text-align: justify;\"><strong>Playa S\u2019Amarador &amp; Cala Mondrag\u00f3<\/strong><\/h3>\n<figure id=\"attachment_28447\" aria-describedby=\"caption-attachment-28447\" style=\"width: 700px\" class=\"wp-caption aligncenter\"><img loading=\"lazy\" decoding=\"async\" class=\"wp-image-28447 size-full\" src=\"https:\/\/perfectvenue.es\/wp-content\/uploads\/2020\/10\/cala-mondrag\u00f3-mallorca_opt.jpg\" alt=\"\" width=\"700\" height=\"468\" srcset=\"https:\/\/perfectvenue.es\/wp-content\/uploads\/2020\/10\/cala-mondrag\u00f3-mallorca_opt.jpg?v=1626103510 700w, https:\/\/perfectvenue.es\/wp-content\/uploads\/2020\/10\/cala-mondrag\u00f3-mallorca_opt-300x201.jpg?v=1626103510 300w, https:\/\/perfectvenue.es\/wp-content\/uploads\/2020\/10\/cala-mondrag\u00f3-mallorca_opt-450x301.jpg?v=1626103510 450w, https:\/\/perfectvenue.es\/wp-content\/uploads\/2020\/10\/cala-mondrag\u00f3-mallorca_opt-600x401.jpg?v=1626103510 600w\" sizes=\"auto, (max-width: 700px) 100vw, 700px\" \/><figcaption id=\"caption-attachment-28447\" class=\"wp-caption-text\">Photo via Iberia Playas<\/figcaption><\/figure>\n<p style=\"text-align: justify;\">Estas playas situadas al <strong>sureste de la isla, en el Parque Natural de Mondrag\u00f3<\/strong>, son \u00fanicas por su derecho propio. Est\u00e1n unidas por un camino costero y son muy populares entre los visitantes debido a su belleza natural y su incre\u00edble mar.<\/p>\n<h3 style=\"text-align: justify;\"><strong>Cala Mesquida<\/strong><\/h3>\n<figure id=\"attachment_28448\" aria-describedby=\"caption-attachment-28448\" style=\"width: 700px\" class=\"wp-caption aligncenter\"><img loading=\"lazy\" decoding=\"async\" class=\"wp-image-28448 size-full\" src=\"https:\/\/perfectvenue.es\/wp-content\/uploads\/2020\/10\/cala-mesquida_opt.jpg\" alt=\"\" width=\"700\" height=\"370\" srcset=\"https:\/\/perfectvenue.es\/wp-content\/uploads\/2020\/10\/cala-mesquida_opt.jpg?v=1626103510 700w, https:\/\/perfectvenue.es\/wp-content\/uploads\/2020\/10\/cala-mesquida_opt-300x159.jpg?v=1626103510 300w, https:\/\/perfectvenue.es\/wp-content\/uploads\/2020\/10\/cala-mesquida_opt-450x238.jpg?v=1626103510 450w, https:\/\/perfectvenue.es\/wp-content\/uploads\/2020\/10\/cala-mesquida_opt-600x317.jpg?v=1626103510 600w\" sizes=\"auto, (max-width: 700px) 100vw, 700px\" \/><figcaption id=\"caption-attachment-28448\" class=\"wp-caption-text\">Photo via abc Mallorca<\/figcaption><\/figure>\n<p style=\"text-align: justify;\"><strong>Cala Mesquida<\/strong> es una encantadora cala localizada al norte de Mallorca, con arena blanca y agua bonita. \u00a1Si quieres quedarte cerca, <strong>hay un hotel y varios bares y restaurantes<\/strong> para hacer tu estancia m\u00e1s disfrutable!<\/p>\n<h3 style=\"text-align: justify;\"><strong>Cala Pi <\/strong><\/h3>\n<figure id=\"attachment_28449\" aria-describedby=\"caption-attachment-28449\" style=\"width: 700px\" class=\"wp-caption aligncenter\"><img loading=\"lazy\" decoding=\"async\" class=\"wp-image-28449 size-full\" src=\"https:\/\/perfectvenue.es\/wp-content\/uploads\/2020\/10\/cala-pi-mallorca_opt.jpg\" alt=\"\" width=\"700\" height=\"306\" srcset=\"https:\/\/perfectvenue.es\/wp-content\/uploads\/2020\/10\/cala-pi-mallorca_opt.jpg?v=1626103509 700w, https:\/\/perfectvenue.es\/wp-content\/uploads\/2020\/10\/cala-pi-mallorca_opt-300x131.jpg?v=1626103509 300w, https:\/\/perfectvenue.es\/wp-content\/uploads\/2020\/10\/cala-pi-mallorca_opt-450x197.jpg?v=1626103509 450w, https:\/\/perfectvenue.es\/wp-content\/uploads\/2020\/10\/cala-pi-mallorca_opt-600x262.jpg?v=1626103509 600w\" sizes=\"auto, (max-width: 700px) 100vw, 700px\" \/><figcaption id=\"caption-attachment-28449\" class=\"wp-caption-text\">Photo via Mallorca.com<\/figcaption><\/figure>\n<p style=\"text-align: justify;\"><strong>Cala Pi<\/strong> es una <strong>estrecha y bonita playa<\/strong> lejos de la zona de turistas al sur de Mallorca. Las <strong>rocas de alrededor protegen la bah\u00eda<\/strong> manteni\u00e9ndola a salvo, lo que significa que es un sitio genial para llevar a los ni\u00f1os.<\/p>\n<h3 style=\"text-align: justify;\"><strong>Playa Portals Vells<\/strong><\/h3>\n<figure id=\"attachment_28450\" aria-describedby=\"caption-attachment-28450\" style=\"width: 700px\" class=\"wp-caption aligncenter\"><img loading=\"lazy\" decoding=\"async\" class=\"wp-image-28450 size-full\" src=\"https:\/\/perfectvenue.es\/wp-content\/uploads\/2020\/10\/portals-vells-mallorca_opt.jpg\" alt=\"\" width=\"700\" height=\"525\" srcset=\"https:\/\/perfectvenue.es\/wp-content\/uploads\/2020\/10\/portals-vells-mallorca_opt.jpg?v=1626103508 700w, https:\/\/perfectvenue.es\/wp-content\/uploads\/2020\/10\/portals-vells-mallorca_opt-300x225.jpg?v=1626103508 300w, https:\/\/perfectvenue.es\/wp-content\/uploads\/2020\/10\/portals-vells-mallorca_opt-450x338.jpg?v=1626103508 450w, https:\/\/perfectvenue.es\/wp-content\/uploads\/2020\/10\/portals-vells-mallorca_opt-600x450.jpg?v=1626103508 600w\" sizes=\"auto, (max-width: 700px) 100vw, 700px\" \/><figcaption id=\"caption-attachment-28450\" class=\"wp-caption-text\">Photo via xMallorca<\/figcaption><\/figure>\n<p style=\"text-align: justify;\">Situada en medio de Magaluf y Puerto Adriano, en el\u00a0 suroeste de Mallorca, se dice que la playa de Portals Vells es <strong>una de las m\u00e1s asombrosas <\/strong>del sur<strong>.<\/strong><\/p>\n<h2 style=\"text-align: justify;\"><strong>Playas familiares en Mallorca:<\/strong><\/h2>\n<h3 style=\"text-align: justify;\"><strong>Playa de Muro<\/strong><\/h3>\n<figure id=\"attachment_28452\" aria-describedby=\"caption-attachment-28452\" style=\"width: 700px\" class=\"wp-caption aligncenter\"><img loading=\"lazy\" decoding=\"async\" class=\"wp-image-28452 size-full\" src=\"https:\/\/perfectvenue.es\/wp-content\/uploads\/2020\/10\/playa_de_muro.png\" alt=\"\" width=\"700\" height=\"281\" srcset=\"https:\/\/perfectvenue.es\/wp-content\/uploads\/2020\/10\/playa_de_muro.png?v=1626103507 700w, https:\/\/perfectvenue.es\/wp-content\/uploads\/2020\/10\/playa_de_muro-300x120.png?v=1626103507 300w, https:\/\/perfectvenue.es\/wp-content\/uploads\/2020\/10\/playa_de_muro-450x181.png?v=1626103507 450w, https:\/\/perfectvenue.es\/wp-content\/uploads\/2020\/10\/playa_de_muro-600x241.png?v=1626103507 600w\" sizes=\"auto, (max-width: 700px) 100vw, 700px\" \/><figcaption id=\"caption-attachment-28452\" class=\"wp-caption-text\">Photo via abc Mallorca<\/figcaption><\/figure>\n<p style=\"text-align: justify;\"><strong>Playa del Muro<\/strong> <strong>tiene 5km de longitud<\/strong> llena de arena dorada y aguas poco profundas \u00a1haci\u00e9ndola el sitio perfecto para familias! Es importante destacar que <strong>hay hoteles cerca con restaurantes<\/strong>.<\/p>\n<h3 style=\"text-align: justify;\"><strong>Playa Palma Nova<\/strong><\/h3>\n<figure id=\"attachment_28453\" aria-describedby=\"caption-attachment-28453\" style=\"width: 700px\" class=\"wp-caption aligncenter\"><img loading=\"lazy\" decoding=\"async\" class=\"wp-image-28453 size-full\" src=\"https:\/\/perfectvenue.es\/wp-content\/uploads\/2020\/10\/palma-nova-mallorca_opt.jpg\" alt=\"\" width=\"700\" height=\"392\" srcset=\"https:\/\/perfectvenue.es\/wp-content\/uploads\/2020\/10\/palma-nova-mallorca_opt.jpg?v=1626103506 700w, https:\/\/perfectvenue.es\/wp-content\/uploads\/2020\/10\/palma-nova-mallorca_opt-300x168.jpg?v=1626103506 300w, https:\/\/perfectvenue.es\/wp-content\/uploads\/2020\/10\/palma-nova-mallorca_opt-450x252.jpg?v=1626103506 450w, https:\/\/perfectvenue.es\/wp-content\/uploads\/2020\/10\/palma-nova-mallorca_opt-600x336.jpg?v=1626103506 600w\" sizes=\"auto, (max-width: 700px) 100vw, 700px\" \/><figcaption id=\"caption-attachment-28453\" class=\"wp-caption-text\">Photo via Jose Rains<\/figcaption><\/figure>\n<p style=\"text-align: justify;\"><strong>Palma Nova tiene un kil\u00f3metro de arena<\/strong> y hermosas aguas, \u00a1haci\u00e9ndola un destino popular para muchos! Adem\u00e1s, si eres un fan\u00e1tico del deporte, \u00a1prueba alg\u00fan deporte acu\u00e1tico en la playa! Debido a su popularidad,<strong> Palma Nova tiene todas las comodidades que puedas necesitar<\/strong> como duchas, ba\u00f1os, sombrillas, bares o tumbonas.<\/p>\n<h3 style=\"text-align: justify;\"><strong>Playa del Puerto de Pollen\u00e7a<\/strong><\/h3>\n<figure id=\"attachment_28454\" aria-describedby=\"caption-attachment-28454\" style=\"width: 700px\" class=\"wp-caption aligncenter\"><img loading=\"lazy\" decoding=\"async\" class=\"wp-image-28454 size-full\" src=\"https:\/\/perfectvenue.es\/wp-content\/uploads\/2020\/10\/port-de-pollen\u00e7a_opt.jpg\" alt=\"\" width=\"700\" height=\"373\" srcset=\"https:\/\/perfectvenue.es\/wp-content\/uploads\/2020\/10\/port-de-pollen\u00e7a_opt.jpg?v=1626103505 700w, https:\/\/perfectvenue.es\/wp-content\/uploads\/2020\/10\/port-de-pollen\u00e7a_opt-300x160.jpg?v=1626103505 300w, https:\/\/perfectvenue.es\/wp-content\/uploads\/2020\/10\/port-de-pollen\u00e7a_opt-450x240.jpg?v=1626103505 450w, https:\/\/perfectvenue.es\/wp-content\/uploads\/2020\/10\/port-de-pollen\u00e7a_opt-600x320.jpg?v=1626103505 600w\" sizes=\"auto, (max-width: 700px) 100vw, 700px\" \/><figcaption id=\"caption-attachment-28454\" class=\"wp-caption-text\">Photo via abc Mallorca<\/figcaption><\/figure>\n<p style=\"text-align: justify;\">Situada en el <strong>norte<\/strong> de Mallorca, esta playa tiene muchas tumbonas, buenos restaurantes, <strong>tiendas<\/strong>, bares e incluso tiene un<strong> encantador puerto deportivo<\/strong>.<\/p>\n<h3 style=\"text-align: justify;\"><b>Playa de San Telmo<\/b><\/h3>\n<figure id=\"attachment_28455\" aria-describedby=\"caption-attachment-28455\" style=\"width: 700px\" class=\"wp-caption aligncenter\"><img loading=\"lazy\" decoding=\"async\" class=\"wp-image-28455 size-full\" src=\"https:\/\/perfectvenue.es\/wp-content\/uploads\/2020\/10\/playa-de-sant-elm_opt.jpg\" alt=\"\" width=\"700\" height=\"525\" srcset=\"https:\/\/perfectvenue.es\/wp-content\/uploads\/2020\/10\/playa-de-sant-elm_opt.jpg?v=1626103504 700w, https:\/\/perfectvenue.es\/wp-content\/uploads\/2020\/10\/playa-de-sant-elm_opt-300x225.jpg?v=1626103504 300w, https:\/\/perfectvenue.es\/wp-content\/uploads\/2020\/10\/playa-de-sant-elm_opt-450x338.jpg?v=1626103504 450w, https:\/\/perfectvenue.es\/wp-content\/uploads\/2020\/10\/playa-de-sant-elm_opt-600x450.jpg?v=1626103504 600w\" sizes=\"auto, (max-width: 700px) 100vw, 700px\" \/><figcaption id=\"caption-attachment-28455\" class=\"wp-caption-text\">Photo via Playas Baleares<\/figcaption><\/figure>\n<p style=\"text-align: justify;\">Localizada al<strong> suroeste de Mallorca, San Telmo<\/strong> es una peque\u00f1a playa con unas <strong>vistas encantadoras de Dragonera.<\/strong> Dada su cercan\u00eda, \u00a1incluso puedes optar por hacer una <strong>excursi\u00f3n para visitar la isla<\/strong> de Dragonera! La playa de San Telmo tambi\u00e9n tiene todo lo que puedas necesitar, como duchas, sombrillas, tumbonas y ba\u00f1os.<\/p>\n<h3 style=\"text-align: justify;\"><strong>Playa d\u2019Alc\u00fadia<\/strong><\/h3>\n<figure id=\"attachment_28456\" aria-describedby=\"caption-attachment-28456\" style=\"width: 700px\" class=\"wp-caption aligncenter\"><img loading=\"lazy\" decoding=\"async\" class=\"wp-image-28456 size-full\" src=\"https:\/\/perfectvenue.es\/wp-content\/uploads\/2020\/10\/port-alcudia-20_opt.jpg\" alt=\"\" width=\"700\" height=\"394\" srcset=\"https:\/\/perfectvenue.es\/wp-content\/uploads\/2020\/10\/port-alcudia-20_opt.jpg?v=1626103504 700w, https:\/\/perfectvenue.es\/wp-content\/uploads\/2020\/10\/port-alcudia-20_opt-300x169.jpg?v=1626103504 300w, https:\/\/perfectvenue.es\/wp-content\/uploads\/2020\/10\/port-alcudia-20_opt-450x253.jpg?v=1626103504 450w, https:\/\/perfectvenue.es\/wp-content\/uploads\/2020\/10\/port-alcudia-20_opt-600x338.jpg?v=1626103504 600w\" sizes=\"auto, (max-width: 700px) 100vw, 700px\" \/><figcaption id=\"caption-attachment-28456\" class=\"wp-caption-text\">Photo via abc Mallorca<\/figcaption><\/figure>\n<div dir=\"auto\">Con arena bonita y agua poco profunda,<strong>playa de Alcudia<\/strong> es una de las mejores playas de Mallorca. Incluso puedes practicar deportes acu\u00e1ticos y hay mucho espacio \u00a1haciendo esta playa, un sitio muy familiar! Adem\u00e1s, la playa tiene muchos restaurantes cerca.<\/div>\n<h2 style=\"text-align: justify;\"><strong>\u00bfEst\u00e1s buscando bares de playa o clubs playeros?<\/strong><\/h2>\n<h3 style=\"text-align: justify;\"><strong>Nikki Beach<\/strong><\/h3>\n<figure id=\"attachment_28458\" aria-describedby=\"caption-attachment-28458\" style=\"width: 700px\" class=\"wp-caption aligncenter\"><img loading=\"lazy\" decoding=\"async\" class=\"wp-image-28458 size-full\" src=\"https:\/\/perfectvenue.es\/wp-content\/uploads\/2020\/10\/nikki-beach-mallorca-piscina_opt.jpg\" alt=\"\" width=\"700\" height=\"467\" srcset=\"https:\/\/perfectvenue.es\/wp-content\/uploads\/2020\/10\/nikki-beach-mallorca-piscina_opt.jpg?v=1626103502 700w, https:\/\/perfectvenue.es\/wp-content\/uploads\/2020\/10\/nikki-beach-mallorca-piscina_opt-300x200.jpg?v=1626103502 300w, https:\/\/perfectvenue.es\/wp-content\/uploads\/2020\/10\/nikki-beach-mallorca-piscina_opt-450x300.jpg?v=1626103502 450w, https:\/\/perfectvenue.es\/wp-content\/uploads\/2020\/10\/nikki-beach-mallorca-piscina_opt-600x400.jpg?v=1626103502 600w\" sizes=\"auto, (max-width: 700px) 100vw, 700px\" \/><figcaption id=\"caption-attachment-28458\" class=\"wp-caption-text\">Photo via Nikki Beach Mallorca<\/figcaption><\/figure>\n<p style=\"text-align: justify;\">Este es uno de los <strong>espacios para fiestas y comida m\u00e1s famosos<\/strong> en Mallorca.\u00a1Tiene una gran piscina y una deliciosa cocina para elegir!<\/p>\n<h3 style=\"text-align: justify;\"><strong>Club mar\u00edtimo Mhares.\u00a0<\/strong><\/h3>\n<figure id=\"attachment_28457\" aria-describedby=\"caption-attachment-28457\" style=\"width: 700px\" class=\"wp-caption aligncenter\"><img loading=\"lazy\" decoding=\"async\" class=\"wp-image-28457 size-full\" src=\"https:\/\/perfectvenue.es\/wp-content\/uploads\/2020\/10\/mhares-sea-club-mallorca_opt.png\" alt=\"\" width=\"700\" height=\"393\" srcset=\"https:\/\/perfectvenue.es\/wp-content\/uploads\/2020\/10\/mhares-sea-club-mallorca_opt.png?v=1626103503 700w, https:\/\/perfectvenue.es\/wp-content\/uploads\/2020\/10\/mhares-sea-club-mallorca_opt-300x168.png?v=1626103503 300w, https:\/\/perfectvenue.es\/wp-content\/uploads\/2020\/10\/mhares-sea-club-mallorca_opt-450x253.png?v=1626103503 450w, https:\/\/perfectvenue.es\/wp-content\/uploads\/2020\/10\/mhares-sea-club-mallorca_opt-600x337.png?v=1626103503 600w\" sizes=\"auto, (max-width: 700px) 100vw, 700px\" \/><figcaption id=\"caption-attachment-28457\" class=\"wp-caption-text\">Photo via Mhares Sea Club<\/figcaption><\/figure>\n<p style=\"text-align: justify;\">El <strong>club mar\u00edtimo Mhares<\/strong> es un sitio realmente \u00fanico, \u00a1ofreciendo unas<strong> maravillosas vistas<\/strong> de la puesta de sol por las tardes!<\/p>\n<h2 style=\"text-align: justify;\"><strong>Playas extra:<\/strong><strong>\u00a0<\/strong><\/h2>\n<h3 style=\"text-align: justify;\"><strong>Cala playa Agulla, Cala Ratjada<\/strong><\/h3>\n<figure id=\"attachment_28459\" aria-describedby=\"caption-attachment-28459\" style=\"width: 700px\" class=\"wp-caption aligncenter\"><img loading=\"lazy\" decoding=\"async\" class=\"wp-image-28459 size-full\" src=\"https:\/\/perfectvenue.es\/wp-content\/uploads\/2020\/10\/cala-agulla-mallorca_opt.jpg\" alt=\"\" width=\"700\" height=\"370\" srcset=\"https:\/\/perfectvenue.es\/wp-content\/uploads\/2020\/10\/cala-agulla-mallorca_opt.jpg?v=1626103501 700w, https:\/\/perfectvenue.es\/wp-content\/uploads\/2020\/10\/cala-agulla-mallorca_opt-300x159.jpg?v=1626103501 300w, https:\/\/perfectvenue.es\/wp-content\/uploads\/2020\/10\/cala-agulla-mallorca_opt-450x238.jpg?v=1626103501 450w, https:\/\/perfectvenue.es\/wp-content\/uploads\/2020\/10\/cala-agulla-mallorca_opt-600x317.jpg?v=1626103501 600w\" sizes=\"auto, (max-width: 700px) 100vw, 700px\" \/><figcaption id=\"caption-attachment-28459\" class=\"wp-caption-text\">Photo via abc Mallorca<\/figcaption><\/figure>\n<div dir=\"auto\"><strong>Playa id\u00edlica<\/strong> en el noreste de Mallorca con aguas turquesas.<\/div>\n<h3 style=\"text-align: justify;\"><strong>Playa Cala d\u2019Or\u00a0<\/strong><\/h3>\n<figure id=\"attachment_28460\" aria-describedby=\"caption-attachment-28460\" style=\"width: 700px\" class=\"wp-caption aligncenter\"><img loading=\"lazy\" decoding=\"async\" class=\"wp-image-28460 size-full\" src=\"https:\/\/perfectvenue.es\/wp-content\/uploads\/2020\/10\/Cala-dOr-mallorca_opt.jpg\" alt=\"\" width=\"700\" height=\"370\" srcset=\"https:\/\/perfectvenue.es\/wp-content\/uploads\/2020\/10\/Cala-dOr-mallorca_opt.jpg?v=1626103500 700w, https:\/\/perfectvenue.es\/wp-content\/uploads\/2020\/10\/Cala-dOr-mallorca_opt-300x159.jpg?v=1626103500 300w, https:\/\/perfectvenue.es\/wp-content\/uploads\/2020\/10\/Cala-dOr-mallorca_opt-450x238.jpg?v=1626103500 450w, https:\/\/perfectvenue.es\/wp-content\/uploads\/2020\/10\/Cala-dOr-mallorca_opt-600x317.jpg?v=1626103500 600w\" sizes=\"auto, (max-width: 700px) 100vw, 700px\" \/><figcaption id=\"caption-attachment-28460\" class=\"wp-caption-text\">Photo via abc Mallorca<\/figcaption><\/figure>\n<p style=\"text-align: justify;\">Cala d\u2019Or consiste en<strong> cinco playas <\/strong>en el este de Mallorca.<\/p>\n<h3 style=\"text-align: justify;\"><strong>Cala playa Major, Palma de Mallorca<\/strong><\/h3>\n<figure id=\"attachment_28461\" aria-describedby=\"caption-attachment-28461\" style=\"width: 700px\" class=\"wp-caption aligncenter\"><img loading=\"lazy\" decoding=\"async\" class=\"wp-image-28461 size-full\" src=\"https:\/\/perfectvenue.es\/wp-content\/uploads\/2020\/10\/cala-mayor-mallorca_opt.jpg\" alt=\"\" width=\"700\" height=\"370\" srcset=\"https:\/\/perfectvenue.es\/wp-content\/uploads\/2020\/10\/cala-mayor-mallorca_opt.jpg?v=1626103499 700w, https:\/\/perfectvenue.es\/wp-content\/uploads\/2020\/10\/cala-mayor-mallorca_opt-300x159.jpg?v=1626103499 300w, https:\/\/perfectvenue.es\/wp-content\/uploads\/2020\/10\/cala-mayor-mallorca_opt-450x238.jpg?v=1626103499 450w, https:\/\/perfectvenue.es\/wp-content\/uploads\/2020\/10\/cala-mayor-mallorca_opt-600x317.jpg?v=1626103499 600w\" sizes=\"auto, (max-width: 700px) 100vw, 700px\" \/><figcaption id=\"caption-attachment-28461\" class=\"wp-caption-text\">Photo via abc Mallorca<\/figcaption><\/figure>\n<div dir=\"auto\">Si est\u00e1s buscando un sitio donde ir pero quieres seguir estando<strong> cerca de Palma de Mallorca<\/strong>, \u00a1Cala Mayor es perfecta para ti!<\/div>\n<div dir=\"auto\"><\/div>\n<div dir=\"auto\"><\/div>\n<div dir=\"auto\">\u00a1Esperamos que nuestras sugerencias te hayan sido de ayuda!<\/div>\n<div dir=\"auto\"><\/div>\n<p style=\"text-align: justify;\"><strong><a href=\"https:\/\/perfectvenue.es\/tips-articles\/\">\u00a1Echa un vistazo al blog de Perfect Venue blog<\/a> para m\u00e1s inspiraci\u00f3n!<\/strong><\/p>\n<p><\/p>\n<span class=\"tags-links\"><a href=\"https:\/\/perfectvenue.es\/es\/tag\/beaches-in-mallorca\/\" rel=\"tag\">beaches in Mallorca<\/a><a href=\"https:\/\/perfectvenue.es\/es\/tag\/best-beaches-in-mallorca\/\" rel=\"tag\">best beaches in Mallorca<\/a><a href=\"https:\/\/perfectvenue.es\/es\/tag\/mejores-playas-en-mallorca\/\" rel=\"tag\">mejores playas en Mallorca<\/a><a href=\"https:\/\/perfectvenue.es\/es\/tag\/playas-en-mallorca\/\" rel=\"tag\">playas en Mallorca<\/a><a href=\"https:\/\/perfectvenue.es\/es\/tag\/unique-holidays\/\" rel=\"tag\">unique holidays<\/a><a href=\"https:\/\/perfectvenue.es\/es\/tag\/vacaciones-unicas\/\" rel=\"tag\">vacaciones \u00fanicas<\/a><a href=\"https:\/\/perfectvenue.es\/es\/tag\/%d0%bf%d0%bb%d1%8f%d0%b6%d0%b8-%d0%bc%d0%b0%d0%b9%d0%be%d1%80%d0%ba%d0%b8\/\" rel=\"tag\">\u043f\u043b\u044f\u0436\u0438 \u041c\u0430\u0439\u043e\u0440\u043a\u0438<\/a><\/span>","protected":false},"excerpt":{"rendered":"<p>Mallorca es una isla \u00fanica con sus aguas azules cristalinas y su arena dorada \u00a1perfecta para cualquiera que busque unas vacaciones soleadas!<\/p>\n","protected":false},"author":26511,"featured_media":28443,"comment_status":"open","ping_status":"open","sticky":false,"template":"","format":"standard","meta":{"footnotes":""},"categories":[3528],"tags":[3517,3518,3519,3520,3521,3522,3619],"class_list":["post-28441","post","type-post","status-publish","format-standard","has-post-thumbnail","hentry","category-best-places-in-spain","tag-beaches-in-mallorca","tag-best-beaches-in-mallorca","tag-mejores-playas-en-mallorca","tag-playas-en-mallorca","tag-unique-holidays","tag-vacaciones-unicas","tag-3619","post_region-islas-baleares"],"_links":{"self":[{"href":"https:\/\/perfectvenue.es\/es\/wp-json\/wp\/v2\/posts\/28441","targetHints":{"allow":["GET"]}}],"collection":[{"href":"https:\/\/perfectvenue.es\/es\/wp-json\/wp\/v2\/posts"}],"about":[{"href":"https:\/\/perfectvenue.es\/es\/wp-json\/wp\/v2\/types\/post"}],"author":[{"embeddable":true,"href":"https:\/\/perfectvenue.es\/es\/wp-json\/wp\/v2\/users\/26511"}],"replies":[{"embeddable":true,"href":"https:\/\/perfectvenue.es\/es\/wp-json\/wp\/v2\/comments?post=28441"}],"version-history":[{"count":1,"href":"https:\/\/perfectvenue.es\/es\/wp-json\/wp\/v2\/posts\/28441\/revisions"}],"predecessor-version":[{"id":29873,"href":"https:\/\/perfectvenue.es\/es\/wp-json\/wp\/v2\/posts\/28441\/revisions\/29873"}],"wp:featuredmedia":[{"embeddable":true,"href":"https:\/\/perfectvenue.es\/es\/wp-json\/wp\/v2\/media\/28443"}],"wp:attachment":[{"href":"https:\/\/perfectvenue.es\/es\/wp-json\/wp\/v2\/media?parent=28441"}],"wp:term":[{"taxonomy":"category","embeddable":true,"href":"https:\/\/perfectvenue.es\/es\/wp-json\/wp\/v2\/categories?post=28441"},{"taxonomy":"post_tag","embeddable":true,"href":"https:\/\/perfectvenue.es\/es\/wp-json\/wp\/v2\/tags?post=28441"}],"curies":[{"name":"wp","href":"https:\/\/api.w.org\/{rel}","templated":true}]}}