{"id":28373,"date":"2020-09-02T15:10:16","date_gmt":"2020-09-02T12:10:16","guid":{"rendered":"https:\/\/perfectvenue.es\/?p=28373"},"modified":"2021-01-31T14:23:46","modified_gmt":"2021-01-31T11:23:46","slug":"where-are-the-nicest-places-to-eat-in-mallorca","status":"publish","type":"post","link":"https:\/\/perfectvenue.es\/es\/2020\/09\/02\/where-are-the-nicest-places-to-eat-in-mallorca\/","title":{"rendered":"\u00bfD\u00f3nde est\u00e1n los mejores sitios para comer en Mallorca?\u00a0"},"content":{"rendered":"<p><\/p>\n<div dir=\"auto\">Mallorca es una de las islas m\u00e1s famosas de Espa\u00f1a, con una<strong> rica herencia culinaria<\/strong>, \u00a1por lo que no ser\u00e1 difi\u00edcil encontrar deliciosa comida tradicional!<\/div>\n<div dir=\"auto\"><\/div>\n<div dir=\"auto\">Como alternativa, si tambi\u00e9n quieres comida m\u00e1s internacional, esto tambi\u00e9n est\u00e1 disponible en muchos bares y restaurantes.<\/div>\n<h3 style=\"text-align: justify;\">Desayuno en Mallorca<\/h3>\n<figure id=\"attachment_28433\" aria-describedby=\"caption-attachment-28433\" style=\"width: 700px\" class=\"wp-caption aligncenter\"><img loading=\"lazy\" decoding=\"async\" class=\"wp-image-28433 size-full\" src=\"https:\/\/perfectvenue.es\/wp-content\/uploads\/2020\/10\/ensaimada-casera-detalle_opt.jpg\" alt=\"\" width=\"700\" height=\"700\" srcset=\"https:\/\/perfectvenue.es\/wp-content\/uploads\/2020\/10\/ensaimada-casera-detalle_opt.jpg?v=1626103515 700w, https:\/\/perfectvenue.es\/wp-content\/uploads\/2020\/10\/ensaimada-casera-detalle_opt-300x300.jpg?v=1626103515 300w, https:\/\/perfectvenue.es\/wp-content\/uploads\/2020\/10\/ensaimada-casera-detalle_opt-150x150.jpg?v=1626103515 150w, https:\/\/perfectvenue.es\/wp-content\/uploads\/2020\/10\/ensaimada-casera-detalle_opt-450x450.jpg?v=1626103515 450w, https:\/\/perfectvenue.es\/wp-content\/uploads\/2020\/10\/ensaimada-casera-detalle_opt-600x600.jpg?v=1626103515 600w, https:\/\/perfectvenue.es\/wp-content\/uploads\/2020\/10\/ensaimada-casera-detalle_opt-100x100.jpg?v=1626103515 100w\" sizes=\"auto, (max-width: 700px) 100vw, 700px\" \/><figcaption id=\"caption-attachment-28433\" class=\"wp-caption-text\">Photo via divinacocina<\/figcaption><\/figure>\n<div dir=\"auto\">Depende de cada establecimiento local pero la mayor\u00eda de los caf\u00e9s est\u00e1n abiertos para ofrecer desayunos desde las<strong> 08:00<\/strong> de la ma\u00f1ana, a veces antes. Si quieres probar un aut\u00e9ntico desayuno mallorquino, entonces te recomendar\u00edamos la <em><strong>ensaimada<\/strong><\/em>, un tipo de pasta en espiral, o se podr\u00eda optar por un<strong> pa amb oli<\/strong> (que tambi\u00e9n es conocido a veces como\u00a0 \u2018\u2019pan con tomate\u2019\u2019 ) que consiste en una <strong>rebanada de pan cubierta con tomate, aceite de oliva y un poco de sal.<\/strong><\/div>\n<div dir=\"auto\"><\/div>\n<div dir=\"auto\">Como hemos dicho anteriormente, si no te apetece optar por un desayuno local, tambi\u00e9n hay <strong>m\u00faltiples opciones de desayuno internacional disponibles<\/strong>, a menudo en las zonas tur\u00edsticas, se ofrecen comidas coomo un desayuno ingl\u00e9s completo o tortitas al estilo americano.<\/div>\n<h3 style=\"text-align: justify;\">Comida en Mallorca<\/h3>\n<p style=\"text-align: justify;\"><strong>La comida en Mallorca normalmente tiene lugar entre las 13:00h y las 15:00h<\/strong>. La mayor\u00eda de restaurantes ofrecen el Men\u00fa del d\u00eda, que es un men\u00fa fijo que ofrece tres platos y una bebida. Del mismo modo, si deseas algo m\u00e1s ligero para la comida, algunos restaurantes tambi\u00e9n tienen <em><strong>plato del d\u00eda<\/strong><\/em>, que es un plato acompa\u00f1ado de una bebida.<\/p>\n<h3 style=\"text-align: justify;\">Cena en Mallorca<\/h3>\n<div dir=\"auto\">En Espa\u00f1a es com\u00fan <strong>cenar muy tarde<\/strong>, normalmente entre las 21:00 y las 23:00 h , de todas formas, la mayor\u00eda de restaurantes estar\u00e1n abiertos desde las 19:30 o 20:30 h. Si est\u00e1s pensando comer fuera, te recomendamos <strong>reservar una mesa con antelaci\u00f3n<\/strong> para asegurarte de que podr\u00e1s comer en tu restaurante o bar elegido. Esto es particularmente importante sobre todo en verano ya que hay una alta demanda.<\/div>\n<div dir=\"auto\"><\/div>\n<div dir=\"auto\">Algunos restaurantes en Mallorca te llevar\u00e1n la cuenta con una peque\u00f1a <em>copa<\/em> de alcohol (chupito), un regalo del restaurante para agradecerte el haber cenado all\u00ed.<\/div>\n<h3 style=\"text-align: justify;\">Tipos de caf\u00e9 en Mallorca<\/h3>\n<p style=\"text-align: justify;\">En Espa\u00f1a, el caf\u00e9 es una de las bebidas m\u00e1s consumidas a lo largo del d\u00eda. Aqu\u00ed va una lista de los tipos m\u00e1s comunes disponibles:<\/p>\n<p style=\"text-align: justify;\"><strong><em>Caf\u00e9 solo<\/em><\/strong> \u2013 \u00a0Caf\u00e9 negro (sin leche)<\/p>\n<p style=\"text-align: justify;\"><strong><em>Caf\u00e9 con leche<\/em><\/strong><em> \u2013 Caf\u00e9 habitual con leche\u00a0<\/em><\/p>\n<p style=\"text-align: justify;\"><strong><em>Cortado<\/em><\/strong> \u2013 Caf\u00e9 peque\u00f1o con leche<\/p>\n<p style=\"text-align: justify;\"><strong><em>Americano<\/em><\/strong> \u2013 Caf\u00e9 solo suave<\/p>\n<p style=\"text-align: justify;\">Adem\u00e1s, si quieres a\u00f1adir alcohol a tu caf\u00e9 solo, puedes que pedir un <strong><em>carajillo<\/em><\/strong>. Las opciones suelen ser Amazonas(el ron mallorqu\u00edn local), el co\u00f1ac o el Baileys.<\/p>\n<h3 style=\"text-align: justify;\">\u00bfQu\u00e9 deber\u00eda llevar en Mallorca?<\/h3>\n<p style=\"text-align: justify;\">No es com\u00fan vestir muy formal en la isla; es m\u00e1s<strong> com\u00fan a ropa informal casual<\/strong>. De cualquier forma, si est\u00e1s planeando ir a un restaurante exclusivo y lujoso, entonces aseg\u00farate de llevar un c\u00f3digo de vestimenta elegante y casual.<\/p>\n<h3 style=\"text-align: justify;\">Cenar con ni\u00f1os en Mallorca<\/h3>\n<p style=\"text-align: justify;\">Debido al turismo en Mallorca y su<strong> ambiente familiar<\/strong>, los ni\u00f1os son siempre bienvenidos en la mayor\u00eda de restaurantes y bares con sus padres y familias. Los ni\u00f1os no pueden ir a hoteles de solo para adultos.<\/p>\n<h2 style=\"text-align: justify;\">Caf\u00e9s y <em>panader\u00edas\u00a0<\/em><\/h2>\n<p style=\"text-align: justify;\">Debido a la naturaleza insular y familiar de Mallorca, hay <strong>muchas cafeter\u00edas y panader\u00edas para elegir<\/strong>. Si quieres probar las delicias locales como la famosa <em><strong>ensaimada<\/strong><\/em>, \u00a1te <strong>recomendamos encarecidamente que visites una panader\u00eda local!<\/strong>\u00a0 Aqu\u00ed est\u00e1n algunas de nuestras sugerencias:<\/p>\n<h3 style=\"text-align: justify;\">Cappuccino<\/h3>\n<figure id=\"attachment_28375\" aria-describedby=\"caption-attachment-28375\" style=\"width: 700px\" class=\"wp-caption aligncenter\"><img loading=\"lazy\" decoding=\"async\" class=\"wp-image-28375 size-full\" src=\"https:\/\/perfectvenue.es\/wp-content\/uploads\/2020\/10\/cappuccino-mallorca_opt.jpg\" alt=\"\" width=\"700\" height=\"1050\" srcset=\"https:\/\/perfectvenue.es\/wp-content\/uploads\/2020\/10\/cappuccino-mallorca_opt.jpg?v=1626103572 700w, https:\/\/perfectvenue.es\/wp-content\/uploads\/2020\/10\/cappuccino-mallorca_opt-200x300.jpg?v=1626103572 200w, https:\/\/perfectvenue.es\/wp-content\/uploads\/2020\/10\/cappuccino-mallorca_opt-683x1024.jpg?v=1626103572 683w, https:\/\/perfectvenue.es\/wp-content\/uploads\/2020\/10\/cappuccino-mallorca_opt-450x675.jpg?v=1626103572 450w, https:\/\/perfectvenue.es\/wp-content\/uploads\/2020\/10\/cappuccino-mallorca_opt-533x800.jpg?v=1626103572 533w, https:\/\/perfectvenue.es\/wp-content\/uploads\/2020\/10\/cappuccino-mallorca_opt-600x900.jpg?v=1626103572 600w\" sizes=\"auto, (max-width: 700px) 100vw, 700px\" \/><figcaption id=\"caption-attachment-28375\" class=\"wp-caption-text\">Photo via Cappuccino<\/figcaption><\/figure>\n<p style=\"text-align: justify;\">Hay muchos establecimientos<strong> Capuccino<\/strong> en Mallorca a lo largo de toda la isla, en \u00e1reas como Palmas, Puerto Portals, Valldemossa,Puerto de Pollen\u00e7a, Palma Nova y Puerto de Andratx. Estos ofrecen un buen caf\u00e9, comida y bebidas a lo largo del d\u00eda.<\/p>\n<h3 style=\"text-align: justify;\">Rialto Caf\u00e9<\/h3>\n<figure id=\"attachment_28376\" aria-describedby=\"caption-attachment-28376\" style=\"width: 700px\" class=\"wp-caption aligncenter\"><img loading=\"lazy\" decoding=\"async\" class=\"wp-image-28376 size-full\" src=\"https:\/\/perfectvenue.es\/wp-content\/uploads\/2020\/10\/cafe-rialto-01_opt.jpg\" alt=\"\" width=\"700\" height=\"350\" srcset=\"https:\/\/perfectvenue.es\/wp-content\/uploads\/2020\/10\/cafe-rialto-01_opt.jpg?v=1626103571 700w, https:\/\/perfectvenue.es\/wp-content\/uploads\/2020\/10\/cafe-rialto-01_opt-300x150.jpg?v=1626103571 300w, https:\/\/perfectvenue.es\/wp-content\/uploads\/2020\/10\/cafe-rialto-01_opt-450x225.jpg?v=1626103571 450w, https:\/\/perfectvenue.es\/wp-content\/uploads\/2020\/10\/cafe-rialto-01_opt-600x300.jpg?v=1626103571 600w\" sizes=\"auto, (max-width: 700px) 100vw, 700px\" \/><figcaption id=\"caption-attachment-28376\" class=\"wp-caption-text\">Photo via Rialto Living<\/figcaption><\/figure>\n<p style=\"text-align: justify;\">Situado en los lujosos grandes almacenes de Palma, <strong>Rialto Living<\/strong>, este caf\u00e9 tiene una maravillosa arquitectura y una sabrosa cocina casera.<\/p>\n<h3 style=\"text-align: justify;\">Caf\u00e9 Scholl<\/h3>\n<figure id=\"attachment_28377\" aria-describedby=\"caption-attachment-28377\" style=\"width: 700px\" class=\"wp-caption aligncenter\"><img loading=\"lazy\" decoding=\"async\" class=\"wp-image-28377 size-full\" src=\"https:\/\/perfectvenue.es\/wp-content\/uploads\/2020\/10\/caf\u00e9-scholl_opt.jpg\" alt=\"\" width=\"700\" height=\"438\" srcset=\"https:\/\/perfectvenue.es\/wp-content\/uploads\/2020\/10\/caf\u00e9-scholl_opt.jpg?v=1626103570 700w, https:\/\/perfectvenue.es\/wp-content\/uploads\/2020\/10\/caf\u00e9-scholl_opt-300x188.jpg?v=1626103570 300w, https:\/\/perfectvenue.es\/wp-content\/uploads\/2020\/10\/caf\u00e9-scholl_opt-450x282.jpg?v=1626103570 450w, https:\/\/perfectvenue.es\/wp-content\/uploads\/2020\/10\/caf\u00e9-scholl_opt-600x375.jpg?v=1626103570 600w\" sizes=\"auto, (max-width: 700px) 100vw, 700px\" \/><figcaption id=\"caption-attachment-28377\" class=\"wp-caption-text\">Photo via Exclusiver Mallorca<\/figcaption><\/figure>\n<p style=\"text-align: justify;\">Este caf\u00e9 situado en <strong>S\u00f3ller<\/strong>, con un patio al aire libre, sirve tartas y pasteles europeos y mallorquines y bebidas calientes.<\/p>\n<h3 style=\"text-align: justify;\">Can Joan de S\u2019Aigo<\/h3>\n<figure id=\"attachment_28378\" aria-describedby=\"caption-attachment-28378\" style=\"width: 700px\" class=\"wp-caption aligncenter\"><img loading=\"lazy\" decoding=\"async\" class=\"wp-image-28378 size-full\" src=\"https:\/\/perfectvenue.es\/wp-content\/uploads\/2020\/10\/can-joan-de-saigo_opt.jpg\" alt=\"\" width=\"700\" height=\"370\" srcset=\"https:\/\/perfectvenue.es\/wp-content\/uploads\/2020\/10\/can-joan-de-saigo_opt.jpg?v=1626103569 700w, https:\/\/perfectvenue.es\/wp-content\/uploads\/2020\/10\/can-joan-de-saigo_opt-300x159.jpg?v=1626103569 300w, https:\/\/perfectvenue.es\/wp-content\/uploads\/2020\/10\/can-joan-de-saigo_opt-450x238.jpg?v=1626103569 450w, https:\/\/perfectvenue.es\/wp-content\/uploads\/2020\/10\/can-joan-de-saigo_opt-600x317.jpg?v=1626103569 600w\" sizes=\"auto, (max-width: 700px) 100vw, 700px\" \/><figcaption id=\"caption-attachment-28378\" class=\"wp-caption-text\">Photo via abc Mallorca<\/figcaption><\/figure>\n<p style=\"text-align: justify;\">\u00a1Si quieres una aut\u00e9ntica <strong>experiencia gastron\u00f3mica mallorquina<\/strong>, visita este caf\u00e9 situado en el casco antiguo de Palma! \u00a1Se rumorea que tiene unas de las mejores <em>ensaimadas<\/em>!<\/p>\n<h3 style=\"text-align: justify;\">Horno Santo Cristo<\/h3>\n<figure id=\"attachment_28379\" aria-describedby=\"caption-attachment-28379\" style=\"width: 700px\" class=\"wp-caption aligncenter\"><img loading=\"lazy\" decoding=\"async\" class=\"wp-image-28379 size-full\" src=\"https:\/\/perfectvenue.es\/wp-content\/uploads\/2020\/10\/horno-santo-cristo_opt.jpg\" alt=\"\" width=\"700\" height=\"467\" srcset=\"https:\/\/perfectvenue.es\/wp-content\/uploads\/2020\/10\/horno-santo-cristo_opt.jpg?v=1626103569 700w, https:\/\/perfectvenue.es\/wp-content\/uploads\/2020\/10\/horno-santo-cristo_opt-300x200.jpg?v=1626103569 300w, https:\/\/perfectvenue.es\/wp-content\/uploads\/2020\/10\/horno-santo-cristo_opt-450x300.jpg?v=1626103569 450w, https:\/\/perfectvenue.es\/wp-content\/uploads\/2020\/10\/horno-santo-cristo_opt-600x400.jpg?v=1626103569 600w\" sizes=\"auto, (max-width: 700px) 100vw, 700px\" \/><figcaption id=\"caption-attachment-28379\" class=\"wp-caption-text\">Photo via Horno Santo Cristo<\/figcaption><\/figure>\n<p style=\"text-align: justify;\">Este caf\u00e9 es uno de los <strong>sitios m\u00e1s tradicionales<\/strong> de la isla para comprar una <em>ensaimada<\/em>. De forma alternativa, tambi\u00e9n puedes optar por diferentes s\u00e1ndwiches y postres.<\/p>\n<h3 style=\"text-align: justify;\">Helader\u00eda Giovanni L.<\/h3>\n<figure id=\"attachment_28380\" aria-describedby=\"caption-attachment-28380\" style=\"width: 700px\" class=\"wp-caption aligncenter\"><img loading=\"lazy\" decoding=\"async\" class=\"wp-image-28380 size-full\" src=\"https:\/\/perfectvenue.es\/wp-content\/uploads\/2020\/10\/giovanni-l-mallorca_opt.jpg\" alt=\"\" width=\"700\" height=\"467\" srcset=\"https:\/\/perfectvenue.es\/wp-content\/uploads\/2020\/10\/giovanni-l-mallorca_opt.jpg?v=1626103568 700w, https:\/\/perfectvenue.es\/wp-content\/uploads\/2020\/10\/giovanni-l-mallorca_opt-300x200.jpg?v=1626103568 300w, https:\/\/perfectvenue.es\/wp-content\/uploads\/2020\/10\/giovanni-l-mallorca_opt-450x300.jpg?v=1626103568 450w, https:\/\/perfectvenue.es\/wp-content\/uploads\/2020\/10\/giovanni-l-mallorca_opt-600x400.jpg?v=1626103568 600w\" sizes=\"auto, (max-width: 700px) 100vw, 700px\" \/><figcaption id=\"caption-attachment-28380\" class=\"wp-caption-text\">Photo via Gastron\u00f2micament<\/figcaption><\/figure>\n<p style=\"text-align: justify;\">\u00a1Esta helader\u00eda se hizo famosa por proporcionar helados a la Familia Real espa\u00f1ola! \u00a1Tiene locales por toda la isla!<\/p>\n<h2 style=\"text-align: justify;\">Restaurantes BBQ<\/h2>\n<h3 style=\"text-align: justify;\">Restaurante Nola<\/h3>\n<figure id=\"attachment_28381\" aria-describedby=\"caption-attachment-28381\" style=\"width: 700px\" class=\"wp-caption aligncenter\"><img loading=\"lazy\" decoding=\"async\" class=\"wp-image-28381 size-full\" src=\"https:\/\/perfectvenue.es\/wp-content\/uploads\/2020\/10\/restaurante-nola_opt.jpg\" alt=\"\" width=\"700\" height=\"700\" srcset=\"https:\/\/perfectvenue.es\/wp-content\/uploads\/2020\/10\/restaurante-nola_opt.jpg?v=1626103567 700w, https:\/\/perfectvenue.es\/wp-content\/uploads\/2020\/10\/restaurante-nola_opt-300x300.jpg?v=1626103567 300w, https:\/\/perfectvenue.es\/wp-content\/uploads\/2020\/10\/restaurante-nola_opt-150x150.jpg?v=1626103567 150w, https:\/\/perfectvenue.es\/wp-content\/uploads\/2020\/10\/restaurante-nola_opt-450x450.jpg?v=1626103567 450w, https:\/\/perfectvenue.es\/wp-content\/uploads\/2020\/10\/restaurante-nola_opt-600x600.jpg?v=1626103567 600w, https:\/\/perfectvenue.es\/wp-content\/uploads\/2020\/10\/restaurante-nola_opt-100x100.jpg?v=1626103567 100w\" sizes=\"auto, (max-width: 700px) 100vw, 700px\" \/><figcaption id=\"caption-attachment-28381\" class=\"wp-caption-text\">Photo via Nola Restaurant<\/figcaption><\/figure>\n<p style=\"text-align: justify;\">El restaurante Nola est\u00e1 situado en Santa Catalina \u00a1y une la <strong>comida caj\u00fan y la criolla<\/strong> a Palma! \u00a1Es genial para los amantes de la carne y el pescado!<\/p>\n<h3 style=\"text-align: justify;\">Restaurante y bar KOA<\/h3>\n<figure id=\"attachment_28382\" aria-describedby=\"caption-attachment-28382\" style=\"width: 700px\" class=\"wp-caption aligncenter\"><img loading=\"lazy\" decoding=\"async\" class=\"wp-image-28382 size-full\" src=\"https:\/\/perfectvenue.es\/wp-content\/uploads\/2020\/10\/koa-bar-palma-mallorca_opt.png\" alt=\"\" width=\"700\" height=\"400\" srcset=\"https:\/\/perfectvenue.es\/wp-content\/uploads\/2020\/10\/koa-bar-palma-mallorca_opt.png?v=1626103566 700w, https:\/\/perfectvenue.es\/wp-content\/uploads\/2020\/10\/koa-bar-palma-mallorca_opt-300x171.png?v=1626103566 300w, https:\/\/perfectvenue.es\/wp-content\/uploads\/2020\/10\/koa-bar-palma-mallorca_opt-450x257.png?v=1626103566 450w, https:\/\/perfectvenue.es\/wp-content\/uploads\/2020\/10\/koa-bar-palma-mallorca_opt-600x343.png?v=1626103566 600w\" sizes=\"auto, (max-width: 700px) 100vw, 700px\" \/><figcaption id=\"caption-attachment-28382\" class=\"wp-caption-text\">Photo via KOA Bar &amp; Restaurant<\/figcaption><\/figure>\n<p style=\"text-align: justify;\">Este lugar est\u00e1 situado en el casco antiguo de Palma y \u00a1ofrece <strong>carne y pescado fresco de gran calidad<\/strong>!\u00a0 Es un restaurante muy popular en la isla debido a su incre\u00edble comida, \u00a1as\u00ed que aseg\u00farate de reservar tu mesa con antelaci\u00f3n para asegurarte de que puedes cenar aqu\u00ed!<\/p>\n<h2 style=\"text-align: justify;\">Restaurantes familiares<\/h2>\n<p style=\"text-align: justify;\">Debido a que es una <strong>isla muy familiar<\/strong> con mucho turismo y comodidades para familias, \u00a1ser\u00e1 f\u00e1cil encontrar un buen n\u00famero de restaurantes de buena calidad para padres e hijos!<\/p>\n<h3 style=\"text-align: justify;\">Restaurante Meson Ca\u2019n Pedro<\/h3>\n<figure id=\"attachment_28383\" aria-describedby=\"caption-attachment-28383\" style=\"width: 700px\" class=\"wp-caption aligncenter\"><img loading=\"lazy\" decoding=\"async\" class=\"wp-image-28383 size-full\" src=\"https:\/\/perfectvenue.es\/wp-content\/uploads\/2020\/10\/canpedro-mallorca_opt.jpg\" alt=\"\" width=\"700\" height=\"467\" srcset=\"https:\/\/perfectvenue.es\/wp-content\/uploads\/2020\/10\/canpedro-mallorca_opt.jpg?v=1626103565 700w, https:\/\/perfectvenue.es\/wp-content\/uploads\/2020\/10\/canpedro-mallorca_opt-300x200.jpg?v=1626103565 300w, https:\/\/perfectvenue.es\/wp-content\/uploads\/2020\/10\/canpedro-mallorca_opt-450x300.jpg?v=1626103565 450w, https:\/\/perfectvenue.es\/wp-content\/uploads\/2020\/10\/canpedro-mallorca_opt-600x400.jpg?v=1626103565 600w\" sizes=\"auto, (max-width: 700px) 100vw, 700px\" \/><figcaption id=\"caption-attachment-28383\" class=\"wp-caption-text\">Photo via Restaurant Can Pedro<\/figcaption><\/figure>\n<p style=\"text-align: justify;\">En el restaurante Mes\u00f3n Ca\u2019n Pedro en Genova, Mallorca, \u00a1puedes disfrutar de un men\u00fa de barbacoa familiar de carne y pescado! \u00a1Adem\u00e1s de esto,tiene una<strong> zona de juegos<\/strong> para que los ni\u00f1os est\u00e9n entretenidos!<\/p>\n<h3 style=\"text-align: justify;\">Restaurante Balc\u00f3n de Mar\u00eda<\/h3>\n<figure id=\"attachment_28751\" aria-describedby=\"caption-attachment-28751\" style=\"width: 901px\" class=\"wp-caption aligncenter\"><img loading=\"lazy\" decoding=\"async\" class=\"size-full wp-image-28751\" src=\"https:\/\/perfectvenue.es\/wp-content\/uploads\/2020\/10\/Captura-de-pantalla-2020-11-04-a-las-13.13.55.png\" alt=\"\" width=\"901\" height=\"490\" srcset=\"https:\/\/perfectvenue.es\/wp-content\/uploads\/2020\/10\/Captura-de-pantalla-2020-11-04-a-las-13.13.55.png?v=1626103320 901w, https:\/\/perfectvenue.es\/wp-content\/uploads\/2020\/10\/Captura-de-pantalla-2020-11-04-a-las-13.13.55-300x163.png?v=1626103320 300w, https:\/\/perfectvenue.es\/wp-content\/uploads\/2020\/10\/Captura-de-pantalla-2020-11-04-a-las-13.13.55-768x418.png?v=1626103320 768w, https:\/\/perfectvenue.es\/wp-content\/uploads\/2020\/10\/Captura-de-pantalla-2020-11-04-a-las-13.13.55-450x245.png?v=1626103320 450w, https:\/\/perfectvenue.es\/wp-content\/uploads\/2020\/10\/Captura-de-pantalla-2020-11-04-a-las-13.13.55-600x326.png?v=1626103320 600w\" sizes=\"auto, (max-width: 901px) 100vw, 901px\" \/><figcaption id=\"caption-attachment-28751\" class=\"wp-caption-text\">Photo via Balc\u00f3n de Mar\u00eda Restaurant<\/figcaption><\/figure>\n<p style=\"text-align: justify;\">El restaurante Balc\u00f3n de Mar\u00eda est\u00e1 situado en <strong>Santa Pon\u00e7a<\/strong> y ofrece una gran variedad de productos, desde <strong>pescado a platos tradicionales de Mallorca o incluso pizza<\/strong>. \u00a1Tambi\u00e9n hay una <strong>zona de juegos<\/strong> para que los ni\u00f1os se puedan divertir!<\/p>\n<h3 style=\"text-align: justify;\">Restaurante Los Patos<\/h3>\n<figure id=\"attachment_28385\" aria-describedby=\"caption-attachment-28385\" style=\"width: 700px\" class=\"wp-caption aligncenter\"><img loading=\"lazy\" decoding=\"async\" class=\"wp-image-28385 size-full\" src=\"https:\/\/perfectvenue.es\/wp-content\/uploads\/2020\/10\/los_patos_restaurant-mallorca_opt.jpg\" alt=\"\" width=\"700\" height=\"700\" srcset=\"https:\/\/perfectvenue.es\/wp-content\/uploads\/2020\/10\/los_patos_restaurant-mallorca_opt.jpg?v=1626103563 700w, https:\/\/perfectvenue.es\/wp-content\/uploads\/2020\/10\/los_patos_restaurant-mallorca_opt-300x300.jpg?v=1626103563 300w, https:\/\/perfectvenue.es\/wp-content\/uploads\/2020\/10\/los_patos_restaurant-mallorca_opt-150x150.jpg?v=1626103563 150w, https:\/\/perfectvenue.es\/wp-content\/uploads\/2020\/10\/los_patos_restaurant-mallorca_opt-450x450.jpg?v=1626103563 450w, https:\/\/perfectvenue.es\/wp-content\/uploads\/2020\/10\/los_patos_restaurant-mallorca_opt-600x600.jpg?v=1626103563 600w, https:\/\/perfectvenue.es\/wp-content\/uploads\/2020\/10\/los_patos_restaurant-mallorca_opt-100x100.jpg?v=1626103563 100w\" sizes=\"auto, (max-width: 700px) 100vw, 700px\" \/><figcaption id=\"caption-attachment-28385\" class=\"wp-caption-text\">Photo via Los Patos Restaurant<\/figcaption><\/figure>\n<p style=\"text-align: justify;\">Situado en el <strong>Puerto de Alcudia<\/strong>, este tradicional restaurante mallorqu\u00edn es un <strong>restaurante ideal para familias<\/strong> \u00a1ya que tiene un <strong>patio de juegos<\/strong> para que los ni\u00f1os se diviertan!<\/p>\n<h2 style=\"text-align: justify;\">Restaurantes espa\u00f1oles<\/h2>\n<h3 style=\"text-align: justify;\">Restaurante TAST Avenidas<\/h3>\n<figure id=\"attachment_28386\" aria-describedby=\"caption-attachment-28386\" style=\"width: 700px\" class=\"wp-caption aligncenter\"><img loading=\"lazy\" decoding=\"async\" class=\"wp-image-28386 size-full\" src=\"https:\/\/perfectvenue.es\/wp-content\/uploads\/2020\/10\/tast_avenidas_opt.jpg\" alt=\"\" width=\"700\" height=\"394\" srcset=\"https:\/\/perfectvenue.es\/wp-content\/uploads\/2020\/10\/tast_avenidas_opt.jpg?v=1626103563 700w, https:\/\/perfectvenue.es\/wp-content\/uploads\/2020\/10\/tast_avenidas_opt-300x169.jpg?v=1626103563 300w, https:\/\/perfectvenue.es\/wp-content\/uploads\/2020\/10\/tast_avenidas_opt-450x253.jpg?v=1626103563 450w, https:\/\/perfectvenue.es\/wp-content\/uploads\/2020\/10\/tast_avenidas_opt-600x338.jpg?v=1626103563 600w\" sizes=\"auto, (max-width: 700px) 100vw, 700px\" \/><figcaption id=\"caption-attachment-28386\" class=\"wp-caption-text\">Photo via TAST Avenidas Restaurant<\/figcaption><\/figure>\n<p style=\"text-align: justify;\">Este es uno de los restaurantes m\u00e1s populares en Palma y \u00a1tiene unas tapas de <strong>calidad incre\u00edbles<\/strong>!<\/p>\n<h3 style=\"text-align: justify;\">Restaurante Ca\u2019n Quet<\/h3>\n<figure id=\"attachment_28387\" aria-describedby=\"caption-attachment-28387\" style=\"width: 700px\" class=\"wp-caption aligncenter\"><img loading=\"lazy\" decoding=\"async\" class=\"wp-image-28387 size-full\" src=\"https:\/\/perfectvenue.es\/wp-content\/uploads\/2020\/10\/restaurante-deia-mallorca-can-quet-bacalao-bondiola-porc-negre-2_opt.jpg\" alt=\"\" width=\"700\" height=\"467\" srcset=\"https:\/\/perfectvenue.es\/wp-content\/uploads\/2020\/10\/restaurante-deia-mallorca-can-quet-bacalao-bondiola-porc-negre-2_opt.jpg?v=1626103562 700w, https:\/\/perfectvenue.es\/wp-content\/uploads\/2020\/10\/restaurante-deia-mallorca-can-quet-bacalao-bondiola-porc-negre-2_opt-300x200.jpg?v=1626103562 300w, https:\/\/perfectvenue.es\/wp-content\/uploads\/2020\/10\/restaurante-deia-mallorca-can-quet-bacalao-bondiola-porc-negre-2_opt-450x300.jpg?v=1626103562 450w, https:\/\/perfectvenue.es\/wp-content\/uploads\/2020\/10\/restaurante-deia-mallorca-can-quet-bacalao-bondiola-porc-negre-2_opt-600x400.jpg?v=1626103562 600w\" sizes=\"auto, (max-width: 700px) 100vw, 700px\" \/><figcaption id=\"caption-attachment-28387\" class=\"wp-caption-text\">Photo via Ca\u2019n Quet Restaurant<\/figcaption><\/figure>\n<p style=\"text-align: justify;\">Este restaurante \u00fanico est\u00e1 en <strong>Dei\u00e0<\/strong> y ofrece unas <strong>vistas incre\u00edbles<\/strong> y \u00a1una <strong>cocina de gran calidad<\/strong>!<\/p>\n<h3 style=\"text-align: justify;\">Restaurante 13%<\/h3>\n<figure id=\"attachment_28388\" aria-describedby=\"caption-attachment-28388\" style=\"width: 700px\" class=\"wp-caption aligncenter\"><img loading=\"lazy\" decoding=\"async\" class=\"wp-image-28388 size-full\" src=\"https:\/\/perfectvenue.es\/wp-content\/uploads\/2020\/10\/13-restaurant-palma-de-mallorca_opt.png\" alt=\"\" width=\"700\" height=\"392\" srcset=\"https:\/\/perfectvenue.es\/wp-content\/uploads\/2020\/10\/13-restaurant-palma-de-mallorca_opt.png?v=1626103561 700w, https:\/\/perfectvenue.es\/wp-content\/uploads\/2020\/10\/13-restaurant-palma-de-mallorca_opt-300x168.png?v=1626103561 300w, https:\/\/perfectvenue.es\/wp-content\/uploads\/2020\/10\/13-restaurant-palma-de-mallorca_opt-450x252.png?v=1626103561 450w, https:\/\/perfectvenue.es\/wp-content\/uploads\/2020\/10\/13-restaurant-palma-de-mallorca_opt-600x336.png?v=1626103561 600w\" sizes=\"auto, (max-width: 700px) 100vw, 700px\" \/><figcaption id=\"caption-attachment-28388\" class=\"wp-caption-text\">Photo via See Mallorca<\/figcaption><\/figure>\n<p style=\"text-align: justify;\">El restaurante 13% es un bar de tapas y vino localizado en el casco antiguo de Palma. Es famoso en Mallorca por sus <strong>tapas<\/strong> y \u00a1su carta de unos 120 vinos!<\/p>\n<h3 style=\"text-align: justify;\">Restaurante Quina Creu<\/h3>\n<figure id=\"attachment_28389\" aria-describedby=\"caption-attachment-28389\" style=\"width: 700px\" class=\"wp-caption aligncenter\"><img loading=\"lazy\" decoding=\"async\" class=\"wp-image-28389 size-full\" src=\"https:\/\/perfectvenue.es\/wp-content\/uploads\/2020\/10\/quina-creu-mallorca_opt.png\" alt=\"\" width=\"700\" height=\"314\" srcset=\"https:\/\/perfectvenue.es\/wp-content\/uploads\/2020\/10\/quina-creu-mallorca_opt.png?v=1626103560 700w, https:\/\/perfectvenue.es\/wp-content\/uploads\/2020\/10\/quina-creu-mallorca_opt-300x135.png?v=1626103560 300w, https:\/\/perfectvenue.es\/wp-content\/uploads\/2020\/10\/quina-creu-mallorca_opt-450x202.png?v=1626103560 450w, https:\/\/perfectvenue.es\/wp-content\/uploads\/2020\/10\/quina-creu-mallorca_opt-600x269.png?v=1626103560 600w\" sizes=\"auto, (max-width: 700px) 100vw, 700px\" \/><figcaption id=\"caption-attachment-28389\" class=\"wp-caption-text\">Photo via Quina Creu<\/figcaption><\/figure>\n<p style=\"text-align: justify;\">El restaurante Quina Creu es un sitio \u00fanico que ofrece una variedad de comida desde<strong> tapas hasta pescados tradicionales.<\/strong><\/p>\n<h3 style=\"text-align: justify;\">Restaurante La Bodega<\/h3>\n<figure id=\"attachment_28390\" aria-describedby=\"caption-attachment-28390\" style=\"width: 700px\" class=\"wp-caption aligncenter\"><img loading=\"lazy\" decoding=\"async\" class=\"wp-image-28390 size-full\" src=\"https:\/\/perfectvenue.es\/wp-content\/uploads\/2020\/10\/la-bodega-mallorca_opt.jpg\" alt=\"\" width=\"700\" height=\"467\" srcset=\"https:\/\/perfectvenue.es\/wp-content\/uploads\/2020\/10\/la-bodega-mallorca_opt.jpg?v=1626103558 700w, https:\/\/perfectvenue.es\/wp-content\/uploads\/2020\/10\/la-bodega-mallorca_opt-300x200.jpg?v=1626103558 300w, https:\/\/perfectvenue.es\/wp-content\/uploads\/2020\/10\/la-bodega-mallorca_opt-450x300.jpg?v=1626103558 450w, https:\/\/perfectvenue.es\/wp-content\/uploads\/2020\/10\/la-bodega-mallorca_opt-600x400.jpg?v=1626103558 600w\" sizes=\"auto, (max-width: 700px) 100vw, 700px\" \/><figcaption id=\"caption-attachment-28390\" class=\"wp-caption-text\">Photo via La Bodega Restaurant<\/figcaption><\/figure>\n<p style=\"text-align: justify;\">Situado en la Cala d\u2019Or, este restaurante tiene una <strong>oferta extensa de vinos internacionales<\/strong> y una variedad de comida como vegetariana, carnes, pescados, <wbr \/>pasta, pizza y tapas.<\/p>\n<h3 style=\"text-align: justify;\">Restaurant Ombu<\/h3>\n<figure id=\"attachment_28391\" aria-describedby=\"caption-attachment-28391\" style=\"width: 700px\" class=\"wp-caption aligncenter\"><img loading=\"lazy\" decoding=\"async\" class=\"wp-image-28391 size-full\" src=\"https:\/\/perfectvenue.es\/wp-content\/uploads\/2020\/10\/ombu-palma_opt.jpg\" alt=\"\" width=\"700\" height=\"395\" srcset=\"https:\/\/perfectvenue.es\/wp-content\/uploads\/2020\/10\/ombu-palma_opt.jpg?v=1626103557 700w, https:\/\/perfectvenue.es\/wp-content\/uploads\/2020\/10\/ombu-palma_opt-300x169.jpg?v=1626103557 300w, https:\/\/perfectvenue.es\/wp-content\/uploads\/2020\/10\/ombu-palma_opt-450x254.jpg?v=1626103557 450w, https:\/\/perfectvenue.es\/wp-content\/uploads\/2020\/10\/ombu-palma_opt-600x339.jpg?v=1626103557 600w\" sizes=\"auto, (max-width: 700px) 100vw, 700px\" \/><figcaption id=\"caption-attachment-28391\" class=\"wp-caption-text\">Photo via Ombu Palma<\/figcaption><\/figure>\n<p style=\"text-align: justify;\">Situado en el centro de Palma, este restaurante usa una<strong> variedad de sabores para hacer sus tapas \u00fanicas<\/strong>. Ten cuidado, debido a su original men\u00fa, este restaurante es una opci\u00f3n popular as\u00ed que \u00a1es importante reservar mesa!<\/p>\n<h2 style=\"text-align: justify;\">Restaurantes italianos<\/h2>\n<h3 style=\"text-align: justify;\">Restaurante Sandro<\/h3>\n<figure id=\"attachment_28392\" aria-describedby=\"caption-attachment-28392\" style=\"width: 700px\" class=\"wp-caption aligncenter\"><img loading=\"lazy\" decoding=\"async\" class=\"wp-image-28392 size-full\" src=\"https:\/\/perfectvenue.es\/wp-content\/uploads\/2020\/10\/sandro-palma_opt.png\" alt=\"\" width=\"700\" height=\"425\" srcset=\"https:\/\/perfectvenue.es\/wp-content\/uploads\/2020\/10\/sandro-palma_opt.png?v=1626103557 700w, https:\/\/perfectvenue.es\/wp-content\/uploads\/2020\/10\/sandro-palma_opt-300x182.png?v=1626103557 300w, https:\/\/perfectvenue.es\/wp-content\/uploads\/2020\/10\/sandro-palma_opt-450x273.png?v=1626103557 450w, https:\/\/perfectvenue.es\/wp-content\/uploads\/2020\/10\/sandro-palma_opt-600x364.png?v=1626103557 600w\" sizes=\"auto, (max-width: 700px) 100vw, 700px\" \/><figcaption id=\"caption-attachment-28392\" class=\"wp-caption-text\">Photo via Sandro Restaurant<\/figcaption><\/figure>\n<p style=\"text-align: justify;\">Este restaurante ofrece una variedad de comida italiana milanesa \u00a1hasta <strong>platos de pasta casera<\/strong>!<\/p>\n<h3 style=\"text-align: justify;\">Restaurante Caf\u00e9 Murada<\/h3>\n<figure id=\"attachment_28393\" aria-describedby=\"caption-attachment-28393\" style=\"width: 700px\" class=\"wp-caption aligncenter\"><img loading=\"lazy\" decoding=\"async\" class=\"wp-image-28393 size-full\" src=\"https:\/\/perfectvenue.es\/wp-content\/uploads\/2020\/10\/murada-caf\u00e9-mallorca_opt.png\" alt=\"\" width=\"700\" height=\"494\" srcset=\"https:\/\/perfectvenue.es\/wp-content\/uploads\/2020\/10\/murada-caf\u00e9-mallorca_opt.png?v=1626103555 700w, https:\/\/perfectvenue.es\/wp-content\/uploads\/2020\/10\/murada-caf\u00e9-mallorca_opt-300x212.png?v=1626103555 300w, https:\/\/perfectvenue.es\/wp-content\/uploads\/2020\/10\/murada-caf\u00e9-mallorca_opt-450x318.png?v=1626103555 450w, https:\/\/perfectvenue.es\/wp-content\/uploads\/2020\/10\/murada-caf\u00e9-mallorca_opt-600x423.png?v=1626103555 600w\" sizes=\"auto, (max-width: 700px) 100vw, 700px\" \/><figcaption id=\"caption-attachment-28393\" class=\"wp-caption-text\">Photo via Caf\u00e9 Murada Restaurant<\/figcaption><\/figure>\n<p style=\"text-align: justify;\">Localizado en el centro de Palma, est\u00e1 Caf\u00e9 Murada, un caf\u00e9 que es famoso por ofrecer incre\u00edbles platos italianos \u00a1<strong>algunos de los mejores en Mallorca<\/strong>!<\/p>\n<h3 style=\"text-align: justify;\">Restaurante A Casa Mia<\/h3>\n<figure id=\"attachment_28394\" aria-describedby=\"caption-attachment-28394\" style=\"width: 700px\" class=\"wp-caption aligncenter\"><img loading=\"lazy\" decoding=\"async\" class=\"wp-image-28394 size-full\" src=\"https:\/\/perfectvenue.es\/wp-content\/uploads\/2020\/10\/a-casa-mia-mallorca_opt.jpg\" alt=\"\" width=\"700\" height=\"467\" srcset=\"https:\/\/perfectvenue.es\/wp-content\/uploads\/2020\/10\/a-casa-mia-mallorca_opt.jpg?v=1626103554 700w, https:\/\/perfectvenue.es\/wp-content\/uploads\/2020\/10\/a-casa-mia-mallorca_opt-300x200.jpg?v=1626103554 300w, https:\/\/perfectvenue.es\/wp-content\/uploads\/2020\/10\/a-casa-mia-mallorca_opt-450x300.jpg?v=1626103554 450w, https:\/\/perfectvenue.es\/wp-content\/uploads\/2020\/10\/a-casa-mia-mallorca_opt-600x400.jpg?v=1626103554 600w\" sizes=\"auto, (max-width: 700px) 100vw, 700px\" \/><figcaption id=\"caption-attachment-28394\" class=\"wp-caption-text\">Photo via A Casa Mia<\/figcaption><\/figure>\n<p style=\"text-align: justify;\">\u00bfHay alg\u00fan otro restaurante m\u00e1s hogare\u00f1o que A Casa Mia? A Casa Mia se encuentra en Santa Catalina, Palma, y proporciona un a<strong>mbiente amistoso y hogare\u00f1o<\/strong> para los comensales. Su men\u00fa se crea utilizando productos que se encuentran localmente. Es una gran opci\u00f3n para la <strong>cocina italiana m\u00e1s tradicional.<\/strong><\/p>\n<h3 style=\"text-align: justify;\">Restaurante Cocco<\/h3>\n<figure id=\"attachment_28395\" aria-describedby=\"caption-attachment-28395\" style=\"width: 700px\" class=\"wp-caption aligncenter\"><img loading=\"lazy\" decoding=\"async\" class=\"wp-image-28395 size-full\" src=\"https:\/\/perfectvenue.es\/wp-content\/uploads\/2020\/10\/cocco-portixol-mallorca_opt.jpg\" alt=\"\" width=\"700\" height=\"700\" srcset=\"https:\/\/perfectvenue.es\/wp-content\/uploads\/2020\/10\/cocco-portixol-mallorca_opt.jpg?v=1626103553 700w, https:\/\/perfectvenue.es\/wp-content\/uploads\/2020\/10\/cocco-portixol-mallorca_opt-300x300.jpg?v=1626103553 300w, https:\/\/perfectvenue.es\/wp-content\/uploads\/2020\/10\/cocco-portixol-mallorca_opt-150x150.jpg?v=1626103553 150w, https:\/\/perfectvenue.es\/wp-content\/uploads\/2020\/10\/cocco-portixol-mallorca_opt-450x450.jpg?v=1626103553 450w, https:\/\/perfectvenue.es\/wp-content\/uploads\/2020\/10\/cocco-portixol-mallorca_opt-600x600.jpg?v=1626103553 600w, https:\/\/perfectvenue.es\/wp-content\/uploads\/2020\/10\/cocco-portixol-mallorca_opt-100x100.jpg?v=1626103553 100w\" sizes=\"auto, (max-width: 700px) 100vw, 700px\" \/><figcaption id=\"caption-attachment-28395\" class=\"wp-caption-text\">Photo via Cocco Restaurant<\/figcaption><\/figure>\n<p style=\"text-align: justify;\">Este restaurante est\u00e1 situado en<strong> Portixol<\/strong> y \u00a1es una gran opci\u00f3n para <strong>cenar en la playa<\/strong>! Si quieres una cena junto a la playa, \u00a1visita el restaurante Cocco para disfrutar de unas<strong> vistas impresionantes<\/strong>!<\/p>\n<h2 style=\"text-align: justify;\">Restaurantes con estrellas Michelin en Mallorca<\/h2>\n<h3 style=\"text-align: justify;\">Restaurante Es Rac\u00f3 d\u2019es Teix<\/h3>\n<figure id=\"attachment_28396\" aria-describedby=\"caption-attachment-28396\" style=\"width: 700px\" class=\"wp-caption aligncenter\"><img loading=\"lazy\" decoding=\"async\" class=\"wp-image-28396 size-full\" src=\"https:\/\/perfectvenue.es\/wp-content\/uploads\/2020\/10\/es-rac\u00f3-des-teix-by-josef-sauerschell_opt.jpg\" alt=\"\" width=\"700\" height=\"393\" srcset=\"https:\/\/perfectvenue.es\/wp-content\/uploads\/2020\/10\/es-rac\u00f3-des-teix-by-josef-sauerschell_opt.jpg?v=1626103552 700w, https:\/\/perfectvenue.es\/wp-content\/uploads\/2020\/10\/es-rac\u00f3-des-teix-by-josef-sauerschell_opt-300x168.jpg?v=1626103552 300w, https:\/\/perfectvenue.es\/wp-content\/uploads\/2020\/10\/es-rac\u00f3-des-teix-by-josef-sauerschell_opt-450x253.jpg?v=1626103552 450w, https:\/\/perfectvenue.es\/wp-content\/uploads\/2020\/10\/es-rac\u00f3-des-teix-by-josef-sauerschell_opt-600x337.jpg?v=1626103552 600w\" sizes=\"auto, (max-width: 700px) 100vw, 700px\" \/><figcaption id=\"caption-attachment-28396\" class=\"wp-caption-text\">Photo via El Tenedor<\/figcaption><\/figure>\n<p style=\"text-align: justify;\">Este restaurante est\u00e1 situado en Dei\u00e0 y sirve <strong>platos tradicionales con un toque especial<\/strong> usando ingredientes de origen local.<\/p>\n<h3 style=\"text-align: justify;\">Restaurante Zaranda<\/h3>\n<figure id=\"attachment_28397\" aria-describedby=\"caption-attachment-28397\" style=\"width: 700px\" class=\"wp-caption aligncenter\"><img loading=\"lazy\" decoding=\"async\" class=\"wp-image-28397\" src=\"https:\/\/perfectvenue.es\/wp-content\/uploads\/2020\/10\/Zaranda-300x200.jpg\" alt=\"\" width=\"700\" height=\"467\" srcset=\"https:\/\/perfectvenue.es\/wp-content\/uploads\/2020\/10\/Zaranda-300x200.jpg?v=1626103551 300w, https:\/\/perfectvenue.es\/wp-content\/uploads\/2020\/10\/Zaranda-1024x683.jpg?v=1626103551 1024w, https:\/\/perfectvenue.es\/wp-content\/uploads\/2020\/10\/Zaranda-768x512.jpg?v=1626103551 768w, https:\/\/perfectvenue.es\/wp-content\/uploads\/2020\/10\/Zaranda-1536x1024.jpg?v=1626103551 1536w, https:\/\/perfectvenue.es\/wp-content\/uploads\/2020\/10\/Zaranda-2048x1365.jpg?v=1626103551 2048w, https:\/\/perfectvenue.es\/wp-content\/uploads\/2020\/10\/Zaranda-450x300.jpg?v=1626103551 450w, https:\/\/perfectvenue.es\/wp-content\/uploads\/2020\/10\/Zaranda-1200x800.jpg?v=1626103551 1200w, https:\/\/perfectvenue.es\/wp-content\/uploads\/2020\/10\/Zaranda-600x400.jpg?v=1626103551 600w\" sizes=\"auto, (max-width: 700px) 100vw, 700px\" \/><figcaption id=\"caption-attachment-28397\" class=\"wp-caption-text\">Photo via Zaranda Restaurant<\/figcaption><\/figure>\n<p style=\"text-align: justify;\">Este restaurante de dos estrellas Michelin est\u00e1 situado en el <strong>hotel Castell Son Claret<\/strong> y utiliza<strong> ingredientes locales<\/strong> para crear creaciones impresionantes que hacen que la experiencia de cada comensal sea \u00fanica.<\/p>\n<h3 style=\"text-align: justify;\">Restaurante Adrian Quetglas<\/h3>\n<figure id=\"attachment_28398\" aria-describedby=\"caption-attachment-28398\" style=\"width: 700px\" class=\"wp-caption aligncenter\"><img loading=\"lazy\" decoding=\"async\" class=\"wp-image-28398 size-full\" src=\"https:\/\/perfectvenue.es\/wp-content\/uploads\/2020\/10\/adri\u00e1n-quetglas-mallorca_opt.jpg\" alt=\"\" width=\"700\" height=\"466\" srcset=\"https:\/\/perfectvenue.es\/wp-content\/uploads\/2020\/10\/adri\u00e1n-quetglas-mallorca_opt.jpg?v=1626103550 700w, https:\/\/perfectvenue.es\/wp-content\/uploads\/2020\/10\/adri\u00e1n-quetglas-mallorca_opt-300x200.jpg?v=1626103550 300w, https:\/\/perfectvenue.es\/wp-content\/uploads\/2020\/10\/adri\u00e1n-quetglas-mallorca_opt-450x300.jpg?v=1626103550 450w, https:\/\/perfectvenue.es\/wp-content\/uploads\/2020\/10\/adri\u00e1n-quetglas-mallorca_opt-600x399.jpg?v=1626103550 600w\" sizes=\"auto, (max-width: 700px) 100vw, 700px\" \/><figcaption id=\"caption-attachment-28398\" class=\"wp-caption-text\">Photo via Adrian Quetglas<\/figcaption><\/figure>\n<p style=\"text-align: justify;\">El Chef Adrian Quetglas dirige este restaurante y <strong>cambia el men\u00fa de 7 platos cada quince d\u00edas<\/strong>, \u00a1proporcionando una experiencia de lujo para todos los comensales!<\/p>\n<h3 style=\"text-align: justify;\">Restaurante Marc Fosh<\/h3>\n<figure id=\"attachment_28399\" aria-describedby=\"caption-attachment-28399\" style=\"width: 700px\" class=\"wp-caption aligncenter\"><img loading=\"lazy\" decoding=\"async\" class=\"wp-image-28399 size-full\" src=\"https:\/\/perfectvenue.es\/wp-content\/uploads\/2020\/10\/marc-fosh-mallorca_opt.jpg\" alt=\"\" width=\"700\" height=\"467\" srcset=\"https:\/\/perfectvenue.es\/wp-content\/uploads\/2020\/10\/marc-fosh-mallorca_opt.jpg?v=1626103549 700w, https:\/\/perfectvenue.es\/wp-content\/uploads\/2020\/10\/marc-fosh-mallorca_opt-300x200.jpg?v=1626103549 300w, https:\/\/perfectvenue.es\/wp-content\/uploads\/2020\/10\/marc-fosh-mallorca_opt-450x300.jpg?v=1626103549 450w, https:\/\/perfectvenue.es\/wp-content\/uploads\/2020\/10\/marc-fosh-mallorca_opt-600x400.jpg?v=1626103549 600w\" sizes=\"auto, (max-width: 700px) 100vw, 700px\" \/><figcaption id=\"caption-attachment-28399\" class=\"wp-caption-text\">Photo via Marc Fosh<\/figcaption><\/figure>\n<p style=\"text-align: justify;\">En Mallorca, <strong>Marc Fosh<\/strong> es uno de los chefs m\u00e1s famosos y dirige su restaurante con estrella Michelin en Palma. Intenta ir al restaurante Marc Fosh para una comida \u00fanica hecha con <strong>ingredientes de temporada.<\/strong><\/p>\n<h3 style=\"text-align: justify;\">Restaurante Voro<\/h3>\n<figure id=\"attachment_28400\" aria-describedby=\"caption-attachment-28400\" style=\"width: 700px\" class=\"wp-caption aligncenter\"><img loading=\"lazy\" decoding=\"async\" class=\"wp-image-28400 size-full\" src=\"https:\/\/perfectvenue.es\/wp-content\/uploads\/2020\/10\/Voro-Restaurante_opt.jpg\" alt=\"\" width=\"700\" height=\"467\" srcset=\"https:\/\/perfectvenue.es\/wp-content\/uploads\/2020\/10\/Voro-Restaurante_opt.jpg?v=1626103548 700w, https:\/\/perfectvenue.es\/wp-content\/uploads\/2020\/10\/Voro-Restaurante_opt-300x200.jpg?v=1626103548 300w, https:\/\/perfectvenue.es\/wp-content\/uploads\/2020\/10\/Voro-Restaurante_opt-450x300.jpg?v=1626103548 450w, https:\/\/perfectvenue.es\/wp-content\/uploads\/2020\/10\/Voro-Restaurante_opt-600x400.jpg?v=1626103548 600w\" sizes=\"auto, (max-width: 700px) 100vw, 700px\" \/><figcaption id=\"caption-attachment-28400\" class=\"wp-caption-text\">Photo via Voro Restaurant<\/figcaption><\/figure>\n<p style=\"text-align: justify;\">El Restaurante Voro se encuentra dentro del <strong>Hotel Park Hyatt Mallorca<\/strong> y sirve<strong> lujosos platos creados por \u00c1lvaro Salazar<\/strong>. En el Restaurante Voro puedes elegir entre <strong>dos men\u00fas de degustaci\u00f3n, uno con 11 platos y otro con 15 platos.<\/strong> \u00a1Qu\u00e9 buena manera de <strong>probar todo<\/strong> lo espa\u00f1ol y mediterr\u00e1neo que ofrece el restaurante Voro!<\/p>\n<h3 style=\"text-align: justify;\">Restaurante Maca de Castro<\/h3>\n<figure id=\"attachment_28401\" aria-describedby=\"caption-attachment-28401\" style=\"width: 700px\" class=\"wp-caption aligncenter\"><img loading=\"lazy\" decoding=\"async\" class=\"wp-image-28401 size-full\" src=\"https:\/\/perfectvenue.es\/wp-content\/uploads\/2020\/10\/maca-de-castro-mallorca_opt.jpg\" alt=\"\" width=\"700\" height=\"475\" srcset=\"https:\/\/perfectvenue.es\/wp-content\/uploads\/2020\/10\/maca-de-castro-mallorca_opt.jpg?v=1626103548 700w, https:\/\/perfectvenue.es\/wp-content\/uploads\/2020\/10\/maca-de-castro-mallorca_opt-300x204.jpg?v=1626103548 300w, https:\/\/perfectvenue.es\/wp-content\/uploads\/2020\/10\/maca-de-castro-mallorca_opt-450x305.jpg?v=1626103548 450w, https:\/\/perfectvenue.es\/wp-content\/uploads\/2020\/10\/maca-de-castro-mallorca_opt-600x407.jpg?v=1626103548 600w\" sizes=\"auto, (max-width: 700px) 100vw, 700px\" \/><figcaption id=\"caption-attachment-28401\" class=\"wp-caption-text\">Photo via Maca de Castro Restaurant<\/figcaption><\/figure>\n<div dir=\"auto\">Maca de Castro es un restaurante de estrella Michelin situado en el <strong>Puerto de Alcudia<\/strong> \u00a1con un <strong>men\u00fa de 11 platos<\/strong>!<\/div>\n<h3 style=\"text-align: justify;\">Restaurante Es Fum<\/h3>\n<figure id=\"attachment_28402\" aria-describedby=\"caption-attachment-28402\" style=\"width: 700px\" class=\"wp-caption aligncenter\"><img loading=\"lazy\" decoding=\"async\" class=\"wp-image-28402 size-full\" src=\"https:\/\/perfectvenue.es\/wp-content\/uploads\/2020\/10\/es-fum-mallorca_opt.jpg\" alt=\"\" width=\"700\" height=\"700\" srcset=\"https:\/\/perfectvenue.es\/wp-content\/uploads\/2020\/10\/es-fum-mallorca_opt.jpg?v=1626103547 700w, https:\/\/perfectvenue.es\/wp-content\/uploads\/2020\/10\/es-fum-mallorca_opt-300x300.jpg?v=1626103547 300w, https:\/\/perfectvenue.es\/wp-content\/uploads\/2020\/10\/es-fum-mallorca_opt-150x150.jpg?v=1626103547 150w, https:\/\/perfectvenue.es\/wp-content\/uploads\/2020\/10\/es-fum-mallorca_opt-450x450.jpg?v=1626103547 450w, https:\/\/perfectvenue.es\/wp-content\/uploads\/2020\/10\/es-fum-mallorca_opt-600x600.jpg?v=1626103547 600w, https:\/\/perfectvenue.es\/wp-content\/uploads\/2020\/10\/es-fum-mallorca_opt-100x100.jpg?v=1626103547 100w\" sizes=\"auto, (max-width: 700px) 100vw, 700px\" \/><figcaption id=\"caption-attachment-28402\" class=\"wp-caption-text\">Photo via Es Fum Restaurant<\/figcaption><\/figure>\n<div dir=\"auto\">Este restaurante se encuentra en el <strong>Hotel Mardavall<\/strong> y sirve <strong>platos \u00fanicos usando productos de temporada<\/strong>. \u00a1Puedes elegir entre <strong>cenar en la terraza o en el interior<\/strong>!<\/div>\n<h3 style=\"text-align: justify;\">Restaurante Andreu Genestra<\/h3>\n<figure id=\"attachment_28403\" aria-describedby=\"caption-attachment-28403\" style=\"width: 700px\" class=\"wp-caption aligncenter\"><img loading=\"lazy\" decoding=\"async\" class=\"wp-image-28403 size-full\" src=\"https:\/\/perfectvenue.es\/wp-content\/uploads\/2020\/10\/andreu-genestra-mallorca_opt.jpg\" alt=\"\" width=\"700\" height=\"525\" srcset=\"https:\/\/perfectvenue.es\/wp-content\/uploads\/2020\/10\/andreu-genestra-mallorca_opt.jpg?v=1626103546 700w, https:\/\/perfectvenue.es\/wp-content\/uploads\/2020\/10\/andreu-genestra-mallorca_opt-300x225.jpg?v=1626103546 300w, https:\/\/perfectvenue.es\/wp-content\/uploads\/2020\/10\/andreu-genestra-mallorca_opt-450x338.jpg?v=1626103546 450w, https:\/\/perfectvenue.es\/wp-content\/uploads\/2020\/10\/andreu-genestra-mallorca_opt-600x450.jpg?v=1626103546 600w\" sizes=\"auto, (max-width: 700px) 100vw, 700px\" \/><figcaption id=\"caption-attachment-28403\" class=\"wp-caption-text\">Photo via Andreu Genestra Restaurant<\/figcaption><\/figure>\n<p style=\"text-align: justify;\">Este restaurante est\u00e1 situado cerca de Capdepera, donde el chef u<strong>tiliza los productos de su tierra para crear sus platos originales.<\/strong><\/p>\n<h2 style=\"text-align: justify;\">Restaurantes japoneses en Mallorca<\/h2>\n<h3 style=\"text-align: justify;\">Restaurante Sumailla<\/h3>\n<figure id=\"attachment_28404\" aria-describedby=\"caption-attachment-28404\" style=\"width: 700px\" class=\"wp-caption aligncenter\"><img loading=\"lazy\" decoding=\"async\" class=\"wp-image-28404 size-full\" src=\"https:\/\/perfectvenue.es\/wp-content\/uploads\/2020\/10\/sumailla-mallorca_opt.jpg\" alt=\"\" width=\"700\" height=\"467\" srcset=\"https:\/\/perfectvenue.es\/wp-content\/uploads\/2020\/10\/sumailla-mallorca_opt.jpg?v=1626103545 700w, https:\/\/perfectvenue.es\/wp-content\/uploads\/2020\/10\/sumailla-mallorca_opt-300x200.jpg?v=1626103545 300w, https:\/\/perfectvenue.es\/wp-content\/uploads\/2020\/10\/sumailla-mallorca_opt-450x300.jpg?v=1626103545 450w, https:\/\/perfectvenue.es\/wp-content\/uploads\/2020\/10\/sumailla-mallorca_opt-600x400.jpg?v=1626103545 600w\" sizes=\"auto, (max-width: 700px) 100vw, 700px\" \/><figcaption id=\"caption-attachment-28404\" class=\"wp-caption-text\">Photo via Sumailla Restaurant<\/figcaption><\/figure>\n<p style=\"text-align: justify;\">Este restaurante sirve <strong>comida japonesa<\/strong> \u00fanica e impresionante <strong>con influencia peruana<\/strong>. Este restaurante ofrece unas <strong>vistas incre\u00edbles del puerto<\/strong> para que las disfrutes.<\/p>\n<h3 style=\"text-align: justify;\">Restaurante Kurobota<\/h3>\n<figure id=\"attachment_28405\" aria-describedby=\"caption-attachment-28405\" style=\"width: 700px\" class=\"wp-caption aligncenter\"><img loading=\"lazy\" decoding=\"async\" class=\"wp-image-28405 size-full\" src=\"https:\/\/perfectvenue.es\/wp-content\/uploads\/2020\/10\/kurobota-mallorca_opt.jpg\" alt=\"\" width=\"700\" height=\"467\" srcset=\"https:\/\/perfectvenue.es\/wp-content\/uploads\/2020\/10\/kurobota-mallorca_opt.jpg?v=1626103544 700w, https:\/\/perfectvenue.es\/wp-content\/uploads\/2020\/10\/kurobota-mallorca_opt-300x200.jpg?v=1626103544 300w, https:\/\/perfectvenue.es\/wp-content\/uploads\/2020\/10\/kurobota-mallorca_opt-450x300.jpg?v=1626103544 450w, https:\/\/perfectvenue.es\/wp-content\/uploads\/2020\/10\/kurobota-mallorca_opt-600x400.jpg?v=1626103544 600w\" sizes=\"auto, (max-width: 700px) 100vw, 700px\" \/><figcaption id=\"caption-attachment-28405\" class=\"wp-caption-text\">Photo via Kurobota Restaurant<\/figcaption><\/figure>\n<p style=\"text-align: justify;\">Situado en<strong> Santa Catalina<\/strong>, este restaurante te ofrece la oportunidad de <strong>compartir tu comida<\/strong> con otros para<strong> probar todo lo que puedas<\/strong>!<\/p>\n<h2 style=\"text-align: justify;\">Restaurantes internacionales y europeos<\/h2>\n<h2 style=\"text-align: justify;\">en Mallorca<\/h2>\n<h3 style=\"text-align: justify;\">Restaurante Fusion 19<\/h3>\n<figure id=\"attachment_28406\" aria-describedby=\"caption-attachment-28406\" style=\"width: 700px\" class=\"wp-caption aligncenter\"><img loading=\"lazy\" decoding=\"async\" class=\"wp-image-28406 size-full\" src=\"https:\/\/perfectvenue.es\/wp-content\/uploads\/2020\/10\/fusion-19-mallorca_opt.jpg\" alt=\"\" width=\"700\" height=\"467\" srcset=\"https:\/\/perfectvenue.es\/wp-content\/uploads\/2020\/10\/fusion-19-mallorca_opt.jpg?v=1626103543 700w, https:\/\/perfectvenue.es\/wp-content\/uploads\/2020\/10\/fusion-19-mallorca_opt-300x200.jpg?v=1626103543 300w, https:\/\/perfectvenue.es\/wp-content\/uploads\/2020\/10\/fusion-19-mallorca_opt-450x300.jpg?v=1626103543 450w, https:\/\/perfectvenue.es\/wp-content\/uploads\/2020\/10\/fusion-19-mallorca_opt-600x400.jpg?v=1626103543 600w\" sizes=\"auto, (max-width: 700px) 100vw, 700px\" \/><figcaption id=\"caption-attachment-28406\" class=\"wp-caption-text\">Photo via Fusion 19 Restaurant<\/figcaption><\/figure>\n<p style=\"text-align: justify;\">Este restaurante, situado en Playa de Muro, ofrece una amplia gama de platos y <strong>men\u00fas de degustaci\u00f3n<\/strong> mediterr\u00e1neos, modernos e <strong>internacionales.<\/strong><\/p>\n<h3 style=\"text-align: justify;\">Restaurante De Tokio a Lima<\/h3>\n<figure id=\"attachment_28407\" aria-describedby=\"caption-attachment-28407\" style=\"width: 700px\" class=\"wp-caption aligncenter\"><img loading=\"lazy\" decoding=\"async\" class=\"wp-image-28407 size-full\" src=\"https:\/\/perfectvenue.es\/wp-content\/uploads\/2020\/10\/de-tokio-a-lima-mallorca_opt.jpg\" alt=\"\" width=\"700\" height=\"467\" srcset=\"https:\/\/perfectvenue.es\/wp-content\/uploads\/2020\/10\/de-tokio-a-lima-mallorca_opt.jpg?v=1626103542 700w, https:\/\/perfectvenue.es\/wp-content\/uploads\/2020\/10\/de-tokio-a-lima-mallorca_opt-300x200.jpg?v=1626103542 300w, https:\/\/perfectvenue.es\/wp-content\/uploads\/2020\/10\/de-tokio-a-lima-mallorca_opt-450x300.jpg?v=1626103542 450w, https:\/\/perfectvenue.es\/wp-content\/uploads\/2020\/10\/de-tokio-a-lima-mallorca_opt-600x400.jpg?v=1626103542 600w\" sizes=\"auto, (max-width: 700px) 100vw, 700px\" \/><figcaption id=\"caption-attachment-28407\" class=\"wp-caption-text\">Photo via De Tokio a Lima<\/figcaption><\/figure>\n<p style=\"text-align: justify;\">Este restaurante se encuentra en el Hotel Boutique Can Alomar, ofreciendo un servicio \u00fanico con una mezcla de cocina<strong> japonesa, peruana y mediterr\u00e1nea<\/strong> a todos sus comensales.<\/p>\n<h3 style=\"text-align: justify;\">Restaurante Nikki Beach<\/h3>\n<figure id=\"attachment_28408\" aria-describedby=\"caption-attachment-28408\" style=\"width: 700px\" class=\"wp-caption aligncenter\"><img loading=\"lazy\" decoding=\"async\" class=\"wp-image-28408 size-full\" src=\"https:\/\/perfectvenue.es\/wp-content\/uploads\/2020\/10\/nikki-beach-mallorca_opt.jpg\" alt=\"\" width=\"700\" height=\"467\" srcset=\"https:\/\/perfectvenue.es\/wp-content\/uploads\/2020\/10\/nikki-beach-mallorca_opt.jpg?v=1626103542 700w, https:\/\/perfectvenue.es\/wp-content\/uploads\/2020\/10\/nikki-beach-mallorca_opt-300x200.jpg?v=1626103542 300w, https:\/\/perfectvenue.es\/wp-content\/uploads\/2020\/10\/nikki-beach-mallorca_opt-450x300.jpg?v=1626103542 450w, https:\/\/perfectvenue.es\/wp-content\/uploads\/2020\/10\/nikki-beach-mallorca_opt-600x400.jpg?v=1626103542 600w\" sizes=\"auto, (max-width: 700px) 100vw, 700px\" \/><figcaption id=\"caption-attachment-28408\" class=\"wp-caption-text\">Photo via Nikki Beach Restaurant<\/figcaption><\/figure>\n<p style=\"text-align: justify;\">Nikki Beach ofrece <strong>comida <\/strong><strong>internacional<\/strong> como ensaladas, pasta, ceviche, sushi, tacos y m\u00e1s!<\/p>\n<h3 style=\"text-align: justify;\">Restaurante Duke<\/h3>\n<figure id=\"attachment_28409\" aria-describedby=\"caption-attachment-28409\" style=\"width: 700px\" class=\"wp-caption aligncenter\"><img loading=\"lazy\" decoding=\"async\" class=\"wp-image-28409 size-full\" src=\"https:\/\/perfectvenue.es\/wp-content\/uploads\/2020\/10\/the-duke-mallorca_opt.jpg\" alt=\"\" width=\"700\" height=\"466\" srcset=\"https:\/\/perfectvenue.es\/wp-content\/uploads\/2020\/10\/the-duke-mallorca_opt.jpg?v=1626103541 700w, https:\/\/perfectvenue.es\/wp-content\/uploads\/2020\/10\/the-duke-mallorca_opt-300x200.jpg?v=1626103541 300w, https:\/\/perfectvenue.es\/wp-content\/uploads\/2020\/10\/the-duke-mallorca_opt-450x300.jpg?v=1626103541 450w, https:\/\/perfectvenue.es\/wp-content\/uploads\/2020\/10\/the-duke-mallorca_opt-600x399.jpg?v=1626103541 600w\" sizes=\"auto, (max-width: 700px) 100vw, 700px\" \/><figcaption id=\"caption-attachment-28409\" class=\"wp-caption-text\">Photo via The Duke<\/figcaption><\/figure>\n<p style=\"text-align: justify;\">El Restaurante Duke sirve una amplia gama de platos internacionales: <strong>griegos, peruanos, marroqu\u00edes, tailandeses&#8230;etc.<\/strong> \u00a1Opta por este restaurante para tener una <strong>experiencia gastron\u00f3mica \u00fanica<\/strong>!<\/p>\n<h3 style=\"text-align: justify;\">Restaurante Coast by East<\/h3>\n<figure id=\"attachment_28410\" aria-describedby=\"caption-attachment-28410\" style=\"width: 700px\" class=\"wp-caption aligncenter\"><img loading=\"lazy\" decoding=\"async\" class=\"wp-image-28410 size-full\" src=\"https:\/\/perfectvenue.es\/wp-content\/uploads\/2020\/10\/coast-mallorca_opt.jpg\" alt=\"\" width=\"700\" height=\"182\" srcset=\"https:\/\/perfectvenue.es\/wp-content\/uploads\/2020\/10\/coast-mallorca_opt.jpg?v=1626103540 700w, https:\/\/perfectvenue.es\/wp-content\/uploads\/2020\/10\/coast-mallorca_opt-300x78.jpg?v=1626103540 300w, https:\/\/perfectvenue.es\/wp-content\/uploads\/2020\/10\/coast-mallorca_opt-450x117.jpg?v=1626103540 450w, https:\/\/perfectvenue.es\/wp-content\/uploads\/2020\/10\/coast-mallorca_opt-600x156.jpg?v=1626103540 600w\" sizes=\"auto, (max-width: 700px) 100vw, 700px\" \/><figcaption id=\"caption-attachment-28410\" class=\"wp-caption-text\">Photo via Coast by East Restaurant<\/figcaption><\/figure>\n<p style=\"text-align: justify;\">Coast by East se encuentra en Puerto Adriano y ofrece una gama de platos, proporcionando una <strong>experiencia \u00fanica y exclusiva<\/strong> para todos los comensales.<\/p>\n<h3 style=\"text-align: justify;\">Gastro bar y restaurante Can Cera<\/h3>\n<figure id=\"attachment_28411\" aria-describedby=\"caption-attachment-28411\" style=\"width: 700px\" class=\"wp-caption aligncenter\"><img loading=\"lazy\" decoding=\"async\" class=\"wp-image-28411 size-full\" src=\"https:\/\/perfectvenue.es\/wp-content\/uploads\/2020\/10\/can-cera-mallorca_opt.jpg\" alt=\"\" width=\"700\" height=\"466\" srcset=\"https:\/\/perfectvenue.es\/wp-content\/uploads\/2020\/10\/can-cera-mallorca_opt.jpg?v=1626103539 700w, https:\/\/perfectvenue.es\/wp-content\/uploads\/2020\/10\/can-cera-mallorca_opt-300x200.jpg?v=1626103539 300w, https:\/\/perfectvenue.es\/wp-content\/uploads\/2020\/10\/can-cera-mallorca_opt-450x300.jpg?v=1626103539 450w, https:\/\/perfectvenue.es\/wp-content\/uploads\/2020\/10\/can-cera-mallorca_opt-600x399.jpg?v=1626103539 600w\" sizes=\"auto, (max-width: 700px) 100vw, 700px\" \/><figcaption id=\"caption-attachment-28411\" class=\"wp-caption-text\">Photo via Can Cera Gastro Bar &amp; Restaurant<\/figcaption><\/figure>\n<p style=\"text-align: justify;\">Este es un restaurante m\u00e1s formal situado en el <strong>hotel boutique Can Cera<\/strong> con una gran lista de platos europeos.<\/p>\n<h3 style=\"text-align: justify;\">Restaurante Toque<\/h3>\n<figure id=\"attachment_28412\" aria-describedby=\"caption-attachment-28412\" style=\"width: 700px\" class=\"wp-caption aligncenter\"><img loading=\"lazy\" decoding=\"async\" class=\"wp-image-28412 size-full\" src=\"https:\/\/perfectvenue.es\/wp-content\/uploads\/2020\/10\/toque-mallorca_opt.jpg\" alt=\"\" width=\"700\" height=\"267\" srcset=\"https:\/\/perfectvenue.es\/wp-content\/uploads\/2020\/10\/toque-mallorca_opt.jpg?v=1626103538 700w, https:\/\/perfectvenue.es\/wp-content\/uploads\/2020\/10\/toque-mallorca_opt-300x114.jpg?v=1626103538 300w, https:\/\/perfectvenue.es\/wp-content\/uploads\/2020\/10\/toque-mallorca_opt-450x172.jpg?v=1626103538 450w, https:\/\/perfectvenue.es\/wp-content\/uploads\/2020\/10\/toque-mallorca_opt-600x229.jpg?v=1626103538 600w\" sizes=\"auto, (max-width: 700px) 100vw, 700px\" \/><figcaption id=\"caption-attachment-28412\" class=\"wp-caption-text\">Photo via Toque Restaurante<\/figcaption><\/figure>\n<p style=\"text-align: justify;\">Este restaurante ofrece <strong>cocina belga-francesa<\/strong> a sus clientes en Palma y se ha convertido en uno de los restaurantes m\u00e1s populares por su men\u00fa.<\/p>\n<h2 style=\"text-align: justify;\">Pubs<\/h2>\n<h3 style=\"text-align: justify;\">Pub Lennox<\/h3>\n<figure id=\"attachment_28414\" aria-describedby=\"caption-attachment-28414\" style=\"width: 700px\" class=\"wp-caption aligncenter\"><img loading=\"lazy\" decoding=\"async\" class=\"wp-image-28414 size-full\" src=\"https:\/\/perfectvenue.es\/wp-content\/uploads\/2020\/10\/lennox-pub-mallorca_opt.png\" alt=\"\" width=\"700\" height=\"360\" srcset=\"https:\/\/perfectvenue.es\/wp-content\/uploads\/2020\/10\/lennox-pub-mallorca_opt.png?v=1626103537 700w, https:\/\/perfectvenue.es\/wp-content\/uploads\/2020\/10\/lennox-pub-mallorca_opt-300x154.png?v=1626103537 300w, https:\/\/perfectvenue.es\/wp-content\/uploads\/2020\/10\/lennox-pub-mallorca_opt-450x231.png?v=1626103537 450w, https:\/\/perfectvenue.es\/wp-content\/uploads\/2020\/10\/lennox-pub-mallorca_opt-600x309.png?v=1626103537 600w\" sizes=\"auto, (max-width: 700px) 100vw, 700px\" \/><figcaption id=\"caption-attachment-28414\" class=\"wp-caption-text\">Photo via Lennox Pub<\/figcaption><\/figure>\n<p style=\"text-align: justify;\">Situado en Palma, Lennox ofrece <strong>comida tradicional de pub, ensaladas, tapas, wraps y pizzas<\/strong>, permitiendo tambi\u00e9n a los comensales \u00a1ponerse al d\u00eda con el deporte en vivo mientras comen!<\/p>\n<h3 style=\"text-align: justify;\">Pub Hogan\u2019s<\/h3>\n<figure id=\"attachment_28415\" aria-describedby=\"caption-attachment-28415\" style=\"width: 700px\" class=\"wp-caption aligncenter\"><img loading=\"lazy\" decoding=\"async\" class=\"wp-image-28415 size-full\" src=\"https:\/\/perfectvenue.es\/wp-content\/uploads\/2020\/10\/hogans-mallorca_opt.jpg\" alt=\"\" width=\"700\" height=\"468\" srcset=\"https:\/\/perfectvenue.es\/wp-content\/uploads\/2020\/10\/hogans-mallorca_opt.jpg?v=1626103535 700w, https:\/\/perfectvenue.es\/wp-content\/uploads\/2020\/10\/hogans-mallorca_opt-300x201.jpg?v=1626103535 300w, https:\/\/perfectvenue.es\/wp-content\/uploads\/2020\/10\/hogans-mallorca_opt-450x301.jpg?v=1626103535 450w, https:\/\/perfectvenue.es\/wp-content\/uploads\/2020\/10\/hogans-mallorca_opt-600x401.jpg?v=1626103535 600w\" sizes=\"auto, (max-width: 700px) 100vw, 700px\" \/><figcaption id=\"caption-attachment-28415\" class=\"wp-caption-text\">Photo via Hogan\u2019s Pub<\/figcaption><\/figure>\n<p style=\"text-align: justify;\">Este pub irland\u00e9s se encuentra en Palma y ofrece<strong> comida tradicional de pub como hamburguesas con Guinness.<\/strong> Si te interesan los deportes, puedes ponerte al d\u00eda con los deportes en vivo o pasar una noche aqu\u00ed para ver una actuaci\u00f3n musical.<\/p>\n<h2 style=\"text-align: justify;\">Restaurantes mexicanos<\/h2>\n<p style=\"text-align: justify;\">\u00bfEres fan de la cocina mexicana? \u00a1Echa un vistazo a estos restaurantes!<\/p>\n<h3 style=\"text-align: justify;\">Restarantes The Lake House<\/h3>\n<figure id=\"attachment_28416\" aria-describedby=\"caption-attachment-28416\" style=\"width: 700px\" class=\"wp-caption aligncenter\"><img loading=\"lazy\" decoding=\"async\" class=\"wp-image-28416 size-full\" src=\"https:\/\/perfectvenue.es\/wp-content\/uploads\/2020\/10\/lake-house-mallorca_opt.jpg\" alt=\"\" width=\"700\" height=\"700\" srcset=\"https:\/\/perfectvenue.es\/wp-content\/uploads\/2020\/10\/lake-house-mallorca_opt.jpg?v=1626103534 700w, https:\/\/perfectvenue.es\/wp-content\/uploads\/2020\/10\/lake-house-mallorca_opt-300x300.jpg?v=1626103534 300w, https:\/\/perfectvenue.es\/wp-content\/uploads\/2020\/10\/lake-house-mallorca_opt-150x150.jpg?v=1626103534 150w, https:\/\/perfectvenue.es\/wp-content\/uploads\/2020\/10\/lake-house-mallorca_opt-450x450.jpg?v=1626103534 450w, https:\/\/perfectvenue.es\/wp-content\/uploads\/2020\/10\/lake-house-mallorca_opt-600x600.jpg?v=1626103534 600w, https:\/\/perfectvenue.es\/wp-content\/uploads\/2020\/10\/lake-house-mallorca_opt-100x100.jpg?v=1626103534 100w\" sizes=\"auto, (max-width: 700px) 100vw, 700px\" \/><figcaption id=\"caption-attachment-28416\" class=\"wp-caption-text\">Photo via The Lake House Restaurant<\/figcaption><\/figure>\n<p style=\"text-align: justify;\">Este restaurante est\u00e1 situado cerca del Mallorca Wakepark y \u00a1ofrece una <strong>gran cocina mexicana<\/strong> y un ambiente relajante!<\/p>\n<h3 style=\"text-align: justify;\">Restaurante El Aquanauta<\/h3>\n<figure id=\"attachment_28417\" aria-describedby=\"caption-attachment-28417\" style=\"width: 700px\" class=\"wp-caption aligncenter\"><img loading=\"lazy\" decoding=\"async\" class=\"wp-image-28417 size-full\" src=\"https:\/\/perfectvenue.es\/wp-content\/uploads\/2020\/10\/el-aquanauta-mallorca_opt.jpg\" alt=\"\" width=\"700\" height=\"875\" srcset=\"https:\/\/perfectvenue.es\/wp-content\/uploads\/2020\/10\/el-aquanauta-mallorca_opt.jpg?v=1626103533 700w, https:\/\/perfectvenue.es\/wp-content\/uploads\/2020\/10\/el-aquanauta-mallorca_opt-240x300.jpg?v=1626103533 240w, https:\/\/perfectvenue.es\/wp-content\/uploads\/2020\/10\/el-aquanauta-mallorca_opt-450x563.jpg?v=1626103533 450w, https:\/\/perfectvenue.es\/wp-content\/uploads\/2020\/10\/el-aquanauta-mallorca_opt-640x800.jpg?v=1626103533 640w, https:\/\/perfectvenue.es\/wp-content\/uploads\/2020\/10\/el-aquanauta-mallorca_opt-600x750.jpg?v=1626103533 600w\" sizes=\"auto, (max-width: 700px) 100vw, 700px\" \/><figcaption id=\"caption-attachment-28417\" class=\"wp-caption-text\">Photo via El Aquanauta Restaurant<\/figcaption><\/figure>\n<p style=\"text-align: justify;\">Ubicado en Santa Catalina, Palma, <strong>\u00a1El Aquanauta es uno de los restaurantes mexicanos m\u00e1s famosos de Mallorca!<\/strong> Aseg\u00farate de <strong>reservar tu mesa con anticipaci\u00f3n<\/strong> para asegurar que puedas cenar aqu\u00ed debido a la alta demanda!<\/p>\n<h2 style=\"text-align: justify;\">Restaurantes de pescado en Mallorca<\/h2>\n<h3 style=\"text-align: justify;\">Restaurante La Parada del Mar<\/h3>\n<p style=\"text-align: justify;\">Situado frente al <strong>Palacio Real de Marivent, La Parada del Mar ofrece una experiencia de mariscos \u00fanica.<\/strong> \u00a1Aqu\u00ed puedes <strong>elegir qu\u00e9 pescado quieres en el mostrador y c\u00f3mo quieres que se cocine<\/strong> antes de recogerlo y llevarlo a tu mesa!<\/p>\n<h3 style=\"text-align: justify;\">Retaurante Flanigan<\/h3>\n<figure id=\"attachment_28419\" aria-describedby=\"caption-attachment-28419\" style=\"width: 700px\" class=\"wp-caption aligncenter\"><img loading=\"lazy\" decoding=\"async\" class=\"wp-image-28419 size-full\" src=\"https:\/\/perfectvenue.es\/wp-content\/uploads\/2020\/10\/flanigan-mallorca_opt.jpg\" alt=\"\" width=\"700\" height=\"467\" srcset=\"https:\/\/perfectvenue.es\/wp-content\/uploads\/2020\/10\/flanigan-mallorca_opt.jpg?v=1626103531 700w, https:\/\/perfectvenue.es\/wp-content\/uploads\/2020\/10\/flanigan-mallorca_opt-300x200.jpg?v=1626103531 300w, https:\/\/perfectvenue.es\/wp-content\/uploads\/2020\/10\/flanigan-mallorca_opt-450x300.jpg?v=1626103531 450w, https:\/\/perfectvenue.es\/wp-content\/uploads\/2020\/10\/flanigan-mallorca_opt-600x400.jpg?v=1626103531 600w\" sizes=\"auto, (max-width: 700px) 100vw, 700px\" \/><figcaption id=\"caption-attachment-28419\" class=\"wp-caption-text\">Photo via Flanigan Restaurant<\/figcaption><\/figure>\n<p style=\"text-align: justify;\">El restaurante Flanigan se encuentra en <strong>Puerto Portals<\/strong> y ofrece una <strong>exclusiva experiencia gastron\u00f3mica con pescado fresco acompa\u00f1ado de incre\u00edbles vistas.<\/strong><\/p>\n<h3 style=\"text-align: justify;\">Restaurante Miramar de Giuliano<\/h3>\n<figure id=\"attachment_28420\" aria-describedby=\"caption-attachment-28420\" style=\"width: 700px\" class=\"wp-caption aligncenter\"><img loading=\"lazy\" decoding=\"async\" class=\"wp-image-28420 size-full\" src=\"https:\/\/perfectvenue.es\/wp-content\/uploads\/2020\/10\/miramar-mallorca_opt.jpg\" alt=\"\" width=\"700\" height=\"467\" srcset=\"https:\/\/perfectvenue.es\/wp-content\/uploads\/2020\/10\/miramar-mallorca_opt.jpg?v=1626103530 700w, https:\/\/perfectvenue.es\/wp-content\/uploads\/2020\/10\/miramar-mallorca_opt-300x200.jpg?v=1626103530 300w, https:\/\/perfectvenue.es\/wp-content\/uploads\/2020\/10\/miramar-mallorca_opt-450x300.jpg?v=1626103530 450w, https:\/\/perfectvenue.es\/wp-content\/uploads\/2020\/10\/miramar-mallorca_opt-600x400.jpg?v=1626103530 600w\" sizes=\"auto, (max-width: 700px) 100vw, 700px\" \/><figcaption id=\"caption-attachment-28420\" class=\"wp-caption-text\">Photo via Miramar de Giuliano Restaurant<\/figcaption><\/figure>\n<p style=\"text-align: justify;\">Este restaurante est\u00e1 situado en la hermosa ciudad de Puerto d&#8217;Andratx y sirve una gama de <strong>mariscos de alta calidad, desde langosta hasta paella.<\/strong><\/p>\n<h3 style=\"text-align: justify;\">Restaurante Kingfisher<\/h3>\n<figure id=\"attachment_28421\" aria-describedby=\"caption-attachment-28421\" style=\"width: 700px\" class=\"wp-caption aligncenter\"><img loading=\"lazy\" decoding=\"async\" class=\"wp-image-28421 size-full\" src=\"https:\/\/perfectvenue.es\/wp-content\/uploads\/2020\/10\/kingfisher-mallorca_opt.jpg\" alt=\"\" width=\"700\" height=\"420\" srcset=\"https:\/\/perfectvenue.es\/wp-content\/uploads\/2020\/10\/kingfisher-mallorca_opt.jpg?v=1626103529 700w, https:\/\/perfectvenue.es\/wp-content\/uploads\/2020\/10\/kingfisher-mallorca_opt-300x180.jpg?v=1626103529 300w, https:\/\/perfectvenue.es\/wp-content\/uploads\/2020\/10\/kingfisher-mallorca_opt-450x270.jpg?v=1626103529 450w, https:\/\/perfectvenue.es\/wp-content\/uploads\/2020\/10\/kingfisher-mallorca_opt-600x360.jpg?v=1626103529 600w\" sizes=\"auto, (max-width: 700px) 100vw, 700px\" \/><figcaption id=\"caption-attachment-28421\" class=\"wp-caption-text\">Photo via Kingfisher Restaurant<\/figcaption><\/figure>\n<p style=\"text-align: justify;\">Situado en el <strong>Puerto de S\u00f3ller<\/strong>, Kingfisher ofrece incre\u00edbles <strong>platos mediterr\u00e1neos y de mariscos.<\/strong><\/p>\n<h2 style=\"text-align: justify;\">Restaurantes Tradicionales mallorquinos<\/h2>\n<h3 style=\"text-align: justify;\">Restaurante Ca\u2019n Costa<\/h3>\n<figure id=\"attachment_28422\" aria-describedby=\"caption-attachment-28422\" style=\"width: 700px\" class=\"wp-caption aligncenter\"><img loading=\"lazy\" decoding=\"async\" class=\"wp-image-28422\" src=\"https:\/\/perfectvenue.es\/wp-content\/uploads\/2020\/10\/can-costa-mallorca_opt-300x300.png\" alt=\"\" width=\"700\" height=\"700\" srcset=\"https:\/\/perfectvenue.es\/wp-content\/uploads\/2020\/10\/can-costa-mallorca_opt-300x300.png?v=1626103528 300w, https:\/\/perfectvenue.es\/wp-content\/uploads\/2020\/10\/can-costa-mallorca_opt-150x150.png?v=1626103528 150w, https:\/\/perfectvenue.es\/wp-content\/uploads\/2020\/10\/can-costa-mallorca_opt-450x450.png?v=1626103528 450w, https:\/\/perfectvenue.es\/wp-content\/uploads\/2020\/10\/can-costa-mallorca_opt-600x600.png?v=1626103528 600w, https:\/\/perfectvenue.es\/wp-content\/uploads\/2020\/10\/can-costa-mallorca_opt-100x100.png?v=1626103528 100w, https:\/\/perfectvenue.es\/wp-content\/uploads\/2020\/10\/can-costa-mallorca_opt.png?v=1626103528 625w\" sizes=\"auto, (max-width: 700px) 100vw, 700px\" \/><figcaption id=\"caption-attachment-28422\" class=\"wp-caption-text\">Photo via Ca\u2019n Costa Restaurant<\/figcaption><\/figure>\n<p style=\"text-align: justify;\">Este restaurante est\u00e1 situado en <strong>Valldemossa<\/strong> en una antigua almazara y ofrece<strong> platos tradicionales mallorquines<\/strong> como sopas mallorquinas, arros brut, lechona asada etc.<\/p>\n<h3 style=\"text-align: justify;\">Restaurante Celler Sa Premsa<\/h3>\n<figure id=\"attachment_28423\" aria-describedby=\"caption-attachment-28423\" style=\"width: 700px\" class=\"wp-caption aligncenter\"><img loading=\"lazy\" decoding=\"async\" class=\"wp-image-28423 size-full\" src=\"https:\/\/perfectvenue.es\/wp-content\/uploads\/2020\/10\/celler-sa-premsa-mallorca_opt.jpg\" alt=\"\" width=\"700\" height=\"467\" srcset=\"https:\/\/perfectvenue.es\/wp-content\/uploads\/2020\/10\/celler-sa-premsa-mallorca_opt.jpg?v=1626103526 700w, https:\/\/perfectvenue.es\/wp-content\/uploads\/2020\/10\/celler-sa-premsa-mallorca_opt-300x200.jpg?v=1626103526 300w, https:\/\/perfectvenue.es\/wp-content\/uploads\/2020\/10\/celler-sa-premsa-mallorca_opt-450x300.jpg?v=1626103526 450w, https:\/\/perfectvenue.es\/wp-content\/uploads\/2020\/10\/celler-sa-premsa-mallorca_opt-600x400.jpg?v=1626103526 600w\" sizes=\"auto, (max-width: 700px) 100vw, 700px\" \/><figcaption id=\"caption-attachment-28423\" class=\"wp-caption-text\">Photos via Celler Sa Premsa Restaurant<\/figcaption><\/figure>\n<p style=\"text-align: justify;\">Situado en <strong>Palma<\/strong>, el Restaurante Celler Sa Premsa ofrece una <strong>experiencia gastron\u00f3mica \u00fanica con platos tradicionales<\/strong> en una bodega con barriles de madera.<\/p>\n<h2 style=\"text-align: justify;\">Restaurantes de sushi en Mallorca<\/h2>\n<h3 style=\"text-align: justify;\">Restaurante Urban Sushi<\/h3>\n<figure id=\"attachment_28424\" aria-describedby=\"caption-attachment-28424\" style=\"width: 700px\" class=\"wp-caption aligncenter\"><img loading=\"lazy\" decoding=\"async\" class=\"wp-image-28424 size-full\" src=\"https:\/\/perfectvenue.es\/wp-content\/uploads\/2020\/10\/urban-sushi-mallorca_opt.png\" alt=\"\" width=\"700\" height=\"543\" srcset=\"https:\/\/perfectvenue.es\/wp-content\/uploads\/2020\/10\/urban-sushi-mallorca_opt.png?v=1626103525 700w, https:\/\/perfectvenue.es\/wp-content\/uploads\/2020\/10\/urban-sushi-mallorca_opt-300x233.png?v=1626103525 300w, https:\/\/perfectvenue.es\/wp-content\/uploads\/2020\/10\/urban-sushi-mallorca_opt-450x349.png?v=1626103525 450w, https:\/\/perfectvenue.es\/wp-content\/uploads\/2020\/10\/urban-sushi-mallorca_opt-600x465.png?v=1626103525 600w\" sizes=\"auto, (max-width: 700px) 100vw, 700px\" \/><figcaption id=\"caption-attachment-28424\" class=\"wp-caption-text\">Photo via Urban Sushi Restaurant<\/figcaption><\/figure>\n<p style=\"text-align: justify;\">Situado en <strong>Santa Catalina<\/strong>, \u00a1en Urban sushi puedes pedir <strong>sushi de gran calidad a un buen precio<\/strong>!<\/p>\n<h3 style=\"text-align: justify;\">Restaurante Lucy Wang<\/h3>\n<figure id=\"attachment_28425\" aria-describedby=\"caption-attachment-28425\" style=\"width: 700px\" class=\"wp-caption aligncenter\"><img loading=\"lazy\" decoding=\"async\" class=\"wp-image-28425 size-full\" src=\"https:\/\/perfectvenue.es\/wp-content\/uploads\/2020\/10\/lucy-wang-mallorca_opt.jpg\" alt=\"\" width=\"700\" height=\"360\" srcset=\"https:\/\/perfectvenue.es\/wp-content\/uploads\/2020\/10\/lucy-wang-mallorca_opt.jpg?v=1626103522 700w, https:\/\/perfectvenue.es\/wp-content\/uploads\/2020\/10\/lucy-wang-mallorca_opt-300x154.jpg?v=1626103522 300w, https:\/\/perfectvenue.es\/wp-content\/uploads\/2020\/10\/lucy-wang-mallorca_opt-450x231.jpg?v=1626103522 450w, https:\/\/perfectvenue.es\/wp-content\/uploads\/2020\/10\/lucy-wang-mallorca_opt-600x309.jpg?v=1626103522 600w\" sizes=\"auto, (max-width: 700px) 100vw, 700px\" \/><figcaption id=\"caption-attachment-28425\" class=\"wp-caption-text\">Photo via Lucy Wang Restaurant<\/figcaption><\/figure>\n<p style=\"text-align: justify;\">El <strong>restaurante Lucy Wang<\/strong> est\u00e1 situado en <strong>Puerto Portals<\/strong> y \u00a1mezcla la <strong>cocina japonesa y francesa<\/strong> para hacer una creaci\u00f3n \u00fanica!<\/p>\n<h3 style=\"text-align: justify;\">Restaurante Zhero Beach<\/h3>\n<figure id=\"attachment_28426\" aria-describedby=\"caption-attachment-28426\" style=\"width: 700px\" class=\"wp-caption aligncenter\"><img loading=\"lazy\" decoding=\"async\" class=\"wp-image-28426 size-full\" src=\"https:\/\/perfectvenue.es\/wp-content\/uploads\/2020\/10\/zhero-beachclub-mallorca_opt.jpg\" alt=\"\" width=\"700\" height=\"371\" srcset=\"https:\/\/perfectvenue.es\/wp-content\/uploads\/2020\/10\/zhero-beachclub-mallorca_opt.jpg?v=1626103520 700w, https:\/\/perfectvenue.es\/wp-content\/uploads\/2020\/10\/zhero-beachclub-mallorca_opt-300x159.jpg?v=1626103520 300w, https:\/\/perfectvenue.es\/wp-content\/uploads\/2020\/10\/zhero-beachclub-mallorca_opt-450x239.jpg?v=1626103520 450w, https:\/\/perfectvenue.es\/wp-content\/uploads\/2020\/10\/zhero-beachclub-mallorca_opt-600x318.jpg?v=1626103520 600w\" sizes=\"auto, (max-width: 700px) 100vw, 700px\" \/><figcaption id=\"caption-attachment-28426\" class=\"wp-caption-text\">Photo via Zhero Beach Restaurant<\/figcaption><\/figure>\n<p style=\"text-align: justify;\">Situado en San Agust\u00edn, el restaurante Zhero Beach \u00a1es el<strong> lugar perfecto para relajarse y disfrutar de un sushi con vistas al mar!<\/strong><\/p>\n<h2 style=\"text-align: justify;\">Restaurantes para llevar en Mallorca<\/h2>\n<h3 style=\"text-align: justify;\">Bon Thai<\/h3>\n<figure id=\"attachment_28427\" aria-describedby=\"caption-attachment-28427\" style=\"width: 700px\" class=\"wp-caption aligncenter\"><img loading=\"lazy\" decoding=\"async\" class=\"wp-image-28427 size-full\" src=\"https:\/\/perfectvenue.es\/wp-content\/uploads\/2020\/10\/bon-thai-mallorca_opt.jpg\" alt=\"\" width=\"700\" height=\"467\" srcset=\"https:\/\/perfectvenue.es\/wp-content\/uploads\/2020\/10\/bon-thai-mallorca_opt.jpg?v=1626103519 700w, https:\/\/perfectvenue.es\/wp-content\/uploads\/2020\/10\/bon-thai-mallorca_opt-300x200.jpg?v=1626103519 300w, https:\/\/perfectvenue.es\/wp-content\/uploads\/2020\/10\/bon-thai-mallorca_opt-450x300.jpg?v=1626103519 450w, https:\/\/perfectvenue.es\/wp-content\/uploads\/2020\/10\/bon-thai-mallorca_opt-600x400.jpg?v=1626103519 600w\" sizes=\"auto, (max-width: 700px) 100vw, 700px\" \/><figcaption id=\"caption-attachment-28427\" class=\"wp-caption-text\">Photo via Bon Thai<\/figcaption><\/figure>\n<p style=\"text-align: justify;\">Bon Thai, situado en <strong>San Agust\u00edn,<\/strong> ofrece una gran<strong> cocina tailandesa para llevar<\/strong> para que puedas disfrutar de ella a tu gusto.<\/p>\n<h3 style=\"text-align: justify;\">Ziva-To-Go-Deli<\/h3>\n<figure id=\"attachment_28428\" aria-describedby=\"caption-attachment-28428\" style=\"width: 700px\" class=\"wp-caption aligncenter\"><img loading=\"lazy\" decoding=\"async\" class=\"wp-image-28428\" src=\"https:\/\/perfectvenue.es\/wp-content\/uploads\/2020\/10\/ziva-to-go-mallorca_opt-300x300.jpg\" alt=\"\" width=\"700\" height=\"700\" srcset=\"https:\/\/perfectvenue.es\/wp-content\/uploads\/2020\/10\/ziva-to-go-mallorca_opt-300x300.jpg?v=1626103519 300w, https:\/\/perfectvenue.es\/wp-content\/uploads\/2020\/10\/ziva-to-go-mallorca_opt-150x150.jpg?v=1626103519 150w, https:\/\/perfectvenue.es\/wp-content\/uploads\/2020\/10\/ziva-to-go-mallorca_opt-450x450.jpg?v=1626103519 450w, https:\/\/perfectvenue.es\/wp-content\/uploads\/2020\/10\/ziva-to-go-mallorca_opt-100x100.jpg?v=1626103519 100w, https:\/\/perfectvenue.es\/wp-content\/uploads\/2020\/10\/ziva-to-go-mallorca_opt.jpg?v=1626103519 475w\" sizes=\"auto, (max-width: 700px) 100vw, 700px\" \/><figcaption id=\"caption-attachment-28428\" class=\"wp-caption-text\">Photo via Ziva-To-Go<\/figcaption><\/figure>\n<p style=\"text-align: justify;\"><strong>Ziva-To-Go <\/strong>ofrece comida r\u00e1pida para llevar en Palma y Santa Pon\u00e7a!<\/p>\n<h2 style=\"text-align: justify;\">Restaurantes vegetarianos en Mallorca<\/h2>\n<h3 style=\"text-align: justify;\">Restaurante Bellaverde<\/h3>\n<figure id=\"attachment_28430\" aria-describedby=\"caption-attachment-28430\" style=\"width: 700px\" class=\"wp-caption aligncenter\"><img loading=\"lazy\" decoding=\"async\" class=\"wp-image-28430 size-full\" src=\"https:\/\/perfectvenue.es\/wp-content\/uploads\/2020\/10\/bellaverde-mallorca_opt.jpg\" alt=\"\" width=\"700\" height=\"394\" srcset=\"https:\/\/perfectvenue.es\/wp-content\/uploads\/2020\/10\/bellaverde-mallorca_opt.jpg?v=1626103518 700w, https:\/\/perfectvenue.es\/wp-content\/uploads\/2020\/10\/bellaverde-mallorca_opt-300x169.jpg?v=1626103518 300w, https:\/\/perfectvenue.es\/wp-content\/uploads\/2020\/10\/bellaverde-mallorca_opt-450x253.jpg?v=1626103518 450w, https:\/\/perfectvenue.es\/wp-content\/uploads\/2020\/10\/bellaverde-mallorca_opt-600x338.jpg?v=1626103518 600w\" sizes=\"auto, (max-width: 700px) 100vw, 700px\" \/><figcaption id=\"caption-attachment-28430\" class=\"wp-caption-text\">Photo via Bellaverde Restaurant<\/figcaption><\/figure>\n<p style=\"text-align: justify;\">\u00a1Este restaurante vegetariano ofrece una gran experiencia gastron\u00f3mica en su<strong> jard\u00edn de limoneros<\/strong>! Como se ha vuelto tan popular, \u00a1aseg\u00farate de reservar una mesa con antelaci\u00f3n para asegurarte de que puedes comer all\u00ed!<\/p>\n<h3 style=\"text-align: justify;\">Restaurante Bon Lloc<\/h3>\n<figure id=\"attachment_28431\" aria-describedby=\"caption-attachment-28431\" style=\"width: 700px\" class=\"wp-caption aligncenter\"><img loading=\"lazy\" decoding=\"async\" class=\"wp-image-28431 size-full\" src=\"https:\/\/perfectvenue.es\/wp-content\/uploads\/2020\/10\/bon-lloc-restaurante_opt.jpg\" alt=\"\" width=\"700\" height=\"700\" srcset=\"https:\/\/perfectvenue.es\/wp-content\/uploads\/2020\/10\/bon-lloc-restaurante_opt.jpg?v=1626103517 700w, https:\/\/perfectvenue.es\/wp-content\/uploads\/2020\/10\/bon-lloc-restaurante_opt-300x300.jpg?v=1626103517 300w, https:\/\/perfectvenue.es\/wp-content\/uploads\/2020\/10\/bon-lloc-restaurante_opt-150x150.jpg?v=1626103517 150w, https:\/\/perfectvenue.es\/wp-content\/uploads\/2020\/10\/bon-lloc-restaurante_opt-450x450.jpg?v=1626103517 450w, https:\/\/perfectvenue.es\/wp-content\/uploads\/2020\/10\/bon-lloc-restaurante_opt-600x600.jpg?v=1626103517 600w, https:\/\/perfectvenue.es\/wp-content\/uploads\/2020\/10\/bon-lloc-restaurante_opt-100x100.jpg?v=1626103517 100w\" sizes=\"auto, (max-width: 700px) 100vw, 700px\" \/><figcaption id=\"caption-attachment-28431\" class=\"wp-caption-text\">Photo via Bon Lloc Restaurant<\/figcaption><\/figure>\n<p style=\"text-align: justify;\">Tanto si eres vegetariano como si comes carne, \u00a1este restaurante es una visita obligada en Mallorca debido a su <strong>exquisita comida<\/strong>!<\/p>\n<h3 style=\"text-align: justify;\">Restaurante Marsim Bistrobarante<\/h3>\n<figure id=\"attachment_28432\" aria-describedby=\"caption-attachment-28432\" style=\"width: 700px\" class=\"wp-caption aligncenter\"><img loading=\"lazy\" decoding=\"async\" class=\"wp-image-28432\" src=\"https:\/\/perfectvenue.es\/wp-content\/uploads\/2020\/10\/marsim-bistrobarante-mallorca_opt-300x169.jpg\" alt=\"\" width=\"700\" height=\"394\" srcset=\"https:\/\/perfectvenue.es\/wp-content\/uploads\/2020\/10\/marsim-bistrobarante-mallorca_opt-300x169.jpg?v=1626103516 300w, https:\/\/perfectvenue.es\/wp-content\/uploads\/2020\/10\/marsim-bistrobarante-mallorca_opt-450x253.jpg?v=1626103516 450w, https:\/\/perfectvenue.es\/wp-content\/uploads\/2020\/10\/marsim-bistrobarante-mallorca_opt-600x338.jpg?v=1626103516 600w, https:\/\/perfectvenue.es\/wp-content\/uploads\/2020\/10\/marsim-bistrobarante-mallorca_opt.jpg?v=1626103516 640w\" sizes=\"auto, (max-width: 700px) 100vw, 700px\" \/><figcaption id=\"caption-attachment-28432\" class=\"wp-caption-text\">Photo via Marsim Bistrobarante Restaurant<\/figcaption><\/figure>\n<div dir=\"auto\"><strong>Marsim Bistrobarante<\/strong> se encuentra en Santa Catalina \u00a1y ofrece una <strong>variedad \u00fanica de alimentos con ingredientes frescos<\/strong>!<\/div>\n<div dir=\"auto\"><\/div>\n<div dir=\"auto\"><\/div>\n<div dir=\"auto\">\u00a0\u00a1Esperamos que haya encontrado <strong>inspiraci\u00f3n<\/strong> para su experiencia gastron\u00f3mica en Mallorca!<\/div>\n<div dir=\"auto\"><\/div>\n<div dir=\"auto\">En <strong>Perfect Venue Manager<\/strong> podemos ayudarte a encontrar inspiraci\u00f3n para tu tiempo en Mallorca! \u00a1Echa un vistazo a <a href=\"https:\/\/perfectvenue.es\/tips-articles\/\">nuestro blog<\/a> at y contacta con nosotros!<\/div>\n<p><\/p>\n<span class=\"tags-links\"><a href=\"https:\/\/perfectvenue.es\/es\/tag\/cafes-in-mallorca\/\" rel=\"tag\">Cafes in Mallorca<\/a><a href=\"https:\/\/perfectvenue.es\/es\/tag\/dining-options-in-mallorca\/\" rel=\"tag\">Dining options in Mallorca<\/a><a href=\"https:\/\/perfectvenue.es\/es\/tag\/food-mallorca\/\" rel=\"tag\">Food Mallorca<\/a><a href=\"https:\/\/perfectvenue.es\/es\/tag\/holiday-in-mallorca\/\" rel=\"tag\">Holiday in Mallorca<\/a><a href=\"https:\/\/perfectvenue.es\/es\/tag\/restaurants-in-mallorca\/\" rel=\"tag\">Restaurants in Mallorca<\/a><a href=\"https:\/\/perfectvenue.es\/es\/tag\/vacaciones-en-mallorca\/\" rel=\"tag\">Vacaciones en Mallorca<\/a><\/span>","protected":false},"excerpt":{"rendered":"<p>\u00bfEst\u00e1s planeando visitar Mallorca y est\u00e1s buscando los mejores sitios para ir a comer? Bien \u00a1has venido al sitio correcto!<\/p>\n","protected":false},"author":26511,"featured_media":28751,"comment_status":"open","ping_status":"open","sticky":false,"template":"","format":"standard","meta":{"footnotes":""},"categories":[3528],"tags":[3514,3515,3516,3511,3513,3512],"class_list":["post-28373","post","type-post","status-publish","format-standard","has-post-thumbnail","hentry","category-best-places-in-spain","tag-cafes-in-mallorca","tag-dining-options-in-mallorca","tag-food-mallorca","tag-holiday-in-mallorca","tag-restaurants-in-mallorca","tag-vacaciones-en-mallorca","post_region-islas-baleares"],"_links":{"self":[{"href":"https:\/\/perfectvenue.es\/es\/wp-json\/wp\/v2\/posts\/28373","targetHints":{"allow":["GET"]}}],"collection":[{"href":"https:\/\/perfectvenue.es\/es\/wp-json\/wp\/v2\/posts"}],"about":[{"href":"https:\/\/perfectvenue.es\/es\/wp-json\/wp\/v2\/types\/post"}],"author":[{"embeddable":true,"href":"https:\/\/perfectvenue.es\/es\/wp-json\/wp\/v2\/users\/26511"}],"replies":[{"embeddable":true,"href":"https:\/\/perfectvenue.es\/es\/wp-json\/wp\/v2\/comments?post=28373"}],"version-history":[{"count":1,"href":"https:\/\/perfectvenue.es\/es\/wp-json\/wp\/v2\/posts\/28373\/revisions"}],"predecessor-version":[{"id":29874,"href":"https:\/\/perfectvenue.es\/es\/wp-json\/wp\/v2\/posts\/28373\/revisions\/29874"}],"wp:featuredmedia":[{"embeddable":true,"href":"https:\/\/perfectvenue.es\/es\/wp-json\/wp\/v2\/media\/28751"}],"wp:attachment":[{"href":"https:\/\/perfectvenue.es\/es\/wp-json\/wp\/v2\/media?parent=28373"}],"wp:term":[{"taxonomy":"category","embeddable":true,"href":"https:\/\/perfectvenue.es\/es\/wp-json\/wp\/v2\/categories?post=28373"},{"taxonomy":"post_tag","embeddable":true,"href":"https:\/\/perfectvenue.es\/es\/wp-json\/wp\/v2\/tags?post=28373"}],"curies":[{"name":"wp","href":"https:\/\/api.w.org\/{rel}","templated":true}]}}