{"id":28171,"date":"2020-10-13T13:54:32","date_gmt":"2020-10-13T10:54:32","guid":{"rendered":"https:\/\/perfectvenue.es\/?p=28171"},"modified":"2022-06-21T13:26:29","modified_gmt":"2022-06-21T10:26:29","slug":"catholic-weddings-this-is-what-you-will-experience-in-a-catholic-ceremony","status":"publish","type":"post","link":"https:\/\/perfectvenue.es\/es\/2020\/10\/13\/catholic-weddings-this-is-what-you-will-experience-in-a-catholic-ceremony\/","title":{"rendered":"Boda cat\u00f3lica: esto es todo lo que vivir\u00e1s en una ceremonia de esta religi\u00f3n"},"content":{"rendered":"<p><\/p>\n<p style=\"text-align: justify;\"><span style=\"font-weight: 400;\">\u00bfTienes que asistir a tu primera <\/span><b>boda cat\u00f3lica<\/b><span style=\"font-weight: 400;\"> y no sabes c\u00f3mo se desarrollar\u00e1n los acontecimientos? \u00bfO te casas y necesitas conocer <\/span><b>las mejores iglesias cat\u00f3licas o los mejores banquetes para celebrar tu gran<\/b> <b>d\u00eda<\/b><span style=\"font-weight: 400;\">? \u00a1Entonces este es tu art\u00edculo!<\/span><\/p>\n<p style=\"text-align: justify;\"><span style=\"font-weight: 400;\">Las bodas cat\u00f3licas son de lo m\u00e1s bonitas, y cuentan con un mont\u00f3n de rituales simb\u00f3licos que estamos seguros de que te encantar\u00e1n.<\/span><\/p>\n<p style=\"text-align: justify;\"><span style=\"font-weight: 400;\">As\u00ed que, si es tu primera ceremonia de boda cat\u00f3lica y vas a ver el boato de la iglesia por primera vez, \u00a1sigue leyendo!<\/span><\/p>\n<p style=\"text-align: justify;\"><span style=\"font-weight: 400;\">Tras acabar de leer este post, tendr\u00e1s una idea general de este acontecimiento. Y ya te avisamos: \u00a1<\/span><b>no parar\u00e1s de ponerte en pie ni de cantar<\/b><span style=\"font-weight: 400;\">!<\/span><\/p>\n<p style=\"text-align: justify;\"><span style=\"font-weight: 400;\">\u00bfEstamos todos listos? \u00a1Pues arrancamos!<\/span><\/p>\n<figure id=\"attachment_28206\" aria-describedby=\"caption-attachment-28206\" style=\"width: 696px\" class=\"wp-caption aligncenter\"><img loading=\"lazy\" decoding=\"async\" class=\"size-full wp-image-28206\" src=\"https:\/\/perfectvenue.es\/wp-content\/uploads\/2020\/10\/Daniel-Lopez-Perez-Photography.png\" alt=\"\" width=\"696\" height=\"678\" srcset=\"https:\/\/perfectvenue.es\/wp-content\/uploads\/2020\/10\/Daniel-Lopez-Perez-Photography.png?v=1626103628 696w, https:\/\/perfectvenue.es\/wp-content\/uploads\/2020\/10\/Daniel-Lopez-Perez-Photography-300x292.png?v=1626103628 300w, https:\/\/perfectvenue.es\/wp-content\/uploads\/2020\/10\/Daniel-Lopez-Perez-Photography-450x438.png?v=1626103628 450w, https:\/\/perfectvenue.es\/wp-content\/uploads\/2020\/10\/Daniel-Lopez-Perez-Photography-600x584.png?v=1626103628 600w\" sizes=\"auto, (max-width: 696px) 100vw, 696px\" \/><figcaption id=\"caption-attachment-28206\" class=\"wp-caption-text\">Photo via <a href=\"https:\/\/daniellopezperez.com\/es\/\">Daniel Lopez Perez Photography<\/a><\/figcaption><\/figure>\n<h3 style=\"text-align: justify;\"><b>\u00bfEn qu\u00e9 caso se puede celebrar una boda cat\u00f3lica?<\/b><\/h3>\n<p style=\"text-align: justify;\"><span style=\"font-weight: 400;\">Siempre y cuando los contrayentes, s\u00ed, <\/span><b>ambos, est\u00e9n bautizados en el catolicismo<\/b><span style=\"font-weight: 400;\"> y cuenten con su certificado de fe y estado. En muchas ocasiones, alguno de los c\u00f3nyuges no est\u00e1 bautizado, pero puede hacerlo en su iglesia antes de que se celebre la boda, ya que es necesaria la partida de bautismo.<\/span><\/p>\n<h3 style=\"text-align: justify;\"><b>\u00bfCu\u00e1nto suele durar una ceremonia cat\u00f3lica?<\/b><\/h3>\n<p style=\"text-align: justify;\"><b>Una ceremonia cat\u00f3lica con una misa suele durar entre 45 minutos y una hora, mientras que una sin misa suele durar entre 30 y 40 minutos.<\/b><\/p>\n<p style=\"text-align: justify;\"><span style=\"font-weight: 400;\">Estas \u00faltimas son perfectas para los enlaces de tarde, ya que permiten a los novios aprovechar los \u00faltimos rayos de sol para hacerse fotos luciendo el <\/span><a href=\"https:\/\/perfectvenue.es\/2020\/05\/04\/what-will-the-brides-be-wearing-in-2021-here-are-the-wedding-dress-trends-that-you-need-to-know\/\"><b>vestido de novia<\/b><\/a> <span style=\"font-weight: 400;\">y el <\/span><a href=\"https:\/\/perfectvenue.es\/2020\/07\/21\/rebellion-and-rule-breaking-are-the-key-trends-for-the-wedding-suits-of-2021\/\"><b>traje<\/b><\/a><span style=\"font-weight: 400;\">.<\/span><\/p>\n<p style=\"text-align: justify;\"><span style=\"font-weight: 400;\">Otra opci\u00f3n tambi\u00e9n es optar por una boda con misa corta, que dura unos 40 minutos.<\/span><\/p>\n<h3 style=\"text-align: justify;\"><b>La entrada de los novios a la iglesia, un momento m\u00e1gico<\/b><\/h3>\n<figure id=\"attachment_28191\" aria-describedby=\"caption-attachment-28191\" style=\"width: 700px\" class=\"wp-caption aligncenter\"><img loading=\"lazy\" decoding=\"async\" class=\"wp-image-28191 size-full\" src=\"https:\/\/perfectvenue.es\/wp-content\/uploads\/2020\/10\/la-entrada-de-la-novia.jpg\" alt=\"\" width=\"700\" height=\"467\" srcset=\"https:\/\/perfectvenue.es\/wp-content\/uploads\/2020\/10\/la-entrada-de-la-novia.jpg?v=1626103631 700w, https:\/\/perfectvenue.es\/wp-content\/uploads\/2020\/10\/la-entrada-de-la-novia-300x200.jpg?v=1626103631 300w, https:\/\/perfectvenue.es\/wp-content\/uploads\/2020\/10\/la-entrada-de-la-novia-450x300.jpg?v=1626103631 450w, https:\/\/perfectvenue.es\/wp-content\/uploads\/2020\/10\/la-entrada-de-la-novia-600x400.jpg?v=1626103631 600w\" sizes=\"auto, (max-width: 700px) 100vw, 700px\" \/><figcaption id=\"caption-attachment-28191\" class=\"wp-caption-text\">Photo via Bequerul Fotograf\u00eda<\/figcaption><\/figure>\n<p style=\"text-align: justify;\"><span style=\"font-weight: 400;\">En la ceremonia cat\u00f3lica, a diferencia de la <\/span><a href=\"https:\/\/perfectvenue.es\/2020\/09\/24\/orthodox-wedding-this-is-what-you-have-to-know-before-celebrating-or-attending-one\/\"><b>boda ortodoxa<\/b><\/a><span style=\"font-weight: 400;\">, <\/span><b>los invitados esperan a los novios dentro de la iglesia.<\/b><\/p>\n<p style=\"text-align: justify;\"><span style=\"font-weight: 400;\">Los invitados de la novia se colocan en el lado izquierdo del templo mientras que los del novio se sit\u00faan a la derecha. Y, por regla general, en la primera fila se reservan unos asientos para los familiares m\u00e1s cercanos y para aquellos amigos que vayan a realizar alguna de las lecturas.<\/span><\/p>\n<p style=\"text-align: justify;\"><b>El novio es el primero en entrar junto a la madrina para esperar a la novia en el altar<\/b><span style=\"font-weight: 400;\">. <\/span><b>Poco tiempo despu\u00e9s entra la novia acompa\u00f1ada del padrino, <\/b><span style=\"font-weight: 400;\">acaparando todas las miradas. En este momento todos los invitados se ponen de pie.<\/span><\/p>\n<h3 style=\"text-align: justify;\"><b>Da comienzo el Rito Introductorio<\/b><\/h3>\n<p style=\"text-align: justify;\"><span style=\"font-weight: 400;\">Despu\u00e9s de que los novios lleguen al altar, la ceremonia comienza con <\/span><b>la se\u00f1al de la cruz<\/b><span style=\"font-weight: 400;\"> creada por el cura hacia los novios, momento en el que la m\u00fasica suena y <\/span><b>los invitados, los cuales siguen en pie, pueden cantar <\/b><span style=\"font-weight: 400;\">mientras esto sucede.\u00a0 Un himno muy apropiado para este momento es \u201cGloria\u201d.<\/span><\/p>\n<h3 style=\"text-align: justify;\"><b>Es momento de sentarse para la Liturgia de la Palabra<\/b><\/h3>\n<p style=\"text-align: justify;\"><span style=\"font-weight: 400;\">Despu\u00e9s de la anterior oraci\u00f3n, se toma asiento y se procede a <\/span><b>leer el Antiguo Testamento<\/b><span style=\"font-weight: 400;\">. <\/span><b>Cuando escuches las palabras &#8220;La Palabra del Se\u00f1or&#8221;, tienes que decir &#8220;Gracias a Dios&#8221;, (si eres creyente).<\/b><\/p>\n<p style=\"text-align: justify;\"><span style=\"font-weight: 400;\">A continuaci\u00f3n, habr\u00e1 un salmo, al que podr\u00e1 cantar la respuesta si lo conoce. Luego otra lectura, que terminar\u00e1 con \u201cLa Palabra del Se\u00f1or\u201d, nuevamente y con la respuesta de \u201cGracias a Dios\u201d.<\/span><\/p>\n<figure id=\"attachment_28207\" aria-describedby=\"caption-attachment-28207\" style=\"width: 696px\" class=\"wp-caption aligncenter\"><img loading=\"lazy\" decoding=\"async\" class=\"size-full wp-image-28207\" src=\"https:\/\/perfectvenue.es\/wp-content\/uploads\/2020\/10\/Daring-Wanderer.png\" alt=\"\" width=\"696\" height=\"462\" srcset=\"https:\/\/perfectvenue.es\/wp-content\/uploads\/2020\/10\/Daring-Wanderer.png?v=1626103626 696w, https:\/\/perfectvenue.es\/wp-content\/uploads\/2020\/10\/Daring-Wanderer-300x199.png?v=1626103626 300w, https:\/\/perfectvenue.es\/wp-content\/uploads\/2020\/10\/Daring-Wanderer-450x299.png?v=1626103626 450w, https:\/\/perfectvenue.es\/wp-content\/uploads\/2020\/10\/Daring-Wanderer-600x398.png?v=1626103626 600w\" sizes=\"auto, (max-width: 696px) 100vw, 696px\" \/><figcaption id=\"caption-attachment-28207\" class=\"wp-caption-text\">Photo via <a href=\"http:\/\/daringwanderer.com\/\">Daring Wanderer<\/a><\/figcaption><\/figure>\n<h3 style=\"text-align: justify;\"><b>Ahora viene el canto del Evangelio<\/b><\/h3>\n<p style=\"text-align: justify;\"><span style=\"font-weight: 400;\">Es una canci\u00f3n tradicional llamada Gospel Acclamation, que sonar\u00e1 en el templo y al que le seguir\u00e1 una <\/span><b>lectura del Evangelio<\/b><span style=\"font-weight: 400;\">.<\/span><\/p>\n<p style=\"text-align: justify;\"><span style=\"font-weight: 400;\">Para finalizar esta lectura, <\/span><b>el sacerdote dir\u00e1 &#8220;El Evangelio del Se\u00f1or&#8221;, y si lo deseas, puedes decir: &#8220;Alabado sea, Se\u00f1or Jesucristo&#8221;,<\/b><span style=\"font-weight: 400;\"> como todos los cat\u00f3licos<\/span><\/p>\n<h3 style=\"text-align: justify;\"><b>Toma asiento para la homil\u00eda<\/b><\/h3>\n<p style=\"text-align: justify;\"><span style=\"font-weight: 400;\">A continuaci\u00f3n, se toma asiento para recibir un breve serm\u00f3n, llamado Homil\u00eda, sobre la <\/span><b>importancia de celebrar una ceremonia de boda cat\u00f3lica<\/b><span style=\"font-weight: 400;\">.<\/span><\/p>\n<h3 style=\"text-align: justify;\"><b>\u00a1Llega el intercambio de anillos!<\/b><\/h3>\n<p style=\"text-align: justify;\"><span style=\"font-weight: 400;\">Da comienzo la misa oficial de bodas cat\u00f3licas, donde antes de que la pareja intercambie los anillos y el sacerdote rece una oraci\u00f3n por su matrimonio, <\/span><b>los novios reciben una serie de preguntas a las que deben responder afirmativamente.<\/b><\/p>\n<p style=\"text-align: justify;\"><span style=\"font-weight: 400;\">Tambi\u00e9n es <\/span><b>momento de intercambiar los votos<\/b><span style=\"font-weight: 400;\">, los cuales pueden ser parecidos a otros votos matrimoniales ya existentes o ser exclusivos de la pareja.<\/span><\/p>\n<h3 style=\"text-align: justify;\"><b>La hora de la liturgia de la Eucarist\u00eda<\/b><\/h3>\n<p style=\"text-align: justify;\"><span style=\"font-weight: 400;\">Tambi\u00e9n conocida como &#8220;Sagrada Comuni\u00f3n&#8221;, que consiste en una <\/span><b>recreaci\u00f3n simb\u00f3lica de la \u00daltima Cena <\/b><span style=\"font-weight: 400;\">que Jes\u00fas consumi\u00f3 con sus disc\u00edpulos antes de morir.<\/span><\/p>\n<p style=\"text-align: justify;\"><span style=\"font-weight: 400;\">Mientras se recita la oraci\u00f3n eucar\u00edstica, se prepara el pan y el vino en el altar y se canta el himno &#8220;Sanctus&#8221;.<\/span><\/p>\n<h3 style=\"text-align: justify;\"><b>Es momento de volver a ponerse en pie<\/b><\/h3>\n<p style=\"text-align: justify;\"><span style=\"font-weight: 400;\">Porque llega la oraci\u00f3n del Se\u00f1or y el Rito de Comuni\u00f3n, momento en el que <\/span><b>se recita o<\/b> <b>se canta El Padre Nuestro y en el que el cura hace la bendici\u00f3n.<\/b><\/p>\n<h3 style=\"text-align: justify;\"><b>Comer pan y beber vino, \u00a1como lo lees!<\/b><\/h3>\n<figure id=\"attachment_28173\" aria-describedby=\"caption-attachment-28173\" style=\"width: 700px\" class=\"wp-caption aligncenter\"><img loading=\"lazy\" decoding=\"async\" class=\"wp-image-28173 size-full\" src=\"https:\/\/perfectvenue.es\/wp-content\/uploads\/2020\/10\/bride-groom-wedding-ceremony-Communion_opt.jpg\" alt=\"\" width=\"700\" height=\"467\" srcset=\"https:\/\/perfectvenue.es\/wp-content\/uploads\/2020\/10\/bride-groom-wedding-ceremony-Communion_opt.jpg?v=1626103638 700w, https:\/\/perfectvenue.es\/wp-content\/uploads\/2020\/10\/bride-groom-wedding-ceremony-Communion_opt-300x200.jpg?v=1626103638 300w, https:\/\/perfectvenue.es\/wp-content\/uploads\/2020\/10\/bride-groom-wedding-ceremony-Communion_opt-450x300.jpg?v=1626103638 450w, https:\/\/perfectvenue.es\/wp-content\/uploads\/2020\/10\/bride-groom-wedding-ceremony-Communion_opt-600x400.jpg?v=1626103638 600w\" sizes=\"auto, (max-width: 700px) 100vw, 700px\" \/><figcaption id=\"caption-attachment-28173\" class=\"wp-caption-text\">Photo via Britannica \/ Bogdan Sonjachnyj<\/figcaption><\/figure>\n<p style=\"text-align: justify;\"><span style=\"font-weight: 400;\">Antes de que finalice la ceremonia, <\/span><b>los invitados pueden hacer fila para participar en el momento en el que se bebe vino y se come pan. <\/b><span style=\"font-weight: 400;\">Es una tradici\u00f3n en la que pueden participar todos los cat\u00f3licos que est\u00e9n presentes, por lo que, si no te consideras creyente, puedes permanecer de pie en silencio esperando a que los otros suban al altar para recibir este sacramento. \u00a1No pasa nada!<\/span><\/p>\n<h3 style=\"text-align: justify;\"><b>\u00a1Que se besen los novios!<\/b><\/h3>\n<p style=\"text-align: justify;\"><span style=\"font-weight: 400;\">Una vez acabada toda la ceremonia, es momento de que los invitados vayan saliendo mientras <\/span><b>los novios firman el acta<\/b><span style=\"font-weight: 400;\">. Una vez hecho este tr\u00e1mite, los novios se<\/span><b> disponen a salir de la iglesia, lugar en el que les esperan todos sus invitados para ser rociados por una lluvia de arroz<\/b><span style=\"font-weight: 400;\">.<\/span><\/p>\n<p style=\"text-align: justify;\"><span style=\"font-weight: 400;\">Aunque, \u00bfsab\u00edas que ahora hay muchas <\/span><b>alternativas al tradicional arroz<\/b><span style=\"font-weight: 400;\">?<\/span><\/p>\n<h2 style=\"text-align: justify;\"><b>Las mejores iglesias de Espa\u00f1a para celebrar una boda cat\u00f3lica:<\/b><\/h2>\n<p style=\"text-align: justify;\"><span style=\"font-weight: 400;\">Las tenemos, y est\u00e1n en Espa\u00f1a. \u00a1A nuestro pa\u00eds no le faltan catedrales impresionantes en las que darse el \u201cs\u00ed quiero\u201d de manera cat\u00f3lica!<\/span><\/p>\n<p style=\"text-align: justify;\"><span style=\"font-weight: 400;\">Es por ello que, a continuaci\u00f3n, vamos a emprender un peque\u00f1o viaje por <\/span><b>las Catedrales de Espa\u00f1a m\u00e1s bonitas de todos los tiempos.<\/b><\/p>\n<h3 style=\"text-align: justify;\"><b>Iglesia Nueva Son Servera, Mallorca<\/b><\/h3>\n<figure id=\"attachment_28175\" aria-describedby=\"caption-attachment-28175\" style=\"width: 700px\" class=\"wp-caption aligncenter\"><img loading=\"lazy\" decoding=\"async\" class=\"wp-image-28175 size-full\" src=\"https:\/\/perfectvenue.es\/wp-content\/uploads\/2020\/10\/iglesia-nova-son-servera-mallorca.jpg\" alt=\"\" width=\"700\" height=\"467\" srcset=\"https:\/\/perfectvenue.es\/wp-content\/uploads\/2020\/10\/iglesia-nova-son-servera-mallorca.jpg?v=1626103637 700w, https:\/\/perfectvenue.es\/wp-content\/uploads\/2020\/10\/iglesia-nova-son-servera-mallorca-300x200.jpg?v=1626103637 300w, https:\/\/perfectvenue.es\/wp-content\/uploads\/2020\/10\/iglesia-nova-son-servera-mallorca-450x300.jpg?v=1626103637 450w, https:\/\/perfectvenue.es\/wp-content\/uploads\/2020\/10\/iglesia-nova-son-servera-mallorca-600x400.jpg?v=1626103637 600w\" sizes=\"auto, (max-width: 700px) 100vw, 700px\" \/><figcaption id=\"caption-attachment-28175\" class=\"wp-caption-text\">Photo via Danyel Andr\u00e9 Wedding Photographer<\/figcaption><\/figure>\n<p style=\"text-align: justify;\"><span style=\"font-weight: 400;\">\u00bfUna <\/span><b>iglesia inacabada<\/b><span style=\"font-weight: 400;\">? Existe, y es esta. Es un edificio que sufri\u00f3 modificaciones y finalmente qued\u00f3 inacabado. En ella destacan elementos arquitect\u00f3nicos propios del neog\u00f3tico, una marcada austeridad, ventanales y rosetones, as\u00ed como una magia muy particular por el hecho de que est\u00e1 abierta al cielo. \u00a1una belleza a la que <\/span><b>se accede por un peque\u00f1o jard\u00edn<\/b><span style=\"font-weight: 400;\">!<\/span><\/p>\n<h3 style=\"text-align: justify;\"><b>Catedral de Santiago de Compostela, Galicia<\/b><\/h3>\n<figure id=\"attachment_28176\" aria-describedby=\"caption-attachment-28176\" style=\"width: 700px\" class=\"wp-caption aligncenter\"><img loading=\"lazy\" decoding=\"async\" class=\"wp-image-28176 size-full\" src=\"https:\/\/perfectvenue.es\/wp-content\/uploads\/2020\/10\/catedral-de-santiago-de-compostela_opt.jpg\" alt=\"\" width=\"700\" height=\"466\" srcset=\"https:\/\/perfectvenue.es\/wp-content\/uploads\/2020\/10\/catedral-de-santiago-de-compostela_opt.jpg?v=1626103637 700w, https:\/\/perfectvenue.es\/wp-content\/uploads\/2020\/10\/catedral-de-santiago-de-compostela_opt-300x200.jpg?v=1626103637 300w, https:\/\/perfectvenue.es\/wp-content\/uploads\/2020\/10\/catedral-de-santiago-de-compostela_opt-450x300.jpg?v=1626103637 450w, https:\/\/perfectvenue.es\/wp-content\/uploads\/2020\/10\/catedral-de-santiago-de-compostela_opt-600x399.jpg?v=1626103637 600w\" sizes=\"auto, (max-width: 700px) 100vw, 700px\" \/><figcaption id=\"caption-attachment-28176\" class=\"wp-caption-text\">Photo via Herv\u00e9 Hughes \/ Gtres<\/figcaption><\/figure>\n<p style=\"text-align: justify;\"><span style=\"font-weight: 400;\">Al ser el final del viaje para los peregrinos que recorren el Camino, es <\/span><b>la Catedral m\u00e1s visitada de Espa\u00f1a<\/b><span style=\"font-weight: 400;\">. Este templo que se construy\u00f3 sobre la tumba de Santiago es de estilo rom\u00e1nico y consta de planta de cruz latina y tres naves con elementos de estilos arquitect\u00f3nicos del g\u00f3tico, barroco, plateresco y neocl\u00e1sico.<\/span><\/p>\n<h3 style=\"text-align: justify;\"><b>Mezquita de C\u00f3rdoba, Andaluc\u00eda<\/b><\/h3>\n<figure id=\"attachment_28177\" aria-describedby=\"caption-attachment-28177\" style=\"width: 700px\" class=\"wp-caption aligncenter\"><img loading=\"lazy\" decoding=\"async\" class=\"wp-image-28177 size-full\" src=\"https:\/\/perfectvenue.es\/wp-content\/uploads\/2020\/10\/mezquita-catedral-de-c\u00f3rdoba_opt.jpg\" alt=\"\" width=\"700\" height=\"467\" srcset=\"https:\/\/perfectvenue.es\/wp-content\/uploads\/2020\/10\/mezquita-catedral-de-c\u00f3rdoba_opt.jpg?v=1626103636 700w, https:\/\/perfectvenue.es\/wp-content\/uploads\/2020\/10\/mezquita-catedral-de-c\u00f3rdoba_opt-300x200.jpg?v=1626103636 300w, https:\/\/perfectvenue.es\/wp-content\/uploads\/2020\/10\/mezquita-catedral-de-c\u00f3rdoba_opt-450x300.jpg?v=1626103636 450w, https:\/\/perfectvenue.es\/wp-content\/uploads\/2020\/10\/mezquita-catedral-de-c\u00f3rdoba_opt-600x400.jpg?v=1626103636 600w\" sizes=\"auto, (max-width: 700px) 100vw, 700px\" \/><figcaption id=\"caption-attachment-28177\" class=\"wp-caption-text\">Photo via RayPorres Fotograf\u00eda<\/figcaption><\/figure>\n<p style=\"text-align: justify;\"><span style=\"font-weight: 400;\">Una de las catedrales m\u00e1s singulares de Espa\u00f1a es esta joya del arte omeya. Junto con la Alhambra de Granada, <\/span><b>es el m\u00e1ximo exponente de la arquitectura isl\u00e1mica en Espa\u00f1a<\/b><span style=\"font-weight: 400;\">. Su <\/span><b>enjambre de dovelas rojas y blancas que forman los arcos que<\/b> <b>sostienen sus techos<\/b><span style=\"font-weight: 400;\"> te dejar\u00e1n con la boca abierta.<\/span><\/p>\n<h3 style=\"text-align: justify;\"><b>Catedral de Burgos, Castilla y Le\u00f3n<\/b><\/h3>\n<figure id=\"attachment_28178\" aria-describedby=\"caption-attachment-28178\" style=\"width: 700px\" class=\"wp-caption aligncenter\"><img loading=\"lazy\" decoding=\"async\" class=\"wp-image-28178 size-full\" src=\"https:\/\/perfectvenue.es\/wp-content\/uploads\/2020\/10\/BURGOS-CATEDRAL-DE_02_MG_3200_opt.jpg\" alt=\"\" width=\"700\" height=\"467\" srcset=\"https:\/\/perfectvenue.es\/wp-content\/uploads\/2020\/10\/BURGOS-CATEDRAL-DE_02_MG_3200_opt.jpg?v=1626103635 700w, https:\/\/perfectvenue.es\/wp-content\/uploads\/2020\/10\/BURGOS-CATEDRAL-DE_02_MG_3200_opt-300x200.jpg?v=1626103635 300w, https:\/\/perfectvenue.es\/wp-content\/uploads\/2020\/10\/BURGOS-CATEDRAL-DE_02_MG_3200_opt-450x300.jpg?v=1626103635 450w, https:\/\/perfectvenue.es\/wp-content\/uploads\/2020\/10\/BURGOS-CATEDRAL-DE_02_MG_3200_opt-600x400.jpg?v=1626103635 600w\" sizes=\"auto, (max-width: 700px) 100vw, 700px\" \/><figcaption id=\"caption-attachment-28178\" class=\"wp-caption-text\">Photo via Xacopedia<\/figcaption><\/figure>\n<p style=\"text-align: justify;\"><span style=\"font-weight: 400;\">Es la \u00fanica catedral espa\u00f1ola declarada por s\u00ed misma <\/span><b>Patrimonio de la Humanidad por la UNESCO.<\/b><span style=\"font-weight: 400;\"> Se construy\u00f3 entre 1221 y 1765 por lo que, al estilo g\u00f3tico predominante, se unen otros estilos. \u00a1Y en el interior <\/span><b>se encuentra la tumba del Cid Campeador<\/b><span style=\"font-weight: 400;\">! Para una boda de lo m\u00e1s hist\u00f3rica.<\/span><\/p>\n<h3 style=\"text-align: justify;\"><b>Bas\u00edlica de Nuestra Se\u00f1ora del Pilar, Zaragoza<\/b><\/h3>\n<figure id=\"attachment_28179\" aria-describedby=\"caption-attachment-28179\" style=\"width: 700px\" class=\"wp-caption aligncenter\"><img loading=\"lazy\" decoding=\"async\" class=\"wp-image-28179 size-full\" src=\"https:\/\/perfectvenue.es\/wp-content\/uploads\/2020\/10\/bas\u00edlica-de-zaragoza_opt.jpg\" alt=\"\" width=\"700\" height=\"465\" srcset=\"https:\/\/perfectvenue.es\/wp-content\/uploads\/2020\/10\/bas\u00edlica-de-zaragoza_opt.jpg?v=1626103634 700w, https:\/\/perfectvenue.es\/wp-content\/uploads\/2020\/10\/bas\u00edlica-de-zaragoza_opt-300x199.jpg?v=1626103634 300w, https:\/\/perfectvenue.es\/wp-content\/uploads\/2020\/10\/bas\u00edlica-de-zaragoza_opt-450x299.jpg?v=1626103634 450w, https:\/\/perfectvenue.es\/wp-content\/uploads\/2020\/10\/bas\u00edlica-de-zaragoza_opt-600x399.jpg?v=1626103634 600w\" sizes=\"auto, (max-width: 700px) 100vw, 700px\" \/><figcaption id=\"caption-attachment-28179\" class=\"wp-caption-text\">Photo via Fotonazos<\/figcaption><\/figure>\n<p style=\"text-align: justify;\"><b>La m\u00e1s visitada de las dos catedrales de Zaragoza<\/b><span style=\"font-weight: 400;\">. Este es un templo barroco de tres naves y cuatro torres. \u00bfSab\u00edas que en el lugar en el que actualmente se encuentra el templo ya exist\u00eda una iglesia moz\u00e1rabe dedicada a Santa Mar\u00eda? Es por ello por lo que <\/span><b>sus or\u00edgenes se remontan al siglo IX.<\/b><\/p>\n<h3 style=\"text-align: justify;\"><b>Catedral Primada de Toledo<\/b><\/h3>\n<figure id=\"attachment_28180\" aria-describedby=\"caption-attachment-28180\" style=\"width: 700px\" class=\"wp-caption aligncenter\"><img loading=\"lazy\" decoding=\"async\" class=\"wp-image-28180 size-full\" src=\"https:\/\/perfectvenue.es\/wp-content\/uploads\/2020\/10\/catedral-primada-de-toledo_opt.jpg\" alt=\"\" width=\"700\" height=\"467\" srcset=\"https:\/\/perfectvenue.es\/wp-content\/uploads\/2020\/10\/catedral-primada-de-toledo_opt.jpg?v=1626103633 700w, https:\/\/perfectvenue.es\/wp-content\/uploads\/2020\/10\/catedral-primada-de-toledo_opt-300x200.jpg?v=1626103633 300w, https:\/\/perfectvenue.es\/wp-content\/uploads\/2020\/10\/catedral-primada-de-toledo_opt-450x300.jpg?v=1626103633 450w, https:\/\/perfectvenue.es\/wp-content\/uploads\/2020\/10\/catedral-primada-de-toledo_opt-600x400.jpg?v=1626103633 600w\" sizes=\"auto, (max-width: 700px) 100vw, 700px\" \/><figcaption id=\"caption-attachment-28180\" class=\"wp-caption-text\">Photo via Fisfra<\/figcaption><\/figure>\n<p style=\"text-align: justify;\"><b>La principal catedral de Espa\u00f1a<\/b><span style=\"font-weight: 400;\">, como lo lees. Este templo de estilo g\u00f3tico con influencia francesa tiene una planta formada por cinco naves, sustentado por 88 columnas y 72 b\u00f3vedas. Cuenta con vidrieras pol\u00edcromas de los siglos XIV, XV y XVI y <\/span><b>su coro est\u00e1 considerado como el m\u00e1s grandioso de la cristiandad.<\/b><\/p>\n<h3 style=\"text-align: justify;\"><b>Catedral del Buen Pastor, San Sebasti\u00e1n<\/b><\/h3>\n<figure id=\"attachment_28185\" aria-describedby=\"caption-attachment-28185\" style=\"width: 700px\" class=\"wp-caption aligncenter\"><img loading=\"lazy\" decoding=\"async\" class=\"wp-image-28185 size-full\" src=\"https:\/\/perfectvenue.es\/wp-content\/uploads\/2020\/10\/catedral-buen-pastor-1.jpg\" alt=\"\" width=\"700\" height=\"460\" srcset=\"https:\/\/perfectvenue.es\/wp-content\/uploads\/2020\/10\/catedral-buen-pastor-1.jpg?v=1626103632 700w, https:\/\/perfectvenue.es\/wp-content\/uploads\/2020\/10\/catedral-buen-pastor-1-300x197.jpg?v=1626103632 300w, https:\/\/perfectvenue.es\/wp-content\/uploads\/2020\/10\/catedral-buen-pastor-1-450x296.jpg?v=1626103632 450w, https:\/\/perfectvenue.es\/wp-content\/uploads\/2020\/10\/catedral-buen-pastor-1-600x394.jpg?v=1626103632 600w\" sizes=\"auto, (max-width: 700px) 100vw, 700px\" \/><figcaption id=\"caption-attachment-28185\" class=\"wp-caption-text\">Photo via San Sebasti\u00e1n Turismo-Donostia Turismoa, S.A.<\/figcaption><\/figure>\n<p style=\"text-align: justify;\"><span style=\"font-weight: 400;\">Esta es la construcci\u00f3n religiosa m\u00e1s grande de San Sebasti\u00e1n, la cual <\/span><b>preside el centro de la ciudad y cuenta con 75 metros de altura en forma de aguja<\/b><span style=\"font-weight: 400;\">, siendo as\u00ed visible desde casi todos los puntos de la capital. Esta fue construida en siller\u00eda con piedras procedentes de las canteras del monte de Igueldo.<\/span><\/p>\n<h3 style=\"text-align: justify;\"><b>Bas\u00edlica Catedral de San Salvador, Oviedo<\/b><\/h3>\n<figure id=\"attachment_28183\" aria-describedby=\"caption-attachment-28183\" style=\"width: 700px\" class=\"wp-caption aligncenter\"><img loading=\"lazy\" decoding=\"async\" class=\"wp-image-28183 size-full\" src=\"https:\/\/perfectvenue.es\/wp-content\/uploads\/2020\/10\/bas\u00edlica-catedral-de-san-salvador-oviedo.jpg\" alt=\"\" width=\"700\" height=\"437\" srcset=\"https:\/\/perfectvenue.es\/wp-content\/uploads\/2020\/10\/bas\u00edlica-catedral-de-san-salvador-oviedo.jpg?v=1626103632 700w, https:\/\/perfectvenue.es\/wp-content\/uploads\/2020\/10\/bas\u00edlica-catedral-de-san-salvador-oviedo-300x187.jpg?v=1626103632 300w, https:\/\/perfectvenue.es\/wp-content\/uploads\/2020\/10\/bas\u00edlica-catedral-de-san-salvador-oviedo-450x281.jpg?v=1626103632 450w, https:\/\/perfectvenue.es\/wp-content\/uploads\/2020\/10\/bas\u00edlica-catedral-de-san-salvador-oviedo-600x375.jpg?v=1626103632 600w\" sizes=\"auto, (max-width: 700px) 100vw, 700px\" \/><figcaption id=\"caption-attachment-28183\" class=\"wp-caption-text\">Photo via Viajes Camino de Santiago<\/figcaption><\/figure>\n<p style=\"text-align: justify;\"><span style=\"font-weight: 400;\">\u00a1No sabes la de reliquias que contiene! Como el conocido Santo Sudario, una pieza de tela de lino que era el <\/span><b>pa\u00f1o que tapaba la cara de Jesucristo en el momento de su entierro en el sepulcro<\/b><span style=\"font-weight: 400;\">. Para casarse con mucha historia.<\/span><\/p>\n<h3 style=\"text-align: justify;\"><b>Tras la ceremonia cat\u00f3lica\u2026 \u00a1una buena comilona!<\/b><\/h3>\n<figure id=\"attachment_27595\" aria-describedby=\"caption-attachment-27595\" style=\"width: 700px\" class=\"wp-caption aligncenter\"><img loading=\"lazy\" decoding=\"async\" class=\"wp-image-27595\" src=\"https:\/\/perfectvenue.es\/wp-content\/uploads\/2020\/08\/nacarum-antonio-perfectvenue.jpg-35.jpg\" alt=\"\" width=\"700\" height=\"466\" srcset=\"https:\/\/perfectvenue.es\/wp-content\/uploads\/2020\/08\/nacarum-antonio-perfectvenue.jpg-35.jpg?v=1626103867 850w, https:\/\/perfectvenue.es\/wp-content\/uploads\/2020\/08\/nacarum-antonio-perfectvenue.jpg-35-300x200.jpg?v=1626103867 300w, https:\/\/perfectvenue.es\/wp-content\/uploads\/2020\/08\/nacarum-antonio-perfectvenue.jpg-35-768x511.jpg?v=1626103867 768w, https:\/\/perfectvenue.es\/wp-content\/uploads\/2020\/08\/nacarum-antonio-perfectvenue.jpg-35-450x300.jpg?v=1626103867 450w, https:\/\/perfectvenue.es\/wp-content\/uploads\/2020\/08\/nacarum-antonio-perfectvenue.jpg-35-600x400.jpg?v=1626103867 600w\" sizes=\"auto, (max-width: 700px) 100vw, 700px\" \/><figcaption id=\"caption-attachment-27595\" class=\"wp-caption-text\">Photo via <a href=\"https:\/\/nataliaortizevents.com\">Weddings and Events by Natalia Ortiz<\/a>, Photographer: <a href=\"https:\/\/www.antonioojeda.es\/\">A. Ojeda &amp; R. Ferreiro<\/a><\/figcaption><\/figure>\n<p style=\"text-align: justify;\"><span style=\"font-weight: 400;\">Ahora que ya conoc\u00e9is el desarrollo de la ceremonia religiosa y conoc\u00e9is las iglesias m\u00e1s bonitas para contraer matrimonio de manera cat\u00f3lica en Espa\u00f1a, <\/span><b>es momento de buscar el espacio para el banquete nupcial.<\/b><\/p>\n<p style=\"text-align: justify;\"><span style=\"font-weight: 400;\">\u00a1Mira todos estos y qu\u00e9date boquiabierto!<\/span><\/p>\n<p style=\"text-align: justify;\"><b>Si realizas tu boda cat\u00f3lica en la Comunidad Valenciana <a href=\"https:\/\/perfectvenue.es\/listings\/?fwp_category=wedding&amp;fwp_region=valencian-community\">mira estos espacios<\/a><\/b><\/p>\n<p style=\"text-align: justify;\"><b>Si realizas tu boda cat\u00f3lica en Catalu\u00f1a <a href=\"https:\/\/perfectvenue.es\/listings\/?fwp_category=wedding&amp;fwp_region=catalonia\">mira estos espacios<\/a><\/b><\/p>\n<p style=\"text-align: justify;\"><b>Si realizas tu boda cat\u00f3lica en Madrid <a href=\"https:\/\/perfectvenue.es\/listings\/?fwp_category=wedding&amp;fwp_region=madrid\">mira estos espacios<\/a><\/b><\/p>\n<p style=\"text-align: justify;\"><b>Si realizas tu boda cat\u00f3lica en Andaluc\u00eda <a href=\"https:\/\/perfectvenue.es\/listings\/?fwp_category=wedding&amp;fwp_region=andalusia\">mira estos espacios<\/a><\/b><\/p>\n<p style=\"text-align: justify;\"><b>Si realizas tu boda cat\u00f3lica en Islas Baleres <a href=\"https:\/\/perfectvenue.es\/listings\/?fwp_category=wedding&amp;fwp_region=balearic-islands\">mira estos espacios<\/a><\/b><\/p>\n<p style=\"text-align: justify;\"><span style=\"font-weight: 400;\">\u00bfEres invitada o te casas y quieres conocer m\u00e1s acerca de los rituales de las ceremonias de cada religi\u00f3n? Entonces no te pierdas <\/span><a href=\"https:\/\/perfectvenue.es\/2018\/09\/05\/wedding-traditions-around-the-world\/\"><b>estos post<\/b><\/a> <span style=\"font-weight: 400;\">donde hablamos de las diferentes culturas y tradiciones que podr\u00e1s encontrarte en cualquier boda.<\/span><\/p>\n<p style=\"text-align: justify;\"><span style=\"font-weight: 400;\">Es momento de venir a <\/span><b>Perfect Venue Manager<\/b><span style=\"font-weight: 400;\">\u00a0y contarnos con qu\u00e9 regi\u00f3n de Espa\u00f1a te quedas para celebrar tu boda cat\u00f3lica. <\/span><b>\u00a1Encontraremos la iglesia perfecta para vosotros y el mejor lugar para tu gran banquete!<\/b><\/p>\n<p><\/p>\n<span class=\"tags-links\"><a href=\"https:\/\/perfectvenue.es\/es\/tag\/boda-catolica\/\" rel=\"tag\">boda catolica<\/a><a href=\"https:\/\/perfectvenue.es\/es\/tag\/boda-catolica-en-espana\/\" rel=\"tag\">boda cat\u00f3lica en Espa\u00f1a<\/a><a href=\"https:\/\/perfectvenue.es\/es\/tag\/catholic-wedding\/\" rel=\"tag\">Catholic wedding<\/a><a href=\"https:\/\/perfectvenue.es\/es\/tag\/catholic-wedding-in-spain\/\" rel=\"tag\">Catholic wedding in Spain<\/a><a href=\"https:\/\/perfectvenue.es\/es\/tag\/destination-wedding\/\" rel=\"tag\">destination wedding<\/a><a href=\"https:\/\/perfectvenue.es\/es\/tag\/%d0%ba%d0%b0%d1%82%d0%be%d0%bb%d0%b8%d1%87%d0%b5%d1%81%d0%ba%d0%b0%d1%8f-%d1%81%d0%b2%d0%b0%d0%b4%d1%8c%d0%b1%d0%b0\/\" rel=\"tag\">\u043a\u0430\u0442\u043e\u043b\u0438\u0447\u0435\u0441\u043a\u0430\u044f \u0441\u0432\u0430\u0434\u044c\u0431\u0430<\/a><\/span>","protected":false},"excerpt":{"rendered":"<p>En este art\u00edculo conocer\u00e1s todo lo necesario para celebrar una boda cat\u00f3lica o para asistir a ella. \u00a1Coge papel y boli!<\/p>\n","protected":false},"author":26511,"featured_media":28175,"comment_status":"open","ping_status":"open","sticky":false,"template":"","format":"standard","meta":{"footnotes":""},"categories":[176],"tags":[1764,3483,1763,3482,940,1765],"class_list":["post-28171","post","type-post","status-publish","format-standard","has-post-thumbnail","hentry","category-wedding","tag-boda-catolica","tag-boda-catolica-en-espana","tag-catholic-wedding","tag-catholic-wedding-in-spain","tag-destination-wedding","tag-1765"],"_links":{"self":[{"href":"https:\/\/perfectvenue.es\/es\/wp-json\/wp\/v2\/posts\/28171","targetHints":{"allow":["GET"]}}],"collection":[{"href":"https:\/\/perfectvenue.es\/es\/wp-json\/wp\/v2\/posts"}],"about":[{"href":"https:\/\/perfectvenue.es\/es\/wp-json\/wp\/v2\/types\/post"}],"author":[{"embeddable":true,"href":"https:\/\/perfectvenue.es\/es\/wp-json\/wp\/v2\/users\/26511"}],"replies":[{"embeddable":true,"href":"https:\/\/perfectvenue.es\/es\/wp-json\/wp\/v2\/comments?post=28171"}],"version-history":[{"count":2,"href":"https:\/\/perfectvenue.es\/es\/wp-json\/wp\/v2\/posts\/28171\/revisions"}],"predecessor-version":[{"id":35418,"href":"https:\/\/perfectvenue.es\/es\/wp-json\/wp\/v2\/posts\/28171\/revisions\/35418"}],"wp:featuredmedia":[{"embeddable":true,"href":"https:\/\/perfectvenue.es\/es\/wp-json\/wp\/v2\/media\/28175"}],"wp:attachment":[{"href":"https:\/\/perfectvenue.es\/es\/wp-json\/wp\/v2\/media?parent=28171"}],"wp:term":[{"taxonomy":"category","embeddable":true,"href":"https:\/\/perfectvenue.es\/es\/wp-json\/wp\/v2\/categories?post=28171"},{"taxonomy":"post_tag","embeddable":true,"href":"https:\/\/perfectvenue.es\/es\/wp-json\/wp\/v2\/tags?post=28171"}],"curies":[{"name":"wp","href":"https:\/\/api.w.org\/{rel}","templated":true}]}}