{"id":27744,"date":"2020-08-27T17:26:38","date_gmt":"2020-08-27T14:26:38","guid":{"rendered":"https:\/\/perfectvenue.es\/?p=27744"},"modified":"2022-08-11T14:02:04","modified_gmt":"2022-08-11T11:02:04","slug":"la-boda-intima-anna-sergi-vinedo-la-noche-san-juan","status":"publish","type":"post","link":"https:\/\/perfectvenue.es\/es\/2020\/08\/27\/la-boda-intima-anna-sergi-vinedo-la-noche-san-juan\/","title":{"rendered":"La boda \u00edntima de Anna y Sergi en un vi\u00f1edo la noche de San Juan"},"content":{"rendered":"<p><\/p>\n<p style=\"text-align: justify\"><span style=\"font-weight: 400\">Despu\u00e9s de unos cuantos a\u00f1os de amor como novios, Anna y Sergi dieron el paso para celebrar su <\/span><b>boda en un vi\u00f1edo<\/b><span style=\"font-weight: 400\"> de manera \u00edntima, con sus familiares y amigos m\u00e1s allegados.<\/span><\/p>\n<p style=\"text-align: justify\"><span style=\"font-weight: 400\">S\u00ed, como lo le\u00e9is, \u00a1en un <\/span><b>vi\u00f1edo de terreno boscoso y con un microclima de contrastes<\/b><span style=\"font-weight: 400\"> fue donde esta pareja de j\u00f3venes quiso empezar su nueva vida juntos como marido y mujer!<\/span><\/p>\n<p style=\"text-align: justify\"><span style=\"font-weight: 400\">El d\u00eda elegido fue el 23 de junio, una noche muy especial ya que es la de San Juan, en la que todos los deseos se hacen realidad, \u00a1y vaya si se hicieron realidad! Porque se dieron el \u201cs\u00ed quiero\u201d m\u00e1s alto y claro de todos los tiempos.\u00a0<\/span><\/p>\n<p style=\"text-align: justify\"><span style=\"font-weight: 400\">Adem\u00e1s, en un entorno que cautiv\u00f3 a los invitados por sus vi\u00f1as y bosques y que es testigo de <\/span><b>buenos vinos, aromas, sensaciones y est\u00edmulos<\/b><span style=\"font-weight: 400\">.<\/span><\/p>\n<p style=\"text-align: justify\"><span style=\"font-weight: 400\">S\u00f3lo hay que ver el resultado del reportaje fotogr\u00e1fico de <b>Carla de <a href=\"http:\/\/racordsfotografia.com\/\">Racords fotografia<\/a><\/b> que tuvo lugar en los <\/span><b>vi\u00f1edos de la bodega Abadal<\/b><span style=\"font-weight: 400\"> para corroborar que fue una boda de lo m\u00e1s divertida, cercana y natural.<\/span><\/p>\n<p style=\"text-align: justify\"><span style=\"font-weight: 400\">\u00a1No te pierdas la encantadora boda de Anna y Sergi e insp\u00edrate para tu <\/span><b>boda en unos vi\u00f1edos<\/b><span style=\"font-weight: 400\">!<\/span><\/p>\n<p><span class=\"alignnone\"><img loading=\"lazy\" decoding=\"async\" class=\"alignnone size-full wp-image-27745\" src=\"https:\/\/perfectvenue.es\/wp-content\/uploads\/2020\/08\/boda-en-un-vinedo-racordsfotografia4_opt.jpg\" alt=\"\" width=\"700\" height=\"466\" srcset=\"https:\/\/perfectvenue.es\/wp-content\/uploads\/2020\/08\/boda-en-un-vinedo-racordsfotografia4_opt.jpg?v=1626103808 700w, https:\/\/perfectvenue.es\/wp-content\/uploads\/2020\/08\/boda-en-un-vinedo-racordsfotografia4_opt-300x200.jpg?v=1626103808 300w, https:\/\/perfectvenue.es\/wp-content\/uploads\/2020\/08\/boda-en-un-vinedo-racordsfotografia4_opt-450x300.jpg?v=1626103808 450w, https:\/\/perfectvenue.es\/wp-content\/uploads\/2020\/08\/boda-en-un-vinedo-racordsfotografia4_opt-600x399.jpg?v=1626103808 600w\" sizes=\"auto, (max-width: 700px) 100vw, 700px\" \/> <img loading=\"lazy\" decoding=\"async\" class=\"alignnone size-full wp-image-27747\" src=\"https:\/\/perfectvenue.es\/wp-content\/uploads\/2020\/08\/boda-en-un-vinedo-racordsfotografia9_opt.jpg\" alt=\"\" width=\"700\" height=\"466\" srcset=\"https:\/\/perfectvenue.es\/wp-content\/uploads\/2020\/08\/boda-en-un-vinedo-racordsfotografia9_opt.jpg?v=1626103806 700w, https:\/\/perfectvenue.es\/wp-content\/uploads\/2020\/08\/boda-en-un-vinedo-racordsfotografia9_opt-300x200.jpg?v=1626103806 300w, https:\/\/perfectvenue.es\/wp-content\/uploads\/2020\/08\/boda-en-un-vinedo-racordsfotografia9_opt-450x300.jpg?v=1626103806 450w, https:\/\/perfectvenue.es\/wp-content\/uploads\/2020\/08\/boda-en-un-vinedo-racordsfotografia9_opt-600x399.jpg?v=1626103806 600w\" sizes=\"auto, (max-width: 700px) 100vw, 700px\" \/> <img loading=\"lazy\" decoding=\"async\" class=\"alignnone size-full wp-image-27748\" src=\"https:\/\/perfectvenue.es\/wp-content\/uploads\/2020\/08\/boda-en-un-vinedo-racordsfotografia10_opt.jpg\" alt=\"\" width=\"700\" height=\"466\" srcset=\"https:\/\/perfectvenue.es\/wp-content\/uploads\/2020\/08\/boda-en-un-vinedo-racordsfotografia10_opt.jpg?v=1626103805 700w, https:\/\/perfectvenue.es\/wp-content\/uploads\/2020\/08\/boda-en-un-vinedo-racordsfotografia10_opt-300x200.jpg?v=1626103805 300w, https:\/\/perfectvenue.es\/wp-content\/uploads\/2020\/08\/boda-en-un-vinedo-racordsfotografia10_opt-450x300.jpg?v=1626103805 450w, https:\/\/perfectvenue.es\/wp-content\/uploads\/2020\/08\/boda-en-un-vinedo-racordsfotografia10_opt-600x399.jpg?v=1626103805 600w\" sizes=\"auto, (max-width: 700px) 100vw, 700px\" \/><\/span><\/p>\n<h2 style=\"text-align: justify\">La Casa Rural La Ponsa, la favorita de los novios<\/h2>\n<p style=\"text-align: justify\"><span style=\"font-weight: 400\">Ubicada en Art\u00e9s, Barcelona, esta casa rural acogi\u00f3 a estos novios a sus seres queridos, los cuales disfrutaron de unas de las mejores vistas que se pueden tener: <\/span><b>todas zonas verdes.<\/b><\/p>\n<p style=\"text-align: justify\"><span style=\"font-weight: 400\">Dispusieron del alojamiento completo, por lo que pudieron moverse libremente por el amplio <\/span><b>sal\u00f3n repleto de sillones y con chimenea de le\u00f1a<\/b><span style=\"font-weight: 400\">, por la <\/span><b>cocina<\/b><span style=\"font-weight: 400\"> completamente equipada, por el <\/span><b>patio, piscina, jard\u00edn, terraza, ba\u00f1os\u2026<\/b><\/p>\n<p style=\"text-align: justify\"><span style=\"font-weight: 400\">\u00a1El lugar alberga todas las comodidades para que los novios que quieran darse el \u201cs\u00ed quiero\u201d en la casa rural tambi\u00e9n puedan <\/span><b>pasar un fin de semana<\/b><span style=\"font-weight: 400\"> inigualable!<\/span><\/p>\n<p style=\"text-align: justify\"><span style=\"font-weight: 400\">\u00bfSe os ocurre un sitio mejor para celebrar una boda en completa confianza y de lo m\u00e1s entra\u00f1able? \u00a1A Anna y Sergi no!<\/span><\/p>\n<p style=\"text-align: justify\"><span style=\"font-weight: 400\">Y es que, <\/span><b>La Ponsa cuenta con 6 dormitorios<\/b><span style=\"font-weight: 400\">: 2 con un par de camas individuales, el tercero es triple, una m\u00e1s de matrimonio, y una con 5 plazas, mientras que la \u00faltima tiene para 6 personas.<\/span><\/p>\n<p style=\"text-align: justify\"><span style=\"font-weight: 400\">Pero, sin duda, lo que cautiv\u00f3 todas las miradas fue el <\/span><b>espacio ajardinado tan amplio y el parque acu\u00e1tico que alberga el establecimient<\/b><span style=\"font-weight: 400\">o, as\u00ed como el bosque en el que se llev\u00f3 a cabo la ceremonia. \u00bfQuieres saber c\u00f3mo se decor\u00f3? \u00a1Pues sigue leyendo!<\/span><\/p>\n<p style=\"text-align: justify\"><span class=\"alignnone\"><img loading=\"lazy\" decoding=\"async\" class=\"alignnone size-full wp-image-27749\" src=\"https:\/\/perfectvenue.es\/wp-content\/uploads\/2020\/08\/boda-en-un-vinedo-racordsfotografia5_opt-1.jpg\" alt=\"\" width=\"700\" height=\"466\" srcset=\"https:\/\/perfectvenue.es\/wp-content\/uploads\/2020\/08\/boda-en-un-vinedo-racordsfotografia5_opt-1.jpg?v=1626103804 700w, https:\/\/perfectvenue.es\/wp-content\/uploads\/2020\/08\/boda-en-un-vinedo-racordsfotografia5_opt-1-300x200.jpg?v=1626103804 300w, https:\/\/perfectvenue.es\/wp-content\/uploads\/2020\/08\/boda-en-un-vinedo-racordsfotografia5_opt-1-450x300.jpg?v=1626103804 450w, https:\/\/perfectvenue.es\/wp-content\/uploads\/2020\/08\/boda-en-un-vinedo-racordsfotografia5_opt-1-600x399.jpg?v=1626103804 600w\" sizes=\"auto, (max-width: 700px) 100vw, 700px\" \/> <img loading=\"lazy\" decoding=\"async\" class=\"alignnone size-full wp-image-27750\" src=\"https:\/\/perfectvenue.es\/wp-content\/uploads\/2020\/08\/boda-en-un-vinedo-racordsfotografia11_opt.jpg\" alt=\"\" width=\"700\" height=\"466\" srcset=\"https:\/\/perfectvenue.es\/wp-content\/uploads\/2020\/08\/boda-en-un-vinedo-racordsfotografia11_opt.jpg?v=1626103803 700w, https:\/\/perfectvenue.es\/wp-content\/uploads\/2020\/08\/boda-en-un-vinedo-racordsfotografia11_opt-300x200.jpg?v=1626103803 300w, https:\/\/perfectvenue.es\/wp-content\/uploads\/2020\/08\/boda-en-un-vinedo-racordsfotografia11_opt-450x300.jpg?v=1626103803 450w, https:\/\/perfectvenue.es\/wp-content\/uploads\/2020\/08\/boda-en-un-vinedo-racordsfotografia11_opt-600x399.jpg?v=1626103803 600w\" sizes=\"auto, (max-width: 700px) 100vw, 700px\" \/> <img loading=\"lazy\" decoding=\"async\" class=\"alignnone size-full wp-image-27751\" src=\"https:\/\/perfectvenue.es\/wp-content\/uploads\/2020\/08\/boda-en-un-vinedo-racordsfotografia12_opt.jpg\" alt=\"\" width=\"700\" height=\"466\" srcset=\"https:\/\/perfectvenue.es\/wp-content\/uploads\/2020\/08\/boda-en-un-vinedo-racordsfotografia12_opt.jpg?v=1626103802 700w, https:\/\/perfectvenue.es\/wp-content\/uploads\/2020\/08\/boda-en-un-vinedo-racordsfotografia12_opt-300x200.jpg?v=1626103802 300w, https:\/\/perfectvenue.es\/wp-content\/uploads\/2020\/08\/boda-en-un-vinedo-racordsfotografia12_opt-450x300.jpg?v=1626103802 450w, https:\/\/perfectvenue.es\/wp-content\/uploads\/2020\/08\/boda-en-un-vinedo-racordsfotografia12_opt-600x399.jpg?v=1626103802 600w\" sizes=\"auto, (max-width: 700px) 100vw, 700px\" \/> <img loading=\"lazy\" decoding=\"async\" class=\"alignnone size-full wp-image-27753\" src=\"https:\/\/perfectvenue.es\/wp-content\/uploads\/2020\/08\/boda-en-un-vinedo-racordsfotografia15_opt.jpg\" alt=\"\" width=\"700\" height=\"466\" srcset=\"https:\/\/perfectvenue.es\/wp-content\/uploads\/2020\/08\/boda-en-un-vinedo-racordsfotografia15_opt.jpg?v=1626103800 700w, https:\/\/perfectvenue.es\/wp-content\/uploads\/2020\/08\/boda-en-un-vinedo-racordsfotografia15_opt-300x200.jpg?v=1626103800 300w, https:\/\/perfectvenue.es\/wp-content\/uploads\/2020\/08\/boda-en-un-vinedo-racordsfotografia15_opt-450x300.jpg?v=1626103800 450w, https:\/\/perfectvenue.es\/wp-content\/uploads\/2020\/08\/boda-en-un-vinedo-racordsfotografia15_opt-600x399.jpg?v=1626103800 600w\" sizes=\"auto, (max-width: 700px) 100vw, 700px\" \/> <img loading=\"lazy\" decoding=\"async\" class=\"alignnone size-full wp-image-27754\" src=\"https:\/\/perfectvenue.es\/wp-content\/uploads\/2020\/08\/boda-en-un-vinedo-racordsfotografia16_opt.jpg\" alt=\"\" width=\"700\" height=\"466\" srcset=\"https:\/\/perfectvenue.es\/wp-content\/uploads\/2020\/08\/boda-en-un-vinedo-racordsfotografia16_opt.jpg?v=1626103799 700w, https:\/\/perfectvenue.es\/wp-content\/uploads\/2020\/08\/boda-en-un-vinedo-racordsfotografia16_opt-300x200.jpg?v=1626103799 300w, https:\/\/perfectvenue.es\/wp-content\/uploads\/2020\/08\/boda-en-un-vinedo-racordsfotografia16_opt-450x300.jpg?v=1626103799 450w, https:\/\/perfectvenue.es\/wp-content\/uploads\/2020\/08\/boda-en-un-vinedo-racordsfotografia16_opt-600x399.jpg?v=1626103799 600w\" sizes=\"auto, (max-width: 700px) 100vw, 700px\" \/> <img loading=\"lazy\" decoding=\"async\" class=\"alignnone size-full wp-image-27755\" src=\"https:\/\/perfectvenue.es\/wp-content\/uploads\/2020\/08\/boda-en-un-vinedo-racordsfotografia18_opt.jpg\" alt=\"\" width=\"700\" height=\"466\" srcset=\"https:\/\/perfectvenue.es\/wp-content\/uploads\/2020\/08\/boda-en-un-vinedo-racordsfotografia18_opt.jpg?v=1626103798 700w, https:\/\/perfectvenue.es\/wp-content\/uploads\/2020\/08\/boda-en-un-vinedo-racordsfotografia18_opt-300x200.jpg?v=1626103798 300w, https:\/\/perfectvenue.es\/wp-content\/uploads\/2020\/08\/boda-en-un-vinedo-racordsfotografia18_opt-450x300.jpg?v=1626103798 450w, https:\/\/perfectvenue.es\/wp-content\/uploads\/2020\/08\/boda-en-un-vinedo-racordsfotografia18_opt-600x399.jpg?v=1626103798 600w\" sizes=\"auto, (max-width: 700px) 100vw, 700px\" \/> <img loading=\"lazy\" decoding=\"async\" class=\"alignnone size-full wp-image-27756\" src=\"https:\/\/perfectvenue.es\/wp-content\/uploads\/2020\/08\/boda-en-un-vinedo-racordsfotografia22_opt.jpg\" alt=\"\" width=\"700\" height=\"466\" srcset=\"https:\/\/perfectvenue.es\/wp-content\/uploads\/2020\/08\/boda-en-un-vinedo-racordsfotografia22_opt.jpg?v=1626103798 700w, https:\/\/perfectvenue.es\/wp-content\/uploads\/2020\/08\/boda-en-un-vinedo-racordsfotografia22_opt-300x200.jpg?v=1626103798 300w, https:\/\/perfectvenue.es\/wp-content\/uploads\/2020\/08\/boda-en-un-vinedo-racordsfotografia22_opt-450x300.jpg?v=1626103798 450w, https:\/\/perfectvenue.es\/wp-content\/uploads\/2020\/08\/boda-en-un-vinedo-racordsfotografia22_opt-600x399.jpg?v=1626103798 600w\" sizes=\"auto, (max-width: 700px) 100vw, 700px\" \/> <img loading=\"lazy\" decoding=\"async\" class=\"alignnone size-full wp-image-27758\" src=\"https:\/\/perfectvenue.es\/wp-content\/uploads\/2020\/08\/boda-en-un-vinedo-racordsfotografia23_opt.jpg\" alt=\"\" width=\"700\" height=\"466\" srcset=\"https:\/\/perfectvenue.es\/wp-content\/uploads\/2020\/08\/boda-en-un-vinedo-racordsfotografia23_opt.jpg?v=1626103797 700w, https:\/\/perfectvenue.es\/wp-content\/uploads\/2020\/08\/boda-en-un-vinedo-racordsfotografia23_opt-300x200.jpg?v=1626103797 300w, https:\/\/perfectvenue.es\/wp-content\/uploads\/2020\/08\/boda-en-un-vinedo-racordsfotografia23_opt-450x300.jpg?v=1626103797 450w, https:\/\/perfectvenue.es\/wp-content\/uploads\/2020\/08\/boda-en-un-vinedo-racordsfotografia23_opt-600x399.jpg?v=1626103797 600w\" sizes=\"auto, (max-width: 700px) 100vw, 700px\" \/> <img loading=\"lazy\" decoding=\"async\" class=\"alignnone size-full wp-image-27760\" src=\"https:\/\/perfectvenue.es\/wp-content\/uploads\/2020\/08\/boda-en-un-vinedo-racordsfotografia28_opt.jpg\" alt=\"\" width=\"700\" height=\"466\" srcset=\"https:\/\/perfectvenue.es\/wp-content\/uploads\/2020\/08\/boda-en-un-vinedo-racordsfotografia28_opt.jpg?v=1626103796 700w, https:\/\/perfectvenue.es\/wp-content\/uploads\/2020\/08\/boda-en-un-vinedo-racordsfotografia28_opt-300x200.jpg?v=1626103796 300w, https:\/\/perfectvenue.es\/wp-content\/uploads\/2020\/08\/boda-en-un-vinedo-racordsfotografia28_opt-450x300.jpg?v=1626103796 450w, https:\/\/perfectvenue.es\/wp-content\/uploads\/2020\/08\/boda-en-un-vinedo-racordsfotografia28_opt-600x399.jpg?v=1626103796 600w\" sizes=\"auto, (max-width: 700px) 100vw, 700px\" \/> <img loading=\"lazy\" decoding=\"async\" class=\"alignnone size-full wp-image-27762\" src=\"https:\/\/perfectvenue.es\/wp-content\/uploads\/2020\/08\/boda-en-un-vinedo-racordsfotografia30_opt.jpg\" alt=\"\" width=\"700\" height=\"466\" srcset=\"https:\/\/perfectvenue.es\/wp-content\/uploads\/2020\/08\/boda-en-un-vinedo-racordsfotografia30_opt.jpg?v=1626103795 700w, https:\/\/perfectvenue.es\/wp-content\/uploads\/2020\/08\/boda-en-un-vinedo-racordsfotografia30_opt-300x200.jpg?v=1626103795 300w, https:\/\/perfectvenue.es\/wp-content\/uploads\/2020\/08\/boda-en-un-vinedo-racordsfotografia30_opt-450x300.jpg?v=1626103795 450w, https:\/\/perfectvenue.es\/wp-content\/uploads\/2020\/08\/boda-en-un-vinedo-racordsfotografia30_opt-600x399.jpg?v=1626103795 600w\" sizes=\"auto, (max-width: 700px) 100vw, 700px\" \/> <img loading=\"lazy\" decoding=\"async\" class=\"alignnone size-full wp-image-27763\" src=\"https:\/\/perfectvenue.es\/wp-content\/uploads\/2020\/08\/boda-en-un-vinedo-racordsfotografia31_opt.jpg\" alt=\"\" width=\"700\" height=\"466\" srcset=\"https:\/\/perfectvenue.es\/wp-content\/uploads\/2020\/08\/boda-en-un-vinedo-racordsfotografia31_opt.jpg?v=1626103794 700w, https:\/\/perfectvenue.es\/wp-content\/uploads\/2020\/08\/boda-en-un-vinedo-racordsfotografia31_opt-300x200.jpg?v=1626103794 300w, https:\/\/perfectvenue.es\/wp-content\/uploads\/2020\/08\/boda-en-un-vinedo-racordsfotografia31_opt-450x300.jpg?v=1626103794 450w, https:\/\/perfectvenue.es\/wp-content\/uploads\/2020\/08\/boda-en-un-vinedo-racordsfotografia31_opt-600x399.jpg?v=1626103794 600w\" sizes=\"auto, (max-width: 700px) 100vw, 700px\" \/> <img loading=\"lazy\" decoding=\"async\" class=\"alignnone size-full wp-image-27765\" src=\"https:\/\/perfectvenue.es\/wp-content\/uploads\/2020\/08\/boda-en-un-vinedo-racordsfotografia32_opt.jpg\" alt=\"\" width=\"700\" height=\"466\" srcset=\"https:\/\/perfectvenue.es\/wp-content\/uploads\/2020\/08\/boda-en-un-vinedo-racordsfotografia32_opt.jpg?v=1626103793 700w, https:\/\/perfectvenue.es\/wp-content\/uploads\/2020\/08\/boda-en-un-vinedo-racordsfotografia32_opt-300x200.jpg?v=1626103793 300w, https:\/\/perfectvenue.es\/wp-content\/uploads\/2020\/08\/boda-en-un-vinedo-racordsfotografia32_opt-450x300.jpg?v=1626103793 450w, https:\/\/perfectvenue.es\/wp-content\/uploads\/2020\/08\/boda-en-un-vinedo-racordsfotografia32_opt-600x399.jpg?v=1626103793 600w\" sizes=\"auto, (max-width: 700px) 100vw, 700px\" \/> <img loading=\"lazy\" decoding=\"async\" class=\"alignnone size-full wp-image-27767\" src=\"https:\/\/perfectvenue.es\/wp-content\/uploads\/2020\/08\/boda-en-un-vinedo-racordsfotografia33_opt.jpg\" alt=\"\" width=\"700\" height=\"466\" srcset=\"https:\/\/perfectvenue.es\/wp-content\/uploads\/2020\/08\/boda-en-un-vinedo-racordsfotografia33_opt.jpg?v=1626103793 700w, https:\/\/perfectvenue.es\/wp-content\/uploads\/2020\/08\/boda-en-un-vinedo-racordsfotografia33_opt-300x200.jpg?v=1626103793 300w, https:\/\/perfectvenue.es\/wp-content\/uploads\/2020\/08\/boda-en-un-vinedo-racordsfotografia33_opt-450x300.jpg?v=1626103793 450w, https:\/\/perfectvenue.es\/wp-content\/uploads\/2020\/08\/boda-en-un-vinedo-racordsfotografia33_opt-600x399.jpg?v=1626103793 600w\" sizes=\"auto, (max-width: 700px) 100vw, 700px\" \/><\/span><\/p>\n<h2 style=\"text-align: justify\">Una decoraci\u00f3n que rompi\u00f3 protocolos<\/h2>\n<p style=\"text-align: justify\"><span style=\"font-weight: 400\">Porque si algo caracteriz\u00f3 a la decoraci\u00f3n del gran d\u00eda de esta pareja, fue que la decoraci\u00f3n no sigui\u00f3 ni tem\u00e1tica, ni gama crom\u00e1tica, ni se ci\u00f1\u00f3 a reglas, sino que los novios solo escogieron todo aquello que les hac\u00eda sentirse m\u00e1s c\u00f3modos y acordes a su personalidad.<\/span><\/p>\n<h3 style=\"text-align: justify\">El altar, entre paja y telas<\/h3>\n<p style=\"text-align: justify\"><span style=\"font-weight: 400\">En uno de los lugares m\u00e1s importantes del d\u00eda como es el altar se colocaron <\/span><b>l\u00e1mparas de papel redondas blancas a modo de guirnaldas<\/b><span style=\"font-weight: 400\">, mismo color que el de los asientos, ya que los grandes <\/span><b>bloques de paja donde se sentaron los invitados estuvieron recubiertos de tela blanca<\/b><span style=\"font-weight: 400\">.<\/span><\/p>\n<p style=\"text-align: justify\"><span style=\"font-weight: 400\">Cabe destacar los detalles tan encantadores que tambi\u00e9n se encontraban en el espacio del \u201cs\u00ed quiero\u201d como las <\/span><b>macetas con flores en el pasillo<\/b><span style=\"font-weight: 400\"> hacia la ceremonia, <\/span><b>el porta-anillos que constaba de una rodaja de \u00e1rbol de tronco<\/b><span style=\"font-weight: 400\"> y otros elementos que pusieron el toque musical a la ceremonia, como el <\/span><b>violonchelo o la guitarra<\/b><span style=\"font-weight: 400\">, con los que se consigui\u00f3 una ceremonia de lo m\u00e1s animada.<\/span><\/p>\n<h3 style=\"text-align: justify\">Las flores, rom\u00e1nticas y cl\u00e1sicas<\/h3>\n<p style=\"text-align: justify\"><span style=\"font-weight: 400\">Con una creaci\u00f3n de Inma Ferrer, las flores pusieron el toque de color al gran d\u00eda, eso s\u00ed, de manera cl\u00e1sica y encantadora como son los <\/span><b>tonos blancos y los rosas<\/b><span style=\"font-weight: 400\">.<\/span><\/p>\n<p style=\"text-align: justify\"><span style=\"font-weight: 400\">El ramo de flores estaba repleto de <\/span><b>margaritas, tulipanes rosas, paniculatas<\/b><span style=\"font-weight: 400\">\u2026 y todos los tallos se juntaban con una <\/span><b>cinta de calados blanca.<\/b><\/p>\n<h2 style=\"text-align: justify\">Los novios, cl\u00e1sicos y refinados en sus estilismos<\/h2>\n<p><span class=\"alignnone\"><img loading=\"lazy\" decoding=\"async\" class=\"alignnone size-full wp-image-27769\" src=\"https:\/\/perfectvenue.es\/wp-content\/uploads\/2020\/08\/boda-en-un-vinedo-racordsfotografia34_opt.jpg\" alt=\"\" width=\"700\" height=\"466\" srcset=\"https:\/\/perfectvenue.es\/wp-content\/uploads\/2020\/08\/boda-en-un-vinedo-racordsfotografia34_opt.jpg?v=1626103792 700w, https:\/\/perfectvenue.es\/wp-content\/uploads\/2020\/08\/boda-en-un-vinedo-racordsfotografia34_opt-300x200.jpg?v=1626103792 300w, https:\/\/perfectvenue.es\/wp-content\/uploads\/2020\/08\/boda-en-un-vinedo-racordsfotografia34_opt-450x300.jpg?v=1626103792 450w, https:\/\/perfectvenue.es\/wp-content\/uploads\/2020\/08\/boda-en-un-vinedo-racordsfotografia34_opt-600x399.jpg?v=1626103792 600w\" sizes=\"auto, (max-width: 700px) 100vw, 700px\" \/> <img loading=\"lazy\" decoding=\"async\" class=\"alignnone size-full wp-image-27770\" src=\"https:\/\/perfectvenue.es\/wp-content\/uploads\/2020\/08\/boda-en-un-vinedo-racordsfotografia35_opt.jpg\" alt=\"\" width=\"700\" height=\"466\" srcset=\"https:\/\/perfectvenue.es\/wp-content\/uploads\/2020\/08\/boda-en-un-vinedo-racordsfotografia35_opt.jpg?v=1626103791 700w, https:\/\/perfectvenue.es\/wp-content\/uploads\/2020\/08\/boda-en-un-vinedo-racordsfotografia35_opt-300x200.jpg?v=1626103791 300w, https:\/\/perfectvenue.es\/wp-content\/uploads\/2020\/08\/boda-en-un-vinedo-racordsfotografia35_opt-450x300.jpg?v=1626103791 450w, https:\/\/perfectvenue.es\/wp-content\/uploads\/2020\/08\/boda-en-un-vinedo-racordsfotografia35_opt-600x399.jpg?v=1626103791 600w\" sizes=\"auto, (max-width: 700px) 100vw, 700px\" \/> <img loading=\"lazy\" decoding=\"async\" class=\"alignnone size-full wp-image-27772\" src=\"https:\/\/perfectvenue.es\/wp-content\/uploads\/2020\/08\/boda-en-un-vinedo-racordsfotografia36_opt.jpg\" alt=\"\" width=\"700\" height=\"466\" srcset=\"https:\/\/perfectvenue.es\/wp-content\/uploads\/2020\/08\/boda-en-un-vinedo-racordsfotografia36_opt.jpg?v=1626103790 700w, https:\/\/perfectvenue.es\/wp-content\/uploads\/2020\/08\/boda-en-un-vinedo-racordsfotografia36_opt-300x200.jpg?v=1626103790 300w, https:\/\/perfectvenue.es\/wp-content\/uploads\/2020\/08\/boda-en-un-vinedo-racordsfotografia36_opt-450x300.jpg?v=1626103790 450w, https:\/\/perfectvenue.es\/wp-content\/uploads\/2020\/08\/boda-en-un-vinedo-racordsfotografia36_opt-600x399.jpg?v=1626103790 600w\" sizes=\"auto, (max-width: 700px) 100vw, 700px\" \/> <img loading=\"lazy\" decoding=\"async\" class=\"alignnone size-full wp-image-27774\" src=\"https:\/\/perfectvenue.es\/wp-content\/uploads\/2020\/08\/boda-en-un-vinedo-racordsfotografia37_opt.jpg\" alt=\"\" width=\"700\" height=\"466\" srcset=\"https:\/\/perfectvenue.es\/wp-content\/uploads\/2020\/08\/boda-en-un-vinedo-racordsfotografia37_opt.jpg?v=1626103790 700w, https:\/\/perfectvenue.es\/wp-content\/uploads\/2020\/08\/boda-en-un-vinedo-racordsfotografia37_opt-300x200.jpg?v=1626103790 300w, https:\/\/perfectvenue.es\/wp-content\/uploads\/2020\/08\/boda-en-un-vinedo-racordsfotografia37_opt-450x300.jpg?v=1626103790 450w, https:\/\/perfectvenue.es\/wp-content\/uploads\/2020\/08\/boda-en-un-vinedo-racordsfotografia37_opt-600x399.jpg?v=1626103790 600w\" sizes=\"auto, (max-width: 700px) 100vw, 700px\" \/> <img loading=\"lazy\" decoding=\"async\" class=\"alignnone size-full wp-image-27776\" src=\"https:\/\/perfectvenue.es\/wp-content\/uploads\/2020\/08\/boda-en-un-vinedo-racordsfotografia39_opt.jpg\" alt=\"\" width=\"700\" height=\"466\" srcset=\"https:\/\/perfectvenue.es\/wp-content\/uploads\/2020\/08\/boda-en-un-vinedo-racordsfotografia39_opt.jpg?v=1626103789 700w, https:\/\/perfectvenue.es\/wp-content\/uploads\/2020\/08\/boda-en-un-vinedo-racordsfotografia39_opt-300x200.jpg?v=1626103789 300w, https:\/\/perfectvenue.es\/wp-content\/uploads\/2020\/08\/boda-en-un-vinedo-racordsfotografia39_opt-450x300.jpg?v=1626103789 450w, https:\/\/perfectvenue.es\/wp-content\/uploads\/2020\/08\/boda-en-un-vinedo-racordsfotografia39_opt-600x399.jpg?v=1626103789 600w\" sizes=\"auto, (max-width: 700px) 100vw, 700px\" \/> <img loading=\"lazy\" decoding=\"async\" class=\"alignnone size-full wp-image-27777\" src=\"https:\/\/perfectvenue.es\/wp-content\/uploads\/2020\/08\/boda-en-un-vinedo-racordsfotografia43_opt.jpg\" alt=\"\" width=\"700\" height=\"466\" srcset=\"https:\/\/perfectvenue.es\/wp-content\/uploads\/2020\/08\/boda-en-un-vinedo-racordsfotografia43_opt.jpg?v=1626103788 700w, https:\/\/perfectvenue.es\/wp-content\/uploads\/2020\/08\/boda-en-un-vinedo-racordsfotografia43_opt-300x200.jpg?v=1626103788 300w, https:\/\/perfectvenue.es\/wp-content\/uploads\/2020\/08\/boda-en-un-vinedo-racordsfotografia43_opt-450x300.jpg?v=1626103788 450w, https:\/\/perfectvenue.es\/wp-content\/uploads\/2020\/08\/boda-en-un-vinedo-racordsfotografia43_opt-600x399.jpg?v=1626103788 600w\" sizes=\"auto, (max-width: 700px) 100vw, 700px\" \/> <img loading=\"lazy\" decoding=\"async\" class=\"alignnone size-full wp-image-27779\" src=\"https:\/\/perfectvenue.es\/wp-content\/uploads\/2020\/08\/boda-en-un-vinedo-racordsfotografia45_opt-1.jpg\" alt=\"\" width=\"700\" height=\"466\" srcset=\"https:\/\/perfectvenue.es\/wp-content\/uploads\/2020\/08\/boda-en-un-vinedo-racordsfotografia45_opt-1.jpg?v=1626103787 700w, https:\/\/perfectvenue.es\/wp-content\/uploads\/2020\/08\/boda-en-un-vinedo-racordsfotografia45_opt-1-300x200.jpg?v=1626103787 300w, https:\/\/perfectvenue.es\/wp-content\/uploads\/2020\/08\/boda-en-un-vinedo-racordsfotografia45_opt-1-450x300.jpg?v=1626103787 450w, https:\/\/perfectvenue.es\/wp-content\/uploads\/2020\/08\/boda-en-un-vinedo-racordsfotografia45_opt-1-600x399.jpg?v=1626103787 600w\" sizes=\"auto, (max-width: 700px) 100vw, 700px\" \/><\/span><\/p>\n<h3 style=\"text-align: justify\">Anna, una novia con sello Nadia Montero<\/h3>\n<p style=\"text-align: justify\"><span style=\"font-weight: 400\">S\u00ed, la novia luci\u00f3 un vestido de novia de Nadia Montero, dise\u00f1adora de Barcelona, la cual visti\u00f3 a esta de blanco con un <\/span><b>sencillo vestido de cuello en V, al igual que el escote en la espalda<\/b><span style=\"font-weight: 400\">, que tambi\u00e9n lo acompa\u00f1aba una fina l\u00ednea de botones.<\/span><\/p>\n<p style=\"text-align: justify\"><span style=\"font-weight: 400\">Para la ceremonia, el vestido lo acompa\u00f1\u00f3 de una peque\u00f1a <\/span><b>capa de tul transparente que cubr\u00eda hombros y pecho.<\/b><\/p>\n<p style=\"text-align: justify\"><span style=\"font-weight: 400\">Como accesorios se decant\u00f3 por un <\/span><b>cintur\u00f3n de flores al igual que el tocado de su peinado<\/b><span style=\"font-weight: 400\">, a conjunto con los tonos ros\u00e1ceos del resto de la decoraci\u00f3n floral.<\/span><\/p>\n<p style=\"text-align: justify\"><span style=\"font-weight: 400\">Respecto al peinado, la opci\u00f3n elegida fue un <\/span><b>recogido lateral con trenza y todo ba\u00f1ado en ondas<\/b><span style=\"font-weight: 400\">.<\/span><\/p>\n<h3 style=\"text-align: justify\">Sergi, el novio m\u00e1s gal\u00e1n<\/h3>\n<p style=\"text-align: justify\"><span style=\"font-weight: 400\">Este opt\u00f3 por un <\/span><b>traje de chaqueta azul marino con corbata, chaleco y solapas en tono azul m\u00e1s claro<\/b><span style=\"font-weight: 400\">, todo dispuesto sobre una <\/span><b>camisa blanca.<\/b><\/p>\n<p style=\"text-align: justify\"><span style=\"font-weight: 400\">El look lo combin\u00f3 tambi\u00e9n con un <\/span><b>broche floral<\/b><span style=\"font-weight: 400\"> al igual que los detalles florales que adornaban a la novia.<\/span><\/p>\n<p><span class=\"alignnone\"><img loading=\"lazy\" decoding=\"async\" class=\"alignnone size-full wp-image-27781\" src=\"https:\/\/perfectvenue.es\/wp-content\/uploads\/2020\/08\/boda-en-un-vinedo-racordsfotografia48_opt.jpg\" alt=\"\" width=\"700\" height=\"466\" srcset=\"https:\/\/perfectvenue.es\/wp-content\/uploads\/2020\/08\/boda-en-un-vinedo-racordsfotografia48_opt.jpg?v=1626103786 700w, https:\/\/perfectvenue.es\/wp-content\/uploads\/2020\/08\/boda-en-un-vinedo-racordsfotografia48_opt-300x200.jpg?v=1626103786 300w, https:\/\/perfectvenue.es\/wp-content\/uploads\/2020\/08\/boda-en-un-vinedo-racordsfotografia48_opt-450x300.jpg?v=1626103786 450w, https:\/\/perfectvenue.es\/wp-content\/uploads\/2020\/08\/boda-en-un-vinedo-racordsfotografia48_opt-600x399.jpg?v=1626103786 600w\" sizes=\"auto, (max-width: 700px) 100vw, 700px\" \/> <img loading=\"lazy\" decoding=\"async\" class=\"alignnone size-full wp-image-27782\" src=\"https:\/\/perfectvenue.es\/wp-content\/uploads\/2020\/08\/boda-en-un-vinedo-racordsfotografia52_opt.jpg\" alt=\"\" width=\"700\" height=\"466\" srcset=\"https:\/\/perfectvenue.es\/wp-content\/uploads\/2020\/08\/boda-en-un-vinedo-racordsfotografia52_opt.jpg?v=1626103785 700w, https:\/\/perfectvenue.es\/wp-content\/uploads\/2020\/08\/boda-en-un-vinedo-racordsfotografia52_opt-300x200.jpg?v=1626103785 300w, https:\/\/perfectvenue.es\/wp-content\/uploads\/2020\/08\/boda-en-un-vinedo-racordsfotografia52_opt-450x300.jpg?v=1626103785 450w, https:\/\/perfectvenue.es\/wp-content\/uploads\/2020\/08\/boda-en-un-vinedo-racordsfotografia52_opt-600x399.jpg?v=1626103785 600w\" sizes=\"auto, (max-width: 700px) 100vw, 700px\" \/> <img loading=\"lazy\" decoding=\"async\" class=\"alignnone size-full wp-image-27783\" src=\"https:\/\/perfectvenue.es\/wp-content\/uploads\/2020\/08\/boda-en-un-vinedo-racordsfotografia56_opt.jpg\" alt=\"\" width=\"700\" height=\"466\" srcset=\"https:\/\/perfectvenue.es\/wp-content\/uploads\/2020\/08\/boda-en-un-vinedo-racordsfotografia56_opt.jpg?v=1626103784 700w, https:\/\/perfectvenue.es\/wp-content\/uploads\/2020\/08\/boda-en-un-vinedo-racordsfotografia56_opt-300x200.jpg?v=1626103784 300w, https:\/\/perfectvenue.es\/wp-content\/uploads\/2020\/08\/boda-en-un-vinedo-racordsfotografia56_opt-450x300.jpg?v=1626103784 450w, https:\/\/perfectvenue.es\/wp-content\/uploads\/2020\/08\/boda-en-un-vinedo-racordsfotografia56_opt-600x399.jpg?v=1626103784 600w\" sizes=\"auto, (max-width: 700px) 100vw, 700px\" \/> <img loading=\"lazy\" decoding=\"async\" class=\"alignnone size-full wp-image-27784\" src=\"https:\/\/perfectvenue.es\/wp-content\/uploads\/2020\/08\/boda-en-un-vinedo-racordsfotografia59_opt.jpg\" alt=\"\" width=\"700\" height=\"466\" srcset=\"https:\/\/perfectvenue.es\/wp-content\/uploads\/2020\/08\/boda-en-un-vinedo-racordsfotografia59_opt.jpg?v=1626103783 700w, https:\/\/perfectvenue.es\/wp-content\/uploads\/2020\/08\/boda-en-un-vinedo-racordsfotografia59_opt-300x200.jpg?v=1626103783 300w, https:\/\/perfectvenue.es\/wp-content\/uploads\/2020\/08\/boda-en-un-vinedo-racordsfotografia59_opt-450x300.jpg?v=1626103783 450w, https:\/\/perfectvenue.es\/wp-content\/uploads\/2020\/08\/boda-en-un-vinedo-racordsfotografia59_opt-600x399.jpg?v=1626103783 600w\" sizes=\"auto, (max-width: 700px) 100vw, 700px\" \/><\/span><\/p>\n<h2 style=\"text-align: justify\">El c\u00f3ctel y el banquete, elegante y moderno<\/h2>\n<p style=\"text-align: justify\"><span style=\"font-weight: 400\">Nada m\u00e1s terminar la ceremonia y repletos de arroz, Anna y Sergi, junto a sus invitados, pusieron rumbo al convite, el cual daban la bienvenida a todos unas <\/span><b>letras gigantes blancas con las iniciales de los novios<\/b><span style=\"font-weight: 400\">, dispuestas delante de un mont\u00f3n de <\/span><b>troncos de \u00e1rbol,<\/b><span style=\"font-weight: 400\"> \u00a1de lo m\u00e1s campestre!<\/span><\/p>\n<p style=\"text-align: justify\"><span style=\"font-weight: 400\">El espacio tambi\u00e9n se inund\u00f3 de <\/span><b>bombillas colgantes a modo de guirnaldas<\/b><span style=\"font-weight: 400\"> que hizo que las <\/span><b>mesas altas y bajas, blancas y negras<\/b><span style=\"font-weight: 400\">, se ba\u00f1asen de calidez y romanticismo.<\/span><\/p>\n<h2 style=\"text-align: justify\">Una fiesta posterior llena de diversi\u00f3n<\/h2>\n<p style=\"text-align: justify\"><span style=\"font-weight: 400\">Y es que, \u00bfqu\u00e9 es una fiesta sin un photocall? Estos novios tan simp\u00e1ticos no dudaron en contar con un <\/span><b>photocall DIY<\/b> <span style=\"font-weight: 400\">para que todos los invitados se lo pasaran pipa.<\/span><\/p>\n<p style=\"text-align: justify\"><span style=\"font-weight: 400\">Este conten\u00eda <\/span><b>las iniciales<\/b> <b>de ambos y la fecha del enlace<\/b><span style=\"font-weight: 400\">, con un mont\u00f3n de colores y repleto de <\/span><b>estrellas y cohetes<\/b><span style=\"font-weight: 400\">. \u00a1Diversi\u00f3n asegurada!<\/span><\/p>\n<p style=\"text-align: justify\"><span style=\"font-weight: 400\">\u00a0<\/span><\/p>\n<p style=\"text-align: justify\"><span style=\"font-weight: 400\">\u00bfT\u00fa tambi\u00e9n quieres casarte en una casa rural, en mitad de la naturaleza y pasar un fin de semana \u00edntimo y \u00fanico? Entonces solo podemos decirte que\u2026 \u00a1en <\/span><b>Perfect Venue<\/b><span style=\"font-weight: 400\"> podemos hacerlo!<\/span><\/p>\n<p style=\"text-align: justify\">______________________________________________________________________________<\/p>\n<p style=\"text-align: justify\">Fot\u00f3grafa: <a href=\"http:\/\/racordsfotografia.com\/\">Racords fotografia<\/a> \/\/ Lugar de boda: vi\u00f1edos de la bodega Abadal<\/p>\n<p><\/p>\n<span class=\"tags-links\"><a href=\"https:\/\/perfectvenue.es\/es\/tag\/boda-elopement\/\" rel=\"tag\">boda elopement<\/a><a href=\"https:\/\/perfectvenue.es\/es\/tag\/boda-intima\/\" rel=\"tag\">Boda \u00edntima<\/a><a href=\"https:\/\/perfectvenue.es\/es\/tag\/boda-vinedo\/\" rel=\"tag\">boda vi\u00f1edo<\/a><a href=\"https:\/\/perfectvenue.es\/es\/tag\/elopement-spain\/\" rel=\"tag\">elopement Spain<\/a><a href=\"https:\/\/perfectvenue.es\/es\/tag\/intimate-wedding\/\" rel=\"tag\">intimate wedding<\/a><a href=\"https:\/\/perfectvenue.es\/es\/tag\/microwedding\/\" rel=\"tag\">microwedding<\/a><a href=\"https:\/\/perfectvenue.es\/es\/tag\/vineyard-elopement\/\" rel=\"tag\">vineyard elopement<\/a><a href=\"https:\/\/perfectvenue.es\/es\/tag\/vineyard-wedding\/\" rel=\"tag\">vineyard wedding<\/a><\/span>","protected":false},"excerpt":{"rendered":"<p>Conoce como fue la boda en un vi\u00f1edo de Anna y Sergi, los cuales dieron el paso para casarse de manera \u00edntima, con sus familiares y amigos m\u00e1s allegados.<\/p>\n","protected":false},"author":1,"featured_media":27750,"comment_status":"open","ping_status":"open","sticky":false,"template":"","format":"standard","meta":{"footnotes":""},"categories":[176],"tags":[2227,1885,2230,2229,2001,2228,2231,2031],"class_list":["post-27744","post","type-post","status-publish","format-standard","has-post-thumbnail","hentry","category-wedding","tag-boda-elopement","tag-boda-intima","tag-boda-vinedo","tag-elopement-spain","tag-intimate-wedding","tag-microwedding","tag-vineyard-elopement","tag-vineyard-wedding","post_region-3955"],"_links":{"self":[{"href":"https:\/\/perfectvenue.es\/es\/wp-json\/wp\/v2\/posts\/27744","targetHints":{"allow":["GET"]}}],"collection":[{"href":"https:\/\/perfectvenue.es\/es\/wp-json\/wp\/v2\/posts"}],"about":[{"href":"https:\/\/perfectvenue.es\/es\/wp-json\/wp\/v2\/types\/post"}],"author":[{"embeddable":true,"href":"https:\/\/perfectvenue.es\/es\/wp-json\/wp\/v2\/users\/1"}],"replies":[{"embeddable":true,"href":"https:\/\/perfectvenue.es\/es\/wp-json\/wp\/v2\/comments?post=27744"}],"version-history":[{"count":4,"href":"https:\/\/perfectvenue.es\/es\/wp-json\/wp\/v2\/posts\/27744\/revisions"}],"predecessor-version":[{"id":36592,"href":"https:\/\/perfectvenue.es\/es\/wp-json\/wp\/v2\/posts\/27744\/revisions\/36592"}],"wp:featuredmedia":[{"embeddable":true,"href":"https:\/\/perfectvenue.es\/es\/wp-json\/wp\/v2\/media\/27750"}],"wp:attachment":[{"href":"https:\/\/perfectvenue.es\/es\/wp-json\/wp\/v2\/media?parent=27744"}],"wp:term":[{"taxonomy":"category","embeddable":true,"href":"https:\/\/perfectvenue.es\/es\/wp-json\/wp\/v2\/categories?post=27744"},{"taxonomy":"post_tag","embeddable":true,"href":"https:\/\/perfectvenue.es\/es\/wp-json\/wp\/v2\/tags?post=27744"}],"curies":[{"name":"wp","href":"https:\/\/api.w.org\/{rel}","templated":true}]}}