{"id":27694,"date":"2020-08-21T20:25:42","date_gmt":"2020-08-21T17:25:42","guid":{"rendered":"https:\/\/perfectvenue.es\/?p=27694"},"modified":"2020-08-25T12:53:10","modified_gmt":"2020-08-25T09:53:10","slug":"do-you-already-know-how-to-choose-the-clothes-that-your-baby-will-wear-for-their-christening","status":"publish","type":"post","link":"https:\/\/perfectvenue.es\/es\/2020\/08\/21\/do-you-already-know-how-to-choose-the-clothes-that-your-baby-will-wear-for-their-christening\/","title":{"rendered":"\u00bfSabes ya c\u00f3mo elegir la ropa que llevar\u00e1 tu beb\u00e9 en el d\u00eda de su bautizo?"},"content":{"rendered":"<p><\/p>\n<p style=\"text-align: justify;\"><span style=\"font-weight: 400;\">Si vuestro beb\u00e9 ya ha venido al mundo y segu\u00eds indecisos para elegir la <\/span><b>vestimenta de vuestro ni\u00f1o o ni\u00f1a para su bautizo<\/b><span style=\"font-weight: 400;\">, hab\u00e9is llegado al sitio correcto.<\/span><\/p>\n<p style=\"text-align: justify;\"><span style=\"font-weight: 400;\">Y es que, como el bautizo es una de tantas celebraciones especiales que vivir\u00e1s junto a tu hijo, no hemos querido dejar de pon\u00e9rtelo f\u00e1cil para que elij\u00e1is lo que m\u00e1s va con vuestro estilo.<\/span><\/p>\n<p style=\"text-align: justify;\"><span style=\"font-weight: 400;\">Elegir la ropa del bautizo que llevar\u00e1 el beb\u00e9 es sumamente importante, ya que <\/span><b>ser\u00e1 el que acapare todas las miradas<\/b><span style=\"font-weight: 400;\">, \u00a1y queremos que todo salga perfecto!<\/span><\/p>\n<p style=\"text-align: justify;\"><span style=\"font-weight: 400;\">En este post te damos unas cuantas ideas, <\/span><b>tanto si sois m\u00e1s tradicionales como m\u00e1s modernos<\/b><span style=\"font-weight: 400;\">. <\/span><b>Peleles, faldones, cubre-pa\u00f1ales, vestidos, conjuntos\u2026<\/b><span style=\"font-weight: 400;\"> \u00a1Que no cunda el p\u00e1nico! Porque es m\u00e1s f\u00e1cil de lo que parece.<\/span><\/p>\n<p style=\"text-align: justify;\"><span style=\"font-weight: 400;\">Te aseguramos que <\/span><b>conseguir\u00e1s acertar con la ropa que vuestro beb\u00e9 lucir\u00e1 en uno de los d\u00edas m\u00e1s bonitos que vivir\u00e9is con \u00e9l en sus primeros meses de vida.<\/b><\/p>\n<h2 style=\"text-align: justify;\">Para los m\u00e1s tradicionales\u2026<\/h2>\n<p><span class=\"alignnone\"><img loading=\"lazy\" decoding=\"async\" class=\"alignnone size-full wp-image-27697\" src=\"https:\/\/perfectvenue.es\/wp-content\/uploads\/2020\/08\/elegir-la-ropa-que-llevar\u00e1-tu-beb\u00e9-en-el-d\u00eda-de-su-bautizo.jpg\" alt=\"\" width=\"700\" height=\"700\" srcset=\"https:\/\/perfectvenue.es\/wp-content\/uploads\/2020\/08\/elegir-la-ropa-que-llevar\u00e1-tu-beb\u00e9-en-el-d\u00eda-de-su-bautizo.jpg?v=1626103822 700w, https:\/\/perfectvenue.es\/wp-content\/uploads\/2020\/08\/elegir-la-ropa-que-llevar\u00e1-tu-beb\u00e9-en-el-d\u00eda-de-su-bautizo-300x300.jpg?v=1626103822 300w, https:\/\/perfectvenue.es\/wp-content\/uploads\/2020\/08\/elegir-la-ropa-que-llevar\u00e1-tu-beb\u00e9-en-el-d\u00eda-de-su-bautizo-150x150.jpg?v=1626103822 150w, https:\/\/perfectvenue.es\/wp-content\/uploads\/2020\/08\/elegir-la-ropa-que-llevar\u00e1-tu-beb\u00e9-en-el-d\u00eda-de-su-bautizo-450x450.jpg?v=1626103822 450w, https:\/\/perfectvenue.es\/wp-content\/uploads\/2020\/08\/elegir-la-ropa-que-llevar\u00e1-tu-beb\u00e9-en-el-d\u00eda-de-su-bautizo-600x600.jpg?v=1626103822 600w, https:\/\/perfectvenue.es\/wp-content\/uploads\/2020\/08\/elegir-la-ropa-que-llevar\u00e1-tu-beb\u00e9-en-el-d\u00eda-de-su-bautizo-100x100.jpg?v=1626103822 100w\" sizes=\"auto, (max-width: 700px) 100vw, 700px\" \/><\/span><\/p>\n<h3 style=\"text-align: justify;\">Faldones<\/h3>\n<p style=\"text-align: justify;\"><span style=\"font-weight: 400;\">Esta prenda es una de las m\u00e1s utilizadas por tradici\u00f3n, y m\u00e1s <\/span><b>si el beb\u00e9 tiene menos de ocho meses<\/b><span style=\"font-weight: 400;\">, ya que es un elemento la mar de c\u00f3modo para \u00e9l gracias a que goza de gran amplitud para poder mover sus piernas a sus anchas.<\/span><\/p>\n<p style=\"text-align: justify;\"><span style=\"font-weight: 400;\">Los faldones, que pueden ser <\/span><b>de manga corta o manga larga<\/b><span style=\"font-weight: 400;\">, est\u00e1n compuestos por una especie de vestido largo que cubre toda la parte inferior del cuerpo, al que puede a\u00f1adirsele cualquier complemento: <\/span><b>gorro, medias, zapatos, chaquetilla\u2026<\/b><\/p>\n<p style=\"text-align: justify;\"><span style=\"font-weight: 400;\">Adem\u00e1s, al ser un cl\u00e1sico, es una prenda que siempre ap<\/span><b>orta elegancia y distinci\u00f3n sin importar el sexo del beb\u00e9<\/b><span style=\"font-weight: 400;\"> y que guarda <\/span><b>los elementos m\u00e1s tradicionales como son los bordados, las puntillas, los lazos, los encajes\u2026<\/b><\/p>\n<h3 style=\"text-align: justify;\">Peleles<\/h3>\n<p style=\"text-align: justify;\"><span style=\"font-weight: 400;\">Este tipo de prenda tambi\u00e9n es un cl\u00e1sico que nunca pasar\u00e1 de moda en las vestimentas para bautizos. Es una <\/span><b>prenda de cuerpo entero, y que puede dejar al descubierto las piernas del ni\u00f1o o ni\u00f1a, o no.<\/b><\/p>\n<p style=\"text-align: justify;\"><span style=\"font-weight: 400;\">Los peleles se les suele poner a los beb\u00e9s que van desde los primeros d\u00edas de vida hasta los 18 meses, aproximadamente.<\/span><\/p>\n<p style=\"text-align: justify;\"><span style=\"font-weight: 400;\">Son prendas que siempre dulcifican al beb\u00e9 adem\u00e1s de que aportan <\/span><b>gran comodidad en la libertad de movimiento del peque\u00f1o y a la hora de cambiar el pa\u00f1al o de sostenerlo en brazos.<\/b><\/p>\n<h2 style=\"text-align: justify;\">Para los m\u00e1s modernos\u2026<\/h2>\n<p><span class=\"alignnone\"><img loading=\"lazy\" decoding=\"async\" class=\"alignnone size-full wp-image-27698\" src=\"https:\/\/perfectvenue.es\/wp-content\/uploads\/2020\/08\/elegir-la-ropa-que-llevar\u00e1-tu-beb\u00e9-en-el-d\u00eda-de-su-bautizo-1.jpg\" alt=\"elegir la ropa que llevar\u00e1 tu beb\u00e9 en el d\u00eda de su bautizo\" width=\"700\" height=\"700\" srcset=\"https:\/\/perfectvenue.es\/wp-content\/uploads\/2020\/08\/elegir-la-ropa-que-llevar\u00e1-tu-beb\u00e9-en-el-d\u00eda-de-su-bautizo-1.jpg?v=1626103821 700w, https:\/\/perfectvenue.es\/wp-content\/uploads\/2020\/08\/elegir-la-ropa-que-llevar\u00e1-tu-beb\u00e9-en-el-d\u00eda-de-su-bautizo-1-300x300.jpg?v=1626103821 300w, https:\/\/perfectvenue.es\/wp-content\/uploads\/2020\/08\/elegir-la-ropa-que-llevar\u00e1-tu-beb\u00e9-en-el-d\u00eda-de-su-bautizo-1-150x150.jpg?v=1626103821 150w, https:\/\/perfectvenue.es\/wp-content\/uploads\/2020\/08\/elegir-la-ropa-que-llevar\u00e1-tu-beb\u00e9-en-el-d\u00eda-de-su-bautizo-1-450x450.jpg?v=1626103821 450w, https:\/\/perfectvenue.es\/wp-content\/uploads\/2020\/08\/elegir-la-ropa-que-llevar\u00e1-tu-beb\u00e9-en-el-d\u00eda-de-su-bautizo-1-600x600.jpg?v=1626103821 600w, https:\/\/perfectvenue.es\/wp-content\/uploads\/2020\/08\/elegir-la-ropa-que-llevar\u00e1-tu-beb\u00e9-en-el-d\u00eda-de-su-bautizo-1-100x100.jpg?v=1626103821 100w\" sizes=\"auto, (max-width: 700px) 100vw, 700px\" \/><\/span><\/p>\n<h3 style=\"text-align: justify;\">Ropa de calle<\/h3>\n<p style=\"text-align: justify;\"><span style=\"font-weight: 400;\">Si vuestro estilo es m\u00e1s moderno y hu\u00eds de las tradiciones, vuestro beb\u00e9 quedar\u00e1 igual de encantador con cualquier prenda: <\/span><b>camisa con pantal\u00f3n, vestido, camiseta con cubre-pa\u00f1ales, tirantes, pajarita\u2026 <\/b><span style=\"font-weight: 400;\">\u00a1todo depender\u00e1 de la edad del beb\u00e9!<\/span><\/p>\n<p style=\"text-align: justify;\"><span style=\"font-weight: 400;\">La ropa de calle es una opci\u00f3n que est\u00e1 cada vez m\u00e1s de moda en los bautizos, ya que <\/span><b>estas prendas permiten ser disfrutadas en otras ocasiones<\/b><span style=\"font-weight: 400;\">, como en otro evento o incluso en el d\u00eda a d\u00eda.<\/span><\/p>\n<p style=\"text-align: justify;\"><span style=\"font-weight: 400;\">\u00a1Aprovechad para <\/span><b>reutilizar la vestimenta del bautizo y dadle una segunda<\/b> <b>vida<\/b><span style=\"font-weight: 400;\">!<\/span><\/p>\n<h2 style=\"text-align: justify;\">Acierta con el color<\/h2>\n<p><span class=\"alignnone\"><img loading=\"lazy\" decoding=\"async\" class=\"alignnone size-full wp-image-27700\" src=\"https:\/\/perfectvenue.es\/wp-content\/uploads\/2020\/08\/elegir-la-ropa-que-llevar\u00e1-tu-beb\u00e9-en-el-d\u00eda-de-su-bautizo-3.jpg\" alt=\"\" width=\"700\" height=\"700\" srcset=\"https:\/\/perfectvenue.es\/wp-content\/uploads\/2020\/08\/elegir-la-ropa-que-llevar\u00e1-tu-beb\u00e9-en-el-d\u00eda-de-su-bautizo-3.jpg?v=1626103819 700w, https:\/\/perfectvenue.es\/wp-content\/uploads\/2020\/08\/elegir-la-ropa-que-llevar\u00e1-tu-beb\u00e9-en-el-d\u00eda-de-su-bautizo-3-300x300.jpg?v=1626103819 300w, https:\/\/perfectvenue.es\/wp-content\/uploads\/2020\/08\/elegir-la-ropa-que-llevar\u00e1-tu-beb\u00e9-en-el-d\u00eda-de-su-bautizo-3-150x150.jpg?v=1626103819 150w, https:\/\/perfectvenue.es\/wp-content\/uploads\/2020\/08\/elegir-la-ropa-que-llevar\u00e1-tu-beb\u00e9-en-el-d\u00eda-de-su-bautizo-3-450x450.jpg?v=1626103819 450w, https:\/\/perfectvenue.es\/wp-content\/uploads\/2020\/08\/elegir-la-ropa-que-llevar\u00e1-tu-beb\u00e9-en-el-d\u00eda-de-su-bautizo-3-600x600.jpg?v=1626103819 600w, https:\/\/perfectvenue.es\/wp-content\/uploads\/2020\/08\/elegir-la-ropa-que-llevar\u00e1-tu-beb\u00e9-en-el-d\u00eda-de-su-bautizo-3-100x100.jpg?v=1626103819 100w\" sizes=\"auto, (max-width: 700px) 100vw, 700px\" \/><\/span><\/p>\n<p style=\"text-align: justify;\"><span style=\"font-weight: 400;\">\u00bfQui\u00e9n dijo que el rosa era de ni\u00f1a, el azul de ni\u00f1o, y que un beb\u00e9 se ha de vestir de blanco en su bautizo? \u00a1Las reglas est\u00e1n cambiando!<\/span><\/p>\n<p style=\"text-align: justify;\"><span style=\"font-weight: 400;\">Y es que ahora se puede optar por cualquier tonalidad de <\/span><b>beige, crema, blanco roto, y a\u00f1adirle cualquier detalle en otros tonos amarillos, verdes, naranjas\u2026<\/b><span style=\"font-weight: 400;\"> \u00a1En la variedad est\u00e1 el gusto!<\/span><\/p>\n<p style=\"text-align: justify;\"><span style=\"font-weight: 400;\">Pero, sin duda, recomendamos, en la medida de lo posible, <\/span><b>evitar estampados como rayas, geometr\u00edas, etc. y los tonos llamativos<\/b><span style=\"font-weight: 400;\">, ya que en un evento como es una ceremonia cristiana y pura quedar\u00edan bastante fuera de lugar.<\/span><\/p>\n<h2 style=\"text-align: justify;\">Hazte con los mejores materiales<\/h2>\n<p><span class=\"alignnone\"><img loading=\"lazy\" decoding=\"async\" class=\"alignnone size-full wp-image-27699\" src=\"https:\/\/perfectvenue.es\/wp-content\/uploads\/2020\/08\/elegir-la-ropa-que-llevar\u00e1-tu-beb\u00e9-en-el-d\u00eda-de-su-bautizo-2.jpg\" alt=\"\" width=\"700\" height=\"700\" srcset=\"https:\/\/perfectvenue.es\/wp-content\/uploads\/2020\/08\/elegir-la-ropa-que-llevar\u00e1-tu-beb\u00e9-en-el-d\u00eda-de-su-bautizo-2.jpg?v=1626103820 700w, https:\/\/perfectvenue.es\/wp-content\/uploads\/2020\/08\/elegir-la-ropa-que-llevar\u00e1-tu-beb\u00e9-en-el-d\u00eda-de-su-bautizo-2-300x300.jpg?v=1626103820 300w, https:\/\/perfectvenue.es\/wp-content\/uploads\/2020\/08\/elegir-la-ropa-que-llevar\u00e1-tu-beb\u00e9-en-el-d\u00eda-de-su-bautizo-2-150x150.jpg?v=1626103820 150w, https:\/\/perfectvenue.es\/wp-content\/uploads\/2020\/08\/elegir-la-ropa-que-llevar\u00e1-tu-beb\u00e9-en-el-d\u00eda-de-su-bautizo-2-450x450.jpg?v=1626103820 450w, https:\/\/perfectvenue.es\/wp-content\/uploads\/2020\/08\/elegir-la-ropa-que-llevar\u00e1-tu-beb\u00e9-en-el-d\u00eda-de-su-bautizo-2-600x600.jpg?v=1626103820 600w, https:\/\/perfectvenue.es\/wp-content\/uploads\/2020\/08\/elegir-la-ropa-que-llevar\u00e1-tu-beb\u00e9-en-el-d\u00eda-de-su-bautizo-2-100x100.jpg?v=1626103820 100w\" sizes=\"auto, (max-width: 700px) 100vw, 700px\" \/><\/span><\/p>\n<p style=\"text-align: justify;\"><span style=\"font-weight: 400;\">Esto se debe a que, al ser un beb\u00e9, su piel es m\u00e1s delicada, por lo que te recomendamos que <\/span><b>las prendas siempre<\/b> <b>sean completamente de algod\u00f3n<\/b><span style=\"font-weight: 400;\">, \u00a1sea la \u00e9poca del a\u00f1o que sea es el mejor material para los beb\u00e9s!<\/span><\/p>\n<p style=\"text-align: justify;\"><span style=\"font-weight: 400;\">Porque la ropa de los beb\u00e9s puede ser muy elegante y muy bonita, pero siempre hay que tener en cuenta c\u00f3mo se sentir\u00e1 el peque\u00f1o o peque\u00f1a al llevarlo puesto.\u00a0 \u00a1<\/span><b>La comodidad es lo m\u00e1s importante<\/b><span style=\"font-weight: 400;\">!<\/span><\/p>\n<p style=\"text-align: justify;\"><span style=\"font-weight: 400;\">Por lo que la mejor opci\u00f3n es acudir a tiendas donde las prendas sean confeccionadas en talleres artesanos, ya que en ellos solo se trabaja con tejidos de calidad.<\/span><\/p>\n<p style=\"text-align: justify;\"><span style=\"font-weight: 400;\">Como consejo, tambi\u00e9n te recomendamos que <\/span><b>no compres la ropa para el bautizo de tu beb\u00e9 con mucha antelaci\u00f3n<\/b><span style=\"font-weight: 400;\">, porque los beb\u00e9s crecen de un d\u00eda para otro a pasos agigantados, \u00a1por lo que se le podr\u00eda quedar peque\u00f1a la ropa enseguida!<\/span><\/p>\n<p style=\"text-align: justify;\"><span style=\"font-weight: 400;\">\u00a0<\/span><\/p>\n<p style=\"text-align: justify;\"><span style=\"font-weight: 400;\">\u00a1D\u00e9jalo en las manos de <\/span><b>Perfect Venue<\/b><span style=\"font-weight: 400;\"> y vosotros solo dedicaros a disfrutar de los preparativos del bautizo! Nos encargaremos de dar con el mejor espacio, catering, decoraci\u00f3n\u2026<\/span><\/p>\n<p style=\"text-align: justify;\"><span style=\"font-weight: 400;\">Mientras tanto, <\/span><b>echa un vistazo a nuestra p\u00e1gina web e insp\u00edrate<\/b><span style=\"font-weight: 400;\"> con la cantidad de <\/span><a href=\"https:\/\/perfectvenue.es\/2020\/07\/30\/bautizo-unico-original-bebe-apunta-todas-estas-ideas\/\"><b>ideas originales para celebrar un bautizo<\/b><\/a><span style=\"font-weight: 400;\"> inolvidable, los <\/span><a href=\"https:\/\/perfectvenue.es\/2020\/07\/15\/te-presentamos-los-mejores-espacios-bautizos-los-diferentes-puntos-cardinales-madrid\/\"><b>mejores espacios para bautizos en los diferentes puntos cardinales de Madrid<\/b><\/a><span style=\"font-weight: 400;\"> y los <\/span><b>mejores espacios para bautizos en Barcelona<\/b><span style=\"font-weight: 400;\">.<\/span><\/p>\n<p>______________________________________________________________________________<\/p>\n<p>Photos via <a href=\"https:\/\/christeninggowns.com\/\">Christeninggowns.com<\/a><\/p>\n<span class=\"tags-links\"><a href=\"https:\/\/perfectvenue.es\/es\/tag\/bautizo\/\" rel=\"tag\">bautizo<\/a><a href=\"https:\/\/perfectvenue.es\/es\/tag\/christening\/\" rel=\"tag\">christening<\/a><a href=\"https:\/\/perfectvenue.es\/es\/tag\/christening-clothes\/\" rel=\"tag\">christening clothes<\/a><a href=\"https:\/\/perfectvenue.es\/es\/tag\/ropa-bautizo\/\" rel=\"tag\">ropa bautizo<\/a><a href=\"https:\/\/perfectvenue.es\/es\/tag\/ropa-bautizo-nina\/\" rel=\"tag\">ropa bautizo ni\u00f1a<\/a><a href=\"https:\/\/perfectvenue.es\/es\/tag\/ropa-bautizo-nino\/\" rel=\"tag\">ropa bautizo ni\u00f1o<\/a><a href=\"https:\/\/perfectvenue.es\/es\/tag\/%d0%ba%d1%80%d0%b5%d1%81%d1%82%d0%b8%d0%bd%d1%8b\/\" rel=\"tag\">\u043a\u0440\u0435\u0441\u0442\u0438\u043d\u044b<\/a><\/span>","protected":false},"excerpt":{"rendered":"<p>\u00bfIndecisos a la hora de elegir las mejores prendas que lucir\u00e1 vuestro beb\u00e9 en el d\u00eda de su bautizo? \u00a1Despeja tus dudas aqu\u00ed!<\/p>\n","protected":false},"author":1,"featured_media":27695,"comment_status":"open","ping_status":"open","sticky":false,"template":"","format":"standard","meta":{"footnotes":""},"categories":[2064],"tags":[2166,2207,2206,2208,2210,2209,2226],"class_list":["post-27694","post","type-post","status-publish","format-standard","has-post-thumbnail","hentry","category-events","tag-bautizo","tag-christening","tag-christening-clothes","tag-ropa-bautizo","tag-ropa-bautizo-nina","tag-ropa-bautizo-nino","tag-2226"],"_links":{"self":[{"href":"https:\/\/perfectvenue.es\/es\/wp-json\/wp\/v2\/posts\/27694","targetHints":{"allow":["GET"]}}],"collection":[{"href":"https:\/\/perfectvenue.es\/es\/wp-json\/wp\/v2\/posts"}],"about":[{"href":"https:\/\/perfectvenue.es\/es\/wp-json\/wp\/v2\/types\/post"}],"author":[{"embeddable":true,"href":"https:\/\/perfectvenue.es\/es\/wp-json\/wp\/v2\/users\/1"}],"replies":[{"embeddable":true,"href":"https:\/\/perfectvenue.es\/es\/wp-json\/wp\/v2\/comments?post=27694"}],"version-history":[{"count":0,"href":"https:\/\/perfectvenue.es\/es\/wp-json\/wp\/v2\/posts\/27694\/revisions"}],"wp:featuredmedia":[{"embeddable":true,"href":"https:\/\/perfectvenue.es\/es\/wp-json\/wp\/v2\/media\/27695"}],"wp:attachment":[{"href":"https:\/\/perfectvenue.es\/es\/wp-json\/wp\/v2\/media?parent=27694"}],"wp:term":[{"taxonomy":"category","embeddable":true,"href":"https:\/\/perfectvenue.es\/es\/wp-json\/wp\/v2\/categories?post=27694"},{"taxonomy":"post_tag","embeddable":true,"href":"https:\/\/perfectvenue.es\/es\/wp-json\/wp\/v2\/tags?post=27694"}],"curies":[{"name":"wp","href":"https:\/\/api.w.org\/{rel}","templated":true}]}}