{"id":27593,"date":"2020-06-24T15:53:39","date_gmt":"2020-06-24T12:53:39","guid":{"rendered":"https:\/\/perfectvenue.es\/?p=27593"},"modified":"2020-08-14T14:57:10","modified_gmt":"2020-08-14T11:57:10","slug":"las-bodas-la-nueva-normalidad-asi-seran-despues-del-coronavirus","status":"publish","type":"post","link":"https:\/\/perfectvenue.es\/es\/2020\/06\/24\/las-bodas-la-nueva-normalidad-asi-seran-despues-del-coronavirus\/","title":{"rendered":"Las bodas en la nueva normalidad: as\u00ed es c\u00f3mo ser\u00e1n despu\u00e9s del coronavirus"},"content":{"rendered":"<p><\/p>\n<p style=\"text-align: justify;\"><span style=\"font-weight: 400;\">El 21 de junio ha terminado en Espa\u00f1a el temido estado de alarma, dando paso con ello a la nueva (y gran deseada) normalidad, pero se cuestionan ciertos temas, como, por ejemplo, <\/span><b>c\u00f3mo ser\u00e1n las bodas en la nueva normalidad<\/b><span style=\"font-weight: 400;\">. \u00a1Pues para eso estamos aqu\u00ed!<\/span><\/p>\n<p style=\"text-align: justify;\"><span style=\"font-weight: 400;\">Las medidas sanitarias siguen al pie del ca\u00f1\u00f3n para evitar cualquier tipo de rebrote, aunque menos restrictivas, es por ello que, <\/span><b>en los pr\u00f3ximos meses, las bodas vuelven a celebrarse.<\/b><\/p>\n<p style=\"text-align: justify;\"><span style=\"font-weight: 400;\">As\u00ed que, como de nuevo podemos festejar nuestro gran d\u00eda, en este art\u00edculo os contamos cu\u00e1les ser\u00e1n las condiciones, las recomendaciones sanitarias a seguir y, en definitiva, c\u00f3mo podr\u00e1s celebrar tu boda en la nueva normalidad.<\/span><\/p>\n<p style=\"text-align: justify;\"><span style=\"font-weight: 400;\">Conf\u00eda en <\/span><a href=\"https:\/\/perfectvenue.es\/ask-a-venue\/\"><b>Perfect Venue<\/b><\/a><span style=\"font-weight: 400;\">, en los proveedores y t\u00fa solo enc\u00e1rgate de disfrutar de tu boda.<\/span><\/p>\n<p style=\"text-align: justify;\"><span style=\"font-weight: 400;\">\u00a1Toma nota!<\/span><\/p>\n<h2 style=\"text-align: justify;\">Las bodas se replantean<\/h2>\n<figure id=\"attachment_26210\" aria-describedby=\"caption-attachment-26210\" style=\"width: 850px\" class=\"wp-caption aligncenter\"><img loading=\"lazy\" decoding=\"async\" class=\"wp-image-26210 size-full\" src=\"https:\/\/perfectvenue.es\/wp-content\/uploads\/2020\/05\/castillo-belmonte-bodas-42.jpg\" alt=\"Castillo Belmonte -Perfect Venue\" width=\"850\" height=\"567\" srcset=\"https:\/\/perfectvenue.es\/wp-content\/uploads\/2020\/05\/castillo-belmonte-bodas-42.jpg?v=1626104666 850w, https:\/\/perfectvenue.es\/wp-content\/uploads\/2020\/05\/castillo-belmonte-bodas-42-300x200.jpg?v=1626104666 300w, https:\/\/perfectvenue.es\/wp-content\/uploads\/2020\/05\/castillo-belmonte-bodas-42-768x512.jpg?v=1626104666 768w, https:\/\/perfectvenue.es\/wp-content\/uploads\/2020\/05\/castillo-belmonte-bodas-42-450x300.jpg?v=1626104666 450w, https:\/\/perfectvenue.es\/wp-content\/uploads\/2020\/05\/castillo-belmonte-bodas-42-600x400.jpg?v=1626104666 600w\" sizes=\"auto, (max-width: 850px) 100vw, 850px\" \/><figcaption id=\"caption-attachment-26210\" class=\"wp-caption-text\"><a href=\"https:\/\/perfectvenue.es\/listings\/castillo-belmonte\/\">Castillo de Belmonte<\/a>, Photo by <a href=\"https:\/\/www.nachodelrio.es\/\">Nacho del Rio<\/a>, via Perfect Venue<\/figcaption><\/figure>\n<h3 style=\"text-align: justify;\">Bodas en exteriores<\/h3>\n<p style=\"text-align: justify;\"><span style=\"font-weight: 400;\">Si antes ya causaban sensaci\u00f3n, ahora mucho m\u00e1s, y es que <\/span><b>al celebrar una boda en unos extensos jardines o un patio se garantiza la distancia m\u00ednima de seguridad<\/b><span style=\"font-weight: 400;\">, al ser un espacio tan grande se pueden colocar perfectamente las mesas y las sillas con ese metro y medio de separaci\u00f3n.<\/span><\/p>\n<figure id=\"attachment_27594\" aria-describedby=\"caption-attachment-27594\" style=\"width: 850px\" class=\"wp-caption aligncenter\"><img loading=\"lazy\" decoding=\"async\" class=\"wp-image-27594 size-full\" src=\"https:\/\/perfectvenue.es\/wp-content\/uploads\/2020\/08\/nacarum-antonio-perfectvenue.jpg-86.jpg\" alt=\"Restaurante Nacarum - Perfect Venue\" width=\"850\" height=\"567\" srcset=\"https:\/\/perfectvenue.es\/wp-content\/uploads\/2020\/08\/nacarum-antonio-perfectvenue.jpg-86.jpg?v=1626103868 850w, https:\/\/perfectvenue.es\/wp-content\/uploads\/2020\/08\/nacarum-antonio-perfectvenue.jpg-86-300x200.jpg?v=1626103868 300w, https:\/\/perfectvenue.es\/wp-content\/uploads\/2020\/08\/nacarum-antonio-perfectvenue.jpg-86-768x512.jpg?v=1626103868 768w, https:\/\/perfectvenue.es\/wp-content\/uploads\/2020\/08\/nacarum-antonio-perfectvenue.jpg-86-450x300.jpg?v=1626103868 450w, https:\/\/perfectvenue.es\/wp-content\/uploads\/2020\/08\/nacarum-antonio-perfectvenue.jpg-86-600x400.jpg?v=1626103868 600w\" sizes=\"auto, (max-width: 850px) 100vw, 850px\" \/><figcaption id=\"caption-attachment-27594\" class=\"wp-caption-text\"><a href=\"https:\/\/perfectvenue.es\/listings\/restaurant-nacarum\/\">Restaurante Nacarum<\/a>, Photo by <a href=\"https:\/\/www.antonioojeda.es\/\">Antonio Ojeda Foto\u0301grafo<\/a>, via Perfect Venue<\/figcaption><\/figure>\n<h3 style=\"text-align: justify;\">Bodas \u00edntimas<\/h3>\n<p style=\"text-align: justify;\"><span style=\"font-weight: 400;\">Una de las principales apuestas de los novios en los \u00faltimos tiempos ha sido celebrar una boda \u00edntima, y ahora, tras esta pandemia, lo ser\u00e1 mucho m\u00e1s. Esto se debe a que <\/span><b>se invita a un n\u00famero menor de personas.<\/b><\/p>\n<p style=\"text-align: justify;\"><span style=\"font-weight: 400;\">\u00a1Si quieres dejar atr\u00e1s esas bodas de m\u00e1s de 300 invitados, ahora, tienes una buena excusa!<\/span><\/p>\n<figure id=\"attachment_26303\" aria-describedby=\"caption-attachment-26303\" style=\"width: 850px\" class=\"wp-caption aligncenter\"><img loading=\"lazy\" decoding=\"async\" class=\"size-full wp-image-26303\" src=\"https:\/\/perfectvenue.es\/wp-content\/uploads\/2020\/05\/66-Francisco-Gomez-Bodegas.jpg\" alt=\"Francisco Gomez Bodegas\" width=\"850\" height=\"566\" srcset=\"https:\/\/perfectvenue.es\/wp-content\/uploads\/2020\/05\/66-Francisco-Gomez-Bodegas.jpg?v=1626104636 850w, https:\/\/perfectvenue.es\/wp-content\/uploads\/2020\/05\/66-Francisco-Gomez-Bodegas-300x200.jpg?v=1626104636 300w, https:\/\/perfectvenue.es\/wp-content\/uploads\/2020\/05\/66-Francisco-Gomez-Bodegas-768x511.jpg?v=1626104636 768w, https:\/\/perfectvenue.es\/wp-content\/uploads\/2020\/05\/66-Francisco-Gomez-Bodegas-450x300.jpg?v=1626104636 450w, https:\/\/perfectvenue.es\/wp-content\/uploads\/2020\/05\/66-Francisco-Gomez-Bodegas-600x400.jpg?v=1626104636 600w\" sizes=\"auto, (max-width: 850px) 100vw, 850px\" \/><figcaption id=\"caption-attachment-26303\" class=\"wp-caption-text\"><a href=\"https:\/\/perfectvenue.es\/listings\/bodegas-francisco-gomez\/\">Francisco Gomez Bodegas<\/a>, Photo by <a href=\"https:\/\/shilenok.com\/\">Sergey Shilenok<\/a>, via Perfect Venue<\/figcaption><\/figure>\n<h3 style=\"text-align: justify;\">Bodas por partes<\/h3>\n<p style=\"text-align: justify;\"><span style=\"font-weight: 400;\">Como lo lees, nada usual, pero es <\/span><b>una de las grandes tendencias que nos deja la pandemia: celebrar una boda por partes.<\/b><\/p>\n<p style=\"text-align: justify;\"><span style=\"font-weight: 400;\">A d\u00eda de hoy conocemos una boda con ceremonia, c\u00f3ctel de bienvenida, banquete y fiesta. Pero con esta situaci\u00f3n cabe la posibilidad de poder celebrar estos momentos en diferentes ocasiones, como <\/span><b>celebrando la ceremonia de manera m\u00e1s \u00edntima, y posteriormente realizar el banquete o la fiesta con el resto de invitados<\/b><span style=\"font-weight: 400;\">. \u00bfPor qu\u00e9 no?<\/span><\/p>\n<figure id=\"attachment_24319\" aria-describedby=\"caption-attachment-24319\" style=\"width: 850px\" class=\"wp-caption aligncenter\"><img loading=\"lazy\" decoding=\"async\" class=\"wp-image-24319 size-full\" src=\"https:\/\/perfectvenue.es\/wp-content\/uploads\/2019\/12\/can-mauri-perfect-venue17.jpg\" alt=\"\" width=\"850\" height=\"567\" srcset=\"https:\/\/perfectvenue.es\/wp-content\/uploads\/2019\/12\/can-mauri-perfect-venue17.jpg?v=1626105381 850w, https:\/\/perfectvenue.es\/wp-content\/uploads\/2019\/12\/can-mauri-perfect-venue17-300x200.jpg?v=1626105381 300w, https:\/\/perfectvenue.es\/wp-content\/uploads\/2019\/12\/can-mauri-perfect-venue17-768x512.jpg?v=1626105381 768w, https:\/\/perfectvenue.es\/wp-content\/uploads\/2019\/12\/can-mauri-perfect-venue17-450x300.jpg?v=1626105381 450w, https:\/\/perfectvenue.es\/wp-content\/uploads\/2019\/12\/can-mauri-perfect-venue17-600x400.jpg?v=1626105381 600w\" sizes=\"auto, (max-width: 850px) 100vw, 850px\" \/><figcaption id=\"caption-attachment-24319\" class=\"wp-caption-text\">Photo via <a href=\"https:\/\/perfectvenue.es\/listings\/restaurante-can-mauri\/\">Restaurante Can Mauri<\/a><\/figcaption><\/figure>\n<h2 style=\"text-align: justify;\">Cambios en el c\u00f3ctel y en el baile<\/h2>\n<p style=\"text-align: justify;\"><span style=\"font-weight: 400;\">Entre las grandes inc\u00f3gnitas que suscitan a los novios, es qu\u00e9 pasar\u00e1 con el c\u00f3ctel de bienvenida o con el baile.<\/span><\/p>\n<p style=\"text-align: justify;\"><span style=\"font-weight: 400;\">El c\u00f3ctel se seguir\u00e1 celebrando, pero eso s\u00ed, con <\/span><b>un montaje m\u00e1s distribuido por todo el espacio, <\/b><span style=\"font-weight: 400;\">dejando as\u00ed una mayor separaci\u00f3n. \u00a1No tiene nada de malo!<\/span><\/p>\n<p style=\"text-align: justify;\"><span style=\"font-weight: 400;\">El peque\u00f1o inconveniente est\u00e1 en la fiesta, ya que en muchos lugares a\u00fan no es posible abrir la pista de baile, pero siempre puedes <\/span><b>reinventarte y organizar una fiesta en un gran <\/b><b><i>chill out<\/i><\/b><b>, con copas y m\u00fasica <\/b><span style=\"font-weight: 400;\">de fondo para pasar un rato agradable con tus invitados.<\/span><\/p>\n<figure id=\"attachment_24582\" aria-describedby=\"caption-attachment-24582\" style=\"width: 850px\" class=\"wp-caption aligncenter\"><img loading=\"lazy\" decoding=\"async\" class=\"wp-image-24582 size-full\" src=\"https:\/\/perfectvenue.es\/wp-content\/uploads\/2020\/01\/la-finca-glof-resort-alicante7.jpg\" alt=\"\" width=\"850\" height=\"570\" srcset=\"https:\/\/perfectvenue.es\/wp-content\/uploads\/2020\/01\/la-finca-glof-resort-alicante7.jpg?v=1626105237 850w, https:\/\/perfectvenue.es\/wp-content\/uploads\/2020\/01\/la-finca-glof-resort-alicante7-300x201.jpg?v=1626105237 300w, https:\/\/perfectvenue.es\/wp-content\/uploads\/2020\/01\/la-finca-glof-resort-alicante7-768x515.jpg?v=1626105237 768w, https:\/\/perfectvenue.es\/wp-content\/uploads\/2020\/01\/la-finca-glof-resort-alicante7-450x302.jpg?v=1626105237 450w, https:\/\/perfectvenue.es\/wp-content\/uploads\/2020\/01\/la-finca-glof-resort-alicante7-600x402.jpg?v=1626105237 600w\" sizes=\"auto, (max-width: 850px) 100vw, 850px\" \/><figcaption id=\"caption-attachment-24582\" class=\"wp-caption-text\">Photo via <a href=\"https:\/\/perfectvenue.es\/listings\/mice-venue-la-finca-resort\/\">La Finca Resort<\/a><\/figcaption><\/figure>\n<h2 style=\"text-align: justify;\">Las fotos de mi boda, \u00bfcon mascarilla?<\/h2>\n<p style=\"text-align: justify;\"><span style=\"font-weight: 400;\">No, no te preocupes que tendr\u00e1s ese recuerdo de la manera m\u00e1s bonita que imagines, ya que los novios os situar\u00e9is a una distancia del fot\u00f3grafo que no afectar\u00e1 en absoluto.<\/span><\/p>\n<p style=\"text-align: justify;\"><span style=\"font-weight: 400;\">Lo \u00fanico que ten\u00e9is que hacer es <\/span><b>buscar<\/b> <b>sitios m\u00e1s alejados de los invitados para que pod\u00e1is estar sin mascarilla sin ning\u00fan tipo de riesgo<\/b><span style=\"font-weight: 400;\">, (adem\u00e1s, tu fot\u00f3grafo tambi\u00e9n la llevar\u00e1)<\/span><\/p>\n<p style=\"text-align: justify;\"><span style=\"font-weight: 400;\">El problema surge en las fotograf\u00edas grupales, ya que al tener que mantener la distancia de seguridad y llevar mascarilla lo hace algo complicado, \u00a1pero siempre <\/span><b>se puede ser original e inventar nuevas formas de tomar fotos en grupo<\/b><span style=\"font-weight: 400;\">! \u00bfQu\u00e9 tal haciendo un collage?<\/span><\/p>\n<figure id=\"attachment_20426\" aria-describedby=\"caption-attachment-20426\" style=\"width: 850px\" class=\"wp-caption aligncenter\"><img loading=\"lazy\" decoding=\"async\" class=\"size-full wp-image-20426\" src=\"https:\/\/perfectvenue.es\/wp-content\/uploads\/2019\/02\/finca-bodas-monte-de-cutamilla-11.jpg\" alt=\"Monte de cutamilla - Perfect Venue\" width=\"850\" height=\"567\" srcset=\"https:\/\/perfectvenue.es\/wp-content\/uploads\/2019\/02\/finca-bodas-monte-de-cutamilla-11.jpg?v=1626107591 850w, https:\/\/perfectvenue.es\/wp-content\/uploads\/2019\/02\/finca-bodas-monte-de-cutamilla-11-300x200.jpg?v=1626107591 300w, https:\/\/perfectvenue.es\/wp-content\/uploads\/2019\/02\/finca-bodas-monte-de-cutamilla-11-768x512.jpg?v=1626107591 768w, https:\/\/perfectvenue.es\/wp-content\/uploads\/2019\/02\/finca-bodas-monte-de-cutamilla-11-450x300.jpg?v=1626107591 450w, https:\/\/perfectvenue.es\/wp-content\/uploads\/2019\/02\/finca-bodas-monte-de-cutamilla-11-600x400.jpg?v=1626107591 600w\" sizes=\"auto, (max-width: 850px) 100vw, 850px\" \/><figcaption id=\"caption-attachment-20426\" class=\"wp-caption-text\">Photo by <a href=\"https:\/\/perfectvenue.es\/listings\/finca-monte-de-cutamilla\/\">Finca Monte de Cutamilla<\/a><\/figcaption><\/figure>\n<h2 style=\"text-align: justify;\">El banquete, sin aglomeraciones<\/h2>\n<p style=\"text-align: justify;\"><span style=\"font-weight: 400;\">Es por ello que <\/span><b>los buffets o los puestos de comidas se van a ver sustituidos por los platos servidos de manera tradicional<\/b><span style=\"font-weight: 400;\">, es decir: los camareros llevan a las mesas los platos.<\/span><\/p>\n<p style=\"text-align: justify;\"><span style=\"font-weight: 400;\">Una buena opci\u00f3n para evitar que los invitados se amontonen en un mismo sitio y as\u00ed garantizar las distancias, \u00a1adem\u00e1s, tambi\u00e9n es <\/span><b>muy c\u00f3modo<\/b><span style=\"font-weight: 400;\">!<\/span><\/p>\n<figure id=\"attachment_23700\" aria-describedby=\"caption-attachment-23700\" style=\"width: 850px\" class=\"wp-caption aligncenter\"><img loading=\"lazy\" decoding=\"async\" class=\"wp-image-23700 size-full\" src=\"https:\/\/perfectvenue.es\/wp-content\/uploads\/2019\/11\/cala-rotja-perfect-venue3.jpg\" alt=\"\" width=\"850\" height=\"567\" srcset=\"https:\/\/perfectvenue.es\/wp-content\/uploads\/2019\/11\/cala-rotja-perfect-venue3.jpg?v=1626105669 850w, https:\/\/perfectvenue.es\/wp-content\/uploads\/2019\/11\/cala-rotja-perfect-venue3-300x200.jpg?v=1626105669 300w, https:\/\/perfectvenue.es\/wp-content\/uploads\/2019\/11\/cala-rotja-perfect-venue3-768x512.jpg?v=1626105669 768w, https:\/\/perfectvenue.es\/wp-content\/uploads\/2019\/11\/cala-rotja-perfect-venue3-450x300.jpg?v=1626105669 450w, https:\/\/perfectvenue.es\/wp-content\/uploads\/2019\/11\/cala-rotja-perfect-venue3-600x400.jpg?v=1626105669 600w\" sizes=\"auto, (max-width: 850px) 100vw, 850px\" \/><figcaption id=\"caption-attachment-23700\" class=\"wp-caption-text\">Photo via <a href=\"https:\/\/perfectvenue.es\/listings\/sa-cala-rotja\/\">Sa Cala Rotja<\/a><\/figcaption><\/figure>\n<h2 style=\"text-align: justify;\">\u00bfQu\u00e9 ocurre con mi vestido de la novia?<\/h2>\n<p style=\"text-align: justify;\"><span style=\"font-weight: 400;\">\u00a1Nada grave! Porque, aunque este cambio de planes provoque que tu boda se haya aplazado, no le temas al cambio de estaci\u00f3n porque lucir\u00e1s igual de radiante con <\/span><b>tu vestido original<\/b><span style=\"font-weight: 400;\">.<\/span><\/p>\n<p style=\"text-align: justify;\"><span style=\"font-weight: 400;\">Solamente tendr\u00e1s que a\u00f1adirle alg\u00fan que otro complemento para <\/span><b>transformarlo en un vestido m\u00e1s invernal<\/b><span style=\"font-weight: 400;\">, como, por ejemplo, a\u00f1adiendo una <\/span><b>capa o un abrigo<\/b><span style=\"font-weight: 400;\">.<\/span><\/p>\n<p style=\"text-align: justify;\"><span style=\"font-weight: 400;\">\u00bfSabes que tambi\u00e9n son muchas novias las que est\u00e1n solicitando a su proveedor del vestido <\/span><b>mascarillas especiales<\/b><span style=\"font-weight: 400;\">? \u00a1Claro que s\u00ed!<\/span><\/p>\n<p style=\"text-align: justify;\"><span style=\"font-weight: 400;\">Bordados, lentejuelas\u2026 todo lo que se te ocurra por si en alg\u00fan momento la novia tiene que llevarla \u00a1Siempre con estilo!<\/span><\/p>\n<figure id=\"attachment_23688\" aria-describedby=\"caption-attachment-23688\" style=\"width: 850px\" class=\"wp-caption aligncenter\"><img loading=\"lazy\" decoding=\"async\" class=\"wp-image-23688 size-full\" src=\"https:\/\/perfectvenue.es\/wp-content\/uploads\/2019\/11\/Wedding-cortijo-sabila-123.jpg\" alt=\"What do you need to know to choose your wedding dress\" width=\"850\" height=\"1275\" srcset=\"https:\/\/perfectvenue.es\/wp-content\/uploads\/2019\/11\/Wedding-cortijo-sabila-123.jpg?v=1626105674 850w, https:\/\/perfectvenue.es\/wp-content\/uploads\/2019\/11\/Wedding-cortijo-sabila-123-200x300.jpg?v=1626105674 200w, https:\/\/perfectvenue.es\/wp-content\/uploads\/2019\/11\/Wedding-cortijo-sabila-123-768x1152.jpg?v=1626105674 768w, https:\/\/perfectvenue.es\/wp-content\/uploads\/2019\/11\/Wedding-cortijo-sabila-123-683x1024.jpg?v=1626105674 683w, https:\/\/perfectvenue.es\/wp-content\/uploads\/2019\/11\/Wedding-cortijo-sabila-123-450x675.jpg?v=1626105674 450w, https:\/\/perfectvenue.es\/wp-content\/uploads\/2019\/11\/Wedding-cortijo-sabila-123-533x800.jpg?v=1626105674 533w, https:\/\/perfectvenue.es\/wp-content\/uploads\/2019\/11\/Wedding-cortijo-sabila-123-600x900.jpg?v=1626105674 600w\" sizes=\"auto, (max-width: 850px) 100vw, 850px\" \/><figcaption id=\"caption-attachment-23688\" class=\"wp-caption-text\"><a href=\"https:\/\/perfectvenue.es\/listings\/cortijo-sabila\/\">Hotel Cortijo Sabila<\/a>, Photo by Anna Goryacheva, via Perfect Venue<\/figcaption><\/figure>\n<h2 style=\"text-align: justify;\">Las medidas de seguridad, presentes y personalizables<\/h2>\n<p style=\"text-align: justify;\"><span style=\"font-weight: 400;\">Y es que, aunque hayamos entrado en la nueva normalidad, no significa que podamos dejar de usar los geles hidroalcoh\u00f3licos o las mascarillas.<\/span><\/p>\n<p style=\"text-align: justify;\"><span style=\"font-weight: 400;\">Estos dos nuevos elementos que est\u00e1n a la orden del d\u00eda entre la poblaci\u00f3n vienen para quedarse un tiempo, ya que hay que seguir evitando los contagios, as\u00ed que\u2026 \u00bfpor qu\u00e9 <\/span><b>no personalizar estos objetos y repartirlos en el d\u00eda de la boda<\/b><span style=\"font-weight: 400;\">?<\/span><\/p>\n<p style=\"text-align: justify;\"><b>Con el logo del enlace, el nombre de los novios, ilustraciones nupciales<\/b><span style=\"font-weight: 400;\">, etc. un bonito detalle y la mar de original.<\/span><\/p>\n<figure id=\"attachment_24072\" aria-describedby=\"caption-attachment-24072\" style=\"width: 850px\" class=\"wp-caption aligncenter\"><img loading=\"lazy\" decoding=\"async\" class=\"size-full wp-image-24072\" src=\"https:\/\/perfectvenue.es\/wp-content\/uploads\/2019\/07\/wedding-olivar-santa-teresaa-234.jpg\" alt=\"Olivar Santa Teresa - Perfect Venue\" width=\"850\" height=\"567\" srcset=\"https:\/\/perfectvenue.es\/wp-content\/uploads\/2019\/07\/wedding-olivar-santa-teresaa-234.jpg?v=1626105438 850w, https:\/\/perfectvenue.es\/wp-content\/uploads\/2019\/07\/wedding-olivar-santa-teresaa-234-300x200.jpg?v=1626105438 300w, https:\/\/perfectvenue.es\/wp-content\/uploads\/2019\/07\/wedding-olivar-santa-teresaa-234-768x512.jpg?v=1626105438 768w, https:\/\/perfectvenue.es\/wp-content\/uploads\/2019\/07\/wedding-olivar-santa-teresaa-234-450x300.jpg?v=1626105438 450w, https:\/\/perfectvenue.es\/wp-content\/uploads\/2019\/07\/wedding-olivar-santa-teresaa-234-600x400.jpg?v=1626105438 600w\" sizes=\"auto, (max-width: 850px) 100vw, 850px\" \/><figcaption id=\"caption-attachment-24072\" class=\"wp-caption-text\"><a href=\"https:\/\/perfectvenue.es\/listings\/olivar-de-santa-teresa\/\">Olivar Santa Teresa<\/a>, Photo by <a href=\"https:\/\/www.kaleidoswedding.com\/\">KaleidosWedding<\/a>, via Perfect Venue<\/figcaption><\/figure>\n<p style=\"text-align: justify;\"><span style=\"font-weight: 400;\">\u00a1Esperamos que el coronavirus no te haya quitado las ganas de celebrar el amor con tu pareja y tus invitados! Porque si algo est\u00e1 claro, es que de esta hemos salido m\u00e1s reforzados y con m\u00e1s <\/span><b>ilusi\u00f3n y ganas por conmemorar un d\u00eda tan especial como es tu boda.<\/b><\/p>\n<p style=\"text-align: justify;\"><span style=\"font-weight: 400;\">El amor siempre gana, y en <\/span><b>Perfect Venue<\/b><span style=\"font-weight: 400;\"> queremos estar presentes en este d\u00eda tan especial. \u00bfVienes a conocernos?<\/span><\/p>\n<p><\/p>\n<span class=\"tags-links\"><a href=\"https:\/\/perfectvenue.es\/es\/tag\/bodas-coronavirus\/\" rel=\"tag\">bodas coronavirus<\/a><a href=\"https:\/\/perfectvenue.es\/es\/tag\/bodas-covid-19\/\" rel=\"tag\">bodas COVID-19<\/a><a href=\"https:\/\/perfectvenue.es\/es\/tag\/bodas-en-la-nueva-normalidad\/\" rel=\"tag\">bodas en la nueva normalidad<\/a><a href=\"https:\/\/perfectvenue.es\/es\/tag\/bodas-nueva-normalidad\/\" rel=\"tag\">bodas nueva normalidad<\/a><a href=\"https:\/\/perfectvenue.es\/es\/tag\/covid-19-wedding\/\" rel=\"tag\">COVID-19 wedding<\/a><a href=\"https:\/\/perfectvenue.es\/es\/tag\/weddings-after-the-pandemic\/\" rel=\"tag\">weddings after the pandemic<\/a><a href=\"https:\/\/perfectvenue.es\/es\/tag\/%d1%81%d0%b2%d0%b0%d0%b4%d1%8c%d0%b1%d1%8b-%d0%bf%d0%be%d1%81%d0%bb%d0%b5-%d0%ba%d0%be%d1%80%d0%be%d0%bd%d0%b0%d0%b2%d0%b8%d1%80%d1%83%d1%81%d0%b0\/\" rel=\"tag\">\u0441\u0432\u0430\u0434\u044c\u0431\u044b \u043f\u043e\u0441\u043b\u0435 \u043a\u043e\u0440\u043e\u043d\u0430\u0432\u0438\u0440\u0443\u0441\u0430<\/a><\/span>","protected":false},"excerpt":{"rendered":"<p>Si no sabes c\u00f3mo ser\u00e1n las bodas en la nueva normalidad, este es tu art\u00edculo. Medidas de seguridad, vestido de novia, fot\u00f3grafos&#8230; \u00a1todo lo que necesitas saber, aqu\u00ed!<\/p>\n","protected":false},"author":1,"featured_media":27595,"comment_status":"open","ping_status":"open","sticky":false,"template":"","format":"standard","meta":{"footnotes":""},"categories":[176],"tags":[2182,2183,2180,2181,2034,2197,2198],"class_list":["post-27593","post","type-post","status-publish","format-standard","has-post-thumbnail","hentry","category-wedding","tag-bodas-coronavirus","tag-bodas-covid-19","tag-bodas-en-la-nueva-normalidad","tag-bodas-nueva-normalidad","tag-covid-19-wedding","tag-weddings-after-the-pandemic","tag-2198"],"_links":{"self":[{"href":"https:\/\/perfectvenue.es\/es\/wp-json\/wp\/v2\/posts\/27593","targetHints":{"allow":["GET"]}}],"collection":[{"href":"https:\/\/perfectvenue.es\/es\/wp-json\/wp\/v2\/posts"}],"about":[{"href":"https:\/\/perfectvenue.es\/es\/wp-json\/wp\/v2\/types\/post"}],"author":[{"embeddable":true,"href":"https:\/\/perfectvenue.es\/es\/wp-json\/wp\/v2\/users\/1"}],"replies":[{"embeddable":true,"href":"https:\/\/perfectvenue.es\/es\/wp-json\/wp\/v2\/comments?post=27593"}],"version-history":[{"count":0,"href":"https:\/\/perfectvenue.es\/es\/wp-json\/wp\/v2\/posts\/27593\/revisions"}],"wp:featuredmedia":[{"embeddable":true,"href":"https:\/\/perfectvenue.es\/es\/wp-json\/wp\/v2\/media\/27595"}],"wp:attachment":[{"href":"https:\/\/perfectvenue.es\/es\/wp-json\/wp\/v2\/media?parent=27593"}],"wp:term":[{"taxonomy":"category","embeddable":true,"href":"https:\/\/perfectvenue.es\/es\/wp-json\/wp\/v2\/categories?post=27593"},{"taxonomy":"post_tag","embeddable":true,"href":"https:\/\/perfectvenue.es\/es\/wp-json\/wp\/v2\/tags?post=27593"}],"curies":[{"name":"wp","href":"https:\/\/api.w.org\/{rel}","templated":true}]}}