{"id":27590,"date":"2020-07-23T15:11:42","date_gmt":"2020-07-23T12:11:42","guid":{"rendered":"https:\/\/perfectvenue.es\/?p=27590"},"modified":"2023-05-18T12:09:51","modified_gmt":"2023-05-18T09:09:51","slug":"mejores-espacios-para-comunion-en-madrid-aqui-estan-los-mas-singulares-de-la-capital","status":"publish","type":"post","link":"https:\/\/perfectvenue.es\/es\/2020\/07\/23\/mejores-espacios-para-comunion-en-madrid-aqui-estan-los-mas-singulares-de-la-capital\/","title":{"rendered":"\u00bfMejores espacios para comuni\u00f3n en Madrid? \u00a1Aqu\u00ed est\u00e1n los m\u00e1s singulares de la capital!"},"content":{"rendered":"<p><\/p>\n<p style=\"text-align: justify;\"><span style=\"font-weight: 400;\">Una de las cosas m\u00e1s importantes a tener en cuenta a la hora de celebrar cualquier evento, es el espacio del convite o fiesta. Por eso, si tu peque\u00f1o celebra pr\u00f3ximamente la primera comuni\u00f3n, aqu\u00ed encontrar\u00e1s los <\/span><b>mejores espacios para comuni\u00f3n en Madrid<\/b><span style=\"font-weight: 400;\">.<\/span><\/p>\n<p style=\"text-align: justify;\"><span style=\"font-weight: 400;\">\u00a1Porque cualquier evento es excusa para elegir un espacio singular y reunir a todos los seres queridos! Por eso, en Perfect Venue, hemos querido elaborar una lista para que el gran protagonista de la comuni\u00f3n y vosotros, teng\u00e1is donde elegir.<\/span><\/p>\n<p style=\"text-align: justify;\"><span style=\"font-weight: 400;\">Castillos, fincas, palacios, hoteles, restaurantes\u2026 \u00bfcon qu\u00e9 te quedas para celebrar<\/span><b> una comuni\u00f3n \u00fanica de la que todo el mundo hablar\u00e1<\/b><span style=\"font-weight: 400;\">?<\/span><\/p>\n<h2 style=\"text-align: justify;\">Mejores castillos para comuni\u00f3n en Madrid<\/h2>\n<h3 style=\"text-align: justify;\"><a href=\"https:\/\/perfectvenue.es\/listings\/castle-vinelas\/\">Castillo de Vi\u00f1uelas<\/a><\/h3>\n<figure id=\"attachment_18729\" aria-describedby=\"caption-attachment-18729\" style=\"width: 700px\" class=\"wp-caption aligncenter\"><img loading=\"lazy\" decoding=\"async\" class=\"wp-image-18729\" src=\"https:\/\/perfectvenue.es\/wp-content\/uploads\/2018\/03\/castle-vinuelas-7.jpg\" alt=\"Castle Vinuelas\" width=\"700\" height=\"468\" srcset=\"https:\/\/perfectvenue.es\/wp-content\/uploads\/2018\/03\/castle-vinuelas-7.jpg?v=1626108159 850w, https:\/\/perfectvenue.es\/wp-content\/uploads\/2018\/03\/castle-vinuelas-7-600x401.jpg?v=1626108159 600w, https:\/\/perfectvenue.es\/wp-content\/uploads\/2018\/03\/castle-vinuelas-7-300x200.jpg?v=1626108159 300w, https:\/\/perfectvenue.es\/wp-content\/uploads\/2018\/03\/castle-vinuelas-7-768x513.jpg?v=1626108159 768w, https:\/\/perfectvenue.es\/wp-content\/uploads\/2018\/03\/castle-vinuelas-7-450x301.jpg?v=1626108159 450w\" sizes=\"auto, (max-width: 700px) 100vw, 700px\" \/><figcaption id=\"caption-attachment-18729\" class=\"wp-caption-text\">Photo via <a href=\"https:\/\/nataliaortizevents.com\">Weddings and Events by Natalia Ortiz<\/a><\/figcaption><\/figure>\n<p style=\"text-align: justify;\"><span style=\"font-weight: 400;\">Un castillo fortificado del siglo XVII que se encuentra lleno de <\/span><b>\u00e1guilas imperiales, gamos, ciervos y jabal\u00edes<\/b><span style=\"font-weight: 400;\">, ya que est\u00e1 repleto de robles centenarios y encinas.<\/span><\/p>\n<p style=\"text-align: justify;\"><span style=\"font-weight: 400;\">Cuenta con de dos salones cubiertos con elementos g\u00f3ticos del S. XVI y <\/span><b>exteriores ajardinados<\/b><span style=\"font-weight: 400;\">, con unas vistas espectaculares de toda la finca.<\/span><\/p>\n<h2 style=\"text-align: justify;\">Mejores fincas para comuni\u00f3n en Madrid<\/h2>\n<h3 style=\"text-align: justify;\"><a href=\"https:\/\/perfectvenue.es\/listings\/soto-de-gracia\/\">Finca Soto de Gracia<\/a><\/h3>\n<p><span class=\"alignnone\"><img loading=\"lazy\" decoding=\"async\" class=\"alignnone size-full wp-image-21872\" src=\"https:\/\/perfectvenue.es\/wp-content\/uploads\/2019\/05\/soto-de-gracia-Wedding-venue-45.jpg\" alt=\"\" width=\"850\" height=\"638\" srcset=\"https:\/\/perfectvenue.es\/wp-content\/uploads\/2019\/05\/soto-de-gracia-Wedding-venue-45.jpg?v=1626106679 850w, https:\/\/perfectvenue.es\/wp-content\/uploads\/2019\/05\/soto-de-gracia-Wedding-venue-45-300x225.jpg?v=1626106679 300w, https:\/\/perfectvenue.es\/wp-content\/uploads\/2019\/05\/soto-de-gracia-Wedding-venue-45-768x576.jpg?v=1626106679 768w, https:\/\/perfectvenue.es\/wp-content\/uploads\/2019\/05\/soto-de-gracia-Wedding-venue-45-450x338.jpg?v=1626106679 450w, https:\/\/perfectvenue.es\/wp-content\/uploads\/2019\/05\/soto-de-gracia-Wedding-venue-45-600x450.jpg?v=1626106679 600w\" sizes=\"auto, (max-width: 850px) 100vw, 850px\" \/><\/span><\/p>\n<p style=\"text-align: justify;\"><span style=\"font-weight: 400;\">En mitad de un pinar a orillas del r\u00edo Jarama se encuentra esta finca en la que descubrir el verdadero encanto gracias a sus <\/span><b>enormes zonas exteriores con jardines y a su naturaleza.<\/b><\/p>\n<p style=\"text-align: justify;\"><span style=\"font-weight: 400;\">Dispone de varios salones interiores, di\u00e1fanos y conectados entre s\u00ed para disfrutar de una comilona excepcional en sus <\/span><b>espacios decorados con toques vintage<\/b><span style=\"font-weight: 400;\">.<\/span><\/p>\n<h3 style=\"text-align: justify;\"><a href=\"https:\/\/perfectvenue.es\/listings\/finca-feligres\/\">Finca Feligr\u00e9s<\/a><\/h3>\n<p><span class=\"alignnone\"><img loading=\"lazy\" decoding=\"async\" class=\"alignnone size-full wp-image-21394\" src=\"https:\/\/perfectvenue.es\/wp-content\/uploads\/2019\/04\/Finca-Feligres-wedding-venue-3.png\" alt=\"Finca Feligres bodas Madrid\" width=\"850\" height=\"554\" srcset=\"https:\/\/perfectvenue.es\/wp-content\/uploads\/2019\/04\/Finca-Feligres-wedding-venue-3.png?v=1626106879 850w, https:\/\/perfectvenue.es\/wp-content\/uploads\/2019\/04\/Finca-Feligres-wedding-venue-3-300x196.png?v=1626106879 300w, https:\/\/perfectvenue.es\/wp-content\/uploads\/2019\/04\/Finca-Feligres-wedding-venue-3-768x501.png?v=1626106879 768w, https:\/\/perfectvenue.es\/wp-content\/uploads\/2019\/04\/Finca-Feligres-wedding-venue-3-450x293.png?v=1626106879 450w, https:\/\/perfectvenue.es\/wp-content\/uploads\/2019\/04\/Finca-Feligres-wedding-venue-3-600x391.png?v=1626106879 600w\" sizes=\"auto, (max-width: 850px) 100vw, 850px\" \/><\/span><\/p>\n<p style=\"text-align: justify;\"><span style=\"font-weight: 400;\">En Arganda del Rey est\u00e1 esta finca que destaca por ser <\/span><b>una plaza de toros<\/b><span style=\"font-weight: 400;\"> con salones de diversas capacidades, jardines conservados y porches, todo con ambientes diferenciados.<\/span><\/p>\n<p style=\"text-align: justify;\"><span style=\"font-weight: 400;\">En ella se ofrecen infinitas posibilidades para que lleves a cabo tu celebraci\u00f3n con una delicada <\/span><b>decoraci\u00f3n basada en los aspectos m\u00e1s tradicionales de la vida en el campo<\/b><span style=\"font-weight: 400;\">.<\/span><\/p>\n<h3 style=\"text-align: justify;\"><a href=\"https:\/\/perfectvenue.es\/listings\/country-house-el-soto-de-cerrolen\/\">Finca Soto de Cerrol\u00e9n<\/a><\/h3>\n<p><span class=\"alignnone\"><img loading=\"lazy\" decoding=\"async\" class=\"alignnone size-full wp-image-21345\" src=\"https:\/\/perfectvenue.es\/wp-content\/uploads\/2019\/01\/soto-cerrolen-Wedding-Venue-99.jpg\" alt=\"Soto Cerrolen - Perfect Venue\" width=\"850\" height=\"566\" srcset=\"https:\/\/perfectvenue.es\/wp-content\/uploads\/2019\/01\/soto-cerrolen-Wedding-Venue-99.jpg?v=1626106907 850w, https:\/\/perfectvenue.es\/wp-content\/uploads\/2019\/01\/soto-cerrolen-Wedding-Venue-99-300x200.jpg?v=1626106907 300w, https:\/\/perfectvenue.es\/wp-content\/uploads\/2019\/01\/soto-cerrolen-Wedding-Venue-99-768x511.jpg?v=1626106907 768w, https:\/\/perfectvenue.es\/wp-content\/uploads\/2019\/01\/soto-cerrolen-Wedding-Venue-99-450x300.jpg?v=1626106907 450w, https:\/\/perfectvenue.es\/wp-content\/uploads\/2019\/01\/soto-cerrolen-Wedding-Venue-99-600x400.jpg?v=1626106907 600w\" sizes=\"auto, (max-width: 850px) 100vw, 850px\" \/><\/span><\/p>\n<p style=\"text-align: justify;\"><span style=\"font-weight: 400;\">Con una extensi\u00f3n de 12 hect\u00e1reas y un servicio totalmente personalizado est\u00e1 la Soto de Cerrol\u00e9n, donde encontrar\u00e9is <\/span><b>espacios exteriores, as\u00ed como interiores<\/b><span style=\"font-weight: 400;\">.<\/span><\/p>\n<p style=\"text-align: justify;\"><span style=\"font-weight: 400;\">Su equipo de profesionales os brindar\u00e1 una amplia <\/span><b>variedad de combinaciones gastron\u00f3micas<\/b><span style=\"font-weight: 400;\">, siempre con la filosof\u00eda de ofrecer los mejores platos, el mejor servicio y una atenci\u00f3n exquisita.<\/span><\/p>\n<h3 style=\"text-align: justify;\"><a href=\"https:\/\/perfectvenue.es\/listings\/el-regajal\/\">Finca El Regajal<\/a><\/h3>\n<p><span class=\"alignnone\"><img loading=\"lazy\" decoding=\"async\" class=\"alignnone size-full wp-image-16044\" src=\"https:\/\/perfectvenue.es\/wp-content\/uploads\/2018\/02\/el-regajal-12.jpg\" alt=\"El Regajal\" width=\"625\" height=\"416\" srcset=\"https:\/\/perfectvenue.es\/wp-content\/uploads\/2018\/02\/el-regajal-12.jpg?v=1626109396 625w, https:\/\/perfectvenue.es\/wp-content\/uploads\/2018\/02\/el-regajal-12-600x399.jpg?v=1626109396 600w, https:\/\/perfectvenue.es\/wp-content\/uploads\/2018\/02\/el-regajal-12-300x200.jpg?v=1626109396 300w, https:\/\/perfectvenue.es\/wp-content\/uploads\/2018\/02\/el-regajal-12-450x300.jpg?v=1626109396 450w\" sizes=\"auto, (max-width: 625px) 100vw, 625px\" \/><\/span><\/p>\n<p style=\"text-align: justify;\"><b>Rodeado de vi\u00f1as y olivos y con 77 especies de mariposas<\/b><span style=\"font-weight: 400;\"> de la Pen\u00ednsula, esta finca se encuentra a menos de 45 minutos del centro de la capital.<\/span><\/p>\n<p style=\"text-align: justify;\"><span style=\"font-weight: 400;\">En ella podr\u00e9is dise\u00f1ar vuestra propia celebraci\u00f3n, escogiendo los distintos espacios, interiores y exteriores, y <\/span><b>en total exclusividad<\/b><span style=\"font-weight: 400;\">.<\/span><\/p>\n<h2 style=\"text-align: justify;\">Mejores restaurantes para comuni\u00f3n en Madrid<\/h2>\n<h3 style=\"text-align: justify;\"><a href=\"https:\/\/perfectvenue.es\/listings\/restaurant-sinsombrero\/\">Restaurante Sinsombrero<\/a><\/h3>\n<p><span class=\"alignnone\"><img loading=\"lazy\" decoding=\"async\" class=\"alignnone size-full wp-image-26501\" src=\"https:\/\/perfectvenue.es\/wp-content\/uploads\/2019\/10\/sinsombrero-restaurant-wedding-20.png\" alt=\"\" width=\"850\" height=\"567\" srcset=\"https:\/\/perfectvenue.es\/wp-content\/uploads\/2019\/10\/sinsombrero-restaurant-wedding-20.png?v=1626104528 850w, https:\/\/perfectvenue.es\/wp-content\/uploads\/2019\/10\/sinsombrero-restaurant-wedding-20-300x200.png?v=1626104528 300w, https:\/\/perfectvenue.es\/wp-content\/uploads\/2019\/10\/sinsombrero-restaurant-wedding-20-768x512.png?v=1626104528 768w, https:\/\/perfectvenue.es\/wp-content\/uploads\/2019\/10\/sinsombrero-restaurant-wedding-20-450x300.png?v=1626104528 450w, https:\/\/perfectvenue.es\/wp-content\/uploads\/2019\/10\/sinsombrero-restaurant-wedding-20-600x400.png?v=1626104528 600w\" sizes=\"auto, (max-width: 850px) 100vw, 850px\" \/><\/span><\/p>\n<p style=\"text-align: justify;\"><span style=\"font-weight: 400;\">Este exclusivo restaurante situado en el emblem\u00e1tico Paseo de la Castellana de Madrid, cuenta con una <\/span><b>propuesta gastron\u00f3mica innovadora y refinada<\/b><span style=\"font-weight: 400;\">, apoyada en productos de temporada y de calidad.<\/span><\/p>\n<p style=\"text-align: justify;\"><span style=\"font-weight: 400;\">Un lugar ideal para celebrar comuniones en el centro de la capital con una <\/span><b>decoraci\u00f3n inspirada en un club de los a\u00f1os 20<\/b><span style=\"font-weight: 400;\">, aunque el rinc\u00f3n m\u00e1s encantador es el <\/span><b>jard\u00edn de 250 m2<\/b><span style=\"font-weight: 400;\">.<\/span><\/p>\n<h2 style=\"text-align: justify;\">Mejores hoteles para comuni\u00f3n en Madrid<\/h2>\n<h3 style=\"text-align: justify;\"><a href=\"https:\/\/perfectvenue.es\/listings\/gran-melia-palacio-de-los-duques\/\">Gran Meli\u00e1 Palacio de los Duques<\/a><\/h3>\n<p><span class=\"alignnone\"><img loading=\"lazy\" decoding=\"async\" class=\"alignnone size-full wp-image-22792\" src=\"https:\/\/perfectvenue.es\/wp-content\/uploads\/2019\/07\/Palacio-de-los-Duques-15.jpg\" alt=\"Palacio de los Duques - Perfect Venue\" width=\"850\" height=\"580\" srcset=\"https:\/\/perfectvenue.es\/wp-content\/uploads\/2019\/07\/Palacio-de-los-Duques-15.jpg?v=1626106020 850w, https:\/\/perfectvenue.es\/wp-content\/uploads\/2019\/07\/Palacio-de-los-Duques-15-300x205.jpg?v=1626106020 300w, https:\/\/perfectvenue.es\/wp-content\/uploads\/2019\/07\/Palacio-de-los-Duques-15-768x524.jpg?v=1626106020 768w, https:\/\/perfectvenue.es\/wp-content\/uploads\/2019\/07\/Palacio-de-los-Duques-15-450x307.jpg?v=1626106020 450w, https:\/\/perfectvenue.es\/wp-content\/uploads\/2019\/07\/Palacio-de-los-Duques-15-600x409.jpg?v=1626106020 600w\" sizes=\"auto, (max-width: 850px) 100vw, 850px\" \/><\/span><\/p>\n<p style=\"text-align: justify;\"><span style=\"font-weight: 400;\">El Gran Meli\u00e1 Palacio Los Duques dispone de un <\/span><b>amplio jard\u00edn de 1000m<\/b><span style=\"font-weight: 400;\">\u00b2 para comuniones al aire libre, pero si sois m\u00e1s de interiores, el hotel dispone de un total de 11 espacios entre los que elegir libremente.<\/span><\/p>\n<p style=\"text-align: justify;\"><span style=\"font-weight: 400;\">El chef Miguel Mart\u00edn y su equipo de cocina ser\u00e1n los responsables de dise\u00f1ar una <\/span><b>propuesta culinaria que se adapte a todos los gustos<\/b><span style=\"font-weight: 400;\">. Pudiendo decantaros por una comida cl\u00e1sica, un elegante c\u00f3ctel o un show de comida<\/span> <span style=\"font-weight: 400;\">en directo.<\/span><\/p>\n<h3 style=\"text-align: justify;\"><a href=\"https:\/\/perfectvenue.es\/listings\/hotel-melia-princesa\/\">Hotel Meli\u00e1 Princesa<\/a><\/h3>\n<p><span class=\"alignnone\"><img loading=\"lazy\" decoding=\"async\" class=\"alignnone size-full wp-image-22468\" src=\"https:\/\/perfectvenue.es\/wp-content\/uploads\/2019\/01\/05-Melia-Princesa-wedding-hotel.jpg\" alt=\"Hotel Melia Princesa - Perfect Venue\" width=\"850\" height=\"407\" srcset=\"https:\/\/perfectvenue.es\/wp-content\/uploads\/2019\/01\/05-Melia-Princesa-wedding-hotel.jpg?v=1626106178 850w, https:\/\/perfectvenue.es\/wp-content\/uploads\/2019\/01\/05-Melia-Princesa-wedding-hotel-300x144.jpg?v=1626106178 300w, https:\/\/perfectvenue.es\/wp-content\/uploads\/2019\/01\/05-Melia-Princesa-wedding-hotel-768x368.jpg?v=1626106178 768w, https:\/\/perfectvenue.es\/wp-content\/uploads\/2019\/01\/05-Melia-Princesa-wedding-hotel-450x215.jpg?v=1626106178 450w, https:\/\/perfectvenue.es\/wp-content\/uploads\/2019\/01\/05-Melia-Princesa-wedding-hotel-600x287.jpg?v=1626106178 600w\" sizes=\"auto, (max-width: 850px) 100vw, 850px\" \/><\/span><\/p>\n<p style=\"text-align: justify;\"><span style=\"font-weight: 400;\">Situado en pleno centro de Madrid y con m\u00e1s de 50 a\u00f1os de historia, este <\/span><b>remodelado hotel cuenta con las \u00faltimas tendencias decorativas para una comuni\u00f3n encantadora<\/b><span style=\"font-weight: 400;\">.<\/span><\/p>\n<p style=\"text-align: justify;\"><span style=\"font-weight: 400;\">En cuanto a su amplia gama gastron\u00f3mica, disponen de una magn\u00edfica <\/span><b>cocina de autor<\/b><span style=\"font-weight: 400;\"> y una exquisita carta de vinos espa\u00f1oles con denominaci\u00f3n de origen.<\/span><\/p>\n<h2 style=\"text-align: justify;\">Mejores palacios para comuni\u00f3n en Madrid<\/h2>\n<h3 style=\"text-align: justify;\"><a href=\"https:\/\/perfectvenue.es\/listings\/palacio-de-cibeles\/\">Palacio de Cibeles<\/a><\/h3>\n<p><span class=\"alignnone\"><img loading=\"lazy\" decoding=\"async\" class=\"alignnone size-full wp-image-21412\" src=\"https:\/\/perfectvenue.es\/wp-content\/uploads\/2019\/04\/palacio-cibeles-1.jpg\" alt=\"Palacio Cibeles - Perfect Venue\" width=\"850\" height=\"418\" srcset=\"https:\/\/perfectvenue.es\/wp-content\/uploads\/2019\/04\/palacio-cibeles-1.jpg?v=1626106846 850w, https:\/\/perfectvenue.es\/wp-content\/uploads\/2019\/04\/palacio-cibeles-1-300x148.jpg?v=1626106846 300w, https:\/\/perfectvenue.es\/wp-content\/uploads\/2019\/04\/palacio-cibeles-1-768x378.jpg?v=1626106846 768w, https:\/\/perfectvenue.es\/wp-content\/uploads\/2019\/04\/palacio-cibeles-1-450x221.jpg?v=1626106846 450w, https:\/\/perfectvenue.es\/wp-content\/uploads\/2019\/04\/palacio-cibeles-1-600x295.jpg?v=1626106846 600w\" sizes=\"auto, (max-width: 850px) 100vw, 850px\" \/><\/span><\/p>\n<p style=\"text-align: justify;\"><span style=\"font-weight: 400;\">Construido en 1909, es uno de los edificios m\u00e1s emblem\u00e1ticos de Madrid que cuenta con un <\/span><b>dise\u00f1o vanguardista<\/b><span style=\"font-weight: 400;\">.<\/span><\/p>\n<p style=\"text-align: justify;\"><b>En su sexta planta se encuentra el restaurante principal<\/b><span style=\"font-weight: 400;\">, donde ofrecen una gran variedad gastron\u00f3mica gracias a Adolfo Mu\u00f1oz, prestigioso chef ganador del premio gastronom\u00eda espa\u00f1ola que tambi\u00e9n propone un fant\u00e1stico <\/span><b>men\u00fa infantil para los m\u00e1s peque\u00f1os de la comuni\u00f3n.<\/b><\/p>\n<h3 style=\"text-align: justify;\">\u00a0Palacio Al Oeste de Madrid<\/h3>\n<p><span class=\"alignnone\"><img loading=\"lazy\" decoding=\"async\" class=\"alignnone size-full wp-image-15183\" src=\"https:\/\/perfectvenue.es\/wp-content\/uploads\/2017\/12\/PV-Palacio-de-Aldovea-1.jpg\" alt=\"Palacio Aldovea\" width=\"800\" height=\"533\" srcset=\"https:\/\/perfectvenue.es\/wp-content\/uploads\/2017\/12\/PV-Palacio-de-Aldovea-1.jpg?v=1626110031 800w, https:\/\/perfectvenue.es\/wp-content\/uploads\/2017\/12\/PV-Palacio-de-Aldovea-1-600x400.jpg?v=1626110031 600w, https:\/\/perfectvenue.es\/wp-content\/uploads\/2017\/12\/PV-Palacio-de-Aldovea-1-300x200.jpg?v=1626110031 300w, https:\/\/perfectvenue.es\/wp-content\/uploads\/2017\/12\/PV-Palacio-de-Aldovea-1-768x512.jpg?v=1626110031 768w, https:\/\/perfectvenue.es\/wp-content\/uploads\/2017\/12\/PV-Palacio-de-Aldovea-1-450x300.jpg?v=1626110031 450w\" sizes=\"auto, (max-width: 800px) 100vw, 800px\" \/><\/span><\/p>\n<p style=\"text-align: justify;\"><span style=\"font-weight: 400;\">Situado entre Torrej\u00f3n de Ardoz y San Fernando de Henares y con 200 hect\u00e1reas, este palacio ha sabido mantener su estilo cl\u00e1sico, consiguiendo adem\u00e1s encontrarse dentro de la categor\u00eda de monumento por la <\/span><b>belleza de su fachada, sus jardines y de sus instalaciones.<\/b><\/p>\n<p style=\"text-align: justify;\"><span style=\"font-weight: 400;\">Cuenta con <\/span><b>m\u00e1s de 2.000 metros cuadrados<\/b><span style=\"font-weight: 400;\">, por lo que est\u00e1 habilitado para acoger hasta 550 invitados en su interior y hasta 1.000 personas en sus jardines.<\/span><\/p>\n<h2 style=\"text-align: justify;\">Mejores espacios singulares para comuni\u00f3n en Madrid<\/h2>\n<h3 style=\"text-align: justify;\"><a href=\"https:\/\/perfectvenue.es\/listings\/the-royal-tapestry-factory\/\">Real F\u00e1brica de Tapices<\/a><\/h3>\n<p><span class=\"alignnone\"><img loading=\"lazy\" decoding=\"async\" class=\"alignnone size-full wp-image-22880\" src=\"https:\/\/perfectvenue.es\/wp-content\/uploads\/2019\/07\/fabrica-de-tapices-perfect-venue-40.jpg\" alt=\"Royal Tapestry Factory - Perfect Venue\" width=\"850\" height=\"567\" srcset=\"https:\/\/perfectvenue.es\/wp-content\/uploads\/2019\/07\/fabrica-de-tapices-perfect-venue-40.jpg?v=1626105997 850w, https:\/\/perfectvenue.es\/wp-content\/uploads\/2019\/07\/fabrica-de-tapices-perfect-venue-40-300x200.jpg?v=1626105997 300w, https:\/\/perfectvenue.es\/wp-content\/uploads\/2019\/07\/fabrica-de-tapices-perfect-venue-40-768x512.jpg?v=1626105997 768w, https:\/\/perfectvenue.es\/wp-content\/uploads\/2019\/07\/fabrica-de-tapices-perfect-venue-40-450x300.jpg?v=1626105997 450w, https:\/\/perfectvenue.es\/wp-content\/uploads\/2019\/07\/fabrica-de-tapices-perfect-venue-40-600x400.jpg?v=1626105997 600w\" sizes=\"auto, (max-width: 850px) 100vw, 850px\" \/><\/span><\/p>\n<p style=\"text-align: justify;\"><span style=\"font-weight: 400;\">Este singular espacio, ubicado en el centro de Madrid, <\/span><b>mezcla<\/b> <b>tradici\u00f3n e historia con elegancia y sofisticaci\u00f3n.<\/b><\/p>\n<p style=\"text-align: justify;\"><span style=\"font-weight: 400;\">La Real F\u00e1brica de Tapices destaca por sus varias zonas y salas con grandes y preservados jardines adem\u00e1s de por su gran servicio de restauraci\u00f3n propia, donde degustar algunos de los <\/span><b>platos m\u00e1s prestigiosos y reconocidos del sector<\/b><span style=\"font-weight: 400;\">.<\/span><\/p>\n<h2 style=\"text-align: justify;\">\u00bfNecesitas ideas para una comuni\u00f3n original?<\/h2>\n<p style=\"text-align: justify;\"><span style=\"font-weight: 400;\">\u00a1Pues est\u00e1s de enhorabuena! Porque en Perfect Venue nos hemos vuelto locos con las comuniones y hemos elaborado un art\u00edculo con un mont\u00f3n de <\/span><a href=\"https:\/\/perfectvenue.es\/2020\/05\/16\/te-damos-unas-cuantas-ideas-una-comunion-lo-mas-original\/\"><b>ideas para que celebres una comuni\u00f3n de lo m\u00e1s original.<\/b><\/a><\/p>\n<p style=\"text-align: justify;\"><span style=\"font-weight: 400;\">As\u00ed que dale clic al enlace e insp\u00edrate, \u00a1en la primera comuni\u00f3n de tu peque\u00f1o no pueden faltar los juegos, los globos, las guirnaldas y hasta una minidisco!<\/span><\/p>\n<p style=\"text-align: justify;\"><span style=\"font-weight: 400;\">Adem\u00e1s, puedes<\/span><b> hacer part\u00edcipe al gran protagonista del d\u00eda de su comuni\u00f3n<\/b><span style=\"font-weight: 400;\">, preparando los d\u00edas previos un <\/span><b>photocall DIY<\/b><span style=\"font-weight: 400;\"> para la diversi\u00f3n de todos.<\/span><\/p>\n<p style=\"text-align: justify;\"><span style=\"font-weight: 400;\">As\u00ed que, si ya sabes qu\u00e9 <\/span><b>traje de comuni\u00f3n<\/b><span style=\"font-weight: 400;\"> o <\/span><b>vestido de comuni\u00f3n<\/b><span style=\"font-weight: 400;\"> elegir para tu hijo, \u00a1es momento de ponerse a repartir las <\/span><b>invitaciones caseras<\/b><span style=\"font-weight: 400;\">!<\/span><\/p>\n<p style=\"text-align: justify;\"><span style=\"font-weight: 400;\">Recuerda contactarnos en <\/span><a href=\"https:\/\/perfectvenue.es\/ask-a-venue\/\"><b>Perfect Venue<\/b><\/a><span style=\"font-weight: 400;\"> para ayudarte a organizar este d\u00eda tan especial para toda la familia, \u00a1prometemos no olvidarnos de ning\u00fan detalle!<\/span><\/p>\n<p style=\"text-align: justify;\"><span style=\"font-weight: 400;\">Elaboramos todo por ti, \u00a1hasta un <\/span><b>viaje para pasarlo en familia en Espa\u00f1a<\/b><span style=\"font-weight: 400;\"> para despu\u00e9s de la comuni\u00f3n!<\/span><\/p>\n<p><\/p>\n<span class=\"tags-links\"><a href=\"https:\/\/perfectvenue.es\/es\/tag\/comunion-madrid\/\" rel=\"tag\">comuni\u00f3n Madrid<\/a><a href=\"https:\/\/perfectvenue.es\/es\/tag\/espacios-comunion-madrid\/\" rel=\"tag\">espacios comuni\u00f3n Madrid<\/a><a href=\"https:\/\/perfectvenue.es\/es\/tag\/espacios-para-comunion\/\" rel=\"tag\">espacios para comuni\u00f3n<\/a><\/span>","protected":false},"excerpt":{"rendered":"<p>Los mejores espacios para comuni\u00f3n en Madrid est\u00e1n aqu\u00ed, y te garantizamos que en cualquiera de ellos conseguir\u00e1s una comuni\u00f3n como las que nunca se han visto.<\/p>\n","protected":false},"author":1,"featured_media":15185,"comment_status":"open","ping_status":"open","sticky":false,"template":"","format":"standard","meta":{"footnotes":""},"categories":[2064],"tags":[2172,2178,2177],"class_list":["post-27590","post","type-post","status-publish","format-standard","has-post-thumbnail","hentry","category-events","tag-comunion-madrid","tag-espacios-comunion-madrid","tag-espacios-para-comunion","post_region-comunidad-de-madrid"],"_links":{"self":[{"href":"https:\/\/perfectvenue.es\/es\/wp-json\/wp\/v2\/posts\/27590","targetHints":{"allow":["GET"]}}],"collection":[{"href":"https:\/\/perfectvenue.es\/es\/wp-json\/wp\/v2\/posts"}],"about":[{"href":"https:\/\/perfectvenue.es\/es\/wp-json\/wp\/v2\/types\/post"}],"author":[{"embeddable":true,"href":"https:\/\/perfectvenue.es\/es\/wp-json\/wp\/v2\/users\/1"}],"replies":[{"embeddable":true,"href":"https:\/\/perfectvenue.es\/es\/wp-json\/wp\/v2\/comments?post=27590"}],"version-history":[{"count":1,"href":"https:\/\/perfectvenue.es\/es\/wp-json\/wp\/v2\/posts\/27590\/revisions"}],"predecessor-version":[{"id":40249,"href":"https:\/\/perfectvenue.es\/es\/wp-json\/wp\/v2\/posts\/27590\/revisions\/40249"}],"wp:featuredmedia":[{"embeddable":true,"href":"https:\/\/perfectvenue.es\/es\/wp-json\/wp\/v2\/media\/15185"}],"wp:attachment":[{"href":"https:\/\/perfectvenue.es\/es\/wp-json\/wp\/v2\/media?parent=27590"}],"wp:term":[{"taxonomy":"category","embeddable":true,"href":"https:\/\/perfectvenue.es\/es\/wp-json\/wp\/v2\/categories?post=27590"},{"taxonomy":"post_tag","embeddable":true,"href":"https:\/\/perfectvenue.es\/es\/wp-json\/wp\/v2\/tags?post=27590"}],"curies":[{"name":"wp","href":"https:\/\/api.w.org\/{rel}","templated":true}]}}