{"id":27294,"date":"2021-01-04T14:40:28","date_gmt":"2021-01-04T11:40:28","guid":{"rendered":"https:\/\/perfectvenue.es\/?p=27294"},"modified":"2021-02-08T15:23:49","modified_gmt":"2021-02-08T12:23:49","slug":"hechizante-boda-de-invierno-entre-nieve-y-vaho-en-la-finca-aldeallana-segovia","status":"publish","type":"post","link":"https:\/\/perfectvenue.es\/es\/2021\/01\/04\/hechizante-boda-de-invierno-entre-nieve-y-vaho-en-la-finca-aldeallana-segovia\/","title":{"rendered":"Hechizante boda de invierno entre nieve y vaho en la Finca Aldeallana"},"content":{"rendered":"<p><\/p>\n<p style=\"text-align: justify;\"><span style=\"font-weight: 400;\">Tomen asiento y abran bien todos los sentidos, porque la <\/span><b>boda en la <a href=\"https:\/\/perfectvenue.es\/listings\/finca-aldeallana\/\">Finca Aldeallana<\/a><\/b><span style=\"font-weight: 400;\"> que os vamos a mostrar a continuaci\u00f3n lo quiere.<\/span><\/p>\n<p style=\"text-align: justify;\"><span style=\"font-weight: 400;\">Este d\u00eda repleto de amor entre Diana y Miguel comenz\u00f3 con la idea de <\/span><b>celebrar un <\/b><b><i>elopement<\/i><\/b><span style=\"font-weight: 400;\">, y as\u00ed lo hicieron, jurarse amor eterno sin las miradas de nadie m\u00e1s que las suyas en una <\/span><b>boda \u00edntima.<\/b><\/p>\n<p style=\"text-align: justify;\"><span style=\"font-weight: 400;\">Como amantes de las <\/span><a href=\"https:\/\/perfectvenue.es\/2020\/01\/24\/write-down-these-ideas-to-celebrate-your-wedding-in-winter\/\"><b>bodas de invierno<\/b><\/a><span style=\"font-weight: 400;\">, no pudieron elegir otra fecha mejor que la que llena todo de nieve, fr\u00edo y vaho para vestirse de novios y caminar hacia el altar.<\/span><\/p>\n<p style=\"text-align: justify;\"><span style=\"font-weight: 400;\">Y nosotros, <\/span><b>queremos contaros lo m\u00e1gico que fue este d\u00eda<\/b><span style=\"font-weight: 400;\"> al que no le falt\u00f3 ning\u00fan detalle, qu\u00e9 estilismos eligieron los novios para este gran d\u00eda invernal, cu\u00e1l fue la decoraci\u00f3n elegida para llenar los espacios de la <strong>Finca Aldeallana<\/strong> y qui\u00e9n fue la profesional que captur\u00f3 con su c\u00e1mara las mejores fotograf\u00edas.<\/span><\/p>\n<p style=\"text-align: justify;\"><span style=\"font-weight: 400;\">As\u00ed que, si como Diana y Miguel t\u00fa tambi\u00e9n est\u00e1s pensando en una boda de invierno, en casarte en una finca, o en celebrar un <\/span><i><span style=\"font-weight: 400;\">elopement<\/span><\/i><span style=\"font-weight: 400;\"> o boda \u00edntima\u2026 \u00a1no puedes dejar de leer este art\u00edculo!<\/span><\/p>\n<p style=\"text-align: justify;\"><span style=\"font-weight: 400;\">A continuaci\u00f3n, <\/span><b>toda la inspiraci\u00f3n que necesitas<\/b><span style=\"font-weight: 400;\">.<\/span><\/p>\n<p><span class=\"alignnone\"><img loading=\"lazy\" decoding=\"async\" class=\"alignnone size-full wp-image-27295\" src=\"https:\/\/perfectvenue.es\/wp-content\/uploads\/2020\/07\/elopement-finca-aldeallana-rosa-garrido-2.jpg\" alt=\"\" width=\"850\" height=\"567\" srcset=\"https:\/\/perfectvenue.es\/wp-content\/uploads\/2020\/07\/elopement-finca-aldeallana-rosa-garrido-2.jpg?v=1626104025 850w, https:\/\/perfectvenue.es\/wp-content\/uploads\/2020\/07\/elopement-finca-aldeallana-rosa-garrido-2-300x200.jpg?v=1626104025 300w, https:\/\/perfectvenue.es\/wp-content\/uploads\/2020\/07\/elopement-finca-aldeallana-rosa-garrido-2-768x512.jpg?v=1626104025 768w, https:\/\/perfectvenue.es\/wp-content\/uploads\/2020\/07\/elopement-finca-aldeallana-rosa-garrido-2-450x300.jpg?v=1626104025 450w, https:\/\/perfectvenue.es\/wp-content\/uploads\/2020\/07\/elopement-finca-aldeallana-rosa-garrido-2-600x400.jpg?v=1626104025 600w\" sizes=\"auto, (max-width: 850px) 100vw, 850px\" \/> <img loading=\"lazy\" decoding=\"async\" class=\"alignnone size-full wp-image-27296\" src=\"https:\/\/perfectvenue.es\/wp-content\/uploads\/2020\/07\/elopement-finca-aldeallana-rosa-garrido-3.jpg\" alt=\"\" width=\"850\" height=\"283\" srcset=\"https:\/\/perfectvenue.es\/wp-content\/uploads\/2020\/07\/elopement-finca-aldeallana-rosa-garrido-3.jpg?v=1626104024 850w, https:\/\/perfectvenue.es\/wp-content\/uploads\/2020\/07\/elopement-finca-aldeallana-rosa-garrido-3-300x100.jpg?v=1626104024 300w, https:\/\/perfectvenue.es\/wp-content\/uploads\/2020\/07\/elopement-finca-aldeallana-rosa-garrido-3-768x256.jpg?v=1626104024 768w, https:\/\/perfectvenue.es\/wp-content\/uploads\/2020\/07\/elopement-finca-aldeallana-rosa-garrido-3-450x150.jpg?v=1626104024 450w, https:\/\/perfectvenue.es\/wp-content\/uploads\/2020\/07\/elopement-finca-aldeallana-rosa-garrido-3-600x200.jpg?v=1626104024 600w\" sizes=\"auto, (max-width: 850px) 100vw, 850px\" \/> <img loading=\"lazy\" decoding=\"async\" class=\"alignnone size-full wp-image-27297\" src=\"https:\/\/perfectvenue.es\/wp-content\/uploads\/2020\/07\/elopement-finca-aldeallana-rosa-garrido-4.jpg\" alt=\"\" width=\"850\" height=\"567\" srcset=\"https:\/\/perfectvenue.es\/wp-content\/uploads\/2020\/07\/elopement-finca-aldeallana-rosa-garrido-4.jpg?v=1626104023 850w, https:\/\/perfectvenue.es\/wp-content\/uploads\/2020\/07\/elopement-finca-aldeallana-rosa-garrido-4-300x200.jpg?v=1626104023 300w, https:\/\/perfectvenue.es\/wp-content\/uploads\/2020\/07\/elopement-finca-aldeallana-rosa-garrido-4-768x512.jpg?v=1626104023 768w, https:\/\/perfectvenue.es\/wp-content\/uploads\/2020\/07\/elopement-finca-aldeallana-rosa-garrido-4-450x300.jpg?v=1626104023 450w, https:\/\/perfectvenue.es\/wp-content\/uploads\/2020\/07\/elopement-finca-aldeallana-rosa-garrido-4-600x400.jpg?v=1626104023 600w\" sizes=\"auto, (max-width: 850px) 100vw, 850px\" \/> <img loading=\"lazy\" decoding=\"async\" class=\"alignnone size-full wp-image-27298\" src=\"https:\/\/perfectvenue.es\/wp-content\/uploads\/2020\/07\/elopement-finca-aldeallana-rosa-garrido-5.jpg\" alt=\"\" width=\"850\" height=\"567\" srcset=\"https:\/\/perfectvenue.es\/wp-content\/uploads\/2020\/07\/elopement-finca-aldeallana-rosa-garrido-5.jpg?v=1626104022 850w, https:\/\/perfectvenue.es\/wp-content\/uploads\/2020\/07\/elopement-finca-aldeallana-rosa-garrido-5-300x200.jpg?v=1626104022 300w, https:\/\/perfectvenue.es\/wp-content\/uploads\/2020\/07\/elopement-finca-aldeallana-rosa-garrido-5-768x512.jpg?v=1626104022 768w, https:\/\/perfectvenue.es\/wp-content\/uploads\/2020\/07\/elopement-finca-aldeallana-rosa-garrido-5-450x300.jpg?v=1626104022 450w, https:\/\/perfectvenue.es\/wp-content\/uploads\/2020\/07\/elopement-finca-aldeallana-rosa-garrido-5-600x400.jpg?v=1626104022 600w\" sizes=\"auto, (max-width: 850px) 100vw, 850px\" \/> <img loading=\"lazy\" decoding=\"async\" class=\"alignnone size-full wp-image-27299\" src=\"https:\/\/perfectvenue.es\/wp-content\/uploads\/2020\/07\/elopement-finca-aldeallana-rosa-garrido-6.jpg\" alt=\"\" width=\"850\" height=\"283\" srcset=\"https:\/\/perfectvenue.es\/wp-content\/uploads\/2020\/07\/elopement-finca-aldeallana-rosa-garrido-6.jpg?v=1626104022 850w, https:\/\/perfectvenue.es\/wp-content\/uploads\/2020\/07\/elopement-finca-aldeallana-rosa-garrido-6-300x100.jpg?v=1626104022 300w, https:\/\/perfectvenue.es\/wp-content\/uploads\/2020\/07\/elopement-finca-aldeallana-rosa-garrido-6-768x256.jpg?v=1626104022 768w, https:\/\/perfectvenue.es\/wp-content\/uploads\/2020\/07\/elopement-finca-aldeallana-rosa-garrido-6-450x150.jpg?v=1626104022 450w, https:\/\/perfectvenue.es\/wp-content\/uploads\/2020\/07\/elopement-finca-aldeallana-rosa-garrido-6-600x200.jpg?v=1626104022 600w\" sizes=\"auto, (max-width: 850px) 100vw, 850px\" \/> <img loading=\"lazy\" decoding=\"async\" class=\"alignnone size-full wp-image-27300\" src=\"https:\/\/perfectvenue.es\/wp-content\/uploads\/2020\/07\/elopement-finca-aldeallana-rosa-garrido-7.jpg\" alt=\"\" width=\"850\" height=\"567\" srcset=\"https:\/\/perfectvenue.es\/wp-content\/uploads\/2020\/07\/elopement-finca-aldeallana-rosa-garrido-7.jpg?v=1626104021 850w, https:\/\/perfectvenue.es\/wp-content\/uploads\/2020\/07\/elopement-finca-aldeallana-rosa-garrido-7-300x200.jpg?v=1626104021 300w, https:\/\/perfectvenue.es\/wp-content\/uploads\/2020\/07\/elopement-finca-aldeallana-rosa-garrido-7-768x512.jpg?v=1626104021 768w, https:\/\/perfectvenue.es\/wp-content\/uploads\/2020\/07\/elopement-finca-aldeallana-rosa-garrido-7-450x300.jpg?v=1626104021 450w, https:\/\/perfectvenue.es\/wp-content\/uploads\/2020\/07\/elopement-finca-aldeallana-rosa-garrido-7-600x400.jpg?v=1626104021 600w\" sizes=\"auto, (max-width: 850px) 100vw, 850px\" \/> <img loading=\"lazy\" decoding=\"async\" class=\"alignnone size-full wp-image-27301\" src=\"https:\/\/perfectvenue.es\/wp-content\/uploads\/2020\/07\/elopement-finca-aldeallana-rosa-garrido-8.jpg\" alt=\"\" width=\"850\" height=\"567\" srcset=\"https:\/\/perfectvenue.es\/wp-content\/uploads\/2020\/07\/elopement-finca-aldeallana-rosa-garrido-8.jpg?v=1626104019 850w, https:\/\/perfectvenue.es\/wp-content\/uploads\/2020\/07\/elopement-finca-aldeallana-rosa-garrido-8-300x200.jpg?v=1626104019 300w, https:\/\/perfectvenue.es\/wp-content\/uploads\/2020\/07\/elopement-finca-aldeallana-rosa-garrido-8-768x512.jpg?v=1626104019 768w, https:\/\/perfectvenue.es\/wp-content\/uploads\/2020\/07\/elopement-finca-aldeallana-rosa-garrido-8-450x300.jpg?v=1626104019 450w, https:\/\/perfectvenue.es\/wp-content\/uploads\/2020\/07\/elopement-finca-aldeallana-rosa-garrido-8-600x400.jpg?v=1626104019 600w\" sizes=\"auto, (max-width: 850px) 100vw, 850px\" \/> <img loading=\"lazy\" decoding=\"async\" class=\"alignnone size-full wp-image-27302\" src=\"https:\/\/perfectvenue.es\/wp-content\/uploads\/2020\/07\/elopement-finca-aldeallana-rosa-garrido-9.jpg\" alt=\"\" width=\"850\" height=\"283\" srcset=\"https:\/\/perfectvenue.es\/wp-content\/uploads\/2020\/07\/elopement-finca-aldeallana-rosa-garrido-9.jpg?v=1626104018 850w, https:\/\/perfectvenue.es\/wp-content\/uploads\/2020\/07\/elopement-finca-aldeallana-rosa-garrido-9-300x100.jpg?v=1626104018 300w, https:\/\/perfectvenue.es\/wp-content\/uploads\/2020\/07\/elopement-finca-aldeallana-rosa-garrido-9-768x256.jpg?v=1626104018 768w, https:\/\/perfectvenue.es\/wp-content\/uploads\/2020\/07\/elopement-finca-aldeallana-rosa-garrido-9-450x150.jpg?v=1626104018 450w, https:\/\/perfectvenue.es\/wp-content\/uploads\/2020\/07\/elopement-finca-aldeallana-rosa-garrido-9-600x200.jpg?v=1626104018 600w\" sizes=\"auto, (max-width: 850px) 100vw, 850px\" \/> <img loading=\"lazy\" decoding=\"async\" class=\"alignnone size-full wp-image-27303\" src=\"https:\/\/perfectvenue.es\/wp-content\/uploads\/2020\/07\/elopement-finca-aldeallana-rosa-garrido-10.jpg\" alt=\"\" width=\"850\" height=\"567\" srcset=\"https:\/\/perfectvenue.es\/wp-content\/uploads\/2020\/07\/elopement-finca-aldeallana-rosa-garrido-10.jpg?v=1626104017 850w, https:\/\/perfectvenue.es\/wp-content\/uploads\/2020\/07\/elopement-finca-aldeallana-rosa-garrido-10-300x200.jpg?v=1626104017 300w, https:\/\/perfectvenue.es\/wp-content\/uploads\/2020\/07\/elopement-finca-aldeallana-rosa-garrido-10-768x512.jpg?v=1626104017 768w, https:\/\/perfectvenue.es\/wp-content\/uploads\/2020\/07\/elopement-finca-aldeallana-rosa-garrido-10-450x300.jpg?v=1626104017 450w, https:\/\/perfectvenue.es\/wp-content\/uploads\/2020\/07\/elopement-finca-aldeallana-rosa-garrido-10-600x400.jpg?v=1626104017 600w\" sizes=\"auto, (max-width: 850px) 100vw, 850px\" \/> <img loading=\"lazy\" decoding=\"async\" class=\"alignnone size-full wp-image-27304\" src=\"https:\/\/perfectvenue.es\/wp-content\/uploads\/2020\/07\/elopement-finca-aldeallana-rosa-garrido-11.jpg\" alt=\"\" width=\"850\" height=\"567\" srcset=\"https:\/\/perfectvenue.es\/wp-content\/uploads\/2020\/07\/elopement-finca-aldeallana-rosa-garrido-11.jpg?v=1626104017 850w, https:\/\/perfectvenue.es\/wp-content\/uploads\/2020\/07\/elopement-finca-aldeallana-rosa-garrido-11-300x200.jpg?v=1626104017 300w, https:\/\/perfectvenue.es\/wp-content\/uploads\/2020\/07\/elopement-finca-aldeallana-rosa-garrido-11-768x512.jpg?v=1626104017 768w, https:\/\/perfectvenue.es\/wp-content\/uploads\/2020\/07\/elopement-finca-aldeallana-rosa-garrido-11-450x300.jpg?v=1626104017 450w, https:\/\/perfectvenue.es\/wp-content\/uploads\/2020\/07\/elopement-finca-aldeallana-rosa-garrido-11-600x400.jpg?v=1626104017 600w\" sizes=\"auto, (max-width: 850px) 100vw, 850px\" \/> <img loading=\"lazy\" decoding=\"async\" class=\"alignnone size-full wp-image-27305\" src=\"https:\/\/perfectvenue.es\/wp-content\/uploads\/2020\/07\/elopement-finca-aldeallana-rosa-garrido-12.jpg\" alt=\"\" width=\"850\" height=\"283\" srcset=\"https:\/\/perfectvenue.es\/wp-content\/uploads\/2020\/07\/elopement-finca-aldeallana-rosa-garrido-12.jpg?v=1626104016 850w, https:\/\/perfectvenue.es\/wp-content\/uploads\/2020\/07\/elopement-finca-aldeallana-rosa-garrido-12-300x100.jpg?v=1626104016 300w, https:\/\/perfectvenue.es\/wp-content\/uploads\/2020\/07\/elopement-finca-aldeallana-rosa-garrido-12-768x256.jpg?v=1626104016 768w, https:\/\/perfectvenue.es\/wp-content\/uploads\/2020\/07\/elopement-finca-aldeallana-rosa-garrido-12-450x150.jpg?v=1626104016 450w, https:\/\/perfectvenue.es\/wp-content\/uploads\/2020\/07\/elopement-finca-aldeallana-rosa-garrido-12-600x200.jpg?v=1626104016 600w\" sizes=\"auto, (max-width: 850px) 100vw, 850px\" \/> <img loading=\"lazy\" decoding=\"async\" class=\"alignnone size-full wp-image-27306\" src=\"https:\/\/perfectvenue.es\/wp-content\/uploads\/2020\/07\/elopement-finca-aldeallana-rosa-garrido-13.jpg\" alt=\"\" width=\"850\" height=\"567\" srcset=\"https:\/\/perfectvenue.es\/wp-content\/uploads\/2020\/07\/elopement-finca-aldeallana-rosa-garrido-13.jpg?v=1626104015 850w, https:\/\/perfectvenue.es\/wp-content\/uploads\/2020\/07\/elopement-finca-aldeallana-rosa-garrido-13-300x200.jpg?v=1626104015 300w, https:\/\/perfectvenue.es\/wp-content\/uploads\/2020\/07\/elopement-finca-aldeallana-rosa-garrido-13-768x512.jpg?v=1626104015 768w, https:\/\/perfectvenue.es\/wp-content\/uploads\/2020\/07\/elopement-finca-aldeallana-rosa-garrido-13-450x300.jpg?v=1626104015 450w, https:\/\/perfectvenue.es\/wp-content\/uploads\/2020\/07\/elopement-finca-aldeallana-rosa-garrido-13-600x400.jpg?v=1626104015 600w\" sizes=\"auto, (max-width: 850px) 100vw, 850px\" \/> <img loading=\"lazy\" decoding=\"async\" class=\"alignnone size-full wp-image-27307\" src=\"https:\/\/perfectvenue.es\/wp-content\/uploads\/2020\/07\/elopement-finca-aldeallana-rosa-garrido-14.jpg\" alt=\"\" width=\"850\" height=\"567\" srcset=\"https:\/\/perfectvenue.es\/wp-content\/uploads\/2020\/07\/elopement-finca-aldeallana-rosa-garrido-14.jpg?v=1626104014 850w, https:\/\/perfectvenue.es\/wp-content\/uploads\/2020\/07\/elopement-finca-aldeallana-rosa-garrido-14-300x200.jpg?v=1626104014 300w, https:\/\/perfectvenue.es\/wp-content\/uploads\/2020\/07\/elopement-finca-aldeallana-rosa-garrido-14-768x512.jpg?v=1626104014 768w, https:\/\/perfectvenue.es\/wp-content\/uploads\/2020\/07\/elopement-finca-aldeallana-rosa-garrido-14-450x300.jpg?v=1626104014 450w, https:\/\/perfectvenue.es\/wp-content\/uploads\/2020\/07\/elopement-finca-aldeallana-rosa-garrido-14-600x400.jpg?v=1626104014 600w\" sizes=\"auto, (max-width: 850px) 100vw, 850px\" \/> <img loading=\"lazy\" decoding=\"async\" class=\"alignnone size-full wp-image-27308\" src=\"https:\/\/perfectvenue.es\/wp-content\/uploads\/2020\/07\/elopement-finca-aldeallana-rosa-garrido-15.jpg\" alt=\"\" width=\"850\" height=\"567\" srcset=\"https:\/\/perfectvenue.es\/wp-content\/uploads\/2020\/07\/elopement-finca-aldeallana-rosa-garrido-15.jpg?v=1626104013 850w, https:\/\/perfectvenue.es\/wp-content\/uploads\/2020\/07\/elopement-finca-aldeallana-rosa-garrido-15-300x200.jpg?v=1626104013 300w, https:\/\/perfectvenue.es\/wp-content\/uploads\/2020\/07\/elopement-finca-aldeallana-rosa-garrido-15-768x512.jpg?v=1626104013 768w, https:\/\/perfectvenue.es\/wp-content\/uploads\/2020\/07\/elopement-finca-aldeallana-rosa-garrido-15-450x300.jpg?v=1626104013 450w, https:\/\/perfectvenue.es\/wp-content\/uploads\/2020\/07\/elopement-finca-aldeallana-rosa-garrido-15-600x400.jpg?v=1626104013 600w\" sizes=\"auto, (max-width: 850px) 100vw, 850px\" \/> <img loading=\"lazy\" decoding=\"async\" class=\"alignnone size-full wp-image-27309\" src=\"https:\/\/perfectvenue.es\/wp-content\/uploads\/2020\/07\/elopement-finca-aldeallana-rosa-garrido-16.jpg\" alt=\"\" width=\"850\" height=\"567\" srcset=\"https:\/\/perfectvenue.es\/wp-content\/uploads\/2020\/07\/elopement-finca-aldeallana-rosa-garrido-16.jpg?v=1626104013 850w, https:\/\/perfectvenue.es\/wp-content\/uploads\/2020\/07\/elopement-finca-aldeallana-rosa-garrido-16-300x200.jpg?v=1626104013 300w, https:\/\/perfectvenue.es\/wp-content\/uploads\/2020\/07\/elopement-finca-aldeallana-rosa-garrido-16-768x512.jpg?v=1626104013 768w, https:\/\/perfectvenue.es\/wp-content\/uploads\/2020\/07\/elopement-finca-aldeallana-rosa-garrido-16-450x300.jpg?v=1626104013 450w, https:\/\/perfectvenue.es\/wp-content\/uploads\/2020\/07\/elopement-finca-aldeallana-rosa-garrido-16-600x400.jpg?v=1626104013 600w\" sizes=\"auto, (max-width: 850px) 100vw, 850px\" \/> <img loading=\"lazy\" decoding=\"async\" class=\"alignnone size-full wp-image-27310\" src=\"https:\/\/perfectvenue.es\/wp-content\/uploads\/2020\/07\/elopement-finca-aldeallana-rosa-garrido-21.jpg\" alt=\"\" width=\"850\" height=\"567\" srcset=\"https:\/\/perfectvenue.es\/wp-content\/uploads\/2020\/07\/elopement-finca-aldeallana-rosa-garrido-21.jpg?v=1626104012 850w, https:\/\/perfectvenue.es\/wp-content\/uploads\/2020\/07\/elopement-finca-aldeallana-rosa-garrido-21-300x200.jpg?v=1626104012 300w, https:\/\/perfectvenue.es\/wp-content\/uploads\/2020\/07\/elopement-finca-aldeallana-rosa-garrido-21-768x512.jpg?v=1626104012 768w, https:\/\/perfectvenue.es\/wp-content\/uploads\/2020\/07\/elopement-finca-aldeallana-rosa-garrido-21-450x300.jpg?v=1626104012 450w, https:\/\/perfectvenue.es\/wp-content\/uploads\/2020\/07\/elopement-finca-aldeallana-rosa-garrido-21-600x400.jpg?v=1626104012 600w\" sizes=\"auto, (max-width: 850px) 100vw, 850px\" \/> <img loading=\"lazy\" decoding=\"async\" class=\"alignnone size-full wp-image-27311\" src=\"https:\/\/perfectvenue.es\/wp-content\/uploads\/2020\/07\/elopement-finca-aldeallana-rosa-garrido-22.jpg\" alt=\"\" width=\"850\" height=\"567\" srcset=\"https:\/\/perfectvenue.es\/wp-content\/uploads\/2020\/07\/elopement-finca-aldeallana-rosa-garrido-22.jpg?v=1626104011 850w, https:\/\/perfectvenue.es\/wp-content\/uploads\/2020\/07\/elopement-finca-aldeallana-rosa-garrido-22-300x200.jpg?v=1626104011 300w, https:\/\/perfectvenue.es\/wp-content\/uploads\/2020\/07\/elopement-finca-aldeallana-rosa-garrido-22-768x512.jpg?v=1626104011 768w, https:\/\/perfectvenue.es\/wp-content\/uploads\/2020\/07\/elopement-finca-aldeallana-rosa-garrido-22-450x300.jpg?v=1626104011 450w, https:\/\/perfectvenue.es\/wp-content\/uploads\/2020\/07\/elopement-finca-aldeallana-rosa-garrido-22-600x400.jpg?v=1626104011 600w\" sizes=\"auto, (max-width: 850px) 100vw, 850px\" \/> <img loading=\"lazy\" decoding=\"async\" class=\"alignnone size-full wp-image-27312\" src=\"https:\/\/perfectvenue.es\/wp-content\/uploads\/2020\/07\/elopement-finca-aldeallana-rosa-garrido-23.jpg\" alt=\"\" width=\"850\" height=\"567\" srcset=\"https:\/\/perfectvenue.es\/wp-content\/uploads\/2020\/07\/elopement-finca-aldeallana-rosa-garrido-23.jpg?v=1626104010 850w, https:\/\/perfectvenue.es\/wp-content\/uploads\/2020\/07\/elopement-finca-aldeallana-rosa-garrido-23-300x200.jpg?v=1626104010 300w, https:\/\/perfectvenue.es\/wp-content\/uploads\/2020\/07\/elopement-finca-aldeallana-rosa-garrido-23-768x512.jpg?v=1626104010 768w, https:\/\/perfectvenue.es\/wp-content\/uploads\/2020\/07\/elopement-finca-aldeallana-rosa-garrido-23-450x300.jpg?v=1626104010 450w, https:\/\/perfectvenue.es\/wp-content\/uploads\/2020\/07\/elopement-finca-aldeallana-rosa-garrido-23-600x400.jpg?v=1626104010 600w\" sizes=\"auto, (max-width: 850px) 100vw, 850px\" \/> <img loading=\"lazy\" decoding=\"async\" class=\"alignnone size-full wp-image-27313\" src=\"https:\/\/perfectvenue.es\/wp-content\/uploads\/2020\/07\/elopement-finca-aldeallana-rosa-garrido-24.jpg\" alt=\"\" width=\"850\" height=\"567\" srcset=\"https:\/\/perfectvenue.es\/wp-content\/uploads\/2020\/07\/elopement-finca-aldeallana-rosa-garrido-24.jpg?v=1626104009 850w, https:\/\/perfectvenue.es\/wp-content\/uploads\/2020\/07\/elopement-finca-aldeallana-rosa-garrido-24-300x200.jpg?v=1626104009 300w, https:\/\/perfectvenue.es\/wp-content\/uploads\/2020\/07\/elopement-finca-aldeallana-rosa-garrido-24-768x512.jpg?v=1626104009 768w, https:\/\/perfectvenue.es\/wp-content\/uploads\/2020\/07\/elopement-finca-aldeallana-rosa-garrido-24-450x300.jpg?v=1626104009 450w, https:\/\/perfectvenue.es\/wp-content\/uploads\/2020\/07\/elopement-finca-aldeallana-rosa-garrido-24-600x400.jpg?v=1626104009 600w\" sizes=\"auto, (max-width: 850px) 100vw, 850px\" \/> <img loading=\"lazy\" decoding=\"async\" class=\"alignnone size-full wp-image-27314\" src=\"https:\/\/perfectvenue.es\/wp-content\/uploads\/2020\/07\/elopement-finca-aldeallana-rosa-garrido-25.jpg\" alt=\"\" width=\"850\" height=\"567\" srcset=\"https:\/\/perfectvenue.es\/wp-content\/uploads\/2020\/07\/elopement-finca-aldeallana-rosa-garrido-25.jpg?v=1626104009 850w, https:\/\/perfectvenue.es\/wp-content\/uploads\/2020\/07\/elopement-finca-aldeallana-rosa-garrido-25-300x200.jpg?v=1626104009 300w, https:\/\/perfectvenue.es\/wp-content\/uploads\/2020\/07\/elopement-finca-aldeallana-rosa-garrido-25-768x512.jpg?v=1626104009 768w, https:\/\/perfectvenue.es\/wp-content\/uploads\/2020\/07\/elopement-finca-aldeallana-rosa-garrido-25-450x300.jpg?v=1626104009 450w, https:\/\/perfectvenue.es\/wp-content\/uploads\/2020\/07\/elopement-finca-aldeallana-rosa-garrido-25-600x400.jpg?v=1626104009 600w\" sizes=\"auto, (max-width: 850px) 100vw, 850px\" \/> <img loading=\"lazy\" decoding=\"async\" class=\"alignnone size-full wp-image-27315\" src=\"https:\/\/perfectvenue.es\/wp-content\/uploads\/2020\/07\/elopement-finca-aldeallana-rosa-garrido-26.jpg\" alt=\"\" width=\"850\" height=\"567\" srcset=\"https:\/\/perfectvenue.es\/wp-content\/uploads\/2020\/07\/elopement-finca-aldeallana-rosa-garrido-26.jpg?v=1626104008 850w, https:\/\/perfectvenue.es\/wp-content\/uploads\/2020\/07\/elopement-finca-aldeallana-rosa-garrido-26-300x200.jpg?v=1626104008 300w, https:\/\/perfectvenue.es\/wp-content\/uploads\/2020\/07\/elopement-finca-aldeallana-rosa-garrido-26-768x512.jpg?v=1626104008 768w, https:\/\/perfectvenue.es\/wp-content\/uploads\/2020\/07\/elopement-finca-aldeallana-rosa-garrido-26-450x300.jpg?v=1626104008 450w, https:\/\/perfectvenue.es\/wp-content\/uploads\/2020\/07\/elopement-finca-aldeallana-rosa-garrido-26-600x400.jpg?v=1626104008 600w\" sizes=\"auto, (max-width: 850px) 100vw, 850px\" \/><\/span><\/p>\n<h2 style=\"text-align: justify;\">La Finca Aldeallana, testigo del \u201cs\u00ed quiero\u201d<\/h2>\n<p style=\"text-align: justify;\"><span style=\"font-weight: 400;\">Miguel y Diana se movieron entre <\/span><b>300 hect\u00e1reas de campo castellano repleto de encinas centenarias, tomillos, lavandas y ciervos<\/b><span style=\"font-weight: 400;\">, situadas muy cerca de la ciudad de Segovia.<\/span><\/p>\n<p style=\"text-align: justify;\"><span style=\"font-weight: 400;\">Los novios pudieron disfrutar de la casa, decorada por la misma propietaria con un <\/span><b>estilo rustic chic<\/b><span style=\"font-weight: 400;\">, y de todos sus acogedores <\/span><b>salones con chimeneas y suelos de pizarra<\/b><span style=\"font-weight: 400;\">, \u00a1perfectos para una boda durante los meses m\u00e1s fr\u00edos!<\/span><\/p>\n<p style=\"text-align: justify;\"><span style=\"font-weight: 400;\">Pero el exterior tambi\u00e9n es otra opci\u00f3n, la elegida por estos novios, los cuales se dieron el \u201cs\u00ed quiero\u201d en los <\/span><b>jardines que rodean la Finca Aldeallana con unas maravillosas vistas<\/b><span style=\"font-weight: 400;\">. Mismo lugar en el que disfrutaron del convite.<\/span><\/p>\n<p style=\"text-align: justify;\"><span style=\"font-weight: 400;\">En este espacio en plena naturaleza tambi\u00e9n es posible realizar una boda religiosa, una opci\u00f3n que Diana y Miguel tuvieron en mente ya que <\/span><b>la iglesia Santa Eulalia de M\u00e9rida est\u00e1 unida a la finca por un precioso camino rural.<\/b><\/p>\n<p style=\"text-align: justify;\"><span style=\"font-weight: 400;\">Un rinc\u00f3n de lo m\u00e1s acogedor en la finca es la <\/span><b>carpa<\/b><span style=\"font-weight: 400;\">, la cual permite acoger a muchos invitados y que se encuentra acristalada para poder disfrutar del entorno en todo momento junto a tus invitados, adem\u00e1s tambi\u00e9n hay una <\/span><b>casita en la que poder alojar<\/b><span style=\"font-weight: 400;\"> a algunos de estos.<\/span><\/p>\n<p style=\"text-align: justify;\"><span style=\"font-weight: 400;\">Sin embargo, esta pareja opt\u00f3 por celebrar su <\/span><b>boda de campo<\/b><span style=\"font-weight: 400;\"> de la manera m\u00e1s \u00edntima posible, disfrutando solamente el uno del otro y del estilo tan elegante que se respira en Aldeallana.<\/span><\/p>\n<p><span class=\"alignnone\"><img loading=\"lazy\" decoding=\"async\" class=\"alignnone size-full wp-image-27316\" src=\"https:\/\/perfectvenue.es\/wp-content\/uploads\/2020\/07\/elopement-finca-aldeallana-rosa-garrido-33.jpg\" alt=\"\" width=\"850\" height=\"567\" srcset=\"https:\/\/perfectvenue.es\/wp-content\/uploads\/2020\/07\/elopement-finca-aldeallana-rosa-garrido-33.jpg?v=1626104007 850w, https:\/\/perfectvenue.es\/wp-content\/uploads\/2020\/07\/elopement-finca-aldeallana-rosa-garrido-33-300x200.jpg?v=1626104007 300w, https:\/\/perfectvenue.es\/wp-content\/uploads\/2020\/07\/elopement-finca-aldeallana-rosa-garrido-33-768x512.jpg?v=1626104007 768w, https:\/\/perfectvenue.es\/wp-content\/uploads\/2020\/07\/elopement-finca-aldeallana-rosa-garrido-33-450x300.jpg?v=1626104007 450w, https:\/\/perfectvenue.es\/wp-content\/uploads\/2020\/07\/elopement-finca-aldeallana-rosa-garrido-33-600x400.jpg?v=1626104007 600w\" sizes=\"auto, (max-width: 850px) 100vw, 850px\" \/> <img loading=\"lazy\" decoding=\"async\" class=\"alignnone size-full wp-image-27317\" src=\"https:\/\/perfectvenue.es\/wp-content\/uploads\/2020\/07\/elopement-finca-aldeallana-rosa-garrido-34.jpg\" alt=\"\" width=\"850\" height=\"567\" srcset=\"https:\/\/perfectvenue.es\/wp-content\/uploads\/2020\/07\/elopement-finca-aldeallana-rosa-garrido-34.jpg?v=1626104006 850w, https:\/\/perfectvenue.es\/wp-content\/uploads\/2020\/07\/elopement-finca-aldeallana-rosa-garrido-34-300x200.jpg?v=1626104006 300w, https:\/\/perfectvenue.es\/wp-content\/uploads\/2020\/07\/elopement-finca-aldeallana-rosa-garrido-34-768x512.jpg?v=1626104006 768w, https:\/\/perfectvenue.es\/wp-content\/uploads\/2020\/07\/elopement-finca-aldeallana-rosa-garrido-34-450x300.jpg?v=1626104006 450w, https:\/\/perfectvenue.es\/wp-content\/uploads\/2020\/07\/elopement-finca-aldeallana-rosa-garrido-34-600x400.jpg?v=1626104006 600w\" sizes=\"auto, (max-width: 850px) 100vw, 850px\" \/> <img loading=\"lazy\" decoding=\"async\" class=\"alignnone size-full wp-image-27318\" src=\"https:\/\/perfectvenue.es\/wp-content\/uploads\/2020\/07\/elopement-finca-aldeallana-rosa-garrido-35.jpg\" alt=\"\" width=\"850\" height=\"567\" srcset=\"https:\/\/perfectvenue.es\/wp-content\/uploads\/2020\/07\/elopement-finca-aldeallana-rosa-garrido-35.jpg?v=1626104005 850w, https:\/\/perfectvenue.es\/wp-content\/uploads\/2020\/07\/elopement-finca-aldeallana-rosa-garrido-35-300x200.jpg?v=1626104005 300w, https:\/\/perfectvenue.es\/wp-content\/uploads\/2020\/07\/elopement-finca-aldeallana-rosa-garrido-35-768x512.jpg?v=1626104005 768w, https:\/\/perfectvenue.es\/wp-content\/uploads\/2020\/07\/elopement-finca-aldeallana-rosa-garrido-35-450x300.jpg?v=1626104005 450w, https:\/\/perfectvenue.es\/wp-content\/uploads\/2020\/07\/elopement-finca-aldeallana-rosa-garrido-35-600x400.jpg?v=1626104005 600w\" sizes=\"auto, (max-width: 850px) 100vw, 850px\" \/> <img loading=\"lazy\" decoding=\"async\" class=\"alignnone size-full wp-image-27319\" src=\"https:\/\/perfectvenue.es\/wp-content\/uploads\/2020\/07\/elopement-finca-aldeallana-rosa-garrido-36.jpg\" alt=\"\" width=\"850\" height=\"567\" srcset=\"https:\/\/perfectvenue.es\/wp-content\/uploads\/2020\/07\/elopement-finca-aldeallana-rosa-garrido-36.jpg?v=1626104005 850w, https:\/\/perfectvenue.es\/wp-content\/uploads\/2020\/07\/elopement-finca-aldeallana-rosa-garrido-36-300x200.jpg?v=1626104005 300w, https:\/\/perfectvenue.es\/wp-content\/uploads\/2020\/07\/elopement-finca-aldeallana-rosa-garrido-36-768x512.jpg?v=1626104005 768w, https:\/\/perfectvenue.es\/wp-content\/uploads\/2020\/07\/elopement-finca-aldeallana-rosa-garrido-36-450x300.jpg?v=1626104005 450w, https:\/\/perfectvenue.es\/wp-content\/uploads\/2020\/07\/elopement-finca-aldeallana-rosa-garrido-36-600x400.jpg?v=1626104005 600w\" sizes=\"auto, (max-width: 850px) 100vw, 850px\" \/> <img loading=\"lazy\" decoding=\"async\" class=\"alignnone size-full wp-image-27320\" src=\"https:\/\/perfectvenue.es\/wp-content\/uploads\/2020\/07\/elopement-finca-aldeallana-rosa-garrido-37.jpg\" alt=\"\" width=\"850\" height=\"283\" srcset=\"https:\/\/perfectvenue.es\/wp-content\/uploads\/2020\/07\/elopement-finca-aldeallana-rosa-garrido-37.jpg?v=1626104004 850w, https:\/\/perfectvenue.es\/wp-content\/uploads\/2020\/07\/elopement-finca-aldeallana-rosa-garrido-37-300x100.jpg?v=1626104004 300w, https:\/\/perfectvenue.es\/wp-content\/uploads\/2020\/07\/elopement-finca-aldeallana-rosa-garrido-37-768x256.jpg?v=1626104004 768w, https:\/\/perfectvenue.es\/wp-content\/uploads\/2020\/07\/elopement-finca-aldeallana-rosa-garrido-37-450x150.jpg?v=1626104004 450w, https:\/\/perfectvenue.es\/wp-content\/uploads\/2020\/07\/elopement-finca-aldeallana-rosa-garrido-37-600x200.jpg?v=1626104004 600w\" sizes=\"auto, (max-width: 850px) 100vw, 850px\" \/> <img loading=\"lazy\" decoding=\"async\" class=\"alignnone size-full wp-image-27321\" src=\"https:\/\/perfectvenue.es\/wp-content\/uploads\/2020\/07\/elopement-finca-aldeallana-rosa-garrido-38.jpg\" alt=\"\" width=\"850\" height=\"567\" srcset=\"https:\/\/perfectvenue.es\/wp-content\/uploads\/2020\/07\/elopement-finca-aldeallana-rosa-garrido-38.jpg?v=1626104003 850w, https:\/\/perfectvenue.es\/wp-content\/uploads\/2020\/07\/elopement-finca-aldeallana-rosa-garrido-38-300x200.jpg?v=1626104003 300w, https:\/\/perfectvenue.es\/wp-content\/uploads\/2020\/07\/elopement-finca-aldeallana-rosa-garrido-38-768x512.jpg?v=1626104003 768w, https:\/\/perfectvenue.es\/wp-content\/uploads\/2020\/07\/elopement-finca-aldeallana-rosa-garrido-38-450x300.jpg?v=1626104003 450w, https:\/\/perfectvenue.es\/wp-content\/uploads\/2020\/07\/elopement-finca-aldeallana-rosa-garrido-38-600x400.jpg?v=1626104003 600w\" sizes=\"auto, (max-width: 850px) 100vw, 850px\" \/> <img loading=\"lazy\" decoding=\"async\" class=\"alignnone size-full wp-image-27322\" src=\"https:\/\/perfectvenue.es\/wp-content\/uploads\/2020\/07\/elopement-finca-aldeallana-rosa-garrido-39.jpg\" alt=\"\" width=\"850\" height=\"567\" srcset=\"https:\/\/perfectvenue.es\/wp-content\/uploads\/2020\/07\/elopement-finca-aldeallana-rosa-garrido-39.jpg?v=1626104002 850w, https:\/\/perfectvenue.es\/wp-content\/uploads\/2020\/07\/elopement-finca-aldeallana-rosa-garrido-39-300x200.jpg?v=1626104002 300w, https:\/\/perfectvenue.es\/wp-content\/uploads\/2020\/07\/elopement-finca-aldeallana-rosa-garrido-39-768x512.jpg?v=1626104002 768w, https:\/\/perfectvenue.es\/wp-content\/uploads\/2020\/07\/elopement-finca-aldeallana-rosa-garrido-39-450x300.jpg?v=1626104002 450w, https:\/\/perfectvenue.es\/wp-content\/uploads\/2020\/07\/elopement-finca-aldeallana-rosa-garrido-39-600x400.jpg?v=1626104002 600w\" sizes=\"auto, (max-width: 850px) 100vw, 850px\" \/> <img loading=\"lazy\" decoding=\"async\" class=\"alignnone size-full wp-image-27323\" src=\"https:\/\/perfectvenue.es\/wp-content\/uploads\/2020\/07\/elopement-finca-aldeallana-rosa-garrido-40.jpg\" alt=\"\" width=\"850\" height=\"283\" srcset=\"https:\/\/perfectvenue.es\/wp-content\/uploads\/2020\/07\/elopement-finca-aldeallana-rosa-garrido-40.jpg?v=1626104001 850w, https:\/\/perfectvenue.es\/wp-content\/uploads\/2020\/07\/elopement-finca-aldeallana-rosa-garrido-40-300x100.jpg?v=1626104001 300w, https:\/\/perfectvenue.es\/wp-content\/uploads\/2020\/07\/elopement-finca-aldeallana-rosa-garrido-40-768x256.jpg?v=1626104001 768w, https:\/\/perfectvenue.es\/wp-content\/uploads\/2020\/07\/elopement-finca-aldeallana-rosa-garrido-40-450x150.jpg?v=1626104001 450w, https:\/\/perfectvenue.es\/wp-content\/uploads\/2020\/07\/elopement-finca-aldeallana-rosa-garrido-40-600x200.jpg?v=1626104001 600w\" sizes=\"auto, (max-width: 850px) 100vw, 850px\" \/> <img loading=\"lazy\" decoding=\"async\" class=\"alignnone size-full wp-image-27324\" src=\"https:\/\/perfectvenue.es\/wp-content\/uploads\/2020\/07\/elopement-finca-aldeallana-rosa-garrido-42.jpg\" alt=\"\" width=\"850\" height=\"567\" srcset=\"https:\/\/perfectvenue.es\/wp-content\/uploads\/2020\/07\/elopement-finca-aldeallana-rosa-garrido-42.jpg?v=1626104000 850w, https:\/\/perfectvenue.es\/wp-content\/uploads\/2020\/07\/elopement-finca-aldeallana-rosa-garrido-42-300x200.jpg?v=1626104000 300w, https:\/\/perfectvenue.es\/wp-content\/uploads\/2020\/07\/elopement-finca-aldeallana-rosa-garrido-42-768x512.jpg?v=1626104000 768w, https:\/\/perfectvenue.es\/wp-content\/uploads\/2020\/07\/elopement-finca-aldeallana-rosa-garrido-42-450x300.jpg?v=1626104000 450w, https:\/\/perfectvenue.es\/wp-content\/uploads\/2020\/07\/elopement-finca-aldeallana-rosa-garrido-42-600x400.jpg?v=1626104000 600w\" sizes=\"auto, (max-width: 850px) 100vw, 850px\" \/> <img loading=\"lazy\" decoding=\"async\" class=\"alignnone size-full wp-image-27325\" src=\"https:\/\/perfectvenue.es\/wp-content\/uploads\/2020\/07\/elopement-finca-aldeallana-rosa-garrido-43.jpg\" alt=\"\" width=\"850\" height=\"567\" srcset=\"https:\/\/perfectvenue.es\/wp-content\/uploads\/2020\/07\/elopement-finca-aldeallana-rosa-garrido-43.jpg?v=1626104000 850w, https:\/\/perfectvenue.es\/wp-content\/uploads\/2020\/07\/elopement-finca-aldeallana-rosa-garrido-43-300x200.jpg?v=1626104000 300w, https:\/\/perfectvenue.es\/wp-content\/uploads\/2020\/07\/elopement-finca-aldeallana-rosa-garrido-43-768x512.jpg?v=1626104000 768w, https:\/\/perfectvenue.es\/wp-content\/uploads\/2020\/07\/elopement-finca-aldeallana-rosa-garrido-43-450x300.jpg?v=1626104000 450w, https:\/\/perfectvenue.es\/wp-content\/uploads\/2020\/07\/elopement-finca-aldeallana-rosa-garrido-43-600x400.jpg?v=1626104000 600w\" sizes=\"auto, (max-width: 850px) 100vw, 850px\" \/> <img loading=\"lazy\" decoding=\"async\" class=\"alignnone size-full wp-image-27326\" src=\"https:\/\/perfectvenue.es\/wp-content\/uploads\/2020\/07\/elopement-finca-aldeallana-rosa-garrido-44.jpg\" alt=\"\" width=\"850\" height=\"567\" srcset=\"https:\/\/perfectvenue.es\/wp-content\/uploads\/2020\/07\/elopement-finca-aldeallana-rosa-garrido-44.jpg?v=1626103999 850w, https:\/\/perfectvenue.es\/wp-content\/uploads\/2020\/07\/elopement-finca-aldeallana-rosa-garrido-44-300x200.jpg?v=1626103999 300w, https:\/\/perfectvenue.es\/wp-content\/uploads\/2020\/07\/elopement-finca-aldeallana-rosa-garrido-44-768x512.jpg?v=1626103999 768w, https:\/\/perfectvenue.es\/wp-content\/uploads\/2020\/07\/elopement-finca-aldeallana-rosa-garrido-44-450x300.jpg?v=1626103999 450w, https:\/\/perfectvenue.es\/wp-content\/uploads\/2020\/07\/elopement-finca-aldeallana-rosa-garrido-44-600x400.jpg?v=1626103999 600w\" sizes=\"auto, (max-width: 850px) 100vw, 850px\" \/> <img loading=\"lazy\" decoding=\"async\" class=\"alignnone size-full wp-image-27327\" src=\"https:\/\/perfectvenue.es\/wp-content\/uploads\/2020\/07\/elopement-finca-aldeallana-rosa-garrido-45.jpg\" alt=\"\" width=\"850\" height=\"567\" srcset=\"https:\/\/perfectvenue.es\/wp-content\/uploads\/2020\/07\/elopement-finca-aldeallana-rosa-garrido-45.jpg?v=1626103998 850w, https:\/\/perfectvenue.es\/wp-content\/uploads\/2020\/07\/elopement-finca-aldeallana-rosa-garrido-45-300x200.jpg?v=1626103998 300w, https:\/\/perfectvenue.es\/wp-content\/uploads\/2020\/07\/elopement-finca-aldeallana-rosa-garrido-45-768x512.jpg?v=1626103998 768w, https:\/\/perfectvenue.es\/wp-content\/uploads\/2020\/07\/elopement-finca-aldeallana-rosa-garrido-45-450x300.jpg?v=1626103998 450w, https:\/\/perfectvenue.es\/wp-content\/uploads\/2020\/07\/elopement-finca-aldeallana-rosa-garrido-45-600x400.jpg?v=1626103998 600w\" sizes=\"auto, (max-width: 850px) 100vw, 850px\" \/> <img loading=\"lazy\" decoding=\"async\" class=\"alignnone size-full wp-image-27328\" src=\"https:\/\/perfectvenue.es\/wp-content\/uploads\/2020\/07\/elopement-finca-aldeallana-rosa-garrido-46.jpg\" alt=\"\" width=\"850\" height=\"567\" srcset=\"https:\/\/perfectvenue.es\/wp-content\/uploads\/2020\/07\/elopement-finca-aldeallana-rosa-garrido-46.jpg?v=1626103997 850w, https:\/\/perfectvenue.es\/wp-content\/uploads\/2020\/07\/elopement-finca-aldeallana-rosa-garrido-46-300x200.jpg?v=1626103997 300w, https:\/\/perfectvenue.es\/wp-content\/uploads\/2020\/07\/elopement-finca-aldeallana-rosa-garrido-46-768x512.jpg?v=1626103997 768w, https:\/\/perfectvenue.es\/wp-content\/uploads\/2020\/07\/elopement-finca-aldeallana-rosa-garrido-46-450x300.jpg?v=1626103997 450w, https:\/\/perfectvenue.es\/wp-content\/uploads\/2020\/07\/elopement-finca-aldeallana-rosa-garrido-46-600x400.jpg?v=1626103997 600w\" sizes=\"auto, (max-width: 850px) 100vw, 850px\" \/><\/span><\/p>\n<h2 style=\"text-align: justify;\">Laureles y maderas en la decoraci\u00f3n<\/h2>\n<p style=\"text-align: justify;\"><span style=\"font-weight: 400;\">Los espacios de la Finca Aldeallana se llenaron de muchas, pero que muchas, <\/span><b>hojas verdes de laurel<\/b><span style=\"font-weight: 400;\">, las cuales pudieron verse en el banco del altar, en los centros de mesa y en el ramo de la novia.<\/span><\/p>\n<p style=\"text-align: justify;\"><span style=\"font-weight: 400;\">Este estuvo compuesto adem\u00e1s por diferentes flores, como <\/span><b>tulipanes blancos y las flores del algod\u00f3n<\/b><span style=\"font-weight: 400;\">, todo combinado con ramas. \u00a1Un <\/span><b>ramo de novia de lo m\u00e1s campestre<\/b><span style=\"font-weight: 400;\">!<\/span><\/p>\n<p style=\"text-align: justify;\"><span style=\"font-weight: 400;\">El altar constaba de una mesa de madera, as\u00ed como de un banco del mismo material acompa\u00f1ado de dos grandes cojines blancos. Sobre la mesa se colocaron un mont\u00f3n de <\/span><b>velas de diferentes tama\u00f1os, cestas de mimbre, grandes jarrones en el suelo con velas y un gran atril blanco<\/b><span style=\"font-weight: 400;\">.\u00a0 \u00a1Sin olvidar las hojas de laurel!<\/span><\/p>\n<p style=\"text-align: justify;\"><span style=\"font-weight: 400;\">Las mismas hojas fueron las que cayeron tras la ceremonia sobre los novios, una <\/span><b>alternativa al tradicional arroz<\/b><span style=\"font-weight: 400;\"> muy original y rom\u00e1ntica.<\/span><\/p>\n<p style=\"text-align: justify;\"><span style=\"font-weight: 400;\">Tras ello, Diana y Miguel caminaron hacia el convite, espacio en el que se encontraba un bonito <\/span><b>banco azul<\/b><span style=\"font-weight: 400;\"> y una gran mesa de madera blanca, sobre la que se posaban los <\/span><b>platos blancos de estampado floral y los platos de esta\u00f1o<\/b><span style=\"font-weight: 400;\">, as\u00ed como la cuberter\u00eda de plata y los centros de mesa iguales que el ramo.<\/span><\/p>\n<p><span class=\"alignnone\"><img loading=\"lazy\" decoding=\"async\" class=\"alignnone size-full wp-image-27329\" src=\"https:\/\/perfectvenue.es\/wp-content\/uploads\/2020\/07\/elopement-finca-aldeallana-rosa-garrido-47.jpg\" alt=\"\" width=\"850\" height=\"567\" srcset=\"https:\/\/perfectvenue.es\/wp-content\/uploads\/2020\/07\/elopement-finca-aldeallana-rosa-garrido-47.jpg?v=1626103996 850w, https:\/\/perfectvenue.es\/wp-content\/uploads\/2020\/07\/elopement-finca-aldeallana-rosa-garrido-47-300x200.jpg?v=1626103996 300w, https:\/\/perfectvenue.es\/wp-content\/uploads\/2020\/07\/elopement-finca-aldeallana-rosa-garrido-47-768x512.jpg?v=1626103996 768w, https:\/\/perfectvenue.es\/wp-content\/uploads\/2020\/07\/elopement-finca-aldeallana-rosa-garrido-47-450x300.jpg?v=1626103996 450w, https:\/\/perfectvenue.es\/wp-content\/uploads\/2020\/07\/elopement-finca-aldeallana-rosa-garrido-47-600x400.jpg?v=1626103996 600w\" sizes=\"auto, (max-width: 850px) 100vw, 850px\" \/> <img loading=\"lazy\" decoding=\"async\" class=\"alignnone size-full wp-image-27330\" src=\"https:\/\/perfectvenue.es\/wp-content\/uploads\/2020\/07\/elopement-finca-aldeallana-rosa-garrido-48.jpg\" alt=\"\" width=\"850\" height=\"567\" srcset=\"https:\/\/perfectvenue.es\/wp-content\/uploads\/2020\/07\/elopement-finca-aldeallana-rosa-garrido-48.jpg?v=1626103996 850w, https:\/\/perfectvenue.es\/wp-content\/uploads\/2020\/07\/elopement-finca-aldeallana-rosa-garrido-48-300x200.jpg?v=1626103996 300w, https:\/\/perfectvenue.es\/wp-content\/uploads\/2020\/07\/elopement-finca-aldeallana-rosa-garrido-48-768x512.jpg?v=1626103996 768w, https:\/\/perfectvenue.es\/wp-content\/uploads\/2020\/07\/elopement-finca-aldeallana-rosa-garrido-48-450x300.jpg?v=1626103996 450w, https:\/\/perfectvenue.es\/wp-content\/uploads\/2020\/07\/elopement-finca-aldeallana-rosa-garrido-48-600x400.jpg?v=1626103996 600w\" sizes=\"auto, (max-width: 850px) 100vw, 850px\" \/> <img loading=\"lazy\" decoding=\"async\" class=\"alignnone size-full wp-image-27331\" src=\"https:\/\/perfectvenue.es\/wp-content\/uploads\/2020\/07\/elopement-finca-aldeallana-rosa-garrido-49.jpg\" alt=\"\" width=\"850\" height=\"567\" srcset=\"https:\/\/perfectvenue.es\/wp-content\/uploads\/2020\/07\/elopement-finca-aldeallana-rosa-garrido-49.jpg?v=1626103995 850w, https:\/\/perfectvenue.es\/wp-content\/uploads\/2020\/07\/elopement-finca-aldeallana-rosa-garrido-49-300x200.jpg?v=1626103995 300w, https:\/\/perfectvenue.es\/wp-content\/uploads\/2020\/07\/elopement-finca-aldeallana-rosa-garrido-49-768x512.jpg?v=1626103995 768w, https:\/\/perfectvenue.es\/wp-content\/uploads\/2020\/07\/elopement-finca-aldeallana-rosa-garrido-49-450x300.jpg?v=1626103995 450w, https:\/\/perfectvenue.es\/wp-content\/uploads\/2020\/07\/elopement-finca-aldeallana-rosa-garrido-49-600x400.jpg?v=1626103995 600w\" sizes=\"auto, (max-width: 850px) 100vw, 850px\" \/> <img loading=\"lazy\" decoding=\"async\" class=\"alignnone size-full wp-image-27332\" src=\"https:\/\/perfectvenue.es\/wp-content\/uploads\/2020\/07\/elopement-finca-aldeallana-rosa-garrido-50.jpg\" alt=\"\" width=\"850\" height=\"567\" srcset=\"https:\/\/perfectvenue.es\/wp-content\/uploads\/2020\/07\/elopement-finca-aldeallana-rosa-garrido-50.jpg?v=1626103994 850w, https:\/\/perfectvenue.es\/wp-content\/uploads\/2020\/07\/elopement-finca-aldeallana-rosa-garrido-50-300x200.jpg?v=1626103994 300w, https:\/\/perfectvenue.es\/wp-content\/uploads\/2020\/07\/elopement-finca-aldeallana-rosa-garrido-50-768x512.jpg?v=1626103994 768w, https:\/\/perfectvenue.es\/wp-content\/uploads\/2020\/07\/elopement-finca-aldeallana-rosa-garrido-50-450x300.jpg?v=1626103994 450w, https:\/\/perfectvenue.es\/wp-content\/uploads\/2020\/07\/elopement-finca-aldeallana-rosa-garrido-50-600x400.jpg?v=1626103994 600w\" sizes=\"auto, (max-width: 850px) 100vw, 850px\" \/> <img loading=\"lazy\" decoding=\"async\" class=\"alignnone size-full wp-image-27333\" src=\"https:\/\/perfectvenue.es\/wp-content\/uploads\/2020\/07\/elopement-finca-aldeallana-rosa-garrido-51.jpg\" alt=\"\" width=\"850\" height=\"567\" srcset=\"https:\/\/perfectvenue.es\/wp-content\/uploads\/2020\/07\/elopement-finca-aldeallana-rosa-garrido-51.jpg?v=1626103993 850w, https:\/\/perfectvenue.es\/wp-content\/uploads\/2020\/07\/elopement-finca-aldeallana-rosa-garrido-51-300x200.jpg?v=1626103993 300w, https:\/\/perfectvenue.es\/wp-content\/uploads\/2020\/07\/elopement-finca-aldeallana-rosa-garrido-51-768x512.jpg?v=1626103993 768w, https:\/\/perfectvenue.es\/wp-content\/uploads\/2020\/07\/elopement-finca-aldeallana-rosa-garrido-51-450x300.jpg?v=1626103993 450w, https:\/\/perfectvenue.es\/wp-content\/uploads\/2020\/07\/elopement-finca-aldeallana-rosa-garrido-51-600x400.jpg?v=1626103993 600w\" sizes=\"auto, (max-width: 850px) 100vw, 850px\" \/> <img loading=\"lazy\" decoding=\"async\" class=\"alignnone size-full wp-image-27334\" src=\"https:\/\/perfectvenue.es\/wp-content\/uploads\/2020\/07\/elopement-finca-aldeallana-rosa-garrido-52.jpg\" alt=\"\" width=\"850\" height=\"567\" srcset=\"https:\/\/perfectvenue.es\/wp-content\/uploads\/2020\/07\/elopement-finca-aldeallana-rosa-garrido-52.jpg?v=1626103992 850w, https:\/\/perfectvenue.es\/wp-content\/uploads\/2020\/07\/elopement-finca-aldeallana-rosa-garrido-52-300x200.jpg?v=1626103992 300w, https:\/\/perfectvenue.es\/wp-content\/uploads\/2020\/07\/elopement-finca-aldeallana-rosa-garrido-52-768x512.jpg?v=1626103992 768w, https:\/\/perfectvenue.es\/wp-content\/uploads\/2020\/07\/elopement-finca-aldeallana-rosa-garrido-52-450x300.jpg?v=1626103992 450w, https:\/\/perfectvenue.es\/wp-content\/uploads\/2020\/07\/elopement-finca-aldeallana-rosa-garrido-52-600x400.jpg?v=1626103992 600w\" sizes=\"auto, (max-width: 850px) 100vw, 850px\" \/> <img loading=\"lazy\" decoding=\"async\" class=\"alignnone size-full wp-image-27335\" src=\"https:\/\/perfectvenue.es\/wp-content\/uploads\/2020\/07\/elopement-finca-aldeallana-rosa-garrido-53.jpg\" alt=\"\" width=\"850\" height=\"567\" srcset=\"https:\/\/perfectvenue.es\/wp-content\/uploads\/2020\/07\/elopement-finca-aldeallana-rosa-garrido-53.jpg?v=1626103992 850w, https:\/\/perfectvenue.es\/wp-content\/uploads\/2020\/07\/elopement-finca-aldeallana-rosa-garrido-53-300x200.jpg?v=1626103992 300w, https:\/\/perfectvenue.es\/wp-content\/uploads\/2020\/07\/elopement-finca-aldeallana-rosa-garrido-53-768x512.jpg?v=1626103992 768w, https:\/\/perfectvenue.es\/wp-content\/uploads\/2020\/07\/elopement-finca-aldeallana-rosa-garrido-53-450x300.jpg?v=1626103992 450w, https:\/\/perfectvenue.es\/wp-content\/uploads\/2020\/07\/elopement-finca-aldeallana-rosa-garrido-53-600x400.jpg?v=1626103992 600w\" sizes=\"auto, (max-width: 850px) 100vw, 850px\" \/> <img loading=\"lazy\" decoding=\"async\" class=\"alignnone size-full wp-image-27336\" src=\"https:\/\/perfectvenue.es\/wp-content\/uploads\/2020\/07\/elopement-finca-aldeallana-rosa-garrido-54.jpg\" alt=\"\" width=\"850\" height=\"567\" srcset=\"https:\/\/perfectvenue.es\/wp-content\/uploads\/2020\/07\/elopement-finca-aldeallana-rosa-garrido-54.jpg?v=1626103991 850w, https:\/\/perfectvenue.es\/wp-content\/uploads\/2020\/07\/elopement-finca-aldeallana-rosa-garrido-54-300x200.jpg?v=1626103991 300w, https:\/\/perfectvenue.es\/wp-content\/uploads\/2020\/07\/elopement-finca-aldeallana-rosa-garrido-54-768x512.jpg?v=1626103991 768w, https:\/\/perfectvenue.es\/wp-content\/uploads\/2020\/07\/elopement-finca-aldeallana-rosa-garrido-54-450x300.jpg?v=1626103991 450w, https:\/\/perfectvenue.es\/wp-content\/uploads\/2020\/07\/elopement-finca-aldeallana-rosa-garrido-54-600x400.jpg?v=1626103991 600w\" sizes=\"auto, (max-width: 850px) 100vw, 850px\" \/> <img loading=\"lazy\" decoding=\"async\" class=\"alignnone size-full wp-image-27338\" src=\"https:\/\/perfectvenue.es\/wp-content\/uploads\/2020\/07\/elopement-finca-aldeallana-rosa-garrido-56.jpg\" alt=\"\" width=\"850\" height=\"567\" srcset=\"https:\/\/perfectvenue.es\/wp-content\/uploads\/2020\/07\/elopement-finca-aldeallana-rosa-garrido-56.jpg?v=1626103990 850w, https:\/\/perfectvenue.es\/wp-content\/uploads\/2020\/07\/elopement-finca-aldeallana-rosa-garrido-56-300x200.jpg?v=1626103990 300w, https:\/\/perfectvenue.es\/wp-content\/uploads\/2020\/07\/elopement-finca-aldeallana-rosa-garrido-56-768x512.jpg?v=1626103990 768w, https:\/\/perfectvenue.es\/wp-content\/uploads\/2020\/07\/elopement-finca-aldeallana-rosa-garrido-56-450x300.jpg?v=1626103990 450w, https:\/\/perfectvenue.es\/wp-content\/uploads\/2020\/07\/elopement-finca-aldeallana-rosa-garrido-56-600x400.jpg?v=1626103990 600w\" sizes=\"auto, (max-width: 850px) 100vw, 850px\" \/> <img loading=\"lazy\" decoding=\"async\" class=\"alignnone size-full wp-image-27339\" src=\"https:\/\/perfectvenue.es\/wp-content\/uploads\/2020\/07\/elopement-finca-aldeallana-rosa-garrido-57.jpg\" alt=\"\" width=\"850\" height=\"567\" srcset=\"https:\/\/perfectvenue.es\/wp-content\/uploads\/2020\/07\/elopement-finca-aldeallana-rosa-garrido-57.jpg?v=1626103989 850w, https:\/\/perfectvenue.es\/wp-content\/uploads\/2020\/07\/elopement-finca-aldeallana-rosa-garrido-57-300x200.jpg?v=1626103989 300w, https:\/\/perfectvenue.es\/wp-content\/uploads\/2020\/07\/elopement-finca-aldeallana-rosa-garrido-57-768x512.jpg?v=1626103989 768w, https:\/\/perfectvenue.es\/wp-content\/uploads\/2020\/07\/elopement-finca-aldeallana-rosa-garrido-57-450x300.jpg?v=1626103989 450w, https:\/\/perfectvenue.es\/wp-content\/uploads\/2020\/07\/elopement-finca-aldeallana-rosa-garrido-57-600x400.jpg?v=1626103989 600w\" sizes=\"auto, (max-width: 850px) 100vw, 850px\" \/> <img loading=\"lazy\" decoding=\"async\" class=\"alignnone size-full wp-image-27340\" src=\"https:\/\/perfectvenue.es\/wp-content\/uploads\/2020\/07\/elopement-finca-aldeallana-rosa-garrido-58.jpg\" alt=\"\" width=\"850\" height=\"567\" srcset=\"https:\/\/perfectvenue.es\/wp-content\/uploads\/2020\/07\/elopement-finca-aldeallana-rosa-garrido-58.jpg?v=1626103988 850w, https:\/\/perfectvenue.es\/wp-content\/uploads\/2020\/07\/elopement-finca-aldeallana-rosa-garrido-58-300x200.jpg?v=1626103988 300w, https:\/\/perfectvenue.es\/wp-content\/uploads\/2020\/07\/elopement-finca-aldeallana-rosa-garrido-58-768x512.jpg?v=1626103988 768w, https:\/\/perfectvenue.es\/wp-content\/uploads\/2020\/07\/elopement-finca-aldeallana-rosa-garrido-58-450x300.jpg?v=1626103988 450w, https:\/\/perfectvenue.es\/wp-content\/uploads\/2020\/07\/elopement-finca-aldeallana-rosa-garrido-58-600x400.jpg?v=1626103988 600w\" sizes=\"auto, (max-width: 850px) 100vw, 850px\" \/> <img loading=\"lazy\" decoding=\"async\" class=\"alignnone size-full wp-image-27342\" src=\"https:\/\/perfectvenue.es\/wp-content\/uploads\/2020\/07\/elopement-finca-aldeallana-rosa-garrido-60.jpg\" alt=\"\" width=\"850\" height=\"567\" srcset=\"https:\/\/perfectvenue.es\/wp-content\/uploads\/2020\/07\/elopement-finca-aldeallana-rosa-garrido-60.jpg?v=1626103988 850w, https:\/\/perfectvenue.es\/wp-content\/uploads\/2020\/07\/elopement-finca-aldeallana-rosa-garrido-60-300x200.jpg?v=1626103988 300w, https:\/\/perfectvenue.es\/wp-content\/uploads\/2020\/07\/elopement-finca-aldeallana-rosa-garrido-60-768x512.jpg?v=1626103988 768w, https:\/\/perfectvenue.es\/wp-content\/uploads\/2020\/07\/elopement-finca-aldeallana-rosa-garrido-60-450x300.jpg?v=1626103988 450w, https:\/\/perfectvenue.es\/wp-content\/uploads\/2020\/07\/elopement-finca-aldeallana-rosa-garrido-60-600x400.jpg?v=1626103988 600w\" sizes=\"auto, (max-width: 850px) 100vw, 850px\" \/> <img loading=\"lazy\" decoding=\"async\" class=\"alignnone size-full wp-image-27344\" src=\"https:\/\/perfectvenue.es\/wp-content\/uploads\/2020\/07\/elopement-finca-aldeallana-rosa-garrido-62.jpg\" alt=\"\" width=\"850\" height=\"567\" srcset=\"https:\/\/perfectvenue.es\/wp-content\/uploads\/2020\/07\/elopement-finca-aldeallana-rosa-garrido-62.jpg?v=1626103987 850w, https:\/\/perfectvenue.es\/wp-content\/uploads\/2020\/07\/elopement-finca-aldeallana-rosa-garrido-62-300x200.jpg?v=1626103987 300w, https:\/\/perfectvenue.es\/wp-content\/uploads\/2020\/07\/elopement-finca-aldeallana-rosa-garrido-62-768x512.jpg?v=1626103987 768w, https:\/\/perfectvenue.es\/wp-content\/uploads\/2020\/07\/elopement-finca-aldeallana-rosa-garrido-62-450x300.jpg?v=1626103987 450w, https:\/\/perfectvenue.es\/wp-content\/uploads\/2020\/07\/elopement-finca-aldeallana-rosa-garrido-62-600x400.jpg?v=1626103987 600w\" sizes=\"auto, (max-width: 850px) 100vw, 850px\" \/> <img loading=\"lazy\" decoding=\"async\" class=\"alignnone size-full wp-image-27345\" src=\"https:\/\/perfectvenue.es\/wp-content\/uploads\/2020\/07\/elopement-finca-aldeallana-rosa-garrido-63.jpg\" alt=\"\" width=\"850\" height=\"567\" srcset=\"https:\/\/perfectvenue.es\/wp-content\/uploads\/2020\/07\/elopement-finca-aldeallana-rosa-garrido-63.jpg?v=1626103986 850w, https:\/\/perfectvenue.es\/wp-content\/uploads\/2020\/07\/elopement-finca-aldeallana-rosa-garrido-63-300x200.jpg?v=1626103986 300w, https:\/\/perfectvenue.es\/wp-content\/uploads\/2020\/07\/elopement-finca-aldeallana-rosa-garrido-63-768x512.jpg?v=1626103986 768w, https:\/\/perfectvenue.es\/wp-content\/uploads\/2020\/07\/elopement-finca-aldeallana-rosa-garrido-63-450x300.jpg?v=1626103986 450w, https:\/\/perfectvenue.es\/wp-content\/uploads\/2020\/07\/elopement-finca-aldeallana-rosa-garrido-63-600x400.jpg?v=1626103986 600w\" sizes=\"auto, (max-width: 850px) 100vw, 850px\" \/> <img loading=\"lazy\" decoding=\"async\" class=\"alignnone size-full wp-image-27346\" src=\"https:\/\/perfectvenue.es\/wp-content\/uploads\/2020\/07\/elopement-finca-aldeallana-rosa-garrido-64.jpg\" alt=\"\" width=\"850\" height=\"567\" srcset=\"https:\/\/perfectvenue.es\/wp-content\/uploads\/2020\/07\/elopement-finca-aldeallana-rosa-garrido-64.jpg?v=1626103985 850w, https:\/\/perfectvenue.es\/wp-content\/uploads\/2020\/07\/elopement-finca-aldeallana-rosa-garrido-64-300x200.jpg?v=1626103985 300w, https:\/\/perfectvenue.es\/wp-content\/uploads\/2020\/07\/elopement-finca-aldeallana-rosa-garrido-64-768x512.jpg?v=1626103985 768w, https:\/\/perfectvenue.es\/wp-content\/uploads\/2020\/07\/elopement-finca-aldeallana-rosa-garrido-64-450x300.jpg?v=1626103985 450w, https:\/\/perfectvenue.es\/wp-content\/uploads\/2020\/07\/elopement-finca-aldeallana-rosa-garrido-64-600x400.jpg?v=1626103985 600w\" sizes=\"auto, (max-width: 850px) 100vw, 850px\" \/> <img loading=\"lazy\" decoding=\"async\" class=\"alignnone size-full wp-image-27353\" src=\"https:\/\/perfectvenue.es\/wp-content\/uploads\/2020\/07\/elopement-finca-aldeallana-rosa-garrido-71.jpg\" alt=\"\" width=\"850\" height=\"567\" srcset=\"https:\/\/perfectvenue.es\/wp-content\/uploads\/2020\/07\/elopement-finca-aldeallana-rosa-garrido-71.jpg?v=1626103984 850w, https:\/\/perfectvenue.es\/wp-content\/uploads\/2020\/07\/elopement-finca-aldeallana-rosa-garrido-71-300x200.jpg?v=1626103984 300w, https:\/\/perfectvenue.es\/wp-content\/uploads\/2020\/07\/elopement-finca-aldeallana-rosa-garrido-71-768x512.jpg?v=1626103984 768w, https:\/\/perfectvenue.es\/wp-content\/uploads\/2020\/07\/elopement-finca-aldeallana-rosa-garrido-71-450x300.jpg?v=1626103984 450w, https:\/\/perfectvenue.es\/wp-content\/uploads\/2020\/07\/elopement-finca-aldeallana-rosa-garrido-71-600x400.jpg?v=1626103984 600w\" sizes=\"auto, (max-width: 850px) 100vw, 850px\" \/> <img loading=\"lazy\" decoding=\"async\" class=\"alignnone size-full wp-image-27355\" src=\"https:\/\/perfectvenue.es\/wp-content\/uploads\/2020\/07\/elopement-finca-aldeallana-rosa-garrido-73.jpg\" alt=\"\" width=\"850\" height=\"568\" srcset=\"https:\/\/perfectvenue.es\/wp-content\/uploads\/2020\/07\/elopement-finca-aldeallana-rosa-garrido-73.jpg?v=1626103984 850w, https:\/\/perfectvenue.es\/wp-content\/uploads\/2020\/07\/elopement-finca-aldeallana-rosa-garrido-73-300x200.jpg?v=1626103984 300w, https:\/\/perfectvenue.es\/wp-content\/uploads\/2020\/07\/elopement-finca-aldeallana-rosa-garrido-73-768x513.jpg?v=1626103984 768w, https:\/\/perfectvenue.es\/wp-content\/uploads\/2020\/07\/elopement-finca-aldeallana-rosa-garrido-73-450x301.jpg?v=1626103984 450w, https:\/\/perfectvenue.es\/wp-content\/uploads\/2020\/07\/elopement-finca-aldeallana-rosa-garrido-73-600x401.jpg?v=1626103984 600w\" sizes=\"auto, (max-width: 850px) 100vw, 850px\" \/> <img loading=\"lazy\" decoding=\"async\" class=\"alignnone size-full wp-image-27356\" src=\"https:\/\/perfectvenue.es\/wp-content\/uploads\/2020\/07\/elopement-finca-aldeallana-rosa-garrido-74.jpg\" alt=\"\" width=\"850\" height=\"567\" srcset=\"https:\/\/perfectvenue.es\/wp-content\/uploads\/2020\/07\/elopement-finca-aldeallana-rosa-garrido-74.jpg?v=1626103983 850w, https:\/\/perfectvenue.es\/wp-content\/uploads\/2020\/07\/elopement-finca-aldeallana-rosa-garrido-74-300x200.jpg?v=1626103983 300w, https:\/\/perfectvenue.es\/wp-content\/uploads\/2020\/07\/elopement-finca-aldeallana-rosa-garrido-74-768x512.jpg?v=1626103983 768w, https:\/\/perfectvenue.es\/wp-content\/uploads\/2020\/07\/elopement-finca-aldeallana-rosa-garrido-74-450x300.jpg?v=1626103983 450w, https:\/\/perfectvenue.es\/wp-content\/uploads\/2020\/07\/elopement-finca-aldeallana-rosa-garrido-74-600x400.jpg?v=1626103983 600w\" sizes=\"auto, (max-width: 850px) 100vw, 850px\" \/> <img loading=\"lazy\" decoding=\"async\" class=\"alignnone size-full wp-image-27357\" src=\"https:\/\/perfectvenue.es\/wp-content\/uploads\/2020\/07\/elopement-finca-aldeallana-rosa-garrido-75.jpg\" alt=\"\" width=\"850\" height=\"567\" srcset=\"https:\/\/perfectvenue.es\/wp-content\/uploads\/2020\/07\/elopement-finca-aldeallana-rosa-garrido-75.jpg?v=1626103982 850w, https:\/\/perfectvenue.es\/wp-content\/uploads\/2020\/07\/elopement-finca-aldeallana-rosa-garrido-75-300x200.jpg?v=1626103982 300w, https:\/\/perfectvenue.es\/wp-content\/uploads\/2020\/07\/elopement-finca-aldeallana-rosa-garrido-75-768x512.jpg?v=1626103982 768w, https:\/\/perfectvenue.es\/wp-content\/uploads\/2020\/07\/elopement-finca-aldeallana-rosa-garrido-75-450x300.jpg?v=1626103982 450w, https:\/\/perfectvenue.es\/wp-content\/uploads\/2020\/07\/elopement-finca-aldeallana-rosa-garrido-75-600x400.jpg?v=1626103982 600w\" sizes=\"auto, (max-width: 850px) 100vw, 850px\" \/> <img loading=\"lazy\" decoding=\"async\" class=\"alignnone size-full wp-image-27360\" src=\"https:\/\/perfectvenue.es\/wp-content\/uploads\/2020\/07\/elopement-finca-aldeallana-rosa-garrido-78.jpg\" alt=\"\" width=\"850\" height=\"567\" srcset=\"https:\/\/perfectvenue.es\/wp-content\/uploads\/2020\/07\/elopement-finca-aldeallana-rosa-garrido-78.jpg?v=1626103981 850w, https:\/\/perfectvenue.es\/wp-content\/uploads\/2020\/07\/elopement-finca-aldeallana-rosa-garrido-78-300x200.jpg?v=1626103981 300w, https:\/\/perfectvenue.es\/wp-content\/uploads\/2020\/07\/elopement-finca-aldeallana-rosa-garrido-78-768x512.jpg?v=1626103981 768w, https:\/\/perfectvenue.es\/wp-content\/uploads\/2020\/07\/elopement-finca-aldeallana-rosa-garrido-78-450x300.jpg?v=1626103981 450w, https:\/\/perfectvenue.es\/wp-content\/uploads\/2020\/07\/elopement-finca-aldeallana-rosa-garrido-78-600x400.jpg?v=1626103981 600w\" sizes=\"auto, (max-width: 850px) 100vw, 850px\" \/> <img loading=\"lazy\" decoding=\"async\" class=\"alignnone size-full wp-image-27361\" src=\"https:\/\/perfectvenue.es\/wp-content\/uploads\/2020\/07\/elopement-finca-aldeallana-rosa-garrido-79.jpg\" alt=\"\" width=\"850\" height=\"567\" srcset=\"https:\/\/perfectvenue.es\/wp-content\/uploads\/2020\/07\/elopement-finca-aldeallana-rosa-garrido-79.jpg?v=1626103980 850w, https:\/\/perfectvenue.es\/wp-content\/uploads\/2020\/07\/elopement-finca-aldeallana-rosa-garrido-79-300x200.jpg?v=1626103980 300w, https:\/\/perfectvenue.es\/wp-content\/uploads\/2020\/07\/elopement-finca-aldeallana-rosa-garrido-79-768x512.jpg?v=1626103980 768w, https:\/\/perfectvenue.es\/wp-content\/uploads\/2020\/07\/elopement-finca-aldeallana-rosa-garrido-79-450x300.jpg?v=1626103980 450w, https:\/\/perfectvenue.es\/wp-content\/uploads\/2020\/07\/elopement-finca-aldeallana-rosa-garrido-79-600x400.jpg?v=1626103980 600w\" sizes=\"auto, (max-width: 850px) 100vw, 850px\" \/> <img loading=\"lazy\" decoding=\"async\" class=\"alignnone size-full wp-image-27362\" src=\"https:\/\/perfectvenue.es\/wp-content\/uploads\/2020\/07\/elopement-finca-aldeallana-rosa-garrido-80.jpg\" alt=\"\" width=\"850\" height=\"567\" srcset=\"https:\/\/perfectvenue.es\/wp-content\/uploads\/2020\/07\/elopement-finca-aldeallana-rosa-garrido-80.jpg?v=1626103980 850w, https:\/\/perfectvenue.es\/wp-content\/uploads\/2020\/07\/elopement-finca-aldeallana-rosa-garrido-80-300x200.jpg?v=1626103980 300w, https:\/\/perfectvenue.es\/wp-content\/uploads\/2020\/07\/elopement-finca-aldeallana-rosa-garrido-80-768x512.jpg?v=1626103980 768w, https:\/\/perfectvenue.es\/wp-content\/uploads\/2020\/07\/elopement-finca-aldeallana-rosa-garrido-80-450x300.jpg?v=1626103980 450w, https:\/\/perfectvenue.es\/wp-content\/uploads\/2020\/07\/elopement-finca-aldeallana-rosa-garrido-80-600x400.jpg?v=1626103980 600w\" sizes=\"auto, (max-width: 850px) 100vw, 850px\" \/> <img loading=\"lazy\" decoding=\"async\" class=\"alignnone size-full wp-image-27363\" src=\"https:\/\/perfectvenue.es\/wp-content\/uploads\/2020\/07\/elopement-finca-aldeallana-rosa-garrido-81.jpg\" alt=\"\" width=\"850\" height=\"567\" srcset=\"https:\/\/perfectvenue.es\/wp-content\/uploads\/2020\/07\/elopement-finca-aldeallana-rosa-garrido-81.jpg?v=1626103979 850w, https:\/\/perfectvenue.es\/wp-content\/uploads\/2020\/07\/elopement-finca-aldeallana-rosa-garrido-81-300x200.jpg?v=1626103979 300w, https:\/\/perfectvenue.es\/wp-content\/uploads\/2020\/07\/elopement-finca-aldeallana-rosa-garrido-81-768x512.jpg?v=1626103979 768w, https:\/\/perfectvenue.es\/wp-content\/uploads\/2020\/07\/elopement-finca-aldeallana-rosa-garrido-81-450x300.jpg?v=1626103979 450w, https:\/\/perfectvenue.es\/wp-content\/uploads\/2020\/07\/elopement-finca-aldeallana-rosa-garrido-81-600x400.jpg?v=1626103979 600w\" sizes=\"auto, (max-width: 850px) 100vw, 850px\" \/> <img loading=\"lazy\" decoding=\"async\" class=\"alignnone size-full wp-image-27364\" src=\"https:\/\/perfectvenue.es\/wp-content\/uploads\/2020\/07\/elopement-finca-aldeallana-rosa-garrido-82.jpg\" alt=\"\" width=\"850\" height=\"567\" srcset=\"https:\/\/perfectvenue.es\/wp-content\/uploads\/2020\/07\/elopement-finca-aldeallana-rosa-garrido-82.jpg?v=1626103978 850w, https:\/\/perfectvenue.es\/wp-content\/uploads\/2020\/07\/elopement-finca-aldeallana-rosa-garrido-82-300x200.jpg?v=1626103978 300w, https:\/\/perfectvenue.es\/wp-content\/uploads\/2020\/07\/elopement-finca-aldeallana-rosa-garrido-82-768x512.jpg?v=1626103978 768w, https:\/\/perfectvenue.es\/wp-content\/uploads\/2020\/07\/elopement-finca-aldeallana-rosa-garrido-82-450x300.jpg?v=1626103978 450w, https:\/\/perfectvenue.es\/wp-content\/uploads\/2020\/07\/elopement-finca-aldeallana-rosa-garrido-82-600x400.jpg?v=1626103978 600w\" sizes=\"auto, (max-width: 850px) 100vw, 850px\" \/> <img loading=\"lazy\" decoding=\"async\" class=\"alignnone size-full wp-image-27367\" src=\"https:\/\/perfectvenue.es\/wp-content\/uploads\/2020\/07\/elopement-finca-aldeallana-rosa-garrido-85.jpg\" alt=\"\" width=\"850\" height=\"567\" srcset=\"https:\/\/perfectvenue.es\/wp-content\/uploads\/2020\/07\/elopement-finca-aldeallana-rosa-garrido-85.jpg?v=1626103977 850w, https:\/\/perfectvenue.es\/wp-content\/uploads\/2020\/07\/elopement-finca-aldeallana-rosa-garrido-85-300x200.jpg?v=1626103977 300w, https:\/\/perfectvenue.es\/wp-content\/uploads\/2020\/07\/elopement-finca-aldeallana-rosa-garrido-85-768x512.jpg?v=1626103977 768w, https:\/\/perfectvenue.es\/wp-content\/uploads\/2020\/07\/elopement-finca-aldeallana-rosa-garrido-85-450x300.jpg?v=1626103977 450w, https:\/\/perfectvenue.es\/wp-content\/uploads\/2020\/07\/elopement-finca-aldeallana-rosa-garrido-85-600x400.jpg?v=1626103977 600w\" sizes=\"auto, (max-width: 850px) 100vw, 850px\" \/> <img loading=\"lazy\" decoding=\"async\" class=\"alignnone size-full wp-image-27368\" src=\"https:\/\/perfectvenue.es\/wp-content\/uploads\/2020\/07\/elopement-finca-aldeallana-rosa-garrido-86.jpg\" alt=\"\" width=\"850\" height=\"567\" srcset=\"https:\/\/perfectvenue.es\/wp-content\/uploads\/2020\/07\/elopement-finca-aldeallana-rosa-garrido-86.jpg?v=1626103976 850w, https:\/\/perfectvenue.es\/wp-content\/uploads\/2020\/07\/elopement-finca-aldeallana-rosa-garrido-86-300x200.jpg?v=1626103976 300w, https:\/\/perfectvenue.es\/wp-content\/uploads\/2020\/07\/elopement-finca-aldeallana-rosa-garrido-86-768x512.jpg?v=1626103976 768w, https:\/\/perfectvenue.es\/wp-content\/uploads\/2020\/07\/elopement-finca-aldeallana-rosa-garrido-86-450x300.jpg?v=1626103976 450w, https:\/\/perfectvenue.es\/wp-content\/uploads\/2020\/07\/elopement-finca-aldeallana-rosa-garrido-86-600x400.jpg?v=1626103976 600w\" sizes=\"auto, (max-width: 850px) 100vw, 850px\" \/> <img loading=\"lazy\" decoding=\"async\" class=\"alignnone size-full wp-image-27370\" src=\"https:\/\/perfectvenue.es\/wp-content\/uploads\/2020\/07\/elopement-finca-aldeallana-rosa-garrido-88.jpg\" alt=\"\" width=\"850\" height=\"567\" srcset=\"https:\/\/perfectvenue.es\/wp-content\/uploads\/2020\/07\/elopement-finca-aldeallana-rosa-garrido-88.jpg?v=1626103975 850w, https:\/\/perfectvenue.es\/wp-content\/uploads\/2020\/07\/elopement-finca-aldeallana-rosa-garrido-88-300x200.jpg?v=1626103975 300w, https:\/\/perfectvenue.es\/wp-content\/uploads\/2020\/07\/elopement-finca-aldeallana-rosa-garrido-88-768x512.jpg?v=1626103975 768w, https:\/\/perfectvenue.es\/wp-content\/uploads\/2020\/07\/elopement-finca-aldeallana-rosa-garrido-88-450x300.jpg?v=1626103975 450w, https:\/\/perfectvenue.es\/wp-content\/uploads\/2020\/07\/elopement-finca-aldeallana-rosa-garrido-88-600x400.jpg?v=1626103975 600w\" sizes=\"auto, (max-width: 850px) 100vw, 850px\" \/> <img loading=\"lazy\" decoding=\"async\" class=\"alignnone size-full wp-image-27371\" src=\"https:\/\/perfectvenue.es\/wp-content\/uploads\/2020\/07\/elopement-finca-aldeallana-rosa-garrido-89.jpg\" alt=\"\" width=\"850\" height=\"567\" srcset=\"https:\/\/perfectvenue.es\/wp-content\/uploads\/2020\/07\/elopement-finca-aldeallana-rosa-garrido-89.jpg?v=1626103974 850w, https:\/\/perfectvenue.es\/wp-content\/uploads\/2020\/07\/elopement-finca-aldeallana-rosa-garrido-89-300x200.jpg?v=1626103974 300w, https:\/\/perfectvenue.es\/wp-content\/uploads\/2020\/07\/elopement-finca-aldeallana-rosa-garrido-89-768x512.jpg?v=1626103974 768w, https:\/\/perfectvenue.es\/wp-content\/uploads\/2020\/07\/elopement-finca-aldeallana-rosa-garrido-89-450x300.jpg?v=1626103974 450w, https:\/\/perfectvenue.es\/wp-content\/uploads\/2020\/07\/elopement-finca-aldeallana-rosa-garrido-89-600x400.jpg?v=1626103974 600w\" sizes=\"auto, (max-width: 850px) 100vw, 850px\" \/> <img loading=\"lazy\" decoding=\"async\" class=\"alignnone size-full wp-image-27372\" src=\"https:\/\/perfectvenue.es\/wp-content\/uploads\/2020\/07\/elopement-finca-aldeallana-rosa-garrido-90.jpg\" alt=\"\" width=\"850\" height=\"567\" srcset=\"https:\/\/perfectvenue.es\/wp-content\/uploads\/2020\/07\/elopement-finca-aldeallana-rosa-garrido-90.jpg?v=1626103973 850w, https:\/\/perfectvenue.es\/wp-content\/uploads\/2020\/07\/elopement-finca-aldeallana-rosa-garrido-90-300x200.jpg?v=1626103973 300w, https:\/\/perfectvenue.es\/wp-content\/uploads\/2020\/07\/elopement-finca-aldeallana-rosa-garrido-90-768x512.jpg?v=1626103973 768w, https:\/\/perfectvenue.es\/wp-content\/uploads\/2020\/07\/elopement-finca-aldeallana-rosa-garrido-90-450x300.jpg?v=1626103973 450w, https:\/\/perfectvenue.es\/wp-content\/uploads\/2020\/07\/elopement-finca-aldeallana-rosa-garrido-90-600x400.jpg?v=1626103973 600w\" sizes=\"auto, (max-width: 850px) 100vw, 850px\" \/> <img loading=\"lazy\" decoding=\"async\" class=\"alignnone size-full wp-image-27373\" src=\"https:\/\/perfectvenue.es\/wp-content\/uploads\/2020\/07\/elopement-finca-aldeallana-rosa-garrido-91.jpg\" alt=\"\" width=\"850\" height=\"567\" srcset=\"https:\/\/perfectvenue.es\/wp-content\/uploads\/2020\/07\/elopement-finca-aldeallana-rosa-garrido-91.jpg?v=1626103972 850w, https:\/\/perfectvenue.es\/wp-content\/uploads\/2020\/07\/elopement-finca-aldeallana-rosa-garrido-91-300x200.jpg?v=1626103972 300w, https:\/\/perfectvenue.es\/wp-content\/uploads\/2020\/07\/elopement-finca-aldeallana-rosa-garrido-91-768x512.jpg?v=1626103972 768w, https:\/\/perfectvenue.es\/wp-content\/uploads\/2020\/07\/elopement-finca-aldeallana-rosa-garrido-91-450x300.jpg?v=1626103972 450w, https:\/\/perfectvenue.es\/wp-content\/uploads\/2020\/07\/elopement-finca-aldeallana-rosa-garrido-91-600x400.jpg?v=1626103972 600w\" sizes=\"auto, (max-width: 850px) 100vw, 850px\" \/> <img loading=\"lazy\" decoding=\"async\" class=\"alignnone size-full wp-image-27374\" src=\"https:\/\/perfectvenue.es\/wp-content\/uploads\/2020\/07\/elopement-finca-aldeallana-rosa-garrido-92.jpg\" alt=\"\" width=\"850\" height=\"567\" srcset=\"https:\/\/perfectvenue.es\/wp-content\/uploads\/2020\/07\/elopement-finca-aldeallana-rosa-garrido-92.jpg?v=1626103972 850w, https:\/\/perfectvenue.es\/wp-content\/uploads\/2020\/07\/elopement-finca-aldeallana-rosa-garrido-92-300x200.jpg?v=1626103972 300w, https:\/\/perfectvenue.es\/wp-content\/uploads\/2020\/07\/elopement-finca-aldeallana-rosa-garrido-92-768x512.jpg?v=1626103972 768w, https:\/\/perfectvenue.es\/wp-content\/uploads\/2020\/07\/elopement-finca-aldeallana-rosa-garrido-92-450x300.jpg?v=1626103972 450w, https:\/\/perfectvenue.es\/wp-content\/uploads\/2020\/07\/elopement-finca-aldeallana-rosa-garrido-92-600x400.jpg?v=1626103972 600w\" sizes=\"auto, (max-width: 850px) 100vw, 850px\" \/> <img loading=\"lazy\" decoding=\"async\" class=\"alignnone size-full wp-image-27375\" src=\"https:\/\/perfectvenue.es\/wp-content\/uploads\/2020\/07\/elopement-finca-aldeallana-rosa-garrido-93.jpg\" alt=\"\" width=\"850\" height=\"567\" srcset=\"https:\/\/perfectvenue.es\/wp-content\/uploads\/2020\/07\/elopement-finca-aldeallana-rosa-garrido-93.jpg?v=1626103971 850w, https:\/\/perfectvenue.es\/wp-content\/uploads\/2020\/07\/elopement-finca-aldeallana-rosa-garrido-93-300x200.jpg?v=1626103971 300w, https:\/\/perfectvenue.es\/wp-content\/uploads\/2020\/07\/elopement-finca-aldeallana-rosa-garrido-93-768x512.jpg?v=1626103971 768w, https:\/\/perfectvenue.es\/wp-content\/uploads\/2020\/07\/elopement-finca-aldeallana-rosa-garrido-93-450x300.jpg?v=1626103971 450w, https:\/\/perfectvenue.es\/wp-content\/uploads\/2020\/07\/elopement-finca-aldeallana-rosa-garrido-93-600x400.jpg?v=1626103971 600w\" sizes=\"auto, (max-width: 850px) 100vw, 850px\" \/> <img loading=\"lazy\" decoding=\"async\" class=\"alignnone size-full wp-image-27376\" src=\"https:\/\/perfectvenue.es\/wp-content\/uploads\/2020\/07\/elopement-finca-aldeallana-rosa-garrido-94.jpg\" alt=\"\" width=\"850\" height=\"567\" srcset=\"https:\/\/perfectvenue.es\/wp-content\/uploads\/2020\/07\/elopement-finca-aldeallana-rosa-garrido-94.jpg?v=1626103970 850w, https:\/\/perfectvenue.es\/wp-content\/uploads\/2020\/07\/elopement-finca-aldeallana-rosa-garrido-94-300x200.jpg?v=1626103970 300w, https:\/\/perfectvenue.es\/wp-content\/uploads\/2020\/07\/elopement-finca-aldeallana-rosa-garrido-94-768x512.jpg?v=1626103970 768w, https:\/\/perfectvenue.es\/wp-content\/uploads\/2020\/07\/elopement-finca-aldeallana-rosa-garrido-94-450x300.jpg?v=1626103970 450w, https:\/\/perfectvenue.es\/wp-content\/uploads\/2020\/07\/elopement-finca-aldeallana-rosa-garrido-94-600x400.jpg?v=1626103970 600w\" sizes=\"auto, (max-width: 850px) 100vw, 850px\" \/><\/span><\/p>\n<h2 style=\"text-align: justify;\">Un estilo muy sofisticado para las nevadas<\/h2>\n<p style=\"text-align: justify;\"><span style=\"font-weight: 400;\">Y es que la novia no opt\u00f3 por el tradicional vestido de novia, sino que se decant\u00f3 por un dos piezas.<\/span><\/p>\n<p style=\"text-align: justify;\"><span style=\"font-weight: 400;\">En la parte superior la apuesta elegida fue un <\/span><b><i>body<\/i><\/b><b> de tirantes con bordados de flores y transparencias con cuello de pico y espalda al aire libre<\/b><span style=\"font-weight: 400;\">, mientras que para la parte superior opt\u00f3 por una <\/span><b>falda con muchas y peque\u00f1as telas superpuestas<\/b><span style=\"font-weight: 400;\"> que llen\u00f3 su figura de volumen.<\/span><\/p>\n<p style=\"text-align: justify;\"><span style=\"font-weight: 400;\">Como complementos, Diana a\u00f1adi\u00f3 una <\/span><b>capa corta de pelo<\/b><span style=\"font-weight: 400;\"> que la resguardarse del fr\u00edo, as\u00ed como un calzado de tejido muy hibernal: un par de <\/span><b>zapatos de terciopelo rosa<\/b><span style=\"font-weight: 400;\"> anudados al tobillo.<\/span><\/p>\n<p style=\"text-align: justify;\"><span style=\"font-weight: 400;\">Respecto al maquillaje, este fue muy sencillo, predominando los tonos nudes, lo que la hicieron estar la mar de natural. Los labios destacaban por su rosa mate, y sus ojos por su fino delineado negro con sombras ros\u00e1ceas y marrones.<\/span><\/p>\n<p style=\"text-align: justify;\"><span style=\"font-weight: 400;\">El peinado elegido para el gran d\u00eda de Diana fue un semi-recogido repleto de grandes y abiertas ondas junto con alguna que otra trenza muy finita. Adem\u00e1s, cont\u00f3 con una <\/span><b>tiara en tono bronce y azul<\/b><span style=\"font-weight: 400;\">, igual que la cinta que ataba los tallos de su ramo de novia.<\/span><\/p>\n<p style=\"text-align: justify;\"><span style=\"font-weight: 400;\">Por otra parte, Miguel, el novio, luci\u00f3 radiante con un <\/span><b>chaqu\u00e9 azul marino de cuadros<\/b><span style=\"font-weight: 400;\"> y pa\u00f1uelo blanco en bolsillo, con una camisa blanca y una corbata azul marina con estampado en tonos blancos y azules.<\/span><\/p>\n<p style=\"text-align: justify;\"><span style=\"font-weight: 400;\">Tambi\u00e9n acompa\u00f1\u00f3 a su traje con un <\/span><b>chaleco gris de forro interior estampado <\/b><span style=\"font-weight: 400;\">en los mismos tonos.<\/span><\/p>\n<p><span class=\"alignnone\"><img loading=\"lazy\" decoding=\"async\" class=\"alignnone size-full wp-image-27377\" src=\"https:\/\/perfectvenue.es\/wp-content\/uploads\/2020\/07\/elopement-finca-aldeallana-rosa-garrido-101.jpg\" alt=\"\" width=\"850\" height=\"567\" srcset=\"https:\/\/perfectvenue.es\/wp-content\/uploads\/2020\/07\/elopement-finca-aldeallana-rosa-garrido-101.jpg?v=1626103969 850w, https:\/\/perfectvenue.es\/wp-content\/uploads\/2020\/07\/elopement-finca-aldeallana-rosa-garrido-101-300x200.jpg?v=1626103969 300w, https:\/\/perfectvenue.es\/wp-content\/uploads\/2020\/07\/elopement-finca-aldeallana-rosa-garrido-101-768x512.jpg?v=1626103969 768w, https:\/\/perfectvenue.es\/wp-content\/uploads\/2020\/07\/elopement-finca-aldeallana-rosa-garrido-101-450x300.jpg?v=1626103969 450w, https:\/\/perfectvenue.es\/wp-content\/uploads\/2020\/07\/elopement-finca-aldeallana-rosa-garrido-101-600x400.jpg?v=1626103969 600w\" sizes=\"auto, (max-width: 850px) 100vw, 850px\" \/> <img loading=\"lazy\" decoding=\"async\" class=\"alignnone size-full wp-image-27378\" src=\"https:\/\/perfectvenue.es\/wp-content\/uploads\/2020\/07\/elopement-finca-aldeallana-rosa-garrido-102.jpg\" alt=\"\" width=\"850\" height=\"567\" srcset=\"https:\/\/perfectvenue.es\/wp-content\/uploads\/2020\/07\/elopement-finca-aldeallana-rosa-garrido-102.jpg?v=1626103968 850w, https:\/\/perfectvenue.es\/wp-content\/uploads\/2020\/07\/elopement-finca-aldeallana-rosa-garrido-102-300x200.jpg?v=1626103968 300w, https:\/\/perfectvenue.es\/wp-content\/uploads\/2020\/07\/elopement-finca-aldeallana-rosa-garrido-102-768x512.jpg?v=1626103968 768w, https:\/\/perfectvenue.es\/wp-content\/uploads\/2020\/07\/elopement-finca-aldeallana-rosa-garrido-102-450x300.jpg?v=1626103968 450w, https:\/\/perfectvenue.es\/wp-content\/uploads\/2020\/07\/elopement-finca-aldeallana-rosa-garrido-102-600x400.jpg?v=1626103968 600w\" sizes=\"auto, (max-width: 850px) 100vw, 850px\" \/> <img loading=\"lazy\" decoding=\"async\" class=\"alignnone size-full wp-image-27379\" src=\"https:\/\/perfectvenue.es\/wp-content\/uploads\/2020\/07\/elopement-finca-aldeallana-rosa-garrido-103.jpg\" alt=\"\" width=\"850\" height=\"567\" srcset=\"https:\/\/perfectvenue.es\/wp-content\/uploads\/2020\/07\/elopement-finca-aldeallana-rosa-garrido-103.jpg?v=1626103968 850w, https:\/\/perfectvenue.es\/wp-content\/uploads\/2020\/07\/elopement-finca-aldeallana-rosa-garrido-103-300x200.jpg?v=1626103968 300w, https:\/\/perfectvenue.es\/wp-content\/uploads\/2020\/07\/elopement-finca-aldeallana-rosa-garrido-103-768x512.jpg?v=1626103968 768w, https:\/\/perfectvenue.es\/wp-content\/uploads\/2020\/07\/elopement-finca-aldeallana-rosa-garrido-103-450x300.jpg?v=1626103968 450w, https:\/\/perfectvenue.es\/wp-content\/uploads\/2020\/07\/elopement-finca-aldeallana-rosa-garrido-103-600x400.jpg?v=1626103968 600w\" sizes=\"auto, (max-width: 850px) 100vw, 850px\" \/> <img loading=\"lazy\" decoding=\"async\" class=\"alignnone size-full wp-image-27380\" src=\"https:\/\/perfectvenue.es\/wp-content\/uploads\/2020\/07\/elopement-finca-aldeallana-rosa-garrido-104.jpg\" alt=\"\" width=\"850\" height=\"567\" srcset=\"https:\/\/perfectvenue.es\/wp-content\/uploads\/2020\/07\/elopement-finca-aldeallana-rosa-garrido-104.jpg?v=1626103967 850w, https:\/\/perfectvenue.es\/wp-content\/uploads\/2020\/07\/elopement-finca-aldeallana-rosa-garrido-104-300x200.jpg?v=1626103967 300w, https:\/\/perfectvenue.es\/wp-content\/uploads\/2020\/07\/elopement-finca-aldeallana-rosa-garrido-104-768x512.jpg?v=1626103967 768w, https:\/\/perfectvenue.es\/wp-content\/uploads\/2020\/07\/elopement-finca-aldeallana-rosa-garrido-104-450x300.jpg?v=1626103967 450w, https:\/\/perfectvenue.es\/wp-content\/uploads\/2020\/07\/elopement-finca-aldeallana-rosa-garrido-104-600x400.jpg?v=1626103967 600w\" sizes=\"auto, (max-width: 850px) 100vw, 850px\" \/> <img loading=\"lazy\" decoding=\"async\" class=\"alignnone size-full wp-image-27381\" src=\"https:\/\/perfectvenue.es\/wp-content\/uploads\/2020\/07\/elopement-finca-aldeallana-rosa-garrido-105.jpg\" alt=\"\" width=\"850\" height=\"567\" srcset=\"https:\/\/perfectvenue.es\/wp-content\/uploads\/2020\/07\/elopement-finca-aldeallana-rosa-garrido-105.jpg?v=1626103966 850w, https:\/\/perfectvenue.es\/wp-content\/uploads\/2020\/07\/elopement-finca-aldeallana-rosa-garrido-105-300x200.jpg?v=1626103966 300w, https:\/\/perfectvenue.es\/wp-content\/uploads\/2020\/07\/elopement-finca-aldeallana-rosa-garrido-105-768x512.jpg?v=1626103966 768w, https:\/\/perfectvenue.es\/wp-content\/uploads\/2020\/07\/elopement-finca-aldeallana-rosa-garrido-105-450x300.jpg?v=1626103966 450w, https:\/\/perfectvenue.es\/wp-content\/uploads\/2020\/07\/elopement-finca-aldeallana-rosa-garrido-105-600x400.jpg?v=1626103966 600w\" sizes=\"auto, (max-width: 850px) 100vw, 850px\" \/> <img loading=\"lazy\" decoding=\"async\" class=\"alignnone size-full wp-image-27382\" src=\"https:\/\/perfectvenue.es\/wp-content\/uploads\/2020\/07\/elopement-finca-aldeallana-rosa-garrido-106.jpg\" alt=\"\" width=\"850\" height=\"567\" srcset=\"https:\/\/perfectvenue.es\/wp-content\/uploads\/2020\/07\/elopement-finca-aldeallana-rosa-garrido-106.jpg?v=1626103965 850w, https:\/\/perfectvenue.es\/wp-content\/uploads\/2020\/07\/elopement-finca-aldeallana-rosa-garrido-106-300x200.jpg?v=1626103965 300w, https:\/\/perfectvenue.es\/wp-content\/uploads\/2020\/07\/elopement-finca-aldeallana-rosa-garrido-106-768x512.jpg?v=1626103965 768w, https:\/\/perfectvenue.es\/wp-content\/uploads\/2020\/07\/elopement-finca-aldeallana-rosa-garrido-106-450x300.jpg?v=1626103965 450w, https:\/\/perfectvenue.es\/wp-content\/uploads\/2020\/07\/elopement-finca-aldeallana-rosa-garrido-106-600x400.jpg?v=1626103965 600w\" sizes=\"auto, (max-width: 850px) 100vw, 850px\" \/> <img loading=\"lazy\" decoding=\"async\" class=\"alignnone size-full wp-image-27383\" src=\"https:\/\/perfectvenue.es\/wp-content\/uploads\/2020\/07\/elopement-finca-aldeallana-rosa-garrido-107.jpg\" alt=\"\" width=\"850\" height=\"567\" srcset=\"https:\/\/perfectvenue.es\/wp-content\/uploads\/2020\/07\/elopement-finca-aldeallana-rosa-garrido-107.jpg?v=1626103964 850w, https:\/\/perfectvenue.es\/wp-content\/uploads\/2020\/07\/elopement-finca-aldeallana-rosa-garrido-107-300x200.jpg?v=1626103964 300w, https:\/\/perfectvenue.es\/wp-content\/uploads\/2020\/07\/elopement-finca-aldeallana-rosa-garrido-107-768x512.jpg?v=1626103964 768w, https:\/\/perfectvenue.es\/wp-content\/uploads\/2020\/07\/elopement-finca-aldeallana-rosa-garrido-107-450x300.jpg?v=1626103964 450w, https:\/\/perfectvenue.es\/wp-content\/uploads\/2020\/07\/elopement-finca-aldeallana-rosa-garrido-107-600x400.jpg?v=1626103964 600w\" sizes=\"auto, (max-width: 850px) 100vw, 850px\" \/> <img loading=\"lazy\" decoding=\"async\" class=\"alignnone size-full wp-image-27385\" src=\"https:\/\/perfectvenue.es\/wp-content\/uploads\/2020\/07\/elopement-finca-aldeallana-rosa-garrido-109.jpg\" alt=\"\" width=\"850\" height=\"567\" srcset=\"https:\/\/perfectvenue.es\/wp-content\/uploads\/2020\/07\/elopement-finca-aldeallana-rosa-garrido-109.jpg?v=1626103963 850w, https:\/\/perfectvenue.es\/wp-content\/uploads\/2020\/07\/elopement-finca-aldeallana-rosa-garrido-109-300x200.jpg?v=1626103963 300w, https:\/\/perfectvenue.es\/wp-content\/uploads\/2020\/07\/elopement-finca-aldeallana-rosa-garrido-109-768x512.jpg?v=1626103963 768w, https:\/\/perfectvenue.es\/wp-content\/uploads\/2020\/07\/elopement-finca-aldeallana-rosa-garrido-109-450x300.jpg?v=1626103963 450w, https:\/\/perfectvenue.es\/wp-content\/uploads\/2020\/07\/elopement-finca-aldeallana-rosa-garrido-109-600x400.jpg?v=1626103963 600w\" sizes=\"auto, (max-width: 850px) 100vw, 850px\" \/> <img loading=\"lazy\" decoding=\"async\" class=\"alignnone size-full wp-image-27386\" src=\"https:\/\/perfectvenue.es\/wp-content\/uploads\/2020\/07\/elopement-finca-aldeallana-rosa-garrido-110.jpg\" alt=\"\" width=\"850\" height=\"567\" srcset=\"https:\/\/perfectvenue.es\/wp-content\/uploads\/2020\/07\/elopement-finca-aldeallana-rosa-garrido-110.jpg?v=1626103963 850w, https:\/\/perfectvenue.es\/wp-content\/uploads\/2020\/07\/elopement-finca-aldeallana-rosa-garrido-110-300x200.jpg?v=1626103963 300w, https:\/\/perfectvenue.es\/wp-content\/uploads\/2020\/07\/elopement-finca-aldeallana-rosa-garrido-110-768x512.jpg?v=1626103963 768w, https:\/\/perfectvenue.es\/wp-content\/uploads\/2020\/07\/elopement-finca-aldeallana-rosa-garrido-110-450x300.jpg?v=1626103963 450w, https:\/\/perfectvenue.es\/wp-content\/uploads\/2020\/07\/elopement-finca-aldeallana-rosa-garrido-110-600x400.jpg?v=1626103963 600w\" sizes=\"auto, (max-width: 850px) 100vw, 850px\" \/> <img loading=\"lazy\" decoding=\"async\" class=\"alignnone size-full wp-image-27387\" src=\"https:\/\/perfectvenue.es\/wp-content\/uploads\/2020\/07\/elopement-finca-aldeallana-rosa-garrido-111.jpg\" alt=\"\" width=\"850\" height=\"567\" srcset=\"https:\/\/perfectvenue.es\/wp-content\/uploads\/2020\/07\/elopement-finca-aldeallana-rosa-garrido-111.jpg?v=1626103962 850w, https:\/\/perfectvenue.es\/wp-content\/uploads\/2020\/07\/elopement-finca-aldeallana-rosa-garrido-111-300x200.jpg?v=1626103962 300w, https:\/\/perfectvenue.es\/wp-content\/uploads\/2020\/07\/elopement-finca-aldeallana-rosa-garrido-111-768x512.jpg?v=1626103962 768w, https:\/\/perfectvenue.es\/wp-content\/uploads\/2020\/07\/elopement-finca-aldeallana-rosa-garrido-111-450x300.jpg?v=1626103962 450w, https:\/\/perfectvenue.es\/wp-content\/uploads\/2020\/07\/elopement-finca-aldeallana-rosa-garrido-111-600x400.jpg?v=1626103962 600w\" sizes=\"auto, (max-width: 850px) 100vw, 850px\" \/> <img loading=\"lazy\" decoding=\"async\" class=\"alignnone size-full wp-image-27388\" src=\"https:\/\/perfectvenue.es\/wp-content\/uploads\/2020\/07\/elopement-finca-aldeallana-rosa-garrido-112.jpg\" alt=\"\" width=\"850\" height=\"567\" srcset=\"https:\/\/perfectvenue.es\/wp-content\/uploads\/2020\/07\/elopement-finca-aldeallana-rosa-garrido-112.jpg?v=1626103961 850w, https:\/\/perfectvenue.es\/wp-content\/uploads\/2020\/07\/elopement-finca-aldeallana-rosa-garrido-112-300x200.jpg?v=1626103961 300w, https:\/\/perfectvenue.es\/wp-content\/uploads\/2020\/07\/elopement-finca-aldeallana-rosa-garrido-112-768x512.jpg?v=1626103961 768w, https:\/\/perfectvenue.es\/wp-content\/uploads\/2020\/07\/elopement-finca-aldeallana-rosa-garrido-112-450x300.jpg?v=1626103961 450w, https:\/\/perfectvenue.es\/wp-content\/uploads\/2020\/07\/elopement-finca-aldeallana-rosa-garrido-112-600x400.jpg?v=1626103961 600w\" sizes=\"auto, (max-width: 850px) 100vw, 850px\" \/> <img loading=\"lazy\" decoding=\"async\" class=\"alignnone size-full wp-image-27390\" src=\"https:\/\/perfectvenue.es\/wp-content\/uploads\/2020\/07\/elopement-finca-aldeallana-rosa-garrido-114.jpg\" alt=\"\" width=\"850\" height=\"567\" srcset=\"https:\/\/perfectvenue.es\/wp-content\/uploads\/2020\/07\/elopement-finca-aldeallana-rosa-garrido-114.jpg?v=1626103960 850w, https:\/\/perfectvenue.es\/wp-content\/uploads\/2020\/07\/elopement-finca-aldeallana-rosa-garrido-114-300x200.jpg?v=1626103960 300w, https:\/\/perfectvenue.es\/wp-content\/uploads\/2020\/07\/elopement-finca-aldeallana-rosa-garrido-114-768x512.jpg?v=1626103960 768w, https:\/\/perfectvenue.es\/wp-content\/uploads\/2020\/07\/elopement-finca-aldeallana-rosa-garrido-114-450x300.jpg?v=1626103960 450w, https:\/\/perfectvenue.es\/wp-content\/uploads\/2020\/07\/elopement-finca-aldeallana-rosa-garrido-114-600x400.jpg?v=1626103960 600w\" sizes=\"auto, (max-width: 850px) 100vw, 850px\" \/> <img loading=\"lazy\" decoding=\"async\" class=\"alignnone size-full wp-image-27391\" src=\"https:\/\/perfectvenue.es\/wp-content\/uploads\/2020\/07\/elopement-finca-aldeallana-rosa-garrido-115.jpg\" alt=\"\" width=\"850\" height=\"567\" srcset=\"https:\/\/perfectvenue.es\/wp-content\/uploads\/2020\/07\/elopement-finca-aldeallana-rosa-garrido-115.jpg?v=1626103959 850w, https:\/\/perfectvenue.es\/wp-content\/uploads\/2020\/07\/elopement-finca-aldeallana-rosa-garrido-115-300x200.jpg?v=1626103959 300w, https:\/\/perfectvenue.es\/wp-content\/uploads\/2020\/07\/elopement-finca-aldeallana-rosa-garrido-115-768x512.jpg?v=1626103959 768w, https:\/\/perfectvenue.es\/wp-content\/uploads\/2020\/07\/elopement-finca-aldeallana-rosa-garrido-115-450x300.jpg?v=1626103959 450w, https:\/\/perfectvenue.es\/wp-content\/uploads\/2020\/07\/elopement-finca-aldeallana-rosa-garrido-115-600x400.jpg?v=1626103959 600w\" sizes=\"auto, (max-width: 850px) 100vw, 850px\" \/><\/span><\/p>\n<h2 style=\"text-align: justify;\">Rumbo a una sesi\u00f3n fotogr\u00e1fica de cuento<\/h2>\n<p style=\"text-align: justify;\"><b><a href=\"https:\/\/rosagarrido.com\/\">Rosa Garrido<\/a>, la mejor fot\u00f3grafa de emociones<\/b><span style=\"font-weight: 400;\">, consigui\u00f3 estas fotograf\u00edas de resultado impecable llenas de sentimiento y emoci\u00f3n. \u00a1Y no era para menos!<\/span><\/p>\n<p style=\"text-align: justify;\"><span style=\"font-weight: 400;\">Porque Miguel y Diana cogieron una encantadora <\/span><b>bicicleta con una cesta de flores<\/b><span style=\"font-weight: 400;\">, y bien abrigados y se fueron a los alrededores de la finca para tener su <\/span><b>reportaje fotogr\u00e1fico en la nieve<\/b><span style=\"font-weight: 400;\">.<\/span><\/p>\n<p style=\"text-align: justify;\"><span style=\"font-weight: 400;\">Estos <\/span><b>se burlaron del fr\u00edo<\/b><span style=\"font-weight: 400;\"> cuando ella cambi\u00f3 su <\/span><i><span style=\"font-weight: 400;\">body<\/span><\/i><span style=\"font-weight: 400;\"> por una camisa vaquera y la capa corta de pelo por una bufanda gris a modo de chal, as\u00ed como sus zapatos de terciopelo rosa por unas c\u00f3modas y abrigadas botas marrones UGG.<\/span><\/p>\n<p style=\"text-align: justify;\"><span style=\"font-weight: 400;\">Por otro lado, el novio tambi\u00e9n sustituy\u00f3 su chaqueta por un abrigo de lana azul marino que acompa\u00f1\u00f3 con una bufanda en este mismo tono.<\/span><\/p>\n<p style=\"text-align: justify;\"><span style=\"font-weight: 400;\"> <span class=\"alignnone\"><img loading=\"lazy\" decoding=\"async\" class=\"alignnone size-full wp-image-27393\" src=\"https:\/\/perfectvenue.es\/wp-content\/uploads\/2020\/07\/elopement-finca-aldeallana-rosa-garrido-117.jpg\" alt=\"boda de invierno entre nieve y vaho en la Finca Aldeallana\" width=\"850\" height=\"567\" srcset=\"https:\/\/perfectvenue.es\/wp-content\/uploads\/2020\/07\/elopement-finca-aldeallana-rosa-garrido-117.jpg?v=1626103958 850w, https:\/\/perfectvenue.es\/wp-content\/uploads\/2020\/07\/elopement-finca-aldeallana-rosa-garrido-117-300x200.jpg?v=1626103958 300w, https:\/\/perfectvenue.es\/wp-content\/uploads\/2020\/07\/elopement-finca-aldeallana-rosa-garrido-117-768x512.jpg?v=1626103958 768w, https:\/\/perfectvenue.es\/wp-content\/uploads\/2020\/07\/elopement-finca-aldeallana-rosa-garrido-117-450x300.jpg?v=1626103958 450w, https:\/\/perfectvenue.es\/wp-content\/uploads\/2020\/07\/elopement-finca-aldeallana-rosa-garrido-117-600x400.jpg?v=1626103958 600w\" sizes=\"auto, (max-width: 850px) 100vw, 850px\" \/> <img loading=\"lazy\" decoding=\"async\" class=\"alignnone size-full wp-image-27394\" src=\"https:\/\/perfectvenue.es\/wp-content\/uploads\/2020\/07\/elopement-finca-aldeallana-rosa-garrido-118.jpg\" alt=\"boda de invierno entre nieve y vaho en la Finca Aldeallana\" width=\"850\" height=\"567\" srcset=\"https:\/\/perfectvenue.es\/wp-content\/uploads\/2020\/07\/elopement-finca-aldeallana-rosa-garrido-118.jpg?v=1626103957 850w, https:\/\/perfectvenue.es\/wp-content\/uploads\/2020\/07\/elopement-finca-aldeallana-rosa-garrido-118-300x200.jpg?v=1626103957 300w, https:\/\/perfectvenue.es\/wp-content\/uploads\/2020\/07\/elopement-finca-aldeallana-rosa-garrido-118-768x512.jpg?v=1626103957 768w, https:\/\/perfectvenue.es\/wp-content\/uploads\/2020\/07\/elopement-finca-aldeallana-rosa-garrido-118-450x300.jpg?v=1626103957 450w, https:\/\/perfectvenue.es\/wp-content\/uploads\/2020\/07\/elopement-finca-aldeallana-rosa-garrido-118-600x400.jpg?v=1626103957 600w\" sizes=\"auto, (max-width: 850px) 100vw, 850px\" \/> <img loading=\"lazy\" decoding=\"async\" class=\"alignnone size-full wp-image-27395\" src=\"https:\/\/perfectvenue.es\/wp-content\/uploads\/2020\/07\/elopement-finca-aldeallana-rosa-garrido-119.jpg\" alt=\"boda de invierno entre nieve y vaho en la Finca Aldeallana\" width=\"850\" height=\"567\" srcset=\"https:\/\/perfectvenue.es\/wp-content\/uploads\/2020\/07\/elopement-finca-aldeallana-rosa-garrido-119.jpg?v=1626103957 850w, https:\/\/perfectvenue.es\/wp-content\/uploads\/2020\/07\/elopement-finca-aldeallana-rosa-garrido-119-300x200.jpg?v=1626103957 300w, https:\/\/perfectvenue.es\/wp-content\/uploads\/2020\/07\/elopement-finca-aldeallana-rosa-garrido-119-768x512.jpg?v=1626103957 768w, https:\/\/perfectvenue.es\/wp-content\/uploads\/2020\/07\/elopement-finca-aldeallana-rosa-garrido-119-450x300.jpg?v=1626103957 450w, https:\/\/perfectvenue.es\/wp-content\/uploads\/2020\/07\/elopement-finca-aldeallana-rosa-garrido-119-600x400.jpg?v=1626103957 600w\" sizes=\"auto, (max-width: 850px) 100vw, 850px\" \/> <img loading=\"lazy\" decoding=\"async\" class=\"alignnone size-full wp-image-27396\" src=\"https:\/\/perfectvenue.es\/wp-content\/uploads\/2020\/07\/elopement-finca-aldeallana-rosa-garrido-120.jpg\" alt=\"boda de invierno entre nieve y vaho en la Finca Aldeallana\" width=\"850\" height=\"567\" srcset=\"https:\/\/perfectvenue.es\/wp-content\/uploads\/2020\/07\/elopement-finca-aldeallana-rosa-garrido-120.jpg?v=1626103956 850w, https:\/\/perfectvenue.es\/wp-content\/uploads\/2020\/07\/elopement-finca-aldeallana-rosa-garrido-120-300x200.jpg?v=1626103956 300w, https:\/\/perfectvenue.es\/wp-content\/uploads\/2020\/07\/elopement-finca-aldeallana-rosa-garrido-120-768x512.jpg?v=1626103956 768w, https:\/\/perfectvenue.es\/wp-content\/uploads\/2020\/07\/elopement-finca-aldeallana-rosa-garrido-120-450x300.jpg?v=1626103956 450w, https:\/\/perfectvenue.es\/wp-content\/uploads\/2020\/07\/elopement-finca-aldeallana-rosa-garrido-120-600x400.jpg?v=1626103956 600w\" sizes=\"auto, (max-width: 850px) 100vw, 850px\" \/> <img loading=\"lazy\" decoding=\"async\" class=\"alignnone size-full wp-image-27400\" src=\"https:\/\/perfectvenue.es\/wp-content\/uploads\/2020\/07\/elopement-finca-aldeallana-rosa-garrido-124.jpg\" alt=\"boda de invierno entre nieve y vaho en la Finca Aldeallana\" width=\"850\" height=\"567\" \/> <img loading=\"lazy\" decoding=\"async\" class=\"alignnone size-full wp-image-27401\" src=\"https:\/\/perfectvenue.es\/wp-content\/uploads\/2020\/07\/elopement-finca-aldeallana-rosa-garrido-125.jpg\" alt=\"boda de invierno entre nieve y vaho en la Finca Aldeallana\" width=\"850\" height=\"567\" srcset=\"https:\/\/perfectvenue.es\/wp-content\/uploads\/2020\/07\/elopement-finca-aldeallana-rosa-garrido-125.jpg?v=1626103954 850w, https:\/\/perfectvenue.es\/wp-content\/uploads\/2020\/07\/elopement-finca-aldeallana-rosa-garrido-125-300x200.jpg?v=1626103954 300w, https:\/\/perfectvenue.es\/wp-content\/uploads\/2020\/07\/elopement-finca-aldeallana-rosa-garrido-125-768x512.jpg?v=1626103954 768w, https:\/\/perfectvenue.es\/wp-content\/uploads\/2020\/07\/elopement-finca-aldeallana-rosa-garrido-125-450x300.jpg?v=1626103954 450w, https:\/\/perfectvenue.es\/wp-content\/uploads\/2020\/07\/elopement-finca-aldeallana-rosa-garrido-125-600x400.jpg?v=1626103954 600w\" sizes=\"auto, (max-width: 850px) 100vw, 850px\" \/> <img loading=\"lazy\" decoding=\"async\" class=\"alignnone size-full wp-image-27402\" src=\"https:\/\/perfectvenue.es\/wp-content\/uploads\/2020\/07\/elopement-finca-aldeallana-rosa-garrido-126.jpg\" alt=\"boda de invierno entre nieve y vaho en la Finca Aldeallana\" width=\"850\" height=\"567\" srcset=\"https:\/\/perfectvenue.es\/wp-content\/uploads\/2020\/07\/elopement-finca-aldeallana-rosa-garrido-126.jpg?v=1626103953 850w, https:\/\/perfectvenue.es\/wp-content\/uploads\/2020\/07\/elopement-finca-aldeallana-rosa-garrido-126-300x200.jpg?v=1626103953 300w, https:\/\/perfectvenue.es\/wp-content\/uploads\/2020\/07\/elopement-finca-aldeallana-rosa-garrido-126-768x512.jpg?v=1626103953 768w, https:\/\/perfectvenue.es\/wp-content\/uploads\/2020\/07\/elopement-finca-aldeallana-rosa-garrido-126-450x300.jpg?v=1626103953 450w, https:\/\/perfectvenue.es\/wp-content\/uploads\/2020\/07\/elopement-finca-aldeallana-rosa-garrido-126-600x400.jpg?v=1626103953 600w\" sizes=\"auto, (max-width: 850px) 100vw, 850px\" \/> <img loading=\"lazy\" decoding=\"async\" class=\"alignnone size-full wp-image-27403\" src=\"https:\/\/perfectvenue.es\/wp-content\/uploads\/2020\/07\/elopement-finca-aldeallana-rosa-garrido-127.jpg\" alt=\"boda de invierno entre nieve y vaho en la Finca Aldeallana\" width=\"850\" height=\"567\" srcset=\"https:\/\/perfectvenue.es\/wp-content\/uploads\/2020\/07\/elopement-finca-aldeallana-rosa-garrido-127.jpg?v=1626103953 850w, https:\/\/perfectvenue.es\/wp-content\/uploads\/2020\/07\/elopement-finca-aldeallana-rosa-garrido-127-300x200.jpg?v=1626103953 300w, https:\/\/perfectvenue.es\/wp-content\/uploads\/2020\/07\/elopement-finca-aldeallana-rosa-garrido-127-768x512.jpg?v=1626103953 768w, https:\/\/perfectvenue.es\/wp-content\/uploads\/2020\/07\/elopement-finca-aldeallana-rosa-garrido-127-450x300.jpg?v=1626103953 450w, https:\/\/perfectvenue.es\/wp-content\/uploads\/2020\/07\/elopement-finca-aldeallana-rosa-garrido-127-600x400.jpg?v=1626103953 600w\" sizes=\"auto, (max-width: 850px) 100vw, 850px\" \/> <img loading=\"lazy\" decoding=\"async\" class=\"alignnone size-full wp-image-27404\" src=\"https:\/\/perfectvenue.es\/wp-content\/uploads\/2020\/07\/elopement-finca-aldeallana-rosa-garrido-128.jpg\" alt=\"boda de invierno entre nieve y vaho en la Finca Aldeallana\" width=\"850\" height=\"567\" srcset=\"https:\/\/perfectvenue.es\/wp-content\/uploads\/2020\/07\/elopement-finca-aldeallana-rosa-garrido-128.jpg?v=1626103952 850w, https:\/\/perfectvenue.es\/wp-content\/uploads\/2020\/07\/elopement-finca-aldeallana-rosa-garrido-128-300x200.jpg?v=1626103952 300w, https:\/\/perfectvenue.es\/wp-content\/uploads\/2020\/07\/elopement-finca-aldeallana-rosa-garrido-128-768x512.jpg?v=1626103952 768w, https:\/\/perfectvenue.es\/wp-content\/uploads\/2020\/07\/elopement-finca-aldeallana-rosa-garrido-128-450x300.jpg?v=1626103952 450w, https:\/\/perfectvenue.es\/wp-content\/uploads\/2020\/07\/elopement-finca-aldeallana-rosa-garrido-128-600x400.jpg?v=1626103952 600w\" sizes=\"auto, (max-width: 850px) 100vw, 850px\" \/> <img loading=\"lazy\" decoding=\"async\" class=\"alignnone size-full wp-image-27405\" src=\"https:\/\/perfectvenue.es\/wp-content\/uploads\/2020\/07\/elopement-finca-aldeallana-rosa-garrido-129.jpg\" alt=\"boda de invierno entre nieve y vaho en la Finca Aldeallana\" width=\"850\" height=\"567\" srcset=\"https:\/\/perfectvenue.es\/wp-content\/uploads\/2020\/07\/elopement-finca-aldeallana-rosa-garrido-129.jpg?v=1626103951 850w, https:\/\/perfectvenue.es\/wp-content\/uploads\/2020\/07\/elopement-finca-aldeallana-rosa-garrido-129-300x200.jpg?v=1626103951 300w, https:\/\/perfectvenue.es\/wp-content\/uploads\/2020\/07\/elopement-finca-aldeallana-rosa-garrido-129-768x512.jpg?v=1626103951 768w, https:\/\/perfectvenue.es\/wp-content\/uploads\/2020\/07\/elopement-finca-aldeallana-rosa-garrido-129-450x300.jpg?v=1626103951 450w, https:\/\/perfectvenue.es\/wp-content\/uploads\/2020\/07\/elopement-finca-aldeallana-rosa-garrido-129-600x400.jpg?v=1626103951 600w\" sizes=\"auto, (max-width: 850px) 100vw, 850px\" \/> <img loading=\"lazy\" decoding=\"async\" class=\"alignnone size-full wp-image-27407\" src=\"https:\/\/perfectvenue.es\/wp-content\/uploads\/2020\/07\/elopement-finca-aldeallana-rosa-garrido-131.jpg\" alt=\"boda de invierno entre nieve y vaho en la Finca Aldeallana\" width=\"850\" height=\"567\" srcset=\"https:\/\/perfectvenue.es\/wp-content\/uploads\/2020\/07\/elopement-finca-aldeallana-rosa-garrido-131.jpg?v=1626103950 850w, https:\/\/perfectvenue.es\/wp-content\/uploads\/2020\/07\/elopement-finca-aldeallana-rosa-garrido-131-300x200.jpg?v=1626103950 300w, https:\/\/perfectvenue.es\/wp-content\/uploads\/2020\/07\/elopement-finca-aldeallana-rosa-garrido-131-768x512.jpg?v=1626103950 768w, https:\/\/perfectvenue.es\/wp-content\/uploads\/2020\/07\/elopement-finca-aldeallana-rosa-garrido-131-450x300.jpg?v=1626103950 450w, https:\/\/perfectvenue.es\/wp-content\/uploads\/2020\/07\/elopement-finca-aldeallana-rosa-garrido-131-600x400.jpg?v=1626103950 600w\" sizes=\"auto, (max-width: 850px) 100vw, 850px\" \/> <img loading=\"lazy\" decoding=\"async\" class=\"alignnone size-full wp-image-27408\" src=\"https:\/\/perfectvenue.es\/wp-content\/uploads\/2020\/07\/elopement-finca-aldeallana-rosa-garrido-132.jpg\" alt=\"boda de invierno entre nieve y vaho en la Finca Aldeallana\" width=\"850\" height=\"567\" srcset=\"https:\/\/perfectvenue.es\/wp-content\/uploads\/2020\/07\/elopement-finca-aldeallana-rosa-garrido-132.jpg?v=1626103949 850w, https:\/\/perfectvenue.es\/wp-content\/uploads\/2020\/07\/elopement-finca-aldeallana-rosa-garrido-132-300x200.jpg?v=1626103949 300w, https:\/\/perfectvenue.es\/wp-content\/uploads\/2020\/07\/elopement-finca-aldeallana-rosa-garrido-132-768x512.jpg?v=1626103949 768w, https:\/\/perfectvenue.es\/wp-content\/uploads\/2020\/07\/elopement-finca-aldeallana-rosa-garrido-132-450x300.jpg?v=1626103949 450w, https:\/\/perfectvenue.es\/wp-content\/uploads\/2020\/07\/elopement-finca-aldeallana-rosa-garrido-132-600x400.jpg?v=1626103949 600w\" sizes=\"auto, (max-width: 850px) 100vw, 850px\" \/> <img loading=\"lazy\" decoding=\"async\" class=\"alignnone size-full wp-image-27409\" src=\"https:\/\/perfectvenue.es\/wp-content\/uploads\/2020\/07\/elopement-finca-aldeallana-rosa-garrido-133.jpg\" alt=\"boda de invierno entre nieve y vaho en la Finca Aldeallana\" width=\"850\" height=\"567\" srcset=\"https:\/\/perfectvenue.es\/wp-content\/uploads\/2020\/07\/elopement-finca-aldeallana-rosa-garrido-133.jpg?v=1626103948 850w, https:\/\/perfectvenue.es\/wp-content\/uploads\/2020\/07\/elopement-finca-aldeallana-rosa-garrido-133-300x200.jpg?v=1626103948 300w, https:\/\/perfectvenue.es\/wp-content\/uploads\/2020\/07\/elopement-finca-aldeallana-rosa-garrido-133-768x512.jpg?v=1626103948 768w, https:\/\/perfectvenue.es\/wp-content\/uploads\/2020\/07\/elopement-finca-aldeallana-rosa-garrido-133-450x300.jpg?v=1626103948 450w, https:\/\/perfectvenue.es\/wp-content\/uploads\/2020\/07\/elopement-finca-aldeallana-rosa-garrido-133-600x400.jpg?v=1626103948 600w\" sizes=\"auto, (max-width: 850px) 100vw, 850px\" \/> <img loading=\"lazy\" decoding=\"async\" class=\"alignnone size-full wp-image-27410\" src=\"https:\/\/perfectvenue.es\/wp-content\/uploads\/2020\/07\/elopement-finca-aldeallana-rosa-garrido-134.jpg\" alt=\"boda de invierno entre nieve y vaho en la Finca Aldeallana\" width=\"850\" height=\"567\" srcset=\"https:\/\/perfectvenue.es\/wp-content\/uploads\/2020\/07\/elopement-finca-aldeallana-rosa-garrido-134.jpg?v=1626103948 850w, https:\/\/perfectvenue.es\/wp-content\/uploads\/2020\/07\/elopement-finca-aldeallana-rosa-garrido-134-300x200.jpg?v=1626103948 300w, https:\/\/perfectvenue.es\/wp-content\/uploads\/2020\/07\/elopement-finca-aldeallana-rosa-garrido-134-768x512.jpg?v=1626103948 768w, https:\/\/perfectvenue.es\/wp-content\/uploads\/2020\/07\/elopement-finca-aldeallana-rosa-garrido-134-450x300.jpg?v=1626103948 450w, https:\/\/perfectvenue.es\/wp-content\/uploads\/2020\/07\/elopement-finca-aldeallana-rosa-garrido-134-600x400.jpg?v=1626103948 600w\" sizes=\"auto, (max-width: 850px) 100vw, 850px\" \/> <img loading=\"lazy\" decoding=\"async\" class=\"alignnone size-full wp-image-27413\" src=\"https:\/\/perfectvenue.es\/wp-content\/uploads\/2020\/07\/elopement-finca-aldeallana-rosa-garrido-137.jpg\" alt=\"boda de invierno entre nieve y vaho en la Finca Aldeallana\" width=\"850\" height=\"567\" srcset=\"https:\/\/perfectvenue.es\/wp-content\/uploads\/2020\/07\/elopement-finca-aldeallana-rosa-garrido-137.jpg?v=1626103947 850w, https:\/\/perfectvenue.es\/wp-content\/uploads\/2020\/07\/elopement-finca-aldeallana-rosa-garrido-137-300x200.jpg?v=1626103947 300w, https:\/\/perfectvenue.es\/wp-content\/uploads\/2020\/07\/elopement-finca-aldeallana-rosa-garrido-137-768x512.jpg?v=1626103947 768w, https:\/\/perfectvenue.es\/wp-content\/uploads\/2020\/07\/elopement-finca-aldeallana-rosa-garrido-137-450x300.jpg?v=1626103947 450w, https:\/\/perfectvenue.es\/wp-content\/uploads\/2020\/07\/elopement-finca-aldeallana-rosa-garrido-137-600x400.jpg?v=1626103947 600w\" sizes=\"auto, (max-width: 850px) 100vw, 850px\" \/> <img loading=\"lazy\" decoding=\"async\" class=\"alignnone size-full wp-image-27414\" src=\"https:\/\/perfectvenue.es\/wp-content\/uploads\/2020\/07\/elopement-finca-aldeallana-rosa-garrido-138.jpg\" alt=\"\" width=\"850\" height=\"567\" srcset=\"https:\/\/perfectvenue.es\/wp-content\/uploads\/2020\/07\/elopement-finca-aldeallana-rosa-garrido-138.jpg?v=1626103946 850w, https:\/\/perfectvenue.es\/wp-content\/uploads\/2020\/07\/elopement-finca-aldeallana-rosa-garrido-138-300x200.jpg?v=1626103946 300w, https:\/\/perfectvenue.es\/wp-content\/uploads\/2020\/07\/elopement-finca-aldeallana-rosa-garrido-138-768x512.jpg?v=1626103946 768w, https:\/\/perfectvenue.es\/wp-content\/uploads\/2020\/07\/elopement-finca-aldeallana-rosa-garrido-138-450x300.jpg?v=1626103946 450w, https:\/\/perfectvenue.es\/wp-content\/uploads\/2020\/07\/elopement-finca-aldeallana-rosa-garrido-138-600x400.jpg?v=1626103946 600w\" sizes=\"auto, (max-width: 850px) 100vw, 850px\" \/><\/span><\/span><\/p>\n<p style=\"text-align: justify;\"><span style=\"font-weight: 400;\">\u00bfQu\u00e9 te ha parecido esta boda de ensue\u00f1o en los espacios de esta finca tan rom\u00e1ntica? Si t\u00fa tambi\u00e9n sue\u00f1as con una boda as\u00ed, encuentra toda la inspiraci\u00f3n que buscas en nuestra web de <\/span><b>Perfect Venue<\/b><span style=\"font-weight: 400;\">, \u00a1te garantizamos que no podr\u00e1s parar de leer nuestros art\u00edculos!<\/span><\/p>\n<p>_______________________________________________________________________________________<\/p>\n<p style=\"text-align: justify;\">Localizaci\u00f3n: <a href=\"https:\/\/perfectvenue.es\/listings\/finca-aldeallana\/\">Finca Aldeallana<\/a>\u00a0\/ fot\u00f3grafa: <a href=\"https:\/\/rosagarrido.com\/\">Rosa Garrido<\/a> \/\u00a0 wedding planner: <a href=\"http:\/\/tudiaperfecto.es\/\">Tu D\u00eda Perfecto\u00a0<\/a>\/\u00a0vestido de novia: <a href=\"http:\/\/www.ramonherrerias.com\/\">Ram\u00f3n Herrerias\u00a0para Blanco de Novia<\/a>\u00a0\/\u00a0traje de novio: <a href=\"http:\/\/www.pugil.es\/\">Pugil Store&amp;Fabric<\/a>\u00a0\/\u00a0tocado: <a href=\"https:\/\/www.instagram.com\/hanammi_\/\">Hanammi<\/a>\u00a0\/\u00a0Decoraci\u00f3n Floral: <a href=\"https:\/\/www.instagram.com\/peche_on_design\/\">Peche on Design<\/a>\u00a0\/\u00a0muah: <a href=\"http:\/\/www.elenariveraasesorarte.com\/\">Elena Rivera Asesorarte<\/a><\/p>\n<p><\/p>\n<span class=\"tags-links\"><a href=\"https:\/\/perfectvenue.es\/es\/tag\/boda-de-invierno\/\" rel=\"tag\">boda de invierno<\/a><a href=\"https:\/\/perfectvenue.es\/es\/tag\/finca-aldeallana\/\" rel=\"tag\">Finca Aldeallana<\/a><a href=\"https:\/\/perfectvenue.es\/es\/tag\/wedding-in-spain\/\" rel=\"tag\">wedding in Spain<\/a><a href=\"https:\/\/perfectvenue.es\/es\/tag\/winter-wedding\/\" rel=\"tag\">winter wedding<\/a><\/span>","protected":false},"excerpt":{"rendered":"<p>Tomen asiento y abran bien todos los sentidos, porque la boda en la Finca Aldeallana que os vamos a mostrar a continuaci\u00f3n lo quiere.<\/p>\n","protected":false},"author":1,"featured_media":27413,"comment_status":"open","ping_status":"open","sticky":false,"template":"","format":"standard","meta":{"footnotes":""},"categories":[176],"tags":[2157,2156,497,1855],"class_list":["post-27294","post","type-post","status-publish","format-standard","has-post-thumbnail","hentry","category-wedding","tag-boda-de-invierno","tag-finca-aldeallana","tag-wedding-in-spain","tag-winter-wedding"],"_links":{"self":[{"href":"https:\/\/perfectvenue.es\/es\/wp-json\/wp\/v2\/posts\/27294","targetHints":{"allow":["GET"]}}],"collection":[{"href":"https:\/\/perfectvenue.es\/es\/wp-json\/wp\/v2\/posts"}],"about":[{"href":"https:\/\/perfectvenue.es\/es\/wp-json\/wp\/v2\/types\/post"}],"author":[{"embeddable":true,"href":"https:\/\/perfectvenue.es\/es\/wp-json\/wp\/v2\/users\/1"}],"replies":[{"embeddable":true,"href":"https:\/\/perfectvenue.es\/es\/wp-json\/wp\/v2\/comments?post=27294"}],"version-history":[{"count":2,"href":"https:\/\/perfectvenue.es\/es\/wp-json\/wp\/v2\/posts\/27294\/revisions"}],"predecessor-version":[{"id":30093,"href":"https:\/\/perfectvenue.es\/es\/wp-json\/wp\/v2\/posts\/27294\/revisions\/30093"}],"wp:featuredmedia":[{"embeddable":true,"href":"https:\/\/perfectvenue.es\/es\/wp-json\/wp\/v2\/media\/27413"}],"wp:attachment":[{"href":"https:\/\/perfectvenue.es\/es\/wp-json\/wp\/v2\/media?parent=27294"}],"wp:term":[{"taxonomy":"category","embeddable":true,"href":"https:\/\/perfectvenue.es\/es\/wp-json\/wp\/v2\/categories?post=27294"},{"taxonomy":"post_tag","embeddable":true,"href":"https:\/\/perfectvenue.es\/es\/wp-json\/wp\/v2\/tags?post=27294"}],"curies":[{"name":"wp","href":"https:\/\/api.w.org\/{rel}","templated":true}]}}