{"id":25625,"date":"2020-03-19T19:22:20","date_gmt":"2020-03-19T16:22:20","guid":{"rendered":"https:\/\/perfectvenue.es\/?p=25625"},"modified":"2020-03-20T15:18:15","modified_gmt":"2020-03-20T12:18:15","slug":"mice-courses-and-workshops-which-are-the-most-popular-and-what-are-the-best-venues-to-host-them-at","status":"publish","type":"post","link":"https:\/\/perfectvenue.es\/es\/2020\/03\/19\/mice-courses-and-workshops-which-are-the-most-popular-and-what-are-the-best-venues-to-host-them-at\/","title":{"rendered":"Talleres y cursos MICE, los m\u00e1s populares y espacios donde llevarlos a cabo"},"content":{"rendered":"<p><\/p>\n<p style=\"text-align: justify;\"><span style=\"font-weight: 400;\">Cada vez son m\u00e1s las <\/span><b>empresas que est\u00e1n en continua formaci\u00f3n<\/b><span style=\"font-weight: 400;\">, y es que esto tiene <\/span><b>numerosos beneficios a nivel empresarial<\/b><span style=\"font-weight: 400;\">, ya que mediante la formaci\u00f3n de los trabajadores con <\/span><b>talleres y cursos MICE<\/b><span style=\"font-weight: 400;\"> se consigue avivar las capacidades personales y laborales de estos, aumenta la motivaci\u00f3n de seguir esforz\u00e1ndose, mejora la imagen de la empresa, incrementa el compromiso de los trabajadores, etc.<\/span><\/p>\n<h2 style=\"text-align: left;\">\u00bfSabes cu\u00e1l es la formaci\u00f3n m\u00e1s com\u00fan?<\/h2>\n<p style=\"text-align: justify;\"><span style=\"font-weight: 400;\">La formaci\u00f3n y mejora continua var\u00eda en funci\u00f3n de los intereses y planes de futuro de la empresa, y puede verse reflejada en <\/span><b>talleres y cursos MICE<\/b><span style=\"font-weight: 400;\">, siendo los m\u00e1s <\/span><b>populares y aplicables a toda empresa<\/b><span style=\"font-weight: 400;\"> los cursos de ingl\u00e9s aplicado al \u00e1mbito empresarial, talleres de gesti\u00f3n del estr\u00e9s, de creatividad, taller de habilidades sociales, desarrollo personal, etc.<\/span><\/p>\n<p style=\"text-align: justify;\"><span style=\"font-weight: 400;\">Adem\u00e1s de los <\/span><b>espec\u00edficos para cada sector empresarial<\/b><span style=\"font-weight: 400;\">: taller de tapas creativas, taller de dibujo, taller de reciclaje y sostenibilidad, curso de primeros auxilios, curso de riesgos laborales, de fitosanitarios, curso de manipulaci\u00f3n de alimentos, talleres de jardiner\u00eda, taller de educaci\u00f3n de la voz\u2026 \u00a1hay miles! Y cada empresa elige el que aplicar a sus empleados, as\u00ed como el espacio m\u00e1s id\u00f3neo para hacerlo.<\/span><\/p>\n<p style=\"text-align: justify;\"><span style=\"font-weight: 400;\">Ahora, para aumentar a\u00fan m\u00e1s la experiencia, <\/span><b>la empresa se traslada a un espacio exclusivo<\/b><span style=\"font-weight: 400;\"> dotado de los servicios necesarios para llevar a cabo un taller o curso MICE. \u00a1Y tenemos los mejores! \u00a1Apunta!<\/span><\/p>\n<h2 style=\"text-align: justify;\"><a href=\"https:\/\/perfectvenue.es\/listings\/mice-venue-la-finca-resort\/\">La Finca Resort<\/a><\/h2>\n<p><span class=\"alignnone\"><img loading=\"lazy\" decoding=\"async\" class=\"alignnone size-full wp-image-24788\" src=\"https:\/\/perfectvenue.es\/wp-content\/uploads\/2020\/01\/la-finca-resort-mice15.jpg\" alt=\"Finca Resort MICE - Perfect Venue\" width=\"850\" height=\"637\" srcset=\"https:\/\/perfectvenue.es\/wp-content\/uploads\/2020\/01\/la-finca-resort-mice15.jpg?v=1626105132 850w, https:\/\/perfectvenue.es\/wp-content\/uploads\/2020\/01\/la-finca-resort-mice15-300x225.jpg?v=1626105132 300w, https:\/\/perfectvenue.es\/wp-content\/uploads\/2020\/01\/la-finca-resort-mice15-768x576.jpg?v=1626105132 768w, https:\/\/perfectvenue.es\/wp-content\/uploads\/2020\/01\/la-finca-resort-mice15-450x337.jpg?v=1626105132 450w, https:\/\/perfectvenue.es\/wp-content\/uploads\/2020\/01\/la-finca-resort-mice15-600x450.jpg?v=1626105132 600w\" sizes=\"auto, (max-width: 850px) 100vw, 850px\" \/><\/span><\/p>\n<p style=\"text-align: justify;\"><span style=\"font-weight: 400;\">\u00bfUn curso para tus empleados entre campos de golf, la costa y los campos alicantinos? \u00a1Claro que s\u00ed! Y m\u00e1s si el espacio est\u00e1 muy <\/span><b>pr\u00f3ximo al aeropuerto de Alicante<\/b><span style=\"font-weight: 400;\"> \u00a1y si a\u00fan encima cuenta con cinco estrellas!<\/span><\/p>\n<p style=\"text-align: justify;\"><span style=\"font-weight: 400;\">Este resort es perfecto para albergar <\/span><b>hasta 300 asistentes<\/b><span style=\"font-weight: 400;\"> en cualquiera de sus salones, perfectamente <\/span><b>equipados con la tecnolog\u00eda m\u00e1s puntera<\/b><span style=\"font-weight: 400;\">, con una decoraci\u00f3n minimalista y moderna que incita a los negocios y al aprendizaje, adem\u00e1s de una oferta gastron\u00f3mica muy selecta para degustar tras el taller MICE.<\/span><\/p>\n<p style=\"text-align: justify;\"><span style=\"font-weight: 400;\">\u00a1Y esto no es todo! Porque en La Finca Resort tambi\u00e9n se dispone de <\/span><b>diferentes actividades l\u00fadico deportivas <\/b><span style=\"font-weight: 400;\">para complementar la experiencia de la formaci\u00f3n empresarial.<\/span><\/p>\n<p style=\"text-align: justify;\"><span style=\"font-weight: 400;\">Un lugar \u00fanico y diferente, que dar\u00e1 rienda suelta a la creatividad al encontrarse en un entorno sin igual como es la Costa Blanca, adem\u00e1s, este espacio est\u00e1 catalogado como <\/span><b>el Mejor Hotel de Golf de Espa\u00f1a por los Premios World Golf Awards 2019.<\/b><span style=\"font-weight: 400;\"> \u00a1Por algo ser\u00e1!<\/span><\/p>\n<h2 style=\"text-align: justify;\"><a href=\"https:\/\/perfectvenue.es\/listings\/paris-madrid-space\/\">Par\u00eds-Madrid<\/a><\/h2>\n<p><span class=\"alignnone\"><img loading=\"lazy\" decoding=\"async\" class=\"alignnone size-full wp-image-22235\" src=\"https:\/\/perfectvenue.es\/wp-content\/uploads\/2019\/06\/Paris-Madrid-venue-14.jpg\" alt=\"Madrid MICE venue - Perfect Venue\" width=\"850\" height=\"478\" srcset=\"https:\/\/perfectvenue.es\/wp-content\/uploads\/2019\/06\/Paris-Madrid-venue-14.jpg?v=1626106382 850w, https:\/\/perfectvenue.es\/wp-content\/uploads\/2019\/06\/Paris-Madrid-venue-14-300x169.jpg?v=1626106382 300w, https:\/\/perfectvenue.es\/wp-content\/uploads\/2019\/06\/Paris-Madrid-venue-14-768x432.jpg?v=1626106382 768w, https:\/\/perfectvenue.es\/wp-content\/uploads\/2019\/06\/Paris-Madrid-venue-14-450x253.jpg?v=1626106382 450w, https:\/\/perfectvenue.es\/wp-content\/uploads\/2019\/06\/Paris-Madrid-venue-14-600x337.jpg?v=1626106382 600w\" sizes=\"auto, (max-width: 850px) 100vw, 850px\" \/><\/span><\/p>\n<p style=\"text-align: justify;\"><span style=\"font-weight: 400;\">En plena Gran V\u00eda, concretamente en el n\u00famero 30 de esta famosa v\u00eda de Madrid, podemos encontrar el Par\u00eds-Madrid, un <\/span><b>espacio en la decimocuarta planta del edificio<\/b><span style=\"font-weight: 400;\"> destinado a la organizaci\u00f3n de eventos corporativos, \u00a1perfecto para tu taller o curso empresarial!<\/span><\/p>\n<p style=\"text-align: justify;\"><span style=\"font-weight: 400;\">Con un <\/span><b>aforo de 70<\/b><span style=\"font-weight: 400;\"> personas aproximadamente, el lugar incluye dos plantas y una gran terraza con una incre\u00edble <\/span><b>panor\u00e1mica de la ciudad<\/b><span style=\"font-weight: 400;\">, visible tambi\u00e9n a trav\u00e9s de los inveros\u00edmiles ventanales que van desde el suelo hasta el techo.<\/span><\/p>\n<p style=\"text-align: justify;\"><span style=\"font-weight: 400;\">Un entorno moderno fusionado a la perfecci\u00f3n con la <\/span><b>historia y la arquitectura propia del edificio<\/b><span style=\"font-weight: 400;\">, conformando as\u00ed diferentes estilos adaptables a cualquier tipo de encuentro.<\/span><\/p>\n<p style=\"text-align: justify;\"><span style=\"font-weight: 400;\">El Par\u00eds-Madrid incluye audiovisuales, catering, mobiliario, staff que permanecer\u00e1 con vosotros todo el tiempo, parking situado a 50 metros del espacio\u2026<\/span><\/p>\n<h2 style=\"text-align: justify;\"><a href=\"https:\/\/perfectvenue.es\/listings\/hotel-la-venteta\/\">Hotel La Venteta<\/a><\/h2>\n<p><span class=\"alignnone\"><img loading=\"lazy\" decoding=\"async\" class=\"alignnone size-full wp-image-24449\" src=\"https:\/\/perfectvenue.es\/wp-content\/uploads\/2019\/12\/laventeta-perfect-venue47.jpg\" alt=\"\" width=\"850\" height=\"576\" srcset=\"https:\/\/perfectvenue.es\/wp-content\/uploads\/2019\/12\/laventeta-perfect-venue47.jpg?v=1626105315 850w, https:\/\/perfectvenue.es\/wp-content\/uploads\/2019\/12\/laventeta-perfect-venue47-300x203.jpg?v=1626105315 300w, https:\/\/perfectvenue.es\/wp-content\/uploads\/2019\/12\/laventeta-perfect-venue47-768x520.jpg?v=1626105315 768w, https:\/\/perfectvenue.es\/wp-content\/uploads\/2019\/12\/laventeta-perfect-venue47-450x305.jpg?v=1626105315 450w, https:\/\/perfectvenue.es\/wp-content\/uploads\/2019\/12\/laventeta-perfect-venue47-600x407.jpg?v=1626105315 600w\" sizes=\"auto, (max-width: 850px) 100vw, 850px\" \/><\/span><\/p>\n<p style=\"text-align: justify;\"><span style=\"font-weight: 400;\">En la localidad de Aig\u00fces entre Benidorm y alicante se encuentra una <\/span><b>antigua venta que alberga un hotel id\u00edlico<\/b><span style=\"font-weight: 400;\"> en el que poder celebrar junto a tus empleados cualquier tipo de taller o curso bajo sus altos techos y vigas de maderas.<\/span><\/p>\n<p style=\"text-align: justify;\"><span style=\"font-weight: 400;\">Adem\u00e1s, este enclave goza <\/span><b>vistas al campo y est\u00e1 a tan solo 5km de la playa<\/b><span style=\"font-weight: 400;\">, por lo que permite desconectar y realizar actividades tras la finalizaci\u00f3n del curso, as\u00ed como descansar, ya que cuenta con dormitorios decorados elegantemente con toques franceses en los que poder pasar la noche.<\/span><\/p>\n<p style=\"text-align: justify;\"><span style=\"font-weight: 400;\">Un patio interior tambi\u00e9n dota de este espacio de encanto, con antiguas tinajas y estar rodeados de jardines con olivos, naranjos, palmeras, etc.<\/span><\/p>\n<p style=\"text-align: justify;\"><span style=\"font-weight: 400;\">Un enclave rural <\/span><b>apartado del bullicio de la gran ciudad<\/b><span style=\"font-weight: 400;\"> en el que respirar aire puro, estar en contacto con la naturaleza, \u00a1y adem\u00e1s aprender algo nuevo!<\/span><\/p>\n<h2 style=\"text-align: justify;\"><a href=\"https:\/\/perfectvenue.es\/listings\/gran-via-hub-27\/\">Gran V\u00eda 27<\/a><\/h2>\n<p><span class=\"alignnone\"><img loading=\"lazy\" decoding=\"async\" class=\"alignnone size-full wp-image-14471\" src=\"https:\/\/perfectvenue.es\/wp-content\/uploads\/2017\/08\/pv-bulevar30.jpg\" alt=\"Gran via 360 - Perfect Venue\" width=\"840\" height=\"556\" srcset=\"https:\/\/perfectvenue.es\/wp-content\/uploads\/2017\/08\/pv-bulevar30.jpg?v=1626110552 840w, https:\/\/perfectvenue.es\/wp-content\/uploads\/2017\/08\/pv-bulevar30-600x397.jpg?v=1626110552 600w, https:\/\/perfectvenue.es\/wp-content\/uploads\/2017\/08\/pv-bulevar30-300x199.jpg?v=1626110552 300w, https:\/\/perfectvenue.es\/wp-content\/uploads\/2017\/08\/pv-bulevar30-768x508.jpg?v=1626110552 768w, https:\/\/perfectvenue.es\/wp-content\/uploads\/2017\/08\/pv-bulevar30-450x298.jpg?v=1626110552 450w\" sizes=\"auto, (max-width: 840px) 100vw, 840px\" \/><\/span><\/p>\n<p style=\"text-align: justify;\"><span style=\"font-weight: 400;\">En el n\u00famero 27 de la Gran V\u00eda se encuentra este edificio, el conocido <\/span><b>Matesanz<\/b><span style=\"font-weight: 400;\">, el cual cuenta en su quinta planta con una <\/span><b>zona multidisciplinar<\/b><span style=\"font-weight: 400;\"> abierto a todas las empresas o particulares que deseen realizar sus jornadas de formaci\u00f3n.<\/span><\/p>\n<p style=\"text-align: justify;\"><span style=\"font-weight: 400;\">Un entorno exclusivo y diferente equipado de<\/span><b> audiovisuales, variedad de proveedores, mobiliario de dise\u00f1o y un equipo de profesionales<\/b><span style=\"font-weight: 400;\"> para que tu evento cuente con todo lo que necesita para llevarlo a cabo.<\/span><\/p>\n<p style=\"text-align: justify;\"><span style=\"font-weight: 400;\">Un espacio de 300 m2 di\u00e1fanos con una ubicaci\u00f3n inmejorable y unos impresionantes ventanales que permiten unas <\/span><b>vistas panor\u00e1micas<\/b><span style=\"font-weight: 400;\"> de lo m\u00e1s encandilantes del centro de la capital en lo que en su d\u00eda fue uno de los primeros centros comerciales al estilo estadounidense.<\/span><\/p>\n<p style=\"text-align: justify;\"><span style=\"font-weight: 400;\">\u00a1Tus empleados quedar\u00e1n prendados ante su <\/span><b>escalera oval y la arquitectura del Madrid de principios del siglo XX<\/b><span style=\"font-weight: 400;\">!<\/span><\/p>\n<h2 style=\"text-align: justify;\"><a href=\"https:\/\/perfectvenue.es\/listings\/factory-103\/\">Factory 103<\/a><\/h2>\n<p><span class=\"alignnone\"><img loading=\"lazy\" decoding=\"async\" class=\"alignnone size-full wp-image-23738\" src=\"https:\/\/perfectvenue.es\/wp-content\/uploads\/2019\/11\/Factory-103-barcelona-19.jpg\" alt=\"\" width=\"850\" height=\"567\" srcset=\"https:\/\/perfectvenue.es\/wp-content\/uploads\/2019\/11\/Factory-103-barcelona-19.jpg?v=1626105636 850w, https:\/\/perfectvenue.es\/wp-content\/uploads\/2019\/11\/Factory-103-barcelona-19-300x200.jpg?v=1626105636 300w, https:\/\/perfectvenue.es\/wp-content\/uploads\/2019\/11\/Factory-103-barcelona-19-768x512.jpg?v=1626105636 768w, https:\/\/perfectvenue.es\/wp-content\/uploads\/2019\/11\/Factory-103-barcelona-19-450x300.jpg?v=1626105636 450w, https:\/\/perfectvenue.es\/wp-content\/uploads\/2019\/11\/Factory-103-barcelona-19-600x400.jpg?v=1626105636 600w\" sizes=\"auto, (max-width: 850px) 100vw, 850px\" \/><\/span><\/p>\n<p style=\"text-align: justify;\"><span style=\"font-weight: 400;\">Factory 103 nace en 2016 como un <\/span><b>espacio coworking<\/b><span style=\"font-weight: 400;\"> de 1200 metros cuadrados en el que crear, innovar, crecer, inspirar, divertir\u2026 en una de las ciudades m\u00e1s importantes de Espa\u00f1a: <\/span><b>Barcelona<\/b><span style=\"font-weight: 400;\">.<\/span><\/p>\n<p style=\"text-align: justify;\"><span style=\"font-weight: 400;\">Esta <\/span><b>antigua f\u00e1brica de chocolate<\/b><span style=\"font-weight: 400;\"> reformada, es ideal para realizar junto a tus trabajadores cualquier tipo de taller MICE, acompa\u00f1\u00e1ndolo de un caf\u00e9 o comida. \u00a1Porque cuenta con catering propio y cocina!<\/span><\/p>\n<p style=\"text-align: justify;\"><span style=\"font-weight: 400;\">Las zonas cuentan con proyector y una mesa de hasta 8 personas, as\u00ed como con luz natural, salida a la terraza y una entrada a pie de calle.<\/span><\/p>\n<p style=\"text-align: justify;\"><span style=\"font-weight: 400;\">Sus espacios de dise\u00f1o no solo albergan la comodidad para tu evento, sino que adem\u00e1s permite combinarlo con juegos en la mesa de ping pong, \u00a1<\/span><b>perfecta para los <\/b><b><i>breaks<\/i><\/b><span style=\"font-weight: 400;\">!<\/span><\/p>\n<h2 style=\"text-align: justify;\"><a href=\"https:\/\/perfectvenue.es\/listings\/castell-peralada\/\">Castell Peralada<\/a><\/h2>\n<p><span class=\"alignnone\"><img loading=\"lazy\" decoding=\"async\" class=\"alignnone size-full wp-image-24622\" src=\"https:\/\/perfectvenue.es\/wp-content\/uploads\/2020\/01\/castillo-peralada-venue-22.jpg\" alt=\"Castillo Peralada - Perfect Venue\" width=\"850\" height=\"562\" srcset=\"https:\/\/perfectvenue.es\/wp-content\/uploads\/2020\/01\/castillo-peralada-venue-22.jpg?v=1626105211 850w, https:\/\/perfectvenue.es\/wp-content\/uploads\/2020\/01\/castillo-peralada-venue-22-300x198.jpg?v=1626105211 300w, https:\/\/perfectvenue.es\/wp-content\/uploads\/2020\/01\/castillo-peralada-venue-22-768x508.jpg?v=1626105211 768w, https:\/\/perfectvenue.es\/wp-content\/uploads\/2020\/01\/castillo-peralada-venue-22-450x298.jpg?v=1626105211 450w, https:\/\/perfectvenue.es\/wp-content\/uploads\/2020\/01\/castillo-peralada-venue-22-600x397.jpg?v=1626105211 600w\" sizes=\"auto, (max-width: 850px) 100vw, 850px\" \/><\/span><\/p>\n<p style=\"text-align: justify;\"><span style=\"font-weight: 400;\">\u00bfUn curso en un castillo? \u00a1Seguro que tus empleados no se lo esperaban! Trasladarlos hasta el centro Alt Empord\u00e0, en Girona, solo significa una cosa: \u00e9xito rotundo en tu evento.<\/span><\/p>\n<p style=\"text-align: justify;\"><span style=\"font-weight: 400;\">Muy cerca de la Costa Brava o los Aiguamolls del Empord\u00e0 se encuentra este castillo declarado <\/span><b>Bien de Inter\u00e9s Cultural<\/b><span style=\"font-weight: 400;\"> que forma parte de un resort, por lo que podr\u00e1s acompa\u00f1ar a tu taller o curso MICE de ocio en su <\/span><b>gran casino o de una gran oferta culinaria.<\/b><\/p>\n<p style=\"text-align: justify;\"><span style=\"font-weight: 400;\">Esta finca de 8 hect\u00e1reas tiene una <\/span><b>capacidad para 700 personas<\/b><span style=\"font-weight: 400;\"> perfectas para llevar a cabo tu evento entre naturaleza e historia, \u00a1no te lo pensar\u00e1s cuando sepas que todas las instalaciones disponen de todo lo que necesit\u00e1is!<\/span><\/p>\n<p style=\"text-align: justify;\"><span style=\"font-weight: 400;\">Un espacio singular como es la biblioteca o una zona de cuento como son los jardines son un plus a\u00f1adido para que decantes por esta opci\u00f3n a la hora de trasladar a tus trabajadores y deleitarles con un <\/span><b>c\u00f3ctel de bienvenida<\/b><span style=\"font-weight: 400;\"> \u00a1para coger fuerzas antes de empezar la jornada!<\/span><\/p>\n<h2 style=\"text-align: justify;\"><a href=\"https:\/\/perfectvenue.es\/listings\/el-cavaller-de-vidra\/\">Mas\u00eda el Cavaller de Vidr\u00e1<\/a><\/h2>\n<p><span class=\"alignnone\"><img loading=\"lazy\" decoding=\"async\" class=\"alignnone size-full wp-image-23315\" src=\"https:\/\/perfectvenue.es\/wp-content\/uploads\/2019\/10\/El-Cavaller-de-Vidra-wedding-venue-42.jpg\" alt=\"El Cavaller de Vidra - Perfect Venue\" width=\"850\" height=\"567\" srcset=\"https:\/\/perfectvenue.es\/wp-content\/uploads\/2019\/10\/El-Cavaller-de-Vidra-wedding-venue-42.jpg?v=1626105785 850w, https:\/\/perfectvenue.es\/wp-content\/uploads\/2019\/10\/El-Cavaller-de-Vidra-wedding-venue-42-300x200.jpg?v=1626105785 300w, https:\/\/perfectvenue.es\/wp-content\/uploads\/2019\/10\/El-Cavaller-de-Vidra-wedding-venue-42-768x512.jpg?v=1626105785 768w, https:\/\/perfectvenue.es\/wp-content\/uploads\/2019\/10\/El-Cavaller-de-Vidra-wedding-venue-42-450x300.jpg?v=1626105785 450w, https:\/\/perfectvenue.es\/wp-content\/uploads\/2019\/10\/El-Cavaller-de-Vidra-wedding-venue-42-600x400.jpg?v=1626105785 600w\" sizes=\"auto, (max-width: 850px) 100vw, 850px\" \/><\/span><\/p>\n<p style=\"text-align: justify;\"><span style=\"font-weight: 400;\">\u00bfEs la Mas\u00eda el Cavaller de Vidr\u00e1 el mejor espacio para desarrollar tus talleres? \u00a1Pues seguramente! Y es que este <\/span><b>espectacular edificio hist\u00f3rico de 1787<\/b><span style=\"font-weight: 400;\"> muy pr\u00f3ximo a Girona y Barcelona est\u00e1 completamente equipado para ello.<\/span><\/p>\n<p style=\"text-align: justify;\"><span style=\"font-weight: 400;\">Debido a su <\/span><b>inveros\u00edmil arquitectura<\/b><span style=\"font-weight: 400;\"> y su gran valor hist\u00f3rico se considera Patrimonio Arquitect\u00f3nico de Catalu\u00f1a y es uno de los m\u00e1s importantes de Catalu\u00f1a, con un tel\u00f3n de fondo <\/span><b>ajardinado y lleno de naturaleza<\/b><span style=\"font-weight: 400;\">.<\/span><\/p>\n<p style=\"text-align: justify;\"><span style=\"font-weight: 400;\">Los asistentes, que podr\u00e1n acudir <\/span><b>hasta 250<\/b><span style=\"font-weight: 400;\">, tendr\u00e1n el privilegio de disfrutar de los espacios exteriores e interiores, del catering, sus salones, \u00a1y hasta la discoteca!<\/span><\/p>\n<p style=\"text-align: justify;\"><span style=\"font-weight: 400;\">Un espacio perfecto para todos aquellos que busquen la <\/span><b>exclusividad y la intimidad<\/b><span style=\"font-weight: 400;\"> para su evento.<\/span><\/p>\n<p style=\"text-align: justify;\"><span style=\"font-weight: 400;\">\u00a0<\/span><span style=\"font-weight: 400;\">\u00bfCu\u00e1l es el espacio que quieres que en <\/span><a href=\"https:\/\/perfectvenue.es\/ask-a-venue\/\"><b>Perfect Venue<\/b><\/a><span style=\"font-weight: 400;\"> consigamos para ti? Sea cual sea, sabemos que <\/span><b>el triunfo lo tendr\u00e1s garantizado<\/b><span style=\"font-weight: 400;\"> \u00a1Porque los participantes a tu jornada sentir\u00e1n que se han trasladado a otro mundo!<\/span><\/p>\n<p><\/p>\n<span class=\"tags-links\"><a href=\"https:\/\/perfectvenue.es\/es\/tag\/mice-courses\/\" rel=\"tag\">MICE courses<\/a><a href=\"https:\/\/perfectvenue.es\/es\/tag\/mice-venues\/\" rel=\"tag\">MICE<\/a><a href=\"https:\/\/perfectvenue.es\/es\/tag\/spain-mice-venues\/\" rel=\"tag\">Spain MICE venues<\/a><a href=\"https:\/\/perfectvenue.es\/es\/tag\/%d0%ba%d1%83%d1%80%d1%81%d1%8b-%d0%bc%d0%b8%d1%81%d0%b5\/\" rel=\"tag\">\u043a\u0443\u0440\u0441\u044b \u041c\u0418\u0421\u0415<\/a><\/span>","protected":false},"excerpt":{"rendered":"<p>Cada vez son m\u00e1s las empresas que est\u00e1n en continua formaci\u00f3n, y es que esto tiene numerosos beneficios a nivel empresarial, ya que mediante la formaci\u00f3n de los trabajadores con talleres y cursos MICE se consigue avivar las capacidades personales y laborales de estos, aumenta la motivaci\u00f3n de seguir esforz\u00e1ndose, mejora la imagen de la [&hellip;]<\/p>\n","protected":false},"author":1,"featured_media":23730,"comment_status":"open","ping_status":"open","sticky":false,"template":"","format":"standard","meta":{"footnotes":""},"categories":[1246],"tags":[1980,1248,1531,1979],"class_list":["post-25625","post","type-post","status-publish","format-standard","has-post-thumbnail","hentry","category-mice","tag-mice-courses","tag-mice-venues","tag-spain-mice-venues","tag-1979"],"_links":{"self":[{"href":"https:\/\/perfectvenue.es\/es\/wp-json\/wp\/v2\/posts\/25625","targetHints":{"allow":["GET"]}}],"collection":[{"href":"https:\/\/perfectvenue.es\/es\/wp-json\/wp\/v2\/posts"}],"about":[{"href":"https:\/\/perfectvenue.es\/es\/wp-json\/wp\/v2\/types\/post"}],"author":[{"embeddable":true,"href":"https:\/\/perfectvenue.es\/es\/wp-json\/wp\/v2\/users\/1"}],"replies":[{"embeddable":true,"href":"https:\/\/perfectvenue.es\/es\/wp-json\/wp\/v2\/comments?post=25625"}],"version-history":[{"count":0,"href":"https:\/\/perfectvenue.es\/es\/wp-json\/wp\/v2\/posts\/25625\/revisions"}],"wp:featuredmedia":[{"embeddable":true,"href":"https:\/\/perfectvenue.es\/es\/wp-json\/wp\/v2\/media\/23730"}],"wp:attachment":[{"href":"https:\/\/perfectvenue.es\/es\/wp-json\/wp\/v2\/media?parent=25625"}],"wp:term":[{"taxonomy":"category","embeddable":true,"href":"https:\/\/perfectvenue.es\/es\/wp-json\/wp\/v2\/categories?post=25625"},{"taxonomy":"post_tag","embeddable":true,"href":"https:\/\/perfectvenue.es\/es\/wp-json\/wp\/v2\/tags?post=25625"}],"curies":[{"name":"wp","href":"https:\/\/api.w.org\/{rel}","templated":true}]}}