{"id":23605,"date":"2019-11-05T15:40:56","date_gmt":"2019-11-05T12:40:56","guid":{"rendered":"https:\/\/perfectvenue.es\/?p=23605"},"modified":"2019-11-05T15:40:56","modified_gmt":"2019-11-05T12:40:56","slug":"getting-married-in-a-mountain-you-need-help-and-advices-lets-go","status":"publish","type":"post","link":"https:\/\/perfectvenue.es\/es\/2019\/11\/05\/getting-married-in-a-mountain-you-need-help-and-advices-lets-go\/","title":{"rendered":"\u00a1Boda en las monta\u00f1as! \u00bfNecesitas ideas y consejos? \u00a1Pues vamos!"},"content":{"rendered":"<p><\/p>\n<p style=\"text-align: justify;\"><span style=\"font-weight: 400;\">Con el aire libre y puro azotando en la cara, entre grandes y altos \u00e1rboles de hojas frondosas y con la puesta de sol entre troncos. \u00bfAcaso no es esta una <\/span><b>estampa m\u00e1gica y acogedora<\/b><span style=\"font-weight: 400;\">?<\/span><\/p>\n<p style=\"text-align: justify;\"><span style=\"font-weight: 400;\">Celebrar tu <\/span><b>boda en las monta\u00f1as<\/b><span style=\"font-weight: 400;\"> ofrece un sinf\u00edn de propuestas \u00fanicas y de ensue\u00f1o sea cual sea la \u00e9poca del a\u00f1o que elijas, porque en verano tienes la frescura y los colores vivos, mientras que en invierno el fr\u00edo y los peque\u00f1os copos de nieve llenan el lugar de puro romanticismo.<\/span><\/p>\n<p><span class=\"alignnone\"><img loading=\"lazy\" decoding=\"async\" class=\"alignnone size-full wp-image-21091\" src=\"https:\/\/perfectvenue.es\/wp-content\/uploads\/2019\/04\/Casa-Benigalip-Alicante-venue-28.jpg\" alt=\"Casa Benigalip - Perfect Venue\" width=\"850\" height=\"565\" srcset=\"https:\/\/perfectvenue.es\/wp-content\/uploads\/2019\/04\/Casa-Benigalip-Alicante-venue-28.jpg?v=1626107033 850w, https:\/\/perfectvenue.es\/wp-content\/uploads\/2019\/04\/Casa-Benigalip-Alicante-venue-28-300x199.jpg?v=1626107033 300w, https:\/\/perfectvenue.es\/wp-content\/uploads\/2019\/04\/Casa-Benigalip-Alicante-venue-28-768x510.jpg?v=1626107033 768w, https:\/\/perfectvenue.es\/wp-content\/uploads\/2019\/04\/Casa-Benigalip-Alicante-venue-28-450x299.jpg?v=1626107033 450w, https:\/\/perfectvenue.es\/wp-content\/uploads\/2019\/04\/Casa-Benigalip-Alicante-venue-28-600x399.jpg?v=1626107033 600w\" sizes=\"auto, (max-width: 850px) 100vw, 850px\" \/><\/span><\/p>\n<p style=\"text-align: center;\"><a href=\"https:\/\/perfectvenue.es\/2019\/04\/23\/romantic-wedding-casa-benigalip\/\">Casa Benigalip<\/a><\/p>\n<p style=\"text-align: justify;\"><span style=\"font-weight: 400;\">Si te casas en verano, los propios \u00e1rboles o unas telas entre los \u00e1rboles te har\u00e1n de sombra en los d\u00edas m\u00e1s abrasadores. Pero si tu apuesta es la invernal, una fogata y peque\u00f1as mantas para los invitados os dar\u00e1n mucho calor adem\u00e1s de ser una decisi\u00f3n de lo m\u00e1s original.<\/span><\/p>\n<p style=\"text-align: justify;\"><span style=\"font-weight: 400;\">Pero sea cual sea la \u00e9poca del a\u00f1o, la decoraci\u00f3n ser\u00e1 tu gran aliada para dejar huella en este d\u00eda. La m\u00e1s apropiada es la <\/span><b>decoraci\u00f3n r\u00fastica acompa\u00f1ada de elementos naturales<\/b><span style=\"font-weight: 400;\"> para conseguir una celebraci\u00f3n de lo m\u00e1s sostenible, como con maderas iguales que los troncos de los \u00e1rboles, <\/span><b>pal\u00e9s, barriles, cubos de paja, guirnaldas de luces entre las ramas <\/b><span style=\"font-weight: 400;\">y tablones de madera y cajas, que, acompa\u00f1adas de cojines, har\u00e1n un espacio de descanso original, natural y sustentable.<\/span><\/p>\n<p><span class=\"alignnone\"><img loading=\"lazy\" decoding=\"async\" class=\"alignnone size-full wp-image-23530\" src=\"https:\/\/perfectvenue.es\/wp-content\/uploads\/2019\/09\/Wedding-cortijo-sabila-93.jpg\" alt=\"Cortijo Sabila - Perfect Venue\" width=\"850\" height=\"567\" srcset=\"https:\/\/perfectvenue.es\/wp-content\/uploads\/2019\/09\/Wedding-cortijo-sabila-93.jpg?v=1626105702 850w, https:\/\/perfectvenue.es\/wp-content\/uploads\/2019\/09\/Wedding-cortijo-sabila-93-300x200.jpg?v=1626105702 300w, https:\/\/perfectvenue.es\/wp-content\/uploads\/2019\/09\/Wedding-cortijo-sabila-93-768x512.jpg?v=1626105702 768w, https:\/\/perfectvenue.es\/wp-content\/uploads\/2019\/09\/Wedding-cortijo-sabila-93-450x300.jpg?v=1626105702 450w, https:\/\/perfectvenue.es\/wp-content\/uploads\/2019\/09\/Wedding-cortijo-sabila-93-600x400.jpg?v=1626105702 600w\" sizes=\"auto, (max-width: 850px) 100vw, 850px\" \/><\/span><\/p>\n<p style=\"text-align: center;\"><a href=\"https:\/\/perfectvenue.es\/listings\/cortijo-sabila\/\">Cortijo Sabila<\/a><\/p>\n<p style=\"text-align: justify;\"><span style=\"font-weight: 400;\">Para dar el toque de color, en las mesas puedes optar por manteles en <\/span><b>tonos tierra, marrones, blancos u ocres<\/b><span style=\"font-weight: 400;\">, acompa\u00f1ados de<\/span><b> los tonos verdes, amarillos o naranjas<\/b><span style=\"font-weight: 400;\"> de las flores silvestres de los centros de mesa, que a su vez pueden estar mezcladas con palos, ramas y peque\u00f1os troncos, adem\u00e1s de adornos como <\/span><b>pi\u00f1as de los \u00e1rboles, frutas de temporada, velas o candelabros.<\/b><\/p>\n<p style=\"text-align: justify;\"><span style=\"font-weight: 400;\">Una aut\u00e9ntica elecci\u00f3n es situar los ramos de flores en viejas botellas de vidrio, con elementos del propio bosque como el musgo o la tierra, todo de acuerdo al tel\u00f3n de fondo. \u00a1Deja volar tu imaginaci\u00f3n!<\/span><\/p>\n<p style=\"text-align: justify;\"><span style=\"font-weight: 400;\">Adem\u00e1s, \u00bfse te hab\u00eda ocurrido sorprender a tus invitados con un <\/span><b>men\u00fa de cocina de monta\u00f1a<\/b><span style=\"font-weight: 400;\">? D\u00e9jales con un buen sabor de boca con cremas de <\/span><b>setas, vinos calientes, casta\u00f1as y pi\u00f1ones<\/b><span style=\"font-weight: 400;\">, churros\u2026 \u00a1Una apuesta segura sin duda!<\/span><\/p>\n<p><span class=\"alignnone\"><img loading=\"lazy\" decoding=\"async\" class=\"alignnone size-full wp-image-22245\" src=\"https:\/\/perfectvenue.es\/wp-content\/uploads\/2019\/05\/mallorca-wedding-venue-son-net-62.jpg\" alt=\"Mallorca Wedding venue - Perfect Venue\" width=\"850\" height=\"567\" srcset=\"https:\/\/perfectvenue.es\/wp-content\/uploads\/2019\/05\/mallorca-wedding-venue-son-net-62.jpg?v=1626106372 850w, https:\/\/perfectvenue.es\/wp-content\/uploads\/2019\/05\/mallorca-wedding-venue-son-net-62-300x200.jpg?v=1626106372 300w, https:\/\/perfectvenue.es\/wp-content\/uploads\/2019\/05\/mallorca-wedding-venue-son-net-62-768x512.jpg?v=1626106372 768w, https:\/\/perfectvenue.es\/wp-content\/uploads\/2019\/05\/mallorca-wedding-venue-son-net-62-450x300.jpg?v=1626106372 450w, https:\/\/perfectvenue.es\/wp-content\/uploads\/2019\/05\/mallorca-wedding-venue-son-net-62-600x400.jpg?v=1626106372 600w\" sizes=\"auto, (max-width: 850px) 100vw, 850px\" \/><\/span><\/p>\n<p style=\"text-align: center;\"><a href=\"https:\/\/perfectvenue.es\/listings\/gran-hotel-son-net\/\">Gran Hotel Son Net<\/a><\/p>\n<p style=\"text-align: justify;\"><span style=\"font-weight: 400;\">Otra fant\u00e1stica idea es que en las invitaciones de boda se vea reflejada esta tem\u00e1tica, incluyendo un dibujo del paisaje donde se celebrar\u00e1 la misma o una peque\u00f1a ilustraci\u00f3n de las monta\u00f1as.<\/span><\/p>\n<p style=\"text-align: justify;\"><span style=\"font-weight: 400;\">Cabe destacar que, con la indumentaria y el calzado, se ha de mostrar la libertad que aporta el monte, \u00bfc\u00f3mo? mediante tejidos ligeros, bohemios, con ca\u00eddas vaporosas y detalles <\/span><i><span style=\"font-weight: 400;\">vintage<\/span><\/i><span style=\"font-weight: 400;\">, as\u00ed como con peinados desenfadados que den ese toque salvaje y con un calzado c\u00f3modo. \u00a1No olvides que est\u00e1s en terreno monta\u00f1oso!<\/span><\/p>\n<p style=\"text-align: justify;\"><span style=\"font-weight: 400;\">Tambi\u00e9n un plan perfecto para vuestra noche m\u00e1s especial es <\/span><b>alojaros en una t\u00edpica caba\u00f1a de madera<\/b><span style=\"font-weight: 400;\"> en mitad de este paraje.\u00a0<\/span><span style=\"font-weight: 400;\">Pero, \u00bfcu\u00e1les son los <\/span><b>mejores espacios para tu boda en las monta\u00f1as<\/b><span style=\"font-weight: 400;\">?<\/span><\/p>\n<p style=\"text-align: justify;\"><span style=\"font-weight: 400;\">Los <\/span><b>castillos, paradores, mas\u00edas o casas de campo<\/b><span style=\"font-weight: 400;\">, entre las que podemos destacar la\u00a0<a href=\"https:\/\/perfectvenue.es\/listings\/comassema-estate\/\">Finca Comassema<\/a>, <a href=\"https:\/\/perfectvenue.es\/es\/listings\/masia-la-baronia\/\">la Mas\u00eda La Baronia<\/a> o la <a href=\"https:\/\/perfectvenue.es\/listings\/casa-de-don-gaspar-de-portola\/\">Casa de Don Gaspar de Portol\u00e1<\/a>, incre\u00edbles espacios rodeados de naturaleza y bosques, con el altar con las monta\u00f1as de fondo y salones con techos de vigas de madera.<\/span><\/p>\n<p><span class=\"alignnone\"><img loading=\"lazy\" decoding=\"async\" class=\"alignnone size-full wp-image-23189\" src=\"https:\/\/perfectvenue.es\/wp-content\/uploads\/2019\/07\/mas-de-sant-llei-wedding-barcelona-19.jpg\" alt=\"Mas de Sant Llei - Perfect Venue\" width=\"850\" height=\"567\" srcset=\"https:\/\/perfectvenue.es\/wp-content\/uploads\/2019\/07\/mas-de-sant-llei-wedding-barcelona-19.jpg?v=1626105825 850w, https:\/\/perfectvenue.es\/wp-content\/uploads\/2019\/07\/mas-de-sant-llei-wedding-barcelona-19-300x200.jpg?v=1626105825 300w, https:\/\/perfectvenue.es\/wp-content\/uploads\/2019\/07\/mas-de-sant-llei-wedding-barcelona-19-768x512.jpg?v=1626105825 768w, https:\/\/perfectvenue.es\/wp-content\/uploads\/2019\/07\/mas-de-sant-llei-wedding-barcelona-19-450x300.jpg?v=1626105825 450w, https:\/\/perfectvenue.es\/wp-content\/uploads\/2019\/07\/mas-de-sant-llei-wedding-barcelona-19-600x400.jpg?v=1626105825 600w\" sizes=\"auto, (max-width: 850px) 100vw, 850px\" \/><\/span><\/p>\n<p style=\"text-align: center;\"><a href=\"https:\/\/perfectvenue.es\/listings\/mas-de-sant-llei\/\">Mas de Sant Lle\u00ed<\/a><\/p>\n<p style=\"text-align: justify;\"><span style=\"font-weight: 400;\">Como pod\u00e9is ver, las tendencias de boda han cambiado, cada vez son m\u00e1s los novios que optan por estas bodas \u00edntimas, que permiten salir del entorno habitual, como las bodas en las monta\u00f1as, donde recibir <\/span><b>hojas de olivo en lugar de arroz<\/b><span style=\"font-weight: 400;\"> a la salida del altar.\u00a0<\/span><span style=\"font-weight: 400;\">Si no eras <\/span><b>amante de la naturaleza<\/b><span style=\"font-weight: 400;\">, \u00a1despu\u00e9s de este art\u00edculo seguro que lo ser\u00e1s!<\/span><\/p>\n<p><\/p>\n<span class=\"tags-links\"><a href=\"https:\/\/perfectvenue.es\/es\/tag\/boda-en-espana\/\" rel=\"tag\">boda en espa\u00f1a<\/a><a href=\"https:\/\/perfectvenue.es\/es\/tag\/boda-en-la-montana\/\" rel=\"tag\">boda en la monta\u00f1a<\/a><a href=\"https:\/\/perfectvenue.es\/es\/tag\/wedding-in-spain\/\" rel=\"tag\">wedding in Spain<\/a><a href=\"https:\/\/perfectvenue.es\/es\/tag\/wedding-in-the-mountains\/\" rel=\"tag\">wedding in the mountains<\/a><a href=\"https:\/\/perfectvenue.es\/es\/tag\/%d1%81%d0%b2%d0%b0%d0%b4%d1%8c%d0%b1%d0%b0-%d0%b2-%d0%b3%d0%be%d1%80%d0%b0%d1%85\/\" rel=\"tag\">\u0441\u0432\u0430\u0434\u044c\u0431\u0430 \u0432 \u0433\u043e\u0440\u0430\u0445<\/a><\/span>","protected":false},"excerpt":{"rendered":"<p>Con el aire libre y puro azotando en la cara, entre grandes y altos \u00e1rboles de hojas frondosas y con la puesta de sol entre troncos. \u00bfAcaso no es esta una estampa m\u00e1gica y acogedora? Celebrar tu boda en las monta\u00f1as ofrece un sinf\u00edn de propuestas \u00fanicas y de ensue\u00f1o sea cual sea la \u00e9poca [&hellip;]<\/p>\n","protected":false},"author":1214,"featured_media":23616,"comment_status":"open","ping_status":"open","sticky":false,"template":"","format":"standard","meta":{"footnotes":""},"categories":[176],"tags":[496,1654,497,1653,1657],"class_list":["post-23605","post","type-post","status-publish","format-standard","has-post-thumbnail","hentry","category-wedding","tag-boda-en-espana","tag-boda-en-la-montana","tag-wedding-in-spain","tag-wedding-in-the-mountains","tag-1657"],"_links":{"self":[{"href":"https:\/\/perfectvenue.es\/es\/wp-json\/wp\/v2\/posts\/23605","targetHints":{"allow":["GET"]}}],"collection":[{"href":"https:\/\/perfectvenue.es\/es\/wp-json\/wp\/v2\/posts"}],"about":[{"href":"https:\/\/perfectvenue.es\/es\/wp-json\/wp\/v2\/types\/post"}],"author":[{"embeddable":true,"href":"https:\/\/perfectvenue.es\/es\/wp-json\/wp\/v2\/users\/1214"}],"replies":[{"embeddable":true,"href":"https:\/\/perfectvenue.es\/es\/wp-json\/wp\/v2\/comments?post=23605"}],"version-history":[{"count":0,"href":"https:\/\/perfectvenue.es\/es\/wp-json\/wp\/v2\/posts\/23605\/revisions"}],"wp:featuredmedia":[{"embeddable":true,"href":"https:\/\/perfectvenue.es\/es\/wp-json\/wp\/v2\/media\/23616"}],"wp:attachment":[{"href":"https:\/\/perfectvenue.es\/es\/wp-json\/wp\/v2\/media?parent=23605"}],"wp:term":[{"taxonomy":"category","embeddable":true,"href":"https:\/\/perfectvenue.es\/es\/wp-json\/wp\/v2\/categories?post=23605"},{"taxonomy":"post_tag","embeddable":true,"href":"https:\/\/perfectvenue.es\/es\/wp-json\/wp\/v2\/tags?post=23605"}],"curies":[{"name":"wp","href":"https:\/\/api.w.org\/{rel}","templated":true}]}}