{"id":21633,"date":"2019-05-20T14:53:42","date_gmt":"2019-05-20T11:53:42","guid":{"rendered":"https:\/\/perfectvenue.es\/?p=21633"},"modified":"2019-05-20T15:51:09","modified_gmt":"2019-05-20T12:51:09","slug":"boda-rural-y-campestre-en-soto-de-gracia","status":"publish","type":"post","link":"https:\/\/perfectvenue.es\/es\/2019\/05\/20\/boda-rural-y-campestre-en-soto-de-gracia\/","title":{"rendered":"Boda rural y campestre: una celebraci\u00f3n al aire libre en Soto de Gracia"},"content":{"rendered":"<p><\/p>\n<h2 style=\"text-align: justify\">Boda rural y campestre<\/h2>\n<p style=\"text-align: justify\"><span style=\"font-weight: 400\">\u00bfBuscas un lugar lleno de encanto y a orillas del r\u00edo en el que poder celebrar tu <strong>boda rural<\/strong>\u00a0con un estilo r\u00fastico y campestre? <strong>Soto de Gracia<\/strong> es, sin lugar a dudas, tu lugar. Esta incre\u00edble finca situada en<strong> Valdetorres de Jarama<\/strong>, muy pr\u00f3xima a <strong>Madrid<\/strong>, dispone de una gran variedad de espacios y zonas al aire libre donde poder llevar a cabo una celebraci\u00f3n completamente al gusto de los novios.<\/span><\/p>\n<p style=\"text-align: justify\"><span class=\"alignnone\"><img loading=\"lazy\" decoding=\"async\" class=\"alignnone wp-image-21644 size-full\" src=\"https:\/\/perfectvenue.es\/wp-content\/uploads\/2019\/05\/AyeMattaini-82.jpg\" alt=\"\" width=\"850\" height=\"1275\" srcset=\"https:\/\/perfectvenue.es\/wp-content\/uploads\/2019\/05\/AyeMattaini-82.jpg?v=1626106757 850w, https:\/\/perfectvenue.es\/wp-content\/uploads\/2019\/05\/AyeMattaini-82-200x300.jpg?v=1626106757 200w, https:\/\/perfectvenue.es\/wp-content\/uploads\/2019\/05\/AyeMattaini-82-768x1152.jpg?v=1626106757 768w, https:\/\/perfectvenue.es\/wp-content\/uploads\/2019\/05\/AyeMattaini-82-683x1024.jpg?v=1626106757 683w, https:\/\/perfectvenue.es\/wp-content\/uploads\/2019\/05\/AyeMattaini-82-450x675.jpg?v=1626106757 450w, https:\/\/perfectvenue.es\/wp-content\/uploads\/2019\/05\/AyeMattaini-82-533x800.jpg?v=1626106757 533w, https:\/\/perfectvenue.es\/wp-content\/uploads\/2019\/05\/AyeMattaini-82-600x900.jpg?v=1626106757 600w\" sizes=\"auto, (max-width: 850px) 100vw, 850px\" \/> <img loading=\"lazy\" decoding=\"async\" class=\"alignnone wp-image-21645 size-full\" src=\"https:\/\/perfectvenue.es\/wp-content\/uploads\/2019\/05\/AyeMattaini-148.jpg\" alt=\"\" width=\"850\" height=\"567\" srcset=\"https:\/\/perfectvenue.es\/wp-content\/uploads\/2019\/05\/AyeMattaini-148.jpg?v=1626106756 850w, https:\/\/perfectvenue.es\/wp-content\/uploads\/2019\/05\/AyeMattaini-148-300x200.jpg?v=1626106756 300w, https:\/\/perfectvenue.es\/wp-content\/uploads\/2019\/05\/AyeMattaini-148-768x512.jpg?v=1626106756 768w, https:\/\/perfectvenue.es\/wp-content\/uploads\/2019\/05\/AyeMattaini-148-450x300.jpg?v=1626106756 450w, https:\/\/perfectvenue.es\/wp-content\/uploads\/2019\/05\/AyeMattaini-148-600x400.jpg?v=1626106756 600w\" sizes=\"auto, (max-width: 850px) 100vw, 850px\" \/> <img loading=\"lazy\" decoding=\"async\" class=\"alignnone wp-image-21646 size-full\" src=\"https:\/\/perfectvenue.es\/wp-content\/uploads\/2019\/05\/AyeMattaini-169.jpg\" alt=\"\" width=\"850\" height=\"567\" srcset=\"https:\/\/perfectvenue.es\/wp-content\/uploads\/2019\/05\/AyeMattaini-169.jpg?v=1626106755 850w, https:\/\/perfectvenue.es\/wp-content\/uploads\/2019\/05\/AyeMattaini-169-300x200.jpg?v=1626106755 300w, https:\/\/perfectvenue.es\/wp-content\/uploads\/2019\/05\/AyeMattaini-169-768x512.jpg?v=1626106755 768w, https:\/\/perfectvenue.es\/wp-content\/uploads\/2019\/05\/AyeMattaini-169-450x300.jpg?v=1626106755 450w, https:\/\/perfectvenue.es\/wp-content\/uploads\/2019\/05\/AyeMattaini-169-600x400.jpg?v=1626106755 600w\" sizes=\"auto, (max-width: 850px) 100vw, 850px\" \/><\/span><\/p>\n<h2>Flores \/\/ Vestido de novia \/\/ MUAH<\/h2>\n<p style=\"text-align: justify\"><span style=\"font-weight: 400\">Para la sesi\u00f3n fotogr\u00e1fica que tuvimos el placer de realizar all\u00ed, se eligi\u00f3 un <strong>estilo rom\u00e1ntico<\/strong> y natural donde las flores en tonos verdes y rosas fueron las grandes protagonistas. Para la ceremonia se opt\u00f3 por un espacio dentro de la finca al aire libre decorado con un arco y vegetaci\u00f3n.<\/span><\/p>\n<p style=\"text-align: justify\"><span class=\"alignnone\"><img loading=\"lazy\" decoding=\"async\" class=\"alignnone wp-image-21647 size-full\" src=\"https:\/\/perfectvenue.es\/wp-content\/uploads\/2019\/05\/AyeMattaini-52.jpg\" alt=\"\" width=\"850\" height=\"567\" srcset=\"https:\/\/perfectvenue.es\/wp-content\/uploads\/2019\/05\/AyeMattaini-52.jpg?v=1626106754 850w, https:\/\/perfectvenue.es\/wp-content\/uploads\/2019\/05\/AyeMattaini-52-300x200.jpg?v=1626106754 300w, https:\/\/perfectvenue.es\/wp-content\/uploads\/2019\/05\/AyeMattaini-52-768x512.jpg?v=1626106754 768w, https:\/\/perfectvenue.es\/wp-content\/uploads\/2019\/05\/AyeMattaini-52-450x300.jpg?v=1626106754 450w, https:\/\/perfectvenue.es\/wp-content\/uploads\/2019\/05\/AyeMattaini-52-600x400.jpg?v=1626106754 600w\" sizes=\"auto, (max-width: 850px) 100vw, 850px\" \/> <img loading=\"lazy\" decoding=\"async\" class=\"alignnone wp-image-21648 size-full\" src=\"https:\/\/perfectvenue.es\/wp-content\/uploads\/2019\/05\/AyeMattaini-71.jpg\" alt=\"\" width=\"850\" height=\"567\" srcset=\"https:\/\/perfectvenue.es\/wp-content\/uploads\/2019\/05\/AyeMattaini-71.jpg?v=1626106753 850w, https:\/\/perfectvenue.es\/wp-content\/uploads\/2019\/05\/AyeMattaini-71-300x200.jpg?v=1626106753 300w, https:\/\/perfectvenue.es\/wp-content\/uploads\/2019\/05\/AyeMattaini-71-768x512.jpg?v=1626106753 768w, https:\/\/perfectvenue.es\/wp-content\/uploads\/2019\/05\/AyeMattaini-71-450x300.jpg?v=1626106753 450w, https:\/\/perfectvenue.es\/wp-content\/uploads\/2019\/05\/AyeMattaini-71-600x400.jpg?v=1626106753 600w\" sizes=\"auto, (max-width: 850px) 100vw, 850px\" \/> <img loading=\"lazy\" decoding=\"async\" class=\"alignnone wp-image-21649 size-full\" src=\"https:\/\/perfectvenue.es\/wp-content\/uploads\/2019\/05\/AyeMattaini-173.jpg\" alt=\"\" width=\"850\" height=\"567\" srcset=\"https:\/\/perfectvenue.es\/wp-content\/uploads\/2019\/05\/AyeMattaini-173.jpg?v=1626106752 850w, https:\/\/perfectvenue.es\/wp-content\/uploads\/2019\/05\/AyeMattaini-173-300x200.jpg?v=1626106752 300w, https:\/\/perfectvenue.es\/wp-content\/uploads\/2019\/05\/AyeMattaini-173-768x512.jpg?v=1626106752 768w, https:\/\/perfectvenue.es\/wp-content\/uploads\/2019\/05\/AyeMattaini-173-450x300.jpg?v=1626106752 450w, https:\/\/perfectvenue.es\/wp-content\/uploads\/2019\/05\/AyeMattaini-173-600x400.jpg?v=1626106752 600w\" sizes=\"auto, (max-width: 850px) 100vw, 850px\" \/><\/span><\/p>\n<p style=\"text-align: justify\"><span style=\"font-weight: 400\">La <strong>novia<\/strong> luc\u00eda un precioso y sencillo <strong>vestido<\/strong> de tirantes y encajes de la firma <strong>Cotonnus<\/strong> y un <strong>maquillaje y peinado<\/strong> desenfadado y moderno, trabajo de <strong>Desmark arte beauty<\/strong>, donde los colores tierra predominaron. Mientras que, para el ramo de la novia, se eligieron flores acordes con el resto de la decoraci\u00f3n y muy similares a las utilizadas para la ceremonia.<\/span><\/p>\n<p style=\"text-align: justify\"><span class=\"alignnone\"><img loading=\"lazy\" decoding=\"async\" class=\"alignnone wp-image-21638 size-full\" src=\"https:\/\/perfectvenue.es\/wp-content\/uploads\/2019\/05\/AyeMattaini-17.jpg\" alt=\"\" width=\"850\" height=\"567\" srcset=\"https:\/\/perfectvenue.es\/wp-content\/uploads\/2019\/05\/AyeMattaini-17.jpg?v=1626106762 850w, https:\/\/perfectvenue.es\/wp-content\/uploads\/2019\/05\/AyeMattaini-17-300x200.jpg?v=1626106762 300w, https:\/\/perfectvenue.es\/wp-content\/uploads\/2019\/05\/AyeMattaini-17-768x512.jpg?v=1626106762 768w, https:\/\/perfectvenue.es\/wp-content\/uploads\/2019\/05\/AyeMattaini-17-450x300.jpg?v=1626106762 450w, https:\/\/perfectvenue.es\/wp-content\/uploads\/2019\/05\/AyeMattaini-17-600x400.jpg?v=1626106762 600w\" sizes=\"auto, (max-width: 850px) 100vw, 850px\" \/><\/span><\/p>\n<p style=\"text-align: justify\"><span class=\"alignnone\"><img loading=\"lazy\" decoding=\"async\" class=\"alignnone wp-image-21639 size-full\" style=\"color: inherit;font-family: inherit;font-size: inherit\" src=\"https:\/\/perfectvenue.es\/wp-content\/uploads\/2019\/05\/AyeMattaini-21.jpg\" alt=\"\" width=\"850\" height=\"1275\" srcset=\"https:\/\/perfectvenue.es\/wp-content\/uploads\/2019\/05\/AyeMattaini-21.jpg?v=1626106761 850w, https:\/\/perfectvenue.es\/wp-content\/uploads\/2019\/05\/AyeMattaini-21-200x300.jpg?v=1626106761 200w, https:\/\/perfectvenue.es\/wp-content\/uploads\/2019\/05\/AyeMattaini-21-768x1152.jpg?v=1626106761 768w, https:\/\/perfectvenue.es\/wp-content\/uploads\/2019\/05\/AyeMattaini-21-683x1024.jpg?v=1626106761 683w, https:\/\/perfectvenue.es\/wp-content\/uploads\/2019\/05\/AyeMattaini-21-450x675.jpg?v=1626106761 450w, https:\/\/perfectvenue.es\/wp-content\/uploads\/2019\/05\/AyeMattaini-21-533x800.jpg?v=1626106761 533w, https:\/\/perfectvenue.es\/wp-content\/uploads\/2019\/05\/AyeMattaini-21-600x900.jpg?v=1626106761 600w\" sizes=\"auto, (max-width: 850px) 100vw, 850px\" \/><img loading=\"lazy\" decoding=\"async\" class=\"alignnone wp-image-21640 size-full\" style=\"color: inherit;font-family: inherit;font-size: inherit\" src=\"https:\/\/perfectvenue.es\/wp-content\/uploads\/2019\/05\/AyeMattaini-151.jpg\" alt=\"\" width=\"850\" height=\"567\" srcset=\"https:\/\/perfectvenue.es\/wp-content\/uploads\/2019\/05\/AyeMattaini-151.jpg?v=1626106760 850w, https:\/\/perfectvenue.es\/wp-content\/uploads\/2019\/05\/AyeMattaini-151-300x200.jpg?v=1626106760 300w, https:\/\/perfectvenue.es\/wp-content\/uploads\/2019\/05\/AyeMattaini-151-768x512.jpg?v=1626106760 768w, https:\/\/perfectvenue.es\/wp-content\/uploads\/2019\/05\/AyeMattaini-151-450x300.jpg?v=1626106760 450w, https:\/\/perfectvenue.es\/wp-content\/uploads\/2019\/05\/AyeMattaini-151-600x400.jpg?v=1626106760 600w\" sizes=\"auto, (max-width: 850px) 100vw, 850px\" \/><\/span><\/p>\n<p style=\"text-align: justify\"><span style=\"font-weight: 400\">Por su parte el <strong>novio<\/strong>, opt\u00f3 por un<strong> traje de rayas<\/strong> azul oscuro con chaleco gris y camisa blanca cl\u00e1sica, muy <strong>original<\/strong> y completamente diferente al traje de novio que estamos acostumbrados a ver. Celebrar tu <strong>boda en Madrid<\/strong> y en un lugar como <strong>Soto de Gracia<\/strong>, un espacio lleno de <strong>naturaleza<\/strong> y diferentes espacios donde festejar el enlace, es siempre una opci\u00f3n <strong>perfecta<\/strong>.<\/span><\/p>\n<p style=\"text-align: justify\"><span class=\"alignnone\"><img loading=\"lazy\" decoding=\"async\" class=\"alignnone wp-image-21641 size-full\" src=\"https:\/\/perfectvenue.es\/wp-content\/uploads\/2019\/05\/AyeMattaini-98.jpg\" alt=\"\" width=\"850\" height=\"567\" srcset=\"https:\/\/perfectvenue.es\/wp-content\/uploads\/2019\/05\/AyeMattaini-98.jpg?v=1626106759 850w, https:\/\/perfectvenue.es\/wp-content\/uploads\/2019\/05\/AyeMattaini-98-300x200.jpg?v=1626106759 300w, https:\/\/perfectvenue.es\/wp-content\/uploads\/2019\/05\/AyeMattaini-98-768x512.jpg?v=1626106759 768w, https:\/\/perfectvenue.es\/wp-content\/uploads\/2019\/05\/AyeMattaini-98-450x300.jpg?v=1626106759 450w, https:\/\/perfectvenue.es\/wp-content\/uploads\/2019\/05\/AyeMattaini-98-600x400.jpg?v=1626106759 600w\" sizes=\"auto, (max-width: 850px) 100vw, 850px\" \/> <img loading=\"lazy\" decoding=\"async\" class=\"alignnone wp-image-21642 size-full\" src=\"https:\/\/perfectvenue.es\/wp-content\/uploads\/2019\/05\/AyeMattaini-104.jpg\" alt=\"\" width=\"850\" height=\"1275\" srcset=\"https:\/\/perfectvenue.es\/wp-content\/uploads\/2019\/05\/AyeMattaini-104.jpg?v=1626106758 850w, https:\/\/perfectvenue.es\/wp-content\/uploads\/2019\/05\/AyeMattaini-104-200x300.jpg?v=1626106758 200w, https:\/\/perfectvenue.es\/wp-content\/uploads\/2019\/05\/AyeMattaini-104-768x1152.jpg?v=1626106758 768w, https:\/\/perfectvenue.es\/wp-content\/uploads\/2019\/05\/AyeMattaini-104-683x1024.jpg?v=1626106758 683w, https:\/\/perfectvenue.es\/wp-content\/uploads\/2019\/05\/AyeMattaini-104-450x675.jpg?v=1626106758 450w, https:\/\/perfectvenue.es\/wp-content\/uploads\/2019\/05\/AyeMattaini-104-533x800.jpg?v=1626106758 533w, https:\/\/perfectvenue.es\/wp-content\/uploads\/2019\/05\/AyeMattaini-104-600x900.jpg?v=1626106758 600w\" sizes=\"auto, (max-width: 850px) 100vw, 850px\" \/> <img loading=\"lazy\" decoding=\"async\" class=\"alignnone wp-image-21643 size-full\" src=\"https:\/\/perfectvenue.es\/wp-content\/uploads\/2019\/05\/AyeMattaini-133.jpg\" alt=\"\" width=\"850\" height=\"567\" srcset=\"https:\/\/perfectvenue.es\/wp-content\/uploads\/2019\/05\/AyeMattaini-133.jpg?v=1626106757 850w, https:\/\/perfectvenue.es\/wp-content\/uploads\/2019\/05\/AyeMattaini-133-300x200.jpg?v=1626106757 300w, https:\/\/perfectvenue.es\/wp-content\/uploads\/2019\/05\/AyeMattaini-133-768x512.jpg?v=1626106757 768w, https:\/\/perfectvenue.es\/wp-content\/uploads\/2019\/05\/AyeMattaini-133-450x300.jpg?v=1626106757 450w, https:\/\/perfectvenue.es\/wp-content\/uploads\/2019\/05\/AyeMattaini-133-600x400.jpg?v=1626106757 600w\" sizes=\"auto, (max-width: 850px) 100vw, 850px\" \/><\/span><\/p>\n<hr \/>\n<h3 style=\"text-align: justify\"><b>The wedding team:<\/b><\/h3>\n<p style=\"text-align: justify\"><span style=\"font-weight: 400\">Planning: <a href=\"https:\/\/www.instagram.com\/nataliaortizwed\/\">@nataliaortizwed<\/a> <a href=\"https:\/\/www.instagram.com\/weddinginspain\/\">@weddinginspain\u00a0<\/a><\/span><span style=\"font-weight: 400\">\/\/ Fotograf\u00eda: <a href=\"https:\/\/www.instagram.com\/ayemattainiph\/?hl=es\">@ayemattainiph\u00a0<\/a><\/span><span style=\"font-weight: 400\">\/\/ MUAH: <a href=\"https:\/\/www.instagram.com\/desmark.arte.beauty\/\">@desmark.arte.beauty\u00a0<\/a><\/span><span style=\"font-weight: 400\">\/\/ Deco &amp; flower: <a href=\"https:\/\/www.instagram.com\/celebradiy\/\">@celebradiy\u00a0<\/a><\/span><span style=\"font-weight: 400\">\/\/ Modelos: <a href=\"https:\/\/www.instagram.com\/ralph.talents\/\">@ralph.talents<\/a> <a href=\"https:\/\/www.instagram.com\/alinedelana\/\">@alinedelana<\/a> <a href=\"https:\/\/www.instagram.com\/jaimemedro\/\">@jaimemedro\u00a0<\/a><\/span><span style=\"font-weight: 400\">\/\/ Vestido de novia: <a href=\"https:\/\/www.instagram.com\/cotonnus\/\">@cotonnus\u00a0<\/a><\/span><span style=\"font-weight: 400\">\/\/ Destino: <a href=\"https:\/\/www.instagram.com\/fincasotodegracia\/\">@fincasotodegracia<\/a><\/span><\/p>\n<p><\/p>\n<span class=\"tags-links\"><a href=\"https:\/\/perfectvenue.es\/es\/tag\/boda\/\" rel=\"tag\">boda<\/a><a href=\"https:\/\/perfectvenue.es\/es\/tag\/boda-en-madrid\/\" rel=\"tag\">boda en Madrid<\/a><a href=\"https:\/\/perfectvenue.es\/es\/tag\/boda-rural\/\" rel=\"tag\">boda rural<\/a><a href=\"https:\/\/perfectvenue.es\/es\/tag\/rural-wedding\/\" rel=\"tag\">rural wedding<\/a><a href=\"https:\/\/perfectvenue.es\/es\/tag\/soto-de-gracia\/\" rel=\"tag\">Soto de Gracia<\/a><a href=\"https:\/\/perfectvenue.es\/es\/tag\/wedding-in-madrid\/\" rel=\"tag\">wedding in Madrid<\/a><\/span>","protected":false},"excerpt":{"rendered":"<p>Boda rural y campestre \u00bfBuscas un lugar lleno de encanto y a orillas del r\u00edo en el que poder celebrar tu boda rural\u00a0con un estilo r\u00fastico y campestre? Soto de Gracia es, sin lugar a dudas, tu lugar. Esta incre\u00edble finca situada en Valdetorres de Jarama, muy pr\u00f3xima a Madrid, dispone de una gran variedad [&hellip;]<\/p>\n","protected":false},"author":1214,"featured_media":21829,"comment_status":"open","ping_status":"open","sticky":false,"template":"","format":"standard","meta":{"footnotes":""},"categories":[176],"tags":[389,498,1316,1315,1317,1059],"class_list":["post-21633","post","type-post","status-publish","format-standard","has-post-thumbnail","hentry","category-wedding","tag-boda","tag-boda-en-madrid","tag-boda-rural","tag-rural-wedding","tag-soto-de-gracia","tag-wedding-in-madrid"],"_links":{"self":[{"href":"https:\/\/perfectvenue.es\/es\/wp-json\/wp\/v2\/posts\/21633","targetHints":{"allow":["GET"]}}],"collection":[{"href":"https:\/\/perfectvenue.es\/es\/wp-json\/wp\/v2\/posts"}],"about":[{"href":"https:\/\/perfectvenue.es\/es\/wp-json\/wp\/v2\/types\/post"}],"author":[{"embeddable":true,"href":"https:\/\/perfectvenue.es\/es\/wp-json\/wp\/v2\/users\/1214"}],"replies":[{"embeddable":true,"href":"https:\/\/perfectvenue.es\/es\/wp-json\/wp\/v2\/comments?post=21633"}],"version-history":[{"count":0,"href":"https:\/\/perfectvenue.es\/es\/wp-json\/wp\/v2\/posts\/21633\/revisions"}],"wp:featuredmedia":[{"embeddable":true,"href":"https:\/\/perfectvenue.es\/es\/wp-json\/wp\/v2\/media\/21829"}],"wp:attachment":[{"href":"https:\/\/perfectvenue.es\/es\/wp-json\/wp\/v2\/media?parent=21633"}],"wp:term":[{"taxonomy":"category","embeddable":true,"href":"https:\/\/perfectvenue.es\/es\/wp-json\/wp\/v2\/categories?post=21633"},{"taxonomy":"post_tag","embeddable":true,"href":"https:\/\/perfectvenue.es\/es\/wp-json\/wp\/v2\/tags?post=21633"}],"curies":[{"name":"wp","href":"https:\/\/api.w.org\/{rel}","templated":true}]}}