{"id":21558,"date":"2019-07-01T16:15:30","date_gmt":"2019-07-01T13:15:30","guid":{"rendered":"https:\/\/perfectvenue.es\/?p=21558"},"modified":"2019-07-08T16:15:56","modified_gmt":"2019-07-08T13:15:56","slug":"mallorca-wedding-at-hotel-son-net","status":"publish","type":"post","link":"https:\/\/perfectvenue.es\/es\/2019\/07\/01\/mallorca-wedding-at-hotel-son-net\/","title":{"rendered":"Una rom\u00e1ntica boda en Mallorca con todas las tendencias de 2019 en Hotel Son Net"},"content":{"rendered":"<p><\/p>\n<h2 style=\"text-align: justify;\"><span style=\"font-weight: 400;\">El lugar de la boda en Mallorca<\/span><\/h2>\n<p style=\"text-align: justify;\"><span style=\"font-weight: 400;\">Una<strong> boda<\/strong> es un d\u00eda muy importante y especial para cualquier persona. Elegir el lugar y el vestido adecuado para sentirte como una aut\u00e9ntica princesa en tu gran momento, es muy importante. <a href=\"https:\/\/perfectvenue.es\/2019\/01\/01\/guia-practica-para-casarse-en-mallorca\/\"><strong>Mallorca<\/strong><\/a> es un <strong>lugar m\u00e1gico<\/strong> para <strong>casarse en Espa\u00f1a<\/strong>, cuenta con algunas de las calas y playas m\u00e1s bonitas de la isla y es el escenario perfecto para celebrar una <strong>rom\u00e1ntica boda<\/strong> rodeada de tus seres queridos y amigos m\u00e1s cercanos. A continuaci\u00f3n, te mostraremos una incre\u00edble<strong>\u00a0<\/strong><\/span><span style=\"font-weight: 400;\"><strong>boda<\/strong> <strong>en Mallorca<\/strong><\/span><span style=\"font-weight: 400;\">, que tuvimos la suerte de presenciar en el hotel Son Net.<\/span><\/p>\n<p><span class=\"alignnone\"><img loading=\"lazy\" decoding=\"async\" class=\"alignnone wp-image-20496 size-full\" src=\"https:\/\/perfectvenue.es\/wp-content\/uploads\/2019\/03\/mallorca-wedding-venue-son-net-26.jpg\" alt=\"Wedding Son net Mallorca - Perfect Venue\" width=\"850\" height=\"567\" srcset=\"https:\/\/perfectvenue.es\/wp-content\/uploads\/2019\/03\/mallorca-wedding-venue-son-net-26.jpg?v=1626107544 850w, https:\/\/perfectvenue.es\/wp-content\/uploads\/2019\/03\/mallorca-wedding-venue-son-net-26-300x200.jpg?v=1626107544 300w, https:\/\/perfectvenue.es\/wp-content\/uploads\/2019\/03\/mallorca-wedding-venue-son-net-26-768x512.jpg?v=1626107544 768w, https:\/\/perfectvenue.es\/wp-content\/uploads\/2019\/03\/mallorca-wedding-venue-son-net-26-450x300.jpg?v=1626107544 450w, https:\/\/perfectvenue.es\/wp-content\/uploads\/2019\/03\/mallorca-wedding-venue-son-net-26-600x400.jpg?v=1626107544 600w\" sizes=\"auto, (max-width: 850px) 100vw, 850px\" \/><\/span><\/p>\n<p><span class=\"alignnone\"><img loading=\"lazy\" decoding=\"async\" class=\"alignnone wp-image-20500 size-full\" src=\"https:\/\/perfectvenue.es\/wp-content\/uploads\/2019\/03\/mallorca-wedding-venue-son-net-30.jpg\" alt=\"Wedding Son net Mallorca - Perfect Venue\" width=\"850\" height=\"1275\" srcset=\"https:\/\/perfectvenue.es\/wp-content\/uploads\/2019\/03\/mallorca-wedding-venue-son-net-30.jpg?v=1626107541 850w, https:\/\/perfectvenue.es\/wp-content\/uploads\/2019\/03\/mallorca-wedding-venue-son-net-30-200x300.jpg?v=1626107541 200w, https:\/\/perfectvenue.es\/wp-content\/uploads\/2019\/03\/mallorca-wedding-venue-son-net-30-768x1152.jpg?v=1626107541 768w, https:\/\/perfectvenue.es\/wp-content\/uploads\/2019\/03\/mallorca-wedding-venue-son-net-30-683x1024.jpg?v=1626107541 683w, https:\/\/perfectvenue.es\/wp-content\/uploads\/2019\/03\/mallorca-wedding-venue-son-net-30-450x675.jpg?v=1626107541 450w, https:\/\/perfectvenue.es\/wp-content\/uploads\/2019\/03\/mallorca-wedding-venue-son-net-30-533x800.jpg?v=1626107541 533w, https:\/\/perfectvenue.es\/wp-content\/uploads\/2019\/03\/mallorca-wedding-venue-son-net-30-600x900.jpg?v=1626107541 600w\" sizes=\"auto, (max-width: 850px) 100vw, 850px\" \/><\/span><\/p>\n<h2 style=\"text-align: justify;\"><span style=\"font-weight: 400;\">Flores \/\/ Vestido de novia \/\/ MUAH<\/span><\/h2>\n<p style=\"text-align: justify;\"><span style=\"font-weight: 400;\">Para esta ocasi\u00f3n, se opt\u00f3 por un estilo de <strong>boda<\/strong> de inspiraci\u00f3n <strong>cl\u00e1sica<\/strong> con una <strong>decoraci\u00f3n muy elegante<\/strong>, y detalles y flores en tonos oto\u00f1ales. La novia llevaba un precioso vestido de la tienda <strong>Nuestras Novias<\/strong> de color blanco, tirantes y con un bonito escote con encajes. Para el <strong>maquillaje<\/strong> se eligieron colores tierra muy naturales, trabajo de <strong>MUAH<\/strong>, acordes con la atm\u00f3sfera rom\u00e1ntica del espacio, el <a href=\"https:\/\/perfectvenue.es\/listings\/gran-hotel-son-net\/\"><strong>Hotel Son Net<\/strong><\/a>. En cuanto a la flores, de las cuales se encarg\u00f3 <strong>Tallo Florista<\/strong>, se eligieron en tonos blanco y verdes.<\/span><\/p>\n<p style=\"text-align: justify;\"><span class=\"alignnone\"><img loading=\"lazy\" decoding=\"async\" class=\"alignnone wp-image-20512 size-full\" style=\"color: inherit; font-family: inherit; font-size: inherit;\" src=\"https:\/\/perfectvenue.es\/wp-content\/uploads\/2019\/03\/mallorca-wedding-venue-son-net-42.jpg\" alt=\"Wedding Son net Mallorca - Perfect Venue\" width=\"850\" height=\"1275\" srcset=\"https:\/\/perfectvenue.es\/wp-content\/uploads\/2019\/03\/mallorca-wedding-venue-son-net-42.jpg?v=1626107531 850w, https:\/\/perfectvenue.es\/wp-content\/uploads\/2019\/03\/mallorca-wedding-venue-son-net-42-200x300.jpg?v=1626107531 200w, https:\/\/perfectvenue.es\/wp-content\/uploads\/2019\/03\/mallorca-wedding-venue-son-net-42-768x1152.jpg?v=1626107531 768w, https:\/\/perfectvenue.es\/wp-content\/uploads\/2019\/03\/mallorca-wedding-venue-son-net-42-683x1024.jpg?v=1626107531 683w, https:\/\/perfectvenue.es\/wp-content\/uploads\/2019\/03\/mallorca-wedding-venue-son-net-42-450x675.jpg?v=1626107531 450w, https:\/\/perfectvenue.es\/wp-content\/uploads\/2019\/03\/mallorca-wedding-venue-son-net-42-533x800.jpg?v=1626107531 533w, https:\/\/perfectvenue.es\/wp-content\/uploads\/2019\/03\/mallorca-wedding-venue-son-net-42-600x900.jpg?v=1626107531 600w\" sizes=\"auto, (max-width: 850px) 100vw, 850px\" \/><\/span><\/p>\n<p><span class=\"alignnone\"><img loading=\"lazy\" decoding=\"async\" class=\"alignnone wp-image-20540 size-full\" style=\"color: inherit; font-family: inherit; font-size: inherit;\" src=\"https:\/\/perfectvenue.es\/wp-content\/uploads\/2019\/03\/mallorca-wedding-venue-son-net-70.jpg\" alt=\"Wedding Son net Mallorca - Perfect Venue\" width=\"850\" height=\"1275\" srcset=\"https:\/\/perfectvenue.es\/wp-content\/uploads\/2019\/03\/mallorca-wedding-venue-son-net-70.jpg?v=1626107501 850w, https:\/\/perfectvenue.es\/wp-content\/uploads\/2019\/03\/mallorca-wedding-venue-son-net-70-200x300.jpg?v=1626107501 200w, https:\/\/perfectvenue.es\/wp-content\/uploads\/2019\/03\/mallorca-wedding-venue-son-net-70-768x1152.jpg?v=1626107501 768w, https:\/\/perfectvenue.es\/wp-content\/uploads\/2019\/03\/mallorca-wedding-venue-son-net-70-683x1024.jpg?v=1626107501 683w, https:\/\/perfectvenue.es\/wp-content\/uploads\/2019\/03\/mallorca-wedding-venue-son-net-70-450x675.jpg?v=1626107501 450w, https:\/\/perfectvenue.es\/wp-content\/uploads\/2019\/03\/mallorca-wedding-venue-son-net-70-533x800.jpg?v=1626107501 533w, https:\/\/perfectvenue.es\/wp-content\/uploads\/2019\/03\/mallorca-wedding-venue-son-net-70-600x900.jpg?v=1626107501 600w\" sizes=\"auto, (max-width: 850px) 100vw, 850px\" \/><\/span><\/p>\n<p><span class=\"alignnone\"><img loading=\"lazy\" decoding=\"async\" class=\"alignnone wp-image-20517 size-full\" src=\"https:\/\/perfectvenue.es\/wp-content\/uploads\/2019\/03\/mallorca-wedding-venue-son-net-47.jpg\" alt=\"Wedding Son net Mallorca - Perfect Venue\" width=\"850\" height=\"1275\" srcset=\"https:\/\/perfectvenue.es\/wp-content\/uploads\/2019\/03\/mallorca-wedding-venue-son-net-47.jpg?v=1626107525 850w, https:\/\/perfectvenue.es\/wp-content\/uploads\/2019\/03\/mallorca-wedding-venue-son-net-47-200x300.jpg?v=1626107525 200w, https:\/\/perfectvenue.es\/wp-content\/uploads\/2019\/03\/mallorca-wedding-venue-son-net-47-768x1152.jpg?v=1626107525 768w, https:\/\/perfectvenue.es\/wp-content\/uploads\/2019\/03\/mallorca-wedding-venue-son-net-47-683x1024.jpg?v=1626107525 683w, https:\/\/perfectvenue.es\/wp-content\/uploads\/2019\/03\/mallorca-wedding-venue-son-net-47-450x675.jpg?v=1626107525 450w, https:\/\/perfectvenue.es\/wp-content\/uploads\/2019\/03\/mallorca-wedding-venue-son-net-47-533x800.jpg?v=1626107525 533w, https:\/\/perfectvenue.es\/wp-content\/uploads\/2019\/03\/mallorca-wedding-venue-son-net-47-600x900.jpg?v=1626107525 600w\" sizes=\"auto, (max-width: 850px) 100vw, 850px\" \/><\/span><\/p>\n<p style=\"text-align: justify;\"><span style=\"font-weight: 400;\">Por su parte, el novio se decant\u00f3 por un traje negro, camisa blanca y un ramillete para el bolsillo derecho de la chaqueta, que le daba un toque original y diferente al look.<\/span><\/p>\n<p><span class=\"alignnone\"><img loading=\"lazy\" decoding=\"async\" class=\"alignnone wp-image-20528 size-full\" src=\"https:\/\/perfectvenue.es\/wp-content\/uploads\/2019\/03\/mallorca-wedding-venue-son-net-58.jpg\" alt=\"Perfect wedding Mallorca Hotel son Net - Perfect Venue\" width=\"850\" height=\"1275\" srcset=\"https:\/\/perfectvenue.es\/wp-content\/uploads\/2019\/03\/mallorca-wedding-venue-son-net-58.jpg?v=1626107516 850w, https:\/\/perfectvenue.es\/wp-content\/uploads\/2019\/03\/mallorca-wedding-venue-son-net-58-200x300.jpg?v=1626107516 200w, https:\/\/perfectvenue.es\/wp-content\/uploads\/2019\/03\/mallorca-wedding-venue-son-net-58-768x1152.jpg?v=1626107516 768w, https:\/\/perfectvenue.es\/wp-content\/uploads\/2019\/03\/mallorca-wedding-venue-son-net-58-683x1024.jpg?v=1626107516 683w, https:\/\/perfectvenue.es\/wp-content\/uploads\/2019\/03\/mallorca-wedding-venue-son-net-58-450x675.jpg?v=1626107516 450w, https:\/\/perfectvenue.es\/wp-content\/uploads\/2019\/03\/mallorca-wedding-venue-son-net-58-533x800.jpg?v=1626107516 533w, https:\/\/perfectvenue.es\/wp-content\/uploads\/2019\/03\/mallorca-wedding-venue-son-net-58-600x900.jpg?v=1626107516 600w\" sizes=\"auto, (max-width: 850px) 100vw, 850px\" \/><\/span><\/p>\n<p><span class=\"alignnone\"><img loading=\"lazy\" decoding=\"async\" class=\"alignnone wp-image-20526 size-full\" src=\"https:\/\/perfectvenue.es\/wp-content\/uploads\/2019\/03\/mallorca-wedding-venue-son-net-56.jpg\" alt=\"Perfect wedding Mallorca Hotel son Net - Perfect Venue\" width=\"850\" height=\"567\" srcset=\"https:\/\/perfectvenue.es\/wp-content\/uploads\/2019\/03\/mallorca-wedding-venue-son-net-56.jpg?v=1626107517 850w, https:\/\/perfectvenue.es\/wp-content\/uploads\/2019\/03\/mallorca-wedding-venue-son-net-56-300x200.jpg?v=1626107517 300w, https:\/\/perfectvenue.es\/wp-content\/uploads\/2019\/03\/mallorca-wedding-venue-son-net-56-768x512.jpg?v=1626107517 768w, https:\/\/perfectvenue.es\/wp-content\/uploads\/2019\/03\/mallorca-wedding-venue-son-net-56-450x300.jpg?v=1626107517 450w, https:\/\/perfectvenue.es\/wp-content\/uploads\/2019\/03\/mallorca-wedding-venue-son-net-56-600x400.jpg?v=1626107517 600w\" sizes=\"auto, (max-width: 850px) 100vw, 850px\" \/><\/span><\/p>\n<p><span class=\"alignnone\"><img loading=\"lazy\" decoding=\"async\" class=\"alignnone wp-image-20538 size-full\" src=\"https:\/\/perfectvenue.es\/wp-content\/uploads\/2019\/03\/mallorca-wedding-venue-son-net-68.jpg\" alt=\"Perfect wedding Mallorca Hotel son Net - Perfect Venue\" width=\"850\" height=\"567\" srcset=\"https:\/\/perfectvenue.es\/wp-content\/uploads\/2019\/03\/mallorca-wedding-venue-son-net-68.jpg?v=1626107503 850w, https:\/\/perfectvenue.es\/wp-content\/uploads\/2019\/03\/mallorca-wedding-venue-son-net-68-300x200.jpg?v=1626107503 300w, https:\/\/perfectvenue.es\/wp-content\/uploads\/2019\/03\/mallorca-wedding-venue-son-net-68-768x512.jpg?v=1626107503 768w, https:\/\/perfectvenue.es\/wp-content\/uploads\/2019\/03\/mallorca-wedding-venue-son-net-68-450x300.jpg?v=1626107503 450w, https:\/\/perfectvenue.es\/wp-content\/uploads\/2019\/03\/mallorca-wedding-venue-son-net-68-600x400.jpg?v=1626107503 600w\" sizes=\"auto, (max-width: 850px) 100vw, 850px\" \/><\/span><\/p>\n<p style=\"text-align: justify;\"><span style=\"font-weight: 400;\">En cuanto al espacio, la sesi\u00f3n tuvo lugar en este <strong>fant\u00e1stico Hotel<\/strong> para una<\/span><span style=\"font-weight: 400;\"> boda en \u00a0Mallorca<\/span><span style=\"font-weight: 400;\">, <\/span><span style=\"font-weight: 400;\">una apuesta segura para el \u00e9xito de vuestra celebraci\u00f3n. Sus instalaciones completamente reformadas y adaptadas para eventos son perfectas para celebrar aqu\u00ed vuestro gran d\u00eda. <\/span><\/p>\n<p><span class=\"alignnone\"><img loading=\"lazy\" decoding=\"async\" class=\"alignnone wp-image-20532 size-full\" src=\"https:\/\/perfectvenue.es\/wp-content\/uploads\/2019\/03\/mallorca-wedding-venue-son-net-62.jpg\" alt=\"Perfect wedding Mallorca Hotel son Net - Perfect Venue\" width=\"850\" height=\"567\" srcset=\"https:\/\/perfectvenue.es\/wp-content\/uploads\/2019\/03\/mallorca-wedding-venue-son-net-62.jpg?v=1626107512 850w, https:\/\/perfectvenue.es\/wp-content\/uploads\/2019\/03\/mallorca-wedding-venue-son-net-62-300x200.jpg?v=1626107512 300w, https:\/\/perfectvenue.es\/wp-content\/uploads\/2019\/03\/mallorca-wedding-venue-son-net-62-768x512.jpg?v=1626107512 768w, https:\/\/perfectvenue.es\/wp-content\/uploads\/2019\/03\/mallorca-wedding-venue-son-net-62-450x300.jpg?v=1626107512 450w, https:\/\/perfectvenue.es\/wp-content\/uploads\/2019\/03\/mallorca-wedding-venue-son-net-62-600x400.jpg?v=1626107512 600w\" sizes=\"auto, (max-width: 850px) 100vw, 850px\" \/><\/span><\/p>\n<p><span class=\"alignnone\"><img loading=\"lazy\" decoding=\"async\" class=\"alignnone wp-image-20553 size-full\" src=\"https:\/\/perfectvenue.es\/wp-content\/uploads\/2019\/03\/mallorca-wedding-venue-son-net-83.jpg\" alt=\"Perfect wedding Mallorca Hotel son Net - Perfect Venue\" width=\"850\" height=\"567\" srcset=\"https:\/\/perfectvenue.es\/wp-content\/uploads\/2019\/03\/mallorca-wedding-venue-son-net-83.jpg?v=1626107484 850w, https:\/\/perfectvenue.es\/wp-content\/uploads\/2019\/03\/mallorca-wedding-venue-son-net-83-300x200.jpg?v=1626107484 300w, https:\/\/perfectvenue.es\/wp-content\/uploads\/2019\/03\/mallorca-wedding-venue-son-net-83-768x512.jpg?v=1626107484 768w, https:\/\/perfectvenue.es\/wp-content\/uploads\/2019\/03\/mallorca-wedding-venue-son-net-83-450x300.jpg?v=1626107484 450w, https:\/\/perfectvenue.es\/wp-content\/uploads\/2019\/03\/mallorca-wedding-venue-son-net-83-600x400.jpg?v=1626107484 600w\" sizes=\"auto, (max-width: 850px) 100vw, 850px\" \/> <img loading=\"lazy\" decoding=\"async\" class=\"alignnone wp-image-20559 size-full\" src=\"https:\/\/perfectvenue.es\/wp-content\/uploads\/2019\/03\/mallorca-wedding-venue-son-net-89.jpg\" alt=\"Perfect wedding Mallorca Hotel son Net - Perfect Venue\" width=\"850\" height=\"567\" srcset=\"https:\/\/perfectvenue.es\/wp-content\/uploads\/2019\/03\/mallorca-wedding-venue-son-net-89.jpg?v=1626107468 850w, https:\/\/perfectvenue.es\/wp-content\/uploads\/2019\/03\/mallorca-wedding-venue-son-net-89-300x200.jpg?v=1626107468 300w, https:\/\/perfectvenue.es\/wp-content\/uploads\/2019\/03\/mallorca-wedding-venue-son-net-89-768x512.jpg?v=1626107468 768w, https:\/\/perfectvenue.es\/wp-content\/uploads\/2019\/03\/mallorca-wedding-venue-son-net-89-450x300.jpg?v=1626107468 450w, https:\/\/perfectvenue.es\/wp-content\/uploads\/2019\/03\/mallorca-wedding-venue-son-net-89-600x400.jpg?v=1626107468 600w\" sizes=\"auto, (max-width: 850px) 100vw, 850px\" \/><\/span><\/p>\n<p style=\"text-align: justify;\"><span style=\"font-weight: 400;\">El complejo conserva parte de su <strong>arquitectura original<\/strong> con muros de piedra y vigas r\u00fasticas, aportando un toque campestre a la ceremonia. Adem\u00e1s, <strong>Son Net<\/strong> goza de una situaci\u00f3n privilegiada gracias a su incre\u00edble clima mediterr\u00e1neo y sus <strong>espectaculares vistas<\/strong> sobre la naturaleza. \u00a1Casarse en este fant\u00e1stico lugar es como un sue\u00f1o hecho realidad!<\/span><\/p>\n<hr \/>\n<h3>The wedding team:<\/h3>\n<p><span style=\"font-weight: 400;\">Fotograf\u00eda: <a href=\"https:\/\/www.instagram.com\/meltem.salb\/?hl=es\">@meltem.salb <\/a>\/\/\u00a0Wedding Planner: <a href=\"https:\/\/www.instagram.com\/nataliaortizwed\/\">@nataliaortizwed<\/a>\u00a0\/\/\u00a0<\/span><span style=\"font-weight: 400;\">Flores: <a href=\"https:\/\/www.instagram.com\/tallofloristas_\/\">@tallofloristas_ \u00a0<\/a>\/\/\u00a0<\/span><span style=\"font-weight: 400;\">MUAH: <a href=\"https:\/\/www.instagram.com\/vannesamakeup\/\">@vannesamakeup\u00a0<\/a><\/span><span style=\"font-weight: 400;\">\/\/\u00a0<\/span><span style=\"font-weight: 400;\">Vestido: <a href=\"https:\/\/www.instagram.com\/nuestrasnovias\/\">@nuestrasnovias\u00a0<\/a>\/\/ Lugar de boda<\/span><span style=\"font-weight: 400;\">: <a href=\"https:\/\/perfectvenue.es\/listings\/gran-hotel-son-net\/\">Gran Hotel\u00a0<\/a><a href=\"https:\/\/perfectvenue.es\/listings\/gran-hotel-son-net\/\">Son Net<\/a><\/span><\/p>\n<span class=\"tags-links\"><a href=\"https:\/\/perfectvenue.es\/es\/tag\/boda\/\" rel=\"tag\">boda<\/a><a href=\"https:\/\/perfectvenue.es\/es\/tag\/boda-en-espana\/\" rel=\"tag\">boda en espa\u00f1a<\/a><a href=\"https:\/\/perfectvenue.es\/es\/tag\/boda-en-mallorca\/\" rel=\"tag\">boda en Mallorca<\/a><a href=\"https:\/\/perfectvenue.es\/es\/tag\/bodas-unicas\/\" rel=\"tag\">bodas \u00fanicas<\/a><a href=\"https:\/\/perfectvenue.es\/es\/tag\/hotel-son-net\/\" rel=\"tag\">Hotel Son Net<\/a><a href=\"https:\/\/perfectvenue.es\/es\/tag\/mallorca\/\" rel=\"tag\">Mallorca<\/a><a href=\"https:\/\/perfectvenue.es\/es\/tag\/mallorca-wedding\/\" rel=\"tag\">Mallorca wedding<\/a><a href=\"https:\/\/perfectvenue.es\/es\/tag\/tendencias-2019\/\" rel=\"tag\">Tendencias 2019<\/a><\/span>","protected":false},"excerpt":{"rendered":"<p>El lugar de la boda en Mallorca Una boda es un d\u00eda muy importante y especial para cualquier persona. Elegir el lugar y el vestido adecuado para sentirte como una aut\u00e9ntica princesa en tu gran momento, es muy importante. Mallorca es un lugar m\u00e1gico para casarse en Espa\u00f1a, cuenta con algunas de las calas y [&hellip;]<\/p>\n","protected":false},"author":1214,"featured_media":21591,"comment_status":"open","ping_status":"open","sticky":false,"template":"","format":"standard","meta":{"footnotes":""},"categories":[176],"tags":[389,496,910,725,1293,1291,1195,1292],"class_list":["post-21558","post","type-post","status-publish","format-standard","has-post-thumbnail","hentry","category-wedding","tag-boda","tag-boda-en-espana","tag-boda-en-mallorca","tag-bodas-unicas","tag-hotel-son-net","tag-mallorca","tag-mallorca-wedding","tag-tendencias-2019"],"_links":{"self":[{"href":"https:\/\/perfectvenue.es\/es\/wp-json\/wp\/v2\/posts\/21558","targetHints":{"allow":["GET"]}}],"collection":[{"href":"https:\/\/perfectvenue.es\/es\/wp-json\/wp\/v2\/posts"}],"about":[{"href":"https:\/\/perfectvenue.es\/es\/wp-json\/wp\/v2\/types\/post"}],"author":[{"embeddable":true,"href":"https:\/\/perfectvenue.es\/es\/wp-json\/wp\/v2\/users\/1214"}],"replies":[{"embeddable":true,"href":"https:\/\/perfectvenue.es\/es\/wp-json\/wp\/v2\/comments?post=21558"}],"version-history":[{"count":0,"href":"https:\/\/perfectvenue.es\/es\/wp-json\/wp\/v2\/posts\/21558\/revisions"}],"wp:featuredmedia":[{"embeddable":true,"href":"https:\/\/perfectvenue.es\/es\/wp-json\/wp\/v2\/media\/21591"}],"wp:attachment":[{"href":"https:\/\/perfectvenue.es\/es\/wp-json\/wp\/v2\/media?parent=21558"}],"wp:term":[{"taxonomy":"category","embeddable":true,"href":"https:\/\/perfectvenue.es\/es\/wp-json\/wp\/v2\/categories?post=21558"},{"taxonomy":"post_tag","embeddable":true,"href":"https:\/\/perfectvenue.es\/es\/wp-json\/wp\/v2\/tags?post=21558"}],"curies":[{"name":"wp","href":"https:\/\/api.w.org\/{rel}","templated":true}]}}